{"id":898,"date":"2021-06-01T16:56:00","date_gmt":"2021-06-01T14:56:00","guid":{"rendered":"https:\/\/elles129186.webdb78.lwspanel.com\/?p=898"},"modified":"2024-10-16T16:57:48","modified_gmt":"2024-10-16T14:57:48","slug":"parite-hommes-femmes-la-repartition-du-pouvoir-est-elle-egalitaire-dans-les-conseils-generaux","status":"publish","type":"post","link":"https:\/\/www.ellesaussi.org\/?p=898","title":{"rendered":"Parit\u00e9 hommes femmes, la r\u00e9partition du pouvoir est-elle \u00e9galitaire dans les conseils g\u00e9n\u00e9raux ?"},"content":{"rendered":"\t\t<div data-elementor-type=\"wp-post\" data-elementor-id=\"898\" class=\"elementor elementor-898\" data-elementor-post-type=\"post\">\n\t\t\t\t<div class=\"elementor-element elementor-element-97c810f e-flex e-con-boxed e-con e-parent\" data-id=\"97c810f\" data-element_type=\"container\">\n\t\t\t\t\t<div class=\"e-con-inner\">\n\t\t\t\t<div class=\"elementor-element elementor-element-774a0e8 elementor-widget elementor-widget-text-editor\" data-id=\"774a0e8\" data-element_type=\"widget\" data-widget_type=\"text-editor.default\">\n\t\t\t\t<div class=\"elementor-widget-container\">\n\t\t\t\t\t\t\t<p>un reportage de France 3 Alsace sur les changements occasionn\u00e9s par l&rsquo;arriv\u00e9e des bin\u00f4mes paritaires en 2015 dans les conseils d\u00e9partements d&rsquo;Alsace, devenus collectivit\u00e9 europ\u00e9enne d&rsquo;Alsace en janvier 2021.<\/p>\t\t\t\t\t\t<\/div>\n\t\t\t\t<\/div>\n\t\t\t\t\t<\/div>\n\t\t\t\t<\/div>\n\t\t<div class=\"elementor-element elementor-element-25c3cc7 e-flex e-con-boxed e-con e-parent\" data-id=\"25c3cc7\" data-element_type=\"container\">\n\t\t\t\t\t<div class=\"e-con-inner\">\n\t\t\t\t<div class=\"elementor-element elementor-element-8281679 elementor-widget elementor-widget-video\" data-id=\"8281679\" data-element_type=\"widget\" data-settings=\"{&quot;youtube_url&quot;:&quot;https:\\\/\\\/youtu.be\\\/I6TBuqYD-74?si=6e_7MKhZn_UJyYGA&quot;,&quot;video_type&quot;:&quot;youtube&quot;,&quot;controls&quot;:&quot;yes&quot;}\" data-widget_type=\"video.default\">\n\t\t\t\t<div class=\"elementor-widget-container\">\n\t\t\t\t\t<div class=\"elementor-wrapper elementor-open-inline\">\n\t\t\t<div class=\"elementor-video\"><\/div>\t\t<\/div>\n\t\t\t\t<\/div>\n\t\t\t\t<\/div>\n\t\t\t\t\t<\/div>\n\t\t\t\t<\/div>\n\t\t\t\t<\/div>\n\t\t","protected":false},"excerpt":{"rendered":"<p>un reportage de France 3 Alsace sur les changements occasionn\u00e9s par l&rsquo;arriv\u00e9e des bin\u00f4mes paritaires en 2015 dans les conseils d\u00e9partements d&rsquo;Alsace, devenus collectivit\u00e9 europ\u00e9enne d&rsquo;Alsace en janvier 2021. https:\/\/youtu.be\/I6TBuqYD-74?si=6e_7MKhZn_UJyYGA<\/p>\n","protected":false},"author":1,"featured_media":899,"comment_status":"closed","ping_status":"closed","sticky":false,"template":"","format":"standard","meta":{"footnotes":""},"categories":[35],"tags":[],"class_list":["post-898","post","type-post","status-publish","format-standard","has-post-thumbnail","hentry","category-elections-departementales-et-regionales-de-2021"],"yoast_head":"<!-- This site is optimized with the Yoast SEO plugin v22.8 - https:\/\/yoast.com\/wordpress\/plugins\/seo\/ -->\n<title>Parit\u00e9 hommes femmes, la r\u00e9partition du pouvoir est-elle \u00e9galitaire dans les conseils g\u00e9n\u00e9raux ? - Elles Aussi<\/title>\n<meta name=\"robots\" content=\"index, follow, max-snippet:-1, max-image-preview:large, max-video-preview:-1\" \/>\n<link rel=\"canonical\" href=\"https:\/\/www.ellesaussi.org\/?p=898\" \/>\n<meta property=\"og:locale\" content=\"fr_FR\" \/>\n<meta property=\"og:type\" content=\"article\" \/>\n<meta property=\"og:title\" content=\"Parit\u00e9 hommes femmes, la r\u00e9partition du pouvoir est-elle \u00e9galitaire dans les conseils g\u00e9n\u00e9raux ? - Elles Aussi\" \/>\n<meta property=\"og:description\" content=\"un reportage de France 3 Alsace sur les changements occasionn\u00e9s par l&rsquo;arriv\u00e9e des bin\u00f4mes paritaires en 2015 dans les conseils d\u00e9partements d&rsquo;Alsace, devenus collectivit\u00e9 europ\u00e9enne d&rsquo;Alsace en janvier 2021. https:\/\/youtu.be\/I6TBuqYD-74?si=6e_7MKhZn_UJyYGA\" \/>\n<meta property=\"og:url\" content=\"https:\/\/www.ellesaussi.org\/?p=898\" \/>\n<meta property=\"og:site_name\" content=\"Elles Aussi\" \/>\n<meta property=\"article:publisher\" content=\"https:\/\/www.facebook.com\/ellesaussi\/\" \/>\n<meta property=\"article:published_time\" content=\"2021-06-01T14:56:00+00:00\" \/>\n<meta property=\"article:modified_time\" content=\"2024-10-16T14:57:48+00:00\" \/>\n<meta property=\"og:image\" content=\"https:\/\/www.ellesaussi.org\/wp-content\/uploads\/2024\/10\/2024-10-16-165544.jpg\" \/>\n\t<meta property=\"og:image:width\" content=\"500\" \/>\n\t<meta property=\"og:image:height\" content=\"280\" \/>\n\t<meta property=\"og:image:type\" content=\"image\/jpeg\" \/>\n<meta name=\"author\" content=\"admin\" \/>\n<meta name=\"twitter:card\" content=\"summary_large_image\" \/>\n<meta name=\"twitter:label1\" content=\"\u00c9crit par\" \/>\n\t<meta name=\"twitter:data1\" content=\"admin\" \/>\n\t<meta name=\"twitter:label2\" content=\"Dur\u00e9e de lecture estim\u00e9e\" \/>\n\t<meta name=\"twitter:data2\" content=\"1 minute\" \/>\n<script type=\"application\/ld+json\" class=\"yoast-schema-graph\">{\"@context\":\"https:\/\/schema.org\",\"@graph\":[{\"@type\":\"Article\",\"@id\":\"https:\/\/www.ellesaussi.org\/?p=898#article\",\"isPartOf\":{\"@id\":\"https:\/\/www.ellesaussi.org\/?p=898\"},\"author\":{\"name\":\"admin\",\"@id\":\"https:\/\/www.ellesaussi.org\/#\/schema\/person\/eeca4be50db30b5dbb39f78fc3364160\"},\"headline\":\"Parit\u00e9 hommes femmes, la r\u00e9partition du pouvoir est-elle \u00e9galitaire dans les conseils g\u00e9n\u00e9raux ?\",\"datePublished\":\"2021-06-01T14:56:00+00:00\",\"dateModified\":\"2024-10-16T14:57:48+00:00\",\"mainEntityOfPage\":{\"@id\":\"https:\/\/www.ellesaussi.org\/?p=898\"},\"wordCount\":59,\"publisher\":{\"@id\":\"https:\/\/www.ellesaussi.org\/#organization\"},\"image\":{\"@id\":\"https:\/\/www.ellesaussi.org\/?p=898#primaryimage\"},\"thumbnailUrl\":\"https:\/\/www.ellesaussi.org\/wp-content\/uploads\/2024\/10\/2024-10-16-165544.jpg\",\"articleSection\":[\"Elections d\u00e9partementales et r\u00e9gionales de 2021\"],\"inLanguage\":\"fr-FR\"},{\"@type\":\"WebPage\",\"@id\":\"https:\/\/www.ellesaussi.org\/?p=898\",\"url\":\"https:\/\/www.ellesaussi.org\/?p=898\",\"name\":\"Parit\u00e9 hommes femmes, la r\u00e9partition du pouvoir est-elle \u00e9galitaire dans les conseils g\u00e9n\u00e9raux ? - Elles Aussi\",\"isPartOf\":{\"@id\":\"https:\/\/www.ellesaussi.org\/#website\"},\"primaryImageOfPage\":{\"@id\":\"https:\/\/www.ellesaussi.org\/?p=898#primaryimage\"},\"image\":{\"@id\":\"https:\/\/www.ellesaussi.org\/?p=898#primaryimage\"},\"thumbnailUrl\":\"https:\/\/www.ellesaussi.org\/wp-content\/uploads\/2024\/10\/2024-10-16-165544.jpg\",\"datePublished\":\"2021-06-01T14:56:00+00:00\",\"dateModified\":\"2024-10-16T14:57:48+00:00\",\"breadcrumb\":{\"@id\":\"https:\/\/www.ellesaussi.org\/?p=898#breadcrumb\"},\"inLanguage\":\"fr-FR\",\"potentialAction\":[{\"@type\":\"ReadAction\",\"target\":[\"https:\/\/www.ellesaussi.org\/?p=898\"]}]},{\"@type\":\"ImageObject\",\"inLanguage\":\"fr-FR\",\"@id\":\"https:\/\/www.ellesaussi.org\/?p=898#primaryimage\",\"url\":\"https:\/\/www.ellesaussi.org\/wp-content\/uploads\/2024\/10\/2024-10-16-165544.jpg\",\"contentUrl\":\"https:\/\/www.ellesaussi.org\/wp-content\/uploads\/2024\/10\/2024-10-16-165544.jpg\",\"width\":500,\"height\":280},{\"@type\":\"BreadcrumbList\",\"@id\":\"https:\/\/www.ellesaussi.org\/?p=898#breadcrumb\",\"itemListElement\":[{\"@type\":\"ListItem\",\"position\":1,\"name\":\"Accueil\",\"item\":\"https:\/\/www.ellesaussi.org\/\"},{\"@type\":\"ListItem\",\"position\":2,\"name\":\"Parit\u00e9 hommes femmes, la r\u00e9partition du pouvoir est-elle \u00e9galitaire dans les conseils g\u00e9n\u00e9raux ?\"}]},{\"@type\":\"WebSite\",\"@id\":\"https:\/\/www.ellesaussi.org\/#website\",\"url\":\"https:\/\/www.ellesaussi.org\/\",\"name\":\"Elles Aussi\",\"description\":\"\",\"publisher\":{\"@id\":\"https:\/\/www.ellesaussi.org\/#organization\"},\"potentialAction\":[{\"@type\":\"SearchAction\",\"target\":{\"@type\":\"EntryPoint\",\"urlTemplate\":\"https:\/\/www.ellesaussi.org\/?s={search_term_string}\"},\"query-input\":\"required name=search_term_string\"}],\"inLanguage\":\"fr-FR\"},{\"@type\":\"Organization\",\"@id\":\"https:\/\/www.ellesaussi.org\/#organization\",\"name\":\"Elles Aussi\",\"url\":\"https:\/\/www.ellesaussi.org\/\",\"logo\":{\"@type\":\"ImageObject\",\"inLanguage\":\"fr-FR\",\"@id\":\"https:\/\/www.ellesaussi.org\/#\/schema\/logo\/image\/\",\"url\":\"https:\/\/www.ellesaussi.org\/wp-content\/uploads\/2024\/05\/Elles-aussi_logotype_rouge.png\",\"contentUrl\":\"https:\/\/www.ellesaussi.org\/wp-content\/uploads\/2024\/05\/Elles-aussi_logotype_rouge.png\",\"width\":3472,\"height\":2480,\"caption\":\"Elles Aussi\"},\"image\":{\"@id\":\"https:\/\/www.ellesaussi.org\/#\/schema\/logo\/image\/\"},\"sameAs\":[\"https:\/\/www.facebook.com\/ellesaussi\/\"]},{\"@type\":\"Person\",\"@id\":\"https:\/\/www.ellesaussi.org\/#\/schema\/person\/eeca4be50db30b5dbb39f78fc3364160\",\"name\":\"admin\",\"image\":{\"@type\":\"ImageObject\",\"inLanguage\":\"fr-FR\",\"@id\":\"https:\/\/www.ellesaussi.org\/#\/schema\/person\/image\/\",\"url\":\"https:\/\/secure.gravatar.com\/avatar\/62da4937aa6d6b509192861c0b966204a1b742b2814f6387fa08fe6c98a8729c?s=96&d=mm&r=g\",\"contentUrl\":\"https:\/\/secure.gravatar.com\/avatar\/62da4937aa6d6b509192861c0b966204a1b742b2814f6387fa08fe6c98a8729c?s=96&d=mm&r=g\",\"caption\":\"admin\"},\"sameAs\":[\"https:\/\/elles129186.webdb78.lwspanel.com\"],\"url\":\"https:\/\/www.ellesaussi.org\/?author=1\"}]}<\/script>\n<!-- \/ Yoast SEO plugin. -->","yoast_head_json":{"title":"Parit\u00e9 hommes femmes, la r\u00e9partition du pouvoir est-elle \u00e9galitaire dans les conseils g\u00e9n\u00e9raux ? - Elles Aussi","robots":{"index":"index","follow":"follow","max-snippet":"max-snippet:-1","max-image-preview":"max-image-preview:large","max-video-preview":"max-video-preview:-1"},"canonical":"https:\/\/www.ellesaussi.org\/?p=898","og_locale":"fr_FR","og_type":"article","og_title":"Parit\u00e9 hommes femmes, la r\u00e9partition du pouvoir est-elle \u00e9galitaire dans les conseils g\u00e9n\u00e9raux ? - Elles Aussi","og_description":"un reportage de France 3 Alsace sur les changements occasionn\u00e9s par l&rsquo;arriv\u00e9e des bin\u00f4mes paritaires en 2015 dans les conseils d\u00e9partements d&rsquo;Alsace, devenus collectivit\u00e9 europ\u00e9enne d&rsquo;Alsace en janvier 2021. https:\/\/youtu.be\/I6TBuqYD-74?si=6e_7MKhZn_UJyYGA","og_url":"https:\/\/www.ellesaussi.org\/?p=898","og_site_name":"Elles Aussi","article_publisher":"https:\/\/www.facebook.com\/ellesaussi\/","article_published_time":"2021-06-01T14:56:00+00:00","article_modified_time":"2024-10-16T14:57:48+00:00","og_image":[{"width":500,"height":280,"url":"https:\/\/www.ellesaussi.org\/wp-content\/uploads\/2024\/10\/2024-10-16-165544.jpg","type":"image\/jpeg"}],"author":"admin","twitter_card":"summary_large_image","twitter_misc":{"\u00c9crit par":"admin","Dur\u00e9e de lecture estim\u00e9e":"1 minute"},"schema":{"@context":"https:\/\/schema.org","@graph":[{"@type":"Article","@id":"https:\/\/www.ellesaussi.org\/?p=898#article","isPartOf":{"@id":"https:\/\/www.ellesaussi.org\/?p=898"},"author":{"name":"admin","@id":"https:\/\/www.ellesaussi.org\/#\/schema\/person\/eeca4be50db30b5dbb39f78fc3364160"},"headline":"Parit\u00e9 hommes femmes, la r\u00e9partition du pouvoir est-elle \u00e9galitaire dans les conseils g\u00e9n\u00e9raux ?","datePublished":"2021-06-01T14:56:00+00:00","dateModified":"2024-10-16T14:57:48+00:00","mainEntityOfPage":{"@id":"https:\/\/www.ellesaussi.org\/?p=898"},"wordCount":59,"publisher":{"@id":"https:\/\/www.ellesaussi.org\/#organization"},"image":{"@id":"https:\/\/www.ellesaussi.org\/?p=898#primaryimage"},"thumbnailUrl":"https:\/\/www.ellesaussi.org\/wp-content\/uploads\/2024\/10\/2024-10-16-165544.jpg","articleSection":["Elections d\u00e9partementales et r\u00e9gionales de 2021"],"inLanguage":"fr-FR"},{"@type":"WebPage","@id":"https:\/\/www.ellesaussi.org\/?p=898","url":"https:\/\/www.ellesaussi.org\/?p=898","name":"Parit\u00e9 hommes femmes, la r\u00e9partition du pouvoir est-elle \u00e9galitaire dans les conseils g\u00e9n\u00e9raux ? - Elles Aussi","isPartOf":{"@id":"https:\/\/www.ellesaussi.org\/#website"},"primaryImageOfPage":{"@id":"https:\/\/www.ellesaussi.org\/?p=898#primaryimage"},"image":{"@id":"https:\/\/www.ellesaussi.org\/?p=898#primaryimage"},"thumbnailUrl":"https:\/\/www.ellesaussi.org\/wp-content\/uploads\/2024\/10\/2024-10-16-165544.jpg","datePublished":"2021-06-01T14:56:00+00:00","dateModified":"2024-10-16T14:57:48+00:00","breadcrumb":{"@id":"https:\/\/www.ellesaussi.org\/?p=898#breadcrumb"},"inLanguage":"fr-FR","potentialAction":[{"@type":"ReadAction","target":["https:\/\/www.ellesaussi.org\/?p=898"]}]},{"@type":"ImageObject","inLanguage":"fr-FR","@id":"https:\/\/www.ellesaussi.org\/?p=898#primaryimage","url":"https:\/\/www.ellesaussi.org\/wp-content\/uploads\/2024\/10\/2024-10-16-165544.jpg","contentUrl":"https:\/\/www.ellesaussi.org\/wp-content\/uploads\/2024\/10\/2024-10-16-165544.jpg","width":500,"height":280},{"@type":"BreadcrumbList","@id":"https:\/\/www.ellesaussi.org\/?p=898#breadcrumb","itemListElement":[{"@type":"ListItem","position":1,"name":"Accueil","item":"https:\/\/www.ellesaussi.org\/"},{"@type":"ListItem","position":2,"name":"Parit\u00e9 hommes femmes, la r\u00e9partition du pouvoir est-elle \u00e9galitaire dans les conseils g\u00e9n\u00e9raux ?"}]},{"@type":"WebSite","@id":"https:\/\/www.ellesaussi.org\/#website","url":"https:\/\/www.ellesaussi.org\/","name":"Elles Aussi","description":"","publisher":{"@id":"https:\/\/www.ellesaussi.org\/#organization"},"potentialAction":[{"@type":"SearchAction","target":{"@type":"EntryPoint","urlTemplate":"https:\/\/www.ellesaussi.org\/?s={search_term_string}"},"query-input":"required name=search_term_string"}],"inLanguage":"fr-FR"},{"@type":"Organization","@id":"https:\/\/www.ellesaussi.org\/#organization","name":"Elles Aussi","url":"https:\/\/www.ellesaussi.org\/","logo":{"@type":"ImageObject","inLanguage":"fr-FR","@id":"https:\/\/www.ellesaussi.org\/#\/schema\/logo\/image\/","url":"https:\/\/www.ellesaussi.org\/wp-content\/uploads\/2024\/05\/Elles-aussi_logotype_rouge.png","contentUrl":"https:\/\/www.ellesaussi.org\/wp-content\/uploads\/2024\/05\/Elles-aussi_logotype_rouge.png","width":3472,"height":2480,"caption":"Elles Aussi"},"image":{"@id":"https:\/\/www.ellesaussi.org\/#\/schema\/logo\/image\/"},"sameAs":["https:\/\/www.facebook.com\/ellesaussi\/"]},{"@type":"Person","@id":"https:\/\/www.ellesaussi.org\/#\/schema\/person\/eeca4be50db30b5dbb39f78fc3364160","name":"admin","image":{"@type":"ImageObject","inLanguage":"fr-FR","@id":"https:\/\/www.ellesaussi.org\/#\/schema\/person\/image\/","url":"https:\/\/secure.gravatar.com\/avatar\/62da4937aa6d6b509192861c0b966204a1b742b2814f6387fa08fe6c98a8729c?s=96&d=mm&r=g","contentUrl":"https:\/\/secure.gravatar.com\/avatar\/62da4937aa6d6b509192861c0b966204a1b742b2814f6387fa08fe6c98a8729c?s=96&d=mm&r=g","caption":"admin"},"sameAs":["https:\/\/elles129186.webdb78.lwspanel.com"],"url":"https:\/\/www.ellesaussi.org\/?author=1"}]}},"_links":{"self":[{"href":"https:\/\/www.ellesaussi.org\/index.php?rest_route=\/wp\/v2\/posts\/898","targetHints":{"allow":["GET"]}}],"collection":[{"href":"https:\/\/www.ellesaussi.org\/index.php?rest_route=\/wp\/v2\/posts"}],"about":[{"href":"https:\/\/www.ellesaussi.org\/index.php?rest_route=\/wp\/v2\/types\/post"}],"author":[{"embeddable":true,"href":"https:\/\/www.ellesaussi.org\/index.php?rest_route=\/wp\/v2\/users\/1"}],"replies":[{"embeddable":true,"href":"https:\/\/www.ellesaussi.org\/index.php?rest_route=%2Fwp%2Fv2%2Fcomments&post=898"}],"version-history":[{"count":4,"href":"https:\/\/www.ellesaussi.org\/index.php?rest_route=\/wp\/v2\/posts\/898\/revisions"}],"predecessor-version":[{"id":903,"href":"https:\/\/www.ellesaussi.org\/index.php?rest_route=\/wp\/v2\/posts\/898\/revisions\/903"}],"wp:featuredmedia":[{"embeddable":true,"href":"https:\/\/www.ellesaussi.org\/index.php?rest_route=\/wp\/v2\/media\/899"}],"wp:attachment":[{"href":"https:\/\/www.ellesaussi.org\/index.php?rest_route=%2Fwp%2Fv2%2Fmedia&parent=898"}],"wp:term":[{"taxonomy":"category","embeddable":true,"href":"https:\/\/www.ellesaussi.org\/index.php?rest_route=%2Fwp%2Fv2%2Fcategories&post=898"},{"taxonomy":"post_tag","embeddable":true,"href":"https:\/\/www.ellesaussi.org\/index.php?rest_route=%2Fwp%2Fv2%2Ftags&post=898"}],"curies":[{"name":"wp","href":"https:\/\/api.w.org\/{rel}","templated":true}]}}