{"id":887,"date":"2021-06-20T16:50:00","date_gmt":"2021-06-20T14:50:00","guid":{"rendered":"https:\/\/elles129186.webdb78.lwspanel.com\/?p=887"},"modified":"2024-10-16T16:51:24","modified_gmt":"2024-10-16T14:51:24","slug":"odette-duriez-2eme-vice-presidente-du-conseil-departemental-du-pas-de-calais-rien-nest-encore-gagne-mais-ca-evolue","status":"publish","type":"post","link":"https:\/\/www.ellesaussi.org\/?p=887","title":{"rendered":"Odette Duriez 2\u00e8me vice-pr\u00e9sidente du conseil d\u00e9partemental du Pas-de-Calais : Rien n\u2019est encore gagn\u00e9 mais \u00e7a \u00e9volue."},"content":{"rendered":"\t\t<div data-elementor-type=\"wp-post\" data-elementor-id=\"887\" class=\"elementor elementor-887\" data-elementor-post-type=\"post\">\n\t\t\t\t<div class=\"elementor-element elementor-element-6ff4d01 e-flex e-con-boxed e-con e-parent\" data-id=\"6ff4d01\" data-element_type=\"container\">\n\t\t\t\t\t<div class=\"e-con-inner\">\n\t\t\t\t<div class=\"elementor-element elementor-element-d58afd9 elementor-widget elementor-widget-text-editor\" data-id=\"d58afd9\" data-element_type=\"widget\" data-widget_type=\"text-editor.default\">\n\t\t\t\t<div class=\"elementor-widget-container\">\n\t\t\t\t\t\t\t<p>Les 20 et 27 juin prochain, auront lieu les \u00e9lections d\u00e9partementales et r\u00e9gionales, des scrutins chers \u00e0 Elles aussi car le conseil d\u00e9partemental est compos\u00e9 maintenant de bin\u00f4mes paritaires et au conseil r\u00e9gional les listes sont paritaires. Odette Duriez, conseill\u00e8re d\u00e9partementale du Pas-De-Calais juge les lois sur la parit\u00e9 comme de \u00ab tr\u00e8s bonnes lois \u00bb : \u00ab Comme beaucoup, cette contrainte \u00e0 la parit\u00e9 par la loi ne me plaisait pas au d\u00e9but. Pourtant cela a tout chang\u00e9 dans les assembl\u00e9es. \u00bb Au Conseil d\u00e9partemental, Odette Duriez, apr\u00e8s un long parcours politique, (maire, d\u00e9put\u00e9e, s\u00e9natrice) a connu l\u2019avant et l\u2019apr\u00e8s la loi sur la parit\u00e9 \u00ab une loi tr\u00e8s positive \u00bb dit-elle. Cela a redonn\u00e9 jeunesse et dynamisme. Les femmes sont arriv\u00e9es avec un regard neuf, sans ambition. Et la parit\u00e9 a \u00e9t\u00e9 obligatoire dans les postes de vice-pr\u00e9sidence. Ce fut compliqu\u00e9 au d\u00e9but car des femmes ont obtenu des postes que les hommes convoitaient. Apr\u00e8s un temps de formation, les femmes ont assur\u00e9 faisant montre d\u2019un courage et d\u2019une volont\u00e9 \u00e0 toute \u00e9preuve : \u00ab Il faut r\u00e9ussir \u00bb. On a senti chez elles cette capacit\u00e9 \u00e0 organiser les temps familiaux, professionnels et politiques. Les hommes se sont \u00ab \u00e9cras\u00e9s \u00bb. Ils n\u2019avaient pas le choix.<\/p><p>Beaucoup de jeunes femmes ont \u00e9t\u00e9 \u00e9lues. La prise de responsabilit\u00e9 ne les a pas effray\u00e9es, elles ont adapt\u00e9 leur temps professionnel par une organisation ou un temps partiel. Les hommes sont plus souvent retrait\u00e9s. Le probl\u00e8me se pose moins souvent. Il est moins visible. Avec Denise Bouquillet, Odette Duriez forme un duo de \u00ab petites mamies \u00bb. Les deux a\u00een\u00e9es, l\u2019une de droite, l\u2019autre de gauche, sont attentives \u00e0 venir en aide aux plus jeunes.<\/p><p>L\u2019arriv\u00e9e des femmes dans le Conseil D\u00e9partemental a chang\u00e9 l\u2019ambiance. L\u2019atmosph\u00e8re est plus dynamique, la relation plus franche. Les mentalit\u00e9s ont d\u00fb \u00e9voluer. Dans un bin\u00f4me, la femme \u00e9tait souvent prise pour la secr\u00e9taire. La r\u00e9partition des t\u00e2ches varie selon les bin\u00f4mes. Parfois, on se r\u00e9partit le territoire, parfois c\u2019est en fonction des th\u00e9matiques o\u00f9 on se sent le plus \u00e0 l\u2019aise.\u00a0<\/p><p>On a pu constater qu\u2019il \u00e9tait difficile pour des hommes de voir une femme s\u2019\u00e9lever \u00e0 de nouvelles fonctions. \u00ab J\u2019ai demand\u00e9 \u00e0 une premi\u00e8re adjointe de prendre ma suite au Conseil d\u00e9partemental. Son maire ne l\u2019a pas bien pris. Il attendait que je lui propose aussi un poste \u00bb \u2026<\/p><p>Pour les femmes, il a fallu du temps pour qu\u2019elles soient reconnues \u00e0 leur juste place. La loi a donc pouss\u00e9 \u00e0 un changement de mentalit\u00e9 : \u00ab Pour les femmes, ce sera plus facile d\u00e9sormais \u00bb.<\/p><p>V\u00e9ronique Genelle <\/p>\t\t\t\t\t\t<\/div>\n\t\t\t\t<\/div>\n\t\t\t\t\t<\/div>\n\t\t\t\t<\/div>\n\t\t\t\t<\/div>\n\t\t","protected":false},"excerpt":{"rendered":"<p>Les 20 et 27 juin prochain, auront lieu les \u00e9lections d\u00e9partementales et r\u00e9gionales, des scrutins chers \u00e0 Elles aussi car le conseil d\u00e9partemental est compos\u00e9 maintenant de bin\u00f4mes paritaires et au conseil r\u00e9gional les listes sont paritaires. Odette Duriez, conseill\u00e8re d\u00e9partementale du Pas-De-Calais juge les lois sur la parit\u00e9 comme de \u00ab tr\u00e8s bonnes lois [&hellip;]<\/p>\n","protected":false},"author":1,"featured_media":888,"comment_status":"closed","ping_status":"closed","sticky":false,"template":"","format":"standard","meta":{"footnotes":""},"categories":[35],"tags":[],"class_list":["post-887","post","type-post","status-publish","format-standard","has-post-thumbnail","hentry","category-elections-departementales-et-regionales-de-2021"],"yoast_head":"<!-- This site is optimized with the Yoast SEO plugin v22.8 - https:\/\/yoast.com\/wordpress\/plugins\/seo\/ -->\n<title>Odette Duriez 2\u00e8me vice-pr\u00e9sidente du conseil d\u00e9partemental du Pas-de-Calais : Rien n\u2019est encore gagn\u00e9 mais \u00e7a \u00e9volue. - Elles Aussi<\/title>\n<meta name=\"robots\" content=\"index, follow, max-snippet:-1, max-image-preview:large, max-video-preview:-1\" \/>\n<link rel=\"canonical\" href=\"https:\/\/www.ellesaussi.org\/?p=887\" \/>\n<meta property=\"og:locale\" content=\"fr_FR\" \/>\n<meta property=\"og:type\" content=\"article\" \/>\n<meta property=\"og:title\" content=\"Odette Duriez 2\u00e8me vice-pr\u00e9sidente du conseil d\u00e9partemental du Pas-de-Calais : Rien n\u2019est encore gagn\u00e9 mais \u00e7a \u00e9volue. - Elles Aussi\" \/>\n<meta property=\"og:description\" content=\"Les 20 et 27 juin prochain, auront lieu les \u00e9lections d\u00e9partementales et r\u00e9gionales, des scrutins chers \u00e0 Elles aussi car le conseil d\u00e9partemental est compos\u00e9 maintenant de bin\u00f4mes paritaires et au conseil r\u00e9gional les listes sont paritaires. Odette Duriez, conseill\u00e8re d\u00e9partementale du Pas-De-Calais juge les lois sur la parit\u00e9 comme de \u00ab tr\u00e8s bonnes lois [&hellip;]\" \/>\n<meta property=\"og:url\" content=\"https:\/\/www.ellesaussi.org\/?p=887\" \/>\n<meta property=\"og:site_name\" content=\"Elles Aussi\" \/>\n<meta property=\"article:publisher\" content=\"https:\/\/www.facebook.com\/ellesaussi\/\" \/>\n<meta property=\"article:published_time\" content=\"2021-06-20T14:50:00+00:00\" \/>\n<meta property=\"article:modified_time\" content=\"2024-10-16T14:51:24+00:00\" \/>\n<meta property=\"og:image\" content=\"https:\/\/www.ellesaussi.org\/wp-content\/uploads\/2024\/10\/Odette_duriez.jpg\" \/>\n\t<meta property=\"og:image:width\" content=\"559\" \/>\n\t<meta property=\"og:image:height\" content=\"559\" \/>\n\t<meta property=\"og:image:type\" content=\"image\/jpeg\" \/>\n<meta name=\"author\" content=\"admin\" \/>\n<meta name=\"twitter:card\" content=\"summary_large_image\" \/>\n<meta name=\"twitter:label1\" content=\"\u00c9crit par\" \/>\n\t<meta name=\"twitter:data1\" content=\"admin\" \/>\n\t<meta name=\"twitter:label2\" content=\"Dur\u00e9e de lecture estim\u00e9e\" \/>\n\t<meta name=\"twitter:data2\" content=\"3 minutes\" \/>\n<script type=\"application\/ld+json\" class=\"yoast-schema-graph\">{\"@context\":\"https:\/\/schema.org\",\"@graph\":[{\"@type\":\"Article\",\"@id\":\"https:\/\/www.ellesaussi.org\/?p=887#article\",\"isPartOf\":{\"@id\":\"https:\/\/www.ellesaussi.org\/?p=887\"},\"author\":{\"name\":\"admin\",\"@id\":\"https:\/\/www.ellesaussi.org\/#\/schema\/person\/eeca4be50db30b5dbb39f78fc3364160\"},\"headline\":\"Odette Duriez 2\u00e8me vice-pr\u00e9sidente du conseil d\u00e9partemental du Pas-de-Calais : Rien n\u2019est encore gagn\u00e9 mais \u00e7a \u00e9volue.\",\"datePublished\":\"2021-06-20T14:50:00+00:00\",\"dateModified\":\"2024-10-16T14:51:24+00:00\",\"mainEntityOfPage\":{\"@id\":\"https:\/\/www.ellesaussi.org\/?p=887\"},\"wordCount\":483,\"publisher\":{\"@id\":\"https:\/\/www.ellesaussi.org\/#organization\"},\"image\":{\"@id\":\"https:\/\/www.ellesaussi.org\/?p=887#primaryimage\"},\"thumbnailUrl\":\"https:\/\/www.ellesaussi.org\/wp-content\/uploads\/2024\/10\/Odette_duriez.jpg\",\"articleSection\":[\"Elections d\u00e9partementales et r\u00e9gionales de 2021\"],\"inLanguage\":\"fr-FR\"},{\"@type\":\"WebPage\",\"@id\":\"https:\/\/www.ellesaussi.org\/?p=887\",\"url\":\"https:\/\/www.ellesaussi.org\/?p=887\",\"name\":\"Odette Duriez 2\u00e8me vice-pr\u00e9sidente du conseil d\u00e9partemental du Pas-de-Calais : Rien n\u2019est encore gagn\u00e9 mais \u00e7a \u00e9volue. - Elles Aussi\",\"isPartOf\":{\"@id\":\"https:\/\/www.ellesaussi.org\/#website\"},\"primaryImageOfPage\":{\"@id\":\"https:\/\/www.ellesaussi.org\/?p=887#primaryimage\"},\"image\":{\"@id\":\"https:\/\/www.ellesaussi.org\/?p=887#primaryimage\"},\"thumbnailUrl\":\"https:\/\/www.ellesaussi.org\/wp-content\/uploads\/2024\/10\/Odette_duriez.jpg\",\"datePublished\":\"2021-06-20T14:50:00+00:00\",\"dateModified\":\"2024-10-16T14:51:24+00:00\",\"breadcrumb\":{\"@id\":\"https:\/\/www.ellesaussi.org\/?p=887#breadcrumb\"},\"inLanguage\":\"fr-FR\",\"potentialAction\":[{\"@type\":\"ReadAction\",\"target\":[\"https:\/\/www.ellesaussi.org\/?p=887\"]}]},{\"@type\":\"ImageObject\",\"inLanguage\":\"fr-FR\",\"@id\":\"https:\/\/www.ellesaussi.org\/?p=887#primaryimage\",\"url\":\"https:\/\/www.ellesaussi.org\/wp-content\/uploads\/2024\/10\/Odette_duriez.jpg\",\"contentUrl\":\"https:\/\/www.ellesaussi.org\/wp-content\/uploads\/2024\/10\/Odette_duriez.jpg\",\"width\":559,\"height\":559},{\"@type\":\"BreadcrumbList\",\"@id\":\"https:\/\/www.ellesaussi.org\/?p=887#breadcrumb\",\"itemListElement\":[{\"@type\":\"ListItem\",\"position\":1,\"name\":\"Accueil\",\"item\":\"https:\/\/www.ellesaussi.org\/\"},{\"@type\":\"ListItem\",\"position\":2,\"name\":\"Odette Duriez 2\u00e8me vice-pr\u00e9sidente du conseil d\u00e9partemental du Pas-de-Calais : Rien n\u2019est encore gagn\u00e9 mais \u00e7a \u00e9volue.\"}]},{\"@type\":\"WebSite\",\"@id\":\"https:\/\/www.ellesaussi.org\/#website\",\"url\":\"https:\/\/www.ellesaussi.org\/\",\"name\":\"Elles Aussi\",\"description\":\"\",\"publisher\":{\"@id\":\"https:\/\/www.ellesaussi.org\/#organization\"},\"potentialAction\":[{\"@type\":\"SearchAction\",\"target\":{\"@type\":\"EntryPoint\",\"urlTemplate\":\"https:\/\/www.ellesaussi.org\/?s={search_term_string}\"},\"query-input\":\"required name=search_term_string\"}],\"inLanguage\":\"fr-FR\"},{\"@type\":\"Organization\",\"@id\":\"https:\/\/www.ellesaussi.org\/#organization\",\"name\":\"Elles Aussi\",\"url\":\"https:\/\/www.ellesaussi.org\/\",\"logo\":{\"@type\":\"ImageObject\",\"inLanguage\":\"fr-FR\",\"@id\":\"https:\/\/www.ellesaussi.org\/#\/schema\/logo\/image\/\",\"url\":\"https:\/\/www.ellesaussi.org\/wp-content\/uploads\/2024\/05\/Elles-aussi_logotype_rouge.png\",\"contentUrl\":\"https:\/\/www.ellesaussi.org\/wp-content\/uploads\/2024\/05\/Elles-aussi_logotype_rouge.png\",\"width\":3472,\"height\":2480,\"caption\":\"Elles Aussi\"},\"image\":{\"@id\":\"https:\/\/www.ellesaussi.org\/#\/schema\/logo\/image\/\"},\"sameAs\":[\"https:\/\/www.facebook.com\/ellesaussi\/\"]},{\"@type\":\"Person\",\"@id\":\"https:\/\/www.ellesaussi.org\/#\/schema\/person\/eeca4be50db30b5dbb39f78fc3364160\",\"name\":\"admin\",\"image\":{\"@type\":\"ImageObject\",\"inLanguage\":\"fr-FR\",\"@id\":\"https:\/\/www.ellesaussi.org\/#\/schema\/person\/image\/\",\"url\":\"https:\/\/secure.gravatar.com\/avatar\/62da4937aa6d6b509192861c0b966204a1b742b2814f6387fa08fe6c98a8729c?s=96&d=mm&r=g\",\"contentUrl\":\"https:\/\/secure.gravatar.com\/avatar\/62da4937aa6d6b509192861c0b966204a1b742b2814f6387fa08fe6c98a8729c?s=96&d=mm&r=g\",\"caption\":\"admin\"},\"sameAs\":[\"https:\/\/elles129186.webdb78.lwspanel.com\"],\"url\":\"https:\/\/www.ellesaussi.org\/?author=1\"}]}<\/script>\n<!-- \/ Yoast SEO plugin. -->","yoast_head_json":{"title":"Odette Duriez 2\u00e8me vice-pr\u00e9sidente du conseil d\u00e9partemental du Pas-de-Calais : Rien n\u2019est encore gagn\u00e9 mais \u00e7a \u00e9volue. - Elles Aussi","robots":{"index":"index","follow":"follow","max-snippet":"max-snippet:-1","max-image-preview":"max-image-preview:large","max-video-preview":"max-video-preview:-1"},"canonical":"https:\/\/www.ellesaussi.org\/?p=887","og_locale":"fr_FR","og_type":"article","og_title":"Odette Duriez 2\u00e8me vice-pr\u00e9sidente du conseil d\u00e9partemental du Pas-de-Calais : Rien n\u2019est encore gagn\u00e9 mais \u00e7a \u00e9volue. - Elles Aussi","og_description":"Les 20 et 27 juin prochain, auront lieu les \u00e9lections d\u00e9partementales et r\u00e9gionales, des scrutins chers \u00e0 Elles aussi car le conseil d\u00e9partemental est compos\u00e9 maintenant de bin\u00f4mes paritaires et au conseil r\u00e9gional les listes sont paritaires. Odette Duriez, conseill\u00e8re d\u00e9partementale du Pas-De-Calais juge les lois sur la parit\u00e9 comme de \u00ab tr\u00e8s bonnes lois [&hellip;]","og_url":"https:\/\/www.ellesaussi.org\/?p=887","og_site_name":"Elles Aussi","article_publisher":"https:\/\/www.facebook.com\/ellesaussi\/","article_published_time":"2021-06-20T14:50:00+00:00","article_modified_time":"2024-10-16T14:51:24+00:00","og_image":[{"width":559,"height":559,"url":"https:\/\/www.ellesaussi.org\/wp-content\/uploads\/2024\/10\/Odette_duriez.jpg","type":"image\/jpeg"}],"author":"admin","twitter_card":"summary_large_image","twitter_misc":{"\u00c9crit par":"admin","Dur\u00e9e de lecture estim\u00e9e":"3 minutes"},"schema":{"@context":"https:\/\/schema.org","@graph":[{"@type":"Article","@id":"https:\/\/www.ellesaussi.org\/?p=887#article","isPartOf":{"@id":"https:\/\/www.ellesaussi.org\/?p=887"},"author":{"name":"admin","@id":"https:\/\/www.ellesaussi.org\/#\/schema\/person\/eeca4be50db30b5dbb39f78fc3364160"},"headline":"Odette Duriez 2\u00e8me vice-pr\u00e9sidente du conseil d\u00e9partemental du Pas-de-Calais : Rien n\u2019est encore gagn\u00e9 mais \u00e7a \u00e9volue.","datePublished":"2021-06-20T14:50:00+00:00","dateModified":"2024-10-16T14:51:24+00:00","mainEntityOfPage":{"@id":"https:\/\/www.ellesaussi.org\/?p=887"},"wordCount":483,"publisher":{"@id":"https:\/\/www.ellesaussi.org\/#organization"},"image":{"@id":"https:\/\/www.ellesaussi.org\/?p=887#primaryimage"},"thumbnailUrl":"https:\/\/www.ellesaussi.org\/wp-content\/uploads\/2024\/10\/Odette_duriez.jpg","articleSection":["Elections d\u00e9partementales et r\u00e9gionales de 2021"],"inLanguage":"fr-FR"},{"@type":"WebPage","@id":"https:\/\/www.ellesaussi.org\/?p=887","url":"https:\/\/www.ellesaussi.org\/?p=887","name":"Odette Duriez 2\u00e8me vice-pr\u00e9sidente du conseil d\u00e9partemental du Pas-de-Calais : Rien n\u2019est encore gagn\u00e9 mais \u00e7a \u00e9volue. - Elles Aussi","isPartOf":{"@id":"https:\/\/www.ellesaussi.org\/#website"},"primaryImageOfPage":{"@id":"https:\/\/www.ellesaussi.org\/?p=887#primaryimage"},"image":{"@id":"https:\/\/www.ellesaussi.org\/?p=887#primaryimage"},"thumbnailUrl":"https:\/\/www.ellesaussi.org\/wp-content\/uploads\/2024\/10\/Odette_duriez.jpg","datePublished":"2021-06-20T14:50:00+00:00","dateModified":"2024-10-16T14:51:24+00:00","breadcrumb":{"@id":"https:\/\/www.ellesaussi.org\/?p=887#breadcrumb"},"inLanguage":"fr-FR","potentialAction":[{"@type":"ReadAction","target":["https:\/\/www.ellesaussi.org\/?p=887"]}]},{"@type":"ImageObject","inLanguage":"fr-FR","@id":"https:\/\/www.ellesaussi.org\/?p=887#primaryimage","url":"https:\/\/www.ellesaussi.org\/wp-content\/uploads\/2024\/10\/Odette_duriez.jpg","contentUrl":"https:\/\/www.ellesaussi.org\/wp-content\/uploads\/2024\/10\/Odette_duriez.jpg","width":559,"height":559},{"@type":"BreadcrumbList","@id":"https:\/\/www.ellesaussi.org\/?p=887#breadcrumb","itemListElement":[{"@type":"ListItem","position":1,"name":"Accueil","item":"https:\/\/www.ellesaussi.org\/"},{"@type":"ListItem","position":2,"name":"Odette Duriez 2\u00e8me vice-pr\u00e9sidente du conseil d\u00e9partemental du Pas-de-Calais : Rien n\u2019est encore gagn\u00e9 mais \u00e7a \u00e9volue."}]},{"@type":"WebSite","@id":"https:\/\/www.ellesaussi.org\/#website","url":"https:\/\/www.ellesaussi.org\/","name":"Elles Aussi","description":"","publisher":{"@id":"https:\/\/www.ellesaussi.org\/#organization"},"potentialAction":[{"@type":"SearchAction","target":{"@type":"EntryPoint","urlTemplate":"https:\/\/www.ellesaussi.org\/?s={search_term_string}"},"query-input":"required name=search_term_string"}],"inLanguage":"fr-FR"},{"@type":"Organization","@id":"https:\/\/www.ellesaussi.org\/#organization","name":"Elles Aussi","url":"https:\/\/www.ellesaussi.org\/","logo":{"@type":"ImageObject","inLanguage":"fr-FR","@id":"https:\/\/www.ellesaussi.org\/#\/schema\/logo\/image\/","url":"https:\/\/www.ellesaussi.org\/wp-content\/uploads\/2024\/05\/Elles-aussi_logotype_rouge.png","contentUrl":"https:\/\/www.ellesaussi.org\/wp-content\/uploads\/2024\/05\/Elles-aussi_logotype_rouge.png","width":3472,"height":2480,"caption":"Elles Aussi"},"image":{"@id":"https:\/\/www.ellesaussi.org\/#\/schema\/logo\/image\/"},"sameAs":["https:\/\/www.facebook.com\/ellesaussi\/"]},{"@type":"Person","@id":"https:\/\/www.ellesaussi.org\/#\/schema\/person\/eeca4be50db30b5dbb39f78fc3364160","name":"admin","image":{"@type":"ImageObject","inLanguage":"fr-FR","@id":"https:\/\/www.ellesaussi.org\/#\/schema\/person\/image\/","url":"https:\/\/secure.gravatar.com\/avatar\/62da4937aa6d6b509192861c0b966204a1b742b2814f6387fa08fe6c98a8729c?s=96&d=mm&r=g","contentUrl":"https:\/\/secure.gravatar.com\/avatar\/62da4937aa6d6b509192861c0b966204a1b742b2814f6387fa08fe6c98a8729c?s=96&d=mm&r=g","caption":"admin"},"sameAs":["https:\/\/elles129186.webdb78.lwspanel.com"],"url":"https:\/\/www.ellesaussi.org\/?author=1"}]}},"_links":{"self":[{"href":"https:\/\/www.ellesaussi.org\/index.php?rest_route=\/wp\/v2\/posts\/887","targetHints":{"allow":["GET"]}}],"collection":[{"href":"https:\/\/www.ellesaussi.org\/index.php?rest_route=\/wp\/v2\/posts"}],"about":[{"href":"https:\/\/www.ellesaussi.org\/index.php?rest_route=\/wp\/v2\/types\/post"}],"author":[{"embeddable":true,"href":"https:\/\/www.ellesaussi.org\/index.php?rest_route=\/wp\/v2\/users\/1"}],"replies":[{"embeddable":true,"href":"https:\/\/www.ellesaussi.org\/index.php?rest_route=%2Fwp%2Fv2%2Fcomments&post=887"}],"version-history":[{"count":4,"href":"https:\/\/www.ellesaussi.org\/index.php?rest_route=\/wp\/v2\/posts\/887\/revisions"}],"predecessor-version":[{"id":892,"href":"https:\/\/www.ellesaussi.org\/index.php?rest_route=\/wp\/v2\/posts\/887\/revisions\/892"}],"wp:featuredmedia":[{"embeddable":true,"href":"https:\/\/www.ellesaussi.org\/index.php?rest_route=\/wp\/v2\/media\/888"}],"wp:attachment":[{"href":"https:\/\/www.ellesaussi.org\/index.php?rest_route=%2Fwp%2Fv2%2Fmedia&parent=887"}],"wp:term":[{"taxonomy":"category","embeddable":true,"href":"https:\/\/www.ellesaussi.org\/index.php?rest_route=%2Fwp%2Fv2%2Fcategories&post=887"},{"taxonomy":"post_tag","embeddable":true,"href":"https:\/\/www.ellesaussi.org\/index.php?rest_route=%2Fwp%2Fv2%2Ftags&post=887"}],"curies":[{"name":"wp","href":"https:\/\/api.w.org\/{rel}","templated":true}]}}