{"id":875,"date":"2021-04-06T16:39:00","date_gmt":"2021-04-06T14:39:00","guid":{"rendered":"https:\/\/elles129186.webdb78.lwspanel.com\/?p=875"},"modified":"2024-10-16T16:40:59","modified_gmt":"2024-10-16T14:40:59","slug":"mandats-locaux-les-femmes-plus-nombreuses-sauf-aux-postes-de-direction","status":"publish","type":"post","link":"https:\/\/www.ellesaussi.org\/?p=875","title":{"rendered":"Mandats locaux\u00a0: les femmes plus nombreuses, sauf aux postes de direction"},"content":{"rendered":"\t\t<div data-elementor-type=\"wp-post\" data-elementor-id=\"875\" class=\"elementor elementor-875\" data-elementor-post-type=\"post\">\n\t\t\t\t<div class=\"elementor-element elementor-element-26060c5 e-flex e-con-boxed e-con e-parent\" data-id=\"26060c5\" data-element_type=\"container\">\n\t\t\t\t\t<div class=\"e-con-inner\">\n\t\t\t\t<div class=\"elementor-element elementor-element-4f5d6e5 elementor-widget elementor-widget-text-editor\" data-id=\"4f5d6e5\" data-element_type=\"widget\" data-widget_type=\"text-editor.default\">\n\t\t\t\t<div class=\"elementor-widget-container\">\n\t\t\t\t\t\t\t<p><em>(source inegalites.fr)<\/em><\/p><p><span style=\"color: #f15b43;\"><strong>Seules 5 r\u00e9gions sur 18 ont une pr\u00e9sidente \u00e0 leur t\u00eate. \u00c0 peine 20\u00a0% des maires sont des femmes. Malgr\u00e9 la parit\u00e9 impos\u00e9e par la loi, les directions des assembl\u00e9es locales restent encore peu accessibles aux femmes.<\/strong><\/span><\/p><p>La part des conseill\u00e8res municipales est de 42,4\u00a0% en 2021 contre 40,3\u00a0% en 2014, selon les donn\u00e9es du minist\u00e8re de l\u2019Int\u00e9rieur<span class=\"spip_note_ref\">\u00a0[<a id=\"nh1\" class=\"spip_note\" title=\"Voir Bulletin d\u2019information statistique n\u00b0 157, Direction g\u00e9n\u00e9rale des\u00a0(\u2026)\" href=\"https:\/\/www.inegalites.fr\/Mandats-locaux-les-femmes-plus-nombreuses-sauf-aux-postes-de-direction#nb1\" rel=\"appendix\">1<\/a>]<\/span>. En sept ans, la progression n\u2019est pas spectaculaire. Dans les communes les plus petites, o\u00f9 la parit\u00e9 n\u2019est pas obligatoire<span class=\"spip_note_ref\">\u00a0[<a id=\"nh2\" class=\"spip_note\" title=\"Seules les villes de plus de 1 000 habitants sont soumises aux contraintes\u00a0(\u2026)\" href=\"https:\/\/www.inegalites.fr\/Mandats-locaux-les-femmes-plus-nombreuses-sauf-aux-postes-de-direction#nb2\" rel=\"appendix\">2<\/a>]<\/span>, leur part est seulement de 38\u00a0%, un chiffre en augmentation de trois points tout de m\u00eame par rapport aux \u00e9lections de 2014.<\/p><p>Malgr\u00e9 la progression de leur repr\u00e9sentation parmi les conseillers municipaux, \u00e0 peine 20\u00a0% des maires sont des femmes. Une augmentation de 3,7 points n\u00e9anmoins par rapport aux \u00e9lections pr\u00e9c\u00e9dentes, en 2014, o\u00f9 elles ne repr\u00e9sentaient que 16,1\u00a0% des maires. La hausse est plus nette dans les tr\u00e8s grandes villes (de 100 000 habitants et plus)\u00a0: 26,2\u00a0% sont dirig\u00e9es par des femmes contre 16,7\u00a0% en 2014. On est encore loin de la parit\u00e9, mais la tendance est positive.<\/p><p>En 2020, pour la deuxi\u00e8me fois, les \u00e9lections municipales ont \u00e9t\u00e9 l\u2019occasion d\u2019\u00e9lire au suffrage universel les conseillers des structures qui regroupent des communes (comme les communaut\u00e9s d\u2019agglom\u00e9ration). En 2021, 35\u00a0% des conseillers communautaires sont des femmes, contre 31,4\u00a0% auparavant. Elles sont seulement 11,4\u00a0% \u00e0 pr\u00e9sider ces collectivit\u00e9s locales, et principalement les plus petites d\u2019entre elles.<\/p><p>Il serait int\u00e9ressant d\u2019aller plus loin et de mesurer notamment la r\u00e9partition des postes de premier adjoint et le type de d\u00e9l\u00e9gation obtenu par les femmes. Sans pouvoir le chiffrer pr\u00e9cis\u00e9ment, on sait que les postes de pouvoir (comme les finances) et les mandats st\u00e9r\u00e9otyp\u00e9s comme \u00ab\u00a0masculins\u00a0\u00bb (les transports ou la s\u00e9curit\u00e9) restent le plus souvent aux mains des hommes. Les femmes obtiennent plut\u00f4t des d\u00e9l\u00e9gations dans les domaines de l\u2019action sociale et de la petite enfance.<\/p><p><strong><span style=\"color: #f15b43;\">Dans les d\u00e9partements et les r\u00e9gions<\/span><\/strong><\/p><p>La place des femmes \u00e9lues dans les instances r\u00e9gionales et d\u00e9partementales, o\u00f9 la r\u00e8gle de la parit\u00e9 s\u2019applique aussi depuis 2013, est \u00e0 peu pr\u00e8s la m\u00eame qu\u2019au sein des autres structures locales. Logiquement, la moiti\u00e9 des conseillers d\u00e9partementaux sont des femmes en 2021, contre 13,8\u00a0% en 2011 avant l\u2019application de la loi sur la parit\u00e9. Au niveau r\u00e9gional, de la m\u00eame mani\u00e8re, on compte 48,6\u00a0% de femmes conseill\u00e8res en 2021, alors qu\u2019elles n\u2019\u00e9taient que 27,1\u00a0% en 1998. La progression du nombre de conseill\u00e8res au sein de ces instances ne s\u2019est cependant pas traduite par une r\u00e9partition paritaire au niveau des postes de direction\u00a0: seuls 20\u00a0% des d\u00e9partements sont pr\u00e9sid\u00e9s par une femme.<\/p><p>La part des femmes \u00e0 la t\u00eate de conseils r\u00e9gionaux a, elle, pratiquement doubl\u00e9 entre 2015 et 2021, passant de 18,8\u00a0% \u00e0 28\u00a0%, m\u00eame si on demeure tr\u00e8s loin de la parit\u00e9. L\u2019hypocrisie est grande puisque les femmes sont quasiment \u00e0 parit\u00e9 parmi les conseillers r\u00e9gionaux depuis 2004 et les lois sur la parit\u00e9.<\/p><p>Le mouvement de f\u00e9minisation de la vie politique locale est r\u00e9el, mais il demeure bien lent. Les hommes ont c\u00e9d\u00e9 une partie de leurs si\u00e8ges, et de plus en plus de femmes sont pr\u00e9sentes au sein des ex\u00e9cutifs locaux. Mais elles peinent encore \u00e0 briser le plafond de verre qu\u2019elles rencontrent en politique, m\u00eame au sein des partis politiques qui se disent les plus ouverts \u00e0 l\u2019\u00e9galit\u00e9 entre les femmes et les hommes.<\/p><table class=\"table spip\"><thead><tr class=\"row_first\"><th id=\"id37fd_c0\">Plus de femmes \u00e9lues avec l\u2019arriv\u00e9e des nouvelles g\u00e9n\u00e9rations<\/th><\/tr><\/thead><tbody><tr class=\"row_odd odd\"><td headers=\"id37fd_c0\">La parit\u00e9 en politique progresse parce qu\u2019elles sont mieux repr\u00e9sent\u00e9es parmi les nouvelles g\u00e9n\u00e9rations d\u2019\u00e9lus, plus jeunes, et non parce que les hommes, globalement, laissent leur place, quel que soit leur \u00e2ge. \u00ab\u00a0<i>\u00c0 partir de 55 ans, la proportion de femmes parmi les conseillers municipaux a peu chang\u00e9<\/i>\u00a0\u00bb, indique une note du minist\u00e8re de l\u2019Int\u00e9rieur<span class=\"spip_note_ref\">\u00a0[<a id=\"nh3\" class=\"spip_note\" title=\"\u00ab La part des femmes dans les conseils municipaux \u00bb, Bulletin d\u2019information\u00a0(\u2026)\" href=\"https:\/\/www.inegalites.fr\/Mandats-locaux-les-femmes-plus-nombreuses-sauf-aux-postes-de-direction#nb3\" rel=\"appendix\">3<\/a>]<\/span>. La part des femmes n\u2019augmente que parmi les jeunes \u00e9lus, avant 40 ans. \u00c0 cet \u00e2ge, la parit\u00e9 est quasiment atteinte, alors que les femmes ne repr\u00e9sentent que 31\u00a0% des \u00e9lus de plus de 75 ans. C\u2019est pour beaucoup, en abandonnant la politique en fin de parcours que les hommes entrouvrent des portes aux femmes. D\u2019o\u00f9 le temps mis pour arriver \u00e0 la parit\u00e9, l\u00e0 o\u00f9 elle n\u2019est pas impos\u00e9e.<\/td><\/tr><\/tbody><\/table><div id=\"graphique_280_480\" class=\"graphique noprint\" data-highcharts-chart=\"0\"><div id=\"highcharts-1dlla0g-0\" class=\"highcharts-container \" dir=\"ltr\">Unit\u00e9 : %Les femmes dans les conseils\u200bmunicipauxPart des femmes conseill\u00e8res municipalesPart des femmes maires19601980200020200,020,040,060,0<\/div><\/div><p>\u00a0<\/p><div class=\"legende_graphe\">Lecture : en 2021, 42,4 % des conseillers municipaux sont des femmes.<p class=\"source\"><strong>Source :\u00a0<\/strong>minist\u00e8re de l&rsquo;Int\u00e9rieur \u2013 \u00a9 Observatoire des in\u00e9galit\u00e9s<\/p><center><a class=\"mediabox boxWidth-90pc boxHeight-95pc boutongraphe boutongraphe_actif lity-enabled hasbox\" title=\"Graphe plein \u00e9cran\" href=\"https:\/\/www.inegalites.fr\/spip.php?page=graphe&amp;num=280&amp;interpolation=datetime&amp;ligne_depart=&amp;ligne_fin=&amp;colonnes=&amp;type=line&amp;miny=0&amp;pas=&amp;note=&amp;lignes_exclues=&amp;type0=&amp;couleur0=&amp;type1=&amp;couleur1=&amp;type2=&amp;couleur2=&amp;type3=&amp;couleur3=&amp;type4=&amp;couleur4=&amp;type5=&amp;couleur5=&amp;type6=&amp;couleur6=&amp;type7=&amp;couleur7=&amp;type8=&amp;couleur8=&amp;axe0=&amp;axe1=&amp;axe2=&amp;axe3=&amp;axe4=&amp;axe5=&amp;axe6=&amp;axe7=&amp;axe8=&amp;Y-unite0=&amp;Y-couleur0=&amp;Y-unite1=&amp;Y-couleur1=&amp;Y-unite2=&amp;Y-couleur2=\" data-box-type=\"iframe\" data-href-popin=\"\/spip.php?page=graphe&amp;num=280&amp;interpolation=datetime&amp;ligne_depart=&amp;ligne_fin=&amp;colonnes=&amp;type=line&amp;miny=0&amp;pas=&amp;note=&amp;lignes_exclues=&amp;type0=&amp;couleur0=&amp;type1=&amp;couleur1=&amp;type2=&amp;couleur2=&amp;type3=&amp;couleur3=&amp;type4=&amp;couleur4=&amp;type5=&amp;couleur5=&amp;type6=&amp;couleur6=&amp;type7=&amp;couleur7=&amp;type8=&amp;couleur8=&amp;axe0=&amp;axe1=&amp;axe2=&amp;axe3=&amp;axe4=&amp;axe5=&amp;axe6=&amp;axe7=&amp;axe8=&amp;Y-unite0=&amp;Y-couleur0=&amp;Y-unite1=&amp;Y-couleur1=&amp;Y-unite2=&amp;Y-couleur2=\">Graphique<\/a>\u00a0<a class=\"mediabox boxWidth-95pc boxHeight-95pc boutongraphe lity-enabled hasbox\" title=\"Plus de donn\u00e9es\" href=\"https:\/\/www.inegalites.fr\/spip.php?page=tableau&amp;num=280\" data-box-type=\"iframe\" data-href-popin=\"spip.php?page=tableau&amp;num=280\">Donn\u00e9es<\/a><\/center><\/div><div class=\"divtab\"><table class=\"tabdata responsive\" align=\"center\"><thead><tr><th class=\"tittab\" colspan=\"3\">Les femmes dans les conseils communautaires<br \/><span class=\"unite\">Unit\u00e9 : %<\/span><\/th><\/tr><tr><th>\u00a0<\/th><th>Part des femmes conseill\u00e8res communautaires<\/th><th>Part des femmes pr\u00e9sidentes de conseil communautaire<\/th><\/tr><\/thead><tbody><tr><td class=\"libelle\">2014<\/td><td>31,4<\/td><td>8,0<\/td><\/tr><tr><td class=\"libelle\">2021<\/td><td>35,0<\/td><td>11,4<\/td><\/tr><\/tbody><\/table><\/div><div class=\"note\">Lecture : en 2021, 35 % des conseillers communautaires sont des femmes.<br \/><strong>Source :<\/strong>\u00a0minist\u00e8re de l\u2019Int\u00e9rieur \u2013 \u00a9 Observatoire des in\u00e9galit\u00e9s<\/div><div id=\"graphique_279_963\" class=\"graphique noprint\" data-highcharts-chart=\"1\"><div id=\"highcharts-1dlla0g-60\" class=\"highcharts-container \" dir=\"ltr\">Unit\u00e9 : %Les femmes dans les conseils g\u00e9n\u00e9raux\u200bpuis d\u00e9partementauxPart des femmes parmi les conseillers d\u00e9partementauxPart des femmes parmi les pr\u00e9sidents de conseil d\u00e9partemental19601980200020200,020,040,060,0<\/div><\/div><p>\u00a0<\/p><div class=\"legende_graphe\">* Donn\u00e9es pour les pr\u00e9sidences disponibles \u00e0 partir de 2001. Lecture : en 2021, 50 % des conseillers d\u00e9partementaux sont des femmes.<p class=\"source\"><strong>Source :\u00a0<\/strong>minist\u00e8re de l&rsquo;Int\u00e9rieur \u2013 \u00a9 Observatoire des in\u00e9galit\u00e9s<\/p><center><a class=\"mediabox boxWidth-90pc boxHeight-95pc boutongraphe boutongraphe_actif lity-enabled hasbox\" title=\"Graphe plein \u00e9cran\" href=\"https:\/\/www.inegalites.fr\/spip.php?page=graphe&amp;num=279&amp;interpolation=datetime&amp;ligne_depart=&amp;ligne_fin=&amp;colonnes=&amp;type=line&amp;miny=0&amp;pas=&amp;note=&amp;lignes_exclues=&amp;type0=&amp;couleur0=&amp;type1=&amp;couleur1=&amp;type2=&amp;couleur2=&amp;type3=&amp;couleur3=&amp;type4=&amp;couleur4=&amp;type5=&amp;couleur5=&amp;type6=&amp;couleur6=&amp;type7=&amp;couleur7=&amp;type8=&amp;couleur8=&amp;axe0=&amp;axe1=&amp;axe2=&amp;axe3=&amp;axe4=&amp;axe5=&amp;axe6=&amp;axe7=&amp;axe8=&amp;Y-unite0=&amp;Y-couleur0=&amp;Y-unite1=&amp;Y-couleur1=&amp;Y-unite2=&amp;Y-couleur2=\" data-box-type=\"iframe\" data-href-popin=\"\/spip.php?page=graphe&amp;num=279&amp;interpolation=datetime&amp;ligne_depart=&amp;ligne_fin=&amp;colonnes=&amp;type=line&amp;miny=0&amp;pas=&amp;note=&amp;lignes_exclues=&amp;type0=&amp;couleur0=&amp;type1=&amp;couleur1=&amp;type2=&amp;couleur2=&amp;type3=&amp;couleur3=&amp;type4=&amp;couleur4=&amp;type5=&amp;couleur5=&amp;type6=&amp;couleur6=&amp;type7=&amp;couleur7=&amp;type8=&amp;couleur8=&amp;axe0=&amp;axe1=&amp;axe2=&amp;axe3=&amp;axe4=&amp;axe5=&amp;axe6=&amp;axe7=&amp;axe8=&amp;Y-unite0=&amp;Y-couleur0=&amp;Y-unite1=&amp;Y-couleur1=&amp;Y-unite2=&amp;Y-couleur2=\">Graphique<\/a>\u00a0<a class=\"mediabox boxWidth-95pc boxHeight-95pc boutongraphe lity-enabled hasbox\" title=\"Plus de donn\u00e9es\" href=\"https:\/\/www.inegalites.fr\/spip.php?page=tableau&amp;num=279\" data-box-type=\"iframe\" data-href-popin=\"spip.php?page=tableau&amp;num=279\">Donn\u00e9es<\/a><\/center><\/div><div id=\"graphique_278_903\" class=\"graphique noprint\" data-highcharts-chart=\"2\"><div id=\"highcharts-1dlla0g-148\" class=\"highcharts-container \" dir=\"ltr\">Unit\u00e9 : %Les femmes dans les conseils\u200br\u00e9gionauxPart des femmes parmi les conseillers r\u00e9gionauxPart des femmes parmi les pr\u00e9sidents de conseil r\u00e9gional19902000201020200,020,040,060,0<\/div><\/div><p>\u00a0<\/p><div class=\"legende_graphe\">Lecture : en 2020, 48 % des conseillers r\u00e9gionaux sont des femmes.<p class=\"source\"><strong>Source :\u00a0<\/strong>minist\u00e8re de l&rsquo;Int\u00e9rieur \u00a9 Observatoire des in\u00e9galit\u00e9s<\/p><center><a class=\"mediabox boxWidth-90pc boxHeight-95pc boutongraphe boutongraphe_actif lity-enabled hasbox\" title=\"Graphe plein \u00e9cran\" href=\"https:\/\/www.inegalites.fr\/spip.php?page=graphe&amp;num=278&amp;interpolation=datetime&amp;ligne_depart=&amp;ligne_fin=&amp;colonnes=&amp;type=line&amp;miny=0&amp;pas=&amp;note=&amp;lignes_exclues=&amp;type0=&amp;couleur0=&amp;type1=&amp;couleur1=&amp;type2=&amp;couleur2=&amp;type3=&amp;couleur3=&amp;type4=&amp;couleur4=&amp;type5=&amp;couleur5=&amp;type6=&amp;couleur6=&amp;type7=&amp;couleur7=&amp;type8=&amp;couleur8=&amp;axe0=&amp;axe1=&amp;axe2=&amp;axe3=&amp;axe4=&amp;axe5=&amp;axe6=&amp;axe7=&amp;axe8=&amp;Y-unite0=&amp;Y-couleur0=&amp;Y-unite1=&amp;Y-couleur1=&amp;Y-unite2=&amp;Y-couleur2=\" data-box-type=\"iframe\" data-href-popin=\"\/spip.php?page=graphe&amp;num=278&amp;interpolation=datetime&amp;ligne_depart=&amp;ligne_fin=&amp;colonnes=&amp;type=line&amp;miny=0&amp;pas=&amp;note=&amp;lignes_exclues=&amp;type0=&amp;couleur0=&amp;type1=&amp;couleur1=&amp;type2=&amp;couleur2=&amp;type3=&amp;couleur3=&amp;type4=&amp;couleur4=&amp;type5=&amp;couleur5=&amp;type6=&amp;couleur6=&amp;type7=&amp;couleur7=&amp;type8=&amp;couleur8=&amp;axe0=&amp;axe1=&amp;axe2=&amp;axe3=&amp;axe4=&amp;axe5=&amp;axe6=&amp;axe7=&amp;axe8=&amp;Y-unite0=&amp;Y-couleur0=&amp;Y-unite1=&amp;Y-couleur1=&amp;Y-unite2=&amp;Y-couleur2=\">Graphique<\/a>\u00a0<a class=\"mediabox boxWidth-95pc boxHeight-95pc boutongraphe lity-enabled hasbox\" title=\"Plus de donn\u00e9es\" href=\"https:\/\/www.inegalites.fr\/spip.php?page=tableau&amp;num=278\" data-box-type=\"iframe\" data-href-popin=\"spip.php?page=tableau&amp;num=278\">Donn\u00e9es<\/a><\/center><\/div><p><i>Photo \/ CC BY SA Roland45<\/i><\/p><div class=\"note\"><hr size=\"1\" \/><div id=\"nb1\"><p><span class=\"spip_note_ref\">[<a class=\"spip_note\" title=\"Notes 1\" href=\"https:\/\/www.inegalites.fr\/Mandats-locaux-les-femmes-plus-nombreuses-sauf-aux-postes-de-direction#nh1\" rev=\"appendix\">1<\/a>]\u00a0<\/span>Voir\u00a0<i><a class=\"spip_out\" href=\"https:\/\/www.collectivites-locales.gouv.fr\/bulletin-dinformation-statistique-bis-de-la-dgcl\" target=\"_blank\" rel=\"external noopener\">Bulletin d\u2019information statistique<\/a><\/i>\u00a0n\u00b0\u00a0157, Direction g\u00e9n\u00e9rale des collectivit\u00e9s locales, ao\u00fbt 2021.<\/p><\/div><div id=\"nb2\"><p><span class=\"spip_note_ref\">[<a class=\"spip_note\" title=\"Notes 2\" href=\"https:\/\/www.inegalites.fr\/Mandats-locaux-les-femmes-plus-nombreuses-sauf-aux-postes-de-direction#nh2\" rev=\"appendix\">2<\/a>]\u00a0<\/span>Seules les villes de plus de 1 000 habitants sont soumises aux contraintes de la loi sur la parit\u00e9 du 17 mai 2013 qui rend obligatoire la parit\u00e9 lors des \u00e9lections municipales, mais aussi d\u00e9partementales et r\u00e9gionales.<\/p><\/div><div id=\"nb3\"><p><span class=\"spip_note_ref\">[<a class=\"spip_note\" title=\"Notes 3\" href=\"https:\/\/www.inegalites.fr\/Mandats-locaux-les-femmes-plus-nombreuses-sauf-aux-postes-de-direction#nh3\" rev=\"appendix\">3<\/a>]\u00a0<\/span>\u00ab\u00a0La part des femmes dans les conseils municipaux\u00a0\u00bb, Bulletin d\u2019information statistique de la DGCL, n\u00b0145, mars 2020.<\/p><\/div><\/div>\t\t\t\t\t\t<\/div>\n\t\t\t\t<\/div>\n\t\t\t\t\t<\/div>\n\t\t\t\t<\/div>\n\t\t\t\t<\/div>\n\t\t","protected":false},"excerpt":{"rendered":"<p>(source inegalites.fr) Seules 5 r\u00e9gions sur 18 ont une pr\u00e9sidente \u00e0 leur t\u00eate. \u00c0 peine 20\u00a0% des maires sont des femmes. Malgr\u00e9 la parit\u00e9 impos\u00e9e par la loi, les directions des assembl\u00e9es locales restent encore peu accessibles aux femmes. La part des conseill\u00e8res municipales est de 42,4\u00a0% en 2021 contre 40,3\u00a0% en 2014, selon les [&hellip;]<\/p>\n","protected":false},"author":1,"featured_media":876,"comment_status":"closed","ping_status":"closed","sticky":false,"template":"","format":"standard","meta":{"footnotes":""},"categories":[35],"tags":[],"class_list":["post-875","post","type-post","status-publish","format-standard","has-post-thumbnail","hentry","category-elections-departementales-et-regionales-de-2021"],"yoast_head":"<!-- This site is optimized with the Yoast SEO plugin v22.8 - https:\/\/yoast.com\/wordpress\/plugins\/seo\/ -->\n<title>Mandats locaux\u00a0: les femmes plus nombreuses, sauf aux postes de direction - Elles Aussi<\/title>\n<meta name=\"robots\" content=\"index, follow, max-snippet:-1, max-image-preview:large, max-video-preview:-1\" \/>\n<link rel=\"canonical\" href=\"https:\/\/www.ellesaussi.org\/?p=875\" \/>\n<meta property=\"og:locale\" content=\"fr_FR\" \/>\n<meta property=\"og:type\" content=\"article\" \/>\n<meta property=\"og:title\" content=\"Mandats locaux\u00a0: les femmes plus nombreuses, sauf aux postes de direction - Elles Aussi\" \/>\n<meta property=\"og:description\" content=\"(source inegalites.fr) Seules 5 r\u00e9gions sur 18 ont une pr\u00e9sidente \u00e0 leur t\u00eate. \u00c0 peine 20\u00a0% des maires sont des femmes. Malgr\u00e9 la parit\u00e9 impos\u00e9e par la loi, les directions des assembl\u00e9es locales restent encore peu accessibles aux femmes. La part des conseill\u00e8res municipales est de 42,4\u00a0% en 2021 contre 40,3\u00a0% en 2014, selon les [&hellip;]\" \/>\n<meta property=\"og:url\" content=\"https:\/\/www.ellesaussi.org\/?p=875\" \/>\n<meta property=\"og:site_name\" content=\"Elles Aussi\" \/>\n<meta property=\"article:publisher\" content=\"https:\/\/www.facebook.com\/ellesaussi\/\" \/>\n<meta property=\"article:published_time\" content=\"2021-04-06T14:39:00+00:00\" \/>\n<meta property=\"article:modified_time\" content=\"2024-10-16T14:40:59+00:00\" \/>\n<meta property=\"og:image\" content=\"https:\/\/www.ellesaussi.org\/wp-content\/uploads\/2024\/10\/e71e1a777b3e112a6642ff315df47b.jpg\" \/>\n\t<meta property=\"og:image:width\" content=\"530\" \/>\n\t<meta property=\"og:image:height\" content=\"360\" \/>\n\t<meta property=\"og:image:type\" content=\"image\/jpeg\" \/>\n<meta name=\"author\" content=\"admin\" \/>\n<meta name=\"twitter:card\" content=\"summary_large_image\" \/>\n<meta name=\"twitter:label1\" content=\"\u00c9crit par\" \/>\n\t<meta name=\"twitter:data1\" content=\"admin\" \/>\n\t<meta name=\"twitter:label2\" content=\"Dur\u00e9e de lecture estim\u00e9e\" \/>\n\t<meta name=\"twitter:data2\" content=\"5 minutes\" \/>\n<script type=\"application\/ld+json\" class=\"yoast-schema-graph\">{\"@context\":\"https:\/\/schema.org\",\"@graph\":[{\"@type\":\"Article\",\"@id\":\"https:\/\/www.ellesaussi.org\/?p=875#article\",\"isPartOf\":{\"@id\":\"https:\/\/www.ellesaussi.org\/?p=875\"},\"author\":{\"name\":\"admin\",\"@id\":\"https:\/\/www.ellesaussi.org\/#\/schema\/person\/eeca4be50db30b5dbb39f78fc3364160\"},\"headline\":\"Mandats locaux\u00a0: les femmes plus nombreuses, sauf aux postes de direction\",\"datePublished\":\"2021-04-06T14:39:00+00:00\",\"dateModified\":\"2024-10-16T14:40:59+00:00\",\"mainEntityOfPage\":{\"@id\":\"https:\/\/www.ellesaussi.org\/?p=875\"},\"wordCount\":1012,\"publisher\":{\"@id\":\"https:\/\/www.ellesaussi.org\/#organization\"},\"image\":{\"@id\":\"https:\/\/www.ellesaussi.org\/?p=875#primaryimage\"},\"thumbnailUrl\":\"https:\/\/www.ellesaussi.org\/wp-content\/uploads\/2024\/10\/e71e1a777b3e112a6642ff315df47b.jpg\",\"articleSection\":[\"Elections d\u00e9partementales et r\u00e9gionales de 2021\"],\"inLanguage\":\"fr-FR\"},{\"@type\":\"WebPage\",\"@id\":\"https:\/\/www.ellesaussi.org\/?p=875\",\"url\":\"https:\/\/www.ellesaussi.org\/?p=875\",\"name\":\"Mandats locaux\u00a0: les femmes plus nombreuses, sauf aux postes de direction - Elles Aussi\",\"isPartOf\":{\"@id\":\"https:\/\/www.ellesaussi.org\/#website\"},\"primaryImageOfPage\":{\"@id\":\"https:\/\/www.ellesaussi.org\/?p=875#primaryimage\"},\"image\":{\"@id\":\"https:\/\/www.ellesaussi.org\/?p=875#primaryimage\"},\"thumbnailUrl\":\"https:\/\/www.ellesaussi.org\/wp-content\/uploads\/2024\/10\/e71e1a777b3e112a6642ff315df47b.jpg\",\"datePublished\":\"2021-04-06T14:39:00+00:00\",\"dateModified\":\"2024-10-16T14:40:59+00:00\",\"breadcrumb\":{\"@id\":\"https:\/\/www.ellesaussi.org\/?p=875#breadcrumb\"},\"inLanguage\":\"fr-FR\",\"potentialAction\":[{\"@type\":\"ReadAction\",\"target\":[\"https:\/\/www.ellesaussi.org\/?p=875\"]}]},{\"@type\":\"ImageObject\",\"inLanguage\":\"fr-FR\",\"@id\":\"https:\/\/www.ellesaussi.org\/?p=875#primaryimage\",\"url\":\"https:\/\/www.ellesaussi.org\/wp-content\/uploads\/2024\/10\/e71e1a777b3e112a6642ff315df47b.jpg\",\"contentUrl\":\"https:\/\/www.ellesaussi.org\/wp-content\/uploads\/2024\/10\/e71e1a777b3e112a6642ff315df47b.jpg\",\"width\":530,\"height\":360},{\"@type\":\"BreadcrumbList\",\"@id\":\"https:\/\/www.ellesaussi.org\/?p=875#breadcrumb\",\"itemListElement\":[{\"@type\":\"ListItem\",\"position\":1,\"name\":\"Accueil\",\"item\":\"https:\/\/www.ellesaussi.org\/\"},{\"@type\":\"ListItem\",\"position\":2,\"name\":\"Mandats locaux\u00a0: les femmes plus nombreuses, sauf aux postes de direction\"}]},{\"@type\":\"WebSite\",\"@id\":\"https:\/\/www.ellesaussi.org\/#website\",\"url\":\"https:\/\/www.ellesaussi.org\/\",\"name\":\"Elles Aussi\",\"description\":\"\",\"publisher\":{\"@id\":\"https:\/\/www.ellesaussi.org\/#organization\"},\"potentialAction\":[{\"@type\":\"SearchAction\",\"target\":{\"@type\":\"EntryPoint\",\"urlTemplate\":\"https:\/\/www.ellesaussi.org\/?s={search_term_string}\"},\"query-input\":\"required name=search_term_string\"}],\"inLanguage\":\"fr-FR\"},{\"@type\":\"Organization\",\"@id\":\"https:\/\/www.ellesaussi.org\/#organization\",\"name\":\"Elles Aussi\",\"url\":\"https:\/\/www.ellesaussi.org\/\",\"logo\":{\"@type\":\"ImageObject\",\"inLanguage\":\"fr-FR\",\"@id\":\"https:\/\/www.ellesaussi.org\/#\/schema\/logo\/image\/\",\"url\":\"https:\/\/www.ellesaussi.org\/wp-content\/uploads\/2024\/05\/Elles-aussi_logotype_rouge.png\",\"contentUrl\":\"https:\/\/www.ellesaussi.org\/wp-content\/uploads\/2024\/05\/Elles-aussi_logotype_rouge.png\",\"width\":3472,\"height\":2480,\"caption\":\"Elles Aussi\"},\"image\":{\"@id\":\"https:\/\/www.ellesaussi.org\/#\/schema\/logo\/image\/\"},\"sameAs\":[\"https:\/\/www.facebook.com\/ellesaussi\/\"]},{\"@type\":\"Person\",\"@id\":\"https:\/\/www.ellesaussi.org\/#\/schema\/person\/eeca4be50db30b5dbb39f78fc3364160\",\"name\":\"admin\",\"image\":{\"@type\":\"ImageObject\",\"inLanguage\":\"fr-FR\",\"@id\":\"https:\/\/www.ellesaussi.org\/#\/schema\/person\/image\/\",\"url\":\"https:\/\/secure.gravatar.com\/avatar\/62da4937aa6d6b509192861c0b966204a1b742b2814f6387fa08fe6c98a8729c?s=96&d=mm&r=g\",\"contentUrl\":\"https:\/\/secure.gravatar.com\/avatar\/62da4937aa6d6b509192861c0b966204a1b742b2814f6387fa08fe6c98a8729c?s=96&d=mm&r=g\",\"caption\":\"admin\"},\"sameAs\":[\"https:\/\/elles129186.webdb78.lwspanel.com\"],\"url\":\"https:\/\/www.ellesaussi.org\/?author=1\"}]}<\/script>\n<!-- \/ Yoast SEO plugin. -->","yoast_head_json":{"title":"Mandats locaux\u00a0: les femmes plus nombreuses, sauf aux postes de direction - Elles Aussi","robots":{"index":"index","follow":"follow","max-snippet":"max-snippet:-1","max-image-preview":"max-image-preview:large","max-video-preview":"max-video-preview:-1"},"canonical":"https:\/\/www.ellesaussi.org\/?p=875","og_locale":"fr_FR","og_type":"article","og_title":"Mandats locaux\u00a0: les femmes plus nombreuses, sauf aux postes de direction - Elles Aussi","og_description":"(source inegalites.fr) Seules 5 r\u00e9gions sur 18 ont une pr\u00e9sidente \u00e0 leur t\u00eate. \u00c0 peine 20\u00a0% des maires sont des femmes. Malgr\u00e9 la parit\u00e9 impos\u00e9e par la loi, les directions des assembl\u00e9es locales restent encore peu accessibles aux femmes. La part des conseill\u00e8res municipales est de 42,4\u00a0% en 2021 contre 40,3\u00a0% en 2014, selon les [&hellip;]","og_url":"https:\/\/www.ellesaussi.org\/?p=875","og_site_name":"Elles Aussi","article_publisher":"https:\/\/www.facebook.com\/ellesaussi\/","article_published_time":"2021-04-06T14:39:00+00:00","article_modified_time":"2024-10-16T14:40:59+00:00","og_image":[{"width":530,"height":360,"url":"https:\/\/www.ellesaussi.org\/wp-content\/uploads\/2024\/10\/e71e1a777b3e112a6642ff315df47b.jpg","type":"image\/jpeg"}],"author":"admin","twitter_card":"summary_large_image","twitter_misc":{"\u00c9crit par":"admin","Dur\u00e9e de lecture estim\u00e9e":"5 minutes"},"schema":{"@context":"https:\/\/schema.org","@graph":[{"@type":"Article","@id":"https:\/\/www.ellesaussi.org\/?p=875#article","isPartOf":{"@id":"https:\/\/www.ellesaussi.org\/?p=875"},"author":{"name":"admin","@id":"https:\/\/www.ellesaussi.org\/#\/schema\/person\/eeca4be50db30b5dbb39f78fc3364160"},"headline":"Mandats locaux\u00a0: les femmes plus nombreuses, sauf aux postes de direction","datePublished":"2021-04-06T14:39:00+00:00","dateModified":"2024-10-16T14:40:59+00:00","mainEntityOfPage":{"@id":"https:\/\/www.ellesaussi.org\/?p=875"},"wordCount":1012,"publisher":{"@id":"https:\/\/www.ellesaussi.org\/#organization"},"image":{"@id":"https:\/\/www.ellesaussi.org\/?p=875#primaryimage"},"thumbnailUrl":"https:\/\/www.ellesaussi.org\/wp-content\/uploads\/2024\/10\/e71e1a777b3e112a6642ff315df47b.jpg","articleSection":["Elections d\u00e9partementales et r\u00e9gionales de 2021"],"inLanguage":"fr-FR"},{"@type":"WebPage","@id":"https:\/\/www.ellesaussi.org\/?p=875","url":"https:\/\/www.ellesaussi.org\/?p=875","name":"Mandats locaux\u00a0: les femmes plus nombreuses, sauf aux postes de direction - Elles Aussi","isPartOf":{"@id":"https:\/\/www.ellesaussi.org\/#website"},"primaryImageOfPage":{"@id":"https:\/\/www.ellesaussi.org\/?p=875#primaryimage"},"image":{"@id":"https:\/\/www.ellesaussi.org\/?p=875#primaryimage"},"thumbnailUrl":"https:\/\/www.ellesaussi.org\/wp-content\/uploads\/2024\/10\/e71e1a777b3e112a6642ff315df47b.jpg","datePublished":"2021-04-06T14:39:00+00:00","dateModified":"2024-10-16T14:40:59+00:00","breadcrumb":{"@id":"https:\/\/www.ellesaussi.org\/?p=875#breadcrumb"},"inLanguage":"fr-FR","potentialAction":[{"@type":"ReadAction","target":["https:\/\/www.ellesaussi.org\/?p=875"]}]},{"@type":"ImageObject","inLanguage":"fr-FR","@id":"https:\/\/www.ellesaussi.org\/?p=875#primaryimage","url":"https:\/\/www.ellesaussi.org\/wp-content\/uploads\/2024\/10\/e71e1a777b3e112a6642ff315df47b.jpg","contentUrl":"https:\/\/www.ellesaussi.org\/wp-content\/uploads\/2024\/10\/e71e1a777b3e112a6642ff315df47b.jpg","width":530,"height":360},{"@type":"BreadcrumbList","@id":"https:\/\/www.ellesaussi.org\/?p=875#breadcrumb","itemListElement":[{"@type":"ListItem","position":1,"name":"Accueil","item":"https:\/\/www.ellesaussi.org\/"},{"@type":"ListItem","position":2,"name":"Mandats locaux\u00a0: les femmes plus nombreuses, sauf aux postes de direction"}]},{"@type":"WebSite","@id":"https:\/\/www.ellesaussi.org\/#website","url":"https:\/\/www.ellesaussi.org\/","name":"Elles Aussi","description":"","publisher":{"@id":"https:\/\/www.ellesaussi.org\/#organization"},"potentialAction":[{"@type":"SearchAction","target":{"@type":"EntryPoint","urlTemplate":"https:\/\/www.ellesaussi.org\/?s={search_term_string}"},"query-input":"required name=search_term_string"}],"inLanguage":"fr-FR"},{"@type":"Organization","@id":"https:\/\/www.ellesaussi.org\/#organization","name":"Elles Aussi","url":"https:\/\/www.ellesaussi.org\/","logo":{"@type":"ImageObject","inLanguage":"fr-FR","@id":"https:\/\/www.ellesaussi.org\/#\/schema\/logo\/image\/","url":"https:\/\/www.ellesaussi.org\/wp-content\/uploads\/2024\/05\/Elles-aussi_logotype_rouge.png","contentUrl":"https:\/\/www.ellesaussi.org\/wp-content\/uploads\/2024\/05\/Elles-aussi_logotype_rouge.png","width":3472,"height":2480,"caption":"Elles Aussi"},"image":{"@id":"https:\/\/www.ellesaussi.org\/#\/schema\/logo\/image\/"},"sameAs":["https:\/\/www.facebook.com\/ellesaussi\/"]},{"@type":"Person","@id":"https:\/\/www.ellesaussi.org\/#\/schema\/person\/eeca4be50db30b5dbb39f78fc3364160","name":"admin","image":{"@type":"ImageObject","inLanguage":"fr-FR","@id":"https:\/\/www.ellesaussi.org\/#\/schema\/person\/image\/","url":"https:\/\/secure.gravatar.com\/avatar\/62da4937aa6d6b509192861c0b966204a1b742b2814f6387fa08fe6c98a8729c?s=96&d=mm&r=g","contentUrl":"https:\/\/secure.gravatar.com\/avatar\/62da4937aa6d6b509192861c0b966204a1b742b2814f6387fa08fe6c98a8729c?s=96&d=mm&r=g","caption":"admin"},"sameAs":["https:\/\/elles129186.webdb78.lwspanel.com"],"url":"https:\/\/www.ellesaussi.org\/?author=1"}]}},"_links":{"self":[{"href":"https:\/\/www.ellesaussi.org\/index.php?rest_route=\/wp\/v2\/posts\/875","targetHints":{"allow":["GET"]}}],"collection":[{"href":"https:\/\/www.ellesaussi.org\/index.php?rest_route=\/wp\/v2\/posts"}],"about":[{"href":"https:\/\/www.ellesaussi.org\/index.php?rest_route=\/wp\/v2\/types\/post"}],"author":[{"embeddable":true,"href":"https:\/\/www.ellesaussi.org\/index.php?rest_route=\/wp\/v2\/users\/1"}],"replies":[{"embeddable":true,"href":"https:\/\/www.ellesaussi.org\/index.php?rest_route=%2Fwp%2Fv2%2Fcomments&post=875"}],"version-history":[{"count":4,"href":"https:\/\/www.ellesaussi.org\/index.php?rest_route=\/wp\/v2\/posts\/875\/revisions"}],"predecessor-version":[{"id":880,"href":"https:\/\/www.ellesaussi.org\/index.php?rest_route=\/wp\/v2\/posts\/875\/revisions\/880"}],"wp:featuredmedia":[{"embeddable":true,"href":"https:\/\/www.ellesaussi.org\/index.php?rest_route=\/wp\/v2\/media\/876"}],"wp:attachment":[{"href":"https:\/\/www.ellesaussi.org\/index.php?rest_route=%2Fwp%2Fv2%2Fmedia&parent=875"}],"wp:term":[{"taxonomy":"category","embeddable":true,"href":"https:\/\/www.ellesaussi.org\/index.php?rest_route=%2Fwp%2Fv2%2Fcategories&post=875"},{"taxonomy":"post_tag","embeddable":true,"href":"https:\/\/www.ellesaussi.org\/index.php?rest_route=%2Fwp%2Fv2%2Ftags&post=875"}],"curies":[{"name":"wp","href":"https:\/\/api.w.org\/{rel}","templated":true}]}}