{"id":790,"date":"2022-07-05T15:50:00","date_gmt":"2022-07-05T13:50:00","guid":{"rendered":"https:\/\/elles129186.webdb78.lwspanel.com\/?p=790"},"modified":"2024-10-16T15:52:24","modified_gmt":"2024-10-16T13:52:24","slug":"le-nouveau-visage-de-lassemblee-nationale","status":"publish","type":"post","link":"https:\/\/www.ellesaussi.org\/?p=790","title":{"rendered":"Le nouveau visage de l\u2019Assembl\u00e9e nationale"},"content":{"rendered":"\t\t<div data-elementor-type=\"wp-post\" data-elementor-id=\"790\" class=\"elementor elementor-790\" data-elementor-post-type=\"post\">\n\t\t\t\t<div class=\"elementor-element elementor-element-e7cc2f8 e-flex e-con-boxed e-con e-parent\" data-id=\"e7cc2f8\" data-element_type=\"container\">\n\t\t\t\t\t<div class=\"e-con-inner\">\n\t\t\t\t<div class=\"elementor-element elementor-element-3f5f7bb elementor-widget elementor-widget-text-editor\" data-id=\"3f5f7bb\" data-element_type=\"widget\" data-widget_type=\"text-editor.default\">\n\t\t\t\t<div class=\"elementor-widget-container\">\n\t\t\t\t\t\t\t<p><strong><span style=\"color: #f15b43;\">Plus de femmes aux postes de pouvoir et plus de diversit\u00e9<\/span><\/strong><\/p><p><strong><span style=\"color: #f15b43;\">Une assembl\u00e9e renouvel\u00e9e et rajeunie \u00a0<\/span><\/strong><\/p><p>La campagne des l\u00e9gislatives s\u2019est termin\u00e9e entre deux camps virils, les soutiens du pr\u00e9sident de la R\u00e9publique inquiets, et M\u00e9lenchon comme \u00e9pouvantail avec la Nupes, ne laissant aucune place \u00e0 d\u2019autres acteurs. Le d\u00e9bat a plong\u00e9 dans la caricature et les attaques grossi\u00e8res, parfois fausses.\u00a0<\/p><p><strong><span style=\"color: #f15b43;\">La nouvelle assembl\u00e9e sortie des urnes ram\u00e8ne heureusement \u00e0 la r\u00e9alit\u00e9 d\u2019un pays fragment\u00e9 mais bien vivant.<\/span><\/strong><\/p><p>C\u2019est une assembl\u00e9e renouvel\u00e9e avec une part de 52% de primo-d\u00e9put\u00e9\u00b7e\u00b7s, issu\u00b7e\u00b7s principalement des rangs de LFI et du RN, ce dernier confirmant son institutionnalisation, malgr\u00e9 un programme toujours profond\u00e9ment x\u00e9nophobe et une attitude r\u00e9actionnaire par rapport aux droits des femmes, masqu\u00e9s par l\u2019apparence du discours protecteur de Marine Le Pen.<\/p><p>C\u2019est une assembl\u00e9e rajeunie : plus d\u2019un quart des d\u00e9put\u00e9\u00b7e\u00b7s ont moins de quarante ans ; et ce rajeunissement touche l\u2019ensemble des bancs de l\u2019opposition sauf LR.<\/p><p>Le profil socio-professionnel des \u00e9lu\u00b7e\u00b7s \u00e9volue aussi. Certes, les cadres sup\u00e9rieurs et les professions intellectuelles y sont toujours surrepr\u00e9sent\u00e9es, mais on observe une progression des classes moyennes (employ\u00e9s etc.) tr\u00e8s pr\u00e9sentes \u00e0 LFI.<\/p><p>Avant de d\u00e9velopper la question des places que les femmes y occupent, choisissons comme symbole de ce renouvellement deux figures f\u00e9minines repr\u00e9sentantes des \u00ab invisibles et essentiels \u00bb pr\u00e9sent\u00e9es par la Nupes et rep\u00e9r\u00e9es par les m\u00e9dias. Rachel Keke, ancienne femme de chambre de 48 ans, originaire de C\u00f4te d\u2019Ivoire, \u00e9lue du Val de Marne, et Mathilde Hignet, ouvri\u00e8re agricole de 29 ans \u00e9lue en Ille et Vilaine auront \u00e0 parler pour celles et ceux qui ne se sentent pas repr\u00e9sent\u00e9s, ni dans leurs pr\u00e9occupations ni par quelqu\u2019un qui leur ressemble, et souvent s\u2019abstiennent.<\/p><p><strong><span style=\"color: #f15b43;\">\u00a0Plus de candidates mais un peu moins d\u2019\u00e9lues qu\u2019en 2017<\/span><\/strong><\/p><p>Elles \u00e9taient 2779 candidates au premier tour, soit 44,2% de celles et ceux qui se pr\u00e9sentaient aux \u00e9lections l\u00e9gislatives, un peu plus qu\u2019en 2017 (42,4%). Elles sont 215 \u00e0 \u00eatre \u00e9lues, soit 37,3% des d\u00e9put\u00e9\u00b7e\u00b7s. C\u2019est un l\u00e9ger recul par rapport aux \u00e9lections de juin 2017 (38,6%), mais ce chiffre n\u2019est pas d\u00e9finitif en raison de futures nominations au gouvernement et de d\u00e9sistements pour cause de cumul de mandats. Par contre, c\u2019est encore une d\u00e9monstration du fait que les circonscriptions o\u00f9 sont investies les femmes sont plus souvent celles o\u00f9 il est difficile de gagner. Cela est particuli\u00e8rement vrai pour le parti RN (37% d\u2019\u00e9lues pour 49, 4% de candidates).<\/p><p>Avec l\u2019incitation financi\u00e8re \u00e0 pr\u00e9senter autant de candidates que de candidats sans obligation de r\u00e9sultat, on atteint la limite de l\u2019exercice. Rappelons que la retenue financi\u00e8re pour non parit\u00e9 de candidatures ne s\u2019applique que sur la premi\u00e8re partie de la dotation faite aux partis politiques, c\u2019est\u00e0-dire en fonction du nombre de voix sur leurs candidat\u00b7e\u00b7s au premier tour de l\u2019\u00e9lection alors que la deuxi\u00e8me partie de la dotation qui concerne le nombre d\u2019\u00e9lu\u00b7e\u00b7s est indiff\u00e9rente au sexe. Comme \u00e0 chaque fois le groupe LR\/UDI reste le mauvais \u00e9l\u00e8ve avec 37,8% de candidates et 29,5% d\u2019\u00e9lues, et pr\u00e9f\u00e8re donc une dotation amoindrie. Les autres formations ont plus ou moins respect\u00e9 la parit\u00e9 dans les candidatures.<\/p><p>\u00a0Nous rappelons qu\u2019Elles aussi a toujours \u00e9t\u00e9 contre les p\u00e9nalit\u00e9s financi\u00e8res et pr\u00e9f\u00e9r\u00e9 un mode de scrutin qui garantirait la parit\u00e9.<\/p><p><strong><span style=\"color: #f15b43;\">Ya\u00ebl Braun-Pivet, premi\u00e8re femme \u00e0 pr\u00e9sider l\u2019Assembl\u00e9e nationale, 78 ans apr\u00e8s le droit de vote ! il \u00e9tait temps pour la France, \u00e0 la tra\u00eene au vu de nombreux pays europ\u00e9ens !<\/span><\/strong><\/p><p>Port\u00e9 au pouvoir en 2017 par un puissant ph\u00e9nom\u00e8ne de rejet d\u2019une classe politique fig\u00e9e, avec ses partis et ses castes, le mouvement En Marche avait offert l\u2019acc\u00e8s \u00e0 la d\u00e9putation \u00e0 de nombreuses personnalit\u00e9s de la soci\u00e9t\u00e9 civile faisant ainsi cro\u00eetre significativement le nombre de femmes dans la repr\u00e9sentation. Ya\u00ebl Braun-Pivet, avocate de profession et m\u00e8re de cinq enfants \u00e9tait l\u2019une de ces primo-d\u00e9put\u00e9es. Son parcours est \u00e0 la fois hors norme dans son d\u00e9veloppement et similaire \u00e0 celui d\u2019autres femmes qui ne reculent pas devant leurs d\u00e9sirs d\u2019engagement politique et leur ambition.<\/p><p>De culture juive par son p\u00e8re sans \u00eatre croyante ou pratiquante, elle rappelle souvent que ses grandsparents paternels ont \u00e9migr\u00e9 de Pologne en France dans les ann\u00e9es 1930 pour fuir l\u2019antis\u00e9mitisme. Elle \u00e9voque aussi volontiers son enfance \u00e0 Nancy dans une famille qui cultive l\u2019esprit d\u2019ind\u00e9pendance et le d\u00e9bat politique, o\u00f9 la m\u00e8re donne l\u2019exemple : avide de se former et d\u2019apprendre pour \u00e9chapper \u00e0 une condition subalterne assign\u00e9e par ses origines sociales.<\/p><p>De son passage dans les ann\u00e9es 2000, \u00e0 la section PS de Tokyo (alors, expatri\u00e9e au Japon pour accompagner son mari dans sa poursuite professionnelle), elle dit y avoir trouv\u00e9 le go\u00fbt de l\u2019engagement politique. C\u2019est ainsi, qu\u2019acquise \u00e0 la d\u00e9marche d\u2019Emmanuel Macron de \u00ab prendre ce qu\u2019il y a de bon \u00e0 gauche comme \u00e0 droite \u00bb elle adh\u00e8re en 2016 \u00e0 En Marche.<\/p><p>Comme beaucoup de femmes, elle est alors active dans le r\u00e9seau associatif local. R\u00e9sidant en Yvelines, elle est investie b\u00e9n\u00e9volement dans le r\u00e9seau des Restos du C\u0153ur qu\u2019elle d\u00e9veloppe et o\u00f9 elle donne des conseils juridiques \u00e0 ceux qui en ont besoin.<\/p><p>\u00a0Dans la foul\u00e9e de son \u00e9lection \u00e0 l\u2019Assembl\u00e9e nationale, elle se pr\u00e9sente et est \u00e9lue, quasi-inconnue, \u00e0 la pr\u00e9sidence de la prestigieuse commission des lois. Ses d\u00e9buts y sont difficiles. Moqu\u00e9e, elle doit faire face \u00e0 un proc\u00e8s d\u2019incomp\u00e9tence assorti de remarques sexistes, bizutage, tentatives de d\u00e9stabilisation. \u00ab Je ne laisse jamais sans r\u00e9action ce type de man\u0153uvres, le sexisme ne doit plus passer \u00bb dit-elle.<\/p><p>Sa pugnacit\u00e9 et sa force de travail ont raison des attaques, elle apprend le m\u00e9tier, son empathie, sa bienveillance et sa capacit\u00e9 \u00e0 d\u00e9velopper un rapport positif et agr\u00e9able avec les gens font le reste. Elle finit par s\u2019imposer \u00e0 tous comme pr\u00e9sidente de la commission. Pr\u00e9sidente atypique, elle d\u00e9veloppe une m\u00e9thode (peut-\u00eatre h\u00e9rit\u00e9e de son pass\u00e9 associatif) : \u00ab aborder les politiques publiques sur la base de contr\u00f4les exerc\u00e9s sur le terrain \u00bb. Ainsi, c\u2019est par des visites simultan\u00e9es des centres p\u00e9nitentiaires que la commission \u00e9tudie de pr\u00e8s la situation carc\u00e9rale fran\u00e7aise.<\/p><p>Bonne soldate, loyale \u00e0 sa majorit\u00e9, elle est mise en difficult\u00e9, quand, ayant pris en 2018 la pr\u00e9sidence de la commission d\u2019enqu\u00eate de l\u2019Assembl\u00e9e nationale sur l\u2019affaire Benalla, elle y met pr\u00e9matur\u00e9ment un terme sans formuler de conclusion, ce qui lui a vaut d\u2019\u00eatre alors la cible de menaces sexistes et injures antis\u00e9mites.<\/p><p>Le 28 juin, forte de son capital politique rudement acquis, Ya\u00ebl Braun-Pivet est \u00e9lue pr\u00e9sidente de l\u2019Assembl\u00e9e nationale, quatri\u00e8me personnage de l\u2019Etat, et premi\u00e8re femme \u00e0 occuper ce poste en France. Dans son premier discours, elle affirme l\u2019importance du d\u00e9bat :\u00ab les Fran\u00e7ais nous enjoignent de travailler ensemble, de d\u00e9battre plut\u00f4t que de nous battre \u00bb et elle insiste sur l\u2019\u00e9galit\u00e9 femmeshommes : \u00ab un chemin long et sinueux \u00bb en \u00e9voquant jeanne Deroin, cette ouvri\u00e8re autodidacte et f\u00e9ministe, candidate aux l\u00e9gislatives de 1849 moqu\u00e9e par tous, m\u00eame dans son propre camp.<\/p><p>Le bureau de l\u2019Assembl\u00e9e une fois install\u00e9, le premier d\u00e9placement de la pr\u00e9sidente est pour la Maison des Femmes \u00e0 St Denis, lieu d\u2019accueil de victimes de violences sexuelles et intrafamiliales. Elle y r\u00e9affirme sa m\u00e9thode qui est aussi un savoir-\u00eatre : \u00ab je souhaite marquer ma pr\u00e9sidence par beaucoup de visites de terrain, je veux aller vers les gens \u00bb.<\/p><p><strong><span style=\"color: #f15b43;\">Une gouvernance avec un majorit\u00e9 de femmes : La question de leurs comp\u00e9tences et de leur l\u00e9gitimit\u00e9 ne se pose plus !\u00a0<\/span><\/strong><\/p><p>Au bureau 12 femmes et 10 hommes en incluant la pr\u00e9sidente, mais pour tenir les comptes, c\u2019est plut\u00f4t une affaire d\u2019hommes avec 2 questeurs et une questeure et les privil\u00e8ges associ\u00e9s.<\/p><p>C\u2019est le signe que s\u2019installe une culture de la parit\u00e9 et de l\u2019\u00e9galit\u00e9. Cela montre qu\u2019un ex\u00e9cutif peut \u00eatre paritaire alors que l\u2019assembl\u00e9e ne l\u2019est pas, argument que l\u2019on nous oppose dans le cas des intercommunalit\u00e9s ; en fait, on voit bien qu\u2019il s\u2019agit de volont\u00e9 politique.\u00a0 On esp\u00e8re un effet mod\u00e8le dans les territoires o\u00f9 les femmes restent tax\u00e9es d\u2019incomp\u00e9tence et o\u00f9 les hommes, professionnels de la politique, restent aux commandes (ex : maires et pr\u00e9sidents de collectivit\u00e9s territoriales).\u00a0<\/p><p>L\u2019Union europ\u00e9enne avait montr\u00e9 l\u2019exemple en 2019 avec sa commission paritaire et des femmes \u00e0 des postes-cl\u00e9s.<\/p><p>A noter \u00e9galement l\u2019arriv\u00e9e de femmes \u00e0 la pr\u00e9sidence de groupes politiques.<\/p><p>Est-ce parce que nous traversons une p\u00e9riode de crise que l\u2019on ouvre la gouvernance aux femmes et \u00e0 de nouvelles comp\u00e9tences ?\u00a0\u00a0<\/p><p><strong><span style=\"color: #f15b43;\">Des pr\u00e9sidences de commission st\u00e9r\u00e9otyp\u00e9es (2 femmes, 6 hommes)<\/span><\/strong><\/p><p>Aux femmes, la culture\/ l\u2019\u00e9ducation et les affaires sociales, aux hommes les Finances, la D\u00e9fense, les affaires \u00e9conomiques, les lois\u2026 C\u2019est \u00e0 l\u2019image de ce que l\u2019on retrouve dans les d\u00e9l\u00e9gations au niveau des collectivit\u00e9s territoriales, o\u00f9 demeurent des r\u00e9flexes patriarcaux, aux hommes le r\u00e9galien, aux femmes le \u00ab care \u00bb. A noter cependant une recherche de partage \u00e9quilibr\u00e9 entre les femmes et les hommes dans les bureaux avec les postes de vice-pr\u00e9sidence et de secr\u00e9tariat.<\/p><p><span style=\"color: #f15b43;\"><strong>En conclusion\u00a0<\/strong><\/span><\/p><p>Nous pouvons dire avec Dominique Rousseau, professeur de droit public \u00e0 Paris-Panth\u00e9on Sorbonne : \u00ab La nouvelle assembl\u00e9e signe le retour de la d\u00e9lib\u00e9ration d\u00e9mocratique \u00e0 condition que chaque groupe politique accepte de n\u00e9gocier et de construire des compromis \u00bb.\u00a0<\/p><p>\u00a0Cette nouvelle assembl\u00e9e initie une nouvelle \u00e8re pour la parit\u00e9 et l\u2019\u00e9galit\u00e9 o\u00f9 nous souhaitons que se r\u00e9alisent les objectifs du mouvement paritaire qui a port\u00e9 les avanc\u00e9es l\u00e9gislatives depuis l\u2019ann\u00e9e 2000.\u00a0\u00a0<\/p><p>L\u2019annonce du nouveau gouvernement nous fait revenir \u00e0 un constat atterrant : les femmes sont minoritaires parmi les ministres avec une seule femme charg\u00e9e d\u2019un minist\u00e8re r\u00e9galien, elles sont minoritaires parmi les ministres d\u00e9l\u00e9gu\u00e9s , mais elles sont dix des onze secr\u00e9taires d\u2019\u00e9tat pour ajuster num\u00e9riquement la parit\u00e9 ! ce qui est possible \u00e0 l\u2019assembl\u00e9e nationale, repr\u00e9sentation du peuple o\u00f9 elles sont bien pr\u00e9sentes en responsabilit\u00e9, comme dans la vie, ne l\u2019est plus au c\u0153ur du pouvoir qui r\u00e9agit comme en backlash : gouverner est sexu\u00e9 \u00ab m\u00e2le dominant \u00bb avec une premi\u00e8re ministre en paravent. Nous voil\u00e0 revenues au temps des jupettes, le vieux monde patriarcal est toujours debout mais nous sommes entr\u00e9es dans l\u2019Histoire et notre d\u00e9termination n\u2019est pas atteinte par ce coup bas.<\/p><p>Anne-Marie Marmier et Armelle Danet, vice-pr\u00e9sidentes<\/p>\t\t\t\t\t\t<\/div>\n\t\t\t\t<\/div>\n\t\t\t\t\t<\/div>\n\t\t\t\t<\/div>\n\t\t\t\t<\/div>\n\t\t","protected":false},"excerpt":{"rendered":"<p>Plus de femmes aux postes de pouvoir et plus de diversit\u00e9 Une assembl\u00e9e renouvel\u00e9e et rajeunie \u00a0 La campagne des l\u00e9gislatives s\u2019est termin\u00e9e entre deux camps virils, les soutiens du pr\u00e9sident de la R\u00e9publique inquiets, et M\u00e9lenchon comme \u00e9pouvantail avec la Nupes, ne laissant aucune place \u00e0 d\u2019autres acteurs. Le d\u00e9bat a plong\u00e9 dans la [&hellip;]<\/p>\n","protected":false},"author":1,"featured_media":791,"comment_status":"closed","ping_status":"closed","sticky":false,"template":"","format":"standard","meta":{"footnotes":""},"categories":[33],"tags":[],"class_list":["post-790","post","type-post","status-publish","format-standard","has-post-thumbnail","hentry","category-elections-legislatives-juin-2022"],"yoast_head":"<!-- This site is optimized with the Yoast SEO plugin v22.8 - https:\/\/yoast.com\/wordpress\/plugins\/seo\/ -->\n<title>Le nouveau visage de l\u2019Assembl\u00e9e nationale - Elles Aussi<\/title>\n<meta name=\"robots\" content=\"index, follow, max-snippet:-1, max-image-preview:large, max-video-preview:-1\" \/>\n<link rel=\"canonical\" href=\"https:\/\/www.ellesaussi.org\/?p=790\" \/>\n<meta property=\"og:locale\" content=\"fr_FR\" \/>\n<meta property=\"og:type\" content=\"article\" \/>\n<meta property=\"og:title\" content=\"Le nouveau visage de l\u2019Assembl\u00e9e nationale - Elles Aussi\" \/>\n<meta property=\"og:description\" content=\"Plus de femmes aux postes de pouvoir et plus de diversit\u00e9 Une assembl\u00e9e renouvel\u00e9e et rajeunie \u00a0 La campagne des l\u00e9gislatives s\u2019est termin\u00e9e entre deux camps virils, les soutiens du pr\u00e9sident de la R\u00e9publique inquiets, et M\u00e9lenchon comme \u00e9pouvantail avec la Nupes, ne laissant aucune place \u00e0 d\u2019autres acteurs. Le d\u00e9bat a plong\u00e9 dans la [&hellip;]\" \/>\n<meta property=\"og:url\" content=\"https:\/\/www.ellesaussi.org\/?p=790\" \/>\n<meta property=\"og:site_name\" content=\"Elles Aussi\" \/>\n<meta property=\"article:publisher\" content=\"https:\/\/www.facebook.com\/ellesaussi\/\" \/>\n<meta property=\"article:published_time\" content=\"2022-07-05T13:50:00+00:00\" \/>\n<meta property=\"article:modified_time\" content=\"2024-10-16T13:52:24+00:00\" \/>\n<meta property=\"og:image\" content=\"https:\/\/www.ellesaussi.org\/wp-content\/uploads\/2024\/10\/ChroniqueDeLaPariteLegislatives.jpg\" \/>\n\t<meta property=\"og:image:width\" content=\"297\" \/>\n\t<meta property=\"og:image:height\" content=\"331\" \/>\n\t<meta property=\"og:image:type\" content=\"image\/jpeg\" \/>\n<meta name=\"author\" content=\"admin\" \/>\n<meta name=\"twitter:card\" content=\"summary_large_image\" \/>\n<meta name=\"twitter:label1\" content=\"\u00c9crit par\" \/>\n\t<meta name=\"twitter:data1\" content=\"admin\" \/>\n\t<meta name=\"twitter:label2\" content=\"Dur\u00e9e de lecture estim\u00e9e\" \/>\n\t<meta name=\"twitter:data2\" content=\"9 minutes\" \/>\n<script type=\"application\/ld+json\" class=\"yoast-schema-graph\">{\"@context\":\"https:\/\/schema.org\",\"@graph\":[{\"@type\":\"Article\",\"@id\":\"https:\/\/www.ellesaussi.org\/?p=790#article\",\"isPartOf\":{\"@id\":\"https:\/\/www.ellesaussi.org\/?p=790\"},\"author\":{\"name\":\"admin\",\"@id\":\"https:\/\/www.ellesaussi.org\/#\/schema\/person\/eeca4be50db30b5dbb39f78fc3364160\"},\"headline\":\"Le nouveau visage de l\u2019Assembl\u00e9e nationale\",\"datePublished\":\"2022-07-05T13:50:00+00:00\",\"dateModified\":\"2024-10-16T13:52:24+00:00\",\"mainEntityOfPage\":{\"@id\":\"https:\/\/www.ellesaussi.org\/?p=790\"},\"wordCount\":1909,\"publisher\":{\"@id\":\"https:\/\/www.ellesaussi.org\/#organization\"},\"image\":{\"@id\":\"https:\/\/www.ellesaussi.org\/?p=790#primaryimage\"},\"thumbnailUrl\":\"https:\/\/www.ellesaussi.org\/wp-content\/uploads\/2024\/10\/ChroniqueDeLaPariteLegislatives.jpg\",\"articleSection\":[\"Elections l\u00e9gislatives juin 2022\"],\"inLanguage\":\"fr-FR\"},{\"@type\":\"WebPage\",\"@id\":\"https:\/\/www.ellesaussi.org\/?p=790\",\"url\":\"https:\/\/www.ellesaussi.org\/?p=790\",\"name\":\"Le nouveau visage de l\u2019Assembl\u00e9e nationale - Elles Aussi\",\"isPartOf\":{\"@id\":\"https:\/\/www.ellesaussi.org\/#website\"},\"primaryImageOfPage\":{\"@id\":\"https:\/\/www.ellesaussi.org\/?p=790#primaryimage\"},\"image\":{\"@id\":\"https:\/\/www.ellesaussi.org\/?p=790#primaryimage\"},\"thumbnailUrl\":\"https:\/\/www.ellesaussi.org\/wp-content\/uploads\/2024\/10\/ChroniqueDeLaPariteLegislatives.jpg\",\"datePublished\":\"2022-07-05T13:50:00+00:00\",\"dateModified\":\"2024-10-16T13:52:24+00:00\",\"breadcrumb\":{\"@id\":\"https:\/\/www.ellesaussi.org\/?p=790#breadcrumb\"},\"inLanguage\":\"fr-FR\",\"potentialAction\":[{\"@type\":\"ReadAction\",\"target\":[\"https:\/\/www.ellesaussi.org\/?p=790\"]}]},{\"@type\":\"ImageObject\",\"inLanguage\":\"fr-FR\",\"@id\":\"https:\/\/www.ellesaussi.org\/?p=790#primaryimage\",\"url\":\"https:\/\/www.ellesaussi.org\/wp-content\/uploads\/2024\/10\/ChroniqueDeLaPariteLegislatives.jpg\",\"contentUrl\":\"https:\/\/www.ellesaussi.org\/wp-content\/uploads\/2024\/10\/ChroniqueDeLaPariteLegislatives.jpg\",\"width\":297,\"height\":331},{\"@type\":\"BreadcrumbList\",\"@id\":\"https:\/\/www.ellesaussi.org\/?p=790#breadcrumb\",\"itemListElement\":[{\"@type\":\"ListItem\",\"position\":1,\"name\":\"Accueil\",\"item\":\"https:\/\/www.ellesaussi.org\/\"},{\"@type\":\"ListItem\",\"position\":2,\"name\":\"Le nouveau visage de l\u2019Assembl\u00e9e nationale\"}]},{\"@type\":\"WebSite\",\"@id\":\"https:\/\/www.ellesaussi.org\/#website\",\"url\":\"https:\/\/www.ellesaussi.org\/\",\"name\":\"Elles Aussi\",\"description\":\"\",\"publisher\":{\"@id\":\"https:\/\/www.ellesaussi.org\/#organization\"},\"potentialAction\":[{\"@type\":\"SearchAction\",\"target\":{\"@type\":\"EntryPoint\",\"urlTemplate\":\"https:\/\/www.ellesaussi.org\/?s={search_term_string}\"},\"query-input\":\"required name=search_term_string\"}],\"inLanguage\":\"fr-FR\"},{\"@type\":\"Organization\",\"@id\":\"https:\/\/www.ellesaussi.org\/#organization\",\"name\":\"Elles Aussi\",\"url\":\"https:\/\/www.ellesaussi.org\/\",\"logo\":{\"@type\":\"ImageObject\",\"inLanguage\":\"fr-FR\",\"@id\":\"https:\/\/www.ellesaussi.org\/#\/schema\/logo\/image\/\",\"url\":\"https:\/\/www.ellesaussi.org\/wp-content\/uploads\/2024\/05\/Elles-aussi_logotype_rouge.png\",\"contentUrl\":\"https:\/\/www.ellesaussi.org\/wp-content\/uploads\/2024\/05\/Elles-aussi_logotype_rouge.png\",\"width\":3472,\"height\":2480,\"caption\":\"Elles Aussi\"},\"image\":{\"@id\":\"https:\/\/www.ellesaussi.org\/#\/schema\/logo\/image\/\"},\"sameAs\":[\"https:\/\/www.facebook.com\/ellesaussi\/\"]},{\"@type\":\"Person\",\"@id\":\"https:\/\/www.ellesaussi.org\/#\/schema\/person\/eeca4be50db30b5dbb39f78fc3364160\",\"name\":\"admin\",\"image\":{\"@type\":\"ImageObject\",\"inLanguage\":\"fr-FR\",\"@id\":\"https:\/\/www.ellesaussi.org\/#\/schema\/person\/image\/\",\"url\":\"https:\/\/secure.gravatar.com\/avatar\/62da4937aa6d6b509192861c0b966204a1b742b2814f6387fa08fe6c98a8729c?s=96&d=mm&r=g\",\"contentUrl\":\"https:\/\/secure.gravatar.com\/avatar\/62da4937aa6d6b509192861c0b966204a1b742b2814f6387fa08fe6c98a8729c?s=96&d=mm&r=g\",\"caption\":\"admin\"},\"sameAs\":[\"https:\/\/elles129186.webdb78.lwspanel.com\"],\"url\":\"https:\/\/www.ellesaussi.org\/?author=1\"}]}<\/script>\n<!-- \/ Yoast SEO plugin. -->","yoast_head_json":{"title":"Le nouveau visage de l\u2019Assembl\u00e9e nationale - Elles Aussi","robots":{"index":"index","follow":"follow","max-snippet":"max-snippet:-1","max-image-preview":"max-image-preview:large","max-video-preview":"max-video-preview:-1"},"canonical":"https:\/\/www.ellesaussi.org\/?p=790","og_locale":"fr_FR","og_type":"article","og_title":"Le nouveau visage de l\u2019Assembl\u00e9e nationale - Elles Aussi","og_description":"Plus de femmes aux postes de pouvoir et plus de diversit\u00e9 Une assembl\u00e9e renouvel\u00e9e et rajeunie \u00a0 La campagne des l\u00e9gislatives s\u2019est termin\u00e9e entre deux camps virils, les soutiens du pr\u00e9sident de la R\u00e9publique inquiets, et M\u00e9lenchon comme \u00e9pouvantail avec la Nupes, ne laissant aucune place \u00e0 d\u2019autres acteurs. Le d\u00e9bat a plong\u00e9 dans la [&hellip;]","og_url":"https:\/\/www.ellesaussi.org\/?p=790","og_site_name":"Elles Aussi","article_publisher":"https:\/\/www.facebook.com\/ellesaussi\/","article_published_time":"2022-07-05T13:50:00+00:00","article_modified_time":"2024-10-16T13:52:24+00:00","og_image":[{"width":297,"height":331,"url":"https:\/\/www.ellesaussi.org\/wp-content\/uploads\/2024\/10\/ChroniqueDeLaPariteLegislatives.jpg","type":"image\/jpeg"}],"author":"admin","twitter_card":"summary_large_image","twitter_misc":{"\u00c9crit par":"admin","Dur\u00e9e de lecture estim\u00e9e":"9 minutes"},"schema":{"@context":"https:\/\/schema.org","@graph":[{"@type":"Article","@id":"https:\/\/www.ellesaussi.org\/?p=790#article","isPartOf":{"@id":"https:\/\/www.ellesaussi.org\/?p=790"},"author":{"name":"admin","@id":"https:\/\/www.ellesaussi.org\/#\/schema\/person\/eeca4be50db30b5dbb39f78fc3364160"},"headline":"Le nouveau visage de l\u2019Assembl\u00e9e nationale","datePublished":"2022-07-05T13:50:00+00:00","dateModified":"2024-10-16T13:52:24+00:00","mainEntityOfPage":{"@id":"https:\/\/www.ellesaussi.org\/?p=790"},"wordCount":1909,"publisher":{"@id":"https:\/\/www.ellesaussi.org\/#organization"},"image":{"@id":"https:\/\/www.ellesaussi.org\/?p=790#primaryimage"},"thumbnailUrl":"https:\/\/www.ellesaussi.org\/wp-content\/uploads\/2024\/10\/ChroniqueDeLaPariteLegislatives.jpg","articleSection":["Elections l\u00e9gislatives juin 2022"],"inLanguage":"fr-FR"},{"@type":"WebPage","@id":"https:\/\/www.ellesaussi.org\/?p=790","url":"https:\/\/www.ellesaussi.org\/?p=790","name":"Le nouveau visage de l\u2019Assembl\u00e9e nationale - Elles Aussi","isPartOf":{"@id":"https:\/\/www.ellesaussi.org\/#website"},"primaryImageOfPage":{"@id":"https:\/\/www.ellesaussi.org\/?p=790#primaryimage"},"image":{"@id":"https:\/\/www.ellesaussi.org\/?p=790#primaryimage"},"thumbnailUrl":"https:\/\/www.ellesaussi.org\/wp-content\/uploads\/2024\/10\/ChroniqueDeLaPariteLegislatives.jpg","datePublished":"2022-07-05T13:50:00+00:00","dateModified":"2024-10-16T13:52:24+00:00","breadcrumb":{"@id":"https:\/\/www.ellesaussi.org\/?p=790#breadcrumb"},"inLanguage":"fr-FR","potentialAction":[{"@type":"ReadAction","target":["https:\/\/www.ellesaussi.org\/?p=790"]}]},{"@type":"ImageObject","inLanguage":"fr-FR","@id":"https:\/\/www.ellesaussi.org\/?p=790#primaryimage","url":"https:\/\/www.ellesaussi.org\/wp-content\/uploads\/2024\/10\/ChroniqueDeLaPariteLegislatives.jpg","contentUrl":"https:\/\/www.ellesaussi.org\/wp-content\/uploads\/2024\/10\/ChroniqueDeLaPariteLegislatives.jpg","width":297,"height":331},{"@type":"BreadcrumbList","@id":"https:\/\/www.ellesaussi.org\/?p=790#breadcrumb","itemListElement":[{"@type":"ListItem","position":1,"name":"Accueil","item":"https:\/\/www.ellesaussi.org\/"},{"@type":"ListItem","position":2,"name":"Le nouveau visage de l\u2019Assembl\u00e9e nationale"}]},{"@type":"WebSite","@id":"https:\/\/www.ellesaussi.org\/#website","url":"https:\/\/www.ellesaussi.org\/","name":"Elles Aussi","description":"","publisher":{"@id":"https:\/\/www.ellesaussi.org\/#organization"},"potentialAction":[{"@type":"SearchAction","target":{"@type":"EntryPoint","urlTemplate":"https:\/\/www.ellesaussi.org\/?s={search_term_string}"},"query-input":"required name=search_term_string"}],"inLanguage":"fr-FR"},{"@type":"Organization","@id":"https:\/\/www.ellesaussi.org\/#organization","name":"Elles Aussi","url":"https:\/\/www.ellesaussi.org\/","logo":{"@type":"ImageObject","inLanguage":"fr-FR","@id":"https:\/\/www.ellesaussi.org\/#\/schema\/logo\/image\/","url":"https:\/\/www.ellesaussi.org\/wp-content\/uploads\/2024\/05\/Elles-aussi_logotype_rouge.png","contentUrl":"https:\/\/www.ellesaussi.org\/wp-content\/uploads\/2024\/05\/Elles-aussi_logotype_rouge.png","width":3472,"height":2480,"caption":"Elles Aussi"},"image":{"@id":"https:\/\/www.ellesaussi.org\/#\/schema\/logo\/image\/"},"sameAs":["https:\/\/www.facebook.com\/ellesaussi\/"]},{"@type":"Person","@id":"https:\/\/www.ellesaussi.org\/#\/schema\/person\/eeca4be50db30b5dbb39f78fc3364160","name":"admin","image":{"@type":"ImageObject","inLanguage":"fr-FR","@id":"https:\/\/www.ellesaussi.org\/#\/schema\/person\/image\/","url":"https:\/\/secure.gravatar.com\/avatar\/62da4937aa6d6b509192861c0b966204a1b742b2814f6387fa08fe6c98a8729c?s=96&d=mm&r=g","contentUrl":"https:\/\/secure.gravatar.com\/avatar\/62da4937aa6d6b509192861c0b966204a1b742b2814f6387fa08fe6c98a8729c?s=96&d=mm&r=g","caption":"admin"},"sameAs":["https:\/\/elles129186.webdb78.lwspanel.com"],"url":"https:\/\/www.ellesaussi.org\/?author=1"}]}},"_links":{"self":[{"href":"https:\/\/www.ellesaussi.org\/index.php?rest_route=\/wp\/v2\/posts\/790","targetHints":{"allow":["GET"]}}],"collection":[{"href":"https:\/\/www.ellesaussi.org\/index.php?rest_route=\/wp\/v2\/posts"}],"about":[{"href":"https:\/\/www.ellesaussi.org\/index.php?rest_route=\/wp\/v2\/types\/post"}],"author":[{"embeddable":true,"href":"https:\/\/www.ellesaussi.org\/index.php?rest_route=\/wp\/v2\/users\/1"}],"replies":[{"embeddable":true,"href":"https:\/\/www.ellesaussi.org\/index.php?rest_route=%2Fwp%2Fv2%2Fcomments&post=790"}],"version-history":[{"count":4,"href":"https:\/\/www.ellesaussi.org\/index.php?rest_route=\/wp\/v2\/posts\/790\/revisions"}],"predecessor-version":[{"id":795,"href":"https:\/\/www.ellesaussi.org\/index.php?rest_route=\/wp\/v2\/posts\/790\/revisions\/795"}],"wp:featuredmedia":[{"embeddable":true,"href":"https:\/\/www.ellesaussi.org\/index.php?rest_route=\/wp\/v2\/media\/791"}],"wp:attachment":[{"href":"https:\/\/www.ellesaussi.org\/index.php?rest_route=%2Fwp%2Fv2%2Fmedia&parent=790"}],"wp:term":[{"taxonomy":"category","embeddable":true,"href":"https:\/\/www.ellesaussi.org\/index.php?rest_route=%2Fwp%2Fv2%2Fcategories&post=790"},{"taxonomy":"post_tag","embeddable":true,"href":"https:\/\/www.ellesaussi.org\/index.php?rest_route=%2Fwp%2Fv2%2Ftags&post=790"}],"curies":[{"name":"wp","href":"https:\/\/api.w.org\/{rel}","templated":true}]}}