{"id":4187,"date":"2026-04-12T09:55:08","date_gmt":"2026-04-12T07:55:08","guid":{"rendered":"https:\/\/www.ellesaussi.org\/?p=4187"},"modified":"2026-05-01T09:56:33","modified_gmt":"2026-05-01T07:56:33","slug":"anne-marie-marmier-une-grande-dame-une-militante-tres-engagee-nous-a-quitte%c2%b7es","status":"publish","type":"post","link":"https:\/\/www.ellesaussi.org\/?p=4187","title":{"rendered":"Anne Marie Marmier, une grande dame, une militante tr\u00e8s engag\u00e9e nous a quitt\u00e9\u00b7es"},"content":{"rendered":"\t\t<div data-elementor-type=\"wp-post\" data-elementor-id=\"4187\" class=\"elementor elementor-4187\" data-elementor-post-type=\"post\">\n\t\t\t\t<div class=\"elementor-element elementor-element-3316fd4 e-flex e-con-boxed e-con e-parent\" data-id=\"3316fd4\" data-element_type=\"container\">\n\t\t\t\t\t<div class=\"e-con-inner\">\n\t\t\t\t<div class=\"elementor-element elementor-element-4aa71d1 elementor-widget elementor-widget-text-editor\" data-id=\"4aa71d1\" data-element_type=\"widget\" data-widget_type=\"text-editor.default\">\n\t\t\t\t<div class=\"elementor-widget-container\">\n\t\t\t\t\t\t\t<p>Vice-pr\u00e9sidente d\u2019Elles aussi, repr\u00e9sentant l\u2019Alliance des Femmes pour la D\u00e9mocratie, Anne-Marie a \u00e9t\u00e9 notre philosophe et notre boussole, qui nous \u00e9clairait dans notre r\u00e9flexion sur les enjeux des droits des femmes et de la parit\u00e9. Elle a \u00e9t\u00e9 tr\u00e8s pr\u00e9sente dans nos diff\u00e9rents travaux, intervenant dans nos colloques, \u00e9crivant pour notre site et notre newsletter, \u00e9laborant des synth\u00e8ses de nos \u00e9tudes. Elle a beaucoup apport\u00e9 \u00e0 notre r\u00e9seau.<\/p><p>Math\u00e9maticienne \u00e0 l\u2019Universit\u00e9 de Lille, elle voulait transmettre le plaisir des math\u00e9matiques aux plus jeunes et s\u2019int\u00e9ressait \u00e0 l\u2019histoire des math\u00e9matiques.<br \/>Militante f\u00e9ministe, elle a \u00e9t\u00e9 pr\u00e9sente dans de nombreux combats, dont le planning familial, le MLF, l\u2019Observatoire de la Parit\u00e9 du Nord, l\u2019antenne d\u2019Elles aussi Hauts de France. Elle a \u00e9t\u00e9 conseill\u00e8re municipale \u00e0 La Madeleine. <br \/>Puis elle a quitt\u00e9 Lille pour aller vivre\u00a0\u00a0 dans les montagnes de Savoie qu\u2019elle ch\u00e9rissait, int\u00e9grant alors notre antenne Auvergne-Rh\u00f4ne-Alpes.<\/p><p>Tr\u00e8s pudique, ne se mettant jamais en avant, bienveillante, aimant le travail collectif, sa parole \u00e9tait tr\u00e8s pr\u00e9cieuse pour nous. Ces derniers temps elle nous a beaucoup manqu\u00e9 et nous manquera encore.<\/p><p>Toutes nos pens\u00e9es vont \u00e0 sa famille et \u00e0 ses proches.<\/p><p>Les militantes d\u2019Elles aussi<\/p>\t\t\t\t\t\t<\/div>\n\t\t\t\t<\/div>\n\t\t\t\t\t<\/div>\n\t\t\t\t<\/div>\n\t\t\t\t<\/div>\n\t\t","protected":false},"excerpt":{"rendered":"<p>Vice-pr\u00e9sidente d\u2019Elles aussi, repr\u00e9sentant l\u2019Alliance des Femmes pour la D\u00e9mocratie, Anne-Marie a \u00e9t\u00e9 notre philosophe et notre boussole, qui nous \u00e9clairait dans notre r\u00e9flexion sur les enjeux des droits des femmes et de la parit\u00e9. Elle a \u00e9t\u00e9 tr\u00e8s pr\u00e9sente dans nos diff\u00e9rents travaux, intervenant dans nos colloques, \u00e9crivant pour notre site et notre newsletter, [&hellip;]<\/p>\n","protected":false},"author":1,"featured_media":4188,"comment_status":"closed","ping_status":"closed","sticky":false,"template":"","format":"standard","meta":{"footnotes":""},"categories":[54],"tags":[],"class_list":["post-4187","post","type-post","status-publish","format-standard","has-post-thumbnail","hentry","category-a-linternational"],"yoast_head":"<!-- This site is optimized with the Yoast SEO plugin v22.8 - https:\/\/yoast.com\/wordpress\/plugins\/seo\/ -->\n<title>Anne Marie Marmier, une grande dame, une militante tr\u00e8s engag\u00e9e nous a quitt\u00e9\u00b7es - Elles Aussi<\/title>\n<meta name=\"robots\" content=\"index, follow, max-snippet:-1, max-image-preview:large, max-video-preview:-1\" \/>\n<link rel=\"canonical\" href=\"https:\/\/www.ellesaussi.org\/?p=4187\" \/>\n<meta property=\"og:locale\" content=\"fr_FR\" \/>\n<meta property=\"og:type\" content=\"article\" \/>\n<meta property=\"og:title\" content=\"Anne Marie Marmier, une grande dame, une militante tr\u00e8s engag\u00e9e nous a quitt\u00e9\u00b7es - Elles Aussi\" \/>\n<meta property=\"og:description\" content=\"Vice-pr\u00e9sidente d\u2019Elles aussi, repr\u00e9sentant l\u2019Alliance des Femmes pour la D\u00e9mocratie, Anne-Marie a \u00e9t\u00e9 notre philosophe et notre boussole, qui nous \u00e9clairait dans notre r\u00e9flexion sur les enjeux des droits des femmes et de la parit\u00e9. Elle a \u00e9t\u00e9 tr\u00e8s pr\u00e9sente dans nos diff\u00e9rents travaux, intervenant dans nos colloques, \u00e9crivant pour notre site et notre newsletter, [&hellip;]\" \/>\n<meta property=\"og:url\" content=\"https:\/\/www.ellesaussi.org\/?p=4187\" \/>\n<meta property=\"og:site_name\" content=\"Elles Aussi\" \/>\n<meta property=\"article:publisher\" content=\"https:\/\/www.facebook.com\/ellesaussi\/\" \/>\n<meta property=\"article:published_time\" content=\"2026-04-12T07:55:08+00:00\" \/>\n<meta property=\"article:modified_time\" content=\"2026-05-01T07:56:33+00:00\" \/>\n<meta property=\"og:image\" content=\"https:\/\/www.ellesaussi.org\/wp-content\/uploads\/2026\/05\/Anne-Marie-Marmier.jpg\" \/>\n\t<meta property=\"og:image:width\" content=\"180\" \/>\n\t<meta property=\"og:image:height\" content=\"276\" \/>\n\t<meta property=\"og:image:type\" content=\"image\/jpeg\" \/>\n<meta name=\"author\" content=\"admin\" \/>\n<meta name=\"twitter:card\" content=\"summary_large_image\" \/>\n<meta name=\"twitter:label1\" content=\"\u00c9crit par\" \/>\n\t<meta name=\"twitter:data1\" content=\"admin\" \/>\n\t<meta name=\"twitter:label2\" content=\"Dur\u00e9e de lecture estim\u00e9e\" \/>\n\t<meta name=\"twitter:data2\" content=\"2 minutes\" \/>\n<script type=\"application\/ld+json\" class=\"yoast-schema-graph\">{\"@context\":\"https:\/\/schema.org\",\"@graph\":[{\"@type\":\"Article\",\"@id\":\"https:\/\/www.ellesaussi.org\/?p=4187#article\",\"isPartOf\":{\"@id\":\"https:\/\/www.ellesaussi.org\/?p=4187\"},\"author\":{\"name\":\"admin\",\"@id\":\"https:\/\/www.ellesaussi.org\/#\/schema\/person\/eeca4be50db30b5dbb39f78fc3364160\"},\"headline\":\"Anne Marie Marmier, une grande dame, une militante tr\u00e8s engag\u00e9e nous a quitt\u00e9\u00b7es\",\"datePublished\":\"2026-04-12T07:55:08+00:00\",\"dateModified\":\"2026-05-01T07:56:33+00:00\",\"mainEntityOfPage\":{\"@id\":\"https:\/\/www.ellesaussi.org\/?p=4187\"},\"wordCount\":235,\"publisher\":{\"@id\":\"https:\/\/www.ellesaussi.org\/#organization\"},\"image\":{\"@id\":\"https:\/\/www.ellesaussi.org\/?p=4187#primaryimage\"},\"thumbnailUrl\":\"https:\/\/www.ellesaussi.org\/wp-content\/uploads\/2026\/05\/Anne-Marie-Marmier.jpg\",\"articleSection\":[\"\u00e0 l'international\"],\"inLanguage\":\"fr-FR\"},{\"@type\":\"WebPage\",\"@id\":\"https:\/\/www.ellesaussi.org\/?p=4187\",\"url\":\"https:\/\/www.ellesaussi.org\/?p=4187\",\"name\":\"Anne Marie Marmier, une grande dame, une militante tr\u00e8s engag\u00e9e nous a quitt\u00e9\u00b7es - Elles Aussi\",\"isPartOf\":{\"@id\":\"https:\/\/www.ellesaussi.org\/#website\"},\"primaryImageOfPage\":{\"@id\":\"https:\/\/www.ellesaussi.org\/?p=4187#primaryimage\"},\"image\":{\"@id\":\"https:\/\/www.ellesaussi.org\/?p=4187#primaryimage\"},\"thumbnailUrl\":\"https:\/\/www.ellesaussi.org\/wp-content\/uploads\/2026\/05\/Anne-Marie-Marmier.jpg\",\"datePublished\":\"2026-04-12T07:55:08+00:00\",\"dateModified\":\"2026-05-01T07:56:33+00:00\",\"breadcrumb\":{\"@id\":\"https:\/\/www.ellesaussi.org\/?p=4187#breadcrumb\"},\"inLanguage\":\"fr-FR\",\"potentialAction\":[{\"@type\":\"ReadAction\",\"target\":[\"https:\/\/www.ellesaussi.org\/?p=4187\"]}]},{\"@type\":\"ImageObject\",\"inLanguage\":\"fr-FR\",\"@id\":\"https:\/\/www.ellesaussi.org\/?p=4187#primaryimage\",\"url\":\"https:\/\/www.ellesaussi.org\/wp-content\/uploads\/2026\/05\/Anne-Marie-Marmier.jpg\",\"contentUrl\":\"https:\/\/www.ellesaussi.org\/wp-content\/uploads\/2026\/05\/Anne-Marie-Marmier.jpg\",\"width\":180,\"height\":276},{\"@type\":\"BreadcrumbList\",\"@id\":\"https:\/\/www.ellesaussi.org\/?p=4187#breadcrumb\",\"itemListElement\":[{\"@type\":\"ListItem\",\"position\":1,\"name\":\"Accueil\",\"item\":\"https:\/\/www.ellesaussi.org\/\"},{\"@type\":\"ListItem\",\"position\":2,\"name\":\"Anne Marie Marmier, une grande dame, une militante tr\u00e8s engag\u00e9e nous a quitt\u00e9\u00b7es\"}]},{\"@type\":\"WebSite\",\"@id\":\"https:\/\/www.ellesaussi.org\/#website\",\"url\":\"https:\/\/www.ellesaussi.org\/\",\"name\":\"Elles Aussi\",\"description\":\"\",\"publisher\":{\"@id\":\"https:\/\/www.ellesaussi.org\/#organization\"},\"potentialAction\":[{\"@type\":\"SearchAction\",\"target\":{\"@type\":\"EntryPoint\",\"urlTemplate\":\"https:\/\/www.ellesaussi.org\/?s={search_term_string}\"},\"query-input\":\"required name=search_term_string\"}],\"inLanguage\":\"fr-FR\"},{\"@type\":\"Organization\",\"@id\":\"https:\/\/www.ellesaussi.org\/#organization\",\"name\":\"Elles Aussi\",\"url\":\"https:\/\/www.ellesaussi.org\/\",\"logo\":{\"@type\":\"ImageObject\",\"inLanguage\":\"fr-FR\",\"@id\":\"https:\/\/www.ellesaussi.org\/#\/schema\/logo\/image\/\",\"url\":\"https:\/\/www.ellesaussi.org\/wp-content\/uploads\/2024\/05\/Elles-aussi_logotype_rouge.png\",\"contentUrl\":\"https:\/\/www.ellesaussi.org\/wp-content\/uploads\/2024\/05\/Elles-aussi_logotype_rouge.png\",\"width\":3472,\"height\":2480,\"caption\":\"Elles Aussi\"},\"image\":{\"@id\":\"https:\/\/www.ellesaussi.org\/#\/schema\/logo\/image\/\"},\"sameAs\":[\"https:\/\/www.facebook.com\/ellesaussi\/\"]},{\"@type\":\"Person\",\"@id\":\"https:\/\/www.ellesaussi.org\/#\/schema\/person\/eeca4be50db30b5dbb39f78fc3364160\",\"name\":\"admin\",\"image\":{\"@type\":\"ImageObject\",\"inLanguage\":\"fr-FR\",\"@id\":\"https:\/\/www.ellesaussi.org\/#\/schema\/person\/image\/\",\"url\":\"https:\/\/secure.gravatar.com\/avatar\/62da4937aa6d6b509192861c0b966204a1b742b2814f6387fa08fe6c98a8729c?s=96&d=mm&r=g\",\"contentUrl\":\"https:\/\/secure.gravatar.com\/avatar\/62da4937aa6d6b509192861c0b966204a1b742b2814f6387fa08fe6c98a8729c?s=96&d=mm&r=g\",\"caption\":\"admin\"},\"sameAs\":[\"https:\/\/elles129186.webdb78.lwspanel.com\"],\"url\":\"https:\/\/www.ellesaussi.org\/?author=1\"}]}<\/script>\n<!-- \/ Yoast SEO plugin. -->","yoast_head_json":{"title":"Anne Marie Marmier, une grande dame, une militante tr\u00e8s engag\u00e9e nous a quitt\u00e9\u00b7es - Elles Aussi","robots":{"index":"index","follow":"follow","max-snippet":"max-snippet:-1","max-image-preview":"max-image-preview:large","max-video-preview":"max-video-preview:-1"},"canonical":"https:\/\/www.ellesaussi.org\/?p=4187","og_locale":"fr_FR","og_type":"article","og_title":"Anne Marie Marmier, une grande dame, une militante tr\u00e8s engag\u00e9e nous a quitt\u00e9\u00b7es - Elles Aussi","og_description":"Vice-pr\u00e9sidente d\u2019Elles aussi, repr\u00e9sentant l\u2019Alliance des Femmes pour la D\u00e9mocratie, Anne-Marie a \u00e9t\u00e9 notre philosophe et notre boussole, qui nous \u00e9clairait dans notre r\u00e9flexion sur les enjeux des droits des femmes et de la parit\u00e9. Elle a \u00e9t\u00e9 tr\u00e8s pr\u00e9sente dans nos diff\u00e9rents travaux, intervenant dans nos colloques, \u00e9crivant pour notre site et notre newsletter, [&hellip;]","og_url":"https:\/\/www.ellesaussi.org\/?p=4187","og_site_name":"Elles Aussi","article_publisher":"https:\/\/www.facebook.com\/ellesaussi\/","article_published_time":"2026-04-12T07:55:08+00:00","article_modified_time":"2026-05-01T07:56:33+00:00","og_image":[{"width":180,"height":276,"url":"https:\/\/www.ellesaussi.org\/wp-content\/uploads\/2026\/05\/Anne-Marie-Marmier.jpg","type":"image\/jpeg"}],"author":"admin","twitter_card":"summary_large_image","twitter_misc":{"\u00c9crit par":"admin","Dur\u00e9e de lecture estim\u00e9e":"2 minutes"},"schema":{"@context":"https:\/\/schema.org","@graph":[{"@type":"Article","@id":"https:\/\/www.ellesaussi.org\/?p=4187#article","isPartOf":{"@id":"https:\/\/www.ellesaussi.org\/?p=4187"},"author":{"name":"admin","@id":"https:\/\/www.ellesaussi.org\/#\/schema\/person\/eeca4be50db30b5dbb39f78fc3364160"},"headline":"Anne Marie Marmier, une grande dame, une militante tr\u00e8s engag\u00e9e nous a quitt\u00e9\u00b7es","datePublished":"2026-04-12T07:55:08+00:00","dateModified":"2026-05-01T07:56:33+00:00","mainEntityOfPage":{"@id":"https:\/\/www.ellesaussi.org\/?p=4187"},"wordCount":235,"publisher":{"@id":"https:\/\/www.ellesaussi.org\/#organization"},"image":{"@id":"https:\/\/www.ellesaussi.org\/?p=4187#primaryimage"},"thumbnailUrl":"https:\/\/www.ellesaussi.org\/wp-content\/uploads\/2026\/05\/Anne-Marie-Marmier.jpg","articleSection":["\u00e0 l'international"],"inLanguage":"fr-FR"},{"@type":"WebPage","@id":"https:\/\/www.ellesaussi.org\/?p=4187","url":"https:\/\/www.ellesaussi.org\/?p=4187","name":"Anne Marie Marmier, une grande dame, une militante tr\u00e8s engag\u00e9e nous a quitt\u00e9\u00b7es - Elles Aussi","isPartOf":{"@id":"https:\/\/www.ellesaussi.org\/#website"},"primaryImageOfPage":{"@id":"https:\/\/www.ellesaussi.org\/?p=4187#primaryimage"},"image":{"@id":"https:\/\/www.ellesaussi.org\/?p=4187#primaryimage"},"thumbnailUrl":"https:\/\/www.ellesaussi.org\/wp-content\/uploads\/2026\/05\/Anne-Marie-Marmier.jpg","datePublished":"2026-04-12T07:55:08+00:00","dateModified":"2026-05-01T07:56:33+00:00","breadcrumb":{"@id":"https:\/\/www.ellesaussi.org\/?p=4187#breadcrumb"},"inLanguage":"fr-FR","potentialAction":[{"@type":"ReadAction","target":["https:\/\/www.ellesaussi.org\/?p=4187"]}]},{"@type":"ImageObject","inLanguage":"fr-FR","@id":"https:\/\/www.ellesaussi.org\/?p=4187#primaryimage","url":"https:\/\/www.ellesaussi.org\/wp-content\/uploads\/2026\/05\/Anne-Marie-Marmier.jpg","contentUrl":"https:\/\/www.ellesaussi.org\/wp-content\/uploads\/2026\/05\/Anne-Marie-Marmier.jpg","width":180,"height":276},{"@type":"BreadcrumbList","@id":"https:\/\/www.ellesaussi.org\/?p=4187#breadcrumb","itemListElement":[{"@type":"ListItem","position":1,"name":"Accueil","item":"https:\/\/www.ellesaussi.org\/"},{"@type":"ListItem","position":2,"name":"Anne Marie Marmier, une grande dame, une militante tr\u00e8s engag\u00e9e nous a quitt\u00e9\u00b7es"}]},{"@type":"WebSite","@id":"https:\/\/www.ellesaussi.org\/#website","url":"https:\/\/www.ellesaussi.org\/","name":"Elles Aussi","description":"","publisher":{"@id":"https:\/\/www.ellesaussi.org\/#organization"},"potentialAction":[{"@type":"SearchAction","target":{"@type":"EntryPoint","urlTemplate":"https:\/\/www.ellesaussi.org\/?s={search_term_string}"},"query-input":"required name=search_term_string"}],"inLanguage":"fr-FR"},{"@type":"Organization","@id":"https:\/\/www.ellesaussi.org\/#organization","name":"Elles Aussi","url":"https:\/\/www.ellesaussi.org\/","logo":{"@type":"ImageObject","inLanguage":"fr-FR","@id":"https:\/\/www.ellesaussi.org\/#\/schema\/logo\/image\/","url":"https:\/\/www.ellesaussi.org\/wp-content\/uploads\/2024\/05\/Elles-aussi_logotype_rouge.png","contentUrl":"https:\/\/www.ellesaussi.org\/wp-content\/uploads\/2024\/05\/Elles-aussi_logotype_rouge.png","width":3472,"height":2480,"caption":"Elles Aussi"},"image":{"@id":"https:\/\/www.ellesaussi.org\/#\/schema\/logo\/image\/"},"sameAs":["https:\/\/www.facebook.com\/ellesaussi\/"]},{"@type":"Person","@id":"https:\/\/www.ellesaussi.org\/#\/schema\/person\/eeca4be50db30b5dbb39f78fc3364160","name":"admin","image":{"@type":"ImageObject","inLanguage":"fr-FR","@id":"https:\/\/www.ellesaussi.org\/#\/schema\/person\/image\/","url":"https:\/\/secure.gravatar.com\/avatar\/62da4937aa6d6b509192861c0b966204a1b742b2814f6387fa08fe6c98a8729c?s=96&d=mm&r=g","contentUrl":"https:\/\/secure.gravatar.com\/avatar\/62da4937aa6d6b509192861c0b966204a1b742b2814f6387fa08fe6c98a8729c?s=96&d=mm&r=g","caption":"admin"},"sameAs":["https:\/\/elles129186.webdb78.lwspanel.com"],"url":"https:\/\/www.ellesaussi.org\/?author=1"}]}},"_links":{"self":[{"href":"https:\/\/www.ellesaussi.org\/index.php?rest_route=\/wp\/v2\/posts\/4187","targetHints":{"allow":["GET"]}}],"collection":[{"href":"https:\/\/www.ellesaussi.org\/index.php?rest_route=\/wp\/v2\/posts"}],"about":[{"href":"https:\/\/www.ellesaussi.org\/index.php?rest_route=\/wp\/v2\/types\/post"}],"author":[{"embeddable":true,"href":"https:\/\/www.ellesaussi.org\/index.php?rest_route=\/wp\/v2\/users\/1"}],"replies":[{"embeddable":true,"href":"https:\/\/www.ellesaussi.org\/index.php?rest_route=%2Fwp%2Fv2%2Fcomments&post=4187"}],"version-history":[{"count":4,"href":"https:\/\/www.ellesaussi.org\/index.php?rest_route=\/wp\/v2\/posts\/4187\/revisions"}],"predecessor-version":[{"id":4192,"href":"https:\/\/www.ellesaussi.org\/index.php?rest_route=\/wp\/v2\/posts\/4187\/revisions\/4192"}],"wp:featuredmedia":[{"embeddable":true,"href":"https:\/\/www.ellesaussi.org\/index.php?rest_route=\/wp\/v2\/media\/4188"}],"wp:attachment":[{"href":"https:\/\/www.ellesaussi.org\/index.php?rest_route=%2Fwp%2Fv2%2Fmedia&parent=4187"}],"wp:term":[{"taxonomy":"category","embeddable":true,"href":"https:\/\/www.ellesaussi.org\/index.php?rest_route=%2Fwp%2Fv2%2Fcategories&post=4187"},{"taxonomy":"post_tag","embeddable":true,"href":"https:\/\/www.ellesaussi.org\/index.php?rest_route=%2Fwp%2Fv2%2Ftags&post=4187"}],"curies":[{"name":"wp","href":"https:\/\/api.w.org\/{rel}","templated":true}]}}