{"id":4181,"date":"2026-04-26T09:52:19","date_gmt":"2026-04-26T07:52:19","guid":{"rendered":"https:\/\/www.ellesaussi.org\/?p=4181"},"modified":"2026-05-01T09:54:22","modified_gmt":"2026-05-01T07:54:22","slug":"participation-delles-aussi-a-la-csw70-a-new-york","status":"publish","type":"post","link":"https:\/\/www.ellesaussi.org\/?p=4181","title":{"rendered":"Participation d\u2019Elles aussi \u00e0 la CSW70 \u00e0 New York"},"content":{"rendered":"\t\t<div data-elementor-type=\"wp-post\" data-elementor-id=\"4181\" class=\"elementor elementor-4181\" data-elementor-post-type=\"post\">\n\t\t\t\t<div class=\"elementor-element elementor-element-cb48450 e-flex e-con-boxed e-con e-parent\" data-id=\"cb48450\" data-element_type=\"container\">\n\t\t\t\t\t<div class=\"e-con-inner\">\n\t\t\t\t<div class=\"elementor-element elementor-element-e25e1a5 elementor-widget elementor-widget-text-editor\" data-id=\"e25e1a5\" data-element_type=\"widget\" data-widget_type=\"text-editor.default\">\n\t\t\t\t<div class=\"elementor-widget-container\">\n\t\t\t\t\t\t\t<p>Elles aussi est tr\u00e8s fi\u00e8re d\u2019avoir fait partie de la d\u00e9l\u00e9gation fran\u00e7aise pour se rendre \u00e0 l\u2019ONU \u00e0 New York via ses deux repr\u00e9sentantes : Sophie Revillier, vice-pr\u00e9sidente d\u2019Elles aussi, et Sophie Trilles, d\u00e9l\u00e9gu\u00e9e r\u00e9gionale Occitanie.<\/p><p>Du 9 au 19 mars 2026, la 70e session de la Commission de la condition de la femme (CSW70) a r\u00e9uni \u00e0 New York les \u00c9tats, les organisations internationales et la soci\u00e9t\u00e9 civile autour d\u2019un enjeu central <strong>: garantir et renforcer l\u2019acc\u00e8s \u00e0 la justice pour toutes les femmes et les filles<\/strong><\/p><p><span style=\"color: #f15b43;\">\u00a0<strong>Une pr\u00e9sence utile<\/strong><\/span><\/p><p>Cette participation a permis de porter, au nom d\u2019Elles aussi, une conviction claire : <strong>sans gouvernance paritaire, il ne peut y avoir de justice inclusive.<\/strong><\/p><p>Au c\u0153ur de Manhattan, dans l\u2019enceinte des Nations unies, la voix de la France \u00e9tait particuli\u00e8rement attendue, dans une session o\u00f9 la d\u00e9l\u00e9gation fran\u00e7aise figurait parmi les plus importantes. Elle \u00e9tait conduite par Aurore Berg\u00e9 ministre charg\u00e9e\u00a0de\u00a0l&rsquo;\u00c9galit\u00e9\u00a0entre\u00a0les\u00a0femmes\u00a0et\u00a0les\u00a0hommes\u00a0et\u00a0de\u00a0la\u00a0Lutte\u00a0contre\u00a0les\u00a0discriminations, avec la participation de Ya\u00ebl Braun-Pivet, pr\u00e9sidente de l\u2019Assembl\u00e9e nationale et d\u2019une d\u00e9l\u00e9gation parlementaire.<\/p><p><span style=\"color: #f15b43;\"><strong>Des rencontres structurantes<\/strong><\/span><\/p><p>Ce s\u00e9jour a permis de nouer et de renforcer des contacts pr\u00e9cieux avec plusieurs acteurs engag\u00e9s pour les droits des femmes et l\u2019\u00e9galit\u00e9 : <strong>le Barreau de Paris, le Lobby europ\u00e9en des femmes, le Women\u2019s Forum, le Conseil national des barreaux,<\/strong> ainsi que d\u2019autres partenaires mobilis\u00e9s sur ces enjeux.<\/p><p>Ces \u00e9changes ont confirm\u00e9 un constat partag\u00e9 \u00e0 l\u2019\u00e9chelle internationale : face aux crises d\u00e9mocratiques, sociales et g\u00e9opolitiques, <strong>l\u2019urgence d\u2019agir pour les droits des femmes n\u2019a jamais \u00e9t\u00e9 aussi forte.<\/strong><\/p><p><span style=\"color: #f15b43;\">\u00a0<strong>Un temps fort au Consulat<\/strong><\/span><\/p><p>Parmi les temps forts de cette mission, la participation au lancement de l\u2019Institut du Leadership au F\u00e9minin du Barreau de Paris, au Consulat g\u00e9n\u00e9ral de France \u00e0 New York, a marqu\u00e9 les esprits.<\/p><p>Pens\u00e9 comme un espace institutionnel de r\u00e9flexion et de propositions concr\u00e8tes, cet institut a vocation \u00e0 faire progresser durablement les droits des femmes et \u00e0 renforcer la solidit\u00e9 d\u00e9mocratique.<\/p><p>La pr\u00e9sence d\u2019Aurore Berg\u00e9, et de Julie Couturier pr\u00e9sidente du Conseil national des barreaux \u00e0 cet \u00e9v\u00e9nement a donn\u00e9 une port\u00e9e particuli\u00e8re \u00e0 ce lancement, <strong>en rappelant que les droits des femmes ne progressent pas seuls et qu\u2019ils n\u00e9cessitent des r\u00e9ponses concr\u00e8tes, juridiques et politiques.<\/strong><\/p><p><span style=\"color: #f15b43;\"><strong>Le sens de l\u2019engagement<\/strong><\/span><\/p><p>La CSW est la principale instance intergouvernementale mondiale d\u00e9di\u00e9e \u00e0 l\u2019\u00e9galit\u00e9 entre les femmes et les hommes et aux droits des femmes et des filles.<\/p><p>\u00catre pr\u00e9sente \u00e0 cette 70e session a confort\u00e9 Elles aussi dans son combat historique : <strong>depuis plus de 30 ans, l\u2019association d\u00e9fend la parit\u00e9 dans les instances de d\u00e9cision, parce que la place des femmes dans les lieux de pouvoir n\u2019est ni symbolique ni accessoire, mais essentielle \u00e0 une d\u00e9mocratie vivante et juste.<\/strong><\/p><p><span style=\"color: #f15b43;\">\u00a0<strong>Ce que cette mission renforce<\/strong><\/span><\/p><p>Cette mission \u00e0 New York a renforc\u00e9 une certitude : <strong>les droits des femmes ne sont jamais d\u00e9finitivement acquis et doivent \u00eatre prot\u00e9g\u00e9s, garantis et consolid\u00e9s sans rel\u00e2che.<\/strong><\/p><p>Elle a aussi a rappel\u00e9 que les <strong>femmes doivent pouvoir exercer pleinement leurs responsabilit\u00e9s, sans \u00eatre emp\u00each\u00e9es, disqualifi\u00e9es ou somm\u00e9es de choisir entre leur engagement professionnel, public et personnel<\/strong>.<\/p><p><span style=\"color: #f15b43;\"><strong>Pour la suite<\/strong><\/span><\/p><p>Elles aussi revient de la CSW70 avec une \u00e9nergie renouvel\u00e9e, des contacts utiles et la volont\u00e9 de poursuivre, amplifier et relier ses actions \u00e0 toutes celles et ceux qui agissent, en France comme \u00e0 l\u2019international, pour l\u2019\u00e9galit\u00e9 r\u00e9elle.<\/p><p>Parce que d\u00e9fendre les droits des femmes, c\u2019est d\u00e9fendre les droits humains. Parce que faire progresser la parit\u00e9, c\u2019est faire progresser la d\u00e9mocratie.<\/p><p>Sophie Revillier et Sophie Trilles<\/p>\t\t\t\t\t\t<\/div>\n\t\t\t\t<\/div>\n\t\t\t\t\t<\/div>\n\t\t\t\t<\/div>\n\t\t\t\t<\/div>\n\t\t","protected":false},"excerpt":{"rendered":"<p>Elles aussi est tr\u00e8s fi\u00e8re d\u2019avoir fait partie de la d\u00e9l\u00e9gation fran\u00e7aise pour se rendre \u00e0 l\u2019ONU \u00e0 New York via ses deux repr\u00e9sentantes : Sophie Revillier, vice-pr\u00e9sidente d\u2019Elles aussi, et Sophie Trilles, d\u00e9l\u00e9gu\u00e9e r\u00e9gionale Occitanie. Du 9 au 19 mars 2026, la 70e session de la Commission de la condition de la femme (CSW70) [&hellip;]<\/p>\n","protected":false},"author":1,"featured_media":4182,"comment_status":"closed","ping_status":"closed","sticky":false,"template":"","format":"standard","meta":{"footnotes":""},"categories":[54],"tags":[],"class_list":["post-4181","post","type-post","status-publish","format-standard","has-post-thumbnail","hentry","category-a-linternational"],"yoast_head":"<!-- This site is optimized with the Yoast SEO plugin v22.8 - https:\/\/yoast.com\/wordpress\/plugins\/seo\/ -->\n<title>Participation d\u2019Elles aussi \u00e0 la CSW70 \u00e0 New York - Elles Aussi<\/title>\n<meta name=\"robots\" content=\"index, follow, max-snippet:-1, max-image-preview:large, max-video-preview:-1\" \/>\n<link rel=\"canonical\" href=\"https:\/\/www.ellesaussi.org\/?p=4181\" \/>\n<meta property=\"og:locale\" content=\"fr_FR\" \/>\n<meta property=\"og:type\" content=\"article\" \/>\n<meta property=\"og:title\" content=\"Participation d\u2019Elles aussi \u00e0 la CSW70 \u00e0 New York - Elles Aussi\" \/>\n<meta property=\"og:description\" content=\"Elles aussi est tr\u00e8s fi\u00e8re d\u2019avoir fait partie de la d\u00e9l\u00e9gation fran\u00e7aise pour se rendre \u00e0 l\u2019ONU \u00e0 New York via ses deux repr\u00e9sentantes : Sophie Revillier, vice-pr\u00e9sidente d\u2019Elles aussi, et Sophie Trilles, d\u00e9l\u00e9gu\u00e9e r\u00e9gionale Occitanie. Du 9 au 19 mars 2026, la 70e session de la Commission de la condition de la femme (CSW70) [&hellip;]\" \/>\n<meta property=\"og:url\" content=\"https:\/\/www.ellesaussi.org\/?p=4181\" \/>\n<meta property=\"og:site_name\" content=\"Elles Aussi\" \/>\n<meta property=\"article:publisher\" content=\"https:\/\/www.facebook.com\/ellesaussi\/\" \/>\n<meta property=\"article:published_time\" content=\"2026-04-26T07:52:19+00:00\" \/>\n<meta property=\"article:modified_time\" content=\"2026-05-01T07:54:22+00:00\" \/>\n<meta property=\"og:image\" content=\"https:\/\/www.ellesaussi.org\/wp-content\/uploads\/2026\/05\/Participation-dElles-aussi-a-la-CSW70-a-New-York.jpg\" \/>\n\t<meta property=\"og:image:width\" content=\"847\" \/>\n\t<meta property=\"og:image:height\" content=\"635\" \/>\n\t<meta property=\"og:image:type\" content=\"image\/jpeg\" \/>\n<meta name=\"author\" content=\"admin\" \/>\n<meta name=\"twitter:card\" content=\"summary_large_image\" \/>\n<meta name=\"twitter:label1\" content=\"\u00c9crit par\" \/>\n\t<meta name=\"twitter:data1\" content=\"admin\" \/>\n\t<meta name=\"twitter:label2\" content=\"Dur\u00e9e de lecture estim\u00e9e\" \/>\n\t<meta name=\"twitter:data2\" content=\"3 minutes\" \/>\n<script type=\"application\/ld+json\" class=\"yoast-schema-graph\">{\"@context\":\"https:\/\/schema.org\",\"@graph\":[{\"@type\":\"Article\",\"@id\":\"https:\/\/www.ellesaussi.org\/?p=4181#article\",\"isPartOf\":{\"@id\":\"https:\/\/www.ellesaussi.org\/?p=4181\"},\"author\":{\"name\":\"admin\",\"@id\":\"https:\/\/www.ellesaussi.org\/#\/schema\/person\/eeca4be50db30b5dbb39f78fc3364160\"},\"headline\":\"Participation d\u2019Elles aussi \u00e0 la CSW70 \u00e0 New York\",\"datePublished\":\"2026-04-26T07:52:19+00:00\",\"dateModified\":\"2026-05-01T07:54:22+00:00\",\"mainEntityOfPage\":{\"@id\":\"https:\/\/www.ellesaussi.org\/?p=4181\"},\"wordCount\":666,\"publisher\":{\"@id\":\"https:\/\/www.ellesaussi.org\/#organization\"},\"image\":{\"@id\":\"https:\/\/www.ellesaussi.org\/?p=4181#primaryimage\"},\"thumbnailUrl\":\"https:\/\/www.ellesaussi.org\/wp-content\/uploads\/2026\/05\/Participation-dElles-aussi-a-la-CSW70-a-New-York.jpg\",\"articleSection\":[\"\u00e0 l'international\"],\"inLanguage\":\"fr-FR\"},{\"@type\":\"WebPage\",\"@id\":\"https:\/\/www.ellesaussi.org\/?p=4181\",\"url\":\"https:\/\/www.ellesaussi.org\/?p=4181\",\"name\":\"Participation d\u2019Elles aussi \u00e0 la CSW70 \u00e0 New York - Elles Aussi\",\"isPartOf\":{\"@id\":\"https:\/\/www.ellesaussi.org\/#website\"},\"primaryImageOfPage\":{\"@id\":\"https:\/\/www.ellesaussi.org\/?p=4181#primaryimage\"},\"image\":{\"@id\":\"https:\/\/www.ellesaussi.org\/?p=4181#primaryimage\"},\"thumbnailUrl\":\"https:\/\/www.ellesaussi.org\/wp-content\/uploads\/2026\/05\/Participation-dElles-aussi-a-la-CSW70-a-New-York.jpg\",\"datePublished\":\"2026-04-26T07:52:19+00:00\",\"dateModified\":\"2026-05-01T07:54:22+00:00\",\"breadcrumb\":{\"@id\":\"https:\/\/www.ellesaussi.org\/?p=4181#breadcrumb\"},\"inLanguage\":\"fr-FR\",\"potentialAction\":[{\"@type\":\"ReadAction\",\"target\":[\"https:\/\/www.ellesaussi.org\/?p=4181\"]}]},{\"@type\":\"ImageObject\",\"inLanguage\":\"fr-FR\",\"@id\":\"https:\/\/www.ellesaussi.org\/?p=4181#primaryimage\",\"url\":\"https:\/\/www.ellesaussi.org\/wp-content\/uploads\/2026\/05\/Participation-dElles-aussi-a-la-CSW70-a-New-York.jpg\",\"contentUrl\":\"https:\/\/www.ellesaussi.org\/wp-content\/uploads\/2026\/05\/Participation-dElles-aussi-a-la-CSW70-a-New-York.jpg\",\"width\":847,\"height\":635},{\"@type\":\"BreadcrumbList\",\"@id\":\"https:\/\/www.ellesaussi.org\/?p=4181#breadcrumb\",\"itemListElement\":[{\"@type\":\"ListItem\",\"position\":1,\"name\":\"Accueil\",\"item\":\"https:\/\/www.ellesaussi.org\/\"},{\"@type\":\"ListItem\",\"position\":2,\"name\":\"Participation d\u2019Elles aussi \u00e0 la CSW70 \u00e0 New York\"}]},{\"@type\":\"WebSite\",\"@id\":\"https:\/\/www.ellesaussi.org\/#website\",\"url\":\"https:\/\/www.ellesaussi.org\/\",\"name\":\"Elles Aussi\",\"description\":\"\",\"publisher\":{\"@id\":\"https:\/\/www.ellesaussi.org\/#organization\"},\"potentialAction\":[{\"@type\":\"SearchAction\",\"target\":{\"@type\":\"EntryPoint\",\"urlTemplate\":\"https:\/\/www.ellesaussi.org\/?s={search_term_string}\"},\"query-input\":\"required name=search_term_string\"}],\"inLanguage\":\"fr-FR\"},{\"@type\":\"Organization\",\"@id\":\"https:\/\/www.ellesaussi.org\/#organization\",\"name\":\"Elles Aussi\",\"url\":\"https:\/\/www.ellesaussi.org\/\",\"logo\":{\"@type\":\"ImageObject\",\"inLanguage\":\"fr-FR\",\"@id\":\"https:\/\/www.ellesaussi.org\/#\/schema\/logo\/image\/\",\"url\":\"https:\/\/www.ellesaussi.org\/wp-content\/uploads\/2024\/05\/Elles-aussi_logotype_rouge.png\",\"contentUrl\":\"https:\/\/www.ellesaussi.org\/wp-content\/uploads\/2024\/05\/Elles-aussi_logotype_rouge.png\",\"width\":3472,\"height\":2480,\"caption\":\"Elles Aussi\"},\"image\":{\"@id\":\"https:\/\/www.ellesaussi.org\/#\/schema\/logo\/image\/\"},\"sameAs\":[\"https:\/\/www.facebook.com\/ellesaussi\/\"]},{\"@type\":\"Person\",\"@id\":\"https:\/\/www.ellesaussi.org\/#\/schema\/person\/eeca4be50db30b5dbb39f78fc3364160\",\"name\":\"admin\",\"image\":{\"@type\":\"ImageObject\",\"inLanguage\":\"fr-FR\",\"@id\":\"https:\/\/www.ellesaussi.org\/#\/schema\/person\/image\/\",\"url\":\"https:\/\/secure.gravatar.com\/avatar\/62da4937aa6d6b509192861c0b966204a1b742b2814f6387fa08fe6c98a8729c?s=96&d=mm&r=g\",\"contentUrl\":\"https:\/\/secure.gravatar.com\/avatar\/62da4937aa6d6b509192861c0b966204a1b742b2814f6387fa08fe6c98a8729c?s=96&d=mm&r=g\",\"caption\":\"admin\"},\"sameAs\":[\"https:\/\/elles129186.webdb78.lwspanel.com\"],\"url\":\"https:\/\/www.ellesaussi.org\/?author=1\"}]}<\/script>\n<!-- \/ Yoast SEO plugin. -->","yoast_head_json":{"title":"Participation d\u2019Elles aussi \u00e0 la CSW70 \u00e0 New York - Elles Aussi","robots":{"index":"index","follow":"follow","max-snippet":"max-snippet:-1","max-image-preview":"max-image-preview:large","max-video-preview":"max-video-preview:-1"},"canonical":"https:\/\/www.ellesaussi.org\/?p=4181","og_locale":"fr_FR","og_type":"article","og_title":"Participation d\u2019Elles aussi \u00e0 la CSW70 \u00e0 New York - Elles Aussi","og_description":"Elles aussi est tr\u00e8s fi\u00e8re d\u2019avoir fait partie de la d\u00e9l\u00e9gation fran\u00e7aise pour se rendre \u00e0 l\u2019ONU \u00e0 New York via ses deux repr\u00e9sentantes : Sophie Revillier, vice-pr\u00e9sidente d\u2019Elles aussi, et Sophie Trilles, d\u00e9l\u00e9gu\u00e9e r\u00e9gionale Occitanie. Du 9 au 19 mars 2026, la 70e session de la Commission de la condition de la femme (CSW70) [&hellip;]","og_url":"https:\/\/www.ellesaussi.org\/?p=4181","og_site_name":"Elles Aussi","article_publisher":"https:\/\/www.facebook.com\/ellesaussi\/","article_published_time":"2026-04-26T07:52:19+00:00","article_modified_time":"2026-05-01T07:54:22+00:00","og_image":[{"width":847,"height":635,"url":"https:\/\/www.ellesaussi.org\/wp-content\/uploads\/2026\/05\/Participation-dElles-aussi-a-la-CSW70-a-New-York.jpg","type":"image\/jpeg"}],"author":"admin","twitter_card":"summary_large_image","twitter_misc":{"\u00c9crit par":"admin","Dur\u00e9e de lecture estim\u00e9e":"3 minutes"},"schema":{"@context":"https:\/\/schema.org","@graph":[{"@type":"Article","@id":"https:\/\/www.ellesaussi.org\/?p=4181#article","isPartOf":{"@id":"https:\/\/www.ellesaussi.org\/?p=4181"},"author":{"name":"admin","@id":"https:\/\/www.ellesaussi.org\/#\/schema\/person\/eeca4be50db30b5dbb39f78fc3364160"},"headline":"Participation d\u2019Elles aussi \u00e0 la CSW70 \u00e0 New York","datePublished":"2026-04-26T07:52:19+00:00","dateModified":"2026-05-01T07:54:22+00:00","mainEntityOfPage":{"@id":"https:\/\/www.ellesaussi.org\/?p=4181"},"wordCount":666,"publisher":{"@id":"https:\/\/www.ellesaussi.org\/#organization"},"image":{"@id":"https:\/\/www.ellesaussi.org\/?p=4181#primaryimage"},"thumbnailUrl":"https:\/\/www.ellesaussi.org\/wp-content\/uploads\/2026\/05\/Participation-dElles-aussi-a-la-CSW70-a-New-York.jpg","articleSection":["\u00e0 l'international"],"inLanguage":"fr-FR"},{"@type":"WebPage","@id":"https:\/\/www.ellesaussi.org\/?p=4181","url":"https:\/\/www.ellesaussi.org\/?p=4181","name":"Participation d\u2019Elles aussi \u00e0 la CSW70 \u00e0 New York - Elles Aussi","isPartOf":{"@id":"https:\/\/www.ellesaussi.org\/#website"},"primaryImageOfPage":{"@id":"https:\/\/www.ellesaussi.org\/?p=4181#primaryimage"},"image":{"@id":"https:\/\/www.ellesaussi.org\/?p=4181#primaryimage"},"thumbnailUrl":"https:\/\/www.ellesaussi.org\/wp-content\/uploads\/2026\/05\/Participation-dElles-aussi-a-la-CSW70-a-New-York.jpg","datePublished":"2026-04-26T07:52:19+00:00","dateModified":"2026-05-01T07:54:22+00:00","breadcrumb":{"@id":"https:\/\/www.ellesaussi.org\/?p=4181#breadcrumb"},"inLanguage":"fr-FR","potentialAction":[{"@type":"ReadAction","target":["https:\/\/www.ellesaussi.org\/?p=4181"]}]},{"@type":"ImageObject","inLanguage":"fr-FR","@id":"https:\/\/www.ellesaussi.org\/?p=4181#primaryimage","url":"https:\/\/www.ellesaussi.org\/wp-content\/uploads\/2026\/05\/Participation-dElles-aussi-a-la-CSW70-a-New-York.jpg","contentUrl":"https:\/\/www.ellesaussi.org\/wp-content\/uploads\/2026\/05\/Participation-dElles-aussi-a-la-CSW70-a-New-York.jpg","width":847,"height":635},{"@type":"BreadcrumbList","@id":"https:\/\/www.ellesaussi.org\/?p=4181#breadcrumb","itemListElement":[{"@type":"ListItem","position":1,"name":"Accueil","item":"https:\/\/www.ellesaussi.org\/"},{"@type":"ListItem","position":2,"name":"Participation d\u2019Elles aussi \u00e0 la CSW70 \u00e0 New York"}]},{"@type":"WebSite","@id":"https:\/\/www.ellesaussi.org\/#website","url":"https:\/\/www.ellesaussi.org\/","name":"Elles Aussi","description":"","publisher":{"@id":"https:\/\/www.ellesaussi.org\/#organization"},"potentialAction":[{"@type":"SearchAction","target":{"@type":"EntryPoint","urlTemplate":"https:\/\/www.ellesaussi.org\/?s={search_term_string}"},"query-input":"required name=search_term_string"}],"inLanguage":"fr-FR"},{"@type":"Organization","@id":"https:\/\/www.ellesaussi.org\/#organization","name":"Elles Aussi","url":"https:\/\/www.ellesaussi.org\/","logo":{"@type":"ImageObject","inLanguage":"fr-FR","@id":"https:\/\/www.ellesaussi.org\/#\/schema\/logo\/image\/","url":"https:\/\/www.ellesaussi.org\/wp-content\/uploads\/2024\/05\/Elles-aussi_logotype_rouge.png","contentUrl":"https:\/\/www.ellesaussi.org\/wp-content\/uploads\/2024\/05\/Elles-aussi_logotype_rouge.png","width":3472,"height":2480,"caption":"Elles Aussi"},"image":{"@id":"https:\/\/www.ellesaussi.org\/#\/schema\/logo\/image\/"},"sameAs":["https:\/\/www.facebook.com\/ellesaussi\/"]},{"@type":"Person","@id":"https:\/\/www.ellesaussi.org\/#\/schema\/person\/eeca4be50db30b5dbb39f78fc3364160","name":"admin","image":{"@type":"ImageObject","inLanguage":"fr-FR","@id":"https:\/\/www.ellesaussi.org\/#\/schema\/person\/image\/","url":"https:\/\/secure.gravatar.com\/avatar\/62da4937aa6d6b509192861c0b966204a1b742b2814f6387fa08fe6c98a8729c?s=96&d=mm&r=g","contentUrl":"https:\/\/secure.gravatar.com\/avatar\/62da4937aa6d6b509192861c0b966204a1b742b2814f6387fa08fe6c98a8729c?s=96&d=mm&r=g","caption":"admin"},"sameAs":["https:\/\/elles129186.webdb78.lwspanel.com"],"url":"https:\/\/www.ellesaussi.org\/?author=1"}]}},"_links":{"self":[{"href":"https:\/\/www.ellesaussi.org\/index.php?rest_route=\/wp\/v2\/posts\/4181","targetHints":{"allow":["GET"]}}],"collection":[{"href":"https:\/\/www.ellesaussi.org\/index.php?rest_route=\/wp\/v2\/posts"}],"about":[{"href":"https:\/\/www.ellesaussi.org\/index.php?rest_route=\/wp\/v2\/types\/post"}],"author":[{"embeddable":true,"href":"https:\/\/www.ellesaussi.org\/index.php?rest_route=\/wp\/v2\/users\/1"}],"replies":[{"embeddable":true,"href":"https:\/\/www.ellesaussi.org\/index.php?rest_route=%2Fwp%2Fv2%2Fcomments&post=4181"}],"version-history":[{"count":4,"href":"https:\/\/www.ellesaussi.org\/index.php?rest_route=\/wp\/v2\/posts\/4181\/revisions"}],"predecessor-version":[{"id":4186,"href":"https:\/\/www.ellesaussi.org\/index.php?rest_route=\/wp\/v2\/posts\/4181\/revisions\/4186"}],"wp:featuredmedia":[{"embeddable":true,"href":"https:\/\/www.ellesaussi.org\/index.php?rest_route=\/wp\/v2\/media\/4182"}],"wp:attachment":[{"href":"https:\/\/www.ellesaussi.org\/index.php?rest_route=%2Fwp%2Fv2%2Fmedia&parent=4181"}],"wp:term":[{"taxonomy":"category","embeddable":true,"href":"https:\/\/www.ellesaussi.org\/index.php?rest_route=%2Fwp%2Fv2%2Fcategories&post=4181"},{"taxonomy":"post_tag","embeddable":true,"href":"https:\/\/www.ellesaussi.org\/index.php?rest_route=%2Fwp%2Fv2%2Ftags&post=4181"}],"curies":[{"name":"wp","href":"https:\/\/api.w.org\/{rel}","templated":true}]}}