{"id":4176,"date":"2026-04-27T09:48:26","date_gmt":"2026-04-27T07:48:26","guid":{"rendered":"https:\/\/www.ellesaussi.org\/?p=4176"},"modified":"2026-05-01T09:51:26","modified_gmt":"2026-05-01T07:51:26","slug":"violences-et-discours-de-haine-contre-la-democratie","status":"publish","type":"post","link":"https:\/\/www.ellesaussi.org\/?p=4176","title":{"rendered":"Violences et discours de haine contre la d\u00e9mocratie"},"content":{"rendered":"\t\t<div data-elementor-type=\"wp-post\" data-elementor-id=\"4176\" class=\"elementor elementor-4176\" data-elementor-post-type=\"post\">\n\t\t\t\t<div class=\"elementor-element elementor-element-ddb5180 e-flex e-con-boxed e-con e-parent\" data-id=\"ddb5180\" data-element_type=\"container\">\n\t\t\t\t\t<div class=\"e-con-inner\">\n\t\t\t\t<div class=\"elementor-element elementor-element-b61b3a3 elementor-widget elementor-widget-text-editor\" data-id=\"b61b3a3\" data-element_type=\"widget\" data-widget_type=\"text-editor.default\">\n\t\t\t\t<div class=\"elementor-widget-container\">\n\t\t\t\t\t\t\t<h4><span style=\"color: #f15b43;\"><strong>Quand la raison laisse la place \u00e0 l\u2019\u00e9motion dans le d\u00e9bat politique local<\/strong><\/span><\/h4><p>Peut-on encore accepter un d\u00e9bat politique brutal et violent comme celui de la campagne municipale de 2026\u00a0? Le ministre de l\u2019int\u00e9rieur, Laurent\u00a0Nu\u00f1ez a not\u00e9 130\u00a0faits judiciaris\u00e9s \u00e0 l\u2019encontre de candidats ou de maires sortants pendant celle-ci.<\/p><p>De multiples vid\u00e9os ont montr\u00e9 des maires sortants battus dans les urnes, hu\u00e9s, insult\u00e9s, bouscul\u00e9s. Certains n\u2019ont pu s\u2019exprimer. Ils ou elles ont parfois d\u00fb \u00eatre escort\u00e9s par les forces de l\u2019ordre \u00e0 Vaulx-en-Velin (Rh\u00f4ne), Mantes-la-Jolie (Yvelines) ou encore \u00e0 Creil (Oise).<\/p><p>Le saccage de la mairie de Fresnes <span style=\"color: #f15b43;\">a \u00e9t\u00e9 une atteinte directe \u00e0 la R\u00e9publique et \u00e0 la d\u00e9mocratie.<\/span> Quand des \u00e9lu.es d\u00e9missionnent suite \u00e0 des violences subies <span style=\"color: #f15b43;\">c\u2019est le d\u00e9but de la loi du plus fort<\/span>.<\/p><p>La progression des violences accentu\u00e9e par les r\u00e9seaux sociaux touche tous les responsables politiques et de plus en plus de maires sont menac\u00e9s par des violences psychologiques et\/ou physiques.<\/p><p><span style=\"color: #f15b43;\">Peut-on favoriser la participation politique des hommes et des femmes dans un tel climat\u00a0?<\/span><\/p><p>Ces violences am\u00e8nent les responsables politiques \u00e0 r\u00e9duire les rencontres avec la population alors qu\u2019elles sont \u00e0 la base de la d\u00e9mocratie repr\u00e9sentative. Le pluralisme, la repr\u00e9sentativit\u00e9 et la qualit\u00e9 des processus d\u00e9mocratiques sont remis en cause.<\/p><p>L\u2019Assembl\u00e9e parlementaire du Conseil de l\u2019Europe (APCE) note que <span style=\"color: #f15b43;\">\u00ab\u00a0les femmes politiques, les repr\u00e9sentant\u00b7es de groupes minoritaires ainsi que les jeunes responsables publics \u00e9taient cibl\u00e9\u00b7es de mani\u00e8re disproportionn\u00e9e et n\u00e9cessitaient une attention particuli\u00e8re.\u00a0\u00bb<\/span><\/p><p>Elle a appel\u00e9 les \u00c9tats europ\u00e9ens \u00e0 adopter <span style=\"color: #f15b43;\">\u00ab une l\u00e9gislation solide \u00bb<\/span> reconnaissant les diff\u00e9rentes formes de violence contre les responsables politiques comme des infractions p\u00e9nales sp\u00e9cifiques, et \u00e0 <span style=\"color: #f15b43;\">doter les forces de l\u2019ordre et le pouvoir judiciaire des ressources n\u00e9cessaires.<\/span> Elle a invit\u00e9 les parlements nationaux et les partis politiques \u00e0 adopter des codes de conduite clairs, afin de renforcer une <span style=\"color: #f15b43;\">culture de respect et de responsabilit\u00e9 au c\u0153ur de la vie d\u00e9mocratique<\/span>.<\/p><p><span style=\"color: #f15b43;\">Elles aussi<\/span> encourage les femmes \u00e0 l\u2019engagement politique et \u00e0 leur l\u00e9gitime repr\u00e9sentation dans les assembl\u00e9es du bloc communal. D\u00e9laisser la politique ou radicaliser ses positions ne sont pas des solutions pour faire avancer des projets collectifs. Pour aboutir \u00e0 une d\u00e9mocratie paritaire, le l\u00e9gislateur doit prot\u00e9ger tous les citoyen.nes et le gouvernement faire appliquer les lois.<\/p><p>Quand l\u2019\u00e9ducation fait d\u00e9faut \u00e0 la biens\u00e9ance d\u2019un d\u00e9bat r\u00e9publicain fructueux, il est utile de renforcer les r\u00e8gles et sanctionner les atteintes aux personnes. <span style=\"color: #f15b43;\">Il y va de la libert\u00e9 de parole dans un cadre d\u00e9mocratique r\u00e9publicain.<\/span><\/p><p>\u00a0<\/p><p>Reine L\u00e9pinay<\/p>\t\t\t\t\t\t<\/div>\n\t\t\t\t<\/div>\n\t\t\t\t\t<\/div>\n\t\t\t\t<\/div>\n\t\t\t\t<\/div>\n\t\t","protected":false},"excerpt":{"rendered":"<p>Quand la raison laisse la place \u00e0 l\u2019\u00e9motion dans le d\u00e9bat politique local Peut-on encore accepter un d\u00e9bat politique brutal et violent comme celui de la campagne municipale de 2026\u00a0? Le ministre de l\u2019int\u00e9rieur, Laurent\u00a0Nu\u00f1ez a not\u00e9 130\u00a0faits judiciaris\u00e9s \u00e0 l\u2019encontre de candidats ou de maires sortants pendant celle-ci. De multiples vid\u00e9os ont montr\u00e9 des [&hellip;]<\/p>\n","protected":false},"author":1,"featured_media":4148,"comment_status":"closed","ping_status":"closed","sticky":false,"template":"","format":"standard","meta":{"footnotes":""},"categories":[55],"tags":[],"class_list":["post-4176","post","type-post","status-publish","format-standard","has-post-thumbnail","hentry","category-elections-municipales-et-communautaires-de-2026"],"yoast_head":"<!-- This site is optimized with the Yoast SEO plugin v22.8 - https:\/\/yoast.com\/wordpress\/plugins\/seo\/ -->\n<title>Violences et discours de haine contre la d\u00e9mocratie - Elles Aussi<\/title>\n<meta name=\"robots\" content=\"index, follow, max-snippet:-1, max-image-preview:large, max-video-preview:-1\" \/>\n<link rel=\"canonical\" href=\"https:\/\/www.ellesaussi.org\/?p=4176\" \/>\n<meta property=\"og:locale\" content=\"fr_FR\" \/>\n<meta property=\"og:type\" content=\"article\" \/>\n<meta property=\"og:title\" content=\"Violences et discours de haine contre la d\u00e9mocratie - Elles Aussi\" \/>\n<meta property=\"og:description\" content=\"Quand la raison laisse la place \u00e0 l\u2019\u00e9motion dans le d\u00e9bat politique local Peut-on encore accepter un d\u00e9bat politique brutal et violent comme celui de la campagne municipale de 2026\u00a0? Le ministre de l\u2019int\u00e9rieur, Laurent\u00a0Nu\u00f1ez a not\u00e9 130\u00a0faits judiciaris\u00e9s \u00e0 l\u2019encontre de candidats ou de maires sortants pendant celle-ci. De multiples vid\u00e9os ont montr\u00e9 des [&hellip;]\" \/>\n<meta property=\"og:url\" content=\"https:\/\/www.ellesaussi.org\/?p=4176\" \/>\n<meta property=\"og:site_name\" content=\"Elles Aussi\" \/>\n<meta property=\"article:publisher\" content=\"https:\/\/www.facebook.com\/ellesaussi\/\" \/>\n<meta property=\"article:published_time\" content=\"2026-04-27T07:48:26+00:00\" \/>\n<meta property=\"article:modified_time\" content=\"2026-05-01T07:51:26+00:00\" \/>\n<meta property=\"og:image\" content=\"https:\/\/www.ellesaussi.org\/wp-content\/uploads\/2026\/03\/Autour-du-8-mars-2026-4.jpg\" \/>\n\t<meta property=\"og:image:width\" content=\"411\" \/>\n\t<meta property=\"og:image:height\" content=\"345\" \/>\n\t<meta property=\"og:image:type\" content=\"image\/jpeg\" \/>\n<meta name=\"author\" content=\"admin\" \/>\n<meta name=\"twitter:card\" content=\"summary_large_image\" \/>\n<meta name=\"twitter:label1\" content=\"\u00c9crit par\" \/>\n\t<meta name=\"twitter:data1\" content=\"admin\" \/>\n\t<meta name=\"twitter:label2\" content=\"Dur\u00e9e de lecture estim\u00e9e\" \/>\n\t<meta name=\"twitter:data2\" content=\"3 minutes\" \/>\n<script type=\"application\/ld+json\" class=\"yoast-schema-graph\">{\"@context\":\"https:\/\/schema.org\",\"@graph\":[{\"@type\":\"Article\",\"@id\":\"https:\/\/www.ellesaussi.org\/?p=4176#article\",\"isPartOf\":{\"@id\":\"https:\/\/www.ellesaussi.org\/?p=4176\"},\"author\":{\"name\":\"admin\",\"@id\":\"https:\/\/www.ellesaussi.org\/#\/schema\/person\/eeca4be50db30b5dbb39f78fc3364160\"},\"headline\":\"Violences et discours de haine contre la d\u00e9mocratie\",\"datePublished\":\"2026-04-27T07:48:26+00:00\",\"dateModified\":\"2026-05-01T07:51:26+00:00\",\"mainEntityOfPage\":{\"@id\":\"https:\/\/www.ellesaussi.org\/?p=4176\"},\"wordCount\":475,\"publisher\":{\"@id\":\"https:\/\/www.ellesaussi.org\/#organization\"},\"image\":{\"@id\":\"https:\/\/www.ellesaussi.org\/?p=4176#primaryimage\"},\"thumbnailUrl\":\"https:\/\/www.ellesaussi.org\/wp-content\/uploads\/2026\/03\/Autour-du-8-mars-2026-4.jpg\",\"articleSection\":[\"\u00e9lections municipales et communautaires de 2026\"],\"inLanguage\":\"fr-FR\"},{\"@type\":\"WebPage\",\"@id\":\"https:\/\/www.ellesaussi.org\/?p=4176\",\"url\":\"https:\/\/www.ellesaussi.org\/?p=4176\",\"name\":\"Violences et discours de haine contre la d\u00e9mocratie - Elles Aussi\",\"isPartOf\":{\"@id\":\"https:\/\/www.ellesaussi.org\/#website\"},\"primaryImageOfPage\":{\"@id\":\"https:\/\/www.ellesaussi.org\/?p=4176#primaryimage\"},\"image\":{\"@id\":\"https:\/\/www.ellesaussi.org\/?p=4176#primaryimage\"},\"thumbnailUrl\":\"https:\/\/www.ellesaussi.org\/wp-content\/uploads\/2026\/03\/Autour-du-8-mars-2026-4.jpg\",\"datePublished\":\"2026-04-27T07:48:26+00:00\",\"dateModified\":\"2026-05-01T07:51:26+00:00\",\"breadcrumb\":{\"@id\":\"https:\/\/www.ellesaussi.org\/?p=4176#breadcrumb\"},\"inLanguage\":\"fr-FR\",\"potentialAction\":[{\"@type\":\"ReadAction\",\"target\":[\"https:\/\/www.ellesaussi.org\/?p=4176\"]}]},{\"@type\":\"ImageObject\",\"inLanguage\":\"fr-FR\",\"@id\":\"https:\/\/www.ellesaussi.org\/?p=4176#primaryimage\",\"url\":\"https:\/\/www.ellesaussi.org\/wp-content\/uploads\/2026\/03\/Autour-du-8-mars-2026-4.jpg\",\"contentUrl\":\"https:\/\/www.ellesaussi.org\/wp-content\/uploads\/2026\/03\/Autour-du-8-mars-2026-4.jpg\",\"width\":411,\"height\":345},{\"@type\":\"BreadcrumbList\",\"@id\":\"https:\/\/www.ellesaussi.org\/?p=4176#breadcrumb\",\"itemListElement\":[{\"@type\":\"ListItem\",\"position\":1,\"name\":\"Accueil\",\"item\":\"https:\/\/www.ellesaussi.org\/\"},{\"@type\":\"ListItem\",\"position\":2,\"name\":\"Violences et discours de haine contre la d\u00e9mocratie\"}]},{\"@type\":\"WebSite\",\"@id\":\"https:\/\/www.ellesaussi.org\/#website\",\"url\":\"https:\/\/www.ellesaussi.org\/\",\"name\":\"Elles Aussi\",\"description\":\"\",\"publisher\":{\"@id\":\"https:\/\/www.ellesaussi.org\/#organization\"},\"potentialAction\":[{\"@type\":\"SearchAction\",\"target\":{\"@type\":\"EntryPoint\",\"urlTemplate\":\"https:\/\/www.ellesaussi.org\/?s={search_term_string}\"},\"query-input\":\"required name=search_term_string\"}],\"inLanguage\":\"fr-FR\"},{\"@type\":\"Organization\",\"@id\":\"https:\/\/www.ellesaussi.org\/#organization\",\"name\":\"Elles Aussi\",\"url\":\"https:\/\/www.ellesaussi.org\/\",\"logo\":{\"@type\":\"ImageObject\",\"inLanguage\":\"fr-FR\",\"@id\":\"https:\/\/www.ellesaussi.org\/#\/schema\/logo\/image\/\",\"url\":\"https:\/\/www.ellesaussi.org\/wp-content\/uploads\/2024\/05\/Elles-aussi_logotype_rouge.png\",\"contentUrl\":\"https:\/\/www.ellesaussi.org\/wp-content\/uploads\/2024\/05\/Elles-aussi_logotype_rouge.png\",\"width\":3472,\"height\":2480,\"caption\":\"Elles Aussi\"},\"image\":{\"@id\":\"https:\/\/www.ellesaussi.org\/#\/schema\/logo\/image\/\"},\"sameAs\":[\"https:\/\/www.facebook.com\/ellesaussi\/\"]},{\"@type\":\"Person\",\"@id\":\"https:\/\/www.ellesaussi.org\/#\/schema\/person\/eeca4be50db30b5dbb39f78fc3364160\",\"name\":\"admin\",\"image\":{\"@type\":\"ImageObject\",\"inLanguage\":\"fr-FR\",\"@id\":\"https:\/\/www.ellesaussi.org\/#\/schema\/person\/image\/\",\"url\":\"https:\/\/secure.gravatar.com\/avatar\/62da4937aa6d6b509192861c0b966204a1b742b2814f6387fa08fe6c98a8729c?s=96&d=mm&r=g\",\"contentUrl\":\"https:\/\/secure.gravatar.com\/avatar\/62da4937aa6d6b509192861c0b966204a1b742b2814f6387fa08fe6c98a8729c?s=96&d=mm&r=g\",\"caption\":\"admin\"},\"sameAs\":[\"https:\/\/elles129186.webdb78.lwspanel.com\"],\"url\":\"https:\/\/www.ellesaussi.org\/?author=1\"}]}<\/script>\n<!-- \/ Yoast SEO plugin. -->","yoast_head_json":{"title":"Violences et discours de haine contre la d\u00e9mocratie - Elles Aussi","robots":{"index":"index","follow":"follow","max-snippet":"max-snippet:-1","max-image-preview":"max-image-preview:large","max-video-preview":"max-video-preview:-1"},"canonical":"https:\/\/www.ellesaussi.org\/?p=4176","og_locale":"fr_FR","og_type":"article","og_title":"Violences et discours de haine contre la d\u00e9mocratie - Elles Aussi","og_description":"Quand la raison laisse la place \u00e0 l\u2019\u00e9motion dans le d\u00e9bat politique local Peut-on encore accepter un d\u00e9bat politique brutal et violent comme celui de la campagne municipale de 2026\u00a0? Le ministre de l\u2019int\u00e9rieur, Laurent\u00a0Nu\u00f1ez a not\u00e9 130\u00a0faits judiciaris\u00e9s \u00e0 l\u2019encontre de candidats ou de maires sortants pendant celle-ci. De multiples vid\u00e9os ont montr\u00e9 des [&hellip;]","og_url":"https:\/\/www.ellesaussi.org\/?p=4176","og_site_name":"Elles Aussi","article_publisher":"https:\/\/www.facebook.com\/ellesaussi\/","article_published_time":"2026-04-27T07:48:26+00:00","article_modified_time":"2026-05-01T07:51:26+00:00","og_image":[{"width":411,"height":345,"url":"https:\/\/www.ellesaussi.org\/wp-content\/uploads\/2026\/03\/Autour-du-8-mars-2026-4.jpg","type":"image\/jpeg"}],"author":"admin","twitter_card":"summary_large_image","twitter_misc":{"\u00c9crit par":"admin","Dur\u00e9e de lecture estim\u00e9e":"3 minutes"},"schema":{"@context":"https:\/\/schema.org","@graph":[{"@type":"Article","@id":"https:\/\/www.ellesaussi.org\/?p=4176#article","isPartOf":{"@id":"https:\/\/www.ellesaussi.org\/?p=4176"},"author":{"name":"admin","@id":"https:\/\/www.ellesaussi.org\/#\/schema\/person\/eeca4be50db30b5dbb39f78fc3364160"},"headline":"Violences et discours de haine contre la d\u00e9mocratie","datePublished":"2026-04-27T07:48:26+00:00","dateModified":"2026-05-01T07:51:26+00:00","mainEntityOfPage":{"@id":"https:\/\/www.ellesaussi.org\/?p=4176"},"wordCount":475,"publisher":{"@id":"https:\/\/www.ellesaussi.org\/#organization"},"image":{"@id":"https:\/\/www.ellesaussi.org\/?p=4176#primaryimage"},"thumbnailUrl":"https:\/\/www.ellesaussi.org\/wp-content\/uploads\/2026\/03\/Autour-du-8-mars-2026-4.jpg","articleSection":["\u00e9lections municipales et communautaires de 2026"],"inLanguage":"fr-FR"},{"@type":"WebPage","@id":"https:\/\/www.ellesaussi.org\/?p=4176","url":"https:\/\/www.ellesaussi.org\/?p=4176","name":"Violences et discours de haine contre la d\u00e9mocratie - Elles Aussi","isPartOf":{"@id":"https:\/\/www.ellesaussi.org\/#website"},"primaryImageOfPage":{"@id":"https:\/\/www.ellesaussi.org\/?p=4176#primaryimage"},"image":{"@id":"https:\/\/www.ellesaussi.org\/?p=4176#primaryimage"},"thumbnailUrl":"https:\/\/www.ellesaussi.org\/wp-content\/uploads\/2026\/03\/Autour-du-8-mars-2026-4.jpg","datePublished":"2026-04-27T07:48:26+00:00","dateModified":"2026-05-01T07:51:26+00:00","breadcrumb":{"@id":"https:\/\/www.ellesaussi.org\/?p=4176#breadcrumb"},"inLanguage":"fr-FR","potentialAction":[{"@type":"ReadAction","target":["https:\/\/www.ellesaussi.org\/?p=4176"]}]},{"@type":"ImageObject","inLanguage":"fr-FR","@id":"https:\/\/www.ellesaussi.org\/?p=4176#primaryimage","url":"https:\/\/www.ellesaussi.org\/wp-content\/uploads\/2026\/03\/Autour-du-8-mars-2026-4.jpg","contentUrl":"https:\/\/www.ellesaussi.org\/wp-content\/uploads\/2026\/03\/Autour-du-8-mars-2026-4.jpg","width":411,"height":345},{"@type":"BreadcrumbList","@id":"https:\/\/www.ellesaussi.org\/?p=4176#breadcrumb","itemListElement":[{"@type":"ListItem","position":1,"name":"Accueil","item":"https:\/\/www.ellesaussi.org\/"},{"@type":"ListItem","position":2,"name":"Violences et discours de haine contre la d\u00e9mocratie"}]},{"@type":"WebSite","@id":"https:\/\/www.ellesaussi.org\/#website","url":"https:\/\/www.ellesaussi.org\/","name":"Elles Aussi","description":"","publisher":{"@id":"https:\/\/www.ellesaussi.org\/#organization"},"potentialAction":[{"@type":"SearchAction","target":{"@type":"EntryPoint","urlTemplate":"https:\/\/www.ellesaussi.org\/?s={search_term_string}"},"query-input":"required name=search_term_string"}],"inLanguage":"fr-FR"},{"@type":"Organization","@id":"https:\/\/www.ellesaussi.org\/#organization","name":"Elles Aussi","url":"https:\/\/www.ellesaussi.org\/","logo":{"@type":"ImageObject","inLanguage":"fr-FR","@id":"https:\/\/www.ellesaussi.org\/#\/schema\/logo\/image\/","url":"https:\/\/www.ellesaussi.org\/wp-content\/uploads\/2024\/05\/Elles-aussi_logotype_rouge.png","contentUrl":"https:\/\/www.ellesaussi.org\/wp-content\/uploads\/2024\/05\/Elles-aussi_logotype_rouge.png","width":3472,"height":2480,"caption":"Elles Aussi"},"image":{"@id":"https:\/\/www.ellesaussi.org\/#\/schema\/logo\/image\/"},"sameAs":["https:\/\/www.facebook.com\/ellesaussi\/"]},{"@type":"Person","@id":"https:\/\/www.ellesaussi.org\/#\/schema\/person\/eeca4be50db30b5dbb39f78fc3364160","name":"admin","image":{"@type":"ImageObject","inLanguage":"fr-FR","@id":"https:\/\/www.ellesaussi.org\/#\/schema\/person\/image\/","url":"https:\/\/secure.gravatar.com\/avatar\/62da4937aa6d6b509192861c0b966204a1b742b2814f6387fa08fe6c98a8729c?s=96&d=mm&r=g","contentUrl":"https:\/\/secure.gravatar.com\/avatar\/62da4937aa6d6b509192861c0b966204a1b742b2814f6387fa08fe6c98a8729c?s=96&d=mm&r=g","caption":"admin"},"sameAs":["https:\/\/elles129186.webdb78.lwspanel.com"],"url":"https:\/\/www.ellesaussi.org\/?author=1"}]}},"_links":{"self":[{"href":"https:\/\/www.ellesaussi.org\/index.php?rest_route=\/wp\/v2\/posts\/4176","targetHints":{"allow":["GET"]}}],"collection":[{"href":"https:\/\/www.ellesaussi.org\/index.php?rest_route=\/wp\/v2\/posts"}],"about":[{"href":"https:\/\/www.ellesaussi.org\/index.php?rest_route=\/wp\/v2\/types\/post"}],"author":[{"embeddable":true,"href":"https:\/\/www.ellesaussi.org\/index.php?rest_route=\/wp\/v2\/users\/1"}],"replies":[{"embeddable":true,"href":"https:\/\/www.ellesaussi.org\/index.php?rest_route=%2Fwp%2Fv2%2Fcomments&post=4176"}],"version-history":[{"count":4,"href":"https:\/\/www.ellesaussi.org\/index.php?rest_route=\/wp\/v2\/posts\/4176\/revisions"}],"predecessor-version":[{"id":4180,"href":"https:\/\/www.ellesaussi.org\/index.php?rest_route=\/wp\/v2\/posts\/4176\/revisions\/4180"}],"wp:featuredmedia":[{"embeddable":true,"href":"https:\/\/www.ellesaussi.org\/index.php?rest_route=\/wp\/v2\/media\/4148"}],"wp:attachment":[{"href":"https:\/\/www.ellesaussi.org\/index.php?rest_route=%2Fwp%2Fv2%2Fmedia&parent=4176"}],"wp:term":[{"taxonomy":"category","embeddable":true,"href":"https:\/\/www.ellesaussi.org\/index.php?rest_route=%2Fwp%2Fv2%2Fcategories&post=4176"},{"taxonomy":"post_tag","embeddable":true,"href":"https:\/\/www.ellesaussi.org\/index.php?rest_route=%2Fwp%2Fv2%2Ftags&post=4176"}],"curies":[{"name":"wp","href":"https:\/\/api.w.org\/{rel}","templated":true}]}}