{"id":4170,"date":"2026-04-27T09:45:19","date_gmt":"2026-04-27T07:45:19","guid":{"rendered":"https:\/\/www.ellesaussi.org\/?p=4170"},"modified":"2026-05-01T09:48:04","modified_gmt":"2026-05-01T07:48:04","slug":"elections-municipales-et-communautaires-de-2026parite-a-deux-vitesses-la-loi-marche-le-pouvoir-reste-inegal","status":"publish","type":"post","link":"https:\/\/www.ellesaussi.org\/?p=4170","title":{"rendered":"Elections municipales et communautaires de 2026 &#8211; Parit\u00e9 \u00e0 deux vitesses\u00a0: la loi marche, le pouvoir reste in\u00e9gal"},"content":{"rendered":"\t\t<div data-elementor-type=\"wp-post\" data-elementor-id=\"4170\" class=\"elementor elementor-4170\" data-elementor-post-type=\"post\">\n\t\t\t\t<div class=\"elementor-element elementor-element-9db5bd9 e-flex e-con-boxed e-con e-parent\" data-id=\"9db5bd9\" data-element_type=\"container\">\n\t\t\t\t\t<div class=\"e-con-inner\">\n\t\t\t\t<div class=\"elementor-element elementor-element-d278d27 elementor-widget elementor-widget-text-editor\" data-id=\"d278d27\" data-element_type=\"widget\" data-widget_type=\"text-editor.default\">\n\t\t\t\t<div class=\"elementor-widget-container\">\n\t\t\t\t\t\t\t<p>\u00catre \u00e9lue oui, mais exercer le pouvoir ou seulement le partager est une autre question fondamentale pour les femmes. La probl\u00e9matique du fonctionnement municipal et intercommunal doit \u00eatre analys\u00e9e en profondeur pour conduire \u00e0 une juste repr\u00e9sentation des femmes dans ces institutions politiques.<\/p><p><span style=\"color: #f15b43;\"><strong>Le b\u00e9n\u00e9fice de la Loi<\/strong><\/span><\/p><p>La loi du 21 mai 2025 avec la mise en place d\u2019un scrutin de liste paritaire altern\u00e9e a pleinement jou\u00e9 son r\u00f4le pour une entr\u00e9e massive des femmes dans les Conseils municipaux et ex\u00e9cutifs des communes de moins de 1 000 habitants (71% des communes) soit 25 000 communes suppl\u00e9mentaires. C\u2019est incontestablement une avanc\u00e9e d\u00e9mocratique attendue depuis longtemps par les femmes, les associations de maires et maires ruraux de France.<\/p><p>47,7% de femmes dans les Conseils municipaux r\u00e9cemment \u00e9lus de ces communes contre 37,6% en 2020\u00a0: les femmes n\u2019ont pas \u00e9t\u00e9 introuvables comme l\u2019affirmaient certains \u00e9lus locaux qui demandaient par la voix de leurs parlementaires de saisir le Conseil constitutionnel sur la l\u00e9gitimit\u00e9 de cette loi. <br \/><br \/>Aujourd\u2019hui encore, et malgr\u00e9 les r\u00e9sultats av\u00e9r\u00e9s de cette mesure, un certain nombre de parlementaires tentent de promouvoir des assouplissements voire une r\u00e9vision partielle du dispositif. <br \/>Restons vigilants afin que la loi adapt\u00e9e \u00e0 une faible majorit\u00e9 en 2025 ne subisse pas de remise en cause.<\/p><p>R\u00e9partition des conseiller.es municipaux.ales par genre et selon la population de la commune<\/p><table><tbody><tr><td width=\"201\"><p>Population<\/p><\/td><td width=\"201\"><p>Femmes<\/p><\/td><td width=\"201\"><p>Hommes<\/p><\/td><\/tr><tr><td width=\"201\"><p>Moins de 500 hbts<\/p><\/td><td width=\"201\"><p>47,4%<\/p><\/td><td width=\"201\"><p>51,8%<\/p><\/td><\/tr><tr><td width=\"201\"><p>500 \u00e0 1 000 hbts<\/p><\/td><td width=\"201\"><p>48,3%<\/p><\/td><td width=\"201\"><p>51,7%<\/p><\/td><\/tr><tr><td width=\"201\"><p>1 000 \u00e0 10 000 hbts<\/p><\/td><td width=\"201\"><p>48,7%<\/p><\/td><td width=\"201\"><p>51,3%<\/p><\/td><\/tr><tr><td width=\"201\"><p>10 000 \u00e0 50 000 hbts<\/p><\/td><td width=\"201\"><p>49,0%<\/p><\/td><td width=\"201\"><p>51,0%<\/p><\/td><\/tr><tr><td width=\"201\"><p>50 000 \u00e0 100 000 hbts<\/p><\/td><td width=\"201\"><p>49,1%<\/p><\/td><td width=\"201\"><p>50,9%<\/p><\/td><\/tr><tr><td width=\"201\"><p>Plus de 100 000 hbts<\/p><\/td><td width=\"201\"><p>49,5%<\/p><\/td><td width=\"201\"><p>50,5%<\/p><\/td><\/tr><tr><td width=\"201\"><p>Ensemble<\/p><\/td><td width=\"201\"><p>48,2%<\/p><\/td><td width=\"201\"><p>51,8%<\/p><\/td><\/tr><\/tbody><\/table><p><em>Source\u00a0: Minist\u00e8re de l\u2019int\u00e9rieur<\/em><\/p><p><em>Les \u00e9carts entre les hommes et les femmes r\u00e9sultent de la plus grande proportion d\u2019hommes t\u00eates de listes et du nombre impair de candidat.es par liste.<\/em><\/p><p><span style=\"color: #f15b43;\"><strong>Quid du partage du pouvoir et des responsabilit\u00e9s\u00a0dans le bloc communal ?<\/strong><\/span><\/p><p>C\u2019est une premi\u00e8re \u00e9tape dans l\u2019inclusion des femmes dans ces assembl\u00e9es d\u00e9lib\u00e9ratives mais il reste \u00e0 analyser la r\u00e9partition des d\u00e9l\u00e9gations. Seront-elles moins st\u00e9r\u00e9otyp\u00e9es que lors de la derni\u00e8re mandature\u00a0? Les d\u00e9l\u00e9gations les plus strat\u00e9giques seront-elles pr\u00e9empt\u00e9es par les hommes\u00a0? Quelle repr\u00e9sentation des femmes dans les intercommunalit\u00e9s\u00a0? Faut\u2011il \u00e9tendre la parit\u00e9 obligatoire aux d\u00e9l\u00e9gations ex\u00e9cutives intercommunales ? Quelles mesures pour soutenir les t\u00eates de listes femmes (formation, r\u00e9seaux, financement). Ce sont des d\u00e9bats incontournables pour une d\u00e9mocratie paritaire. <br \/><br \/><\/p><p><span style=\"color: #f15b43;\"><strong>Les r\u00e9sistances persistent<\/strong><\/span><\/p><p>Oui les femme \u00e9lues sont plus nombreuses, mais le plafond de verre r\u00e9siste avec 23% de femmes maires. Seulement trois points de plus qu\u2019en 2020. C\u2019est peu et \u00e0 ce rythme la parit\u00e9 dans la fonction de maire ne sera atteinte qu\u2019en\u2026 2083\u00a0! Selon le journal \u00ab\u00a0Le Monde, les listes municipales 2026 men\u00e9es par des femmes \u00e9taient de 26,5% et elles n\u2019ont gagn\u00e9 que dans 23\u00a0% des cas. Leurs listes ont proportionnellement plus perdu que les listes men\u00e9es par des hommes. Elles aussi a pu observer les difficult\u00e9s rencontr\u00e9es par les femmes t\u00eate de liste lorsqu\u2019elles affrontent un maire sortant qui b\u00e9n\u00e9ficie d\u2019une notori\u00e9t\u00e9 et d\u2019un r\u00e9seau important fort utile pour mobiliser les \u00e9lecteurs et \u00e9lectrices.<\/p><p><span style=\"color: #f15b43;\"><strong>Un recul pour les femmes maires dans les premi\u00e8res villes de France.<\/strong><\/span><\/p><p>En 2026, seules huit mairies sur les 42 de plus de 100 000 habitants sont dirig\u00e9es par des femmes, un chiffre en net recul par rapport \u00e0 2020 ou elles \u00e9taient 11. Paris, Besan\u00e7on et Mulhouse ont d\u00e9sormais un maire masculin. Parmi elles, six ont \u00e9t\u00e9 r\u00e9\u00e9lues\u00a0:\u00a0\u00a0<a href=\"https:\/\/www.leparisien.fr\/elections\/municipales\/municipales-2026-a-rennes-decouvrez-les-resultats-du-second-tour-22-03-2026-Q36KSDLRHNFVRGF3YMUW7AW7GQ.php\" target=\"_blank\" rel=\"noopener\">la socialiste Nathalie App\u00e9r\u00e9 \u00e0 Rennes<\/a>\u00a0(Ille-et-Vilaine),\u00a0<a href=\"https:\/\/www.leparisien.fr\/elections\/municipales\/resultats-municipales-2026-a-toulon-laure-lavalette-josee-massi-decouvrez-les-resultats-du-second-tour-22-03-2026-OV3EFPSCR5HFHPDX6FA63BDIFA.php\" target=\"_blank\" rel=\"noopener\">la candidate divers droite Jos\u00e9e Massi \u00e0 Toulon<\/a>\u00a0(Var),\u00a0<a href=\"https:\/\/www.leparisien.fr\/elections\/municipales\/dijon-les-resultats-du-second-tour-des-municipales-2026-sont-publies-22-03-2026-G53MJOQUGNGUDEB3W6LJXPFZNE.php\" target=\"_blank\" rel=\"noopener\">Nathalie Koenders (PS) \u00e0 Dijon<\/a>\u00a0(C\u00f4te-d\u2019Or). Laurence Ruffin (Union de la gauche et des \u00e9cologistes)\u00a0<a href=\"https:\/\/www.leparisien.fr\/elections\/municipales\/resultats-municipales-2026-a-grenoble-carignon-ou-ruffin-decouvrez-les-resultats-du-second-tour-22-03-2026-UNZZCJ3IWNA3VO6EREVHZVSI3A.php\" target=\"_blank\" rel=\"noopener\">bat Alain Carignon (LR) \u00e0 Grenoble (Is\u00e8re)<\/a> et Catherine Trautmann (PS) maire de Strasbourg (Bas-Rhin) \u00e0 deux reprises\u00a0(en 1989 et en 2000) redevient maire. Mais trois maires hommes l\u2019emportent face \u00e0 trois femmes maires\u00a0: Emmanuel Gr\u00e9goire \u00e0 Paris\u00a0; Ludovic Fagaut arrive \u00e0 Besan\u00e7on et Fr\u00e9d\u00e9ric Marquet \u00e0 Mulhouse.<\/p><p>Sur les 10 plus grandes villes de France, seulement deux ont \u00e9t\u00e9 remport\u00e9es par des femmes, \u00e0 Nantes (Loire-Atlantique), la socialiste\u00a0<a href=\"https:\/\/www.leparisien.fr\/elections\/municipales\/resultats-municipales-2026-a-nantes-rolland-chombart-de-lauwe-decouvrez-les-resultats-du-second-tour-22-03-2026-Q5TTASQLLRAETGN7DCZXIJCZNI.php\" target=\"_blank\" rel=\"noopener\">Johanna Rolland entame un troisi\u00e8me mandat<\/a> et Catherine Trautmann est \u00e9lue \u00e0 Strasbourg.<\/p><p><em>Elles aussi, une fois tous les r\u00e9sultats publi\u00e9s par le Minist\u00e8re de l\u2019int\u00e9rieur, fera un bilan de la repr\u00e9sentation des femmes dans les assembl\u00e9es municipales et communautaires et pr\u00e9sentera ses pr\u00e9conisations pour une juste parit\u00e9.<\/em><\/p><p>Reine L\u00e9pinay<\/p>\t\t\t\t\t\t<\/div>\n\t\t\t\t<\/div>\n\t\t\t\t\t<\/div>\n\t\t\t\t<\/div>\n\t\t\t\t<\/div>\n\t\t","protected":false},"excerpt":{"rendered":"<p>\u00catre \u00e9lue oui, mais exercer le pouvoir ou seulement le partager est une autre question fondamentale pour les femmes. La probl\u00e9matique du fonctionnement municipal et intercommunal doit \u00eatre analys\u00e9e en profondeur pour conduire \u00e0 une juste repr\u00e9sentation des femmes dans ces institutions politiques. Le b\u00e9n\u00e9fice de la Loi La loi du 21 mai 2025 avec [&hellip;]<\/p>\n","protected":false},"author":1,"featured_media":4148,"comment_status":"closed","ping_status":"closed","sticky":false,"template":"","format":"standard","meta":{"footnotes":""},"categories":[55],"tags":[],"class_list":["post-4170","post","type-post","status-publish","format-standard","has-post-thumbnail","hentry","category-elections-municipales-et-communautaires-de-2026"],"yoast_head":"<!-- This site is optimized with the Yoast SEO plugin v22.8 - https:\/\/yoast.com\/wordpress\/plugins\/seo\/ -->\n<title>Elections municipales et communautaires de 2026 - Parit\u00e9 \u00e0 deux vitesses\u00a0: la loi marche, le pouvoir reste in\u00e9gal - Elles Aussi<\/title>\n<meta name=\"robots\" content=\"index, follow, max-snippet:-1, max-image-preview:large, max-video-preview:-1\" \/>\n<link rel=\"canonical\" href=\"https:\/\/www.ellesaussi.org\/?p=4170\" \/>\n<meta property=\"og:locale\" content=\"fr_FR\" \/>\n<meta property=\"og:type\" content=\"article\" \/>\n<meta property=\"og:title\" content=\"Elections municipales et communautaires de 2026 - Parit\u00e9 \u00e0 deux vitesses\u00a0: la loi marche, le pouvoir reste in\u00e9gal - Elles Aussi\" \/>\n<meta property=\"og:description\" content=\"\u00catre \u00e9lue oui, mais exercer le pouvoir ou seulement le partager est une autre question fondamentale pour les femmes. La probl\u00e9matique du fonctionnement municipal et intercommunal doit \u00eatre analys\u00e9e en profondeur pour conduire \u00e0 une juste repr\u00e9sentation des femmes dans ces institutions politiques. Le b\u00e9n\u00e9fice de la Loi La loi du 21 mai 2025 avec [&hellip;]\" \/>\n<meta property=\"og:url\" content=\"https:\/\/www.ellesaussi.org\/?p=4170\" \/>\n<meta property=\"og:site_name\" content=\"Elles Aussi\" \/>\n<meta property=\"article:publisher\" content=\"https:\/\/www.facebook.com\/ellesaussi\/\" \/>\n<meta property=\"article:published_time\" content=\"2026-04-27T07:45:19+00:00\" \/>\n<meta property=\"article:modified_time\" content=\"2026-05-01T07:48:04+00:00\" \/>\n<meta property=\"og:image\" content=\"https:\/\/www.ellesaussi.org\/wp-content\/uploads\/2026\/03\/Autour-du-8-mars-2026-4.jpg\" \/>\n\t<meta property=\"og:image:width\" content=\"411\" \/>\n\t<meta property=\"og:image:height\" content=\"345\" \/>\n\t<meta property=\"og:image:type\" content=\"image\/jpeg\" \/>\n<meta name=\"author\" content=\"admin\" \/>\n<meta name=\"twitter:card\" content=\"summary_large_image\" \/>\n<meta name=\"twitter:label1\" content=\"\u00c9crit par\" \/>\n\t<meta name=\"twitter:data1\" content=\"admin\" \/>\n\t<meta name=\"twitter:label2\" content=\"Dur\u00e9e de lecture estim\u00e9e\" \/>\n\t<meta name=\"twitter:data2\" content=\"1 minute\" \/>\n<script type=\"application\/ld+json\" class=\"yoast-schema-graph\">{\"@context\":\"https:\/\/schema.org\",\"@graph\":[{\"@type\":\"Article\",\"@id\":\"https:\/\/www.ellesaussi.org\/?p=4170#article\",\"isPartOf\":{\"@id\":\"https:\/\/www.ellesaussi.org\/?p=4170\"},\"author\":{\"name\":\"admin\",\"@id\":\"https:\/\/www.ellesaussi.org\/#\/schema\/person\/eeca4be50db30b5dbb39f78fc3364160\"},\"headline\":\"Elections municipales et communautaires de 2026 &#8211; Parit\u00e9 \u00e0 deux vitesses\u00a0: la loi marche, le pouvoir reste in\u00e9gal\",\"datePublished\":\"2026-04-27T07:45:19+00:00\",\"dateModified\":\"2026-05-01T07:48:04+00:00\",\"mainEntityOfPage\":{\"@id\":\"https:\/\/www.ellesaussi.org\/?p=4170\"},\"wordCount\":768,\"publisher\":{\"@id\":\"https:\/\/www.ellesaussi.org\/#organization\"},\"image\":{\"@id\":\"https:\/\/www.ellesaussi.org\/?p=4170#primaryimage\"},\"thumbnailUrl\":\"https:\/\/www.ellesaussi.org\/wp-content\/uploads\/2026\/03\/Autour-du-8-mars-2026-4.jpg\",\"articleSection\":[\"\u00e9lections municipales et communautaires de 2026\"],\"inLanguage\":\"fr-FR\"},{\"@type\":\"WebPage\",\"@id\":\"https:\/\/www.ellesaussi.org\/?p=4170\",\"url\":\"https:\/\/www.ellesaussi.org\/?p=4170\",\"name\":\"Elections municipales et communautaires de 2026 - Parit\u00e9 \u00e0 deux vitesses\u00a0: la loi marche, le pouvoir reste in\u00e9gal - Elles Aussi\",\"isPartOf\":{\"@id\":\"https:\/\/www.ellesaussi.org\/#website\"},\"primaryImageOfPage\":{\"@id\":\"https:\/\/www.ellesaussi.org\/?p=4170#primaryimage\"},\"image\":{\"@id\":\"https:\/\/www.ellesaussi.org\/?p=4170#primaryimage\"},\"thumbnailUrl\":\"https:\/\/www.ellesaussi.org\/wp-content\/uploads\/2026\/03\/Autour-du-8-mars-2026-4.jpg\",\"datePublished\":\"2026-04-27T07:45:19+00:00\",\"dateModified\":\"2026-05-01T07:48:04+00:00\",\"breadcrumb\":{\"@id\":\"https:\/\/www.ellesaussi.org\/?p=4170#breadcrumb\"},\"inLanguage\":\"fr-FR\",\"potentialAction\":[{\"@type\":\"ReadAction\",\"target\":[\"https:\/\/www.ellesaussi.org\/?p=4170\"]}]},{\"@type\":\"ImageObject\",\"inLanguage\":\"fr-FR\",\"@id\":\"https:\/\/www.ellesaussi.org\/?p=4170#primaryimage\",\"url\":\"https:\/\/www.ellesaussi.org\/wp-content\/uploads\/2026\/03\/Autour-du-8-mars-2026-4.jpg\",\"contentUrl\":\"https:\/\/www.ellesaussi.org\/wp-content\/uploads\/2026\/03\/Autour-du-8-mars-2026-4.jpg\",\"width\":411,\"height\":345},{\"@type\":\"BreadcrumbList\",\"@id\":\"https:\/\/www.ellesaussi.org\/?p=4170#breadcrumb\",\"itemListElement\":[{\"@type\":\"ListItem\",\"position\":1,\"name\":\"Accueil\",\"item\":\"https:\/\/www.ellesaussi.org\/\"},{\"@type\":\"ListItem\",\"position\":2,\"name\":\"Elections municipales et communautaires de 2026 &#8211; Parit\u00e9 \u00e0 deux vitesses\u00a0: la loi marche, le pouvoir reste in\u00e9gal\"}]},{\"@type\":\"WebSite\",\"@id\":\"https:\/\/www.ellesaussi.org\/#website\",\"url\":\"https:\/\/www.ellesaussi.org\/\",\"name\":\"Elles Aussi\",\"description\":\"\",\"publisher\":{\"@id\":\"https:\/\/www.ellesaussi.org\/#organization\"},\"potentialAction\":[{\"@type\":\"SearchAction\",\"target\":{\"@type\":\"EntryPoint\",\"urlTemplate\":\"https:\/\/www.ellesaussi.org\/?s={search_term_string}\"},\"query-input\":\"required name=search_term_string\"}],\"inLanguage\":\"fr-FR\"},{\"@type\":\"Organization\",\"@id\":\"https:\/\/www.ellesaussi.org\/#organization\",\"name\":\"Elles Aussi\",\"url\":\"https:\/\/www.ellesaussi.org\/\",\"logo\":{\"@type\":\"ImageObject\",\"inLanguage\":\"fr-FR\",\"@id\":\"https:\/\/www.ellesaussi.org\/#\/schema\/logo\/image\/\",\"url\":\"https:\/\/www.ellesaussi.org\/wp-content\/uploads\/2024\/05\/Elles-aussi_logotype_rouge.png\",\"contentUrl\":\"https:\/\/www.ellesaussi.org\/wp-content\/uploads\/2024\/05\/Elles-aussi_logotype_rouge.png\",\"width\":3472,\"height\":2480,\"caption\":\"Elles Aussi\"},\"image\":{\"@id\":\"https:\/\/www.ellesaussi.org\/#\/schema\/logo\/image\/\"},\"sameAs\":[\"https:\/\/www.facebook.com\/ellesaussi\/\"]},{\"@type\":\"Person\",\"@id\":\"https:\/\/www.ellesaussi.org\/#\/schema\/person\/eeca4be50db30b5dbb39f78fc3364160\",\"name\":\"admin\",\"image\":{\"@type\":\"ImageObject\",\"inLanguage\":\"fr-FR\",\"@id\":\"https:\/\/www.ellesaussi.org\/#\/schema\/person\/image\/\",\"url\":\"https:\/\/secure.gravatar.com\/avatar\/62da4937aa6d6b509192861c0b966204a1b742b2814f6387fa08fe6c98a8729c?s=96&d=mm&r=g\",\"contentUrl\":\"https:\/\/secure.gravatar.com\/avatar\/62da4937aa6d6b509192861c0b966204a1b742b2814f6387fa08fe6c98a8729c?s=96&d=mm&r=g\",\"caption\":\"admin\"},\"sameAs\":[\"https:\/\/elles129186.webdb78.lwspanel.com\"],\"url\":\"https:\/\/www.ellesaussi.org\/?author=1\"}]}<\/script>\n<!-- \/ Yoast SEO plugin. -->","yoast_head_json":{"title":"Elections municipales et communautaires de 2026 - Parit\u00e9 \u00e0 deux vitesses\u00a0: la loi marche, le pouvoir reste in\u00e9gal - Elles Aussi","robots":{"index":"index","follow":"follow","max-snippet":"max-snippet:-1","max-image-preview":"max-image-preview:large","max-video-preview":"max-video-preview:-1"},"canonical":"https:\/\/www.ellesaussi.org\/?p=4170","og_locale":"fr_FR","og_type":"article","og_title":"Elections municipales et communautaires de 2026 - Parit\u00e9 \u00e0 deux vitesses\u00a0: la loi marche, le pouvoir reste in\u00e9gal - Elles Aussi","og_description":"\u00catre \u00e9lue oui, mais exercer le pouvoir ou seulement le partager est une autre question fondamentale pour les femmes. La probl\u00e9matique du fonctionnement municipal et intercommunal doit \u00eatre analys\u00e9e en profondeur pour conduire \u00e0 une juste repr\u00e9sentation des femmes dans ces institutions politiques. Le b\u00e9n\u00e9fice de la Loi La loi du 21 mai 2025 avec [&hellip;]","og_url":"https:\/\/www.ellesaussi.org\/?p=4170","og_site_name":"Elles Aussi","article_publisher":"https:\/\/www.facebook.com\/ellesaussi\/","article_published_time":"2026-04-27T07:45:19+00:00","article_modified_time":"2026-05-01T07:48:04+00:00","og_image":[{"width":411,"height":345,"url":"https:\/\/www.ellesaussi.org\/wp-content\/uploads\/2026\/03\/Autour-du-8-mars-2026-4.jpg","type":"image\/jpeg"}],"author":"admin","twitter_card":"summary_large_image","twitter_misc":{"\u00c9crit par":"admin","Dur\u00e9e de lecture estim\u00e9e":"1 minute"},"schema":{"@context":"https:\/\/schema.org","@graph":[{"@type":"Article","@id":"https:\/\/www.ellesaussi.org\/?p=4170#article","isPartOf":{"@id":"https:\/\/www.ellesaussi.org\/?p=4170"},"author":{"name":"admin","@id":"https:\/\/www.ellesaussi.org\/#\/schema\/person\/eeca4be50db30b5dbb39f78fc3364160"},"headline":"Elections municipales et communautaires de 2026 &#8211; Parit\u00e9 \u00e0 deux vitesses\u00a0: la loi marche, le pouvoir reste in\u00e9gal","datePublished":"2026-04-27T07:45:19+00:00","dateModified":"2026-05-01T07:48:04+00:00","mainEntityOfPage":{"@id":"https:\/\/www.ellesaussi.org\/?p=4170"},"wordCount":768,"publisher":{"@id":"https:\/\/www.ellesaussi.org\/#organization"},"image":{"@id":"https:\/\/www.ellesaussi.org\/?p=4170#primaryimage"},"thumbnailUrl":"https:\/\/www.ellesaussi.org\/wp-content\/uploads\/2026\/03\/Autour-du-8-mars-2026-4.jpg","articleSection":["\u00e9lections municipales et communautaires de 2026"],"inLanguage":"fr-FR"},{"@type":"WebPage","@id":"https:\/\/www.ellesaussi.org\/?p=4170","url":"https:\/\/www.ellesaussi.org\/?p=4170","name":"Elections municipales et communautaires de 2026 - Parit\u00e9 \u00e0 deux vitesses\u00a0: la loi marche, le pouvoir reste in\u00e9gal - Elles Aussi","isPartOf":{"@id":"https:\/\/www.ellesaussi.org\/#website"},"primaryImageOfPage":{"@id":"https:\/\/www.ellesaussi.org\/?p=4170#primaryimage"},"image":{"@id":"https:\/\/www.ellesaussi.org\/?p=4170#primaryimage"},"thumbnailUrl":"https:\/\/www.ellesaussi.org\/wp-content\/uploads\/2026\/03\/Autour-du-8-mars-2026-4.jpg","datePublished":"2026-04-27T07:45:19+00:00","dateModified":"2026-05-01T07:48:04+00:00","breadcrumb":{"@id":"https:\/\/www.ellesaussi.org\/?p=4170#breadcrumb"},"inLanguage":"fr-FR","potentialAction":[{"@type":"ReadAction","target":["https:\/\/www.ellesaussi.org\/?p=4170"]}]},{"@type":"ImageObject","inLanguage":"fr-FR","@id":"https:\/\/www.ellesaussi.org\/?p=4170#primaryimage","url":"https:\/\/www.ellesaussi.org\/wp-content\/uploads\/2026\/03\/Autour-du-8-mars-2026-4.jpg","contentUrl":"https:\/\/www.ellesaussi.org\/wp-content\/uploads\/2026\/03\/Autour-du-8-mars-2026-4.jpg","width":411,"height":345},{"@type":"BreadcrumbList","@id":"https:\/\/www.ellesaussi.org\/?p=4170#breadcrumb","itemListElement":[{"@type":"ListItem","position":1,"name":"Accueil","item":"https:\/\/www.ellesaussi.org\/"},{"@type":"ListItem","position":2,"name":"Elections municipales et communautaires de 2026 &#8211; Parit\u00e9 \u00e0 deux vitesses\u00a0: la loi marche, le pouvoir reste in\u00e9gal"}]},{"@type":"WebSite","@id":"https:\/\/www.ellesaussi.org\/#website","url":"https:\/\/www.ellesaussi.org\/","name":"Elles Aussi","description":"","publisher":{"@id":"https:\/\/www.ellesaussi.org\/#organization"},"potentialAction":[{"@type":"SearchAction","target":{"@type":"EntryPoint","urlTemplate":"https:\/\/www.ellesaussi.org\/?s={search_term_string}"},"query-input":"required name=search_term_string"}],"inLanguage":"fr-FR"},{"@type":"Organization","@id":"https:\/\/www.ellesaussi.org\/#organization","name":"Elles Aussi","url":"https:\/\/www.ellesaussi.org\/","logo":{"@type":"ImageObject","inLanguage":"fr-FR","@id":"https:\/\/www.ellesaussi.org\/#\/schema\/logo\/image\/","url":"https:\/\/www.ellesaussi.org\/wp-content\/uploads\/2024\/05\/Elles-aussi_logotype_rouge.png","contentUrl":"https:\/\/www.ellesaussi.org\/wp-content\/uploads\/2024\/05\/Elles-aussi_logotype_rouge.png","width":3472,"height":2480,"caption":"Elles Aussi"},"image":{"@id":"https:\/\/www.ellesaussi.org\/#\/schema\/logo\/image\/"},"sameAs":["https:\/\/www.facebook.com\/ellesaussi\/"]},{"@type":"Person","@id":"https:\/\/www.ellesaussi.org\/#\/schema\/person\/eeca4be50db30b5dbb39f78fc3364160","name":"admin","image":{"@type":"ImageObject","inLanguage":"fr-FR","@id":"https:\/\/www.ellesaussi.org\/#\/schema\/person\/image\/","url":"https:\/\/secure.gravatar.com\/avatar\/62da4937aa6d6b509192861c0b966204a1b742b2814f6387fa08fe6c98a8729c?s=96&d=mm&r=g","contentUrl":"https:\/\/secure.gravatar.com\/avatar\/62da4937aa6d6b509192861c0b966204a1b742b2814f6387fa08fe6c98a8729c?s=96&d=mm&r=g","caption":"admin"},"sameAs":["https:\/\/elles129186.webdb78.lwspanel.com"],"url":"https:\/\/www.ellesaussi.org\/?author=1"}]}},"_links":{"self":[{"href":"https:\/\/www.ellesaussi.org\/index.php?rest_route=\/wp\/v2\/posts\/4170","targetHints":{"allow":["GET"]}}],"collection":[{"href":"https:\/\/www.ellesaussi.org\/index.php?rest_route=\/wp\/v2\/posts"}],"about":[{"href":"https:\/\/www.ellesaussi.org\/index.php?rest_route=\/wp\/v2\/types\/post"}],"author":[{"embeddable":true,"href":"https:\/\/www.ellesaussi.org\/index.php?rest_route=\/wp\/v2\/users\/1"}],"replies":[{"embeddable":true,"href":"https:\/\/www.ellesaussi.org\/index.php?rest_route=%2Fwp%2Fv2%2Fcomments&post=4170"}],"version-history":[{"count":5,"href":"https:\/\/www.ellesaussi.org\/index.php?rest_route=\/wp\/v2\/posts\/4170\/revisions"}],"predecessor-version":[{"id":4175,"href":"https:\/\/www.ellesaussi.org\/index.php?rest_route=\/wp\/v2\/posts\/4170\/revisions\/4175"}],"wp:featuredmedia":[{"embeddable":true,"href":"https:\/\/www.ellesaussi.org\/index.php?rest_route=\/wp\/v2\/media\/4148"}],"wp:attachment":[{"href":"https:\/\/www.ellesaussi.org\/index.php?rest_route=%2Fwp%2Fv2%2Fmedia&parent=4170"}],"wp:term":[{"taxonomy":"category","embeddable":true,"href":"https:\/\/www.ellesaussi.org\/index.php?rest_route=%2Fwp%2Fv2%2Fcategories&post=4170"},{"taxonomy":"post_tag","embeddable":true,"href":"https:\/\/www.ellesaussi.org\/index.php?rest_route=%2Fwp%2Fv2%2Ftags&post=4170"}],"curies":[{"name":"wp","href":"https:\/\/api.w.org\/{rel}","templated":true}]}}