{"id":3833,"date":"2025-06-11T16:51:37","date_gmt":"2025-06-11T14:51:37","guid":{"rendered":"https:\/\/www.ellesaussi.org\/?p=3833"},"modified":"2025-11-07T16:53:44","modified_gmt":"2025-11-07T15:53:44","slug":"colloque-et-assemblee-generale-a-lassemblee-nationale-elles-aussi-la-parite-toujours-plus-haut-plus-fort","status":"publish","type":"post","link":"https:\/\/www.ellesaussi.org\/?p=3833","title":{"rendered":"Colloque et assembl\u00e9e g\u00e9n\u00e9rale \u00e0 l\u2019Assembl\u00e9e nationale :Elles aussi, la parit\u00e9 toujours plus haut, plus fort !"},"content":{"rendered":"\t\t<div data-elementor-type=\"wp-post\" data-elementor-id=\"3833\" class=\"elementor elementor-3833\" data-elementor-post-type=\"post\">\n\t\t\t\t<div class=\"elementor-element elementor-element-b6077a6 e-flex e-con-boxed e-con e-parent\" data-id=\"b6077a6\" data-element_type=\"container\">\n\t\t\t\t\t<div class=\"e-con-inner\">\n\t\t\t\t<div class=\"elementor-element elementor-element-998556b elementor-widget elementor-widget-text-editor\" data-id=\"998556b\" data-element_type=\"widget\" data-widget_type=\"text-editor.default\">\n\t\t\t\t<div class=\"elementor-widget-container\">\n\t\t\t\t\t\t\t<p>Rien n\u2019arr\u00eate Elles aussi\u00a0!\u00a0 <strong><em>La parit\u00e9 en politique \u00e0 l\u2019\u00e9chelle locale<\/em><\/strong> est un sujet mis sur la table lors du colloque qui a suivi l\u2019assembl\u00e9e g\u00e9n\u00e9rale d\u2019Elles aussi \u00e0 l\u2019Assembl\u00e9e nationale, le 11 juin 2025.<\/p><p>De nombreuses personnalit\u00e9s de nos institutions particuli\u00e8rement engag\u00e9es pour la parit\u00e9 ont \u00e9t\u00e9 invit\u00e9es autour de la table pour r\u00e9pondre aux questions des copr\u00e9sidentes d\u2019Elles aussi, V\u00e9ronique Genelle et Reine L\u00e9pinay.<\/p><p>Accueillie par <em>V\u00e9ronique Riotton<\/em> d\u00e9put\u00e9e, pr\u00e9sidente de la D\u00e9l\u00e9gation de l\u2019Assembl\u00e9e nationale aux droits des femmes et \u00e0 l\u2019\u00e9galit\u00e9 femmes\/hommes, l\u2019association Elles aussi a pu dessiner les contours de la parit\u00e9 aujourd\u2019hui. Si l\u2019\u00e9volution est certaine, des freins r\u00e9sistent \u00e0 l\u2019inclusion des femmes aux responsabilit\u00e9s politiques\u00a0: \u00ab\u00a0C\u2019est un combat sur plusieurs g\u00e9n\u00e9rations\u00a0\u00bb d\u00e9clare la d\u00e9put\u00e9e.<\/p><p>L\u2019enthousiasme de l\u2019engagement a \u00e9t\u00e9 mis en valeur dans cette table ronde entour\u00e9e de personnes en responsabilit\u00e9. Partant de t\u00e9moignages de maires, de vice-pr\u00e9sidentes venues des quatre coins de l\u2019hexagone, c\u2019est un regard d\u2019expert\u00b7e qu\u2019ont port\u00e9 les \u00e9lu\u00b7es de la R\u00e9publique.<\/p><p><span style=\"color: #f15b43;\"><strong>Morceaux choisis<\/strong>\u00a0:<\/span><\/p><p><em>Dominique V\u00e9rien<\/em>, s\u00e9natrice, sur le sujet des politiques publiques d\u2019\u00e9galit\u00e9\u00a0: \u00ab\u00a0<em>On n\u2019a pas besoin d\u2019argent pour avoir des id\u00e9es<\/em>\u00a0\u00bb<\/p><p><em>Anne-C\u00e9cile Viollant<\/em>, d\u00e9put\u00e9e\u00a0: \u00e0 propos de l\u2019autocensure \u00ab\u00a0On n\u2019imagine pas \u00e0 quel point, nous sommes notre propre ennemi que ce soit au niveau professionnel ou autre\u00a0\u00bb<\/p><p><em>\u00c9dith Gueugneau<\/em> maire de Bourbon-Lancy, sur la richesse de l\u2019engagement politique dit \u00eatre heureuse de son parcours politique de conseill\u00e8re municipale de Bourbon-Lancy \u00e0 la pr\u00e9sidence de l\u2019intercommunalit\u00e9 de \u00ab\u00a0Arroux Loire et Somme\u00a0\u00bb en passant par un mandat de d\u00e9put\u00e9e. Elle nous confie \u00ab\u00a0<em>J\u2019ai beaucoup appris, j\u2019ai beaucoup aim\u00e9. La loi sur la parit\u00e9 a permis de faire entrer des femmes. Mais il faut aussi avoir du r\u00e9pondant. Tout cela m\u2019a permis d\u2019\u00eatre reconnue.<\/em>\u00a0\u00bb<\/p><p><em>Jean-Michel Arnaud<\/em>, s\u00e9nateur des Hautes Alpes sur la parit\u00e9 : \u00ab\u00a0<em>La parit\u00e9, c\u2019est un travail quotidien. On essaie de voir la soci\u00e9t\u00e9 telle qu\u2019elle est\u00a0<strong>: <\/strong>autant de femmes que d\u2019hommes. La parit\u00e9, c\u2019est donc une \u00e9vidence. Il faut arriver \u00e0 convaincre des femmes, des filles, des grands-m\u00e8res<\/em> parfois. Cela passe par une m\u00e9thode de travail.\u00a0Le lundi matin, comme on a piscine, on a mairie.\u00a0\u00bb<\/p><p>\u00a0<em>\u00c9lodie Jacquier Laforge<\/em>, directrice d\u2019Intercommunalit\u00e9s de France revient sur la proposition de loi qu\u2019elle a port\u00e9e sur le scrutin de liste paritaire pour les communes de moins de 1 000 habitants lorsqu\u2019elle \u00e9tait d\u00e9put\u00e9e de l\u2019Is\u00e8re, en f\u00e9vrier 2022. Une loi qui avait \u00e9t\u00e9 vot\u00e9e par l\u2019Assembl\u00e9e nationale et qui a \u00e9t\u00e9 r\u00e9cemment reprise et vot\u00e9e par le S\u00e9nat, donnant finalement lieu \u00e0 la promulgation de la loi du 21 mai 2025 qui impose la parit\u00e9 pour toutes les communes.<\/p><p>\u00a0<em>Delphine Lingemann<\/em>\u00a0d\u00e9put\u00e9e du Puy de D\u00f4me, rapporteure de la loi du 21 mai 2025 visant \u00e0 harmoniser le mode de scrutin aux \u00e9lections municipales afin de garantir la vitalit\u00e9 d\u00e9mocratique, la coh\u00e9sion municipale et la parit\u00e9 : \u00ab\u00a0<em>L\u2019intercommunalit\u00e9 est une zone blanche de la parit\u00e9. Chez ma maman, maire elle aussi, le pr\u00e9sident avait d\u00e9cid\u00e9 qu\u2019aucune femme ne serait vice-pr\u00e9sidente alors elle s\u2019est pr\u00e9sent\u00e9e. Et elle a \u00e9t\u00e9 \u00e9l<\/em>u<em>e comme \u00e7a\u00a0: par un tour de force.\u00a0\u00bb\u00a0 \u00ab\u00a0On pourrait faire des bin\u00f4mes au niveau de la pr\u00e9sidence des EPCI\u00a0<\/em>\u00bb<\/p><p>\u00a0<em>Guillaume Gouffier-Valente<\/em>,\u00a0d\u00e9put\u00e9 du Val de Marne sur le silence assourdissant des hommes sur la parit\u00e9 : \u00ab\u00a0<em>L\u2019absence des hommes dans le d\u00e9bat de la parit\u00e9 pose question<\/em>.\u00a0\u00bb Revenant sur la loi n\u00e9cessaire, qui contraint et accompagne, il souligne que la parit\u00e9 est un sujet politique majeur. Concernant la loi sur les petites communes, il y a longtemps qu\u2019il n\u2019y avait pas eu autant de monde dans l\u2019h\u00e9micycle, dit-il, car\u00a0:<\/p><ul><li>C\u2019est un enjeu majeur de notre R\u00e9publique.<\/li><li>C\u2019est un sujet d\u2019exemplarit\u00e9.<\/li><li>La parit\u00e9 am\u00e9liore la qualit\u00e9 des d\u00e9cisions prises. Une d\u00e9cision prise uniquement par un collectif d\u2019hommes, ce qui est rare, est souvent une mauvaise d\u00e9cision. C\u2019est la diff\u00e9rence des points de vue de femmes et d\u2019hommes autour de la table qui garantit la qualit\u00e9 d\u2019une d\u00e9cision.<\/li><\/ul><p>Ce colloque tr\u00e8s suivi, \u00e9tait pr\u00e9c\u00e9d\u00e9 de <span style=\"color: #f15b43;\"><strong>l\u2019assembl\u00e9e g\u00e9n\u00e9rale<\/strong><\/span> o\u00f9 on a pu constater un rajeunissement. Ceci est le fruit d\u2019un travail de longue haleine d\u2019Elles aussi pour mobiliser le plus grand nombre et accueillir des jeunes femmes actives et des \u00e9tudiantes en fin d\u2019\u00e9tudes, sensibilis\u00e9es aux enjeux de de la parit\u00e9 dans les instances politiques et \u00e0 l\u2019\u00e9galit\u00e9 entre les femmes et hommes.<\/p><p><img fetchpriority=\"high\" decoding=\"async\" class=\"alignleft size-full wp-image-3836\" src=\"https:\/\/www.ellesaussi.org\/wp-content\/uploads\/2025\/11\/Colloque-et-assemblee-generale-a-lAssemblee-nationale-02.jpg\" alt=\"\" width=\"890\" height=\"593\" srcset=\"https:\/\/www.ellesaussi.org\/wp-content\/uploads\/2025\/11\/Colloque-et-assemblee-generale-a-lAssemblee-nationale-02.jpg 890w, https:\/\/www.ellesaussi.org\/wp-content\/uploads\/2025\/11\/Colloque-et-assemblee-generale-a-lAssemblee-nationale-02-300x200.jpg 300w, https:\/\/www.ellesaussi.org\/wp-content\/uploads\/2025\/11\/Colloque-et-assemblee-generale-a-lAssemblee-nationale-02-768x512.jpg 768w\" sizes=\"(max-width: 890px) 100vw, 890px\" \/><\/p><p>Les membres des antennes venues de toute la France ont pu b\u00e9n\u00e9ficier d\u2019une visite de l\u2019Assembl\u00e9e nationale pendant que quelques membres du bureau d\u2019Elles aussi recevaient Elena Motta, plus jeune s\u00e9natrice du Guatemala pour un \u00e9change sur nos pratiques paritaires en France. Promouvoir la parit\u00e9 n\u2019a pas de fronti\u00e8res. M\u00eame si nous avons le sentiment d\u2019avancer lentement, force est de constater que nos travaux et nos plaidoyers portent leurs fruits et que la parit\u00e9 port\u00e9e par la loi est salu\u00e9e dans d\u2019autres pays.<\/p><p><em>V\u00e9ronique Genelle et Reine L\u00e9pinay, copr\u00e9sidentes<\/em><\/p>\t\t\t\t\t\t<\/div>\n\t\t\t\t<\/div>\n\t\t\t\t\t<\/div>\n\t\t\t\t<\/div>\n\t\t\t\t<\/div>\n\t\t","protected":false},"excerpt":{"rendered":"<p>Rien n\u2019arr\u00eate Elles aussi\u00a0!\u00a0 La parit\u00e9 en politique \u00e0 l\u2019\u00e9chelle locale est un sujet mis sur la table lors du colloque qui a suivi l\u2019assembl\u00e9e g\u00e9n\u00e9rale d\u2019Elles aussi \u00e0 l\u2019Assembl\u00e9e nationale, le 11 juin 2025. De nombreuses personnalit\u00e9s de nos institutions particuli\u00e8rement engag\u00e9es pour la parit\u00e9 ont \u00e9t\u00e9 invit\u00e9es autour de la table pour r\u00e9pondre [&hellip;]<\/p>\n","protected":false},"author":1,"featured_media":3834,"comment_status":"closed","ping_status":"closed","sticky":false,"template":"","format":"standard","meta":{"footnotes":""},"categories":[38],"tags":[],"class_list":["post-3833","post","type-post","status-publish","format-standard","has-post-thumbnail","hentry","category-chronique-de-la-parite"],"yoast_head":"<!-- This site is optimized with the Yoast SEO plugin v22.8 - https:\/\/yoast.com\/wordpress\/plugins\/seo\/ -->\n<title>Colloque et assembl\u00e9e g\u00e9n\u00e9rale \u00e0 l\u2019Assembl\u00e9e nationale :Elles aussi, la parit\u00e9 toujours plus haut, plus fort ! - Elles Aussi<\/title>\n<meta name=\"robots\" content=\"index, follow, max-snippet:-1, max-image-preview:large, max-video-preview:-1\" \/>\n<link rel=\"canonical\" href=\"https:\/\/www.ellesaussi.org\/?p=3833\" \/>\n<meta property=\"og:locale\" content=\"fr_FR\" \/>\n<meta property=\"og:type\" content=\"article\" \/>\n<meta property=\"og:title\" content=\"Colloque et assembl\u00e9e g\u00e9n\u00e9rale \u00e0 l\u2019Assembl\u00e9e nationale :Elles aussi, la parit\u00e9 toujours plus haut, plus fort ! - Elles Aussi\" \/>\n<meta property=\"og:description\" content=\"Rien n\u2019arr\u00eate Elles aussi\u00a0!\u00a0 La parit\u00e9 en politique \u00e0 l\u2019\u00e9chelle locale est un sujet mis sur la table lors du colloque qui a suivi l\u2019assembl\u00e9e g\u00e9n\u00e9rale d\u2019Elles aussi \u00e0 l\u2019Assembl\u00e9e nationale, le 11 juin 2025. De nombreuses personnalit\u00e9s de nos institutions particuli\u00e8rement engag\u00e9es pour la parit\u00e9 ont \u00e9t\u00e9 invit\u00e9es autour de la table pour r\u00e9pondre [&hellip;]\" \/>\n<meta property=\"og:url\" content=\"https:\/\/www.ellesaussi.org\/?p=3833\" \/>\n<meta property=\"og:site_name\" content=\"Elles Aussi\" \/>\n<meta property=\"article:publisher\" content=\"https:\/\/www.facebook.com\/ellesaussi\/\" \/>\n<meta property=\"article:published_time\" content=\"2025-06-11T14:51:37+00:00\" \/>\n<meta property=\"article:modified_time\" content=\"2025-11-07T15:53:44+00:00\" \/>\n<meta property=\"og:image\" content=\"https:\/\/www.ellesaussi.org\/wp-content\/uploads\/2025\/11\/Colloque-et-assemblee-generale-a-lAssemblee-nationale.jpg\" \/>\n\t<meta property=\"og:image:width\" content=\"1120\" \/>\n\t<meta property=\"og:image:height\" content=\"706\" \/>\n\t<meta property=\"og:image:type\" content=\"image\/jpeg\" \/>\n<meta name=\"author\" content=\"admin\" \/>\n<meta name=\"twitter:card\" content=\"summary_large_image\" \/>\n<meta name=\"twitter:label1\" content=\"\u00c9crit par\" \/>\n\t<meta name=\"twitter:data1\" content=\"admin\" \/>\n\t<meta name=\"twitter:label2\" content=\"Dur\u00e9e de lecture estim\u00e9e\" \/>\n\t<meta name=\"twitter:data2\" content=\"5 minutes\" \/>\n<script type=\"application\/ld+json\" class=\"yoast-schema-graph\">{\"@context\":\"https:\/\/schema.org\",\"@graph\":[{\"@type\":\"Article\",\"@id\":\"https:\/\/www.ellesaussi.org\/?p=3833#article\",\"isPartOf\":{\"@id\":\"https:\/\/www.ellesaussi.org\/?p=3833\"},\"author\":{\"name\":\"admin\",\"@id\":\"https:\/\/www.ellesaussi.org\/#\/schema\/person\/eeca4be50db30b5dbb39f78fc3364160\"},\"headline\":\"Colloque et assembl\u00e9e g\u00e9n\u00e9rale \u00e0 l\u2019Assembl\u00e9e nationale :Elles aussi, la parit\u00e9 toujours plus haut, plus fort !\",\"datePublished\":\"2025-06-11T14:51:37+00:00\",\"dateModified\":\"2025-11-07T15:53:44+00:00\",\"mainEntityOfPage\":{\"@id\":\"https:\/\/www.ellesaussi.org\/?p=3833\"},\"wordCount\":959,\"publisher\":{\"@id\":\"https:\/\/www.ellesaussi.org\/#organization\"},\"image\":{\"@id\":\"https:\/\/www.ellesaussi.org\/?p=3833#primaryimage\"},\"thumbnailUrl\":\"https:\/\/www.ellesaussi.org\/wp-content\/uploads\/2025\/11\/Colloque-et-assemblee-generale-a-lAssemblee-nationale.jpg\",\"articleSection\":[\"Chronique de la parit\u00e9\"],\"inLanguage\":\"fr-FR\"},{\"@type\":\"WebPage\",\"@id\":\"https:\/\/www.ellesaussi.org\/?p=3833\",\"url\":\"https:\/\/www.ellesaussi.org\/?p=3833\",\"name\":\"Colloque et assembl\u00e9e g\u00e9n\u00e9rale \u00e0 l\u2019Assembl\u00e9e nationale :Elles aussi, la parit\u00e9 toujours plus haut, plus fort ! - Elles Aussi\",\"isPartOf\":{\"@id\":\"https:\/\/www.ellesaussi.org\/#website\"},\"primaryImageOfPage\":{\"@id\":\"https:\/\/www.ellesaussi.org\/?p=3833#primaryimage\"},\"image\":{\"@id\":\"https:\/\/www.ellesaussi.org\/?p=3833#primaryimage\"},\"thumbnailUrl\":\"https:\/\/www.ellesaussi.org\/wp-content\/uploads\/2025\/11\/Colloque-et-assemblee-generale-a-lAssemblee-nationale.jpg\",\"datePublished\":\"2025-06-11T14:51:37+00:00\",\"dateModified\":\"2025-11-07T15:53:44+00:00\",\"breadcrumb\":{\"@id\":\"https:\/\/www.ellesaussi.org\/?p=3833#breadcrumb\"},\"inLanguage\":\"fr-FR\",\"potentialAction\":[{\"@type\":\"ReadAction\",\"target\":[\"https:\/\/www.ellesaussi.org\/?p=3833\"]}]},{\"@type\":\"ImageObject\",\"inLanguage\":\"fr-FR\",\"@id\":\"https:\/\/www.ellesaussi.org\/?p=3833#primaryimage\",\"url\":\"https:\/\/www.ellesaussi.org\/wp-content\/uploads\/2025\/11\/Colloque-et-assemblee-generale-a-lAssemblee-nationale.jpg\",\"contentUrl\":\"https:\/\/www.ellesaussi.org\/wp-content\/uploads\/2025\/11\/Colloque-et-assemblee-generale-a-lAssemblee-nationale.jpg\",\"width\":1120,\"height\":706},{\"@type\":\"BreadcrumbList\",\"@id\":\"https:\/\/www.ellesaussi.org\/?p=3833#breadcrumb\",\"itemListElement\":[{\"@type\":\"ListItem\",\"position\":1,\"name\":\"Accueil\",\"item\":\"https:\/\/www.ellesaussi.org\/\"},{\"@type\":\"ListItem\",\"position\":2,\"name\":\"Colloque et assembl\u00e9e g\u00e9n\u00e9rale \u00e0 l\u2019Assembl\u00e9e nationale :Elles aussi, la parit\u00e9 toujours plus haut, plus fort !\"}]},{\"@type\":\"WebSite\",\"@id\":\"https:\/\/www.ellesaussi.org\/#website\",\"url\":\"https:\/\/www.ellesaussi.org\/\",\"name\":\"Elles Aussi\",\"description\":\"\",\"publisher\":{\"@id\":\"https:\/\/www.ellesaussi.org\/#organization\"},\"potentialAction\":[{\"@type\":\"SearchAction\",\"target\":{\"@type\":\"EntryPoint\",\"urlTemplate\":\"https:\/\/www.ellesaussi.org\/?s={search_term_string}\"},\"query-input\":\"required name=search_term_string\"}],\"inLanguage\":\"fr-FR\"},{\"@type\":\"Organization\",\"@id\":\"https:\/\/www.ellesaussi.org\/#organization\",\"name\":\"Elles Aussi\",\"url\":\"https:\/\/www.ellesaussi.org\/\",\"logo\":{\"@type\":\"ImageObject\",\"inLanguage\":\"fr-FR\",\"@id\":\"https:\/\/www.ellesaussi.org\/#\/schema\/logo\/image\/\",\"url\":\"https:\/\/www.ellesaussi.org\/wp-content\/uploads\/2024\/05\/Elles-aussi_logotype_rouge.png\",\"contentUrl\":\"https:\/\/www.ellesaussi.org\/wp-content\/uploads\/2024\/05\/Elles-aussi_logotype_rouge.png\",\"width\":3472,\"height\":2480,\"caption\":\"Elles Aussi\"},\"image\":{\"@id\":\"https:\/\/www.ellesaussi.org\/#\/schema\/logo\/image\/\"},\"sameAs\":[\"https:\/\/www.facebook.com\/ellesaussi\/\"]},{\"@type\":\"Person\",\"@id\":\"https:\/\/www.ellesaussi.org\/#\/schema\/person\/eeca4be50db30b5dbb39f78fc3364160\",\"name\":\"admin\",\"image\":{\"@type\":\"ImageObject\",\"inLanguage\":\"fr-FR\",\"@id\":\"https:\/\/www.ellesaussi.org\/#\/schema\/person\/image\/\",\"url\":\"https:\/\/secure.gravatar.com\/avatar\/62da4937aa6d6b509192861c0b966204a1b742b2814f6387fa08fe6c98a8729c?s=96&d=mm&r=g\",\"contentUrl\":\"https:\/\/secure.gravatar.com\/avatar\/62da4937aa6d6b509192861c0b966204a1b742b2814f6387fa08fe6c98a8729c?s=96&d=mm&r=g\",\"caption\":\"admin\"},\"sameAs\":[\"https:\/\/elles129186.webdb78.lwspanel.com\"],\"url\":\"https:\/\/www.ellesaussi.org\/?author=1\"}]}<\/script>\n<!-- \/ Yoast SEO plugin. -->","yoast_head_json":{"title":"Colloque et assembl\u00e9e g\u00e9n\u00e9rale \u00e0 l\u2019Assembl\u00e9e nationale :Elles aussi, la parit\u00e9 toujours plus haut, plus fort ! - Elles Aussi","robots":{"index":"index","follow":"follow","max-snippet":"max-snippet:-1","max-image-preview":"max-image-preview:large","max-video-preview":"max-video-preview:-1"},"canonical":"https:\/\/www.ellesaussi.org\/?p=3833","og_locale":"fr_FR","og_type":"article","og_title":"Colloque et assembl\u00e9e g\u00e9n\u00e9rale \u00e0 l\u2019Assembl\u00e9e nationale :Elles aussi, la parit\u00e9 toujours plus haut, plus fort ! - Elles Aussi","og_description":"Rien n\u2019arr\u00eate Elles aussi\u00a0!\u00a0 La parit\u00e9 en politique \u00e0 l\u2019\u00e9chelle locale est un sujet mis sur la table lors du colloque qui a suivi l\u2019assembl\u00e9e g\u00e9n\u00e9rale d\u2019Elles aussi \u00e0 l\u2019Assembl\u00e9e nationale, le 11 juin 2025. De nombreuses personnalit\u00e9s de nos institutions particuli\u00e8rement engag\u00e9es pour la parit\u00e9 ont \u00e9t\u00e9 invit\u00e9es autour de la table pour r\u00e9pondre [&hellip;]","og_url":"https:\/\/www.ellesaussi.org\/?p=3833","og_site_name":"Elles Aussi","article_publisher":"https:\/\/www.facebook.com\/ellesaussi\/","article_published_time":"2025-06-11T14:51:37+00:00","article_modified_time":"2025-11-07T15:53:44+00:00","og_image":[{"width":1120,"height":706,"url":"https:\/\/www.ellesaussi.org\/wp-content\/uploads\/2025\/11\/Colloque-et-assemblee-generale-a-lAssemblee-nationale.jpg","type":"image\/jpeg"}],"author":"admin","twitter_card":"summary_large_image","twitter_misc":{"\u00c9crit par":"admin","Dur\u00e9e de lecture estim\u00e9e":"5 minutes"},"schema":{"@context":"https:\/\/schema.org","@graph":[{"@type":"Article","@id":"https:\/\/www.ellesaussi.org\/?p=3833#article","isPartOf":{"@id":"https:\/\/www.ellesaussi.org\/?p=3833"},"author":{"name":"admin","@id":"https:\/\/www.ellesaussi.org\/#\/schema\/person\/eeca4be50db30b5dbb39f78fc3364160"},"headline":"Colloque et assembl\u00e9e g\u00e9n\u00e9rale \u00e0 l\u2019Assembl\u00e9e nationale :Elles aussi, la parit\u00e9 toujours plus haut, plus fort !","datePublished":"2025-06-11T14:51:37+00:00","dateModified":"2025-11-07T15:53:44+00:00","mainEntityOfPage":{"@id":"https:\/\/www.ellesaussi.org\/?p=3833"},"wordCount":959,"publisher":{"@id":"https:\/\/www.ellesaussi.org\/#organization"},"image":{"@id":"https:\/\/www.ellesaussi.org\/?p=3833#primaryimage"},"thumbnailUrl":"https:\/\/www.ellesaussi.org\/wp-content\/uploads\/2025\/11\/Colloque-et-assemblee-generale-a-lAssemblee-nationale.jpg","articleSection":["Chronique de la parit\u00e9"],"inLanguage":"fr-FR"},{"@type":"WebPage","@id":"https:\/\/www.ellesaussi.org\/?p=3833","url":"https:\/\/www.ellesaussi.org\/?p=3833","name":"Colloque et assembl\u00e9e g\u00e9n\u00e9rale \u00e0 l\u2019Assembl\u00e9e nationale :Elles aussi, la parit\u00e9 toujours plus haut, plus fort ! - Elles Aussi","isPartOf":{"@id":"https:\/\/www.ellesaussi.org\/#website"},"primaryImageOfPage":{"@id":"https:\/\/www.ellesaussi.org\/?p=3833#primaryimage"},"image":{"@id":"https:\/\/www.ellesaussi.org\/?p=3833#primaryimage"},"thumbnailUrl":"https:\/\/www.ellesaussi.org\/wp-content\/uploads\/2025\/11\/Colloque-et-assemblee-generale-a-lAssemblee-nationale.jpg","datePublished":"2025-06-11T14:51:37+00:00","dateModified":"2025-11-07T15:53:44+00:00","breadcrumb":{"@id":"https:\/\/www.ellesaussi.org\/?p=3833#breadcrumb"},"inLanguage":"fr-FR","potentialAction":[{"@type":"ReadAction","target":["https:\/\/www.ellesaussi.org\/?p=3833"]}]},{"@type":"ImageObject","inLanguage":"fr-FR","@id":"https:\/\/www.ellesaussi.org\/?p=3833#primaryimage","url":"https:\/\/www.ellesaussi.org\/wp-content\/uploads\/2025\/11\/Colloque-et-assemblee-generale-a-lAssemblee-nationale.jpg","contentUrl":"https:\/\/www.ellesaussi.org\/wp-content\/uploads\/2025\/11\/Colloque-et-assemblee-generale-a-lAssemblee-nationale.jpg","width":1120,"height":706},{"@type":"BreadcrumbList","@id":"https:\/\/www.ellesaussi.org\/?p=3833#breadcrumb","itemListElement":[{"@type":"ListItem","position":1,"name":"Accueil","item":"https:\/\/www.ellesaussi.org\/"},{"@type":"ListItem","position":2,"name":"Colloque et assembl\u00e9e g\u00e9n\u00e9rale \u00e0 l\u2019Assembl\u00e9e nationale :Elles aussi, la parit\u00e9 toujours plus haut, plus fort !"}]},{"@type":"WebSite","@id":"https:\/\/www.ellesaussi.org\/#website","url":"https:\/\/www.ellesaussi.org\/","name":"Elles Aussi","description":"","publisher":{"@id":"https:\/\/www.ellesaussi.org\/#organization"},"potentialAction":[{"@type":"SearchAction","target":{"@type":"EntryPoint","urlTemplate":"https:\/\/www.ellesaussi.org\/?s={search_term_string}"},"query-input":"required name=search_term_string"}],"inLanguage":"fr-FR"},{"@type":"Organization","@id":"https:\/\/www.ellesaussi.org\/#organization","name":"Elles Aussi","url":"https:\/\/www.ellesaussi.org\/","logo":{"@type":"ImageObject","inLanguage":"fr-FR","@id":"https:\/\/www.ellesaussi.org\/#\/schema\/logo\/image\/","url":"https:\/\/www.ellesaussi.org\/wp-content\/uploads\/2024\/05\/Elles-aussi_logotype_rouge.png","contentUrl":"https:\/\/www.ellesaussi.org\/wp-content\/uploads\/2024\/05\/Elles-aussi_logotype_rouge.png","width":3472,"height":2480,"caption":"Elles Aussi"},"image":{"@id":"https:\/\/www.ellesaussi.org\/#\/schema\/logo\/image\/"},"sameAs":["https:\/\/www.facebook.com\/ellesaussi\/"]},{"@type":"Person","@id":"https:\/\/www.ellesaussi.org\/#\/schema\/person\/eeca4be50db30b5dbb39f78fc3364160","name":"admin","image":{"@type":"ImageObject","inLanguage":"fr-FR","@id":"https:\/\/www.ellesaussi.org\/#\/schema\/person\/image\/","url":"https:\/\/secure.gravatar.com\/avatar\/62da4937aa6d6b509192861c0b966204a1b742b2814f6387fa08fe6c98a8729c?s=96&d=mm&r=g","contentUrl":"https:\/\/secure.gravatar.com\/avatar\/62da4937aa6d6b509192861c0b966204a1b742b2814f6387fa08fe6c98a8729c?s=96&d=mm&r=g","caption":"admin"},"sameAs":["https:\/\/elles129186.webdb78.lwspanel.com"],"url":"https:\/\/www.ellesaussi.org\/?author=1"}]}},"_links":{"self":[{"href":"https:\/\/www.ellesaussi.org\/index.php?rest_route=\/wp\/v2\/posts\/3833","targetHints":{"allow":["GET"]}}],"collection":[{"href":"https:\/\/www.ellesaussi.org\/index.php?rest_route=\/wp\/v2\/posts"}],"about":[{"href":"https:\/\/www.ellesaussi.org\/index.php?rest_route=\/wp\/v2\/types\/post"}],"author":[{"embeddable":true,"href":"https:\/\/www.ellesaussi.org\/index.php?rest_route=\/wp\/v2\/users\/1"}],"replies":[{"embeddable":true,"href":"https:\/\/www.ellesaussi.org\/index.php?rest_route=%2Fwp%2Fv2%2Fcomments&post=3833"}],"version-history":[{"count":4,"href":"https:\/\/www.ellesaussi.org\/index.php?rest_route=\/wp\/v2\/posts\/3833\/revisions"}],"predecessor-version":[{"id":3839,"href":"https:\/\/www.ellesaussi.org\/index.php?rest_route=\/wp\/v2\/posts\/3833\/revisions\/3839"}],"wp:featuredmedia":[{"embeddable":true,"href":"https:\/\/www.ellesaussi.org\/index.php?rest_route=\/wp\/v2\/media\/3834"}],"wp:attachment":[{"href":"https:\/\/www.ellesaussi.org\/index.php?rest_route=%2Fwp%2Fv2%2Fmedia&parent=3833"}],"wp:term":[{"taxonomy":"category","embeddable":true,"href":"https:\/\/www.ellesaussi.org\/index.php?rest_route=%2Fwp%2Fv2%2Fcategories&post=3833"},{"taxonomy":"post_tag","embeddable":true,"href":"https:\/\/www.ellesaussi.org\/index.php?rest_route=%2Fwp%2Fv2%2Ftags&post=3833"}],"curies":[{"name":"wp","href":"https:\/\/api.w.org\/{rel}","templated":true}]}}