{"id":3604,"date":"2025-04-28T20:52:23","date_gmt":"2025-04-28T18:52:23","guid":{"rendered":"https:\/\/www.ellesaussi.org\/?p=3604"},"modified":"2025-05-12T20:55:07","modified_gmt":"2025-05-12T18:55:07","slug":"les-femmes-dans-la-vie-politique-sous-la-ve-republique","status":"publish","type":"post","link":"https:\/\/www.ellesaussi.org\/?p=3604","title":{"rendered":"Les femmes dans la vie politique sous la Ve R\u00e9publique"},"content":{"rendered":"\t\t<div data-elementor-type=\"wp-post\" data-elementor-id=\"3604\" class=\"elementor elementor-3604\" data-elementor-post-type=\"post\">\n\t\t\t\t<div class=\"elementor-element elementor-element-6a80fd5 e-flex e-con-boxed e-con e-parent\" data-id=\"6a80fd5\" data-element_type=\"container\">\n\t\t\t\t\t<div class=\"e-con-inner\">\n\t\t\t\t<div class=\"elementor-element elementor-element-9139e18 elementor-widget elementor-widget-text-editor\" data-id=\"9139e18\" data-element_type=\"widget\" data-widget_type=\"text-editor.default\">\n\t\t\t\t<div class=\"elementor-widget-container\">\n\t\t\t\t\t\t\t<p>29 avril 2025\u00a0: 80 ans que les femmes, en France, ont effectivement vot\u00e9 pour la premi\u00e8re fois. Mais en 80 ans, la progression du nombre de femmes \u00e9lues, leurs parcours et leur visibilit\u00e9 dans nos instances repr\u00e9sentatives ont \u00e9t\u00e9 fortement limit\u00e9 par un plafond de verre.<\/p><p>Revenons sur cette p\u00e9riode et sur la place des femmes et leurs v\u00e9cus, dans la vie politique fran\u00e7aise sous la Ve R\u00e9publique.<\/p><p>En 2025, rares sont ceux ou celles qui affirment que les femmes ne doivent pas prendre leur part dans la vie publique ou ont pour vocation de rester \u00e0 la maison pour \u00ab\u00a0s\u2019occuper des enfants\u00a0\u00bb. Les mentalit\u00e9s changent et encore \u00ab\u00a0heureux\u00b7se\u00a0\u00bb.<\/p><p>Cependant beaucoup reste encore \u00e0 faire en politique comme dans la vie quotidienne\u00a0: cr\u00e9er des r\u00e9seaux de femmes, diffuser la sororit\u00e9, lutter contre le patriarcat qui ne cesse de nous mettre en comp\u00e9tition, obtenir l\u2019\u00e9galit\u00e9 salariale, avoir une vraie r\u00e9partition des t\u00e2ches domestiques, permettre \u00e0 toutes de choisir sa maternit\u00e9, ou non, avoir une place en tant qu\u2019\u00e9lue, \u00eatre respect\u00e9e, ne pas se faire couper la parole, ne pas remettre en question la parole des victimes d\u2019agressions et ne donner ni la place, ni la parole, ni de r\u00e9compense aux agresseurs.<\/p><p><strong>Changer tous les codes, masculins, pour que chacune puisse s\u2019impliquer dans la vie politique sans avoir \u00e0 choisir entre le temps d\u2019\u00eatre m\u00e8re et le temps d\u2019\u00eatre maire.<\/strong><\/p><p>Pour les victoires obtenues en 80 ans de lutte, prenons la <span style=\"color: #f15b43;\"><strong>parit\u00e9<\/strong><\/span> comme exemple. Objectif louable d\u2019\u00e9lire, et donc d\u2019\u00eatre repr\u00e9sent\u00e9\u00b7es, par 50% de femmes et 50% d\u2019hommes dans les lieux de pouvoir. La parit\u00e9 est \u00e0 ce jour appliqu\u00e9e dans la majorit\u00e9 des \u00e9lections\u00a0: europ\u00e9ennes et r\u00e9gionales gr\u00e2ce au scrutin de liste alternant homme-femme, d\u00e9partementales gr\u00e2ce aux bin\u00f4mes paritaires et municipales depuis 2007 pour les communes de plus de 3500 habitant\u00b7es et depuis 2013 pour celles de plus de 1000 habitant\u00b7es. On pr\u00e9cisera d\u2019ailleurs que la parit\u00e9 dans les scrutins de liste n\u2019a pas toujours en alternance. La loi du 6 juin 2000 a d\u2019abord instaur\u00e9 la parit\u00e9 par tranche de 6, uniquement dans les communes de plus de 3500 habitant\u00b7es et c\u2019est en 2007 qu\u2019a \u00e9t\u00e9 instaur\u00e9e \u00a0\u00a0\u00a0de mani\u00e8re obligatoire la parit\u00e9 par alternance sur les listes. \u00a0\u00a0Concernant les petites communes, de moins de 1000 habitant\u00b7es, elles n\u2019\u00e9taient tout simplement pas concern\u00e9es par la loi sur la parit\u00e9 jusqu\u2019en 2025 alors qu\u2019il s\u2019agit de 70% des communes fran\u00e7aises.<\/p><p>Quant \u00e0 l\u2019\u00e9lection l\u00e9gislative, la loi sur la parit\u00e9 est incitative et punitive mais non obligatoire. Les partis doivent pr\u00e9senter un quota de femmes le plus proche possible de la parit\u00e9. La p\u00e9nalit\u00e9 est calcul\u00e9e sur la base de cette diff\u00e9rence en % du montant d\u2019une aide publique re\u00e7ue. Par exemple, si un parti pr\u00e9sente 30% de femmes et 70% d\u2019hommes, il aura une p\u00e9nalit\u00e9 sur la base de 40% d\u2019\u00e9cart sur le montant de l\u2019aide qu\u2019il devait recevoir.<\/p><p>Malheureusement nous avons vu le nombre de femmes \u00e9lues d\u00e9put\u00e9es diminuer lors des deux scrutins l\u00e9gislatifs de 2022 et de 2024. En effet, en 2017 on comptait 224 femmes sur 577 d\u00e9put\u00e9s, puis 215 en 2022 et 209 en 2024. Soit presque 39% de femmes en 2017 contre 36% aujourd\u2019hui, \u00e0 l\u2019Assembl\u00e9e nationale.<\/p><p>Enfin, la population fran\u00e7aise est amen\u00e9e \u00e0 voter pour une liste d\u2019\u00e9lu\u00b7es intercommunautaires, c\u2019est-\u00e0-dire pour les \u00e9lu\u00b7es des communaut\u00e9s de communes, d\u2019agglom\u00e9ration, urbaines et les m\u00e9tropoles. L\u00e0 le scrutin est direct et se fait au m\u00eame moment que les \u00e9lections municipales, pour les communes de plus de 1000 habitants, avec un fl\u00e9chage des personnes qui se pr\u00e9sentent sur la liste des municipales et souhaitant repr\u00e9senter la population au sein des conseils communautaires. Pour les communes de moins de 1000 habitant\u00b7es, le conseil municipal \u00e9lit les conseiller\u00b7es communautaires. Ainsi, ces \u00e9lu\u00b7es sont la plupart du temps les maires et\/ou les premier\u00b7\u00e8res adjoint\u00b7es des communes appartenant \u00e0 l\u2019intercommunalit\u00e9. Or 80% des maires en France sont des hommes et le nombre d\u2019\u00e9lu\u00b7es par commune au sein du conseil communautaire d\u00e9pend du nombre d\u2019habitant\u00b7es de la commune. Pour les petites communes il n\u2019y a tr\u00e8s souvent que le maire qui repr\u00e9sente sa commune \u00e0 l\u2019\u00e9chelle intercommunale. L\u00e0 il existe un vide juridique puisqu\u2019aucune loi n\u2019encadre ces \u00e9lections pour obtenir une repr\u00e9sentation \u00e9quitable des femmes et des hommes, \u00e0 l\u2019\u00e9chelle intercommunale.<\/p><p>Une fois l\u2019\u00e9lection termin\u00e9e et gagn\u00e9e, l\u2019\u00e9lue peut se voir attribuer une vice-pr\u00e9sidence ou \u00eatre conseill\u00e8re d\u00e9l\u00e9gu\u00e9e. Cependant, comme dans la sph\u00e8re professionnelle, les femmes \u00e9lues vont avoir du mal \u00e0 obtenir des d\u00e9l\u00e9gations et des vice-pr\u00e9sidences. Et lorsque c\u2019est le cas, elles se voient attribuer les r\u00f4les les moins influents et avec les plus petits budgets tels que, la culture, les ressources humaines, la politique de la ville, contrairement aux finances, \u00e0 l\u2019urbanisme, aux travaux publics, etc. C\u2019est ce qu\u2019on appelle le plafond et la paroi de verre.<\/p><p>Les \u00e9lues de la R\u00e9publique, peuvent \u00e9galement subir des violences sexistes, voire sexuelles, pendant leur mandat. Les femmes peuvent \u00eatre prises \u00e0 partie publiquement par un \u00e9lu lors d\u2019un conseil municipal ou d\u2019une s\u00e9ance au sein de l\u2019h\u00e9micycle de l\u2019Assembl\u00e9e nationale ou du S\u00e9nat et se voir moqu\u00e9es , recevoir des commentaires sexistes ou encore paternalistes \u00e0 la suite d\u2019une prise de parole, ou d\u2019une prise de position quelconque. L\u00e0 encore les exemples ne manquent pas. La parole, encore plus politique, est un outil de pouvoir symbolique que les hommes ont encore du mal \u00e0 partager, faute d\u2019habitudes et \u00e0 cause d\u2019entre-soi masculins.<\/p><p><img fetchpriority=\"high\" decoding=\"async\" class=\"size-full wp-image-3606 aligncenter\" src=\"https:\/\/www.ellesaussi.org\/wp-content\/uploads\/2025\/05\/Les-femmes-dans-la-vie-politique-sous-la-Ve-Republique.jpg\" alt=\"\" width=\"356\" height=\"520\" srcset=\"https:\/\/www.ellesaussi.org\/wp-content\/uploads\/2025\/05\/Les-femmes-dans-la-vie-politique-sous-la-Ve-Republique.jpg 356w, https:\/\/www.ellesaussi.org\/wp-content\/uploads\/2025\/05\/Les-femmes-dans-la-vie-politique-sous-la-Ve-Republique-205x300.jpg 205w\" sizes=\"(max-width: 356px) 100vw, 356px\" \/><\/p><p><a href=\"https:\/\/www.oxfamfrance.org\/rapports\/le-pouvoir-nom-masculin-lindex-de-feminisation-du-pouvoir\/\" target=\"_blank\" rel=\"noopener\">https:\/\/www.oxfamfrance.org\/rapports\/le-pouvoir-nom-masculin-lindex-de-feminisation-du-pouvoir\/<\/a><\/p><p>\u00a0La bataille de la l\u00e9gitimit\u00e9 et de la parit\u00e9 n\u2019est pas encore gagn\u00e9e mais les femmes qui s\u2019engagent sont de plus en plus tenaces, courageuses et portent leur voix haut et fort. De plus en plus d\u2019initiatives citoyennes \u00e9mergent pour former, soutenir et encourager les femmes \u00e0 se pr\u00e9senter \u00e0 tous les \u00e9chelons pour r\u00e9\u00e9quilibrer la vie politique et faire peser leurs revendications ainsi que leur vision du monde.<\/p><p>Il est bon \u00e9galement de rappeler qu\u2019\u00e9lire une femme au pouvoir ne suffit pas, il faut des <u>f\u00e9ministes<\/u>\u00a0qui <strong>d\u00e9fendent toutes les femmes<\/strong> et tous les hommes ! Car certaines femmes continuent de promouvoir des id\u00e9es et de voter des lois \u00e0 l\u2019encontre des droits et des avanc\u00e9es f\u00e9ministes, comme l\u2019avortement. On peut citer Georgia Meloni, Marine Le Pen ou encore Roberta Metsola, pr\u00e9sidente du Parlement europ\u00e9en.\u00a0Toutes trois appartiennent \u00e0 des partis nationalistes se revendiquant anti-progressisme, f\u00e9monationaliste* et transphobe. Or ce sont toutes les femmes que l\u2019on doit prot\u00e9ger et d\u00e9fendre, en particulier les plus touch\u00e9es par les discriminations et les violences comme le <u>racisme, l\u2019islamophobie, la grossophobie, le handicap* et les LGBTphobies.<\/u><\/p><p><a href=\"https:\/\/www.oxfamfrance.org\/rapports\/le-pouvoir-nom-masculin-lindex-de-feminisation-du-pouvoir\/\" target=\"_blank\" rel=\"noopener\">https:\/\/www.oxfamfrance.org\/rapports\/le-pouvoir-nom-masculin-lindex-de-feminisation-du-pouvoir\/\u00a0<\/a><br \/><br \/>Simone de Beauvoir rappelait avec sagesse\u00a0:<\/p><p>\u00ab\u00a0N&rsquo;oubliez jamais qu&rsquo;il suffira d&rsquo;une crise politique, \u00e9conomique ou religieuse pour que les droits des femmes soient remis en question. Ces droits ne sont jamais acquis. Vous devrez rester vigilantes votre vie durant. \u00bb<\/p><p><strong>Notes<\/strong>\u00a0:<\/p><ul><li>Le <strong>f\u00e9monationalisme<\/strong> est d\u00e9crit comme\u00a0: l&rsquo;instrumentalisation d&rsquo;un discours f\u00e9ministe \u00e0 des fins \u00e9lectorales racistes, islamophobes et x\u00e9nophobes. Le concept a \u00e9t\u00e9 invent\u00e9 par Sara R. Farris, chercheuse en sociologie aux Etats-Unis dans les ann\u00e9es 2010.<\/li><\/ul><p>Source\u00a0: <a href=\"https:\/\/revueladeferlante.fr\/glossaire\/femonationalisme\/#:~:text=Le%20concept%20de%20f%C3%A9monationalisme%20a,livre%20Au%20nom%20des%20femme\" target=\"_blank\" rel=\"noopener\">https:\/\/revueladeferlante.fr\/glossaire\/femonationalisme\/#:~:text=Le%20concept%20de%20f%C3%A9monationalisme%20a,livre%20Au%20nom%20des%20femme<\/a><\/p><ul><li>Les discriminations envers les personnes en situation de handicap peuvent \u00eatre d\u00e9finies dans le concept de <strong>validisme<\/strong>.<ul><li>\u00ab un syst\u00e8me de pr\u00e9jug\u00e9s et de discriminations \u00e0 l\u2019\u00e9gard des personnes en situation de handicap. Une<strong>soci\u00e9t\u00e9 validiste<\/strong>\u00a0consid\u00e8re les personnes sans handicap (\u00ab valides \u00bb) comme la norme, le handicap \u00e9tant per\u00e7u comme un manque, et non comme une cons\u00e9quence d\u2019\u00e9v\u00e8nements de la vie ou d\u2019une diversit\u00e9 au sein de l\u2019humanit\u00e9.\u00a0\u00bb<\/li><\/ul><\/li><\/ul><p>Source\u00a0: <a href=\"https:\/\/www.scienceshumaines.com\/validisme_fr_44295.html\" target=\"_blank\" rel=\"noopener\">https:\/\/www.scienceshumaines.com\/validisme_fr_44295.html<\/a><\/p><p>\u00a0<\/p><p><em>Autrice : Charl\u00e8ne Marquot Le Lou\u00e9, Elles aussi Hauts de France<\/em><\/p>\t\t\t\t\t\t<\/div>\n\t\t\t\t<\/div>\n\t\t\t\t\t<\/div>\n\t\t\t\t<\/div>\n\t\t\t\t<\/div>\n\t\t","protected":false},"excerpt":{"rendered":"<p>29 avril 2025\u00a0: 80 ans que les femmes, en France, ont effectivement vot\u00e9 pour la premi\u00e8re fois. Mais en 80 ans, la progression du nombre de femmes \u00e9lues, leurs parcours et leur visibilit\u00e9 dans nos instances repr\u00e9sentatives ont \u00e9t\u00e9 fortement limit\u00e9 par un plafond de verre. Revenons sur cette p\u00e9riode et sur la place des [&hellip;]<\/p>\n","protected":false},"author":1,"featured_media":683,"comment_status":"closed","ping_status":"closed","sticky":false,"template":"","format":"standard","meta":{"footnotes":""},"categories":[38,53],"tags":[],"class_list":["post-3604","post","type-post","status-publish","format-standard","has-post-thumbnail","hentry","category-chronique-de-la-parite","category-elles-aussi-en-region"],"yoast_head":"<!-- This site is optimized with the Yoast SEO plugin v22.8 - https:\/\/yoast.com\/wordpress\/plugins\/seo\/ -->\n<title>Les femmes dans la vie politique sous la Ve R\u00e9publique - Elles Aussi<\/title>\n<meta name=\"robots\" content=\"index, follow, max-snippet:-1, max-image-preview:large, max-video-preview:-1\" \/>\n<link rel=\"canonical\" href=\"https:\/\/www.ellesaussi.org\/?p=3604\" \/>\n<meta property=\"og:locale\" content=\"fr_FR\" \/>\n<meta property=\"og:type\" content=\"article\" \/>\n<meta property=\"og:title\" content=\"Les femmes dans la vie politique sous la Ve R\u00e9publique - Elles Aussi\" \/>\n<meta property=\"og:description\" content=\"29 avril 2025\u00a0: 80 ans que les femmes, en France, ont effectivement vot\u00e9 pour la premi\u00e8re fois. Mais en 80 ans, la progression du nombre de femmes \u00e9lues, leurs parcours et leur visibilit\u00e9 dans nos instances repr\u00e9sentatives ont \u00e9t\u00e9 fortement limit\u00e9 par un plafond de verre. Revenons sur cette p\u00e9riode et sur la place des [&hellip;]\" \/>\n<meta property=\"og:url\" content=\"https:\/\/www.ellesaussi.org\/?p=3604\" \/>\n<meta property=\"og:site_name\" content=\"Elles Aussi\" \/>\n<meta property=\"article:publisher\" content=\"https:\/\/www.facebook.com\/ellesaussi\/\" \/>\n<meta property=\"article:published_time\" content=\"2025-04-28T18:52:23+00:00\" \/>\n<meta property=\"article:modified_time\" content=\"2025-05-12T18:55:07+00:00\" \/>\n<meta property=\"og:image\" content=\"https:\/\/www.ellesaussi.org\/wp-content\/uploads\/2024\/10\/appel-du-18-juin-2024-Elles-aussi.jpg\" \/>\n\t<meta property=\"og:image:width\" content=\"200\" \/>\n\t<meta property=\"og:image:height\" content=\"144\" \/>\n\t<meta property=\"og:image:type\" content=\"image\/jpeg\" \/>\n<meta name=\"author\" content=\"admin\" \/>\n<meta name=\"twitter:card\" content=\"summary_large_image\" \/>\n<meta name=\"twitter:label1\" content=\"\u00c9crit par\" \/>\n\t<meta name=\"twitter:data1\" content=\"admin\" \/>\n\t<meta name=\"twitter:label2\" content=\"Dur\u00e9e de lecture estim\u00e9e\" \/>\n\t<meta name=\"twitter:data2\" content=\"7 minutes\" \/>\n<script type=\"application\/ld+json\" class=\"yoast-schema-graph\">{\"@context\":\"https:\/\/schema.org\",\"@graph\":[{\"@type\":\"Article\",\"@id\":\"https:\/\/www.ellesaussi.org\/?p=3604#article\",\"isPartOf\":{\"@id\":\"https:\/\/www.ellesaussi.org\/?p=3604\"},\"author\":{\"name\":\"admin\",\"@id\":\"https:\/\/www.ellesaussi.org\/#\/schema\/person\/eeca4be50db30b5dbb39f78fc3364160\"},\"headline\":\"Les femmes dans la vie politique sous la Ve R\u00e9publique\",\"datePublished\":\"2025-04-28T18:52:23+00:00\",\"dateModified\":\"2025-05-12T18:55:07+00:00\",\"mainEntityOfPage\":{\"@id\":\"https:\/\/www.ellesaussi.org\/?p=3604\"},\"wordCount\":1407,\"publisher\":{\"@id\":\"https:\/\/www.ellesaussi.org\/#organization\"},\"image\":{\"@id\":\"https:\/\/www.ellesaussi.org\/?p=3604#primaryimage\"},\"thumbnailUrl\":\"https:\/\/www.ellesaussi.org\/wp-content\/uploads\/2024\/10\/appel-du-18-juin-2024-Elles-aussi.jpg\",\"articleSection\":[\"Chronique de la parit\u00e9\",\"Elles aussi en r\u00e9gion\"],\"inLanguage\":\"fr-FR\"},{\"@type\":\"WebPage\",\"@id\":\"https:\/\/www.ellesaussi.org\/?p=3604\",\"url\":\"https:\/\/www.ellesaussi.org\/?p=3604\",\"name\":\"Les femmes dans la vie politique sous la Ve R\u00e9publique - Elles Aussi\",\"isPartOf\":{\"@id\":\"https:\/\/www.ellesaussi.org\/#website\"},\"primaryImageOfPage\":{\"@id\":\"https:\/\/www.ellesaussi.org\/?p=3604#primaryimage\"},\"image\":{\"@id\":\"https:\/\/www.ellesaussi.org\/?p=3604#primaryimage\"},\"thumbnailUrl\":\"https:\/\/www.ellesaussi.org\/wp-content\/uploads\/2024\/10\/appel-du-18-juin-2024-Elles-aussi.jpg\",\"datePublished\":\"2025-04-28T18:52:23+00:00\",\"dateModified\":\"2025-05-12T18:55:07+00:00\",\"breadcrumb\":{\"@id\":\"https:\/\/www.ellesaussi.org\/?p=3604#breadcrumb\"},\"inLanguage\":\"fr-FR\",\"potentialAction\":[{\"@type\":\"ReadAction\",\"target\":[\"https:\/\/www.ellesaussi.org\/?p=3604\"]}]},{\"@type\":\"ImageObject\",\"inLanguage\":\"fr-FR\",\"@id\":\"https:\/\/www.ellesaussi.org\/?p=3604#primaryimage\",\"url\":\"https:\/\/www.ellesaussi.org\/wp-content\/uploads\/2024\/10\/appel-du-18-juin-2024-Elles-aussi.jpg\",\"contentUrl\":\"https:\/\/www.ellesaussi.org\/wp-content\/uploads\/2024\/10\/appel-du-18-juin-2024-Elles-aussi.jpg\",\"width\":200,\"height\":144},{\"@type\":\"BreadcrumbList\",\"@id\":\"https:\/\/www.ellesaussi.org\/?p=3604#breadcrumb\",\"itemListElement\":[{\"@type\":\"ListItem\",\"position\":1,\"name\":\"Accueil\",\"item\":\"https:\/\/www.ellesaussi.org\/\"},{\"@type\":\"ListItem\",\"position\":2,\"name\":\"Les femmes dans la vie politique sous la Ve R\u00e9publique\"}]},{\"@type\":\"WebSite\",\"@id\":\"https:\/\/www.ellesaussi.org\/#website\",\"url\":\"https:\/\/www.ellesaussi.org\/\",\"name\":\"Elles Aussi\",\"description\":\"\",\"publisher\":{\"@id\":\"https:\/\/www.ellesaussi.org\/#organization\"},\"potentialAction\":[{\"@type\":\"SearchAction\",\"target\":{\"@type\":\"EntryPoint\",\"urlTemplate\":\"https:\/\/www.ellesaussi.org\/?s={search_term_string}\"},\"query-input\":\"required name=search_term_string\"}],\"inLanguage\":\"fr-FR\"},{\"@type\":\"Organization\",\"@id\":\"https:\/\/www.ellesaussi.org\/#organization\",\"name\":\"Elles Aussi\",\"url\":\"https:\/\/www.ellesaussi.org\/\",\"logo\":{\"@type\":\"ImageObject\",\"inLanguage\":\"fr-FR\",\"@id\":\"https:\/\/www.ellesaussi.org\/#\/schema\/logo\/image\/\",\"url\":\"https:\/\/www.ellesaussi.org\/wp-content\/uploads\/2024\/05\/Elles-aussi_logotype_rouge.png\",\"contentUrl\":\"https:\/\/www.ellesaussi.org\/wp-content\/uploads\/2024\/05\/Elles-aussi_logotype_rouge.png\",\"width\":3472,\"height\":2480,\"caption\":\"Elles Aussi\"},\"image\":{\"@id\":\"https:\/\/www.ellesaussi.org\/#\/schema\/logo\/image\/\"},\"sameAs\":[\"https:\/\/www.facebook.com\/ellesaussi\/\"]},{\"@type\":\"Person\",\"@id\":\"https:\/\/www.ellesaussi.org\/#\/schema\/person\/eeca4be50db30b5dbb39f78fc3364160\",\"name\":\"admin\",\"image\":{\"@type\":\"ImageObject\",\"inLanguage\":\"fr-FR\",\"@id\":\"https:\/\/www.ellesaussi.org\/#\/schema\/person\/image\/\",\"url\":\"https:\/\/secure.gravatar.com\/avatar\/62da4937aa6d6b509192861c0b966204a1b742b2814f6387fa08fe6c98a8729c?s=96&d=mm&r=g\",\"contentUrl\":\"https:\/\/secure.gravatar.com\/avatar\/62da4937aa6d6b509192861c0b966204a1b742b2814f6387fa08fe6c98a8729c?s=96&d=mm&r=g\",\"caption\":\"admin\"},\"sameAs\":[\"https:\/\/elles129186.webdb78.lwspanel.com\"],\"url\":\"https:\/\/www.ellesaussi.org\/?author=1\"}]}<\/script>\n<!-- \/ Yoast SEO plugin. -->","yoast_head_json":{"title":"Les femmes dans la vie politique sous la Ve R\u00e9publique - Elles Aussi","robots":{"index":"index","follow":"follow","max-snippet":"max-snippet:-1","max-image-preview":"max-image-preview:large","max-video-preview":"max-video-preview:-1"},"canonical":"https:\/\/www.ellesaussi.org\/?p=3604","og_locale":"fr_FR","og_type":"article","og_title":"Les femmes dans la vie politique sous la Ve R\u00e9publique - Elles Aussi","og_description":"29 avril 2025\u00a0: 80 ans que les femmes, en France, ont effectivement vot\u00e9 pour la premi\u00e8re fois. Mais en 80 ans, la progression du nombre de femmes \u00e9lues, leurs parcours et leur visibilit\u00e9 dans nos instances repr\u00e9sentatives ont \u00e9t\u00e9 fortement limit\u00e9 par un plafond de verre. Revenons sur cette p\u00e9riode et sur la place des [&hellip;]","og_url":"https:\/\/www.ellesaussi.org\/?p=3604","og_site_name":"Elles Aussi","article_publisher":"https:\/\/www.facebook.com\/ellesaussi\/","article_published_time":"2025-04-28T18:52:23+00:00","article_modified_time":"2025-05-12T18:55:07+00:00","og_image":[{"width":200,"height":144,"url":"https:\/\/www.ellesaussi.org\/wp-content\/uploads\/2024\/10\/appel-du-18-juin-2024-Elles-aussi.jpg","type":"image\/jpeg"}],"author":"admin","twitter_card":"summary_large_image","twitter_misc":{"\u00c9crit par":"admin","Dur\u00e9e de lecture estim\u00e9e":"7 minutes"},"schema":{"@context":"https:\/\/schema.org","@graph":[{"@type":"Article","@id":"https:\/\/www.ellesaussi.org\/?p=3604#article","isPartOf":{"@id":"https:\/\/www.ellesaussi.org\/?p=3604"},"author":{"name":"admin","@id":"https:\/\/www.ellesaussi.org\/#\/schema\/person\/eeca4be50db30b5dbb39f78fc3364160"},"headline":"Les femmes dans la vie politique sous la Ve R\u00e9publique","datePublished":"2025-04-28T18:52:23+00:00","dateModified":"2025-05-12T18:55:07+00:00","mainEntityOfPage":{"@id":"https:\/\/www.ellesaussi.org\/?p=3604"},"wordCount":1407,"publisher":{"@id":"https:\/\/www.ellesaussi.org\/#organization"},"image":{"@id":"https:\/\/www.ellesaussi.org\/?p=3604#primaryimage"},"thumbnailUrl":"https:\/\/www.ellesaussi.org\/wp-content\/uploads\/2024\/10\/appel-du-18-juin-2024-Elles-aussi.jpg","articleSection":["Chronique de la parit\u00e9","Elles aussi en r\u00e9gion"],"inLanguage":"fr-FR"},{"@type":"WebPage","@id":"https:\/\/www.ellesaussi.org\/?p=3604","url":"https:\/\/www.ellesaussi.org\/?p=3604","name":"Les femmes dans la vie politique sous la Ve R\u00e9publique - Elles Aussi","isPartOf":{"@id":"https:\/\/www.ellesaussi.org\/#website"},"primaryImageOfPage":{"@id":"https:\/\/www.ellesaussi.org\/?p=3604#primaryimage"},"image":{"@id":"https:\/\/www.ellesaussi.org\/?p=3604#primaryimage"},"thumbnailUrl":"https:\/\/www.ellesaussi.org\/wp-content\/uploads\/2024\/10\/appel-du-18-juin-2024-Elles-aussi.jpg","datePublished":"2025-04-28T18:52:23+00:00","dateModified":"2025-05-12T18:55:07+00:00","breadcrumb":{"@id":"https:\/\/www.ellesaussi.org\/?p=3604#breadcrumb"},"inLanguage":"fr-FR","potentialAction":[{"@type":"ReadAction","target":["https:\/\/www.ellesaussi.org\/?p=3604"]}]},{"@type":"ImageObject","inLanguage":"fr-FR","@id":"https:\/\/www.ellesaussi.org\/?p=3604#primaryimage","url":"https:\/\/www.ellesaussi.org\/wp-content\/uploads\/2024\/10\/appel-du-18-juin-2024-Elles-aussi.jpg","contentUrl":"https:\/\/www.ellesaussi.org\/wp-content\/uploads\/2024\/10\/appel-du-18-juin-2024-Elles-aussi.jpg","width":200,"height":144},{"@type":"BreadcrumbList","@id":"https:\/\/www.ellesaussi.org\/?p=3604#breadcrumb","itemListElement":[{"@type":"ListItem","position":1,"name":"Accueil","item":"https:\/\/www.ellesaussi.org\/"},{"@type":"ListItem","position":2,"name":"Les femmes dans la vie politique sous la Ve R\u00e9publique"}]},{"@type":"WebSite","@id":"https:\/\/www.ellesaussi.org\/#website","url":"https:\/\/www.ellesaussi.org\/","name":"Elles Aussi","description":"","publisher":{"@id":"https:\/\/www.ellesaussi.org\/#organization"},"potentialAction":[{"@type":"SearchAction","target":{"@type":"EntryPoint","urlTemplate":"https:\/\/www.ellesaussi.org\/?s={search_term_string}"},"query-input":"required name=search_term_string"}],"inLanguage":"fr-FR"},{"@type":"Organization","@id":"https:\/\/www.ellesaussi.org\/#organization","name":"Elles Aussi","url":"https:\/\/www.ellesaussi.org\/","logo":{"@type":"ImageObject","inLanguage":"fr-FR","@id":"https:\/\/www.ellesaussi.org\/#\/schema\/logo\/image\/","url":"https:\/\/www.ellesaussi.org\/wp-content\/uploads\/2024\/05\/Elles-aussi_logotype_rouge.png","contentUrl":"https:\/\/www.ellesaussi.org\/wp-content\/uploads\/2024\/05\/Elles-aussi_logotype_rouge.png","width":3472,"height":2480,"caption":"Elles Aussi"},"image":{"@id":"https:\/\/www.ellesaussi.org\/#\/schema\/logo\/image\/"},"sameAs":["https:\/\/www.facebook.com\/ellesaussi\/"]},{"@type":"Person","@id":"https:\/\/www.ellesaussi.org\/#\/schema\/person\/eeca4be50db30b5dbb39f78fc3364160","name":"admin","image":{"@type":"ImageObject","inLanguage":"fr-FR","@id":"https:\/\/www.ellesaussi.org\/#\/schema\/person\/image\/","url":"https:\/\/secure.gravatar.com\/avatar\/62da4937aa6d6b509192861c0b966204a1b742b2814f6387fa08fe6c98a8729c?s=96&d=mm&r=g","contentUrl":"https:\/\/secure.gravatar.com\/avatar\/62da4937aa6d6b509192861c0b966204a1b742b2814f6387fa08fe6c98a8729c?s=96&d=mm&r=g","caption":"admin"},"sameAs":["https:\/\/elles129186.webdb78.lwspanel.com"],"url":"https:\/\/www.ellesaussi.org\/?author=1"}]}},"_links":{"self":[{"href":"https:\/\/www.ellesaussi.org\/index.php?rest_route=\/wp\/v2\/posts\/3604","targetHints":{"allow":["GET"]}}],"collection":[{"href":"https:\/\/www.ellesaussi.org\/index.php?rest_route=\/wp\/v2\/posts"}],"about":[{"href":"https:\/\/www.ellesaussi.org\/index.php?rest_route=\/wp\/v2\/types\/post"}],"author":[{"embeddable":true,"href":"https:\/\/www.ellesaussi.org\/index.php?rest_route=\/wp\/v2\/users\/1"}],"replies":[{"embeddable":true,"href":"https:\/\/www.ellesaussi.org\/index.php?rest_route=%2Fwp%2Fv2%2Fcomments&post=3604"}],"version-history":[{"count":4,"href":"https:\/\/www.ellesaussi.org\/index.php?rest_route=\/wp\/v2\/posts\/3604\/revisions"}],"predecessor-version":[{"id":3609,"href":"https:\/\/www.ellesaussi.org\/index.php?rest_route=\/wp\/v2\/posts\/3604\/revisions\/3609"}],"wp:featuredmedia":[{"embeddable":true,"href":"https:\/\/www.ellesaussi.org\/index.php?rest_route=\/wp\/v2\/media\/683"}],"wp:attachment":[{"href":"https:\/\/www.ellesaussi.org\/index.php?rest_route=%2Fwp%2Fv2%2Fmedia&parent=3604"}],"wp:term":[{"taxonomy":"category","embeddable":true,"href":"https:\/\/www.ellesaussi.org\/index.php?rest_route=%2Fwp%2Fv2%2Fcategories&post=3604"},{"taxonomy":"post_tag","embeddable":true,"href":"https:\/\/www.ellesaussi.org\/index.php?rest_route=%2Fwp%2Fv2%2Ftags&post=3604"}],"curies":[{"name":"wp","href":"https:\/\/api.w.org\/{rel}","templated":true}]}}