{"id":3568,"date":"2025-04-29T20:33:40","date_gmt":"2025-04-29T18:33:40","guid":{"rendered":"https:\/\/www.ellesaussi.org\/?p=3568"},"modified":"2025-05-12T20:58:43","modified_gmt":"2025-05-12T18:58:43","slug":"un-double-anniversaire-fete-le-29-avril-a-la-prefecture-de-grenoble","status":"publish","type":"post","link":"https:\/\/www.ellesaussi.org\/?p=3568","title":{"rendered":"Un double anniversaire f\u00eat\u00e9 le 29 avril \u00e0 la pr\u00e9fecture de Grenoble\u00a0"},"content":{"rendered":"\t\t<div data-elementor-type=\"wp-post\" data-elementor-id=\"3568\" class=\"elementor elementor-3568\" data-elementor-post-type=\"post\">\n\t\t\t\t<div class=\"elementor-element elementor-element-002c0c3 e-flex e-con-boxed e-con e-parent\" data-id=\"002c0c3\" data-element_type=\"container\">\n\t\t\t\t\t<div class=\"e-con-inner\">\n\t\t\t\t<div class=\"elementor-element elementor-element-d3ff1d6 elementor-widget elementor-widget-text-editor\" data-id=\"d3ff1d6\" data-element_type=\"widget\" data-widget_type=\"text-editor.default\">\n\t\t\t\t<div class=\"elementor-widget-container\">\n\t\t\t\t\t\t\t<p style=\"text-align: center;\"><em>Nathalie B\u00e9ranger pr\u00e9sente le g\u00e2teau d\u2019anniversaire<\/em><\/p><p style=\"text-align: center;\"><span style=\"color: #f15b43;\"><strong>Les 80 ans du premier vote des femmes et les 80 ans de la premi\u00e8re association de femmes \u00e9lues locales, l\u2019association des femmes \u00e9lues de l\u2019Is\u00e8re (afei)<\/strong><\/span><\/p><p style=\"text-align: center;\"><img fetchpriority=\"high\" decoding=\"async\" class=\"alignleft size-full wp-image-3571\" src=\"https:\/\/www.ellesaussi.org\/wp-content\/uploads\/2025\/05\/Un-double-anniversaire-fete-le-29-avril-a-la-prefecture-de-Grenoble-02.jpg\" alt=\"\" width=\"865\" height=\"649\" srcset=\"https:\/\/www.ellesaussi.org\/wp-content\/uploads\/2025\/05\/Un-double-anniversaire-fete-le-29-avril-a-la-prefecture-de-Grenoble-02.jpg 865w, https:\/\/www.ellesaussi.org\/wp-content\/uploads\/2025\/05\/Un-double-anniversaire-fete-le-29-avril-a-la-prefecture-de-Grenoble-02-300x225.jpg 300w, https:\/\/www.ellesaussi.org\/wp-content\/uploads\/2025\/05\/Un-double-anniversaire-fete-le-29-avril-a-la-prefecture-de-Grenoble-02-768x576.jpg 768w\" sizes=\"(max-width: 865px) 100vw, 865px\" \/> \u00a0\u00a0\u00a0\u00a0\u00a0\u00a0\u00a0\u00a0\u00a0\u00a0\u00a0\u00a0\u00a0\u00a0\u00a0\u00a0<em>Des membres du bureau de l\u2019afei<\/em><\/p><p>C\u2019est sous le patronage de Catherine Seguin, premi\u00e8re femme pr\u00e9f\u00e8te de l\u2019Is\u00e8re, et de Nathalie B\u00e9ranger, pr\u00e9sidente de l\u2019afei et conseill\u00e8re r\u00e9gionale, que s\u2019est d\u00e9roul\u00e9 ce bel \u00e9v\u00e8nement festif. Des discours, des vid\u00e9os, ainsi qu\u2019une repr\u00e9sentation th\u00e9\u00e2trale par la Compagnie Kal\u00e9idocope nous ont rappel\u00e9 le combat des femmes durant 150 ans pour qu\u2019elles acc\u00e8dent enfin \u00e0 une pleine citoyennet\u00e9. Ce combat a \u00e9t\u00e9 suivi par celui pour la parit\u00e9 en politique au d\u00e9but des ann\u00e9es 90.\u00a0 C\u2019est pour parler de ses actions en faveur de la parit\u00e9 dans les instances \u00e9lues, que le r\u00e9seau Elles aussi, dont l\u2019afei est membre depuis 15 ans, repr\u00e9sent\u00e9 par la vice-pr\u00e9sidente Armelle Danet, a \u00e9t\u00e9 invit\u00e9e \u00e0 s\u2019exprimer.<\/p><p>Dans les salons de la pr\u00e9fecture, une exposition, pr\u00e9par\u00e9e sous la houlette de Brigitte P\u00e9rilli\u00e9, a mis en valeur des femmes qui ont men\u00e9 activement le combat pour le droit de vote, des femmes engag\u00e9es et \u00e9lues dans le d\u00e9partement de l\u2019Is\u00e8re ainsi que l\u2019association des femmes conseill\u00e8res municipales de l\u2019Is\u00e8re (ACMI), cr\u00e9e en 1945, devenue l\u2019AFEI en 2007.\u00a0<\/p><p>Concernant cet \u00e9v\u00e8nement, vous trouverez ci-apr\u00e8s les documents suivants\u00a0:<\/p><ul><li><span style=\"color: #333333;\"><a style=\"color: #333333;\" href=\"https:\/\/www.ellesaussi.org\/?p=3576\">Le <strong>communiqu\u00e9<\/strong> de Brigitte P\u00e9rilli\u00e9, membre du bureau de l\u2019afei\u00a0: \u00a080 ans de droit de vote pour les femmes en France, l\u2019\u00e2ge de <strong><strong>l\u2019Association des Femmes Elues de l\u2019Is\u00e8re (AFEI) !<\/strong><\/strong><\/a><\/span><\/li><li><span style=\"color: #333333;\"><a style=\"color: #333333;\" href=\"https:\/\/www.ellesaussi.org\/?p=3586\">Dans sa <strong>vid\u00e9o<\/strong> pr\u00e9sent\u00e9e lors de cet anniversaire, <strong>Reine Lepinay<\/strong>, co-pr\u00e9sidente d\u2019Elles aussi, rappelle le combat du droit de vote des femmes et nous parle de la derni\u00e8re avanc\u00e9e avec la loi du 7 avril 2025 sur le scrutin de liste paritaire pour toutes les communes d\u00e8s 2026.<\/a><\/span><\/li><li><span style=\"color: #333333;\"><a style=\"color: #333333;\" href=\"https:\/\/www.ellesaussi.org\/?p=3591\">La <strong>pr\u00e9sentation d\u2019Armelle Danet<\/strong>, vice-pr\u00e9sidente d\u2019Elles aussi sur les actions phares d\u2019Elles aussi en faveur de la parit\u00e9 dans les instances \u00e9lues.<\/a><\/span><\/li><li><span style=\"color: #333333;\"><a style=\"color: #333333;\" href=\"https:\/\/www.ellesaussi.org\/?p=3596\">L\u2019article du Dauphin\u00e9 Lib\u00e9r\u00e9 du 2 mai sur l&rsquo;\u00e9v\u00e8nement du 29 mai \u00e0 Grenoble<\/a><\/span><\/li><li><span style=\"color: #333333;\"><a style=\"color: #333333;\" href=\"https:\/\/www.ellesaussi.org\/?p=3604\">le billet de Charl\u00e8ne Marquot Le Lou\u00e9, Elles aussi Hauts de France : les femmes sous la V\u00e8me R\u00e9publique<\/a><\/span><\/li><\/ul>\t\t\t\t\t\t<\/div>\n\t\t\t\t<\/div>\n\t\t\t\t\t<\/div>\n\t\t\t\t<\/div>\n\t\t\t\t<\/div>\n\t\t","protected":false},"excerpt":{"rendered":"<p>Nathalie B\u00e9ranger pr\u00e9sente le g\u00e2teau d\u2019anniversaire Les 80 ans du premier vote des femmes et les 80 ans de la premi\u00e8re association de femmes \u00e9lues locales, l\u2019association des femmes \u00e9lues de l\u2019Is\u00e8re (afei) \u00a0\u00a0\u00a0\u00a0\u00a0\u00a0\u00a0\u00a0\u00a0\u00a0\u00a0\u00a0\u00a0\u00a0\u00a0\u00a0Des membres du bureau de l\u2019afei C\u2019est sous le patronage de Catherine Seguin, premi\u00e8re femme pr\u00e9f\u00e8te de l\u2019Is\u00e8re, et de Nathalie B\u00e9ranger, [&hellip;]<\/p>\n","protected":false},"author":1,"featured_media":3569,"comment_status":"closed","ping_status":"closed","sticky":false,"template":"","format":"standard","meta":{"footnotes":""},"categories":[38,53],"tags":[],"class_list":["post-3568","post","type-post","status-publish","format-standard","has-post-thumbnail","hentry","category-chronique-de-la-parite","category-elles-aussi-en-region"],"yoast_head":"<!-- This site is optimized with the Yoast SEO plugin v22.8 - https:\/\/yoast.com\/wordpress\/plugins\/seo\/ -->\n<title>Un double anniversaire f\u00eat\u00e9 le 29 avril \u00e0 la pr\u00e9fecture de Grenoble\u00a0 - Elles Aussi<\/title>\n<meta name=\"robots\" content=\"index, follow, max-snippet:-1, max-image-preview:large, max-video-preview:-1\" \/>\n<link rel=\"canonical\" href=\"https:\/\/www.ellesaussi.org\/?p=3568\" \/>\n<meta property=\"og:locale\" content=\"fr_FR\" \/>\n<meta property=\"og:type\" content=\"article\" \/>\n<meta property=\"og:title\" content=\"Un double anniversaire f\u00eat\u00e9 le 29 avril \u00e0 la pr\u00e9fecture de Grenoble\u00a0 - Elles Aussi\" \/>\n<meta property=\"og:description\" content=\"Nathalie B\u00e9ranger pr\u00e9sente le g\u00e2teau d\u2019anniversaire Les 80 ans du premier vote des femmes et les 80 ans de la premi\u00e8re association de femmes \u00e9lues locales, l\u2019association des femmes \u00e9lues de l\u2019Is\u00e8re (afei) \u00a0\u00a0\u00a0\u00a0\u00a0\u00a0\u00a0\u00a0\u00a0\u00a0\u00a0\u00a0\u00a0\u00a0\u00a0\u00a0Des membres du bureau de l\u2019afei C\u2019est sous le patronage de Catherine Seguin, premi\u00e8re femme pr\u00e9f\u00e8te de l\u2019Is\u00e8re, et de Nathalie B\u00e9ranger, [&hellip;]\" \/>\n<meta property=\"og:url\" content=\"https:\/\/www.ellesaussi.org\/?p=3568\" \/>\n<meta property=\"og:site_name\" content=\"Elles Aussi\" \/>\n<meta property=\"article:publisher\" content=\"https:\/\/www.facebook.com\/ellesaussi\/\" \/>\n<meta property=\"article:published_time\" content=\"2025-04-29T18:33:40+00:00\" \/>\n<meta property=\"article:modified_time\" content=\"2025-05-12T18:58:43+00:00\" \/>\n<meta property=\"og:image\" content=\"https:\/\/www.ellesaussi.org\/wp-content\/uploads\/2025\/05\/Un-double-anniversaire-fete-le-29-avril-a-la-prefecture-de-Grenoble-01.jpg\" \/>\n\t<meta property=\"og:image:width\" content=\"489\" \/>\n\t<meta property=\"og:image:height\" content=\"652\" \/>\n\t<meta property=\"og:image:type\" content=\"image\/jpeg\" \/>\n<meta name=\"author\" content=\"admin\" \/>\n<meta name=\"twitter:card\" content=\"summary_large_image\" \/>\n<meta name=\"twitter:label1\" content=\"\u00c9crit par\" \/>\n\t<meta name=\"twitter:data1\" content=\"admin\" \/>\n\t<meta name=\"twitter:label2\" content=\"Dur\u00e9e de lecture estim\u00e9e\" \/>\n\t<meta name=\"twitter:data2\" content=\"3 minutes\" \/>\n<script type=\"application\/ld+json\" class=\"yoast-schema-graph\">{\"@context\":\"https:\/\/schema.org\",\"@graph\":[{\"@type\":\"Article\",\"@id\":\"https:\/\/www.ellesaussi.org\/?p=3568#article\",\"isPartOf\":{\"@id\":\"https:\/\/www.ellesaussi.org\/?p=3568\"},\"author\":{\"name\":\"admin\",\"@id\":\"https:\/\/www.ellesaussi.org\/#\/schema\/person\/eeca4be50db30b5dbb39f78fc3364160\"},\"headline\":\"Un double anniversaire f\u00eat\u00e9 le 29 avril \u00e0 la pr\u00e9fecture de Grenoble\u00a0\",\"datePublished\":\"2025-04-29T18:33:40+00:00\",\"dateModified\":\"2025-05-12T18:58:43+00:00\",\"mainEntityOfPage\":{\"@id\":\"https:\/\/www.ellesaussi.org\/?p=3568\"},\"wordCount\":430,\"publisher\":{\"@id\":\"https:\/\/www.ellesaussi.org\/#organization\"},\"image\":{\"@id\":\"https:\/\/www.ellesaussi.org\/?p=3568#primaryimage\"},\"thumbnailUrl\":\"https:\/\/www.ellesaussi.org\/wp-content\/uploads\/2025\/05\/Un-double-anniversaire-fete-le-29-avril-a-la-prefecture-de-Grenoble-01.jpg\",\"articleSection\":[\"Chronique de la parit\u00e9\",\"Elles aussi en r\u00e9gion\"],\"inLanguage\":\"fr-FR\"},{\"@type\":\"WebPage\",\"@id\":\"https:\/\/www.ellesaussi.org\/?p=3568\",\"url\":\"https:\/\/www.ellesaussi.org\/?p=3568\",\"name\":\"Un double anniversaire f\u00eat\u00e9 le 29 avril \u00e0 la pr\u00e9fecture de Grenoble\u00a0 - Elles Aussi\",\"isPartOf\":{\"@id\":\"https:\/\/www.ellesaussi.org\/#website\"},\"primaryImageOfPage\":{\"@id\":\"https:\/\/www.ellesaussi.org\/?p=3568#primaryimage\"},\"image\":{\"@id\":\"https:\/\/www.ellesaussi.org\/?p=3568#primaryimage\"},\"thumbnailUrl\":\"https:\/\/www.ellesaussi.org\/wp-content\/uploads\/2025\/05\/Un-double-anniversaire-fete-le-29-avril-a-la-prefecture-de-Grenoble-01.jpg\",\"datePublished\":\"2025-04-29T18:33:40+00:00\",\"dateModified\":\"2025-05-12T18:58:43+00:00\",\"breadcrumb\":{\"@id\":\"https:\/\/www.ellesaussi.org\/?p=3568#breadcrumb\"},\"inLanguage\":\"fr-FR\",\"potentialAction\":[{\"@type\":\"ReadAction\",\"target\":[\"https:\/\/www.ellesaussi.org\/?p=3568\"]}]},{\"@type\":\"ImageObject\",\"inLanguage\":\"fr-FR\",\"@id\":\"https:\/\/www.ellesaussi.org\/?p=3568#primaryimage\",\"url\":\"https:\/\/www.ellesaussi.org\/wp-content\/uploads\/2025\/05\/Un-double-anniversaire-fete-le-29-avril-a-la-prefecture-de-Grenoble-01.jpg\",\"contentUrl\":\"https:\/\/www.ellesaussi.org\/wp-content\/uploads\/2025\/05\/Un-double-anniversaire-fete-le-29-avril-a-la-prefecture-de-Grenoble-01.jpg\",\"width\":489,\"height\":652},{\"@type\":\"BreadcrumbList\",\"@id\":\"https:\/\/www.ellesaussi.org\/?p=3568#breadcrumb\",\"itemListElement\":[{\"@type\":\"ListItem\",\"position\":1,\"name\":\"Accueil\",\"item\":\"https:\/\/www.ellesaussi.org\/\"},{\"@type\":\"ListItem\",\"position\":2,\"name\":\"Un double anniversaire f\u00eat\u00e9 le 29 avril \u00e0 la pr\u00e9fecture de Grenoble\u00a0\"}]},{\"@type\":\"WebSite\",\"@id\":\"https:\/\/www.ellesaussi.org\/#website\",\"url\":\"https:\/\/www.ellesaussi.org\/\",\"name\":\"Elles Aussi\",\"description\":\"\",\"publisher\":{\"@id\":\"https:\/\/www.ellesaussi.org\/#organization\"},\"potentialAction\":[{\"@type\":\"SearchAction\",\"target\":{\"@type\":\"EntryPoint\",\"urlTemplate\":\"https:\/\/www.ellesaussi.org\/?s={search_term_string}\"},\"query-input\":\"required name=search_term_string\"}],\"inLanguage\":\"fr-FR\"},{\"@type\":\"Organization\",\"@id\":\"https:\/\/www.ellesaussi.org\/#organization\",\"name\":\"Elles Aussi\",\"url\":\"https:\/\/www.ellesaussi.org\/\",\"logo\":{\"@type\":\"ImageObject\",\"inLanguage\":\"fr-FR\",\"@id\":\"https:\/\/www.ellesaussi.org\/#\/schema\/logo\/image\/\",\"url\":\"https:\/\/www.ellesaussi.org\/wp-content\/uploads\/2024\/05\/Elles-aussi_logotype_rouge.png\",\"contentUrl\":\"https:\/\/www.ellesaussi.org\/wp-content\/uploads\/2024\/05\/Elles-aussi_logotype_rouge.png\",\"width\":3472,\"height\":2480,\"caption\":\"Elles Aussi\"},\"image\":{\"@id\":\"https:\/\/www.ellesaussi.org\/#\/schema\/logo\/image\/\"},\"sameAs\":[\"https:\/\/www.facebook.com\/ellesaussi\/\"]},{\"@type\":\"Person\",\"@id\":\"https:\/\/www.ellesaussi.org\/#\/schema\/person\/eeca4be50db30b5dbb39f78fc3364160\",\"name\":\"admin\",\"image\":{\"@type\":\"ImageObject\",\"inLanguage\":\"fr-FR\",\"@id\":\"https:\/\/www.ellesaussi.org\/#\/schema\/person\/image\/\",\"url\":\"https:\/\/secure.gravatar.com\/avatar\/62da4937aa6d6b509192861c0b966204a1b742b2814f6387fa08fe6c98a8729c?s=96&d=mm&r=g\",\"contentUrl\":\"https:\/\/secure.gravatar.com\/avatar\/62da4937aa6d6b509192861c0b966204a1b742b2814f6387fa08fe6c98a8729c?s=96&d=mm&r=g\",\"caption\":\"admin\"},\"sameAs\":[\"https:\/\/elles129186.webdb78.lwspanel.com\"],\"url\":\"https:\/\/www.ellesaussi.org\/?author=1\"}]}<\/script>\n<!-- \/ Yoast SEO plugin. -->","yoast_head_json":{"title":"Un double anniversaire f\u00eat\u00e9 le 29 avril \u00e0 la pr\u00e9fecture de Grenoble\u00a0 - Elles Aussi","robots":{"index":"index","follow":"follow","max-snippet":"max-snippet:-1","max-image-preview":"max-image-preview:large","max-video-preview":"max-video-preview:-1"},"canonical":"https:\/\/www.ellesaussi.org\/?p=3568","og_locale":"fr_FR","og_type":"article","og_title":"Un double anniversaire f\u00eat\u00e9 le 29 avril \u00e0 la pr\u00e9fecture de Grenoble\u00a0 - Elles Aussi","og_description":"Nathalie B\u00e9ranger pr\u00e9sente le g\u00e2teau d\u2019anniversaire Les 80 ans du premier vote des femmes et les 80 ans de la premi\u00e8re association de femmes \u00e9lues locales, l\u2019association des femmes \u00e9lues de l\u2019Is\u00e8re (afei) \u00a0\u00a0\u00a0\u00a0\u00a0\u00a0\u00a0\u00a0\u00a0\u00a0\u00a0\u00a0\u00a0\u00a0\u00a0\u00a0Des membres du bureau de l\u2019afei C\u2019est sous le patronage de Catherine Seguin, premi\u00e8re femme pr\u00e9f\u00e8te de l\u2019Is\u00e8re, et de Nathalie B\u00e9ranger, [&hellip;]","og_url":"https:\/\/www.ellesaussi.org\/?p=3568","og_site_name":"Elles Aussi","article_publisher":"https:\/\/www.facebook.com\/ellesaussi\/","article_published_time":"2025-04-29T18:33:40+00:00","article_modified_time":"2025-05-12T18:58:43+00:00","og_image":[{"width":489,"height":652,"url":"https:\/\/www.ellesaussi.org\/wp-content\/uploads\/2025\/05\/Un-double-anniversaire-fete-le-29-avril-a-la-prefecture-de-Grenoble-01.jpg","type":"image\/jpeg"}],"author":"admin","twitter_card":"summary_large_image","twitter_misc":{"\u00c9crit par":"admin","Dur\u00e9e de lecture estim\u00e9e":"3 minutes"},"schema":{"@context":"https:\/\/schema.org","@graph":[{"@type":"Article","@id":"https:\/\/www.ellesaussi.org\/?p=3568#article","isPartOf":{"@id":"https:\/\/www.ellesaussi.org\/?p=3568"},"author":{"name":"admin","@id":"https:\/\/www.ellesaussi.org\/#\/schema\/person\/eeca4be50db30b5dbb39f78fc3364160"},"headline":"Un double anniversaire f\u00eat\u00e9 le 29 avril \u00e0 la pr\u00e9fecture de Grenoble\u00a0","datePublished":"2025-04-29T18:33:40+00:00","dateModified":"2025-05-12T18:58:43+00:00","mainEntityOfPage":{"@id":"https:\/\/www.ellesaussi.org\/?p=3568"},"wordCount":430,"publisher":{"@id":"https:\/\/www.ellesaussi.org\/#organization"},"image":{"@id":"https:\/\/www.ellesaussi.org\/?p=3568#primaryimage"},"thumbnailUrl":"https:\/\/www.ellesaussi.org\/wp-content\/uploads\/2025\/05\/Un-double-anniversaire-fete-le-29-avril-a-la-prefecture-de-Grenoble-01.jpg","articleSection":["Chronique de la parit\u00e9","Elles aussi en r\u00e9gion"],"inLanguage":"fr-FR"},{"@type":"WebPage","@id":"https:\/\/www.ellesaussi.org\/?p=3568","url":"https:\/\/www.ellesaussi.org\/?p=3568","name":"Un double anniversaire f\u00eat\u00e9 le 29 avril \u00e0 la pr\u00e9fecture de Grenoble\u00a0 - Elles Aussi","isPartOf":{"@id":"https:\/\/www.ellesaussi.org\/#website"},"primaryImageOfPage":{"@id":"https:\/\/www.ellesaussi.org\/?p=3568#primaryimage"},"image":{"@id":"https:\/\/www.ellesaussi.org\/?p=3568#primaryimage"},"thumbnailUrl":"https:\/\/www.ellesaussi.org\/wp-content\/uploads\/2025\/05\/Un-double-anniversaire-fete-le-29-avril-a-la-prefecture-de-Grenoble-01.jpg","datePublished":"2025-04-29T18:33:40+00:00","dateModified":"2025-05-12T18:58:43+00:00","breadcrumb":{"@id":"https:\/\/www.ellesaussi.org\/?p=3568#breadcrumb"},"inLanguage":"fr-FR","potentialAction":[{"@type":"ReadAction","target":["https:\/\/www.ellesaussi.org\/?p=3568"]}]},{"@type":"ImageObject","inLanguage":"fr-FR","@id":"https:\/\/www.ellesaussi.org\/?p=3568#primaryimage","url":"https:\/\/www.ellesaussi.org\/wp-content\/uploads\/2025\/05\/Un-double-anniversaire-fete-le-29-avril-a-la-prefecture-de-Grenoble-01.jpg","contentUrl":"https:\/\/www.ellesaussi.org\/wp-content\/uploads\/2025\/05\/Un-double-anniversaire-fete-le-29-avril-a-la-prefecture-de-Grenoble-01.jpg","width":489,"height":652},{"@type":"BreadcrumbList","@id":"https:\/\/www.ellesaussi.org\/?p=3568#breadcrumb","itemListElement":[{"@type":"ListItem","position":1,"name":"Accueil","item":"https:\/\/www.ellesaussi.org\/"},{"@type":"ListItem","position":2,"name":"Un double anniversaire f\u00eat\u00e9 le 29 avril \u00e0 la pr\u00e9fecture de Grenoble\u00a0"}]},{"@type":"WebSite","@id":"https:\/\/www.ellesaussi.org\/#website","url":"https:\/\/www.ellesaussi.org\/","name":"Elles Aussi","description":"","publisher":{"@id":"https:\/\/www.ellesaussi.org\/#organization"},"potentialAction":[{"@type":"SearchAction","target":{"@type":"EntryPoint","urlTemplate":"https:\/\/www.ellesaussi.org\/?s={search_term_string}"},"query-input":"required name=search_term_string"}],"inLanguage":"fr-FR"},{"@type":"Organization","@id":"https:\/\/www.ellesaussi.org\/#organization","name":"Elles Aussi","url":"https:\/\/www.ellesaussi.org\/","logo":{"@type":"ImageObject","inLanguage":"fr-FR","@id":"https:\/\/www.ellesaussi.org\/#\/schema\/logo\/image\/","url":"https:\/\/www.ellesaussi.org\/wp-content\/uploads\/2024\/05\/Elles-aussi_logotype_rouge.png","contentUrl":"https:\/\/www.ellesaussi.org\/wp-content\/uploads\/2024\/05\/Elles-aussi_logotype_rouge.png","width":3472,"height":2480,"caption":"Elles Aussi"},"image":{"@id":"https:\/\/www.ellesaussi.org\/#\/schema\/logo\/image\/"},"sameAs":["https:\/\/www.facebook.com\/ellesaussi\/"]},{"@type":"Person","@id":"https:\/\/www.ellesaussi.org\/#\/schema\/person\/eeca4be50db30b5dbb39f78fc3364160","name":"admin","image":{"@type":"ImageObject","inLanguage":"fr-FR","@id":"https:\/\/www.ellesaussi.org\/#\/schema\/person\/image\/","url":"https:\/\/secure.gravatar.com\/avatar\/62da4937aa6d6b509192861c0b966204a1b742b2814f6387fa08fe6c98a8729c?s=96&d=mm&r=g","contentUrl":"https:\/\/secure.gravatar.com\/avatar\/62da4937aa6d6b509192861c0b966204a1b742b2814f6387fa08fe6c98a8729c?s=96&d=mm&r=g","caption":"admin"},"sameAs":["https:\/\/elles129186.webdb78.lwspanel.com"],"url":"https:\/\/www.ellesaussi.org\/?author=1"}]}},"_links":{"self":[{"href":"https:\/\/www.ellesaussi.org\/index.php?rest_route=\/wp\/v2\/posts\/3568","targetHints":{"allow":["GET"]}}],"collection":[{"href":"https:\/\/www.ellesaussi.org\/index.php?rest_route=\/wp\/v2\/posts"}],"about":[{"href":"https:\/\/www.ellesaussi.org\/index.php?rest_route=\/wp\/v2\/types\/post"}],"author":[{"embeddable":true,"href":"https:\/\/www.ellesaussi.org\/index.php?rest_route=\/wp\/v2\/users\/1"}],"replies":[{"embeddable":true,"href":"https:\/\/www.ellesaussi.org\/index.php?rest_route=%2Fwp%2Fv2%2Fcomments&post=3568"}],"version-history":[{"count":10,"href":"https:\/\/www.ellesaussi.org\/index.php?rest_route=\/wp\/v2\/posts\/3568\/revisions"}],"predecessor-version":[{"id":3615,"href":"https:\/\/www.ellesaussi.org\/index.php?rest_route=\/wp\/v2\/posts\/3568\/revisions\/3615"}],"wp:featuredmedia":[{"embeddable":true,"href":"https:\/\/www.ellesaussi.org\/index.php?rest_route=\/wp\/v2\/media\/3569"}],"wp:attachment":[{"href":"https:\/\/www.ellesaussi.org\/index.php?rest_route=%2Fwp%2Fv2%2Fmedia&parent=3568"}],"wp:term":[{"taxonomy":"category","embeddable":true,"href":"https:\/\/www.ellesaussi.org\/index.php?rest_route=%2Fwp%2Fv2%2Fcategories&post=3568"},{"taxonomy":"post_tag","embeddable":true,"href":"https:\/\/www.ellesaussi.org\/index.php?rest_route=%2Fwp%2Fv2%2Ftags&post=3568"}],"curies":[{"name":"wp","href":"https:\/\/api.w.org\/{rel}","templated":true}]}}