{"id":3540,"date":"2025-04-07T18:26:14","date_gmt":"2025-04-07T16:26:14","guid":{"rendered":"https:\/\/www.ellesaussi.org\/?p=3540"},"modified":"2025-04-09T18:34:08","modified_gmt":"2025-04-09T16:34:08","slug":"enfin-la-parite-pour-toutes-les-communes","status":"publish","type":"post","link":"https:\/\/www.ellesaussi.org\/?p=3540","title":{"rendered":"Enfin la parit\u00e9 pour toutes les communes !"},"content":{"rendered":"\t\t<div data-elementor-type=\"wp-post\" data-elementor-id=\"3540\" class=\"elementor elementor-3540\" data-elementor-post-type=\"post\">\n\t\t\t\t<div class=\"elementor-element elementor-element-f9a3efc e-flex e-con-boxed e-con e-parent\" data-id=\"f9a3efc\" data-element_type=\"container\">\n\t\t\t\t\t<div class=\"e-con-inner\">\n\t\t\t\t<div class=\"elementor-element elementor-element-2a19dd1 elementor-widget elementor-widget-text-editor\" data-id=\"2a19dd1\" data-element_type=\"widget\" data-widget_type=\"text-editor.default\">\n\t\t\t\t<div class=\"elementor-widget-container\">\n\t\t\t\t\t\t\t<p>Depuis une vingtaine d\u2019ann\u00e9e, le r\u00e9seau <span style=\"color: #f15b43;\">Elles aussi<\/span> r\u00e9clamait l\u2019adoption d\u2019un scrutin de liste avec stricte alternance femmes-hommes pour les \u00e9lections municipales quel que soit le nombre d\u2019habitants de la commune. Apr\u00e8s avoir \u00e9t\u00e9 auditionn\u00e9 sur le r\u00e9sultat de ses \u00e9tudes et ses recommandations par les D\u00e9l\u00e9gations aux droits des femmes et \u00e0 l\u2019Egalit\u00e9, les d\u00e9l\u00e9gations aux Collectivit\u00e9s territoriales du S\u00e9nat et de l\u2019Assembl\u00e9e nationale, <span style=\"color: #f15b43;\">Elles aussi<\/span> se r\u00e9jouit du vote de cette loi, un progr\u00e8s de d\u00e9mocratie locale m\u00eame s\u2019il reste encore \u00e0 l\u00e9gif\u00e9rer sur un fonctionnement paritaire des intercommunalit\u00e9s.<br \/><br \/>Apr\u00e8s diff\u00e9rentes tentatives au S\u00e9nat et \u00e0 l\u2019Assembl\u00e9e nationale, une loi mettant d\u2019accord les deux chambres du Parlement a enfin \u00e9t\u00e9 vot\u00e9e le 7 avril 2025. Une \u00e9volution qui \u00e9tait fortement encourag\u00e9e par l\u2019association des maires ruraux de France, l\u2019association des maires de France, Intercommunalit\u00e9s de France et le Haut Conseil \u00e0 l\u2019\u00e9galit\u00e9 Femmes\/Hommes.<br \/><br \/>Notre constante vigilance et notre mobilisation ont enfin port\u00e9 leurs fruits.<br \/><br \/>La suite ? Plus de femmes dans les conseils et les ex\u00e9cutifs des Etablissements Publics de Coop\u00e9ration Intercommunale et une am\u00e9lioration du statut de l\u2019\u00e9lu\u00b7e local\u00b7e.<br \/><br \/>Ci-dessous retrouvez la publication sur Facebook du S\u00e9nateur des Landes, co-rapporteur de la loi au S\u00e9nat, <strong>\u00c9ric Kerrouche<\/strong>, que nous avions re\u00e7u il y a deux mois dans nos locaux parisiens lors du s\u00e9minaire des groupes locaux d\u2019<span style=\"color: #f15b43;\">Elles aussi<\/span>.<br \/><br \/><span style=\"color: #f15b43;\">SCRUTIN DE LISTE PARITAIRE DANS TOUTES LES COMMUNES<br \/><\/span> <br \/>Une avanc\u00e9e pour la d\u00e9mocratie locale<br \/>\u00ab Aujourd\u2019hui, l\u2019Assembl\u00e9e nationale a adopt\u00e9 en termes conformes \u00e0 ceux du S\u00e9nat, le texte visant \u00e0 \u00e9tendre le scrutin de liste aux communes de moins de 1000 habitants. <em><span style=\"color: #f15b43;\">Ce texte rentrera en application lors du renouvellement g\u00e9n\u00e9ral de 2026. Il constitue un pas de plus pour la d\u00e9mocratie locale.<\/span><\/em><br \/>Face \u00e0 la crise de l\u2019engagement local, qui se traduit par une double tendance \u00e0 la baisse du nombre de candidats aux \u00e9lections municipales, et \u00e0 la hausse du nombre de d\u00e9missions, le Parlement apporte de nouvelles r\u00e9ponses l\u00e9gislatives : d\u2019une part, en mars 2024, la proposition de loi s\u00e9natoriale relative au statut de l\u2019\u00e9lu local, en attente d\u2019examen, et d\u2019autre part, la g\u00e9n\u00e9ralisation du scrutin de liste aux municipales. Deux textes dont je suis co-rapporteur au S\u00e9nat.<\/p><p>Je me f\u00e9licite de l\u2019adoption du texte de ce jour, soutenu de mani\u00e8re unanime par l\u2019AMRF, l\u2019AMF, Intercommunalit\u00e9s de France et le Haut conseil \u00e0 l\u2019\u00e9galit\u00e9 entre les femmes et les hommes. \u00c0 titre personnel, c\u2019est le fruit d\u2019un travail que je m\u00e8ne depuis 2019. <br \/>Cette proposition est profond\u00e9ment d\u00e9mocratique. La fin du panachage est une avanc\u00e9e. Cette pratique qui implique de rayer un nom sur une liste transforme un vote d\u2019adh\u00e9sion en un vote sanction, sans garantir l\u2019unit\u00e9 de l\u2019\u00e9quipe municipale. <em><span style=\"color: #f15b43;\">A l\u2019inverse, le scrutin de liste va prot\u00e9ger les maires et garantir la coh\u00e9sion municipale autour d\u2019un projet commun.<\/span><\/em><\/p><p>En outre, ce mode de scrutin sort ces quelques 25 000 communes d\u2019une \u00ab zone blanche \u00bb de l\u2019exigence constitutionnelle de parit\u00e9. <span style=\"color: #f15b43;\"><em>A chaque avanc\u00e9e, des voix s\u2019\u00e9l\u00e8vent pour pr\u00e9tendre que l\u2019objectif de parit\u00e9 est louable mais irr\u00e9aliste. Et \u00e0 chaque fois, les citoyens d\u00e9montrent que ces objectifs cruciaux sont largement accessibles et que la parit\u00e9 r\u00e9elle est possible.<\/em><\/span><\/p><p><span style=\"color: #f15b43;\">Des dispositions de souplesse<\/span> <span style=\"color: #f15b43;\">ont \u00e9t\u00e9 pr\u00e9vues<\/span> pour une adaptation de ce mode de scrutin \u00e0 la taille de la commune, notamment en permettant une incompl\u00e9tude des listes de candidats. Je regrette n\u00e9anmoins que le syst\u00e8me de fl\u00e9chage pour la d\u00e9signation des d\u00e9l\u00e9gu\u00e9s communautaires ait \u00e9t\u00e9 supprim\u00e9 alors qu\u2019il permet aux \u00e9lecteurs de savoir qui si\u00e8gera au sein de l\u2019intercommunalit\u00e9. <br \/><em><span style=\"color: #f15b43;\">Ce texte a \u00e9t\u00e9 adopt\u00e9 \u00e0 temps pour une application en 2026. Il faut esp\u00e9rer que celui sur le statut de l\u2019\u00e9lu, en attente d\u2019examen \u00e0 l\u2019Assembl\u00e9e nationale, le soit \u00e9galement rapidement.<\/span><\/em> \u00bb<\/p>\t\t\t\t\t\t<\/div>\n\t\t\t\t<\/div>\n\t\t\t\t\t<\/div>\n\t\t\t\t<\/div>\n\t\t\t\t<\/div>\n\t\t","protected":false},"excerpt":{"rendered":"<p>Depuis une vingtaine d\u2019ann\u00e9e, le r\u00e9seau Elles aussi r\u00e9clamait l\u2019adoption d\u2019un scrutin de liste avec stricte alternance femmes-hommes pour les \u00e9lections municipales quel que soit le nombre d\u2019habitants de la commune. Apr\u00e8s avoir \u00e9t\u00e9 auditionn\u00e9 sur le r\u00e9sultat de ses \u00e9tudes et ses recommandations par les D\u00e9l\u00e9gations aux droits des femmes et \u00e0 l\u2019Egalit\u00e9, les [&hellip;]<\/p>\n","protected":false},"author":1,"featured_media":3541,"comment_status":"closed","ping_status":"closed","sticky":false,"template":"","format":"standard","meta":{"footnotes":""},"categories":[38],"tags":[],"class_list":["post-3540","post","type-post","status-publish","format-standard","has-post-thumbnail","hentry","category-chronique-de-la-parite"],"yoast_head":"<!-- This site is optimized with the Yoast SEO plugin v22.8 - https:\/\/yoast.com\/wordpress\/plugins\/seo\/ -->\n<title>Enfin la parit\u00e9 pour toutes les communes ! - Elles Aussi<\/title>\n<meta name=\"robots\" content=\"index, follow, max-snippet:-1, max-image-preview:large, max-video-preview:-1\" \/>\n<link rel=\"canonical\" href=\"https:\/\/www.ellesaussi.org\/?p=3540\" \/>\n<meta property=\"og:locale\" content=\"fr_FR\" \/>\n<meta property=\"og:type\" content=\"article\" \/>\n<meta property=\"og:title\" content=\"Enfin la parit\u00e9 pour toutes les communes ! - Elles Aussi\" \/>\n<meta property=\"og:description\" content=\"Depuis une vingtaine d\u2019ann\u00e9e, le r\u00e9seau Elles aussi r\u00e9clamait l\u2019adoption d\u2019un scrutin de liste avec stricte alternance femmes-hommes pour les \u00e9lections municipales quel que soit le nombre d\u2019habitants de la commune. Apr\u00e8s avoir \u00e9t\u00e9 auditionn\u00e9 sur le r\u00e9sultat de ses \u00e9tudes et ses recommandations par les D\u00e9l\u00e9gations aux droits des femmes et \u00e0 l\u2019Egalit\u00e9, les [&hellip;]\" \/>\n<meta property=\"og:url\" content=\"https:\/\/www.ellesaussi.org\/?p=3540\" \/>\n<meta property=\"og:site_name\" content=\"Elles Aussi\" \/>\n<meta property=\"article:publisher\" content=\"https:\/\/www.facebook.com\/ellesaussi\/\" \/>\n<meta property=\"article:published_time\" content=\"2025-04-07T16:26:14+00:00\" \/>\n<meta property=\"article:modified_time\" content=\"2025-04-09T16:34:08+00:00\" \/>\n<meta property=\"og:image\" content=\"https:\/\/www.ellesaussi.org\/wp-content\/uploads\/2025\/04\/Logo_de_Assemblee_nationale_francaise.png\" \/>\n\t<meta property=\"og:image:width\" content=\"1024\" \/>\n\t<meta property=\"og:image:height\" content=\"906\" \/>\n\t<meta property=\"og:image:type\" content=\"image\/png\" \/>\n<meta name=\"author\" content=\"admin\" \/>\n<meta name=\"twitter:card\" content=\"summary_large_image\" \/>\n<meta name=\"twitter:label1\" content=\"\u00c9crit par\" \/>\n\t<meta name=\"twitter:data1\" content=\"admin\" \/>\n\t<meta name=\"twitter:label2\" content=\"Dur\u00e9e de lecture estim\u00e9e\" \/>\n\t<meta name=\"twitter:data2\" content=\"4 minutes\" \/>\n<script type=\"application\/ld+json\" class=\"yoast-schema-graph\">{\"@context\":\"https:\/\/schema.org\",\"@graph\":[{\"@type\":\"Article\",\"@id\":\"https:\/\/www.ellesaussi.org\/?p=3540#article\",\"isPartOf\":{\"@id\":\"https:\/\/www.ellesaussi.org\/?p=3540\"},\"author\":{\"name\":\"admin\",\"@id\":\"https:\/\/www.ellesaussi.org\/#\/schema\/person\/eeca4be50db30b5dbb39f78fc3364160\"},\"headline\":\"Enfin la parit\u00e9 pour toutes les communes !\",\"datePublished\":\"2025-04-07T16:26:14+00:00\",\"dateModified\":\"2025-04-09T16:34:08+00:00\",\"mainEntityOfPage\":{\"@id\":\"https:\/\/www.ellesaussi.org\/?p=3540\"},\"wordCount\":712,\"publisher\":{\"@id\":\"https:\/\/www.ellesaussi.org\/#organization\"},\"image\":{\"@id\":\"https:\/\/www.ellesaussi.org\/?p=3540#primaryimage\"},\"thumbnailUrl\":\"https:\/\/www.ellesaussi.org\/wp-content\/uploads\/2025\/04\/Logo_de_Assemblee_nationale_francaise.png\",\"articleSection\":[\"Chronique de la parit\u00e9\"],\"inLanguage\":\"fr-FR\"},{\"@type\":\"WebPage\",\"@id\":\"https:\/\/www.ellesaussi.org\/?p=3540\",\"url\":\"https:\/\/www.ellesaussi.org\/?p=3540\",\"name\":\"Enfin la parit\u00e9 pour toutes les communes ! - Elles Aussi\",\"isPartOf\":{\"@id\":\"https:\/\/www.ellesaussi.org\/#website\"},\"primaryImageOfPage\":{\"@id\":\"https:\/\/www.ellesaussi.org\/?p=3540#primaryimage\"},\"image\":{\"@id\":\"https:\/\/www.ellesaussi.org\/?p=3540#primaryimage\"},\"thumbnailUrl\":\"https:\/\/www.ellesaussi.org\/wp-content\/uploads\/2025\/04\/Logo_de_Assemblee_nationale_francaise.png\",\"datePublished\":\"2025-04-07T16:26:14+00:00\",\"dateModified\":\"2025-04-09T16:34:08+00:00\",\"breadcrumb\":{\"@id\":\"https:\/\/www.ellesaussi.org\/?p=3540#breadcrumb\"},\"inLanguage\":\"fr-FR\",\"potentialAction\":[{\"@type\":\"ReadAction\",\"target\":[\"https:\/\/www.ellesaussi.org\/?p=3540\"]}]},{\"@type\":\"ImageObject\",\"inLanguage\":\"fr-FR\",\"@id\":\"https:\/\/www.ellesaussi.org\/?p=3540#primaryimage\",\"url\":\"https:\/\/www.ellesaussi.org\/wp-content\/uploads\/2025\/04\/Logo_de_Assemblee_nationale_francaise.png\",\"contentUrl\":\"https:\/\/www.ellesaussi.org\/wp-content\/uploads\/2025\/04\/Logo_de_Assemblee_nationale_francaise.png\",\"width\":1024,\"height\":906},{\"@type\":\"BreadcrumbList\",\"@id\":\"https:\/\/www.ellesaussi.org\/?p=3540#breadcrumb\",\"itemListElement\":[{\"@type\":\"ListItem\",\"position\":1,\"name\":\"Accueil\",\"item\":\"https:\/\/www.ellesaussi.org\/\"},{\"@type\":\"ListItem\",\"position\":2,\"name\":\"Enfin la parit\u00e9 pour toutes les communes !\"}]},{\"@type\":\"WebSite\",\"@id\":\"https:\/\/www.ellesaussi.org\/#website\",\"url\":\"https:\/\/www.ellesaussi.org\/\",\"name\":\"Elles Aussi\",\"description\":\"\",\"publisher\":{\"@id\":\"https:\/\/www.ellesaussi.org\/#organization\"},\"potentialAction\":[{\"@type\":\"SearchAction\",\"target\":{\"@type\":\"EntryPoint\",\"urlTemplate\":\"https:\/\/www.ellesaussi.org\/?s={search_term_string}\"},\"query-input\":\"required name=search_term_string\"}],\"inLanguage\":\"fr-FR\"},{\"@type\":\"Organization\",\"@id\":\"https:\/\/www.ellesaussi.org\/#organization\",\"name\":\"Elles Aussi\",\"url\":\"https:\/\/www.ellesaussi.org\/\",\"logo\":{\"@type\":\"ImageObject\",\"inLanguage\":\"fr-FR\",\"@id\":\"https:\/\/www.ellesaussi.org\/#\/schema\/logo\/image\/\",\"url\":\"https:\/\/www.ellesaussi.org\/wp-content\/uploads\/2024\/05\/Elles-aussi_logotype_rouge.png\",\"contentUrl\":\"https:\/\/www.ellesaussi.org\/wp-content\/uploads\/2024\/05\/Elles-aussi_logotype_rouge.png\",\"width\":3472,\"height\":2480,\"caption\":\"Elles Aussi\"},\"image\":{\"@id\":\"https:\/\/www.ellesaussi.org\/#\/schema\/logo\/image\/\"},\"sameAs\":[\"https:\/\/www.facebook.com\/ellesaussi\/\"]},{\"@type\":\"Person\",\"@id\":\"https:\/\/www.ellesaussi.org\/#\/schema\/person\/eeca4be50db30b5dbb39f78fc3364160\",\"name\":\"admin\",\"image\":{\"@type\":\"ImageObject\",\"inLanguage\":\"fr-FR\",\"@id\":\"https:\/\/www.ellesaussi.org\/#\/schema\/person\/image\/\",\"url\":\"https:\/\/secure.gravatar.com\/avatar\/62da4937aa6d6b509192861c0b966204a1b742b2814f6387fa08fe6c98a8729c?s=96&d=mm&r=g\",\"contentUrl\":\"https:\/\/secure.gravatar.com\/avatar\/62da4937aa6d6b509192861c0b966204a1b742b2814f6387fa08fe6c98a8729c?s=96&d=mm&r=g\",\"caption\":\"admin\"},\"sameAs\":[\"https:\/\/elles129186.webdb78.lwspanel.com\"],\"url\":\"https:\/\/www.ellesaussi.org\/?author=1\"}]}<\/script>\n<!-- \/ Yoast SEO plugin. -->","yoast_head_json":{"title":"Enfin la parit\u00e9 pour toutes les communes ! - Elles Aussi","robots":{"index":"index","follow":"follow","max-snippet":"max-snippet:-1","max-image-preview":"max-image-preview:large","max-video-preview":"max-video-preview:-1"},"canonical":"https:\/\/www.ellesaussi.org\/?p=3540","og_locale":"fr_FR","og_type":"article","og_title":"Enfin la parit\u00e9 pour toutes les communes ! - Elles Aussi","og_description":"Depuis une vingtaine d\u2019ann\u00e9e, le r\u00e9seau Elles aussi r\u00e9clamait l\u2019adoption d\u2019un scrutin de liste avec stricte alternance femmes-hommes pour les \u00e9lections municipales quel que soit le nombre d\u2019habitants de la commune. Apr\u00e8s avoir \u00e9t\u00e9 auditionn\u00e9 sur le r\u00e9sultat de ses \u00e9tudes et ses recommandations par les D\u00e9l\u00e9gations aux droits des femmes et \u00e0 l\u2019Egalit\u00e9, les [&hellip;]","og_url":"https:\/\/www.ellesaussi.org\/?p=3540","og_site_name":"Elles Aussi","article_publisher":"https:\/\/www.facebook.com\/ellesaussi\/","article_published_time":"2025-04-07T16:26:14+00:00","article_modified_time":"2025-04-09T16:34:08+00:00","og_image":[{"width":1024,"height":906,"url":"https:\/\/www.ellesaussi.org\/wp-content\/uploads\/2025\/04\/Logo_de_Assemblee_nationale_francaise.png","type":"image\/png"}],"author":"admin","twitter_card":"summary_large_image","twitter_misc":{"\u00c9crit par":"admin","Dur\u00e9e de lecture estim\u00e9e":"4 minutes"},"schema":{"@context":"https:\/\/schema.org","@graph":[{"@type":"Article","@id":"https:\/\/www.ellesaussi.org\/?p=3540#article","isPartOf":{"@id":"https:\/\/www.ellesaussi.org\/?p=3540"},"author":{"name":"admin","@id":"https:\/\/www.ellesaussi.org\/#\/schema\/person\/eeca4be50db30b5dbb39f78fc3364160"},"headline":"Enfin la parit\u00e9 pour toutes les communes !","datePublished":"2025-04-07T16:26:14+00:00","dateModified":"2025-04-09T16:34:08+00:00","mainEntityOfPage":{"@id":"https:\/\/www.ellesaussi.org\/?p=3540"},"wordCount":712,"publisher":{"@id":"https:\/\/www.ellesaussi.org\/#organization"},"image":{"@id":"https:\/\/www.ellesaussi.org\/?p=3540#primaryimage"},"thumbnailUrl":"https:\/\/www.ellesaussi.org\/wp-content\/uploads\/2025\/04\/Logo_de_Assemblee_nationale_francaise.png","articleSection":["Chronique de la parit\u00e9"],"inLanguage":"fr-FR"},{"@type":"WebPage","@id":"https:\/\/www.ellesaussi.org\/?p=3540","url":"https:\/\/www.ellesaussi.org\/?p=3540","name":"Enfin la parit\u00e9 pour toutes les communes ! - Elles Aussi","isPartOf":{"@id":"https:\/\/www.ellesaussi.org\/#website"},"primaryImageOfPage":{"@id":"https:\/\/www.ellesaussi.org\/?p=3540#primaryimage"},"image":{"@id":"https:\/\/www.ellesaussi.org\/?p=3540#primaryimage"},"thumbnailUrl":"https:\/\/www.ellesaussi.org\/wp-content\/uploads\/2025\/04\/Logo_de_Assemblee_nationale_francaise.png","datePublished":"2025-04-07T16:26:14+00:00","dateModified":"2025-04-09T16:34:08+00:00","breadcrumb":{"@id":"https:\/\/www.ellesaussi.org\/?p=3540#breadcrumb"},"inLanguage":"fr-FR","potentialAction":[{"@type":"ReadAction","target":["https:\/\/www.ellesaussi.org\/?p=3540"]}]},{"@type":"ImageObject","inLanguage":"fr-FR","@id":"https:\/\/www.ellesaussi.org\/?p=3540#primaryimage","url":"https:\/\/www.ellesaussi.org\/wp-content\/uploads\/2025\/04\/Logo_de_Assemblee_nationale_francaise.png","contentUrl":"https:\/\/www.ellesaussi.org\/wp-content\/uploads\/2025\/04\/Logo_de_Assemblee_nationale_francaise.png","width":1024,"height":906},{"@type":"BreadcrumbList","@id":"https:\/\/www.ellesaussi.org\/?p=3540#breadcrumb","itemListElement":[{"@type":"ListItem","position":1,"name":"Accueil","item":"https:\/\/www.ellesaussi.org\/"},{"@type":"ListItem","position":2,"name":"Enfin la parit\u00e9 pour toutes les communes !"}]},{"@type":"WebSite","@id":"https:\/\/www.ellesaussi.org\/#website","url":"https:\/\/www.ellesaussi.org\/","name":"Elles Aussi","description":"","publisher":{"@id":"https:\/\/www.ellesaussi.org\/#organization"},"potentialAction":[{"@type":"SearchAction","target":{"@type":"EntryPoint","urlTemplate":"https:\/\/www.ellesaussi.org\/?s={search_term_string}"},"query-input":"required name=search_term_string"}],"inLanguage":"fr-FR"},{"@type":"Organization","@id":"https:\/\/www.ellesaussi.org\/#organization","name":"Elles Aussi","url":"https:\/\/www.ellesaussi.org\/","logo":{"@type":"ImageObject","inLanguage":"fr-FR","@id":"https:\/\/www.ellesaussi.org\/#\/schema\/logo\/image\/","url":"https:\/\/www.ellesaussi.org\/wp-content\/uploads\/2024\/05\/Elles-aussi_logotype_rouge.png","contentUrl":"https:\/\/www.ellesaussi.org\/wp-content\/uploads\/2024\/05\/Elles-aussi_logotype_rouge.png","width":3472,"height":2480,"caption":"Elles Aussi"},"image":{"@id":"https:\/\/www.ellesaussi.org\/#\/schema\/logo\/image\/"},"sameAs":["https:\/\/www.facebook.com\/ellesaussi\/"]},{"@type":"Person","@id":"https:\/\/www.ellesaussi.org\/#\/schema\/person\/eeca4be50db30b5dbb39f78fc3364160","name":"admin","image":{"@type":"ImageObject","inLanguage":"fr-FR","@id":"https:\/\/www.ellesaussi.org\/#\/schema\/person\/image\/","url":"https:\/\/secure.gravatar.com\/avatar\/62da4937aa6d6b509192861c0b966204a1b742b2814f6387fa08fe6c98a8729c?s=96&d=mm&r=g","contentUrl":"https:\/\/secure.gravatar.com\/avatar\/62da4937aa6d6b509192861c0b966204a1b742b2814f6387fa08fe6c98a8729c?s=96&d=mm&r=g","caption":"admin"},"sameAs":["https:\/\/elles129186.webdb78.lwspanel.com"],"url":"https:\/\/www.ellesaussi.org\/?author=1"}]}},"_links":{"self":[{"href":"https:\/\/www.ellesaussi.org\/index.php?rest_route=\/wp\/v2\/posts\/3540","targetHints":{"allow":["GET"]}}],"collection":[{"href":"https:\/\/www.ellesaussi.org\/index.php?rest_route=\/wp\/v2\/posts"}],"about":[{"href":"https:\/\/www.ellesaussi.org\/index.php?rest_route=\/wp\/v2\/types\/post"}],"author":[{"embeddable":true,"href":"https:\/\/www.ellesaussi.org\/index.php?rest_route=\/wp\/v2\/users\/1"}],"replies":[{"embeddable":true,"href":"https:\/\/www.ellesaussi.org\/index.php?rest_route=%2Fwp%2Fv2%2Fcomments&post=3540"}],"version-history":[{"count":7,"href":"https:\/\/www.ellesaussi.org\/index.php?rest_route=\/wp\/v2\/posts\/3540\/revisions"}],"predecessor-version":[{"id":3548,"href":"https:\/\/www.ellesaussi.org\/index.php?rest_route=\/wp\/v2\/posts\/3540\/revisions\/3548"}],"wp:featuredmedia":[{"embeddable":true,"href":"https:\/\/www.ellesaussi.org\/index.php?rest_route=\/wp\/v2\/media\/3541"}],"wp:attachment":[{"href":"https:\/\/www.ellesaussi.org\/index.php?rest_route=%2Fwp%2Fv2%2Fmedia&parent=3540"}],"wp:term":[{"taxonomy":"category","embeddable":true,"href":"https:\/\/www.ellesaussi.org\/index.php?rest_route=%2Fwp%2Fv2%2Fcategories&post=3540"},{"taxonomy":"post_tag","embeddable":true,"href":"https:\/\/www.ellesaussi.org\/index.php?rest_route=%2Fwp%2Fv2%2Ftags&post=3540"}],"curies":[{"name":"wp","href":"https:\/\/api.w.org\/{rel}","templated":true}]}}