{"id":3471,"date":"2025-03-11T14:47:44","date_gmt":"2025-03-11T13:47:44","guid":{"rendered":"https:\/\/www.ellesaussi.org\/?p=3471"},"modified":"2025-03-18T14:51:15","modified_gmt":"2025-03-18T13:51:15","slug":"la-marianne-de-la-parite-pour-les-epci-des-yvelines","status":"publish","type":"post","link":"https:\/\/www.ellesaussi.org\/?p=3471","title":{"rendered":"La Marianne de la Parit\u00e9 pour les EPCI des Yvelines"},"content":{"rendered":"\t\t<div data-elementor-type=\"wp-post\" data-elementor-id=\"3471\" class=\"elementor elementor-3471\" data-elementor-post-type=\"post\">\n\t\t\t\t<div class=\"elementor-element elementor-element-2be0899 e-flex e-con-boxed e-con e-parent\" data-id=\"2be0899\" data-element_type=\"container\">\n\t\t\t\t\t<div class=\"e-con-inner\">\n\t\t\t\t<div class=\"elementor-element elementor-element-802becd elementor-widget elementor-widget-text-editor\" data-id=\"802becd\" data-element_type=\"widget\" data-widget_type=\"text-editor.default\">\n\t\t\t\t<div class=\"elementor-widget-container\">\n\t\t\t\t\t\t\t<p style=\"text-align: center;\"><em>Une partie du conseil communautaire autour de sa pr\u00e9sidente avec Armelle Danet et Martine Fayolle d\u2019Elles aussi @Marie Guerre Photographe<\/em><\/p><p><br \/><strong>A l\u2019occasion de la journ\u00e9e internationale des droits des femmes, l\u2019antenne Elles aussi des Yvelines a tenu \u00e0 remettre le troph\u00e9e de La Marianne de la Parit\u00e9 \u00e0 la Communaut\u00e9 de Commune de la Haute Vall\u00e9e de Chevreuse. La c\u00e9r\u00e9monie s\u2019est d\u00e9roul\u00e9e le 11 mars au ch\u00e2teau du Mesnil saint Denis devant le conseil communautaire, pr\u00e9sid\u00e9 par Anne Grignon.<br \/><\/strong><br \/>C\u2019est dans une ambiance tr\u00e8s conviviale que nous avons \u00e9t\u00e9 re\u00e7ues par les \u00e9lu.es de cette intercommunalit\u00e9 de 25 000 habitants qui regroupe 10 communes.<br \/><br \/>Cet EPCI s\u2019est distingu\u00e9 par un conseil rassemblant 40% de femmes, un ex\u00e9cutif avec 30% de femmes avec une alternance femme-homme en d\u00e9but du tableau, rendant ainsi les trois femmes bien visibles, dont l\u2019une ayant la d\u00e9l\u00e9gation aux finances.<\/p><p><img fetchpriority=\"high\" decoding=\"async\" class=\"size-full wp-image-3474 aligncenter\" src=\"https:\/\/www.ellesaussi.org\/wp-content\/uploads\/2025\/03\/La-Marianne-de-la-Parite-pour-les-EPCI-des-Yvelines-02.jpg\" alt=\"\" width=\"1064\" height=\"479\" srcset=\"https:\/\/www.ellesaussi.org\/wp-content\/uploads\/2025\/03\/La-Marianne-de-la-Parite-pour-les-EPCI-des-Yvelines-02.jpg 1064w, https:\/\/www.ellesaussi.org\/wp-content\/uploads\/2025\/03\/La-Marianne-de-la-Parite-pour-les-EPCI-des-Yvelines-02-300x135.jpg 300w, https:\/\/www.ellesaussi.org\/wp-content\/uploads\/2025\/03\/La-Marianne-de-la-Parite-pour-les-EPCI-des-Yvelines-02-1024x461.jpg 1024w, https:\/\/www.ellesaussi.org\/wp-content\/uploads\/2025\/03\/La-Marianne-de-la-Parite-pour-les-EPCI-des-Yvelines-02-768x346.jpg 768w\" sizes=\"(max-width: 1064px) 100vw, 1064px\" \/><\/p><p style=\"text-align: center;\"><em>Au centre, Anne Grigon pr\u00e9sidente, entour\u00e9e de Val\u00e9rie Palmer et Anne H\u00e9ry vice-pr\u00e9sidentes photo de Mme Boyer pour Toutes les nouvelles<br \/><br \/><\/em><\/p><p>Sur les 10 EPCI que compte le d\u00e9partement des Yvelines, on note un progr\u00e8s dans la pr\u00e9sence des femmes par rapport \u00e0 la mandature pr\u00e9c\u00e9dente : 2 sont pr\u00e9sid\u00e9s par des femmes (0 en 2017), il y a 4 tandems paritaires en t\u00eate, 25,2% de femmes dans les ex\u00e9cutifs (20% en 2017) et 40% de femmes dans les conseils communautaires (36% en 2017) ; certes, des progr\u00e8s mais encore loin de la parit\u00e9 dans ces collectivit\u00e9s qui ont de plus en plus de comp\u00e9tences et dont les d\u00e9cisions ont un fort impact sur la vie quotidienne des citoyennes et citoyens de leur territoire.<br \/><br \/>Ce fut \u00e9galement l\u2019occasion de rappeler l\u2019obligation d\u2019un rapport annuel de situation \u00e9galit\u00e9 femmes- hommes pour toutes les collectivit\u00e9s de 20000 habitants et plus, ce qui est souvent ignor\u00e9 par les EPCI ne regroupant que des communes de moins de 20 000 habitants.<\/p><p style=\"text-align: right;\">Armelle Danet, VP Elles aussi<\/p><p><img decoding=\"async\" class=\"size-full wp-image-3475 aligncenter\" src=\"https:\/\/www.ellesaussi.org\/wp-content\/uploads\/2025\/03\/La-Marianne-de-la-Parite-pour-les-EPCI-des-Yvelines-03.png\" alt=\"\" width=\"350\" height=\"457\" srcset=\"https:\/\/www.ellesaussi.org\/wp-content\/uploads\/2025\/03\/La-Marianne-de-la-Parite-pour-les-EPCI-des-Yvelines-03.png 350w, https:\/\/www.ellesaussi.org\/wp-content\/uploads\/2025\/03\/La-Marianne-de-la-Parite-pour-les-EPCI-des-Yvelines-03-230x300.png 230w\" sizes=\"(max-width: 350px) 100vw, 350px\" \/><\/p>\t\t\t\t\t\t<\/div>\n\t\t\t\t<\/div>\n\t\t\t\t\t<\/div>\n\t\t\t\t<\/div>\n\t\t\t\t<\/div>\n\t\t","protected":false},"excerpt":{"rendered":"<p>Une partie du conseil communautaire autour de sa pr\u00e9sidente avec Armelle Danet et Martine Fayolle d\u2019Elles aussi @Marie Guerre Photographe A l\u2019occasion de la journ\u00e9e internationale des droits des femmes, l\u2019antenne Elles aussi des Yvelines a tenu \u00e0 remettre le troph\u00e9e de La Marianne de la Parit\u00e9 \u00e0 la Communaut\u00e9 de Commune de la Haute [&hellip;]<\/p>\n","protected":false},"author":1,"featured_media":3472,"comment_status":"closed","ping_status":"closed","sticky":false,"template":"","format":"standard","meta":{"footnotes":""},"categories":[48,37],"tags":[],"class_list":["post-3471","post","type-post","status-publish","format-standard","has-post-thumbnail","hentry","category-actualites-dans-les-territoires","category-marianne-de-la-parite-2020-2026"],"yoast_head":"<!-- This site is optimized with the Yoast SEO plugin v22.8 - https:\/\/yoast.com\/wordpress\/plugins\/seo\/ -->\n<title>La Marianne de la Parit\u00e9 pour les EPCI des Yvelines - Elles Aussi<\/title>\n<meta name=\"robots\" content=\"index, follow, max-snippet:-1, max-image-preview:large, max-video-preview:-1\" \/>\n<link rel=\"canonical\" href=\"https:\/\/www.ellesaussi.org\/?p=3471\" \/>\n<meta property=\"og:locale\" content=\"fr_FR\" \/>\n<meta property=\"og:type\" content=\"article\" \/>\n<meta property=\"og:title\" content=\"La Marianne de la Parit\u00e9 pour les EPCI des Yvelines - Elles Aussi\" \/>\n<meta property=\"og:description\" content=\"Une partie du conseil communautaire autour de sa pr\u00e9sidente avec Armelle Danet et Martine Fayolle d\u2019Elles aussi @Marie Guerre Photographe A l\u2019occasion de la journ\u00e9e internationale des droits des femmes, l\u2019antenne Elles aussi des Yvelines a tenu \u00e0 remettre le troph\u00e9e de La Marianne de la Parit\u00e9 \u00e0 la Communaut\u00e9 de Commune de la Haute [&hellip;]\" \/>\n<meta property=\"og:url\" content=\"https:\/\/www.ellesaussi.org\/?p=3471\" \/>\n<meta property=\"og:site_name\" content=\"Elles Aussi\" \/>\n<meta property=\"article:publisher\" content=\"https:\/\/www.facebook.com\/ellesaussi\/\" \/>\n<meta property=\"article:published_time\" content=\"2025-03-11T13:47:44+00:00\" \/>\n<meta property=\"article:modified_time\" content=\"2025-03-18T13:51:15+00:00\" \/>\n<meta property=\"og:image\" content=\"https:\/\/www.ellesaussi.org\/wp-content\/uploads\/2025\/03\/La-Marianne-de-la-Parite-pour-les-EPCI-des-Yvelines-01.jpg\" \/>\n\t<meta property=\"og:image:width\" content=\"1040\" \/>\n\t<meta property=\"og:image:height\" content=\"585\" \/>\n\t<meta property=\"og:image:type\" content=\"image\/jpeg\" \/>\n<meta name=\"author\" content=\"admin\" \/>\n<meta name=\"twitter:card\" content=\"summary_large_image\" \/>\n<meta name=\"twitter:label1\" content=\"\u00c9crit par\" \/>\n\t<meta name=\"twitter:data1\" content=\"admin\" \/>\n\t<meta name=\"twitter:label2\" content=\"Dur\u00e9e de lecture estim\u00e9e\" \/>\n\t<meta name=\"twitter:data2\" content=\"3 minutes\" \/>\n<script type=\"application\/ld+json\" class=\"yoast-schema-graph\">{\"@context\":\"https:\/\/schema.org\",\"@graph\":[{\"@type\":\"Article\",\"@id\":\"https:\/\/www.ellesaussi.org\/?p=3471#article\",\"isPartOf\":{\"@id\":\"https:\/\/www.ellesaussi.org\/?p=3471\"},\"author\":{\"name\":\"admin\",\"@id\":\"https:\/\/www.ellesaussi.org\/#\/schema\/person\/eeca4be50db30b5dbb39f78fc3364160\"},\"headline\":\"La Marianne de la Parit\u00e9 pour les EPCI des Yvelines\",\"datePublished\":\"2025-03-11T13:47:44+00:00\",\"dateModified\":\"2025-03-18T13:51:15+00:00\",\"mainEntityOfPage\":{\"@id\":\"https:\/\/www.ellesaussi.org\/?p=3471\"},\"wordCount\":346,\"publisher\":{\"@id\":\"https:\/\/www.ellesaussi.org\/#organization\"},\"image\":{\"@id\":\"https:\/\/www.ellesaussi.org\/?p=3471#primaryimage\"},\"thumbnailUrl\":\"https:\/\/www.ellesaussi.org\/wp-content\/uploads\/2025\/03\/La-Marianne-de-la-Parite-pour-les-EPCI-des-Yvelines-01.jpg\",\"articleSection\":[\"Actualit\u00e9s dans les territoires\",\"Marianne de la Parit\u00e9 2020-2026\"],\"inLanguage\":\"fr-FR\"},{\"@type\":\"WebPage\",\"@id\":\"https:\/\/www.ellesaussi.org\/?p=3471\",\"url\":\"https:\/\/www.ellesaussi.org\/?p=3471\",\"name\":\"La Marianne de la Parit\u00e9 pour les EPCI des Yvelines - Elles Aussi\",\"isPartOf\":{\"@id\":\"https:\/\/www.ellesaussi.org\/#website\"},\"primaryImageOfPage\":{\"@id\":\"https:\/\/www.ellesaussi.org\/?p=3471#primaryimage\"},\"image\":{\"@id\":\"https:\/\/www.ellesaussi.org\/?p=3471#primaryimage\"},\"thumbnailUrl\":\"https:\/\/www.ellesaussi.org\/wp-content\/uploads\/2025\/03\/La-Marianne-de-la-Parite-pour-les-EPCI-des-Yvelines-01.jpg\",\"datePublished\":\"2025-03-11T13:47:44+00:00\",\"dateModified\":\"2025-03-18T13:51:15+00:00\",\"breadcrumb\":{\"@id\":\"https:\/\/www.ellesaussi.org\/?p=3471#breadcrumb\"},\"inLanguage\":\"fr-FR\",\"potentialAction\":[{\"@type\":\"ReadAction\",\"target\":[\"https:\/\/www.ellesaussi.org\/?p=3471\"]}]},{\"@type\":\"ImageObject\",\"inLanguage\":\"fr-FR\",\"@id\":\"https:\/\/www.ellesaussi.org\/?p=3471#primaryimage\",\"url\":\"https:\/\/www.ellesaussi.org\/wp-content\/uploads\/2025\/03\/La-Marianne-de-la-Parite-pour-les-EPCI-des-Yvelines-01.jpg\",\"contentUrl\":\"https:\/\/www.ellesaussi.org\/wp-content\/uploads\/2025\/03\/La-Marianne-de-la-Parite-pour-les-EPCI-des-Yvelines-01.jpg\",\"width\":1040,\"height\":585},{\"@type\":\"BreadcrumbList\",\"@id\":\"https:\/\/www.ellesaussi.org\/?p=3471#breadcrumb\",\"itemListElement\":[{\"@type\":\"ListItem\",\"position\":1,\"name\":\"Accueil\",\"item\":\"https:\/\/www.ellesaussi.org\/\"},{\"@type\":\"ListItem\",\"position\":2,\"name\":\"La Marianne de la Parit\u00e9 pour les EPCI des Yvelines\"}]},{\"@type\":\"WebSite\",\"@id\":\"https:\/\/www.ellesaussi.org\/#website\",\"url\":\"https:\/\/www.ellesaussi.org\/\",\"name\":\"Elles Aussi\",\"description\":\"\",\"publisher\":{\"@id\":\"https:\/\/www.ellesaussi.org\/#organization\"},\"potentialAction\":[{\"@type\":\"SearchAction\",\"target\":{\"@type\":\"EntryPoint\",\"urlTemplate\":\"https:\/\/www.ellesaussi.org\/?s={search_term_string}\"},\"query-input\":\"required name=search_term_string\"}],\"inLanguage\":\"fr-FR\"},{\"@type\":\"Organization\",\"@id\":\"https:\/\/www.ellesaussi.org\/#organization\",\"name\":\"Elles Aussi\",\"url\":\"https:\/\/www.ellesaussi.org\/\",\"logo\":{\"@type\":\"ImageObject\",\"inLanguage\":\"fr-FR\",\"@id\":\"https:\/\/www.ellesaussi.org\/#\/schema\/logo\/image\/\",\"url\":\"https:\/\/www.ellesaussi.org\/wp-content\/uploads\/2024\/05\/Elles-aussi_logotype_rouge.png\",\"contentUrl\":\"https:\/\/www.ellesaussi.org\/wp-content\/uploads\/2024\/05\/Elles-aussi_logotype_rouge.png\",\"width\":3472,\"height\":2480,\"caption\":\"Elles Aussi\"},\"image\":{\"@id\":\"https:\/\/www.ellesaussi.org\/#\/schema\/logo\/image\/\"},\"sameAs\":[\"https:\/\/www.facebook.com\/ellesaussi\/\"]},{\"@type\":\"Person\",\"@id\":\"https:\/\/www.ellesaussi.org\/#\/schema\/person\/eeca4be50db30b5dbb39f78fc3364160\",\"name\":\"admin\",\"image\":{\"@type\":\"ImageObject\",\"inLanguage\":\"fr-FR\",\"@id\":\"https:\/\/www.ellesaussi.org\/#\/schema\/person\/image\/\",\"url\":\"https:\/\/secure.gravatar.com\/avatar\/62da4937aa6d6b509192861c0b966204a1b742b2814f6387fa08fe6c98a8729c?s=96&d=mm&r=g\",\"contentUrl\":\"https:\/\/secure.gravatar.com\/avatar\/62da4937aa6d6b509192861c0b966204a1b742b2814f6387fa08fe6c98a8729c?s=96&d=mm&r=g\",\"caption\":\"admin\"},\"sameAs\":[\"https:\/\/elles129186.webdb78.lwspanel.com\"],\"url\":\"https:\/\/www.ellesaussi.org\/?author=1\"}]}<\/script>\n<!-- \/ Yoast SEO plugin. -->","yoast_head_json":{"title":"La Marianne de la Parit\u00e9 pour les EPCI des Yvelines - Elles Aussi","robots":{"index":"index","follow":"follow","max-snippet":"max-snippet:-1","max-image-preview":"max-image-preview:large","max-video-preview":"max-video-preview:-1"},"canonical":"https:\/\/www.ellesaussi.org\/?p=3471","og_locale":"fr_FR","og_type":"article","og_title":"La Marianne de la Parit\u00e9 pour les EPCI des Yvelines - Elles Aussi","og_description":"Une partie du conseil communautaire autour de sa pr\u00e9sidente avec Armelle Danet et Martine Fayolle d\u2019Elles aussi @Marie Guerre Photographe A l\u2019occasion de la journ\u00e9e internationale des droits des femmes, l\u2019antenne Elles aussi des Yvelines a tenu \u00e0 remettre le troph\u00e9e de La Marianne de la Parit\u00e9 \u00e0 la Communaut\u00e9 de Commune de la Haute [&hellip;]","og_url":"https:\/\/www.ellesaussi.org\/?p=3471","og_site_name":"Elles Aussi","article_publisher":"https:\/\/www.facebook.com\/ellesaussi\/","article_published_time":"2025-03-11T13:47:44+00:00","article_modified_time":"2025-03-18T13:51:15+00:00","og_image":[{"width":1040,"height":585,"url":"https:\/\/www.ellesaussi.org\/wp-content\/uploads\/2025\/03\/La-Marianne-de-la-Parite-pour-les-EPCI-des-Yvelines-01.jpg","type":"image\/jpeg"}],"author":"admin","twitter_card":"summary_large_image","twitter_misc":{"\u00c9crit par":"admin","Dur\u00e9e de lecture estim\u00e9e":"3 minutes"},"schema":{"@context":"https:\/\/schema.org","@graph":[{"@type":"Article","@id":"https:\/\/www.ellesaussi.org\/?p=3471#article","isPartOf":{"@id":"https:\/\/www.ellesaussi.org\/?p=3471"},"author":{"name":"admin","@id":"https:\/\/www.ellesaussi.org\/#\/schema\/person\/eeca4be50db30b5dbb39f78fc3364160"},"headline":"La Marianne de la Parit\u00e9 pour les EPCI des Yvelines","datePublished":"2025-03-11T13:47:44+00:00","dateModified":"2025-03-18T13:51:15+00:00","mainEntityOfPage":{"@id":"https:\/\/www.ellesaussi.org\/?p=3471"},"wordCount":346,"publisher":{"@id":"https:\/\/www.ellesaussi.org\/#organization"},"image":{"@id":"https:\/\/www.ellesaussi.org\/?p=3471#primaryimage"},"thumbnailUrl":"https:\/\/www.ellesaussi.org\/wp-content\/uploads\/2025\/03\/La-Marianne-de-la-Parite-pour-les-EPCI-des-Yvelines-01.jpg","articleSection":["Actualit\u00e9s dans les territoires","Marianne de la Parit\u00e9 2020-2026"],"inLanguage":"fr-FR"},{"@type":"WebPage","@id":"https:\/\/www.ellesaussi.org\/?p=3471","url":"https:\/\/www.ellesaussi.org\/?p=3471","name":"La Marianne de la Parit\u00e9 pour les EPCI des Yvelines - Elles Aussi","isPartOf":{"@id":"https:\/\/www.ellesaussi.org\/#website"},"primaryImageOfPage":{"@id":"https:\/\/www.ellesaussi.org\/?p=3471#primaryimage"},"image":{"@id":"https:\/\/www.ellesaussi.org\/?p=3471#primaryimage"},"thumbnailUrl":"https:\/\/www.ellesaussi.org\/wp-content\/uploads\/2025\/03\/La-Marianne-de-la-Parite-pour-les-EPCI-des-Yvelines-01.jpg","datePublished":"2025-03-11T13:47:44+00:00","dateModified":"2025-03-18T13:51:15+00:00","breadcrumb":{"@id":"https:\/\/www.ellesaussi.org\/?p=3471#breadcrumb"},"inLanguage":"fr-FR","potentialAction":[{"@type":"ReadAction","target":["https:\/\/www.ellesaussi.org\/?p=3471"]}]},{"@type":"ImageObject","inLanguage":"fr-FR","@id":"https:\/\/www.ellesaussi.org\/?p=3471#primaryimage","url":"https:\/\/www.ellesaussi.org\/wp-content\/uploads\/2025\/03\/La-Marianne-de-la-Parite-pour-les-EPCI-des-Yvelines-01.jpg","contentUrl":"https:\/\/www.ellesaussi.org\/wp-content\/uploads\/2025\/03\/La-Marianne-de-la-Parite-pour-les-EPCI-des-Yvelines-01.jpg","width":1040,"height":585},{"@type":"BreadcrumbList","@id":"https:\/\/www.ellesaussi.org\/?p=3471#breadcrumb","itemListElement":[{"@type":"ListItem","position":1,"name":"Accueil","item":"https:\/\/www.ellesaussi.org\/"},{"@type":"ListItem","position":2,"name":"La Marianne de la Parit\u00e9 pour les EPCI des Yvelines"}]},{"@type":"WebSite","@id":"https:\/\/www.ellesaussi.org\/#website","url":"https:\/\/www.ellesaussi.org\/","name":"Elles Aussi","description":"","publisher":{"@id":"https:\/\/www.ellesaussi.org\/#organization"},"potentialAction":[{"@type":"SearchAction","target":{"@type":"EntryPoint","urlTemplate":"https:\/\/www.ellesaussi.org\/?s={search_term_string}"},"query-input":"required name=search_term_string"}],"inLanguage":"fr-FR"},{"@type":"Organization","@id":"https:\/\/www.ellesaussi.org\/#organization","name":"Elles Aussi","url":"https:\/\/www.ellesaussi.org\/","logo":{"@type":"ImageObject","inLanguage":"fr-FR","@id":"https:\/\/www.ellesaussi.org\/#\/schema\/logo\/image\/","url":"https:\/\/www.ellesaussi.org\/wp-content\/uploads\/2024\/05\/Elles-aussi_logotype_rouge.png","contentUrl":"https:\/\/www.ellesaussi.org\/wp-content\/uploads\/2024\/05\/Elles-aussi_logotype_rouge.png","width":3472,"height":2480,"caption":"Elles Aussi"},"image":{"@id":"https:\/\/www.ellesaussi.org\/#\/schema\/logo\/image\/"},"sameAs":["https:\/\/www.facebook.com\/ellesaussi\/"]},{"@type":"Person","@id":"https:\/\/www.ellesaussi.org\/#\/schema\/person\/eeca4be50db30b5dbb39f78fc3364160","name":"admin","image":{"@type":"ImageObject","inLanguage":"fr-FR","@id":"https:\/\/www.ellesaussi.org\/#\/schema\/person\/image\/","url":"https:\/\/secure.gravatar.com\/avatar\/62da4937aa6d6b509192861c0b966204a1b742b2814f6387fa08fe6c98a8729c?s=96&d=mm&r=g","contentUrl":"https:\/\/secure.gravatar.com\/avatar\/62da4937aa6d6b509192861c0b966204a1b742b2814f6387fa08fe6c98a8729c?s=96&d=mm&r=g","caption":"admin"},"sameAs":["https:\/\/elles129186.webdb78.lwspanel.com"],"url":"https:\/\/www.ellesaussi.org\/?author=1"}]}},"_links":{"self":[{"href":"https:\/\/www.ellesaussi.org\/index.php?rest_route=\/wp\/v2\/posts\/3471","targetHints":{"allow":["GET"]}}],"collection":[{"href":"https:\/\/www.ellesaussi.org\/index.php?rest_route=\/wp\/v2\/posts"}],"about":[{"href":"https:\/\/www.ellesaussi.org\/index.php?rest_route=\/wp\/v2\/types\/post"}],"author":[{"embeddable":true,"href":"https:\/\/www.ellesaussi.org\/index.php?rest_route=\/wp\/v2\/users\/1"}],"replies":[{"embeddable":true,"href":"https:\/\/www.ellesaussi.org\/index.php?rest_route=%2Fwp%2Fv2%2Fcomments&post=3471"}],"version-history":[{"count":4,"href":"https:\/\/www.ellesaussi.org\/index.php?rest_route=\/wp\/v2\/posts\/3471\/revisions"}],"predecessor-version":[{"id":3478,"href":"https:\/\/www.ellesaussi.org\/index.php?rest_route=\/wp\/v2\/posts\/3471\/revisions\/3478"}],"wp:featuredmedia":[{"embeddable":true,"href":"https:\/\/www.ellesaussi.org\/index.php?rest_route=\/wp\/v2\/media\/3472"}],"wp:attachment":[{"href":"https:\/\/www.ellesaussi.org\/index.php?rest_route=%2Fwp%2Fv2%2Fmedia&parent=3471"}],"wp:term":[{"taxonomy":"category","embeddable":true,"href":"https:\/\/www.ellesaussi.org\/index.php?rest_route=%2Fwp%2Fv2%2Fcategories&post=3471"},{"taxonomy":"post_tag","embeddable":true,"href":"https:\/\/www.ellesaussi.org\/index.php?rest_route=%2Fwp%2Fv2%2Ftags&post=3471"}],"curies":[{"name":"wp","href":"https:\/\/api.w.org\/{rel}","templated":true}]}}