{"id":3459,"date":"2025-03-08T18:47:55","date_gmt":"2025-03-08T17:47:55","guid":{"rendered":"https:\/\/www.ellesaussi.org\/?p=3459"},"modified":"2025-03-17T09:22:13","modified_gmt":"2025-03-17T08:22:13","slug":"la-marianne-de-la-parite-pour-les-11-epci-du-cantal","status":"publish","type":"post","link":"https:\/\/www.ellesaussi.org\/?p=3459","title":{"rendered":"La Marianne de la Parit\u00e9 pour les 9 EPCI du Cantal"},"content":{"rendered":"\t\t<div data-elementor-type=\"wp-post\" data-elementor-id=\"3459\" class=\"elementor elementor-3459\" data-elementor-post-type=\"post\">\n\t\t\t\t<div class=\"elementor-element elementor-element-7851981 e-flex e-con-boxed e-con e-parent\" data-id=\"7851981\" data-element_type=\"container\">\n\t\t\t\t\t<div class=\"e-con-inner\">\n\t\t\t\t<div class=\"elementor-element elementor-element-2e99c24 elementor-widget elementor-widget-text-editor\" data-id=\"2e99c24\" data-element_type=\"widget\" data-widget_type=\"text-editor.default\">\n\t\t\t\t<div class=\"elementor-widget-container\">\n\t\t\t\t\t\t\t<p><span style=\"color: #f15b43;\"><strong>\u00c0 l\u2019invitation du pr\u00e9fet Philippe Loos et Reine L\u00e9pinay co-pr\u00e9sidente d\u2019Elles aussi la remise des troph\u00e9es s\u2019est tenue le 8 mars 2025 dans les salons de la Pr\u00e9fecture d\u2019Aurillac.<\/strong><\/span><\/p><p style=\"text-align: center;\"><strong>(Ci-dessus)<\/strong><br \/><em>De gauche \u00e0 droite : Reine L\u00e9pinay, St\u00e9phane Sautarel s\u00e9nateur, Pierre Mathonier Pr\u00e9sident Aurillac Agglom\u00e9ration, Josiane Coste ancienne s\u00e9natrice, Bernard Delcros s\u00e9nateur Co-pr\u00e9sident du jury, C\u00e9line Charriaud pr\u00e9sidente de la communaut\u00e9 de Saint Flour, Dominique Bru pr\u00e9sidente de la communaut\u00e9 C\u00e8re et Goul, Philippe Loos Pr\u00e9fet du Cantal<\/em><\/p><p style=\"text-align: center;\"><img fetchpriority=\"high\" decoding=\"async\" class=\"size-full wp-image-3462 aligncenter\" src=\"https:\/\/www.ellesaussi.org\/wp-content\/uploads\/2025\/03\/La-Marianne-de-la-Parite-pour-les-11-EPCI-du-Cantal-01.jpg\" alt=\"\" width=\"712\" height=\"475\" srcset=\"https:\/\/www.ellesaussi.org\/wp-content\/uploads\/2025\/03\/La-Marianne-de-la-Parite-pour-les-11-EPCI-du-Cantal-01.jpg 712w, https:\/\/www.ellesaussi.org\/wp-content\/uploads\/2025\/03\/La-Marianne-de-la-Parite-pour-les-11-EPCI-du-Cantal-01-300x200.jpg 300w\" sizes=\"(max-width: 712px) 100vw, 712px\" \/><em>Table ronde la voix des territoires<\/em><\/p><p style=\"text-align: center;\"><em><img decoding=\"async\" class=\"size-full wp-image-3463 aligncenter\" src=\"https:\/\/www.ellesaussi.org\/wp-content\/uploads\/2025\/03\/La-Marianne-de-la-Parite-pour-les-11-EPCI-du-Cantal-02.jpg\" alt=\"\" width=\"706\" height=\"470\" srcset=\"https:\/\/www.ellesaussi.org\/wp-content\/uploads\/2025\/03\/La-Marianne-de-la-Parite-pour-les-11-EPCI-du-Cantal-02.jpg 706w, https:\/\/www.ellesaussi.org\/wp-content\/uploads\/2025\/03\/La-Marianne-de-la-Parite-pour-les-11-EPCI-du-Cantal-02-300x200.jpg 300w\" sizes=\"(max-width: 706px) 100vw, 706px\" \/>L\u2019assembl\u00e9e<\/em><\/p><p style=\"text-align: left;\"><br \/>Le 8 mars 2025, dans le cadre de la journ\u00e9e internationale des droits des femmes, Reine L\u00e9pinay et Philippe Loos, pr\u00e9fet du d\u00e9partement ont ouvert la c\u00e9r\u00e9monie de La Marianne de la Parit\u00e9 des EPCI du Cantal.<br \/><br \/><span style=\"color: #f15b43;\"><strong>Deux tables rondes<\/strong><\/span> ont pr\u00e9c\u00e9d\u00e9 la remise des troph\u00e9es au trois laur\u00e9ats. La premi\u00e8re a donn\u00e9 la parole aux intercommunalit\u00e9s prim\u00e9es repr\u00e9sent\u00e9es par Dominique Bru, pr\u00e9sidente de la communaut\u00e9 de communes C\u00e8re et Goul en Cardal\u00e8s, C\u00e9line Charriaud, pr\u00e9sidente de la communaut\u00e9 de communes de Saint Flour et Pierre Mathonnier, pr\u00e9sident de la Communaut\u00e9 d\u2019agglom\u00e9ration d\u2019Aurillac. La seconde table ronde a ouvert la voix l\u00e9gislative avec la participation de deux s\u00e9nateurs Bernard Delcros co-pr\u00e9sident du jury avec Magali Maurel, St\u00e9phane Sautarel s\u00e9nateur et Josiane Coste Ancienne S\u00e9natrice. Les \u00e9changes ont port\u00e9 sur l\u2018actualit\u00e9 l\u00e9gislative au sujet de la proposition de loi sur le scrutin de liste paritaire pour les communes de moins de 1 000 habitants et sur le regroupement des communes qui divise encore beaucoup d\u2019\u00e9lu\u00b7es. Tous deux ont mis en \u00e9vidence encore une fois le besoin d\u2019avancer sur le statut de l\u2019\u00e9lu pr\u00e9vu dans le calendrier l\u00e9gislatif dans les prochaines semaines.<br \/><br \/>Les associations d\u2019\u00e9lu\u00b7es avec Jean Pierre Soulier, Pr\u00e9sident de l\u2019AMR du Cantal, maire de Vigean et Patricia Roch\u00e8s, repr\u00e9sentant l\u2019AMF du Cantal, maire de Coren ont \u00e9voqu\u00e9 la n\u00e9cessit\u00e9 d\u2019\u00e9tendre le scrutin de liste \u00e0 toutes les communes<br \/>Des t\u00e9moignages de femmes maires ont mis en \u00e9vidence l\u2019engagement public chronophage dans les petites communes avec R\u00e9gine Breuil, Vice-pr\u00e9sidente de la CC Pays de Salers, maire de Brageac,<br \/>Maryline Monteillet, maire de Lacapelle Viescamp. A l\u2019\u00e9coute des parcours des unes et des autres on retient l\u2019importance de la culture de l\u2019\u00e9galit\u00e9 au sein des familles qui favorise l\u2019engagement politique.<br \/>Ce qui nous ram\u00e8ne \u00e0 l\u2019\u00e9ducation qui peut jouer un grand r\u00f4le pour les g\u00e9n\u00e9rations \u00e0 venir.<\/p><p><span style=\"color: #f15b43;\"><strong>Les caract\u00e9ristiques des EPCI du d\u00e9partement du Cantal<\/strong><\/span> <br \/>Le d\u00e9partement est tr\u00e8s rural avec 5\/9 EPCI qui ont une population de moins 10 000hbts soit 55%. Une CA de plus de 55 000 hbts et 3\/9 EPCI qui ont une population entre 10 000hbts et 25 000 hbts soit 33 % des EPCI<br \/><br \/><span style=\"color: #f15b43;\"><strong>Dans les EPCI du Cantal<\/strong><\/span><br \/>\u00c0 retenir 3 femmes pr\u00e9sidentes sur les 9 EPCI. 3\/9 EPCI ont un tandem de t\u00eate paritaire. Sur l\u2019ensemble des 9 EPCI, 3 d\u00e9l\u00e9gations non st\u00e9r\u00e9otyp\u00e9es sont donn\u00e9es \u00e0 des femmes. Alors que les EPCI du Cantal ont 33% de femmes pr\u00e9sidentes, on observe encore peu de conseill\u00e8res communautaires avec un peu moins de 30% et tr\u00e8s peu de femmes encore vice-pr\u00e9sidentes.<br \/>Moyennes dans le Cantal : 33,33% de pr\u00e9sidentes ; 29,70% de conseill\u00e8res : 22,97% de femmes vice-pr\u00e9sidentes. Les femmes pr\u00e9sidentes sont plut\u00f4t pr\u00e9sentes dans des petites intercommunalit\u00e9s. <br \/>Ce qui est r\u00e9v\u00e9l\u00e9 dans les EPCI de ce d\u00e9partement est le faible nombre de conseill\u00e8res qui impacte ensuite leur nombre au sein de l\u2019ex\u00e9cutif. Ainsi mesure-t-on la n\u00e9cessit\u00e9 d\u2019un scrutin de liste paritaire dans toutes les communes et permettre alors \u00e0 des femmes d\u2019int\u00e9grer des conseils municipaux et se pr\u00e9parer \u00e0 candidater ensuite \u00e0 la fonction de maire et int\u00e9grer les ex\u00e9cutifs communautaires.<\/p><p>Reine L\u00e9pinay, co-pr\u00e9sidente d\u2019Elles aussi<br \/><br \/><\/p><p style=\"text-align: center;\"><img decoding=\"async\" class=\"size-full wp-image-3464 aligncenter\" src=\"https:\/\/www.ellesaussi.org\/wp-content\/uploads\/2025\/03\/La-Marianne-de-la-Parite-pour-les-11-EPCI-du-Cantal-04.png\" alt=\"\" width=\"607\" height=\"300\" srcset=\"https:\/\/www.ellesaussi.org\/wp-content\/uploads\/2025\/03\/La-Marianne-de-la-Parite-pour-les-11-EPCI-du-Cantal-04.png 607w, https:\/\/www.ellesaussi.org\/wp-content\/uploads\/2025\/03\/La-Marianne-de-la-Parite-pour-les-11-EPCI-du-Cantal-04-300x148.png 300w\" sizes=\"(max-width: 607px) 100vw, 607px\" \/><br \/><em>Repr\u00e9sentation des femmes dans les EPCI du Cantal<\/em><\/p>\t\t\t\t\t\t<\/div>\n\t\t\t\t<\/div>\n\t\t\t\t\t<\/div>\n\t\t\t\t<\/div>\n\t\t\t\t<\/div>\n\t\t","protected":false},"excerpt":{"rendered":"<p>\u00c0 l\u2019invitation du pr\u00e9fet Philippe Loos et Reine L\u00e9pinay co-pr\u00e9sidente d\u2019Elles aussi la remise des troph\u00e9es s\u2019est tenue le 8 mars 2025 dans les salons de la Pr\u00e9fecture d\u2019Aurillac. (Ci-dessus)De gauche \u00e0 droite : Reine L\u00e9pinay, St\u00e9phane Sautarel s\u00e9nateur, Pierre Mathonier Pr\u00e9sident Aurillac Agglom\u00e9ration, Josiane Coste ancienne s\u00e9natrice, Bernard Delcros s\u00e9nateur Co-pr\u00e9sident du jury, C\u00e9line [&hellip;]<\/p>\n","protected":false},"author":1,"featured_media":3460,"comment_status":"closed","ping_status":"closed","sticky":false,"template":"","format":"standard","meta":{"footnotes":""},"categories":[37],"tags":[],"class_list":["post-3459","post","type-post","status-publish","format-standard","has-post-thumbnail","hentry","category-marianne-de-la-parite-2020-2026"],"yoast_head":"<!-- This site is optimized with the Yoast SEO plugin v22.8 - https:\/\/yoast.com\/wordpress\/plugins\/seo\/ -->\n<title>La Marianne de la Parit\u00e9 pour les 9 EPCI du Cantal - Elles Aussi<\/title>\n<meta name=\"robots\" content=\"index, follow, max-snippet:-1, max-image-preview:large, max-video-preview:-1\" \/>\n<link rel=\"canonical\" href=\"https:\/\/www.ellesaussi.org\/?p=3459\" \/>\n<meta property=\"og:locale\" content=\"fr_FR\" \/>\n<meta property=\"og:type\" content=\"article\" \/>\n<meta property=\"og:title\" content=\"La Marianne de la Parit\u00e9 pour les 9 EPCI du Cantal - Elles Aussi\" \/>\n<meta property=\"og:description\" content=\"\u00c0 l\u2019invitation du pr\u00e9fet Philippe Loos et Reine L\u00e9pinay co-pr\u00e9sidente d\u2019Elles aussi la remise des troph\u00e9es s\u2019est tenue le 8 mars 2025 dans les salons de la Pr\u00e9fecture d\u2019Aurillac. (Ci-dessus)De gauche \u00e0 droite : Reine L\u00e9pinay, St\u00e9phane Sautarel s\u00e9nateur, Pierre Mathonier Pr\u00e9sident Aurillac Agglom\u00e9ration, Josiane Coste ancienne s\u00e9natrice, Bernard Delcros s\u00e9nateur Co-pr\u00e9sident du jury, C\u00e9line [&hellip;]\" \/>\n<meta property=\"og:url\" content=\"https:\/\/www.ellesaussi.org\/?p=3459\" \/>\n<meta property=\"og:site_name\" content=\"Elles Aussi\" \/>\n<meta property=\"article:publisher\" content=\"https:\/\/www.facebook.com\/ellesaussi\/\" \/>\n<meta property=\"article:published_time\" content=\"2025-03-08T17:47:55+00:00\" \/>\n<meta property=\"article:modified_time\" content=\"2025-03-17T08:22:13+00:00\" \/>\n<meta property=\"og:image\" content=\"https:\/\/www.ellesaussi.org\/wp-content\/uploads\/2025\/03\/La-Marianne-de-la-Parite-pour-les-11-EPCI-du-Cantal-03.jpg\" \/>\n\t<meta property=\"og:image:width\" content=\"464\" \/>\n\t<meta property=\"og:image:height\" content=\"315\" \/>\n\t<meta property=\"og:image:type\" content=\"image\/jpeg\" \/>\n<meta name=\"author\" content=\"admin\" \/>\n<meta name=\"twitter:card\" content=\"summary_large_image\" \/>\n<meta name=\"twitter:label1\" content=\"\u00c9crit par\" \/>\n\t<meta name=\"twitter:data1\" content=\"admin\" \/>\n\t<meta name=\"twitter:label2\" content=\"Dur\u00e9e de lecture estim\u00e9e\" \/>\n\t<meta name=\"twitter:data2\" content=\"4 minutes\" \/>\n<script type=\"application\/ld+json\" class=\"yoast-schema-graph\">{\"@context\":\"https:\/\/schema.org\",\"@graph\":[{\"@type\":\"Article\",\"@id\":\"https:\/\/www.ellesaussi.org\/?p=3459#article\",\"isPartOf\":{\"@id\":\"https:\/\/www.ellesaussi.org\/?p=3459\"},\"author\":{\"name\":\"admin\",\"@id\":\"https:\/\/www.ellesaussi.org\/#\/schema\/person\/eeca4be50db30b5dbb39f78fc3364160\"},\"headline\":\"La Marianne de la Parit\u00e9 pour les 9 EPCI du Cantal\",\"datePublished\":\"2025-03-08T17:47:55+00:00\",\"dateModified\":\"2025-03-17T08:22:13+00:00\",\"mainEntityOfPage\":{\"@id\":\"https:\/\/www.ellesaussi.org\/?p=3459\"},\"wordCount\":707,\"publisher\":{\"@id\":\"https:\/\/www.ellesaussi.org\/#organization\"},\"image\":{\"@id\":\"https:\/\/www.ellesaussi.org\/?p=3459#primaryimage\"},\"thumbnailUrl\":\"https:\/\/www.ellesaussi.org\/wp-content\/uploads\/2025\/03\/La-Marianne-de-la-Parite-pour-les-11-EPCI-du-Cantal-03.jpg\",\"articleSection\":[\"Marianne de la Parit\u00e9 2020-2026\"],\"inLanguage\":\"fr-FR\"},{\"@type\":\"WebPage\",\"@id\":\"https:\/\/www.ellesaussi.org\/?p=3459\",\"url\":\"https:\/\/www.ellesaussi.org\/?p=3459\",\"name\":\"La Marianne de la Parit\u00e9 pour les 9 EPCI du Cantal - Elles Aussi\",\"isPartOf\":{\"@id\":\"https:\/\/www.ellesaussi.org\/#website\"},\"primaryImageOfPage\":{\"@id\":\"https:\/\/www.ellesaussi.org\/?p=3459#primaryimage\"},\"image\":{\"@id\":\"https:\/\/www.ellesaussi.org\/?p=3459#primaryimage\"},\"thumbnailUrl\":\"https:\/\/www.ellesaussi.org\/wp-content\/uploads\/2025\/03\/La-Marianne-de-la-Parite-pour-les-11-EPCI-du-Cantal-03.jpg\",\"datePublished\":\"2025-03-08T17:47:55+00:00\",\"dateModified\":\"2025-03-17T08:22:13+00:00\",\"breadcrumb\":{\"@id\":\"https:\/\/www.ellesaussi.org\/?p=3459#breadcrumb\"},\"inLanguage\":\"fr-FR\",\"potentialAction\":[{\"@type\":\"ReadAction\",\"target\":[\"https:\/\/www.ellesaussi.org\/?p=3459\"]}]},{\"@type\":\"ImageObject\",\"inLanguage\":\"fr-FR\",\"@id\":\"https:\/\/www.ellesaussi.org\/?p=3459#primaryimage\",\"url\":\"https:\/\/www.ellesaussi.org\/wp-content\/uploads\/2025\/03\/La-Marianne-de-la-Parite-pour-les-11-EPCI-du-Cantal-03.jpg\",\"contentUrl\":\"https:\/\/www.ellesaussi.org\/wp-content\/uploads\/2025\/03\/La-Marianne-de-la-Parite-pour-les-11-EPCI-du-Cantal-03.jpg\",\"width\":464,\"height\":315},{\"@type\":\"BreadcrumbList\",\"@id\":\"https:\/\/www.ellesaussi.org\/?p=3459#breadcrumb\",\"itemListElement\":[{\"@type\":\"ListItem\",\"position\":1,\"name\":\"Accueil\",\"item\":\"https:\/\/www.ellesaussi.org\/\"},{\"@type\":\"ListItem\",\"position\":2,\"name\":\"La Marianne de la Parit\u00e9 pour les 9 EPCI du Cantal\"}]},{\"@type\":\"WebSite\",\"@id\":\"https:\/\/www.ellesaussi.org\/#website\",\"url\":\"https:\/\/www.ellesaussi.org\/\",\"name\":\"Elles Aussi\",\"description\":\"\",\"publisher\":{\"@id\":\"https:\/\/www.ellesaussi.org\/#organization\"},\"potentialAction\":[{\"@type\":\"SearchAction\",\"target\":{\"@type\":\"EntryPoint\",\"urlTemplate\":\"https:\/\/www.ellesaussi.org\/?s={search_term_string}\"},\"query-input\":\"required name=search_term_string\"}],\"inLanguage\":\"fr-FR\"},{\"@type\":\"Organization\",\"@id\":\"https:\/\/www.ellesaussi.org\/#organization\",\"name\":\"Elles Aussi\",\"url\":\"https:\/\/www.ellesaussi.org\/\",\"logo\":{\"@type\":\"ImageObject\",\"inLanguage\":\"fr-FR\",\"@id\":\"https:\/\/www.ellesaussi.org\/#\/schema\/logo\/image\/\",\"url\":\"https:\/\/www.ellesaussi.org\/wp-content\/uploads\/2024\/05\/Elles-aussi_logotype_rouge.png\",\"contentUrl\":\"https:\/\/www.ellesaussi.org\/wp-content\/uploads\/2024\/05\/Elles-aussi_logotype_rouge.png\",\"width\":3472,\"height\":2480,\"caption\":\"Elles Aussi\"},\"image\":{\"@id\":\"https:\/\/www.ellesaussi.org\/#\/schema\/logo\/image\/\"},\"sameAs\":[\"https:\/\/www.facebook.com\/ellesaussi\/\"]},{\"@type\":\"Person\",\"@id\":\"https:\/\/www.ellesaussi.org\/#\/schema\/person\/eeca4be50db30b5dbb39f78fc3364160\",\"name\":\"admin\",\"image\":{\"@type\":\"ImageObject\",\"inLanguage\":\"fr-FR\",\"@id\":\"https:\/\/www.ellesaussi.org\/#\/schema\/person\/image\/\",\"url\":\"https:\/\/secure.gravatar.com\/avatar\/62da4937aa6d6b509192861c0b966204a1b742b2814f6387fa08fe6c98a8729c?s=96&d=mm&r=g\",\"contentUrl\":\"https:\/\/secure.gravatar.com\/avatar\/62da4937aa6d6b509192861c0b966204a1b742b2814f6387fa08fe6c98a8729c?s=96&d=mm&r=g\",\"caption\":\"admin\"},\"sameAs\":[\"https:\/\/elles129186.webdb78.lwspanel.com\"],\"url\":\"https:\/\/www.ellesaussi.org\/?author=1\"}]}<\/script>\n<!-- \/ Yoast SEO plugin. -->","yoast_head_json":{"title":"La Marianne de la Parit\u00e9 pour les 9 EPCI du Cantal - Elles Aussi","robots":{"index":"index","follow":"follow","max-snippet":"max-snippet:-1","max-image-preview":"max-image-preview:large","max-video-preview":"max-video-preview:-1"},"canonical":"https:\/\/www.ellesaussi.org\/?p=3459","og_locale":"fr_FR","og_type":"article","og_title":"La Marianne de la Parit\u00e9 pour les 9 EPCI du Cantal - Elles Aussi","og_description":"\u00c0 l\u2019invitation du pr\u00e9fet Philippe Loos et Reine L\u00e9pinay co-pr\u00e9sidente d\u2019Elles aussi la remise des troph\u00e9es s\u2019est tenue le 8 mars 2025 dans les salons de la Pr\u00e9fecture d\u2019Aurillac. (Ci-dessus)De gauche \u00e0 droite : Reine L\u00e9pinay, St\u00e9phane Sautarel s\u00e9nateur, Pierre Mathonier Pr\u00e9sident Aurillac Agglom\u00e9ration, Josiane Coste ancienne s\u00e9natrice, Bernard Delcros s\u00e9nateur Co-pr\u00e9sident du jury, C\u00e9line [&hellip;]","og_url":"https:\/\/www.ellesaussi.org\/?p=3459","og_site_name":"Elles Aussi","article_publisher":"https:\/\/www.facebook.com\/ellesaussi\/","article_published_time":"2025-03-08T17:47:55+00:00","article_modified_time":"2025-03-17T08:22:13+00:00","og_image":[{"width":464,"height":315,"url":"https:\/\/www.ellesaussi.org\/wp-content\/uploads\/2025\/03\/La-Marianne-de-la-Parite-pour-les-11-EPCI-du-Cantal-03.jpg","type":"image\/jpeg"}],"author":"admin","twitter_card":"summary_large_image","twitter_misc":{"\u00c9crit par":"admin","Dur\u00e9e de lecture estim\u00e9e":"4 minutes"},"schema":{"@context":"https:\/\/schema.org","@graph":[{"@type":"Article","@id":"https:\/\/www.ellesaussi.org\/?p=3459#article","isPartOf":{"@id":"https:\/\/www.ellesaussi.org\/?p=3459"},"author":{"name":"admin","@id":"https:\/\/www.ellesaussi.org\/#\/schema\/person\/eeca4be50db30b5dbb39f78fc3364160"},"headline":"La Marianne de la Parit\u00e9 pour les 9 EPCI du Cantal","datePublished":"2025-03-08T17:47:55+00:00","dateModified":"2025-03-17T08:22:13+00:00","mainEntityOfPage":{"@id":"https:\/\/www.ellesaussi.org\/?p=3459"},"wordCount":707,"publisher":{"@id":"https:\/\/www.ellesaussi.org\/#organization"},"image":{"@id":"https:\/\/www.ellesaussi.org\/?p=3459#primaryimage"},"thumbnailUrl":"https:\/\/www.ellesaussi.org\/wp-content\/uploads\/2025\/03\/La-Marianne-de-la-Parite-pour-les-11-EPCI-du-Cantal-03.jpg","articleSection":["Marianne de la Parit\u00e9 2020-2026"],"inLanguage":"fr-FR"},{"@type":"WebPage","@id":"https:\/\/www.ellesaussi.org\/?p=3459","url":"https:\/\/www.ellesaussi.org\/?p=3459","name":"La Marianne de la Parit\u00e9 pour les 9 EPCI du Cantal - Elles Aussi","isPartOf":{"@id":"https:\/\/www.ellesaussi.org\/#website"},"primaryImageOfPage":{"@id":"https:\/\/www.ellesaussi.org\/?p=3459#primaryimage"},"image":{"@id":"https:\/\/www.ellesaussi.org\/?p=3459#primaryimage"},"thumbnailUrl":"https:\/\/www.ellesaussi.org\/wp-content\/uploads\/2025\/03\/La-Marianne-de-la-Parite-pour-les-11-EPCI-du-Cantal-03.jpg","datePublished":"2025-03-08T17:47:55+00:00","dateModified":"2025-03-17T08:22:13+00:00","breadcrumb":{"@id":"https:\/\/www.ellesaussi.org\/?p=3459#breadcrumb"},"inLanguage":"fr-FR","potentialAction":[{"@type":"ReadAction","target":["https:\/\/www.ellesaussi.org\/?p=3459"]}]},{"@type":"ImageObject","inLanguage":"fr-FR","@id":"https:\/\/www.ellesaussi.org\/?p=3459#primaryimage","url":"https:\/\/www.ellesaussi.org\/wp-content\/uploads\/2025\/03\/La-Marianne-de-la-Parite-pour-les-11-EPCI-du-Cantal-03.jpg","contentUrl":"https:\/\/www.ellesaussi.org\/wp-content\/uploads\/2025\/03\/La-Marianne-de-la-Parite-pour-les-11-EPCI-du-Cantal-03.jpg","width":464,"height":315},{"@type":"BreadcrumbList","@id":"https:\/\/www.ellesaussi.org\/?p=3459#breadcrumb","itemListElement":[{"@type":"ListItem","position":1,"name":"Accueil","item":"https:\/\/www.ellesaussi.org\/"},{"@type":"ListItem","position":2,"name":"La Marianne de la Parit\u00e9 pour les 9 EPCI du Cantal"}]},{"@type":"WebSite","@id":"https:\/\/www.ellesaussi.org\/#website","url":"https:\/\/www.ellesaussi.org\/","name":"Elles Aussi","description":"","publisher":{"@id":"https:\/\/www.ellesaussi.org\/#organization"},"potentialAction":[{"@type":"SearchAction","target":{"@type":"EntryPoint","urlTemplate":"https:\/\/www.ellesaussi.org\/?s={search_term_string}"},"query-input":"required name=search_term_string"}],"inLanguage":"fr-FR"},{"@type":"Organization","@id":"https:\/\/www.ellesaussi.org\/#organization","name":"Elles Aussi","url":"https:\/\/www.ellesaussi.org\/","logo":{"@type":"ImageObject","inLanguage":"fr-FR","@id":"https:\/\/www.ellesaussi.org\/#\/schema\/logo\/image\/","url":"https:\/\/www.ellesaussi.org\/wp-content\/uploads\/2024\/05\/Elles-aussi_logotype_rouge.png","contentUrl":"https:\/\/www.ellesaussi.org\/wp-content\/uploads\/2024\/05\/Elles-aussi_logotype_rouge.png","width":3472,"height":2480,"caption":"Elles Aussi"},"image":{"@id":"https:\/\/www.ellesaussi.org\/#\/schema\/logo\/image\/"},"sameAs":["https:\/\/www.facebook.com\/ellesaussi\/"]},{"@type":"Person","@id":"https:\/\/www.ellesaussi.org\/#\/schema\/person\/eeca4be50db30b5dbb39f78fc3364160","name":"admin","image":{"@type":"ImageObject","inLanguage":"fr-FR","@id":"https:\/\/www.ellesaussi.org\/#\/schema\/person\/image\/","url":"https:\/\/secure.gravatar.com\/avatar\/62da4937aa6d6b509192861c0b966204a1b742b2814f6387fa08fe6c98a8729c?s=96&d=mm&r=g","contentUrl":"https:\/\/secure.gravatar.com\/avatar\/62da4937aa6d6b509192861c0b966204a1b742b2814f6387fa08fe6c98a8729c?s=96&d=mm&r=g","caption":"admin"},"sameAs":["https:\/\/elles129186.webdb78.lwspanel.com"],"url":"https:\/\/www.ellesaussi.org\/?author=1"}]}},"_links":{"self":[{"href":"https:\/\/www.ellesaussi.org\/index.php?rest_route=\/wp\/v2\/posts\/3459","targetHints":{"allow":["GET"]}}],"collection":[{"href":"https:\/\/www.ellesaussi.org\/index.php?rest_route=\/wp\/v2\/posts"}],"about":[{"href":"https:\/\/www.ellesaussi.org\/index.php?rest_route=\/wp\/v2\/types\/post"}],"author":[{"embeddable":true,"href":"https:\/\/www.ellesaussi.org\/index.php?rest_route=\/wp\/v2\/users\/1"}],"replies":[{"embeddable":true,"href":"https:\/\/www.ellesaussi.org\/index.php?rest_route=%2Fwp%2Fv2%2Fcomments&post=3459"}],"version-history":[{"count":5,"href":"https:\/\/www.ellesaussi.org\/index.php?rest_route=\/wp\/v2\/posts\/3459\/revisions"}],"predecessor-version":[{"id":3469,"href":"https:\/\/www.ellesaussi.org\/index.php?rest_route=\/wp\/v2\/posts\/3459\/revisions\/3469"}],"wp:featuredmedia":[{"embeddable":true,"href":"https:\/\/www.ellesaussi.org\/index.php?rest_route=\/wp\/v2\/media\/3460"}],"wp:attachment":[{"href":"https:\/\/www.ellesaussi.org\/index.php?rest_route=%2Fwp%2Fv2%2Fmedia&parent=3459"}],"wp:term":[{"taxonomy":"category","embeddable":true,"href":"https:\/\/www.ellesaussi.org\/index.php?rest_route=%2Fwp%2Fv2%2Fcategories&post=3459"},{"taxonomy":"post_tag","embeddable":true,"href":"https:\/\/www.ellesaussi.org\/index.php?rest_route=%2Fwp%2Fv2%2Ftags&post=3459"}],"curies":[{"name":"wp","href":"https:\/\/api.w.org\/{rel}","templated":true}]}}