{"id":3450,"date":"2025-03-08T18:42:59","date_gmt":"2025-03-08T17:42:59","guid":{"rendered":"https:\/\/www.ellesaussi.org\/?p=3450"},"modified":"2025-03-17T09:21:39","modified_gmt":"2025-03-17T08:21:39","slug":"la-marianne-de-la-parite-des-11-epci-dans-le-puy-de-dome","status":"publish","type":"post","link":"https:\/\/www.ellesaussi.org\/?p=3450","title":{"rendered":"La Marianne de la Parit\u00e9 des 14 EPCI dans le Puy de D\u00f4me"},"content":{"rendered":"\t\t<div data-elementor-type=\"wp-post\" data-elementor-id=\"3450\" class=\"elementor elementor-3450\" data-elementor-post-type=\"post\">\n\t\t\t\t<div class=\"elementor-element elementor-element-c5a3eb7 e-flex e-con-boxed e-con e-parent\" data-id=\"c5a3eb7\" data-element_type=\"container\">\n\t\t\t\t\t<div class=\"e-con-inner\">\n\t\t\t\t<div class=\"elementor-element elementor-element-57f879b elementor-widget elementor-widget-text-editor\" data-id=\"57f879b\" data-element_type=\"widget\" data-widget_type=\"text-editor.default\">\n\t\t\t\t<div class=\"elementor-widget-container\">\n\t\t\t\t\t\t\t<p><span style=\"color: #f15b43;\"><strong>\u00c0 l\u2019invitation de Jo\u00ebl Mathurin, pr\u00e9fet et Reine L\u00e9pinay, co-pr\u00e9sidente d\u2019Elles aussi, la remise des troph\u00e9es s\u2019est tenue le 8 mars 2025 dans les salons de la Pr\u00e9fecture de Clermont Ferrand<\/strong><\/span><\/p><p style=\"text-align: center;\"><strong>(Ci-dessus)<\/strong><br \/><em>De Gauche \u00e0 droite : Nicolas Bonnet d\u00e9put\u00e9, Laurent Dumas Pr\u00e9sident de la CC Pays de Saint Eloy, Jean Marc Boyer s\u00e9nateur Co-pr\u00e9sident du Jury elles aussi, Christine Pires Beaune d\u00e9put\u00e9e, Delphine Lingemann d\u00e9put\u00e9e co-pr\u00e9sidente du Jury elles aussi, Marion Canal\u00e8s s\u00e9natrice<\/em><\/p><p style=\"text-align: center;\"><em><img fetchpriority=\"high\" decoding=\"async\" class=\"size-full wp-image-3453 aligncenter\" src=\"https:\/\/www.ellesaussi.org\/wp-content\/uploads\/2025\/03\/La-Marianne-de-la-Parite-des-11-EPCI-dans-le-Puy-de-Dome-02.jpg\" alt=\"\" width=\"720\" height=\"540\" srcset=\"https:\/\/www.ellesaussi.org\/wp-content\/uploads\/2025\/03\/La-Marianne-de-la-Parite-des-11-EPCI-dans-le-Puy-de-Dome-02.jpg 720w, https:\/\/www.ellesaussi.org\/wp-content\/uploads\/2025\/03\/La-Marianne-de-la-Parite-des-11-EPCI-dans-le-Puy-de-Dome-02-300x225.jpg 300w\" sizes=\"(max-width: 720px) 100vw, 720px\" \/><\/em><\/p><p style=\"text-align: center;\"><em><img decoding=\"async\" class=\"size-full wp-image-3454 aligncenter\" src=\"https:\/\/www.ellesaussi.org\/wp-content\/uploads\/2025\/03\/La-Marianne-de-la-Parite-des-11-EPCI-dans-le-Puy-de-Dome-03.jpg\" alt=\"\" width=\"406\" height=\"542\" srcset=\"https:\/\/www.ellesaussi.org\/wp-content\/uploads\/2025\/03\/La-Marianne-de-la-Parite-des-11-EPCI-dans-le-Puy-de-Dome-03.jpg 406w, https:\/\/www.ellesaussi.org\/wp-content\/uploads\/2025\/03\/La-Marianne-de-la-Parite-des-11-EPCI-dans-le-Puy-de-Dome-03-225x300.jpg 225w\" sizes=\"(max-width: 406px) 100vw, 406px\" \/>Table ronde anim\u00e9e par Reine L\u00e9pinay Co-pr\u00e9sidente d\u2019elles aussi<\/em><br \/><em>avec Mich\u00e8le Andr\u00e9 Ancienne Ministre, Jo\u00ebl Mathurin Pr\u00e9fet du Puy de D\u00f4me <\/em><br \/><em>et Brice Hortefeux Ancien Ministre<\/em><\/p><p><br \/>Le 8 mars, dans le cadre de la journ\u00e9e internationale des droits des femmes, le r\u00e9seau Elles aussi repr\u00e9sent\u00e9 par Reine L\u00e9pinay a organis\u00e9 avec les services de la pr\u00e9fecture du Puy de D\u00f4me une c\u00e9r\u00e9monie de La Marianne de la Parit\u00e9 des EPCI du Puy de D\u00f4me qui a mis \u00e0 l\u2019honneur les intercommunalit\u00e9s sur la voie de la parit\u00e9 dans leurs conseils et ex\u00e9cutifs et donn\u00e9 de la visibilit\u00e9 aux femmes \u00e9lues en responsabilit\u00e9. Encourager les femmes \u00e0 s\u2019engager dans la vie politique locale une imp\u00e9rieuse n\u00e9cessit\u00e9 au moment de l\u2019anniversaire des 80 ans du premier vote des femmes aux \u00e9lections municipales.<br \/>Le Pr\u00e9fet Jo\u00ebl Mathurin a ouvert la c\u00e9r\u00e9monie aux c\u00f4t\u00e9s de Brice Hortefeux, Mich\u00e8le Andr\u00e9 et des parlementaires, Delphine Lingemann et Jean Marc Boyer, co-pr\u00e9sidents du jury. Ont \u00e9t\u00e9 invit\u00e9s \u00e0 \u00e9changer \u00e0 la table ronde avec eux Christine Pires-Beaune, d\u00e9put\u00e9e, Nicolas Besson, d\u00e9put\u00e9 et Marion Canal\u00e8s, s\u00e9natrice. Le t\u00e9moignage des laur\u00e9ats et de Michelle Gaidier, pr\u00e9sidente de femmes \u00e9lues du Puy de D\u00f4me a fait ressortir l\u2019urgence d\u2019un statut de l\u2019\u00e9lu alors qu\u2019il devient de plus en plus difficile de trouver des volontaires \u00e0 l\u2019engagement politique local tout particuli\u00e8rement dans les petites communes.<br \/><br \/><span style=\"color: #f15b43;\"><strong>Les EPCI prim\u00e9s<\/strong><\/span><br \/>Trois intercommunalit\u00e9s ont \u00e9t\u00e9 prim\u00e9es dans le Puy de D\u00f4me, en premier la CC entre Dore et Allier, pr\u00e9sid\u00e9e par Elisabeth Brussat puis en deuxi\u00e8me position aequo la CC Pays de Saint Eloy pr\u00e9sid\u00e9 par Laurent Dumas et la CA du Pays d&rsquo;Issoire pr\u00e9sid\u00e9e par Bertrand Barraud.<br \/><br \/><span style=\"color: #f15b43;\"><strong>Dans le puy de D\u00f4me<\/strong><\/span> <br \/>21% des EPCI ont 40% et plus de femmes dans leurs conseils.<br \/>36% des EPCI ont moins de 30% de femmes dans leurs conseils. Une Communaut\u00e9 de communes n\u2019a que 11% de femmes dans le conseil et 2 EPCI ont un ex\u00e9cutif (Pr\u00e9sidence et vice-pr\u00e9sidences) exclusivement masculin et 3 EPCI n\u2019ont qu\u2019une seule femme dans l\u2019ex\u00e9cutif.<br \/><br \/>4\/14 EPCI ont 1 tandem de t\u00eate paritaire soit 29%. A noter que la repr\u00e9sentation des femmes dans les EPCI du Puy de D\u00f4me reste inf\u00e9rieure \u00e0 la moyenne nationale avec respectivement 7% de femmes pr\u00e9sidentes, 33,33% de femmes conseill\u00e8res et 22,53% de femmes vice-pr\u00e9sidentes.<br \/><br \/>Cette s\u00e9quence de la Marianne de la parit\u00e9 d\u2019Elles aussi a fait prendre conscience aux acteurs locaux de l\u2019insuffisante repr\u00e9sentation des femmes dans les assembl\u00e9es des EPCI du d\u00e9partement, et du r\u00f4le essentiel des lois paritaires pour une plus \u00e9quitable pr\u00e9sence des femmes dans ces institutions.<br \/>Reine L\u00e9pinay, co-pr\u00e9sidente d\u2019Elles aussi<\/p><p style=\"text-align: center;\"><img decoding=\"async\" class=\"size-full wp-image-3455 aligncenter\" src=\"https:\/\/www.ellesaussi.org\/wp-content\/uploads\/2025\/03\/La-Marianne-de-la-Parite-des-11-EPCI-dans-le-Puy-de-Dome-04.png\" alt=\"\" width=\"630\" height=\"392\" srcset=\"https:\/\/www.ellesaussi.org\/wp-content\/uploads\/2025\/03\/La-Marianne-de-la-Parite-des-11-EPCI-dans-le-Puy-de-Dome-04.png 630w, https:\/\/www.ellesaussi.org\/wp-content\/uploads\/2025\/03\/La-Marianne-de-la-Parite-des-11-EPCI-dans-le-Puy-de-Dome-04-300x187.png 300w\" sizes=\"(max-width: 630px) 100vw, 630px\" \/><br \/><em>Repr\u00e9sentation des femmes dans les EPCI du Puy de D\u00f4me<\/em><\/p>\t\t\t\t\t\t<\/div>\n\t\t\t\t<\/div>\n\t\t\t\t\t<\/div>\n\t\t\t\t<\/div>\n\t\t\t\t<\/div>\n\t\t","protected":false},"excerpt":{"rendered":"<p>\u00c0 l\u2019invitation de Jo\u00ebl Mathurin, pr\u00e9fet et Reine L\u00e9pinay, co-pr\u00e9sidente d\u2019Elles aussi, la remise des troph\u00e9es s\u2019est tenue le 8 mars 2025 dans les salons de la Pr\u00e9fecture de Clermont Ferrand (Ci-dessus)De Gauche \u00e0 droite : Nicolas Bonnet d\u00e9put\u00e9, Laurent Dumas Pr\u00e9sident de la CC Pays de Saint Eloy, Jean Marc Boyer s\u00e9nateur Co-pr\u00e9sident du [&hellip;]<\/p>\n","protected":false},"author":1,"featured_media":3451,"comment_status":"closed","ping_status":"closed","sticky":false,"template":"","format":"standard","meta":{"footnotes":""},"categories":[37],"tags":[],"class_list":["post-3450","post","type-post","status-publish","format-standard","has-post-thumbnail","hentry","category-marianne-de-la-parite-2020-2026"],"yoast_head":"<!-- This site is optimized with the Yoast SEO plugin v22.8 - https:\/\/yoast.com\/wordpress\/plugins\/seo\/ -->\n<title>La Marianne de la Parit\u00e9 des 14 EPCI dans le Puy de D\u00f4me - Elles Aussi<\/title>\n<meta name=\"robots\" content=\"index, follow, max-snippet:-1, max-image-preview:large, max-video-preview:-1\" \/>\n<link rel=\"canonical\" href=\"https:\/\/www.ellesaussi.org\/?p=3450\" \/>\n<meta property=\"og:locale\" content=\"fr_FR\" \/>\n<meta property=\"og:type\" content=\"article\" \/>\n<meta property=\"og:title\" content=\"La Marianne de la Parit\u00e9 des 14 EPCI dans le Puy de D\u00f4me - Elles Aussi\" \/>\n<meta property=\"og:description\" content=\"\u00c0 l\u2019invitation de Jo\u00ebl Mathurin, pr\u00e9fet et Reine L\u00e9pinay, co-pr\u00e9sidente d\u2019Elles aussi, la remise des troph\u00e9es s\u2019est tenue le 8 mars 2025 dans les salons de la Pr\u00e9fecture de Clermont Ferrand (Ci-dessus)De Gauche \u00e0 droite : Nicolas Bonnet d\u00e9put\u00e9, Laurent Dumas Pr\u00e9sident de la CC Pays de Saint Eloy, Jean Marc Boyer s\u00e9nateur Co-pr\u00e9sident du [&hellip;]\" \/>\n<meta property=\"og:url\" content=\"https:\/\/www.ellesaussi.org\/?p=3450\" \/>\n<meta property=\"og:site_name\" content=\"Elles Aussi\" \/>\n<meta property=\"article:publisher\" content=\"https:\/\/www.facebook.com\/ellesaussi\/\" \/>\n<meta property=\"article:published_time\" content=\"2025-03-08T17:42:59+00:00\" \/>\n<meta property=\"article:modified_time\" content=\"2025-03-17T08:21:39+00:00\" \/>\n<meta property=\"og:image\" content=\"https:\/\/www.ellesaussi.org\/wp-content\/uploads\/2025\/03\/La-Marianne-de-la-Parite-des-11-EPCI-dans-le-Puy-de-Dome-01.jpg\" \/>\n\t<meta property=\"og:image:width\" content=\"768\" \/>\n\t<meta property=\"og:image:height\" content=\"576\" \/>\n\t<meta property=\"og:image:type\" content=\"image\/jpeg\" \/>\n<meta name=\"author\" content=\"admin\" \/>\n<meta name=\"twitter:card\" content=\"summary_large_image\" \/>\n<meta name=\"twitter:label1\" content=\"\u00c9crit par\" \/>\n\t<meta name=\"twitter:data1\" content=\"admin\" \/>\n\t<meta name=\"twitter:label2\" content=\"Dur\u00e9e de lecture estim\u00e9e\" \/>\n\t<meta name=\"twitter:data2\" content=\"4 minutes\" \/>\n<script type=\"application\/ld+json\" class=\"yoast-schema-graph\">{\"@context\":\"https:\/\/schema.org\",\"@graph\":[{\"@type\":\"Article\",\"@id\":\"https:\/\/www.ellesaussi.org\/?p=3450#article\",\"isPartOf\":{\"@id\":\"https:\/\/www.ellesaussi.org\/?p=3450\"},\"author\":{\"name\":\"admin\",\"@id\":\"https:\/\/www.ellesaussi.org\/#\/schema\/person\/eeca4be50db30b5dbb39f78fc3364160\"},\"headline\":\"La Marianne de la Parit\u00e9 des 14 EPCI dans le Puy de D\u00f4me\",\"datePublished\":\"2025-03-08T17:42:59+00:00\",\"dateModified\":\"2025-03-17T08:21:39+00:00\",\"mainEntityOfPage\":{\"@id\":\"https:\/\/www.ellesaussi.org\/?p=3450\"},\"wordCount\":610,\"publisher\":{\"@id\":\"https:\/\/www.ellesaussi.org\/#organization\"},\"image\":{\"@id\":\"https:\/\/www.ellesaussi.org\/?p=3450#primaryimage\"},\"thumbnailUrl\":\"https:\/\/www.ellesaussi.org\/wp-content\/uploads\/2025\/03\/La-Marianne-de-la-Parite-des-11-EPCI-dans-le-Puy-de-Dome-01.jpg\",\"articleSection\":[\"Marianne de la Parit\u00e9 2020-2026\"],\"inLanguage\":\"fr-FR\"},{\"@type\":\"WebPage\",\"@id\":\"https:\/\/www.ellesaussi.org\/?p=3450\",\"url\":\"https:\/\/www.ellesaussi.org\/?p=3450\",\"name\":\"La Marianne de la Parit\u00e9 des 14 EPCI dans le Puy de D\u00f4me - Elles Aussi\",\"isPartOf\":{\"@id\":\"https:\/\/www.ellesaussi.org\/#website\"},\"primaryImageOfPage\":{\"@id\":\"https:\/\/www.ellesaussi.org\/?p=3450#primaryimage\"},\"image\":{\"@id\":\"https:\/\/www.ellesaussi.org\/?p=3450#primaryimage\"},\"thumbnailUrl\":\"https:\/\/www.ellesaussi.org\/wp-content\/uploads\/2025\/03\/La-Marianne-de-la-Parite-des-11-EPCI-dans-le-Puy-de-Dome-01.jpg\",\"datePublished\":\"2025-03-08T17:42:59+00:00\",\"dateModified\":\"2025-03-17T08:21:39+00:00\",\"breadcrumb\":{\"@id\":\"https:\/\/www.ellesaussi.org\/?p=3450#breadcrumb\"},\"inLanguage\":\"fr-FR\",\"potentialAction\":[{\"@type\":\"ReadAction\",\"target\":[\"https:\/\/www.ellesaussi.org\/?p=3450\"]}]},{\"@type\":\"ImageObject\",\"inLanguage\":\"fr-FR\",\"@id\":\"https:\/\/www.ellesaussi.org\/?p=3450#primaryimage\",\"url\":\"https:\/\/www.ellesaussi.org\/wp-content\/uploads\/2025\/03\/La-Marianne-de-la-Parite-des-11-EPCI-dans-le-Puy-de-Dome-01.jpg\",\"contentUrl\":\"https:\/\/www.ellesaussi.org\/wp-content\/uploads\/2025\/03\/La-Marianne-de-la-Parite-des-11-EPCI-dans-le-Puy-de-Dome-01.jpg\",\"width\":768,\"height\":576},{\"@type\":\"BreadcrumbList\",\"@id\":\"https:\/\/www.ellesaussi.org\/?p=3450#breadcrumb\",\"itemListElement\":[{\"@type\":\"ListItem\",\"position\":1,\"name\":\"Accueil\",\"item\":\"https:\/\/www.ellesaussi.org\/\"},{\"@type\":\"ListItem\",\"position\":2,\"name\":\"La Marianne de la Parit\u00e9 des 14 EPCI dans le Puy de D\u00f4me\"}]},{\"@type\":\"WebSite\",\"@id\":\"https:\/\/www.ellesaussi.org\/#website\",\"url\":\"https:\/\/www.ellesaussi.org\/\",\"name\":\"Elles Aussi\",\"description\":\"\",\"publisher\":{\"@id\":\"https:\/\/www.ellesaussi.org\/#organization\"},\"potentialAction\":[{\"@type\":\"SearchAction\",\"target\":{\"@type\":\"EntryPoint\",\"urlTemplate\":\"https:\/\/www.ellesaussi.org\/?s={search_term_string}\"},\"query-input\":\"required name=search_term_string\"}],\"inLanguage\":\"fr-FR\"},{\"@type\":\"Organization\",\"@id\":\"https:\/\/www.ellesaussi.org\/#organization\",\"name\":\"Elles Aussi\",\"url\":\"https:\/\/www.ellesaussi.org\/\",\"logo\":{\"@type\":\"ImageObject\",\"inLanguage\":\"fr-FR\",\"@id\":\"https:\/\/www.ellesaussi.org\/#\/schema\/logo\/image\/\",\"url\":\"https:\/\/www.ellesaussi.org\/wp-content\/uploads\/2024\/05\/Elles-aussi_logotype_rouge.png\",\"contentUrl\":\"https:\/\/www.ellesaussi.org\/wp-content\/uploads\/2024\/05\/Elles-aussi_logotype_rouge.png\",\"width\":3472,\"height\":2480,\"caption\":\"Elles Aussi\"},\"image\":{\"@id\":\"https:\/\/www.ellesaussi.org\/#\/schema\/logo\/image\/\"},\"sameAs\":[\"https:\/\/www.facebook.com\/ellesaussi\/\"]},{\"@type\":\"Person\",\"@id\":\"https:\/\/www.ellesaussi.org\/#\/schema\/person\/eeca4be50db30b5dbb39f78fc3364160\",\"name\":\"admin\",\"image\":{\"@type\":\"ImageObject\",\"inLanguage\":\"fr-FR\",\"@id\":\"https:\/\/www.ellesaussi.org\/#\/schema\/person\/image\/\",\"url\":\"https:\/\/secure.gravatar.com\/avatar\/62da4937aa6d6b509192861c0b966204a1b742b2814f6387fa08fe6c98a8729c?s=96&d=mm&r=g\",\"contentUrl\":\"https:\/\/secure.gravatar.com\/avatar\/62da4937aa6d6b509192861c0b966204a1b742b2814f6387fa08fe6c98a8729c?s=96&d=mm&r=g\",\"caption\":\"admin\"},\"sameAs\":[\"https:\/\/elles129186.webdb78.lwspanel.com\"],\"url\":\"https:\/\/www.ellesaussi.org\/?author=1\"}]}<\/script>\n<!-- \/ Yoast SEO plugin. -->","yoast_head_json":{"title":"La Marianne de la Parit\u00e9 des 14 EPCI dans le Puy de D\u00f4me - Elles Aussi","robots":{"index":"index","follow":"follow","max-snippet":"max-snippet:-1","max-image-preview":"max-image-preview:large","max-video-preview":"max-video-preview:-1"},"canonical":"https:\/\/www.ellesaussi.org\/?p=3450","og_locale":"fr_FR","og_type":"article","og_title":"La Marianne de la Parit\u00e9 des 14 EPCI dans le Puy de D\u00f4me - Elles Aussi","og_description":"\u00c0 l\u2019invitation de Jo\u00ebl Mathurin, pr\u00e9fet et Reine L\u00e9pinay, co-pr\u00e9sidente d\u2019Elles aussi, la remise des troph\u00e9es s\u2019est tenue le 8 mars 2025 dans les salons de la Pr\u00e9fecture de Clermont Ferrand (Ci-dessus)De Gauche \u00e0 droite : Nicolas Bonnet d\u00e9put\u00e9, Laurent Dumas Pr\u00e9sident de la CC Pays de Saint Eloy, Jean Marc Boyer s\u00e9nateur Co-pr\u00e9sident du [&hellip;]","og_url":"https:\/\/www.ellesaussi.org\/?p=3450","og_site_name":"Elles Aussi","article_publisher":"https:\/\/www.facebook.com\/ellesaussi\/","article_published_time":"2025-03-08T17:42:59+00:00","article_modified_time":"2025-03-17T08:21:39+00:00","og_image":[{"width":768,"height":576,"url":"https:\/\/www.ellesaussi.org\/wp-content\/uploads\/2025\/03\/La-Marianne-de-la-Parite-des-11-EPCI-dans-le-Puy-de-Dome-01.jpg","type":"image\/jpeg"}],"author":"admin","twitter_card":"summary_large_image","twitter_misc":{"\u00c9crit par":"admin","Dur\u00e9e de lecture estim\u00e9e":"4 minutes"},"schema":{"@context":"https:\/\/schema.org","@graph":[{"@type":"Article","@id":"https:\/\/www.ellesaussi.org\/?p=3450#article","isPartOf":{"@id":"https:\/\/www.ellesaussi.org\/?p=3450"},"author":{"name":"admin","@id":"https:\/\/www.ellesaussi.org\/#\/schema\/person\/eeca4be50db30b5dbb39f78fc3364160"},"headline":"La Marianne de la Parit\u00e9 des 14 EPCI dans le Puy de D\u00f4me","datePublished":"2025-03-08T17:42:59+00:00","dateModified":"2025-03-17T08:21:39+00:00","mainEntityOfPage":{"@id":"https:\/\/www.ellesaussi.org\/?p=3450"},"wordCount":610,"publisher":{"@id":"https:\/\/www.ellesaussi.org\/#organization"},"image":{"@id":"https:\/\/www.ellesaussi.org\/?p=3450#primaryimage"},"thumbnailUrl":"https:\/\/www.ellesaussi.org\/wp-content\/uploads\/2025\/03\/La-Marianne-de-la-Parite-des-11-EPCI-dans-le-Puy-de-Dome-01.jpg","articleSection":["Marianne de la Parit\u00e9 2020-2026"],"inLanguage":"fr-FR"},{"@type":"WebPage","@id":"https:\/\/www.ellesaussi.org\/?p=3450","url":"https:\/\/www.ellesaussi.org\/?p=3450","name":"La Marianne de la Parit\u00e9 des 14 EPCI dans le Puy de D\u00f4me - Elles Aussi","isPartOf":{"@id":"https:\/\/www.ellesaussi.org\/#website"},"primaryImageOfPage":{"@id":"https:\/\/www.ellesaussi.org\/?p=3450#primaryimage"},"image":{"@id":"https:\/\/www.ellesaussi.org\/?p=3450#primaryimage"},"thumbnailUrl":"https:\/\/www.ellesaussi.org\/wp-content\/uploads\/2025\/03\/La-Marianne-de-la-Parite-des-11-EPCI-dans-le-Puy-de-Dome-01.jpg","datePublished":"2025-03-08T17:42:59+00:00","dateModified":"2025-03-17T08:21:39+00:00","breadcrumb":{"@id":"https:\/\/www.ellesaussi.org\/?p=3450#breadcrumb"},"inLanguage":"fr-FR","potentialAction":[{"@type":"ReadAction","target":["https:\/\/www.ellesaussi.org\/?p=3450"]}]},{"@type":"ImageObject","inLanguage":"fr-FR","@id":"https:\/\/www.ellesaussi.org\/?p=3450#primaryimage","url":"https:\/\/www.ellesaussi.org\/wp-content\/uploads\/2025\/03\/La-Marianne-de-la-Parite-des-11-EPCI-dans-le-Puy-de-Dome-01.jpg","contentUrl":"https:\/\/www.ellesaussi.org\/wp-content\/uploads\/2025\/03\/La-Marianne-de-la-Parite-des-11-EPCI-dans-le-Puy-de-Dome-01.jpg","width":768,"height":576},{"@type":"BreadcrumbList","@id":"https:\/\/www.ellesaussi.org\/?p=3450#breadcrumb","itemListElement":[{"@type":"ListItem","position":1,"name":"Accueil","item":"https:\/\/www.ellesaussi.org\/"},{"@type":"ListItem","position":2,"name":"La Marianne de la Parit\u00e9 des 14 EPCI dans le Puy de D\u00f4me"}]},{"@type":"WebSite","@id":"https:\/\/www.ellesaussi.org\/#website","url":"https:\/\/www.ellesaussi.org\/","name":"Elles Aussi","description":"","publisher":{"@id":"https:\/\/www.ellesaussi.org\/#organization"},"potentialAction":[{"@type":"SearchAction","target":{"@type":"EntryPoint","urlTemplate":"https:\/\/www.ellesaussi.org\/?s={search_term_string}"},"query-input":"required name=search_term_string"}],"inLanguage":"fr-FR"},{"@type":"Organization","@id":"https:\/\/www.ellesaussi.org\/#organization","name":"Elles Aussi","url":"https:\/\/www.ellesaussi.org\/","logo":{"@type":"ImageObject","inLanguage":"fr-FR","@id":"https:\/\/www.ellesaussi.org\/#\/schema\/logo\/image\/","url":"https:\/\/www.ellesaussi.org\/wp-content\/uploads\/2024\/05\/Elles-aussi_logotype_rouge.png","contentUrl":"https:\/\/www.ellesaussi.org\/wp-content\/uploads\/2024\/05\/Elles-aussi_logotype_rouge.png","width":3472,"height":2480,"caption":"Elles Aussi"},"image":{"@id":"https:\/\/www.ellesaussi.org\/#\/schema\/logo\/image\/"},"sameAs":["https:\/\/www.facebook.com\/ellesaussi\/"]},{"@type":"Person","@id":"https:\/\/www.ellesaussi.org\/#\/schema\/person\/eeca4be50db30b5dbb39f78fc3364160","name":"admin","image":{"@type":"ImageObject","inLanguage":"fr-FR","@id":"https:\/\/www.ellesaussi.org\/#\/schema\/person\/image\/","url":"https:\/\/secure.gravatar.com\/avatar\/62da4937aa6d6b509192861c0b966204a1b742b2814f6387fa08fe6c98a8729c?s=96&d=mm&r=g","contentUrl":"https:\/\/secure.gravatar.com\/avatar\/62da4937aa6d6b509192861c0b966204a1b742b2814f6387fa08fe6c98a8729c?s=96&d=mm&r=g","caption":"admin"},"sameAs":["https:\/\/elles129186.webdb78.lwspanel.com"],"url":"https:\/\/www.ellesaussi.org\/?author=1"}]}},"_links":{"self":[{"href":"https:\/\/www.ellesaussi.org\/index.php?rest_route=\/wp\/v2\/posts\/3450","targetHints":{"allow":["GET"]}}],"collection":[{"href":"https:\/\/www.ellesaussi.org\/index.php?rest_route=\/wp\/v2\/posts"}],"about":[{"href":"https:\/\/www.ellesaussi.org\/index.php?rest_route=\/wp\/v2\/types\/post"}],"author":[{"embeddable":true,"href":"https:\/\/www.ellesaussi.org\/index.php?rest_route=\/wp\/v2\/users\/1"}],"replies":[{"embeddable":true,"href":"https:\/\/www.ellesaussi.org\/index.php?rest_route=%2Fwp%2Fv2%2Fcomments&post=3450"}],"version-history":[{"count":5,"href":"https:\/\/www.ellesaussi.org\/index.php?rest_route=\/wp\/v2\/posts\/3450\/revisions"}],"predecessor-version":[{"id":3468,"href":"https:\/\/www.ellesaussi.org\/index.php?rest_route=\/wp\/v2\/posts\/3450\/revisions\/3468"}],"wp:featuredmedia":[{"embeddable":true,"href":"https:\/\/www.ellesaussi.org\/index.php?rest_route=\/wp\/v2\/media\/3451"}],"wp:attachment":[{"href":"https:\/\/www.ellesaussi.org\/index.php?rest_route=%2Fwp%2Fv2%2Fmedia&parent=3450"}],"wp:term":[{"taxonomy":"category","embeddable":true,"href":"https:\/\/www.ellesaussi.org\/index.php?rest_route=%2Fwp%2Fv2%2Fcategories&post=3450"},{"taxonomy":"post_tag","embeddable":true,"href":"https:\/\/www.ellesaussi.org\/index.php?rest_route=%2Fwp%2Fv2%2Ftags&post=3450"}],"curies":[{"name":"wp","href":"https:\/\/api.w.org\/{rel}","templated":true}]}}