{"id":3438,"date":"2025-03-07T18:36:11","date_gmt":"2025-03-07T17:36:11","guid":{"rendered":"https:\/\/www.ellesaussi.org\/?p=3438"},"modified":"2025-03-14T18:41:35","modified_gmt":"2025-03-14T17:41:35","slug":"la-marianne-de-la-parite-pour-les-11-epci-de-haute-loire","status":"publish","type":"post","link":"https:\/\/www.ellesaussi.org\/?p=3438","title":{"rendered":"\u00ab La Marianne de la Parit\u00e9 \u00bb pour les 11 EPCI de Haute Loire."},"content":{"rendered":"\t\t<div data-elementor-type=\"wp-post\" data-elementor-id=\"3438\" class=\"elementor elementor-3438\" data-elementor-post-type=\"post\">\n\t\t\t\t<div class=\"elementor-element elementor-element-e799b60 e-flex e-con-boxed e-con e-parent\" data-id=\"e799b60\" data-element_type=\"container\">\n\t\t\t\t\t<div class=\"e-con-inner\">\n\t\t\t\t<div class=\"elementor-element elementor-element-f7f6fdc elementor-widget elementor-widget-text-editor\" data-id=\"f7f6fdc\" data-element_type=\"widget\" data-widget_type=\"text-editor.default\">\n\t\t\t\t<div class=\"elementor-widget-container\">\n\t\t\t\t\t\t\t<p><span style=\"color: #f15b43;\"><strong>A l\u2019invitation du Pr\u00e9fet Yvan Cordier, Marie Agn\u00e8s Petit, Pr\u00e9sidente du Conseil d\u00e9partemental et Reine L\u00e9pinay, Co-pr\u00e9sidente d\u2019Elles aussi, la remise des troph\u00e9es s\u2019est tenue le 7 mars 2025 aux Archives d\u00e9partementales au Puy en Velay.<\/strong><\/span><\/p><p style=\"text-align: center;\"><em><strong>(Ci-dessus)<\/strong><br \/>De gauche a droite Reine L\u00e9pinay d\u2019Elles aussi, Olivier Cigolotti<\/em><br \/><em>S\u00e9nateur, Co-pr\u00e9sident du Jury et Daniel Favier Pr\u00e9sident<\/em><br \/><em>de la CC des Sucs 1 er prix entour\u00e9 de ses Vice-pr\u00e9sidentes<\/em><\/p><p style=\"text-align: center;\"><em><img fetchpriority=\"high\" decoding=\"async\" class=\"size-full wp-image-3442 aligncenter\" src=\"https:\/\/www.ellesaussi.org\/wp-content\/uploads\/2025\/03\/La-Marianne-de-la-Parite-pour-les-11-EPCI-de-Haute-Loire-02.jpg\" alt=\"\" width=\"1102\" height=\"826\" srcset=\"https:\/\/www.ellesaussi.org\/wp-content\/uploads\/2025\/03\/La-Marianne-de-la-Parite-pour-les-11-EPCI-de-Haute-Loire-02.jpg 1102w, https:\/\/www.ellesaussi.org\/wp-content\/uploads\/2025\/03\/La-Marianne-de-la-Parite-pour-les-11-EPCI-de-Haute-Loire-02-300x225.jpg 300w, https:\/\/www.ellesaussi.org\/wp-content\/uploads\/2025\/03\/La-Marianne-de-la-Parite-pour-les-11-EPCI-de-Haute-Loire-02-1024x768.jpg 1024w, https:\/\/www.ellesaussi.org\/wp-content\/uploads\/2025\/03\/La-Marianne-de-la-Parite-pour-les-11-EPCI-de-Haute-Loire-02-768x576.jpg 768w\" sizes=\"(max-width: 1102px) 100vw, 1102px\" \/><br \/>De gauche \u00e0 droite Reine L\u00e9pinay elles aussi et \u00e0 la table ronde,<\/em><br \/><em>G\u00e9rard Beaud PdtCC Rives du Haut Allier, David Salque-Pradier<\/em><br \/><em>Pdt CC du Haut Lignon, Daniel Favier Pdt CC des Sucs,<\/em><br \/><em>Olivier Cigolotti s\u00e9nateur Co-pr\u00e9sident du Jury Elles aussi<\/em><\/p><p style=\"text-align: center;\"><em><img decoding=\"async\" class=\"size-full wp-image-3443 aligncenter\" src=\"https:\/\/www.ellesaussi.org\/wp-content\/uploads\/2025\/03\/La-Marianne-de-la-Parite-pour-les-11-EPCI-de-Haute-Loire-03.jpg\" alt=\"\" width=\"1280\" height=\"960\" srcset=\"https:\/\/www.ellesaussi.org\/wp-content\/uploads\/2025\/03\/La-Marianne-de-la-Parite-pour-les-11-EPCI-de-Haute-Loire-03.jpg 1280w, https:\/\/www.ellesaussi.org\/wp-content\/uploads\/2025\/03\/La-Marianne-de-la-Parite-pour-les-11-EPCI-de-Haute-Loire-03-300x225.jpg 300w, https:\/\/www.ellesaussi.org\/wp-content\/uploads\/2025\/03\/La-Marianne-de-la-Parite-pour-les-11-EPCI-de-Haute-Loire-03-1024x768.jpg 1024w, https:\/\/www.ellesaussi.org\/wp-content\/uploads\/2025\/03\/La-Marianne-de-la-Parite-pour-les-11-EPCI-de-Haute-Loire-03-768x576.jpg 768w\" sizes=\"(max-width: 1280px) 100vw, 1280px\" \/><br \/>Lancement exposition \u00ab l\u2019ordonnance de 1944 instituant le droit de vote des femmes \u00bb<\/em><br \/><em>en ouverture de la Marianne de la Parit\u00e9 des EPCI. De gauche \u00e0 droite, Jean Bernard Mon\u00e9, <\/em><em>Directeur des Archives d\u00e9partementales, Marie Agn\u00e8s Petit Pr\u00e9sidente du Conseil d\u00e9partemental, <\/em><em>Et Olivier Cigolotti s\u00e9nateur co-pr\u00e9sident.es du jury elles aussi, C\u00e9cile Gallien Vice-pr\u00e9sidente AMRF 43 et Yvan Cordier Pr\u00e9fet du d\u00e9partement.<\/em><\/p><p>\u00a0<\/p><p>Apr\u00e8s le lancement de l\u2019Exposition \u00ab Les Essentiels des Archives nationales : l\u2019ordonnance de 1944 instituant le droit de vote des femmes \u00bb, et apr\u00e8s l\u2019ouverture de la c\u00e9r\u00e9monie par le Pr\u00e9fet Yvan Cordier, Reine L\u00e9pinay a anim\u00e9 les tables rondes \u00ab la voix des territoires \u00bb et \u00ab la voix l\u00e9gislative \u00bb de la Marianne de la Parit\u00e9 des intercommunalit\u00e9s.<br \/>L\u2019occasion d\u2019entendre des t\u00e9moignages de femmes \u00e9lues, de l\u2019association des maires ruraux du d\u00e9partement et enfin des intercommunalit\u00e9s laur\u00e9ates et d\u2019un parlementaire.<br \/>Le s\u00e9nateur Olivier Cigolotti et la pr\u00e9sidente du conseil d\u00e9partemental Marie Agn\u00e8s Petit ont co-pr\u00e9sid\u00e9 le jury et remis les troph\u00e9es aux 3 EPCI prim\u00e9s : la Communaut\u00e9 de communes des Sucs, pr\u00e9sid\u00e9 par Daniel Favier, la Communaut\u00e9 de communes du Haut Lignon, pr\u00e9sid\u00e9 par David Salque-Pradier, et la communaut\u00e9 de communes des Rives du Haut Allier, pr\u00e9sid\u00e9 par G\u00e9rard Baud.<\/p><p><span style=\"color: #f15b43;\"><strong>Les caract\u00e9ristiques des EPCI de la haute Loire :<\/strong> <\/span>des intercommunalit\u00e9s de taille diverse.<br \/>27 % des EPCI ont un tandem de t\u00eate paritaire et ont plus de 40% de F dans les conseils ; 18% ont 40% et plus de femmes dans les ex\u00e9cutifs et 27% un ex\u00e9cutif (Pr\u00e9sidence et Vice pr\u00e9sidences) exclusivement masculin. Les d\u00e9l\u00e9gations non st\u00e9r\u00e9otyp\u00e9es allou\u00e9es aux femmes sont au nombre de 3 ce qui r\u00e9v\u00e8le une distribution tr\u00e8s genr\u00e9e des d\u00e9l\u00e9gations dans l\u2019ensemble.<br \/>Nous relevons 0% de pr\u00e9sidentes ; 24% de conseill\u00e8res et 23% de vice-pr\u00e9sidentes. Comme dans les autres d\u00e9partements d\u2019Auvergne, le sujet de l\u2019am\u00e9lioration du statut de l\u2019\u00e9lu reste pour les \u00e9lu\u00b7es locaux\u00b7ales une priorit\u00e9 pour s\u00e9curiser l\u2019engagement r\u00e9publicain. Un consensus se d\u00e9gage pour le scrutin de liste paritaire pour les communes de moins de 1 000 habitants mais avec aussi une discussion sur le seuil d\u2019application (d\u00e8s le 1er habitant ou d\u00e8s 500 habitants).<\/p><p>Reine L\u00e9pinay, co-pr\u00e9sidente d\u2019Elles aussi<\/p><p style=\"text-align: center;\"><br \/><img decoding=\"async\" class=\"size-full wp-image-3441 aligncenter\" src=\"https:\/\/www.ellesaussi.org\/wp-content\/uploads\/2025\/03\/La-Marianne-de-la-Parite-pour-les-11-EPCI-de-Haute-Loire-04.png\" alt=\"\" width=\"591\" height=\"381\" srcset=\"https:\/\/www.ellesaussi.org\/wp-content\/uploads\/2025\/03\/La-Marianne-de-la-Parite-pour-les-11-EPCI-de-Haute-Loire-04.png 591w, https:\/\/www.ellesaussi.org\/wp-content\/uploads\/2025\/03\/La-Marianne-de-la-Parite-pour-les-11-EPCI-de-Haute-Loire-04-300x193.png 300w\" sizes=\"(max-width: 591px) 100vw, 591px\" \/><br \/><em>Repr\u00e9sentation des femmes dans les EPCI de Haute Loire<\/em><\/p>\t\t\t\t\t\t<\/div>\n\t\t\t\t<\/div>\n\t\t\t\t\t<\/div>\n\t\t\t\t<\/div>\n\t\t\t\t<\/div>\n\t\t","protected":false},"excerpt":{"rendered":"<p>A l\u2019invitation du Pr\u00e9fet Yvan Cordier, Marie Agn\u00e8s Petit, Pr\u00e9sidente du Conseil d\u00e9partemental et Reine L\u00e9pinay, Co-pr\u00e9sidente d\u2019Elles aussi, la remise des troph\u00e9es s\u2019est tenue le 7 mars 2025 aux Archives d\u00e9partementales au Puy en Velay. (Ci-dessus)De gauche a droite Reine L\u00e9pinay d\u2019Elles aussi, Olivier CigolottiS\u00e9nateur, Co-pr\u00e9sident du Jury et Daniel Favier Pr\u00e9sidentde la CC [&hellip;]<\/p>\n","protected":false},"author":1,"featured_media":3439,"comment_status":"closed","ping_status":"closed","sticky":false,"template":"","format":"standard","meta":{"footnotes":""},"categories":[37],"tags":[],"class_list":["post-3438","post","type-post","status-publish","format-standard","has-post-thumbnail","hentry","category-marianne-de-la-parite-2020-2026"],"yoast_head":"<!-- This site is optimized with the Yoast SEO plugin v22.8 - https:\/\/yoast.com\/wordpress\/plugins\/seo\/ -->\n<title>\u00ab La Marianne de la Parit\u00e9 \u00bb pour les 11 EPCI de Haute Loire. - Elles Aussi<\/title>\n<meta name=\"robots\" content=\"index, follow, max-snippet:-1, max-image-preview:large, max-video-preview:-1\" \/>\n<link rel=\"canonical\" href=\"https:\/\/www.ellesaussi.org\/?p=3438\" \/>\n<meta property=\"og:locale\" content=\"fr_FR\" \/>\n<meta property=\"og:type\" content=\"article\" \/>\n<meta property=\"og:title\" content=\"\u00ab La Marianne de la Parit\u00e9 \u00bb pour les 11 EPCI de Haute Loire. - Elles Aussi\" \/>\n<meta property=\"og:description\" content=\"A l\u2019invitation du Pr\u00e9fet Yvan Cordier, Marie Agn\u00e8s Petit, Pr\u00e9sidente du Conseil d\u00e9partemental et Reine L\u00e9pinay, Co-pr\u00e9sidente d\u2019Elles aussi, la remise des troph\u00e9es s\u2019est tenue le 7 mars 2025 aux Archives d\u00e9partementales au Puy en Velay. (Ci-dessus)De gauche a droite Reine L\u00e9pinay d\u2019Elles aussi, Olivier CigolottiS\u00e9nateur, Co-pr\u00e9sident du Jury et Daniel Favier Pr\u00e9sidentde la CC [&hellip;]\" \/>\n<meta property=\"og:url\" content=\"https:\/\/www.ellesaussi.org\/?p=3438\" \/>\n<meta property=\"og:site_name\" content=\"Elles Aussi\" \/>\n<meta property=\"article:publisher\" content=\"https:\/\/www.facebook.com\/ellesaussi\/\" \/>\n<meta property=\"article:published_time\" content=\"2025-03-07T17:36:11+00:00\" \/>\n<meta property=\"article:modified_time\" content=\"2025-03-14T17:41:35+00:00\" \/>\n<meta property=\"og:image\" content=\"https:\/\/www.ellesaussi.org\/wp-content\/uploads\/2025\/03\/La-Marianne-de-la-Parite-pour-les-11-EPCI-de-Haute-Loire-01.jpg\" \/>\n\t<meta property=\"og:image:width\" content=\"821\" \/>\n\t<meta property=\"og:image:height\" content=\"399\" \/>\n\t<meta property=\"og:image:type\" content=\"image\/jpeg\" \/>\n<meta name=\"author\" content=\"admin\" \/>\n<meta name=\"twitter:card\" content=\"summary_large_image\" \/>\n<meta name=\"twitter:label1\" content=\"\u00c9crit par\" \/>\n\t<meta name=\"twitter:data1\" content=\"admin\" \/>\n\t<meta name=\"twitter:label2\" content=\"Dur\u00e9e de lecture estim\u00e9e\" \/>\n\t<meta name=\"twitter:data2\" content=\"3 minutes\" \/>\n<script type=\"application\/ld+json\" class=\"yoast-schema-graph\">{\"@context\":\"https:\/\/schema.org\",\"@graph\":[{\"@type\":\"Article\",\"@id\":\"https:\/\/www.ellesaussi.org\/?p=3438#article\",\"isPartOf\":{\"@id\":\"https:\/\/www.ellesaussi.org\/?p=3438\"},\"author\":{\"name\":\"admin\",\"@id\":\"https:\/\/www.ellesaussi.org\/#\/schema\/person\/eeca4be50db30b5dbb39f78fc3364160\"},\"headline\":\"\u00ab La Marianne de la Parit\u00e9 \u00bb pour les 11 EPCI de Haute Loire.\",\"datePublished\":\"2025-03-07T17:36:11+00:00\",\"dateModified\":\"2025-03-14T17:41:35+00:00\",\"mainEntityOfPage\":{\"@id\":\"https:\/\/www.ellesaussi.org\/?p=3438\"},\"wordCount\":559,\"publisher\":{\"@id\":\"https:\/\/www.ellesaussi.org\/#organization\"},\"image\":{\"@id\":\"https:\/\/www.ellesaussi.org\/?p=3438#primaryimage\"},\"thumbnailUrl\":\"https:\/\/www.ellesaussi.org\/wp-content\/uploads\/2025\/03\/La-Marianne-de-la-Parite-pour-les-11-EPCI-de-Haute-Loire-01.jpg\",\"articleSection\":[\"Marianne de la Parit\u00e9 2020-2026\"],\"inLanguage\":\"fr-FR\"},{\"@type\":\"WebPage\",\"@id\":\"https:\/\/www.ellesaussi.org\/?p=3438\",\"url\":\"https:\/\/www.ellesaussi.org\/?p=3438\",\"name\":\"\u00ab La Marianne de la Parit\u00e9 \u00bb pour les 11 EPCI de Haute Loire. - Elles Aussi\",\"isPartOf\":{\"@id\":\"https:\/\/www.ellesaussi.org\/#website\"},\"primaryImageOfPage\":{\"@id\":\"https:\/\/www.ellesaussi.org\/?p=3438#primaryimage\"},\"image\":{\"@id\":\"https:\/\/www.ellesaussi.org\/?p=3438#primaryimage\"},\"thumbnailUrl\":\"https:\/\/www.ellesaussi.org\/wp-content\/uploads\/2025\/03\/La-Marianne-de-la-Parite-pour-les-11-EPCI-de-Haute-Loire-01.jpg\",\"datePublished\":\"2025-03-07T17:36:11+00:00\",\"dateModified\":\"2025-03-14T17:41:35+00:00\",\"breadcrumb\":{\"@id\":\"https:\/\/www.ellesaussi.org\/?p=3438#breadcrumb\"},\"inLanguage\":\"fr-FR\",\"potentialAction\":[{\"@type\":\"ReadAction\",\"target\":[\"https:\/\/www.ellesaussi.org\/?p=3438\"]}]},{\"@type\":\"ImageObject\",\"inLanguage\":\"fr-FR\",\"@id\":\"https:\/\/www.ellesaussi.org\/?p=3438#primaryimage\",\"url\":\"https:\/\/www.ellesaussi.org\/wp-content\/uploads\/2025\/03\/La-Marianne-de-la-Parite-pour-les-11-EPCI-de-Haute-Loire-01.jpg\",\"contentUrl\":\"https:\/\/www.ellesaussi.org\/wp-content\/uploads\/2025\/03\/La-Marianne-de-la-Parite-pour-les-11-EPCI-de-Haute-Loire-01.jpg\",\"width\":821,\"height\":399},{\"@type\":\"BreadcrumbList\",\"@id\":\"https:\/\/www.ellesaussi.org\/?p=3438#breadcrumb\",\"itemListElement\":[{\"@type\":\"ListItem\",\"position\":1,\"name\":\"Accueil\",\"item\":\"https:\/\/www.ellesaussi.org\/\"},{\"@type\":\"ListItem\",\"position\":2,\"name\":\"\u00ab La Marianne de la Parit\u00e9 \u00bb pour les 11 EPCI de Haute Loire.\"}]},{\"@type\":\"WebSite\",\"@id\":\"https:\/\/www.ellesaussi.org\/#website\",\"url\":\"https:\/\/www.ellesaussi.org\/\",\"name\":\"Elles Aussi\",\"description\":\"\",\"publisher\":{\"@id\":\"https:\/\/www.ellesaussi.org\/#organization\"},\"potentialAction\":[{\"@type\":\"SearchAction\",\"target\":{\"@type\":\"EntryPoint\",\"urlTemplate\":\"https:\/\/www.ellesaussi.org\/?s={search_term_string}\"},\"query-input\":\"required name=search_term_string\"}],\"inLanguage\":\"fr-FR\"},{\"@type\":\"Organization\",\"@id\":\"https:\/\/www.ellesaussi.org\/#organization\",\"name\":\"Elles Aussi\",\"url\":\"https:\/\/www.ellesaussi.org\/\",\"logo\":{\"@type\":\"ImageObject\",\"inLanguage\":\"fr-FR\",\"@id\":\"https:\/\/www.ellesaussi.org\/#\/schema\/logo\/image\/\",\"url\":\"https:\/\/www.ellesaussi.org\/wp-content\/uploads\/2024\/05\/Elles-aussi_logotype_rouge.png\",\"contentUrl\":\"https:\/\/www.ellesaussi.org\/wp-content\/uploads\/2024\/05\/Elles-aussi_logotype_rouge.png\",\"width\":3472,\"height\":2480,\"caption\":\"Elles Aussi\"},\"image\":{\"@id\":\"https:\/\/www.ellesaussi.org\/#\/schema\/logo\/image\/\"},\"sameAs\":[\"https:\/\/www.facebook.com\/ellesaussi\/\"]},{\"@type\":\"Person\",\"@id\":\"https:\/\/www.ellesaussi.org\/#\/schema\/person\/eeca4be50db30b5dbb39f78fc3364160\",\"name\":\"admin\",\"image\":{\"@type\":\"ImageObject\",\"inLanguage\":\"fr-FR\",\"@id\":\"https:\/\/www.ellesaussi.org\/#\/schema\/person\/image\/\",\"url\":\"https:\/\/secure.gravatar.com\/avatar\/62da4937aa6d6b509192861c0b966204a1b742b2814f6387fa08fe6c98a8729c?s=96&d=mm&r=g\",\"contentUrl\":\"https:\/\/secure.gravatar.com\/avatar\/62da4937aa6d6b509192861c0b966204a1b742b2814f6387fa08fe6c98a8729c?s=96&d=mm&r=g\",\"caption\":\"admin\"},\"sameAs\":[\"https:\/\/elles129186.webdb78.lwspanel.com\"],\"url\":\"https:\/\/www.ellesaussi.org\/?author=1\"}]}<\/script>\n<!-- \/ Yoast SEO plugin. -->","yoast_head_json":{"title":"\u00ab La Marianne de la Parit\u00e9 \u00bb pour les 11 EPCI de Haute Loire. - Elles Aussi","robots":{"index":"index","follow":"follow","max-snippet":"max-snippet:-1","max-image-preview":"max-image-preview:large","max-video-preview":"max-video-preview:-1"},"canonical":"https:\/\/www.ellesaussi.org\/?p=3438","og_locale":"fr_FR","og_type":"article","og_title":"\u00ab La Marianne de la Parit\u00e9 \u00bb pour les 11 EPCI de Haute Loire. - Elles Aussi","og_description":"A l\u2019invitation du Pr\u00e9fet Yvan Cordier, Marie Agn\u00e8s Petit, Pr\u00e9sidente du Conseil d\u00e9partemental et Reine L\u00e9pinay, Co-pr\u00e9sidente d\u2019Elles aussi, la remise des troph\u00e9es s\u2019est tenue le 7 mars 2025 aux Archives d\u00e9partementales au Puy en Velay. (Ci-dessus)De gauche a droite Reine L\u00e9pinay d\u2019Elles aussi, Olivier CigolottiS\u00e9nateur, Co-pr\u00e9sident du Jury et Daniel Favier Pr\u00e9sidentde la CC [&hellip;]","og_url":"https:\/\/www.ellesaussi.org\/?p=3438","og_site_name":"Elles Aussi","article_publisher":"https:\/\/www.facebook.com\/ellesaussi\/","article_published_time":"2025-03-07T17:36:11+00:00","article_modified_time":"2025-03-14T17:41:35+00:00","og_image":[{"width":821,"height":399,"url":"https:\/\/www.ellesaussi.org\/wp-content\/uploads\/2025\/03\/La-Marianne-de-la-Parite-pour-les-11-EPCI-de-Haute-Loire-01.jpg","type":"image\/jpeg"}],"author":"admin","twitter_card":"summary_large_image","twitter_misc":{"\u00c9crit par":"admin","Dur\u00e9e de lecture estim\u00e9e":"3 minutes"},"schema":{"@context":"https:\/\/schema.org","@graph":[{"@type":"Article","@id":"https:\/\/www.ellesaussi.org\/?p=3438#article","isPartOf":{"@id":"https:\/\/www.ellesaussi.org\/?p=3438"},"author":{"name":"admin","@id":"https:\/\/www.ellesaussi.org\/#\/schema\/person\/eeca4be50db30b5dbb39f78fc3364160"},"headline":"\u00ab La Marianne de la Parit\u00e9 \u00bb pour les 11 EPCI de Haute Loire.","datePublished":"2025-03-07T17:36:11+00:00","dateModified":"2025-03-14T17:41:35+00:00","mainEntityOfPage":{"@id":"https:\/\/www.ellesaussi.org\/?p=3438"},"wordCount":559,"publisher":{"@id":"https:\/\/www.ellesaussi.org\/#organization"},"image":{"@id":"https:\/\/www.ellesaussi.org\/?p=3438#primaryimage"},"thumbnailUrl":"https:\/\/www.ellesaussi.org\/wp-content\/uploads\/2025\/03\/La-Marianne-de-la-Parite-pour-les-11-EPCI-de-Haute-Loire-01.jpg","articleSection":["Marianne de la Parit\u00e9 2020-2026"],"inLanguage":"fr-FR"},{"@type":"WebPage","@id":"https:\/\/www.ellesaussi.org\/?p=3438","url":"https:\/\/www.ellesaussi.org\/?p=3438","name":"\u00ab La Marianne de la Parit\u00e9 \u00bb pour les 11 EPCI de Haute Loire. - Elles Aussi","isPartOf":{"@id":"https:\/\/www.ellesaussi.org\/#website"},"primaryImageOfPage":{"@id":"https:\/\/www.ellesaussi.org\/?p=3438#primaryimage"},"image":{"@id":"https:\/\/www.ellesaussi.org\/?p=3438#primaryimage"},"thumbnailUrl":"https:\/\/www.ellesaussi.org\/wp-content\/uploads\/2025\/03\/La-Marianne-de-la-Parite-pour-les-11-EPCI-de-Haute-Loire-01.jpg","datePublished":"2025-03-07T17:36:11+00:00","dateModified":"2025-03-14T17:41:35+00:00","breadcrumb":{"@id":"https:\/\/www.ellesaussi.org\/?p=3438#breadcrumb"},"inLanguage":"fr-FR","potentialAction":[{"@type":"ReadAction","target":["https:\/\/www.ellesaussi.org\/?p=3438"]}]},{"@type":"ImageObject","inLanguage":"fr-FR","@id":"https:\/\/www.ellesaussi.org\/?p=3438#primaryimage","url":"https:\/\/www.ellesaussi.org\/wp-content\/uploads\/2025\/03\/La-Marianne-de-la-Parite-pour-les-11-EPCI-de-Haute-Loire-01.jpg","contentUrl":"https:\/\/www.ellesaussi.org\/wp-content\/uploads\/2025\/03\/La-Marianne-de-la-Parite-pour-les-11-EPCI-de-Haute-Loire-01.jpg","width":821,"height":399},{"@type":"BreadcrumbList","@id":"https:\/\/www.ellesaussi.org\/?p=3438#breadcrumb","itemListElement":[{"@type":"ListItem","position":1,"name":"Accueil","item":"https:\/\/www.ellesaussi.org\/"},{"@type":"ListItem","position":2,"name":"\u00ab La Marianne de la Parit\u00e9 \u00bb pour les 11 EPCI de Haute Loire."}]},{"@type":"WebSite","@id":"https:\/\/www.ellesaussi.org\/#website","url":"https:\/\/www.ellesaussi.org\/","name":"Elles Aussi","description":"","publisher":{"@id":"https:\/\/www.ellesaussi.org\/#organization"},"potentialAction":[{"@type":"SearchAction","target":{"@type":"EntryPoint","urlTemplate":"https:\/\/www.ellesaussi.org\/?s={search_term_string}"},"query-input":"required name=search_term_string"}],"inLanguage":"fr-FR"},{"@type":"Organization","@id":"https:\/\/www.ellesaussi.org\/#organization","name":"Elles Aussi","url":"https:\/\/www.ellesaussi.org\/","logo":{"@type":"ImageObject","inLanguage":"fr-FR","@id":"https:\/\/www.ellesaussi.org\/#\/schema\/logo\/image\/","url":"https:\/\/www.ellesaussi.org\/wp-content\/uploads\/2024\/05\/Elles-aussi_logotype_rouge.png","contentUrl":"https:\/\/www.ellesaussi.org\/wp-content\/uploads\/2024\/05\/Elles-aussi_logotype_rouge.png","width":3472,"height":2480,"caption":"Elles Aussi"},"image":{"@id":"https:\/\/www.ellesaussi.org\/#\/schema\/logo\/image\/"},"sameAs":["https:\/\/www.facebook.com\/ellesaussi\/"]},{"@type":"Person","@id":"https:\/\/www.ellesaussi.org\/#\/schema\/person\/eeca4be50db30b5dbb39f78fc3364160","name":"admin","image":{"@type":"ImageObject","inLanguage":"fr-FR","@id":"https:\/\/www.ellesaussi.org\/#\/schema\/person\/image\/","url":"https:\/\/secure.gravatar.com\/avatar\/62da4937aa6d6b509192861c0b966204a1b742b2814f6387fa08fe6c98a8729c?s=96&d=mm&r=g","contentUrl":"https:\/\/secure.gravatar.com\/avatar\/62da4937aa6d6b509192861c0b966204a1b742b2814f6387fa08fe6c98a8729c?s=96&d=mm&r=g","caption":"admin"},"sameAs":["https:\/\/elles129186.webdb78.lwspanel.com"],"url":"https:\/\/www.ellesaussi.org\/?author=1"}]}},"_links":{"self":[{"href":"https:\/\/www.ellesaussi.org\/index.php?rest_route=\/wp\/v2\/posts\/3438","targetHints":{"allow":["GET"]}}],"collection":[{"href":"https:\/\/www.ellesaussi.org\/index.php?rest_route=\/wp\/v2\/posts"}],"about":[{"href":"https:\/\/www.ellesaussi.org\/index.php?rest_route=\/wp\/v2\/types\/post"}],"author":[{"embeddable":true,"href":"https:\/\/www.ellesaussi.org\/index.php?rest_route=\/wp\/v2\/users\/1"}],"replies":[{"embeddable":true,"href":"https:\/\/www.ellesaussi.org\/index.php?rest_route=%2Fwp%2Fv2%2Fcomments&post=3438"}],"version-history":[{"count":7,"href":"https:\/\/www.ellesaussi.org\/index.php?rest_route=\/wp\/v2\/posts\/3438\/revisions"}],"predecessor-version":[{"id":3449,"href":"https:\/\/www.ellesaussi.org\/index.php?rest_route=\/wp\/v2\/posts\/3438\/revisions\/3449"}],"wp:featuredmedia":[{"embeddable":true,"href":"https:\/\/www.ellesaussi.org\/index.php?rest_route=\/wp\/v2\/media\/3439"}],"wp:attachment":[{"href":"https:\/\/www.ellesaussi.org\/index.php?rest_route=%2Fwp%2Fv2%2Fmedia&parent=3438"}],"wp:term":[{"taxonomy":"category","embeddable":true,"href":"https:\/\/www.ellesaussi.org\/index.php?rest_route=%2Fwp%2Fv2%2Fcategories&post=3438"},{"taxonomy":"post_tag","embeddable":true,"href":"https:\/\/www.ellesaussi.org\/index.php?rest_route=%2Fwp%2Fv2%2Ftags&post=3438"}],"curies":[{"name":"wp","href":"https:\/\/api.w.org\/{rel}","templated":true}]}}