{"id":3355,"date":"2025-01-29T17:07:02","date_gmt":"2025-01-29T16:07:02","guid":{"rendered":"https:\/\/www.ellesaussi.org\/?p=3355"},"modified":"2025-02-17T17:09:31","modified_gmt":"2025-02-17T16:09:31","slug":"lordre-national-du-merite-pour-reine-lepinay","status":"publish","type":"post","link":"https:\/\/www.ellesaussi.org\/?p=3355","title":{"rendered":"L\u2019Ordre National du M\u00e9rite pour Reine Lepinay"},"content":{"rendered":"\t\t<div data-elementor-type=\"wp-post\" data-elementor-id=\"3355\" class=\"elementor elementor-3355\" data-elementor-post-type=\"post\">\n\t\t\t\t<div class=\"elementor-element elementor-element-64f7562 e-flex e-con-boxed e-con e-parent\" data-id=\"64f7562\" data-element_type=\"container\">\n\t\t\t\t\t<div class=\"e-con-inner\">\n\t\t\t\t<div class=\"elementor-element elementor-element-4b57881 elementor-widget elementor-widget-text-editor\" data-id=\"4b57881\" data-element_type=\"widget\" data-widget_type=\"text-editor.default\">\n\t\t\t\t<div class=\"elementor-widget-container\">\n\t\t\t\t\t\t\t<p style=\"text-align: center;\"><em>Reine Lepinay , 3\u00e8me personne \u00e0 partir de la droite<\/em><\/p><p><br \/><strong>Le 29 janvier 2025 Reine LEPINAY Co-Pr\u00e9sidente d\u2019Elles aussi a re\u00e7u l\u2019insigne de Chevalier de l\u2019Ordre National du M\u00e9rite remis par le Grand Chancelier de la L\u00e9gion d\u2019Honneur, le G\u00e9n\u00e9ral Fran\u00e7ois LECOINTRE, en pr\u00e9sence de Madame Fabienne BUCCIO, Pr\u00e9f\u00e8te de la r\u00e9gion Auvergne-Rh\u00f4ne-Alpes, Pr\u00e9f\u00e8te du Rh\u00f4ne.<\/strong><br \/><br \/><br \/>Le Grand chancelier de la l\u00e9gion d\u2019honneur \u00e0 LYON, a \u00e9voqu\u00e9 lors de la c\u00e9r\u00e9monie, le besoin \u00ab de favoriser une meilleure compr\u00e9hension et une vision renouvel\u00e9e des ordres nationaux \u00bb. Il a dit la n\u00e9cessit\u00e9 de porter haut le sentiment d\u2019admiration dans une soci\u00e9t\u00e9 neurasth\u00e9nique prisonni\u00e8re de ses peurs \u00e0 l\u2019\u00e9gard du monde. C\u2019est ce sentiment d\u2019admiration qui peut redonner de l\u2019\u00e9nergie et redonner vie \u00e0 une citoyennet\u00e9 r\u00e9publicaine.<br \/><br \/>Convaincue que le bien commun ne peut \u00eatre mieux port\u00e9 que par des collectifs d\u00e9fendant les valeurs r\u00e9publicaines de Libert\u00e9, Egalit\u00e9, Fraternit\u00e9, Sororit\u00e9 et La\u00efcit\u00e9, Reine LEPINAY a souhait\u00e9 partager cette reconnaissance avec l\u2019ensemble du r\u00e9seau Elles aussi qu\u2019elle co-pr\u00e9side avec V\u00e9ronique Genelle et celui des CIDFF d\u2019Auvergne Rh\u00f4ne Alpes dont elle pr\u00e9side la F\u00e9d\u00e9ration r\u00e9gionale.<br \/><br \/>Elles aussi \u0153uvre depuis 32 ans \u00e0 faire advenir la parit\u00e9 dans toutes les assembl\u00e9es \u00e9lues et organise des manifestations dans les territoires, pour sensibiliser les femmes \u00e0 la n\u00e9cessit\u00e9 d\u2019un engagement politique f\u00e9minin, et des rencontres avec les parlementaires afin de proposer de nouvelles lois paritaires.<br \/><br \/>L\u2019occasion de rappeler :<\/p><ul><li>les \u00e9tudes et expertises faites par Elles aussi,<\/li><li>sa participation active aux travaux du HCE depuis de nombreuses ann\u00e9es,<\/li><li>l\u2019organisation des c\u00e9r\u00e9monies La Marianne de la Parit\u00e9 des intercommunalit\u00e9s dans les r\u00e9gions<\/li><li>les rencontres citoyennes pour inciter les femmes \u00e0 se pr\u00e9senter t\u00eates de liste aux \u00e9lections municipales<\/li><li>les auditions par les d\u00e9l\u00e9gations aux Droits des femmes et des collectivit\u00e9s territoriales et de la d\u00e9centralisation du S\u00e9nat et de l\u2019Assembl\u00e9e nationale<\/li><\/ul><p>Depuis 1992, Elles aussi a travaill\u00e9 avec d\u00e9termination et pers\u00e9v\u00e9rance \u00e0 faire entendre la parole des femmes dans les assembl\u00e9es. Des satisfactions avec la parit\u00e9 dans les assembl\u00e9es r\u00e9gionales, d\u00e9partementales et les communes de plus de 1000 habitants, mais aussi des r\u00e9sistances \u00e0 la parit\u00e9 dans les communes de moins de 1000 habitants, les intercommunalit\u00e9s, l\u2019Assembl\u00e9e nationale et le S\u00e9nat qui vont demander une grande mobilisation l\u00e9gislative.<\/p><p><br \/><strong>La remise de l\u2019insigne de Chevalier de l\u2019Ordre National du M\u00e9rite \u00e0 Madame L\u00e9pinay est aussi l\u2019occasion de remercier et de reconna\u00eetre l\u2019immense implication des nombreuses b\u00e9n\u00e9voles d\u2019Elles aussi pleinement engag\u00e9es aux c\u00f4t\u00e9s des femmes pour d\u00e9fendre leurs droits et faire advenir une soci\u00e9t\u00e9 plus juste entre les hommes et les femmes.<\/strong><\/p><p><img fetchpriority=\"high\" decoding=\"async\" class=\"size-full wp-image-3358 aligncenter\" src=\"https:\/\/www.ellesaussi.org\/wp-content\/uploads\/2025\/02\/LOrdre-National-du-Merite-pour-Reine-Lepinay2.jpg\" alt=\"\" width=\"1436\" height=\"943\" srcset=\"https:\/\/www.ellesaussi.org\/wp-content\/uploads\/2025\/02\/LOrdre-National-du-Merite-pour-Reine-Lepinay2.jpg 1436w, https:\/\/www.ellesaussi.org\/wp-content\/uploads\/2025\/02\/LOrdre-National-du-Merite-pour-Reine-Lepinay2-300x197.jpg 300w, https:\/\/www.ellesaussi.org\/wp-content\/uploads\/2025\/02\/LOrdre-National-du-Merite-pour-Reine-Lepinay2-1024x672.jpg 1024w, https:\/\/www.ellesaussi.org\/wp-content\/uploads\/2025\/02\/LOrdre-National-du-Merite-pour-Reine-Lepinay2-768x504.jpg 768w\" sizes=\"(max-width: 1436px) 100vw, 1436px\" \/><br \/><br \/><em>Le 3 f\u00e9vrier, les responsables des antennes et des associations partenaires d\u2019Elles aussi ont partag\u00e9 cette reconnaissance r\u00e9publicaine avec Reine L\u00e9pinay<\/em><\/p>\t\t\t\t\t\t<\/div>\n\t\t\t\t<\/div>\n\t\t\t\t\t<\/div>\n\t\t\t\t<\/div>\n\t\t\t\t<\/div>\n\t\t","protected":false},"excerpt":{"rendered":"<p>Reine Lepinay , 3\u00e8me personne \u00e0 partir de la droite Le 29 janvier 2025 Reine LEPINAY Co-Pr\u00e9sidente d\u2019Elles aussi a re\u00e7u l\u2019insigne de Chevalier de l\u2019Ordre National du M\u00e9rite remis par le Grand Chancelier de la L\u00e9gion d\u2019Honneur, le G\u00e9n\u00e9ral Fran\u00e7ois LECOINTRE, en pr\u00e9sence de Madame Fabienne BUCCIO, Pr\u00e9f\u00e8te de la r\u00e9gion Auvergne-Rh\u00f4ne-Alpes, Pr\u00e9f\u00e8te du [&hellip;]<\/p>\n","protected":false},"author":1,"featured_media":3356,"comment_status":"closed","ping_status":"closed","sticky":false,"template":"","format":"standard","meta":{"footnotes":""},"categories":[38],"tags":[],"class_list":["post-3355","post","type-post","status-publish","format-standard","has-post-thumbnail","hentry","category-chronique-de-la-parite"],"yoast_head":"<!-- This site is optimized with the Yoast SEO plugin v22.8 - https:\/\/yoast.com\/wordpress\/plugins\/seo\/ -->\n<title>L\u2019Ordre National du M\u00e9rite pour Reine Lepinay - Elles Aussi<\/title>\n<meta name=\"robots\" content=\"index, follow, max-snippet:-1, max-image-preview:large, max-video-preview:-1\" \/>\n<link rel=\"canonical\" href=\"https:\/\/www.ellesaussi.org\/?p=3355\" \/>\n<meta property=\"og:locale\" content=\"fr_FR\" \/>\n<meta property=\"og:type\" content=\"article\" \/>\n<meta property=\"og:title\" content=\"L\u2019Ordre National du M\u00e9rite pour Reine Lepinay - Elles Aussi\" \/>\n<meta property=\"og:description\" content=\"Reine Lepinay , 3\u00e8me personne \u00e0 partir de la droite Le 29 janvier 2025 Reine LEPINAY Co-Pr\u00e9sidente d\u2019Elles aussi a re\u00e7u l\u2019insigne de Chevalier de l\u2019Ordre National du M\u00e9rite remis par le Grand Chancelier de la L\u00e9gion d\u2019Honneur, le G\u00e9n\u00e9ral Fran\u00e7ois LECOINTRE, en pr\u00e9sence de Madame Fabienne BUCCIO, Pr\u00e9f\u00e8te de la r\u00e9gion Auvergne-Rh\u00f4ne-Alpes, Pr\u00e9f\u00e8te du [&hellip;]\" \/>\n<meta property=\"og:url\" content=\"https:\/\/www.ellesaussi.org\/?p=3355\" \/>\n<meta property=\"og:site_name\" content=\"Elles Aussi\" \/>\n<meta property=\"article:publisher\" content=\"https:\/\/www.facebook.com\/ellesaussi\/\" \/>\n<meta property=\"article:published_time\" content=\"2025-01-29T16:07:02+00:00\" \/>\n<meta property=\"article:modified_time\" content=\"2025-02-17T16:09:31+00:00\" \/>\n<meta property=\"og:image\" content=\"https:\/\/www.ellesaussi.org\/wp-content\/uploads\/2025\/02\/LOrdre-National-du-Merite-pour-Reine-Lepinay.jpg\" \/>\n\t<meta property=\"og:image:width\" content=\"1237\" \/>\n\t<meta property=\"og:image:height\" content=\"564\" \/>\n\t<meta property=\"og:image:type\" content=\"image\/jpeg\" \/>\n<meta name=\"author\" content=\"admin\" \/>\n<meta name=\"twitter:card\" content=\"summary_large_image\" \/>\n<meta name=\"twitter:label1\" content=\"\u00c9crit par\" \/>\n\t<meta name=\"twitter:data1\" content=\"admin\" \/>\n\t<meta name=\"twitter:label2\" content=\"Dur\u00e9e de lecture estim\u00e9e\" \/>\n\t<meta name=\"twitter:data2\" content=\"3 minutes\" \/>\n<script type=\"application\/ld+json\" class=\"yoast-schema-graph\">{\"@context\":\"https:\/\/schema.org\",\"@graph\":[{\"@type\":\"Article\",\"@id\":\"https:\/\/www.ellesaussi.org\/?p=3355#article\",\"isPartOf\":{\"@id\":\"https:\/\/www.ellesaussi.org\/?p=3355\"},\"author\":{\"name\":\"admin\",\"@id\":\"https:\/\/www.ellesaussi.org\/#\/schema\/person\/eeca4be50db30b5dbb39f78fc3364160\"},\"headline\":\"L\u2019Ordre National du M\u00e9rite pour Reine Lepinay\",\"datePublished\":\"2025-01-29T16:07:02+00:00\",\"dateModified\":\"2025-02-17T16:09:31+00:00\",\"mainEntityOfPage\":{\"@id\":\"https:\/\/www.ellesaussi.org\/?p=3355\"},\"wordCount\":533,\"publisher\":{\"@id\":\"https:\/\/www.ellesaussi.org\/#organization\"},\"image\":{\"@id\":\"https:\/\/www.ellesaussi.org\/?p=3355#primaryimage\"},\"thumbnailUrl\":\"https:\/\/www.ellesaussi.org\/wp-content\/uploads\/2025\/02\/LOrdre-National-du-Merite-pour-Reine-Lepinay.jpg\",\"articleSection\":[\"Chronique de la parit\u00e9\"],\"inLanguage\":\"fr-FR\"},{\"@type\":\"WebPage\",\"@id\":\"https:\/\/www.ellesaussi.org\/?p=3355\",\"url\":\"https:\/\/www.ellesaussi.org\/?p=3355\",\"name\":\"L\u2019Ordre National du M\u00e9rite pour Reine Lepinay - Elles Aussi\",\"isPartOf\":{\"@id\":\"https:\/\/www.ellesaussi.org\/#website\"},\"primaryImageOfPage\":{\"@id\":\"https:\/\/www.ellesaussi.org\/?p=3355#primaryimage\"},\"image\":{\"@id\":\"https:\/\/www.ellesaussi.org\/?p=3355#primaryimage\"},\"thumbnailUrl\":\"https:\/\/www.ellesaussi.org\/wp-content\/uploads\/2025\/02\/LOrdre-National-du-Merite-pour-Reine-Lepinay.jpg\",\"datePublished\":\"2025-01-29T16:07:02+00:00\",\"dateModified\":\"2025-02-17T16:09:31+00:00\",\"breadcrumb\":{\"@id\":\"https:\/\/www.ellesaussi.org\/?p=3355#breadcrumb\"},\"inLanguage\":\"fr-FR\",\"potentialAction\":[{\"@type\":\"ReadAction\",\"target\":[\"https:\/\/www.ellesaussi.org\/?p=3355\"]}]},{\"@type\":\"ImageObject\",\"inLanguage\":\"fr-FR\",\"@id\":\"https:\/\/www.ellesaussi.org\/?p=3355#primaryimage\",\"url\":\"https:\/\/www.ellesaussi.org\/wp-content\/uploads\/2025\/02\/LOrdre-National-du-Merite-pour-Reine-Lepinay.jpg\",\"contentUrl\":\"https:\/\/www.ellesaussi.org\/wp-content\/uploads\/2025\/02\/LOrdre-National-du-Merite-pour-Reine-Lepinay.jpg\",\"width\":1237,\"height\":564},{\"@type\":\"BreadcrumbList\",\"@id\":\"https:\/\/www.ellesaussi.org\/?p=3355#breadcrumb\",\"itemListElement\":[{\"@type\":\"ListItem\",\"position\":1,\"name\":\"Accueil\",\"item\":\"https:\/\/www.ellesaussi.org\/\"},{\"@type\":\"ListItem\",\"position\":2,\"name\":\"L\u2019Ordre National du M\u00e9rite pour Reine Lepinay\"}]},{\"@type\":\"WebSite\",\"@id\":\"https:\/\/www.ellesaussi.org\/#website\",\"url\":\"https:\/\/www.ellesaussi.org\/\",\"name\":\"Elles Aussi\",\"description\":\"\",\"publisher\":{\"@id\":\"https:\/\/www.ellesaussi.org\/#organization\"},\"potentialAction\":[{\"@type\":\"SearchAction\",\"target\":{\"@type\":\"EntryPoint\",\"urlTemplate\":\"https:\/\/www.ellesaussi.org\/?s={search_term_string}\"},\"query-input\":\"required name=search_term_string\"}],\"inLanguage\":\"fr-FR\"},{\"@type\":\"Organization\",\"@id\":\"https:\/\/www.ellesaussi.org\/#organization\",\"name\":\"Elles Aussi\",\"url\":\"https:\/\/www.ellesaussi.org\/\",\"logo\":{\"@type\":\"ImageObject\",\"inLanguage\":\"fr-FR\",\"@id\":\"https:\/\/www.ellesaussi.org\/#\/schema\/logo\/image\/\",\"url\":\"https:\/\/www.ellesaussi.org\/wp-content\/uploads\/2024\/05\/Elles-aussi_logotype_rouge.png\",\"contentUrl\":\"https:\/\/www.ellesaussi.org\/wp-content\/uploads\/2024\/05\/Elles-aussi_logotype_rouge.png\",\"width\":3472,\"height\":2480,\"caption\":\"Elles Aussi\"},\"image\":{\"@id\":\"https:\/\/www.ellesaussi.org\/#\/schema\/logo\/image\/\"},\"sameAs\":[\"https:\/\/www.facebook.com\/ellesaussi\/\"]},{\"@type\":\"Person\",\"@id\":\"https:\/\/www.ellesaussi.org\/#\/schema\/person\/eeca4be50db30b5dbb39f78fc3364160\",\"name\":\"admin\",\"image\":{\"@type\":\"ImageObject\",\"inLanguage\":\"fr-FR\",\"@id\":\"https:\/\/www.ellesaussi.org\/#\/schema\/person\/image\/\",\"url\":\"https:\/\/secure.gravatar.com\/avatar\/62da4937aa6d6b509192861c0b966204a1b742b2814f6387fa08fe6c98a8729c?s=96&d=mm&r=g\",\"contentUrl\":\"https:\/\/secure.gravatar.com\/avatar\/62da4937aa6d6b509192861c0b966204a1b742b2814f6387fa08fe6c98a8729c?s=96&d=mm&r=g\",\"caption\":\"admin\"},\"sameAs\":[\"https:\/\/elles129186.webdb78.lwspanel.com\"],\"url\":\"https:\/\/www.ellesaussi.org\/?author=1\"}]}<\/script>\n<!-- \/ Yoast SEO plugin. -->","yoast_head_json":{"title":"L\u2019Ordre National du M\u00e9rite pour Reine Lepinay - Elles Aussi","robots":{"index":"index","follow":"follow","max-snippet":"max-snippet:-1","max-image-preview":"max-image-preview:large","max-video-preview":"max-video-preview:-1"},"canonical":"https:\/\/www.ellesaussi.org\/?p=3355","og_locale":"fr_FR","og_type":"article","og_title":"L\u2019Ordre National du M\u00e9rite pour Reine Lepinay - Elles Aussi","og_description":"Reine Lepinay , 3\u00e8me personne \u00e0 partir de la droite Le 29 janvier 2025 Reine LEPINAY Co-Pr\u00e9sidente d\u2019Elles aussi a re\u00e7u l\u2019insigne de Chevalier de l\u2019Ordre National du M\u00e9rite remis par le Grand Chancelier de la L\u00e9gion d\u2019Honneur, le G\u00e9n\u00e9ral Fran\u00e7ois LECOINTRE, en pr\u00e9sence de Madame Fabienne BUCCIO, Pr\u00e9f\u00e8te de la r\u00e9gion Auvergne-Rh\u00f4ne-Alpes, Pr\u00e9f\u00e8te du [&hellip;]","og_url":"https:\/\/www.ellesaussi.org\/?p=3355","og_site_name":"Elles Aussi","article_publisher":"https:\/\/www.facebook.com\/ellesaussi\/","article_published_time":"2025-01-29T16:07:02+00:00","article_modified_time":"2025-02-17T16:09:31+00:00","og_image":[{"width":1237,"height":564,"url":"https:\/\/www.ellesaussi.org\/wp-content\/uploads\/2025\/02\/LOrdre-National-du-Merite-pour-Reine-Lepinay.jpg","type":"image\/jpeg"}],"author":"admin","twitter_card":"summary_large_image","twitter_misc":{"\u00c9crit par":"admin","Dur\u00e9e de lecture estim\u00e9e":"3 minutes"},"schema":{"@context":"https:\/\/schema.org","@graph":[{"@type":"Article","@id":"https:\/\/www.ellesaussi.org\/?p=3355#article","isPartOf":{"@id":"https:\/\/www.ellesaussi.org\/?p=3355"},"author":{"name":"admin","@id":"https:\/\/www.ellesaussi.org\/#\/schema\/person\/eeca4be50db30b5dbb39f78fc3364160"},"headline":"L\u2019Ordre National du M\u00e9rite pour Reine Lepinay","datePublished":"2025-01-29T16:07:02+00:00","dateModified":"2025-02-17T16:09:31+00:00","mainEntityOfPage":{"@id":"https:\/\/www.ellesaussi.org\/?p=3355"},"wordCount":533,"publisher":{"@id":"https:\/\/www.ellesaussi.org\/#organization"},"image":{"@id":"https:\/\/www.ellesaussi.org\/?p=3355#primaryimage"},"thumbnailUrl":"https:\/\/www.ellesaussi.org\/wp-content\/uploads\/2025\/02\/LOrdre-National-du-Merite-pour-Reine-Lepinay.jpg","articleSection":["Chronique de la parit\u00e9"],"inLanguage":"fr-FR"},{"@type":"WebPage","@id":"https:\/\/www.ellesaussi.org\/?p=3355","url":"https:\/\/www.ellesaussi.org\/?p=3355","name":"L\u2019Ordre National du M\u00e9rite pour Reine Lepinay - Elles Aussi","isPartOf":{"@id":"https:\/\/www.ellesaussi.org\/#website"},"primaryImageOfPage":{"@id":"https:\/\/www.ellesaussi.org\/?p=3355#primaryimage"},"image":{"@id":"https:\/\/www.ellesaussi.org\/?p=3355#primaryimage"},"thumbnailUrl":"https:\/\/www.ellesaussi.org\/wp-content\/uploads\/2025\/02\/LOrdre-National-du-Merite-pour-Reine-Lepinay.jpg","datePublished":"2025-01-29T16:07:02+00:00","dateModified":"2025-02-17T16:09:31+00:00","breadcrumb":{"@id":"https:\/\/www.ellesaussi.org\/?p=3355#breadcrumb"},"inLanguage":"fr-FR","potentialAction":[{"@type":"ReadAction","target":["https:\/\/www.ellesaussi.org\/?p=3355"]}]},{"@type":"ImageObject","inLanguage":"fr-FR","@id":"https:\/\/www.ellesaussi.org\/?p=3355#primaryimage","url":"https:\/\/www.ellesaussi.org\/wp-content\/uploads\/2025\/02\/LOrdre-National-du-Merite-pour-Reine-Lepinay.jpg","contentUrl":"https:\/\/www.ellesaussi.org\/wp-content\/uploads\/2025\/02\/LOrdre-National-du-Merite-pour-Reine-Lepinay.jpg","width":1237,"height":564},{"@type":"BreadcrumbList","@id":"https:\/\/www.ellesaussi.org\/?p=3355#breadcrumb","itemListElement":[{"@type":"ListItem","position":1,"name":"Accueil","item":"https:\/\/www.ellesaussi.org\/"},{"@type":"ListItem","position":2,"name":"L\u2019Ordre National du M\u00e9rite pour Reine Lepinay"}]},{"@type":"WebSite","@id":"https:\/\/www.ellesaussi.org\/#website","url":"https:\/\/www.ellesaussi.org\/","name":"Elles Aussi","description":"","publisher":{"@id":"https:\/\/www.ellesaussi.org\/#organization"},"potentialAction":[{"@type":"SearchAction","target":{"@type":"EntryPoint","urlTemplate":"https:\/\/www.ellesaussi.org\/?s={search_term_string}"},"query-input":"required name=search_term_string"}],"inLanguage":"fr-FR"},{"@type":"Organization","@id":"https:\/\/www.ellesaussi.org\/#organization","name":"Elles Aussi","url":"https:\/\/www.ellesaussi.org\/","logo":{"@type":"ImageObject","inLanguage":"fr-FR","@id":"https:\/\/www.ellesaussi.org\/#\/schema\/logo\/image\/","url":"https:\/\/www.ellesaussi.org\/wp-content\/uploads\/2024\/05\/Elles-aussi_logotype_rouge.png","contentUrl":"https:\/\/www.ellesaussi.org\/wp-content\/uploads\/2024\/05\/Elles-aussi_logotype_rouge.png","width":3472,"height":2480,"caption":"Elles Aussi"},"image":{"@id":"https:\/\/www.ellesaussi.org\/#\/schema\/logo\/image\/"},"sameAs":["https:\/\/www.facebook.com\/ellesaussi\/"]},{"@type":"Person","@id":"https:\/\/www.ellesaussi.org\/#\/schema\/person\/eeca4be50db30b5dbb39f78fc3364160","name":"admin","image":{"@type":"ImageObject","inLanguage":"fr-FR","@id":"https:\/\/www.ellesaussi.org\/#\/schema\/person\/image\/","url":"https:\/\/secure.gravatar.com\/avatar\/62da4937aa6d6b509192861c0b966204a1b742b2814f6387fa08fe6c98a8729c?s=96&d=mm&r=g","contentUrl":"https:\/\/secure.gravatar.com\/avatar\/62da4937aa6d6b509192861c0b966204a1b742b2814f6387fa08fe6c98a8729c?s=96&d=mm&r=g","caption":"admin"},"sameAs":["https:\/\/elles129186.webdb78.lwspanel.com"],"url":"https:\/\/www.ellesaussi.org\/?author=1"}]}},"_links":{"self":[{"href":"https:\/\/www.ellesaussi.org\/index.php?rest_route=\/wp\/v2\/posts\/3355","targetHints":{"allow":["GET"]}}],"collection":[{"href":"https:\/\/www.ellesaussi.org\/index.php?rest_route=\/wp\/v2\/posts"}],"about":[{"href":"https:\/\/www.ellesaussi.org\/index.php?rest_route=\/wp\/v2\/types\/post"}],"author":[{"embeddable":true,"href":"https:\/\/www.ellesaussi.org\/index.php?rest_route=\/wp\/v2\/users\/1"}],"replies":[{"embeddable":true,"href":"https:\/\/www.ellesaussi.org\/index.php?rest_route=%2Fwp%2Fv2%2Fcomments&post=3355"}],"version-history":[{"count":4,"href":"https:\/\/www.ellesaussi.org\/index.php?rest_route=\/wp\/v2\/posts\/3355\/revisions"}],"predecessor-version":[{"id":3361,"href":"https:\/\/www.ellesaussi.org\/index.php?rest_route=\/wp\/v2\/posts\/3355\/revisions\/3361"}],"wp:featuredmedia":[{"embeddable":true,"href":"https:\/\/www.ellesaussi.org\/index.php?rest_route=\/wp\/v2\/media\/3356"}],"wp:attachment":[{"href":"https:\/\/www.ellesaussi.org\/index.php?rest_route=%2Fwp%2Fv2%2Fmedia&parent=3355"}],"wp:term":[{"taxonomy":"category","embeddable":true,"href":"https:\/\/www.ellesaussi.org\/index.php?rest_route=%2Fwp%2Fv2%2Fcategories&post=3355"},{"taxonomy":"post_tag","embeddable":true,"href":"https:\/\/www.ellesaussi.org\/index.php?rest_route=%2Fwp%2Fv2%2Ftags&post=3355"}],"curies":[{"name":"wp","href":"https:\/\/api.w.org\/{rel}","templated":true}]}}