{"id":3349,"date":"2025-02-03T17:00:35","date_gmt":"2025-02-03T16:00:35","guid":{"rendered":"https:\/\/www.ellesaussi.org\/?p=3349"},"modified":"2025-02-17T17:05:09","modified_gmt":"2025-02-17T16:05:09","slug":"intervention-du-senateur-eric-kerrouche-le-3-fevrier-2025lors-de-la-journee-des-groupes-locaux-delles-aussi","status":"publish","type":"post","link":"https:\/\/www.ellesaussi.org\/?p=3349","title":{"rendered":"Intervention du s\u00e9nateur Eric Kerrouche le 3 f\u00e9vrier 2025lors de la journ\u00e9e des groupes locaux d\u2019Elles aussi"},"content":{"rendered":"\t\t<div data-elementor-type=\"wp-post\" data-elementor-id=\"3349\" class=\"elementor elementor-3349\" data-elementor-post-type=\"post\">\n\t\t\t\t<div class=\"elementor-element elementor-element-fb19bff e-flex e-con-boxed e-con e-parent\" data-id=\"fb19bff\" data-element_type=\"container\">\n\t\t\t\t\t<div class=\"e-con-inner\">\n\t\t\t\t<div class=\"elementor-element elementor-element-590ea81 elementor-widget elementor-widget-text-editor\" data-id=\"590ea81\" data-element_type=\"widget\" data-widget_type=\"text-editor.default\">\n\t\t\t\t<div class=\"elementor-widget-container\">\n\t\t\t\t\t\t\t<p>\u00c1 l\u2019occasion de la journ\u00e9e de travail qui a r\u00e9uni les responsables des antennes et des associations partenaires d\u2019Elles aussi, nous avons invit\u00e9 Eric Kerrouche pour \u00e9changer avec lui sur un sujet que nous d\u00e9fendons depuis de tr\u00e8s nombreuses ann\u00e9es (voir notre manifeste) : la mise en place d\u2019un scrutin de liste pour les communes de moins de 1000 habitants.<br \/><br \/>Eric Kerrouche a \u00e9t\u00e9 l\u2019un des 4 rapporteur\u0387es de la mission flash de la d\u00e9l\u00e9gation aux collectivit\u00e9s territoriales sur l\u2019efficacit\u00e9 du fonctionnement des conseils municipaux. S\u2019en est suivie au S\u00e9nat une proposition de loi organique transpartisane (PPLO) pour harmoniser le scrutin de liste aux \u00e9lections municipales afin de garantir la vitalit\u00e9 d\u00e9mocratique, la coh\u00e9sion municipale et la parit\u00e9.<\/p><p>Parmi les principaux points abord\u00e9s dans ces \u00e9changes :<br \/><span style=\"color: #f15b43;\"><strong>Les assembl\u00e9es locales :<\/strong><\/span><br \/><strong>L\u2019\u00e9chelon communal pour les communes de 0 \u00e0 1000 habitants.<\/strong><br \/>La parit\u00e9 est une n\u00e9cessit\u00e9 pour que les femmes soient mieux repr\u00e9sent\u00e9es quelle que soit l\u2019instance. Dans le syst\u00e8me actuel de panachage, ceux ou celles qui ont le plus de responsabilit\u00e9s sont les moins bien \u00e9lu\u00b7es, c\u2019est donc un vote n\u00e9gatif qui aboutit \u00e0 la constitution d\u2019une \u00e9quipe h\u00e9t\u00e9roclite et sans projet au lieu d\u2019un vote positif pour une liste d\u00e9fendant un projet territorial.<br \/><br \/>Le scrutin de liste paritaire est soutenu par les associations des maires de France (AMF) et des maires ruraux de France (ARMF), ainsi que par le gouvernement, en particulier par Fran\u00e7oise Gatel, ministre d\u00e9l\u00e9gu\u00e9e \u00e0 la ruralit\u00e9 qui a \u00e9t\u00e9 rapporteure de la mission flash quand elle si\u00e9geait au S\u00e9nat.<br \/><br \/>L\u2019<strong>\u00e9chelon intercommunal<\/strong>, qui concentre les pouvoirs avec de plus en plus de comp\u00e9tences, reste une forteresse masculine.<br \/><br \/>Pour l\u2019\u00e9lection de l\u2019ex\u00e9cutif, il faudrait quitter le mode de scrutin majoritaire pour aller vers un scrutin de liste paritaire ou en mode de repr\u00e9sentation miroir (% Femmes dans l\u2019ex\u00e9cutif = % de femmes dans le conseil communautaire), la liste devant combiner parit\u00e9 et \u00e9quilibre g\u00e9ographique.<br \/><br \/>Le scrutin de liste dans les petites communes devrait favoriser une pr\u00e9sence plus forte des femmes \u00e0 l\u2019\u00e9chelon intercommunal car il introduit un scrutin de liste paritaire pour l\u2019\u00e9lections des adjoint\u0387es et une liste paritaire pour les d\u00e9l\u00e9gu\u00e9\u0387es au conseil communautaire, m\u00eame si pour de nombreuses petites communes il n\u2019y a qu\u2019un\u00b7e d\u00e9l\u00e9gu\u00e9\u0387e. Il faut d\u00e9fendre un bin\u00f4me paritaire \u00e0 la t\u00eate des communes : maire-1er\u0387e adjoint\u0387e de sexe diff\u00e9rent.<br \/><br \/><strong>Une loi vot\u00e9e avant mi-avril- fin avril 2025 ?<\/strong><br \/>Avec la PPLO du S\u00e9nat, nous sommes au milieu du gu\u00e9. Il faut faire vite car les maires ont besoin de visibilit\u00e9 avant les \u00e9lections de mars 2026. La PPL de la d\u00e9put\u00e9e \u00c9lodie Jaquier-Laforge ne peut \u00eatre vot\u00e9e telle quelle au S\u00e9nat car elle est incompl\u00e8te. Comme il faut faire vite, le S\u00e9nat propose une proc\u00e9dure acc\u00e9l\u00e9r\u00e9e au Parlement pour le vote de sa PPLO, loi qui ne concerne que le scrutin de liste pour les communes de 0 \u00e0 1000 habitants, et \u00e9vite tout autre sujet qui pourrait ralentir son adoption.<br \/><br \/>Elles aussi s\u2019est engag\u00e9e \u00e0 interpeller les responsables du Parlement pour faire acc\u00e9l\u00e9rer l\u2019adoption de cette loi. La parit\u00e9 ne peut pas attendre 2032<br \/><br \/><span style=\"color: #f15b43;\"><strong>Autres sujets d\u00e9battus<\/strong><\/span><br \/><strong>Le cumul des mandats des parlementaires<\/strong><br \/>Eric Kerrouche est fortement oppos\u00e9 \u00e0 ce cumul. Environ 90% de la population serait contre le retour du cumul. Des \u00e9tudes ont montr\u00e9 que lors d\u2019un cumul, un des mandats en p\u00e2tissait et c\u2019\u00e9tait le plus souvent le mandat parlementaire. La France serait le seul pays occidental o\u00f9 pour \u00eatre un bon \u00e9lu national il faudrait \u00eatre membre d\u2019un ex\u00e9cutif local ? \u00c1 noter qu\u2019 un \u00e9lu national peut \u00eatre conseiller municipal ou d\u00e9partemental ou r\u00e9gional sans participer \u00e0 un ex\u00e9cutif local. Le probl\u00e8me n\u2019est pas celui des indemnit\u00e9s, le cumul dess\u00e8che le territoire d\u00e9mocratique, c\u2019est la logique du baobab o\u00f9 rien ne pousse sous son ombre.<br \/><br \/><strong>Les communes nouvelles<\/strong><br \/>Il n\u2019y a plus d\u2019incitation \u00e0 la fusion de communes. En 2024 il y a eu 45 communes nouvelles. Il faut aider les communes volontaires afin que la fusion soit positive pour les communes concern\u00e9es.<br \/><br \/><strong>Les r\u00e9f\u00e9rent\u0387es \u00e9galit\u00e9 dans les communes : o\u00f9 en est-on ?<\/strong><br \/>Il y a des recommandations avec comme sujet phare pour ces r\u00e9f\u00e9rent\u0387es \u00e9galit\u00e9 les violences faites aux femmes. L\u2019une d\u2019entre nous rappelle la directive europ\u00e9enne qui impose aux \u00c9tats membres, ses administrations et ses collectivit\u00e9s, des d\u00e9l\u00e9gations \u00e0 l\u2019\u00e9galit\u00e9. La France n\u2019applique pas cette directive.<br \/><br \/>Nous remercions vivement Eric Kerrouche pour avoir r\u00e9pondu favorablement \u00e0 notre invitation et pour avoir expos\u00e9 clairement l\u2019enjeu de la PPLO du S\u00e9nat et r\u00e9pondu \u00e0 nos diverses questions. Elles aussi va se mobiliser !<\/p><p style=\"text-align: right;\">Armelle Danet<br \/>VP Elles aussi<\/p>\t\t\t\t\t\t<\/div>\n\t\t\t\t<\/div>\n\t\t\t\t\t<\/div>\n\t\t\t\t<\/div>\n\t\t\t\t<\/div>\n\t\t","protected":false},"excerpt":{"rendered":"<p>\u00c1 l\u2019occasion de la journ\u00e9e de travail qui a r\u00e9uni les responsables des antennes et des associations partenaires d\u2019Elles aussi, nous avons invit\u00e9 Eric Kerrouche pour \u00e9changer avec lui sur un sujet que nous d\u00e9fendons depuis de tr\u00e8s nombreuses ann\u00e9es (voir notre manifeste) : la mise en place d\u2019un scrutin de liste pour les communes [&hellip;]<\/p>\n","protected":false},"author":1,"featured_media":3350,"comment_status":"closed","ping_status":"closed","sticky":false,"template":"","format":"standard","meta":{"footnotes":""},"categories":[38],"tags":[],"class_list":["post-3349","post","type-post","status-publish","format-standard","has-post-thumbnail","hentry","category-chronique-de-la-parite"],"yoast_head":"<!-- This site is optimized with the Yoast SEO plugin v22.8 - https:\/\/yoast.com\/wordpress\/plugins\/seo\/ -->\n<title>Intervention du s\u00e9nateur Eric Kerrouche le 3 f\u00e9vrier 2025lors de la journ\u00e9e des groupes locaux d\u2019Elles aussi - Elles Aussi<\/title>\n<meta name=\"robots\" content=\"index, follow, max-snippet:-1, max-image-preview:large, max-video-preview:-1\" \/>\n<link rel=\"canonical\" href=\"https:\/\/www.ellesaussi.org\/?p=3349\" \/>\n<meta property=\"og:locale\" content=\"fr_FR\" \/>\n<meta property=\"og:type\" content=\"article\" \/>\n<meta property=\"og:title\" content=\"Intervention du s\u00e9nateur Eric Kerrouche le 3 f\u00e9vrier 2025lors de la journ\u00e9e des groupes locaux d\u2019Elles aussi - Elles Aussi\" \/>\n<meta property=\"og:description\" content=\"\u00c1 l\u2019occasion de la journ\u00e9e de travail qui a r\u00e9uni les responsables des antennes et des associations partenaires d\u2019Elles aussi, nous avons invit\u00e9 Eric Kerrouche pour \u00e9changer avec lui sur un sujet que nous d\u00e9fendons depuis de tr\u00e8s nombreuses ann\u00e9es (voir notre manifeste) : la mise en place d\u2019un scrutin de liste pour les communes [&hellip;]\" \/>\n<meta property=\"og:url\" content=\"https:\/\/www.ellesaussi.org\/?p=3349\" \/>\n<meta property=\"og:site_name\" content=\"Elles Aussi\" \/>\n<meta property=\"article:publisher\" content=\"https:\/\/www.facebook.com\/ellesaussi\/\" \/>\n<meta property=\"article:published_time\" content=\"2025-02-03T16:00:35+00:00\" \/>\n<meta property=\"article:modified_time\" content=\"2025-02-17T16:05:09+00:00\" \/>\n<meta property=\"og:image\" content=\"https:\/\/www.ellesaussi.org\/wp-content\/uploads\/2025\/02\/Intervention-du-senateur-Eric-Kerrouche-le-3-fevrier-2025.jpg\" \/>\n\t<meta property=\"og:image:width\" content=\"1600\" \/>\n\t<meta property=\"og:image:height\" content=\"856\" \/>\n\t<meta property=\"og:image:type\" content=\"image\/jpeg\" \/>\n<meta name=\"author\" content=\"admin\" \/>\n<meta name=\"twitter:card\" content=\"summary_large_image\" \/>\n<meta name=\"twitter:label1\" content=\"\u00c9crit par\" \/>\n\t<meta name=\"twitter:data1\" content=\"admin\" \/>\n\t<meta name=\"twitter:label2\" content=\"Dur\u00e9e de lecture estim\u00e9e\" \/>\n\t<meta name=\"twitter:data2\" content=\"4 minutes\" \/>\n<script type=\"application\/ld+json\" class=\"yoast-schema-graph\">{\"@context\":\"https:\/\/schema.org\",\"@graph\":[{\"@type\":\"Article\",\"@id\":\"https:\/\/www.ellesaussi.org\/?p=3349#article\",\"isPartOf\":{\"@id\":\"https:\/\/www.ellesaussi.org\/?p=3349\"},\"author\":{\"name\":\"admin\",\"@id\":\"https:\/\/www.ellesaussi.org\/#\/schema\/person\/eeca4be50db30b5dbb39f78fc3364160\"},\"headline\":\"Intervention du s\u00e9nateur Eric Kerrouche le 3 f\u00e9vrier 2025lors de la journ\u00e9e des groupes locaux d\u2019Elles aussi\",\"datePublished\":\"2025-02-03T16:00:35+00:00\",\"dateModified\":\"2025-02-17T16:05:09+00:00\",\"mainEntityOfPage\":{\"@id\":\"https:\/\/www.ellesaussi.org\/?p=3349\"},\"wordCount\":868,\"publisher\":{\"@id\":\"https:\/\/www.ellesaussi.org\/#organization\"},\"image\":{\"@id\":\"https:\/\/www.ellesaussi.org\/?p=3349#primaryimage\"},\"thumbnailUrl\":\"https:\/\/www.ellesaussi.org\/wp-content\/uploads\/2025\/02\/Intervention-du-senateur-Eric-Kerrouche-le-3-fevrier-2025.jpg\",\"articleSection\":[\"Chronique de la parit\u00e9\"],\"inLanguage\":\"fr-FR\"},{\"@type\":\"WebPage\",\"@id\":\"https:\/\/www.ellesaussi.org\/?p=3349\",\"url\":\"https:\/\/www.ellesaussi.org\/?p=3349\",\"name\":\"Intervention du s\u00e9nateur Eric Kerrouche le 3 f\u00e9vrier 2025lors de la journ\u00e9e des groupes locaux d\u2019Elles aussi - Elles Aussi\",\"isPartOf\":{\"@id\":\"https:\/\/www.ellesaussi.org\/#website\"},\"primaryImageOfPage\":{\"@id\":\"https:\/\/www.ellesaussi.org\/?p=3349#primaryimage\"},\"image\":{\"@id\":\"https:\/\/www.ellesaussi.org\/?p=3349#primaryimage\"},\"thumbnailUrl\":\"https:\/\/www.ellesaussi.org\/wp-content\/uploads\/2025\/02\/Intervention-du-senateur-Eric-Kerrouche-le-3-fevrier-2025.jpg\",\"datePublished\":\"2025-02-03T16:00:35+00:00\",\"dateModified\":\"2025-02-17T16:05:09+00:00\",\"breadcrumb\":{\"@id\":\"https:\/\/www.ellesaussi.org\/?p=3349#breadcrumb\"},\"inLanguage\":\"fr-FR\",\"potentialAction\":[{\"@type\":\"ReadAction\",\"target\":[\"https:\/\/www.ellesaussi.org\/?p=3349\"]}]},{\"@type\":\"ImageObject\",\"inLanguage\":\"fr-FR\",\"@id\":\"https:\/\/www.ellesaussi.org\/?p=3349#primaryimage\",\"url\":\"https:\/\/www.ellesaussi.org\/wp-content\/uploads\/2025\/02\/Intervention-du-senateur-Eric-Kerrouche-le-3-fevrier-2025.jpg\",\"contentUrl\":\"https:\/\/www.ellesaussi.org\/wp-content\/uploads\/2025\/02\/Intervention-du-senateur-Eric-Kerrouche-le-3-fevrier-2025.jpg\",\"width\":1600,\"height\":856},{\"@type\":\"BreadcrumbList\",\"@id\":\"https:\/\/www.ellesaussi.org\/?p=3349#breadcrumb\",\"itemListElement\":[{\"@type\":\"ListItem\",\"position\":1,\"name\":\"Accueil\",\"item\":\"https:\/\/www.ellesaussi.org\/\"},{\"@type\":\"ListItem\",\"position\":2,\"name\":\"Intervention du s\u00e9nateur Eric Kerrouche le 3 f\u00e9vrier 2025lors de la journ\u00e9e des groupes locaux d\u2019Elles aussi\"}]},{\"@type\":\"WebSite\",\"@id\":\"https:\/\/www.ellesaussi.org\/#website\",\"url\":\"https:\/\/www.ellesaussi.org\/\",\"name\":\"Elles Aussi\",\"description\":\"\",\"publisher\":{\"@id\":\"https:\/\/www.ellesaussi.org\/#organization\"},\"potentialAction\":[{\"@type\":\"SearchAction\",\"target\":{\"@type\":\"EntryPoint\",\"urlTemplate\":\"https:\/\/www.ellesaussi.org\/?s={search_term_string}\"},\"query-input\":\"required name=search_term_string\"}],\"inLanguage\":\"fr-FR\"},{\"@type\":\"Organization\",\"@id\":\"https:\/\/www.ellesaussi.org\/#organization\",\"name\":\"Elles Aussi\",\"url\":\"https:\/\/www.ellesaussi.org\/\",\"logo\":{\"@type\":\"ImageObject\",\"inLanguage\":\"fr-FR\",\"@id\":\"https:\/\/www.ellesaussi.org\/#\/schema\/logo\/image\/\",\"url\":\"https:\/\/www.ellesaussi.org\/wp-content\/uploads\/2024\/05\/Elles-aussi_logotype_rouge.png\",\"contentUrl\":\"https:\/\/www.ellesaussi.org\/wp-content\/uploads\/2024\/05\/Elles-aussi_logotype_rouge.png\",\"width\":3472,\"height\":2480,\"caption\":\"Elles Aussi\"},\"image\":{\"@id\":\"https:\/\/www.ellesaussi.org\/#\/schema\/logo\/image\/\"},\"sameAs\":[\"https:\/\/www.facebook.com\/ellesaussi\/\"]},{\"@type\":\"Person\",\"@id\":\"https:\/\/www.ellesaussi.org\/#\/schema\/person\/eeca4be50db30b5dbb39f78fc3364160\",\"name\":\"admin\",\"image\":{\"@type\":\"ImageObject\",\"inLanguage\":\"fr-FR\",\"@id\":\"https:\/\/www.ellesaussi.org\/#\/schema\/person\/image\/\",\"url\":\"https:\/\/secure.gravatar.com\/avatar\/62da4937aa6d6b509192861c0b966204a1b742b2814f6387fa08fe6c98a8729c?s=96&d=mm&r=g\",\"contentUrl\":\"https:\/\/secure.gravatar.com\/avatar\/62da4937aa6d6b509192861c0b966204a1b742b2814f6387fa08fe6c98a8729c?s=96&d=mm&r=g\",\"caption\":\"admin\"},\"sameAs\":[\"https:\/\/elles129186.webdb78.lwspanel.com\"],\"url\":\"https:\/\/www.ellesaussi.org\/?author=1\"}]}<\/script>\n<!-- \/ Yoast SEO plugin. -->","yoast_head_json":{"title":"Intervention du s\u00e9nateur Eric Kerrouche le 3 f\u00e9vrier 2025lors de la journ\u00e9e des groupes locaux d\u2019Elles aussi - Elles Aussi","robots":{"index":"index","follow":"follow","max-snippet":"max-snippet:-1","max-image-preview":"max-image-preview:large","max-video-preview":"max-video-preview:-1"},"canonical":"https:\/\/www.ellesaussi.org\/?p=3349","og_locale":"fr_FR","og_type":"article","og_title":"Intervention du s\u00e9nateur Eric Kerrouche le 3 f\u00e9vrier 2025lors de la journ\u00e9e des groupes locaux d\u2019Elles aussi - Elles Aussi","og_description":"\u00c1 l\u2019occasion de la journ\u00e9e de travail qui a r\u00e9uni les responsables des antennes et des associations partenaires d\u2019Elles aussi, nous avons invit\u00e9 Eric Kerrouche pour \u00e9changer avec lui sur un sujet que nous d\u00e9fendons depuis de tr\u00e8s nombreuses ann\u00e9es (voir notre manifeste) : la mise en place d\u2019un scrutin de liste pour les communes [&hellip;]","og_url":"https:\/\/www.ellesaussi.org\/?p=3349","og_site_name":"Elles Aussi","article_publisher":"https:\/\/www.facebook.com\/ellesaussi\/","article_published_time":"2025-02-03T16:00:35+00:00","article_modified_time":"2025-02-17T16:05:09+00:00","og_image":[{"width":1600,"height":856,"url":"https:\/\/www.ellesaussi.org\/wp-content\/uploads\/2025\/02\/Intervention-du-senateur-Eric-Kerrouche-le-3-fevrier-2025.jpg","type":"image\/jpeg"}],"author":"admin","twitter_card":"summary_large_image","twitter_misc":{"\u00c9crit par":"admin","Dur\u00e9e de lecture estim\u00e9e":"4 minutes"},"schema":{"@context":"https:\/\/schema.org","@graph":[{"@type":"Article","@id":"https:\/\/www.ellesaussi.org\/?p=3349#article","isPartOf":{"@id":"https:\/\/www.ellesaussi.org\/?p=3349"},"author":{"name":"admin","@id":"https:\/\/www.ellesaussi.org\/#\/schema\/person\/eeca4be50db30b5dbb39f78fc3364160"},"headline":"Intervention du s\u00e9nateur Eric Kerrouche le 3 f\u00e9vrier 2025lors de la journ\u00e9e des groupes locaux d\u2019Elles aussi","datePublished":"2025-02-03T16:00:35+00:00","dateModified":"2025-02-17T16:05:09+00:00","mainEntityOfPage":{"@id":"https:\/\/www.ellesaussi.org\/?p=3349"},"wordCount":868,"publisher":{"@id":"https:\/\/www.ellesaussi.org\/#organization"},"image":{"@id":"https:\/\/www.ellesaussi.org\/?p=3349#primaryimage"},"thumbnailUrl":"https:\/\/www.ellesaussi.org\/wp-content\/uploads\/2025\/02\/Intervention-du-senateur-Eric-Kerrouche-le-3-fevrier-2025.jpg","articleSection":["Chronique de la parit\u00e9"],"inLanguage":"fr-FR"},{"@type":"WebPage","@id":"https:\/\/www.ellesaussi.org\/?p=3349","url":"https:\/\/www.ellesaussi.org\/?p=3349","name":"Intervention du s\u00e9nateur Eric Kerrouche le 3 f\u00e9vrier 2025lors de la journ\u00e9e des groupes locaux d\u2019Elles aussi - Elles Aussi","isPartOf":{"@id":"https:\/\/www.ellesaussi.org\/#website"},"primaryImageOfPage":{"@id":"https:\/\/www.ellesaussi.org\/?p=3349#primaryimage"},"image":{"@id":"https:\/\/www.ellesaussi.org\/?p=3349#primaryimage"},"thumbnailUrl":"https:\/\/www.ellesaussi.org\/wp-content\/uploads\/2025\/02\/Intervention-du-senateur-Eric-Kerrouche-le-3-fevrier-2025.jpg","datePublished":"2025-02-03T16:00:35+00:00","dateModified":"2025-02-17T16:05:09+00:00","breadcrumb":{"@id":"https:\/\/www.ellesaussi.org\/?p=3349#breadcrumb"},"inLanguage":"fr-FR","potentialAction":[{"@type":"ReadAction","target":["https:\/\/www.ellesaussi.org\/?p=3349"]}]},{"@type":"ImageObject","inLanguage":"fr-FR","@id":"https:\/\/www.ellesaussi.org\/?p=3349#primaryimage","url":"https:\/\/www.ellesaussi.org\/wp-content\/uploads\/2025\/02\/Intervention-du-senateur-Eric-Kerrouche-le-3-fevrier-2025.jpg","contentUrl":"https:\/\/www.ellesaussi.org\/wp-content\/uploads\/2025\/02\/Intervention-du-senateur-Eric-Kerrouche-le-3-fevrier-2025.jpg","width":1600,"height":856},{"@type":"BreadcrumbList","@id":"https:\/\/www.ellesaussi.org\/?p=3349#breadcrumb","itemListElement":[{"@type":"ListItem","position":1,"name":"Accueil","item":"https:\/\/www.ellesaussi.org\/"},{"@type":"ListItem","position":2,"name":"Intervention du s\u00e9nateur Eric Kerrouche le 3 f\u00e9vrier 2025lors de la journ\u00e9e des groupes locaux d\u2019Elles aussi"}]},{"@type":"WebSite","@id":"https:\/\/www.ellesaussi.org\/#website","url":"https:\/\/www.ellesaussi.org\/","name":"Elles Aussi","description":"","publisher":{"@id":"https:\/\/www.ellesaussi.org\/#organization"},"potentialAction":[{"@type":"SearchAction","target":{"@type":"EntryPoint","urlTemplate":"https:\/\/www.ellesaussi.org\/?s={search_term_string}"},"query-input":"required name=search_term_string"}],"inLanguage":"fr-FR"},{"@type":"Organization","@id":"https:\/\/www.ellesaussi.org\/#organization","name":"Elles Aussi","url":"https:\/\/www.ellesaussi.org\/","logo":{"@type":"ImageObject","inLanguage":"fr-FR","@id":"https:\/\/www.ellesaussi.org\/#\/schema\/logo\/image\/","url":"https:\/\/www.ellesaussi.org\/wp-content\/uploads\/2024\/05\/Elles-aussi_logotype_rouge.png","contentUrl":"https:\/\/www.ellesaussi.org\/wp-content\/uploads\/2024\/05\/Elles-aussi_logotype_rouge.png","width":3472,"height":2480,"caption":"Elles Aussi"},"image":{"@id":"https:\/\/www.ellesaussi.org\/#\/schema\/logo\/image\/"},"sameAs":["https:\/\/www.facebook.com\/ellesaussi\/"]},{"@type":"Person","@id":"https:\/\/www.ellesaussi.org\/#\/schema\/person\/eeca4be50db30b5dbb39f78fc3364160","name":"admin","image":{"@type":"ImageObject","inLanguage":"fr-FR","@id":"https:\/\/www.ellesaussi.org\/#\/schema\/person\/image\/","url":"https:\/\/secure.gravatar.com\/avatar\/62da4937aa6d6b509192861c0b966204a1b742b2814f6387fa08fe6c98a8729c?s=96&d=mm&r=g","contentUrl":"https:\/\/secure.gravatar.com\/avatar\/62da4937aa6d6b509192861c0b966204a1b742b2814f6387fa08fe6c98a8729c?s=96&d=mm&r=g","caption":"admin"},"sameAs":["https:\/\/elles129186.webdb78.lwspanel.com"],"url":"https:\/\/www.ellesaussi.org\/?author=1"}]}},"_links":{"self":[{"href":"https:\/\/www.ellesaussi.org\/index.php?rest_route=\/wp\/v2\/posts\/3349","targetHints":{"allow":["GET"]}}],"collection":[{"href":"https:\/\/www.ellesaussi.org\/index.php?rest_route=\/wp\/v2\/posts"}],"about":[{"href":"https:\/\/www.ellesaussi.org\/index.php?rest_route=\/wp\/v2\/types\/post"}],"author":[{"embeddable":true,"href":"https:\/\/www.ellesaussi.org\/index.php?rest_route=\/wp\/v2\/users\/1"}],"replies":[{"embeddable":true,"href":"https:\/\/www.ellesaussi.org\/index.php?rest_route=%2Fwp%2Fv2%2Fcomments&post=3349"}],"version-history":[{"count":4,"href":"https:\/\/www.ellesaussi.org\/index.php?rest_route=\/wp\/v2\/posts\/3349\/revisions"}],"predecessor-version":[{"id":3354,"href":"https:\/\/www.ellesaussi.org\/index.php?rest_route=\/wp\/v2\/posts\/3349\/revisions\/3354"}],"wp:featuredmedia":[{"embeddable":true,"href":"https:\/\/www.ellesaussi.org\/index.php?rest_route=\/wp\/v2\/media\/3350"}],"wp:attachment":[{"href":"https:\/\/www.ellesaussi.org\/index.php?rest_route=%2Fwp%2Fv2%2Fmedia&parent=3349"}],"wp:term":[{"taxonomy":"category","embeddable":true,"href":"https:\/\/www.ellesaussi.org\/index.php?rest_route=%2Fwp%2Fv2%2Fcategories&post=3349"},{"taxonomy":"post_tag","embeddable":true,"href":"https:\/\/www.ellesaussi.org\/index.php?rest_route=%2Fwp%2Fv2%2Ftags&post=3349"}],"curies":[{"name":"wp","href":"https:\/\/api.w.org\/{rel}","templated":true}]}}