{"id":2826,"date":"2024-10-16T11:56:21","date_gmt":"2024-10-16T09:56:21","guid":{"rendered":"https:\/\/elles129186.webdb78.lwspanel.com\/?p=2826"},"modified":"2024-12-06T12:33:00","modified_gmt":"2024-12-06T11:33:00","slug":"rencontres-de-legalite-professionnelle-et-economique-a-lassemblee-nationale","status":"publish","type":"post","link":"https:\/\/www.ellesaussi.org\/?p=2826","title":{"rendered":"Rencontres de l\u2019\u00e9galit\u00e9 professionnelle et \u00e9conomique \u00e0 l\u2019Assembl\u00e9e nationale"},"content":{"rendered":"\t\t<div data-elementor-type=\"wp-post\" data-elementor-id=\"2826\" class=\"elementor elementor-2826\" data-elementor-post-type=\"post\">\n\t\t\t\t<div class=\"elementor-element elementor-element-7963dcd e-flex e-con-boxed e-con e-parent\" data-id=\"7963dcd\" data-element_type=\"container\">\n\t\t\t\t\t<div class=\"e-con-inner\">\n\t\t\t\t<div class=\"elementor-element elementor-element-cff79d7 elementor-widget elementor-widget-text-editor\" data-id=\"cff79d7\" data-element_type=\"widget\" data-widget_type=\"text-editor.default\">\n\t\t\t\t<div class=\"elementor-widget-container\">\n\t\t\t\t\t\t\t<p>Ces rencontres sont organis\u00e9es par la D\u00e9put\u00e9e Marie-Pierre Rixain, avec la cinqui\u00e8me rencontre qui eut lieu le 16 octobre \u00e0 17h30 o\u00f9 <span style=\"color: #ef5a3c;\">Elles aussi<\/span> \u00e9tait invit\u00e9e et repr\u00e9sent\u00e9e.<\/p><p>Pour rappel, <span style=\"color: #ef5a3c;\">Elles aussi<\/span> a travaill\u00e9 dans la mandature 2017-2022 avec Marie-Pierre Rixain, alors pr\u00e9sidente de la D\u00e9l\u00e9gation Droits des Femmes de l\u2019Assembl\u00e9e nationale : rencontres sur la sous-repr\u00e9sentation des femmes dans petites communes et EPCI, audition par la D\u00e9l\u00e9gation, participation \u00e0 une table-ronde lors des 20 ans de la D\u00e9l\u00e9gation, m\u00e9daille de l\u2019Assembl\u00e9e nationale pour l\u2019investissement d\u2019Elles aussi d\u00e9cern\u00e9e \u00e0 ses co-pr\u00e9sidentes.<\/p><p>Le th\u00e8me de cette rencontre \u00e9tait :\u00a0\u00a0\u00a0\u00a0\u00a0 <strong>Femmes et finances : mythes, risques et r\u00e9alit\u00e9s, <\/strong>avec deux tables rondes :<\/p><ul><li>Investissements des\u00a0\u00a0\u00a0\u00a0\u00a0 femmes,\u00a0\u00a0\u00a0\u00a0\u00a0 levier\u00a0\u00a0\u00a0\u00a0\u00a0 de\u00a0\u00a0\u00a0\u00a0\u00a0\u00a0 croissance \u00e9conomique<\/li><li>Femmes et finances, d\u00e9fis et opportunit\u00e9s.<\/li><\/ul><p>Il y eut des interventions et constats divers de la Pr\u00e9sidente de l\u2019Autorit\u00e9 des March\u00e9s financiers (l\u2019AMF), d\u2019enseignants- chercheurs (Universit\u00e9 et Ecoles sp\u00e9cialis\u00e9es), de repr\u00e9sentantes et repr\u00e9sentants d\u2019entreprises, de la banque, de l\u2019association FinanciElles.<\/p><p>\u00a0<\/p><p><span style=\"color: #ef5a3c;\"><strong>Des pr\u00e9conisations pour une plus grande participation des femmes<\/strong><\/span><\/p><p>Il est tout \u00e0 fait remarquable de retrouver dans les divers t\u00e9moignages, \u00e9nonc\u00e9s de divers constats, blocages, st\u00e9r\u00e9otypes, plafonds et parois de verre, pr\u00e9conisations pour la participation des femmes, qui sont aussi \u00e0 l\u2019\u0153uvre dans le monde politique \u00e9tudi\u00e9 par Elles aussi.<\/p><p><span style=\"color: #ef5a3c;\"><strong>Quelques exemples :<\/strong><\/span><\/p><p><img fetchpriority=\"high\" decoding=\"async\" class=\"alignleft wp-image-2836 size-medium\" src=\"https:\/\/elles129186.webdb78.lwspanel.com\/wp-content\/uploads\/2024\/12\/recontre-an-vf-1-2-285x300.jpg\" alt=\"\" width=\"285\" height=\"300\" srcset=\"https:\/\/www.ellesaussi.org\/wp-content\/uploads\/2024\/12\/recontre-an-vf-1-2-285x300.jpg 285w, https:\/\/www.ellesaussi.org\/wp-content\/uploads\/2024\/12\/recontre-an-vf-1-2.jpg 500w\" sizes=\"(max-width: 285px) 100vw, 285px\" \/>*Enjeu de la participation accrue des femmes aux instances de d\u00e9cision dans le monde financier : c\u2019est bon pour l\u2019innovation, c\u2019est pour une raison soci\u00e9tale de justice, c\u2019est un gage de performance des entreprises (la performance RSE et la performance financi\u00e8re augmentent)<\/p><p>*La sous-repr\u00e9sentation des femmes est un manque pour l\u2019\u00e9conomie et pour les revenus des femmes et leur autonomie<\/p><p>*Les femmes manquent de confiance, s\u2019auto-censurent et pourtant leurs connaissances sont aussi importantes que celles des hommes<\/p><p>*Une campagne de sensibilisation aupr\u00e8s des femmes et aupr\u00e8s des jeunes serait n\u00e9cessaire. Il y a notamment une auto-censure des filles due aux st\u00e9r\u00e9otypes dans l\u2019orientation professionnelle.<\/p><p>\u00a0<\/p><p>*Durant ces trois derni\u00e8res d\u00e9cennies il y eut des avanc\u00e9es certaines, les femmes comp\u00e9tentes existent mais il faut faire l\u2019effort de les chercher et les convaincre, les sujets n\u2019avancent pas tout seuls et les quotas sont n\u00e9cessaires<\/p><p>*Il faut la parit\u00e9 dans un groupe de travail pour que les femmes soient visibles et audibles et puissent s\u2019exprimer malgr\u00e9 les vieilles habitudes<\/p><p>*Il y a peu de r\u00e9seaux de femmes et il y a une \u00ab chasse gard\u00e9e \u00bb des hommes avec un vocabulaire opaque (qu\u2019il faut d\u00e9mystifier)<\/p><p>*Les st\u00e9r\u00e9otypes sont nombreux et \u00ab mena\u00e7ants \u00bb : les femmes seraient moins entreprenantes et moins \u00e0 l\u2019aise dans les finances ; la sous-repr\u00e9sentation des femmes est \u00e0 l\u2019\u0153uvre dans la publicit\u00e9, les informations journalistiques et dans les start-ups.<\/p><p>*Il y a des contradictions et contraintes dues aux vieilles habitudes : les femmes doivent \u00ab mixer \u00bb vie familiale et professionnelle, \u00eatre visibles mais \u00ab pas trop \u00bb (!)<\/p><p>*Sont \u00e0 l\u2019\u0153uvre des st\u00e9r\u00e9otypes anciens et solides, m\u00e9pris et sous-utilisation des comp\u00e9tences des femmes, de vieilles habitudes in\u00e9galitaires injustes et inadapt\u00e9es, en inad\u00e9quation avec les id\u00e9es d\u2019autonomie et libert\u00e9, d\u2019\u00e9galit\u00e9, de justice soci\u00e9tale et r\u00e9publicaine.<\/p><p><strong>La parit\u00e9 est justice et aussi un outil efficace de transformations ; comme le constate <span style=\"color: #ef5a3c;\">Elles aussi<\/span> dans le monde politique.<\/strong><\/p><p><strong>Avec contraintes, quotas, lois, sensibilisations, et la volont\u00e9 des humanistes et f\u00e9ministes, nous sommes r\u00e9solument en marche vers l\u2019\u00e9galit\u00e9.<\/strong><\/p><p><strong>Dani\u00e8le<\/strong> <strong>Bouchoule,<\/strong> <strong>VP<\/strong> <strong>d\u2019<\/strong> <strong>Elles<\/strong> <strong>aussi<\/strong><\/p>\t\t\t\t\t\t<\/div>\n\t\t\t\t<\/div>\n\t\t\t\t\t<\/div>\n\t\t\t\t<\/div>\n\t\t\t\t<\/div>\n\t\t","protected":false},"excerpt":{"rendered":"<p>Ces rencontres sont organis\u00e9es par la D\u00e9put\u00e9e Marie-Pierre Rixain, avec la cinqui\u00e8me rencontre qui eut lieu le 16 octobre \u00e0 17h30 o\u00f9 Elles aussi \u00e9tait invit\u00e9e et repr\u00e9sent\u00e9e. Pour rappel, Elles aussi a travaill\u00e9 dans la mandature 2017-2022 avec Marie-Pierre Rixain, alors pr\u00e9sidente de la D\u00e9l\u00e9gation Droits des Femmes de l\u2019Assembl\u00e9e nationale : rencontres sur [&hellip;]<\/p>\n","protected":false},"author":1,"featured_media":2827,"comment_status":"closed","ping_status":"closed","sticky":false,"template":"","format":"standard","meta":{"footnotes":""},"categories":[38],"tags":[],"class_list":["post-2826","post","type-post","status-publish","format-standard","has-post-thumbnail","hentry","category-chronique-de-la-parite"],"yoast_head":"<!-- This site is optimized with the Yoast SEO plugin v22.8 - https:\/\/yoast.com\/wordpress\/plugins\/seo\/ -->\n<title>Rencontres de l\u2019\u00e9galit\u00e9 professionnelle et \u00e9conomique \u00e0 l\u2019Assembl\u00e9e nationale - Elles Aussi<\/title>\n<meta name=\"robots\" content=\"index, follow, max-snippet:-1, max-image-preview:large, max-video-preview:-1\" \/>\n<link rel=\"canonical\" href=\"https:\/\/www.ellesaussi.org\/?p=2826\" \/>\n<meta property=\"og:locale\" content=\"fr_FR\" \/>\n<meta property=\"og:type\" content=\"article\" \/>\n<meta property=\"og:title\" content=\"Rencontres de l\u2019\u00e9galit\u00e9 professionnelle et \u00e9conomique \u00e0 l\u2019Assembl\u00e9e nationale - Elles Aussi\" \/>\n<meta property=\"og:description\" content=\"Ces rencontres sont organis\u00e9es par la D\u00e9put\u00e9e Marie-Pierre Rixain, avec la cinqui\u00e8me rencontre qui eut lieu le 16 octobre \u00e0 17h30 o\u00f9 Elles aussi \u00e9tait invit\u00e9e et repr\u00e9sent\u00e9e. Pour rappel, Elles aussi a travaill\u00e9 dans la mandature 2017-2022 avec Marie-Pierre Rixain, alors pr\u00e9sidente de la D\u00e9l\u00e9gation Droits des Femmes de l\u2019Assembl\u00e9e nationale : rencontres sur [&hellip;]\" \/>\n<meta property=\"og:url\" content=\"https:\/\/www.ellesaussi.org\/?p=2826\" \/>\n<meta property=\"og:site_name\" content=\"Elles Aussi\" \/>\n<meta property=\"article:publisher\" content=\"https:\/\/www.facebook.com\/ellesaussi\/\" \/>\n<meta property=\"article:published_time\" content=\"2024-10-16T09:56:21+00:00\" \/>\n<meta property=\"article:modified_time\" content=\"2024-12-06T11:33:00+00:00\" \/>\n<meta property=\"og:image\" content=\"https:\/\/www.ellesaussi.org\/wp-content\/uploads\/2024\/12\/photo-rencontre-AN.jpg\" \/>\n\t<meta property=\"og:image:width\" content=\"400\" \/>\n\t<meta property=\"og:image:height\" content=\"303\" \/>\n\t<meta property=\"og:image:type\" content=\"image\/jpeg\" \/>\n<meta name=\"author\" content=\"admin\" \/>\n<meta name=\"twitter:card\" content=\"summary_large_image\" \/>\n<meta name=\"twitter:label1\" content=\"\u00c9crit par\" \/>\n\t<meta name=\"twitter:data1\" content=\"admin\" \/>\n\t<meta name=\"twitter:label2\" content=\"Dur\u00e9e de lecture estim\u00e9e\" \/>\n\t<meta name=\"twitter:data2\" content=\"3 minutes\" \/>\n<script type=\"application\/ld+json\" class=\"yoast-schema-graph\">{\"@context\":\"https:\/\/schema.org\",\"@graph\":[{\"@type\":\"Article\",\"@id\":\"https:\/\/www.ellesaussi.org\/?p=2826#article\",\"isPartOf\":{\"@id\":\"https:\/\/www.ellesaussi.org\/?p=2826\"},\"author\":{\"name\":\"admin\",\"@id\":\"https:\/\/www.ellesaussi.org\/#\/schema\/person\/eeca4be50db30b5dbb39f78fc3364160\"},\"headline\":\"Rencontres de l\u2019\u00e9galit\u00e9 professionnelle et \u00e9conomique \u00e0 l\u2019Assembl\u00e9e nationale\",\"datePublished\":\"2024-10-16T09:56:21+00:00\",\"dateModified\":\"2024-12-06T11:33:00+00:00\",\"mainEntityOfPage\":{\"@id\":\"https:\/\/www.ellesaussi.org\/?p=2826\"},\"wordCount\":635,\"publisher\":{\"@id\":\"https:\/\/www.ellesaussi.org\/#organization\"},\"image\":{\"@id\":\"https:\/\/www.ellesaussi.org\/?p=2826#primaryimage\"},\"thumbnailUrl\":\"https:\/\/www.ellesaussi.org\/wp-content\/uploads\/2024\/12\/photo-rencontre-AN.jpg\",\"articleSection\":[\"Chronique de la parit\u00e9\"],\"inLanguage\":\"fr-FR\"},{\"@type\":\"WebPage\",\"@id\":\"https:\/\/www.ellesaussi.org\/?p=2826\",\"url\":\"https:\/\/www.ellesaussi.org\/?p=2826\",\"name\":\"Rencontres de l\u2019\u00e9galit\u00e9 professionnelle et \u00e9conomique \u00e0 l\u2019Assembl\u00e9e nationale - Elles Aussi\",\"isPartOf\":{\"@id\":\"https:\/\/www.ellesaussi.org\/#website\"},\"primaryImageOfPage\":{\"@id\":\"https:\/\/www.ellesaussi.org\/?p=2826#primaryimage\"},\"image\":{\"@id\":\"https:\/\/www.ellesaussi.org\/?p=2826#primaryimage\"},\"thumbnailUrl\":\"https:\/\/www.ellesaussi.org\/wp-content\/uploads\/2024\/12\/photo-rencontre-AN.jpg\",\"datePublished\":\"2024-10-16T09:56:21+00:00\",\"dateModified\":\"2024-12-06T11:33:00+00:00\",\"breadcrumb\":{\"@id\":\"https:\/\/www.ellesaussi.org\/?p=2826#breadcrumb\"},\"inLanguage\":\"fr-FR\",\"potentialAction\":[{\"@type\":\"ReadAction\",\"target\":[\"https:\/\/www.ellesaussi.org\/?p=2826\"]}]},{\"@type\":\"ImageObject\",\"inLanguage\":\"fr-FR\",\"@id\":\"https:\/\/www.ellesaussi.org\/?p=2826#primaryimage\",\"url\":\"https:\/\/www.ellesaussi.org\/wp-content\/uploads\/2024\/12\/photo-rencontre-AN.jpg\",\"contentUrl\":\"https:\/\/www.ellesaussi.org\/wp-content\/uploads\/2024\/12\/photo-rencontre-AN.jpg\",\"width\":400,\"height\":303},{\"@type\":\"BreadcrumbList\",\"@id\":\"https:\/\/www.ellesaussi.org\/?p=2826#breadcrumb\",\"itemListElement\":[{\"@type\":\"ListItem\",\"position\":1,\"name\":\"Accueil\",\"item\":\"https:\/\/www.ellesaussi.org\/\"},{\"@type\":\"ListItem\",\"position\":2,\"name\":\"Rencontres de l\u2019\u00e9galit\u00e9 professionnelle et \u00e9conomique \u00e0 l\u2019Assembl\u00e9e nationale\"}]},{\"@type\":\"WebSite\",\"@id\":\"https:\/\/www.ellesaussi.org\/#website\",\"url\":\"https:\/\/www.ellesaussi.org\/\",\"name\":\"Elles Aussi\",\"description\":\"\",\"publisher\":{\"@id\":\"https:\/\/www.ellesaussi.org\/#organization\"},\"potentialAction\":[{\"@type\":\"SearchAction\",\"target\":{\"@type\":\"EntryPoint\",\"urlTemplate\":\"https:\/\/www.ellesaussi.org\/?s={search_term_string}\"},\"query-input\":\"required name=search_term_string\"}],\"inLanguage\":\"fr-FR\"},{\"@type\":\"Organization\",\"@id\":\"https:\/\/www.ellesaussi.org\/#organization\",\"name\":\"Elles Aussi\",\"url\":\"https:\/\/www.ellesaussi.org\/\",\"logo\":{\"@type\":\"ImageObject\",\"inLanguage\":\"fr-FR\",\"@id\":\"https:\/\/www.ellesaussi.org\/#\/schema\/logo\/image\/\",\"url\":\"https:\/\/www.ellesaussi.org\/wp-content\/uploads\/2024\/05\/Elles-aussi_logotype_rouge.png\",\"contentUrl\":\"https:\/\/www.ellesaussi.org\/wp-content\/uploads\/2024\/05\/Elles-aussi_logotype_rouge.png\",\"width\":3472,\"height\":2480,\"caption\":\"Elles Aussi\"},\"image\":{\"@id\":\"https:\/\/www.ellesaussi.org\/#\/schema\/logo\/image\/\"},\"sameAs\":[\"https:\/\/www.facebook.com\/ellesaussi\/\"]},{\"@type\":\"Person\",\"@id\":\"https:\/\/www.ellesaussi.org\/#\/schema\/person\/eeca4be50db30b5dbb39f78fc3364160\",\"name\":\"admin\",\"image\":{\"@type\":\"ImageObject\",\"inLanguage\":\"fr-FR\",\"@id\":\"https:\/\/www.ellesaussi.org\/#\/schema\/person\/image\/\",\"url\":\"https:\/\/secure.gravatar.com\/avatar\/62da4937aa6d6b509192861c0b966204a1b742b2814f6387fa08fe6c98a8729c?s=96&d=mm&r=g\",\"contentUrl\":\"https:\/\/secure.gravatar.com\/avatar\/62da4937aa6d6b509192861c0b966204a1b742b2814f6387fa08fe6c98a8729c?s=96&d=mm&r=g\",\"caption\":\"admin\"},\"sameAs\":[\"https:\/\/elles129186.webdb78.lwspanel.com\"],\"url\":\"https:\/\/www.ellesaussi.org\/?author=1\"}]}<\/script>\n<!-- \/ Yoast SEO plugin. -->","yoast_head_json":{"title":"Rencontres de l\u2019\u00e9galit\u00e9 professionnelle et \u00e9conomique \u00e0 l\u2019Assembl\u00e9e nationale - Elles Aussi","robots":{"index":"index","follow":"follow","max-snippet":"max-snippet:-1","max-image-preview":"max-image-preview:large","max-video-preview":"max-video-preview:-1"},"canonical":"https:\/\/www.ellesaussi.org\/?p=2826","og_locale":"fr_FR","og_type":"article","og_title":"Rencontres de l\u2019\u00e9galit\u00e9 professionnelle et \u00e9conomique \u00e0 l\u2019Assembl\u00e9e nationale - Elles Aussi","og_description":"Ces rencontres sont organis\u00e9es par la D\u00e9put\u00e9e Marie-Pierre Rixain, avec la cinqui\u00e8me rencontre qui eut lieu le 16 octobre \u00e0 17h30 o\u00f9 Elles aussi \u00e9tait invit\u00e9e et repr\u00e9sent\u00e9e. Pour rappel, Elles aussi a travaill\u00e9 dans la mandature 2017-2022 avec Marie-Pierre Rixain, alors pr\u00e9sidente de la D\u00e9l\u00e9gation Droits des Femmes de l\u2019Assembl\u00e9e nationale : rencontres sur [&hellip;]","og_url":"https:\/\/www.ellesaussi.org\/?p=2826","og_site_name":"Elles Aussi","article_publisher":"https:\/\/www.facebook.com\/ellesaussi\/","article_published_time":"2024-10-16T09:56:21+00:00","article_modified_time":"2024-12-06T11:33:00+00:00","og_image":[{"width":400,"height":303,"url":"https:\/\/www.ellesaussi.org\/wp-content\/uploads\/2024\/12\/photo-rencontre-AN.jpg","type":"image\/jpeg"}],"author":"admin","twitter_card":"summary_large_image","twitter_misc":{"\u00c9crit par":"admin","Dur\u00e9e de lecture estim\u00e9e":"3 minutes"},"schema":{"@context":"https:\/\/schema.org","@graph":[{"@type":"Article","@id":"https:\/\/www.ellesaussi.org\/?p=2826#article","isPartOf":{"@id":"https:\/\/www.ellesaussi.org\/?p=2826"},"author":{"name":"admin","@id":"https:\/\/www.ellesaussi.org\/#\/schema\/person\/eeca4be50db30b5dbb39f78fc3364160"},"headline":"Rencontres de l\u2019\u00e9galit\u00e9 professionnelle et \u00e9conomique \u00e0 l\u2019Assembl\u00e9e nationale","datePublished":"2024-10-16T09:56:21+00:00","dateModified":"2024-12-06T11:33:00+00:00","mainEntityOfPage":{"@id":"https:\/\/www.ellesaussi.org\/?p=2826"},"wordCount":635,"publisher":{"@id":"https:\/\/www.ellesaussi.org\/#organization"},"image":{"@id":"https:\/\/www.ellesaussi.org\/?p=2826#primaryimage"},"thumbnailUrl":"https:\/\/www.ellesaussi.org\/wp-content\/uploads\/2024\/12\/photo-rencontre-AN.jpg","articleSection":["Chronique de la parit\u00e9"],"inLanguage":"fr-FR"},{"@type":"WebPage","@id":"https:\/\/www.ellesaussi.org\/?p=2826","url":"https:\/\/www.ellesaussi.org\/?p=2826","name":"Rencontres de l\u2019\u00e9galit\u00e9 professionnelle et \u00e9conomique \u00e0 l\u2019Assembl\u00e9e nationale - Elles Aussi","isPartOf":{"@id":"https:\/\/www.ellesaussi.org\/#website"},"primaryImageOfPage":{"@id":"https:\/\/www.ellesaussi.org\/?p=2826#primaryimage"},"image":{"@id":"https:\/\/www.ellesaussi.org\/?p=2826#primaryimage"},"thumbnailUrl":"https:\/\/www.ellesaussi.org\/wp-content\/uploads\/2024\/12\/photo-rencontre-AN.jpg","datePublished":"2024-10-16T09:56:21+00:00","dateModified":"2024-12-06T11:33:00+00:00","breadcrumb":{"@id":"https:\/\/www.ellesaussi.org\/?p=2826#breadcrumb"},"inLanguage":"fr-FR","potentialAction":[{"@type":"ReadAction","target":["https:\/\/www.ellesaussi.org\/?p=2826"]}]},{"@type":"ImageObject","inLanguage":"fr-FR","@id":"https:\/\/www.ellesaussi.org\/?p=2826#primaryimage","url":"https:\/\/www.ellesaussi.org\/wp-content\/uploads\/2024\/12\/photo-rencontre-AN.jpg","contentUrl":"https:\/\/www.ellesaussi.org\/wp-content\/uploads\/2024\/12\/photo-rencontre-AN.jpg","width":400,"height":303},{"@type":"BreadcrumbList","@id":"https:\/\/www.ellesaussi.org\/?p=2826#breadcrumb","itemListElement":[{"@type":"ListItem","position":1,"name":"Accueil","item":"https:\/\/www.ellesaussi.org\/"},{"@type":"ListItem","position":2,"name":"Rencontres de l\u2019\u00e9galit\u00e9 professionnelle et \u00e9conomique \u00e0 l\u2019Assembl\u00e9e nationale"}]},{"@type":"WebSite","@id":"https:\/\/www.ellesaussi.org\/#website","url":"https:\/\/www.ellesaussi.org\/","name":"Elles Aussi","description":"","publisher":{"@id":"https:\/\/www.ellesaussi.org\/#organization"},"potentialAction":[{"@type":"SearchAction","target":{"@type":"EntryPoint","urlTemplate":"https:\/\/www.ellesaussi.org\/?s={search_term_string}"},"query-input":"required name=search_term_string"}],"inLanguage":"fr-FR"},{"@type":"Organization","@id":"https:\/\/www.ellesaussi.org\/#organization","name":"Elles Aussi","url":"https:\/\/www.ellesaussi.org\/","logo":{"@type":"ImageObject","inLanguage":"fr-FR","@id":"https:\/\/www.ellesaussi.org\/#\/schema\/logo\/image\/","url":"https:\/\/www.ellesaussi.org\/wp-content\/uploads\/2024\/05\/Elles-aussi_logotype_rouge.png","contentUrl":"https:\/\/www.ellesaussi.org\/wp-content\/uploads\/2024\/05\/Elles-aussi_logotype_rouge.png","width":3472,"height":2480,"caption":"Elles Aussi"},"image":{"@id":"https:\/\/www.ellesaussi.org\/#\/schema\/logo\/image\/"},"sameAs":["https:\/\/www.facebook.com\/ellesaussi\/"]},{"@type":"Person","@id":"https:\/\/www.ellesaussi.org\/#\/schema\/person\/eeca4be50db30b5dbb39f78fc3364160","name":"admin","image":{"@type":"ImageObject","inLanguage":"fr-FR","@id":"https:\/\/www.ellesaussi.org\/#\/schema\/person\/image\/","url":"https:\/\/secure.gravatar.com\/avatar\/62da4937aa6d6b509192861c0b966204a1b742b2814f6387fa08fe6c98a8729c?s=96&d=mm&r=g","contentUrl":"https:\/\/secure.gravatar.com\/avatar\/62da4937aa6d6b509192861c0b966204a1b742b2814f6387fa08fe6c98a8729c?s=96&d=mm&r=g","caption":"admin"},"sameAs":["https:\/\/elles129186.webdb78.lwspanel.com"],"url":"https:\/\/www.ellesaussi.org\/?author=1"}]}},"_links":{"self":[{"href":"https:\/\/www.ellesaussi.org\/index.php?rest_route=\/wp\/v2\/posts\/2826","targetHints":{"allow":["GET"]}}],"collection":[{"href":"https:\/\/www.ellesaussi.org\/index.php?rest_route=\/wp\/v2\/posts"}],"about":[{"href":"https:\/\/www.ellesaussi.org\/index.php?rest_route=\/wp\/v2\/types\/post"}],"author":[{"embeddable":true,"href":"https:\/\/www.ellesaussi.org\/index.php?rest_route=\/wp\/v2\/users\/1"}],"replies":[{"embeddable":true,"href":"https:\/\/www.ellesaussi.org\/index.php?rest_route=%2Fwp%2Fv2%2Fcomments&post=2826"}],"version-history":[{"count":7,"href":"https:\/\/www.ellesaussi.org\/index.php?rest_route=\/wp\/v2\/posts\/2826\/revisions"}],"predecessor-version":[{"id":2839,"href":"https:\/\/www.ellesaussi.org\/index.php?rest_route=\/wp\/v2\/posts\/2826\/revisions\/2839"}],"wp:featuredmedia":[{"embeddable":true,"href":"https:\/\/www.ellesaussi.org\/index.php?rest_route=\/wp\/v2\/media\/2827"}],"wp:attachment":[{"href":"https:\/\/www.ellesaussi.org\/index.php?rest_route=%2Fwp%2Fv2%2Fmedia&parent=2826"}],"wp:term":[{"taxonomy":"category","embeddable":true,"href":"https:\/\/www.ellesaussi.org\/index.php?rest_route=%2Fwp%2Fv2%2Fcategories&post=2826"},{"taxonomy":"post_tag","embeddable":true,"href":"https:\/\/www.ellesaussi.org\/index.php?rest_route=%2Fwp%2Fv2%2Ftags&post=2826"}],"curies":[{"name":"wp","href":"https:\/\/api.w.org\/{rel}","templated":true}]}}