{"id":2690,"date":"2012-11-13T11:25:00","date_gmt":"2012-11-13T10:25:00","guid":{"rendered":"https:\/\/elles129186.webdb78.lwspanel.com\/?p=2690"},"modified":"2025-02-17T16:09:00","modified_gmt":"2025-02-17T15:09:00","slug":"la-marianne-de-la-parite-2011-2012","status":"publish","type":"post","link":"https:\/\/www.ellesaussi.org\/?p=2690","title":{"rendered":"\u00ab La Marianne de la Parit\u00e9 \u00bb 2011- 2012"},"content":{"rendered":"\t\t<div data-elementor-type=\"wp-post\" data-elementor-id=\"2690\" class=\"elementor elementor-2690\" data-elementor-post-type=\"post\">\n\t\t\t\t<div class=\"elementor-element elementor-element-2548f82 e-flex e-con-boxed e-con e-parent\" data-id=\"2548f82\" data-element_type=\"container\">\n\t\t\t\t\t<div class=\"e-con-inner\">\n\t\t\t\t<div class=\"elementor-element elementor-element-c4ef745 elementor-widget elementor-widget-text-editor\" data-id=\"c4ef745\" data-element_type=\"widget\" data-widget_type=\"text-editor.default\">\n\t\t\t\t<div class=\"elementor-widget-container\">\n\t\t\t\t\t\t\t<div><strong>8 \u00a0 \u00a0mars \u00a0 \u00a02009 \u00a0 \u00a0: \u00a0<\/strong> \u00a0l\u2019antenne \u00a0 \u00a0Elles \u00a0 \u00a0aussi \u00a0 \u00a0du \u00a0 \u00a0Rh\u00f4ne \u00a0 \u00a0organise \u00a0 \u00a0un \u00a0 \u00a0concours \u00a0 \u00a0pour \u00a0 \u00a0identifier \u00a0 \u00a0et \u00a0 \u00a0r\u00e9compenser \u00a0 \u00a0les \u00a0 \u00a0communes \u00a0 \u00a0du \u00a0 \u00a0d\u00e9partement \u00a0 \u00a0les \u00a0 \u00a0plus \u00a0 \u00a0paritaires. \u00a0 \u00a0<br \/><br \/><\/div><div><strong>2011 \u00a0 \u00a0: \u00a0 \u00a0<\/strong>mi-\u00ad\u2010mandat \u00a0 \u00a0pour \u00a0 \u00a0les \u00a0 \u00a0conseils \u00a0 \u00a0municipaux, \u00a0 \u00a0situation \u00a0 \u00a0bloqu\u00e9e \u00a0 \u00a0au \u00a0 \u00a0S\u00e9nat \u00a0 \u00a0 \u00a0 \u00a0et \u00a0 \u00a0 dans \u00a0 \u00a0 les \u00a0 \u00a0 Conseils \u00a0 \u00a0 G\u00e9n\u00e9raux \u00a0 \u00a0; \u00a0 \u00a0 le \u00a0 \u00a0 r\u00e9seau \u00a0 \u00a0 Elles \u00a0 \u00a0 aussi \u00a0 \u00a0 reprend \u00a0 \u00a0 l\u2019id\u00e9e, \u00a0 \u00a0 la \u00a0 \u00a0 \u00a0 \u00a0transforme, \u00a0 \u00a0l\u2019\u00e9tend \u00a0 \u00a0aux \u00a0 \u00a0intercommunalit\u00e9s. \u00a0 \u00a0La \u00a0 \u00a0Marianne \u00a0 \u00a0de \u00a0 \u00a0la \u00a0 \u00a0Parit\u00e9\u00a0 \u00a0 objectifs<\/div><ul><li>pour \u00a0 \u00a0faire \u00a0 \u00a0la \u00a0 \u00a0preuve \u00a0 \u00a0que \u00a0 \u00a0la \u00a0 \u00a0parit\u00e9 \u00a0 \u00a0c\u2019est \u00a0 \u00a0possible, \u00a0 \u00a0et \u00a0 \u00a0montrer \u00a0 \u00a0les \u00a0 \u00a0effets \u00a0 \u00a0des \u00a0 \u00a0lois \u00a0 \u00a0au \u00a0 \u00a0del\u00e0 \u00a0 \u00a0de \u00a0 \u00a0leur \u00a0 \u00a0stricte \u00a0 \u00a0application,\u00a0<\/li><li>pour \u00a0 \u00a0 mettre \u00a0 \u00a0 \u00e0 \u00a0 \u00a0 l\u2019honneur \u00a0 \u00a0 dans \u00a0 \u00a0 chaque \u00a0 \u00a0 d\u00e9partement \u00a0 \u00a0 les \u00a0 \u00a0 communes \u00a0 \u00a0 et \u00a0 \u00a0intercommunalit\u00e9s \u00a0 \u00a0 \u00a0 \u00a0 particuli\u00e8rement \u00a0 \u00a0 respectueuses \u00a0 \u00a0 de \u00a0 \u00a0 la \u00a0 \u00a0 parit\u00e9 \u00a0 \u00a0 et \u00a0 \u00a0 faire \u00a0 \u00a0conna\u00eetre \u00a0 \u00a0leurs \u00a0 \u00a0bonnes \u00a0 \u00a0pratiques,\u00a0<\/li><li>pour \u00a0 \u00a0rendre \u00a0 \u00a0visible, \u00a0 \u00a0valoriser \u00a0 \u00a0et \u00a0 \u00a0soutenir \u00a0 \u00a0l\u2019engagement \u00a0 \u00a0des \u00a0 \u00a0femmes \u00a0 \u00a0dans \u00a0 \u00a0la \u00a0 \u00a0vie \u00a0 \u00a0locale \u00a0 \u00a0et \u00a0 \u00a0encourager \u00a0 \u00a0ainsi \u00a0 \u00a0les \u00a0 \u00a0femmes \u00a0 \u00a0\u00e0 \u00a0 \u00a0s\u2019y \u00a0 \u00a0investir,\u00a0 \u00a0 plus\u00a0 \u00a0largement\u00a0 \u00a0pour\u00a0 \u00a0faire\u00a0 \u00a0un\u00a0 \u00a0geste\u00a0 \u00a0public\u00a0 \u00a0de\u00a0 \u00a0reconnaissance\u00a0 \u00a0\u00e0\u00a0 \u00a0l\u2019ensemble\u00a0 \u00a0des\u00a0 \u00a0\u00e9lus\u00a0 \u00a0locaux\u00a0 \u00a0et\u00a0 \u00a0des\u00a0 \u00a0associations\u00a0 \u00a0mobilis\u00e9es\u00a0 \u00a0localement\u00a0 \u00a0pour\u00a0 \u00a0la\u00a0 \u00a0parit\u00e9.\u00a0 \u00a0La\u00a0 \u00a0Marianne\u00a0 \u00a0de\u00a0 \u00a0la\u00a0 \u00a0Parit\u00e9\u00a0 \u00a0-\u00ad\u2010\u00a0 \u00a0organisation\u00a0 \u00a0<\/li><li>une \u00a0 \u00a0enqu\u00eate \u00a0 \u00a0men\u00e9e \u00a0 \u00a0dans \u00a0 \u00a0les \u00a0 \u00a0d\u00e9partements \u00a0 \u00a0de \u00a0 \u00a0mani\u00e8re \u00a0 \u00a0militante \u00a0 \u00a0avec \u00a0 \u00a0un \u00a0 \u00a0r\u00e8glement \u00a0 \u00a0national,\u00a0 \u00a0 un\u00a0 \u00a0 jury\u00a0 \u00a0 local\u00a0 \u00a0 pluraliste\u00a0 \u00a0 de\u00a0 \u00a0 personnalit\u00e9s\u00a0 \u00a0 ind\u00e9pendantes\u00a0 \u00a0 pour\u00a0 \u00a0 d\u00e9cider\u00a0 \u00a0 du\u00a0 \u00a0classement\u00a0 \u00a0final\u00a0 \u00a0selon\u00a0 \u00a0trois\u00a0 \u00a0cat\u00e9gories\u00a0 \u00a0correspondant\u00a0 \u00a0aux\u00a0 \u00a0modes\u00a0 \u00a0d\u2019\u00e9lection\u00a0 \u00a0(municipalit\u00e9s\u00a0 \u00a0de\u00a0 \u00a0moins\u00a0 \u00a0ou\u00a0 \u00a0plus\u00a0 \u00a0de\u00a0 \u00a03\u00a0 \u00a0500\u00a0 \u00a0habitants\u00a0 \u00a0et\u00a0 \u00a0intercommunalit\u00e9s),\u00a0 \u00a0<\/li><li>une\u00a0 \u00a0 c\u00e9r\u00e9monie\u00a0 \u00a0 de\u00a0 \u00a0 remise\u00a0 \u00a0 des\u00a0 \u00a0 troph\u00e9es\u00a0 \u00a0 et\u00a0 \u00a0 dipl\u00f4mes\u00a0 \u00a0 dans\u00a0 \u00a0 un\u00a0 \u00a0 lieu\u00a0 \u00a0symbolique\u00a0 \u00a0du\u00a0 \u00a0pouvoir\u00a0 \u00a0local.\u00a0 \u00a0 \u00a0<\/li><li>Parmi \u00a0 \u00a0 les \u00a0 \u00a0 16 \u00a0 \u00a0 d\u00e9partements \u00a0 \u00a0 nous \u00a0 \u00a0 avons \u00a0 \u00a0 retenu \u00a0 \u00a0 8 \u00a0 \u00a0 d\u00e9partements \u00a0 \u00a0 o\u00f9 \u00a0 \u00a0 l\u2019enqu\u00eate \u00a0 \u00a0exhaustive \u00a0 \u00a0permet \u00a0 \u00a0de \u00a0 \u00a0dresser \u00a0 \u00a0un \u00a0 \u00a0bilan \u00a0 \u00a0quantitatif \u00a0 \u00a0(environ \u00a0 \u00a0 \u00a0 \u00a02100 \u00a0 \u00a0communes \u00a0 \u00a0et \u00a0 \u00a0200\u00a0 \u00a0 EPCI).\u00a0 \u00a0\u00a0<\/li><\/ul>\t\t\t\t\t\t<\/div>\n\t\t\t\t<\/div>\n\t\t\t\t<div class=\"elementor-element elementor-element-a2e836d elementor-widget elementor-widget-button\" data-id=\"a2e836d\" data-element_type=\"widget\" data-widget_type=\"button.default\">\n\t\t\t\t<div class=\"elementor-widget-container\">\n\t\t\t\t\t<div class=\"elementor-button-wrapper\">\n\t\t\t<a class=\"elementor-button elementor-button-link elementor-size-sm\" href=\"https:\/\/www.ellesaussi.org\/wp-content\/uploads\/2024\/11\/MARIANNEBilanEnBref.pdf\" target=\"_blank\">\n\t\t\t\t\t\t<span class=\"elementor-button-content-wrapper\">\n\t\t\t\t\t\t\t\t\t<span class=\"elementor-button-text\">T\u00e9l\u00e9charger le document<\/span>\n\t\t\t\t\t<\/span>\n\t\t\t\t\t<\/a>\n\t\t<\/div>\n\t\t\t\t<\/div>\n\t\t\t\t<\/div>\n\t\t\t\t\t<\/div>\n\t\t\t\t<\/div>\n\t\t\t\t<\/div>\n\t\t","protected":false},"excerpt":{"rendered":"<p>8 \u00a0 \u00a0mars \u00a0 \u00a02009 \u00a0 \u00a0: \u00a0 \u00a0l\u2019antenne \u00a0 \u00a0Elles \u00a0 \u00a0aussi \u00a0 \u00a0du \u00a0 \u00a0Rh\u00f4ne \u00a0 \u00a0organise \u00a0 \u00a0un \u00a0 \u00a0concours \u00a0 \u00a0pour \u00a0 \u00a0identifier \u00a0 \u00a0et \u00a0 \u00a0r\u00e9compenser \u00a0 \u00a0les \u00a0 \u00a0communes \u00a0 \u00a0du \u00a0 \u00a0d\u00e9partement \u00a0 \u00a0les \u00a0 \u00a0plus \u00a0 \u00a0paritaires. \u00a0 \u00a0 2011 \u00a0 \u00a0: \u00a0 \u00a0mi-\u00ad\u2010mandat \u00a0 \u00a0pour \u00a0 [&hellip;]<\/p>\n","protected":false},"author":1,"featured_media":683,"comment_status":"closed","ping_status":"closed","sticky":false,"template":"","format":"standard","meta":{"footnotes":""},"categories":[50],"tags":[],"class_list":["post-2690","post","type-post","status-publish","format-standard","has-post-thumbnail","hentry","category-publications-delles-aussi"],"yoast_head":"<!-- This site is optimized with the Yoast SEO plugin v22.8 - https:\/\/yoast.com\/wordpress\/plugins\/seo\/ -->\n<title>\u00ab La Marianne de la Parit\u00e9 \u00bb 2011- 2012 - Elles Aussi<\/title>\n<meta name=\"robots\" content=\"index, follow, max-snippet:-1, max-image-preview:large, max-video-preview:-1\" \/>\n<link rel=\"canonical\" href=\"https:\/\/www.ellesaussi.org\/?p=2690\" \/>\n<meta property=\"og:locale\" content=\"fr_FR\" \/>\n<meta property=\"og:type\" content=\"article\" \/>\n<meta property=\"og:title\" content=\"\u00ab La Marianne de la Parit\u00e9 \u00bb 2011- 2012 - Elles Aussi\" \/>\n<meta property=\"og:description\" content=\"8 \u00a0 \u00a0mars \u00a0 \u00a02009 \u00a0 \u00a0: \u00a0 \u00a0l\u2019antenne \u00a0 \u00a0Elles \u00a0 \u00a0aussi \u00a0 \u00a0du \u00a0 \u00a0Rh\u00f4ne \u00a0 \u00a0organise \u00a0 \u00a0un \u00a0 \u00a0concours \u00a0 \u00a0pour \u00a0 \u00a0identifier \u00a0 \u00a0et \u00a0 \u00a0r\u00e9compenser \u00a0 \u00a0les \u00a0 \u00a0communes \u00a0 \u00a0du \u00a0 \u00a0d\u00e9partement \u00a0 \u00a0les \u00a0 \u00a0plus \u00a0 \u00a0paritaires. \u00a0 \u00a0 2011 \u00a0 \u00a0: \u00a0 \u00a0mi-\u00ad\u2010mandat \u00a0 \u00a0pour \u00a0 [&hellip;]\" \/>\n<meta property=\"og:url\" content=\"https:\/\/www.ellesaussi.org\/?p=2690\" \/>\n<meta property=\"og:site_name\" content=\"Elles Aussi\" \/>\n<meta property=\"article:publisher\" content=\"https:\/\/www.facebook.com\/ellesaussi\/\" \/>\n<meta property=\"article:published_time\" content=\"2012-11-13T10:25:00+00:00\" \/>\n<meta property=\"article:modified_time\" content=\"2025-02-17T15:09:00+00:00\" \/>\n<meta property=\"og:image\" content=\"https:\/\/www.ellesaussi.org\/wp-content\/uploads\/2024\/10\/appel-du-18-juin-2024-Elles-aussi.jpg\" \/>\n\t<meta property=\"og:image:width\" content=\"200\" \/>\n\t<meta property=\"og:image:height\" content=\"144\" \/>\n\t<meta property=\"og:image:type\" content=\"image\/jpeg\" \/>\n<meta name=\"author\" content=\"admin\" \/>\n<meta name=\"twitter:card\" content=\"summary_large_image\" \/>\n<meta name=\"twitter:label1\" content=\"\u00c9crit par\" \/>\n\t<meta name=\"twitter:data1\" content=\"admin\" \/>\n\t<meta name=\"twitter:label2\" content=\"Dur\u00e9e de lecture estim\u00e9e\" \/>\n\t<meta name=\"twitter:data2\" content=\"2 minutes\" \/>\n<script type=\"application\/ld+json\" class=\"yoast-schema-graph\">{\"@context\":\"https:\/\/schema.org\",\"@graph\":[{\"@type\":\"Article\",\"@id\":\"https:\/\/www.ellesaussi.org\/?p=2690#article\",\"isPartOf\":{\"@id\":\"https:\/\/www.ellesaussi.org\/?p=2690\"},\"author\":{\"name\":\"admin\",\"@id\":\"https:\/\/www.ellesaussi.org\/#\/schema\/person\/eeca4be50db30b5dbb39f78fc3364160\"},\"headline\":\"\u00ab La Marianne de la Parit\u00e9 \u00bb 2011- 2012\",\"datePublished\":\"2012-11-13T10:25:00+00:00\",\"dateModified\":\"2025-02-17T15:09:00+00:00\",\"mainEntityOfPage\":{\"@id\":\"https:\/\/www.ellesaussi.org\/?p=2690\"},\"wordCount\":272,\"publisher\":{\"@id\":\"https:\/\/www.ellesaussi.org\/#organization\"},\"image\":{\"@id\":\"https:\/\/www.ellesaussi.org\/?p=2690#primaryimage\"},\"thumbnailUrl\":\"https:\/\/www.ellesaussi.org\/wp-content\/uploads\/2024\/10\/appel-du-18-juin-2024-Elles-aussi.jpg\",\"articleSection\":[\"Publications d\u2019Elles aussi\"],\"inLanguage\":\"fr-FR\"},{\"@type\":\"WebPage\",\"@id\":\"https:\/\/www.ellesaussi.org\/?p=2690\",\"url\":\"https:\/\/www.ellesaussi.org\/?p=2690\",\"name\":\"\u00ab La Marianne de la Parit\u00e9 \u00bb 2011- 2012 - Elles Aussi\",\"isPartOf\":{\"@id\":\"https:\/\/www.ellesaussi.org\/#website\"},\"primaryImageOfPage\":{\"@id\":\"https:\/\/www.ellesaussi.org\/?p=2690#primaryimage\"},\"image\":{\"@id\":\"https:\/\/www.ellesaussi.org\/?p=2690#primaryimage\"},\"thumbnailUrl\":\"https:\/\/www.ellesaussi.org\/wp-content\/uploads\/2024\/10\/appel-du-18-juin-2024-Elles-aussi.jpg\",\"datePublished\":\"2012-11-13T10:25:00+00:00\",\"dateModified\":\"2025-02-17T15:09:00+00:00\",\"breadcrumb\":{\"@id\":\"https:\/\/www.ellesaussi.org\/?p=2690#breadcrumb\"},\"inLanguage\":\"fr-FR\",\"potentialAction\":[{\"@type\":\"ReadAction\",\"target\":[\"https:\/\/www.ellesaussi.org\/?p=2690\"]}]},{\"@type\":\"ImageObject\",\"inLanguage\":\"fr-FR\",\"@id\":\"https:\/\/www.ellesaussi.org\/?p=2690#primaryimage\",\"url\":\"https:\/\/www.ellesaussi.org\/wp-content\/uploads\/2024\/10\/appel-du-18-juin-2024-Elles-aussi.jpg\",\"contentUrl\":\"https:\/\/www.ellesaussi.org\/wp-content\/uploads\/2024\/10\/appel-du-18-juin-2024-Elles-aussi.jpg\",\"width\":200,\"height\":144},{\"@type\":\"BreadcrumbList\",\"@id\":\"https:\/\/www.ellesaussi.org\/?p=2690#breadcrumb\",\"itemListElement\":[{\"@type\":\"ListItem\",\"position\":1,\"name\":\"Accueil\",\"item\":\"https:\/\/www.ellesaussi.org\/\"},{\"@type\":\"ListItem\",\"position\":2,\"name\":\"\u00ab La Marianne de la Parit\u00e9 \u00bb 2011- 2012\"}]},{\"@type\":\"WebSite\",\"@id\":\"https:\/\/www.ellesaussi.org\/#website\",\"url\":\"https:\/\/www.ellesaussi.org\/\",\"name\":\"Elles Aussi\",\"description\":\"\",\"publisher\":{\"@id\":\"https:\/\/www.ellesaussi.org\/#organization\"},\"potentialAction\":[{\"@type\":\"SearchAction\",\"target\":{\"@type\":\"EntryPoint\",\"urlTemplate\":\"https:\/\/www.ellesaussi.org\/?s={search_term_string}\"},\"query-input\":\"required name=search_term_string\"}],\"inLanguage\":\"fr-FR\"},{\"@type\":\"Organization\",\"@id\":\"https:\/\/www.ellesaussi.org\/#organization\",\"name\":\"Elles Aussi\",\"url\":\"https:\/\/www.ellesaussi.org\/\",\"logo\":{\"@type\":\"ImageObject\",\"inLanguage\":\"fr-FR\",\"@id\":\"https:\/\/www.ellesaussi.org\/#\/schema\/logo\/image\/\",\"url\":\"https:\/\/www.ellesaussi.org\/wp-content\/uploads\/2024\/05\/Elles-aussi_logotype_rouge.png\",\"contentUrl\":\"https:\/\/www.ellesaussi.org\/wp-content\/uploads\/2024\/05\/Elles-aussi_logotype_rouge.png\",\"width\":3472,\"height\":2480,\"caption\":\"Elles Aussi\"},\"image\":{\"@id\":\"https:\/\/www.ellesaussi.org\/#\/schema\/logo\/image\/\"},\"sameAs\":[\"https:\/\/www.facebook.com\/ellesaussi\/\"]},{\"@type\":\"Person\",\"@id\":\"https:\/\/www.ellesaussi.org\/#\/schema\/person\/eeca4be50db30b5dbb39f78fc3364160\",\"name\":\"admin\",\"image\":{\"@type\":\"ImageObject\",\"inLanguage\":\"fr-FR\",\"@id\":\"https:\/\/www.ellesaussi.org\/#\/schema\/person\/image\/\",\"url\":\"https:\/\/secure.gravatar.com\/avatar\/62da4937aa6d6b509192861c0b966204a1b742b2814f6387fa08fe6c98a8729c?s=96&d=mm&r=g\",\"contentUrl\":\"https:\/\/secure.gravatar.com\/avatar\/62da4937aa6d6b509192861c0b966204a1b742b2814f6387fa08fe6c98a8729c?s=96&d=mm&r=g\",\"caption\":\"admin\"},\"sameAs\":[\"https:\/\/elles129186.webdb78.lwspanel.com\"],\"url\":\"https:\/\/www.ellesaussi.org\/?author=1\"}]}<\/script>\n<!-- \/ Yoast SEO plugin. -->","yoast_head_json":{"title":"\u00ab La Marianne de la Parit\u00e9 \u00bb 2011- 2012 - Elles Aussi","robots":{"index":"index","follow":"follow","max-snippet":"max-snippet:-1","max-image-preview":"max-image-preview:large","max-video-preview":"max-video-preview:-1"},"canonical":"https:\/\/www.ellesaussi.org\/?p=2690","og_locale":"fr_FR","og_type":"article","og_title":"\u00ab La Marianne de la Parit\u00e9 \u00bb 2011- 2012 - Elles Aussi","og_description":"8 \u00a0 \u00a0mars \u00a0 \u00a02009 \u00a0 \u00a0: \u00a0 \u00a0l\u2019antenne \u00a0 \u00a0Elles \u00a0 \u00a0aussi \u00a0 \u00a0du \u00a0 \u00a0Rh\u00f4ne \u00a0 \u00a0organise \u00a0 \u00a0un \u00a0 \u00a0concours \u00a0 \u00a0pour \u00a0 \u00a0identifier \u00a0 \u00a0et \u00a0 \u00a0r\u00e9compenser \u00a0 \u00a0les \u00a0 \u00a0communes \u00a0 \u00a0du \u00a0 \u00a0d\u00e9partement \u00a0 \u00a0les \u00a0 \u00a0plus \u00a0 \u00a0paritaires. \u00a0 \u00a0 2011 \u00a0 \u00a0: \u00a0 \u00a0mi-\u00ad\u2010mandat \u00a0 \u00a0pour \u00a0 [&hellip;]","og_url":"https:\/\/www.ellesaussi.org\/?p=2690","og_site_name":"Elles Aussi","article_publisher":"https:\/\/www.facebook.com\/ellesaussi\/","article_published_time":"2012-11-13T10:25:00+00:00","article_modified_time":"2025-02-17T15:09:00+00:00","og_image":[{"width":200,"height":144,"url":"https:\/\/www.ellesaussi.org\/wp-content\/uploads\/2024\/10\/appel-du-18-juin-2024-Elles-aussi.jpg","type":"image\/jpeg"}],"author":"admin","twitter_card":"summary_large_image","twitter_misc":{"\u00c9crit par":"admin","Dur\u00e9e de lecture estim\u00e9e":"2 minutes"},"schema":{"@context":"https:\/\/schema.org","@graph":[{"@type":"Article","@id":"https:\/\/www.ellesaussi.org\/?p=2690#article","isPartOf":{"@id":"https:\/\/www.ellesaussi.org\/?p=2690"},"author":{"name":"admin","@id":"https:\/\/www.ellesaussi.org\/#\/schema\/person\/eeca4be50db30b5dbb39f78fc3364160"},"headline":"\u00ab La Marianne de la Parit\u00e9 \u00bb 2011- 2012","datePublished":"2012-11-13T10:25:00+00:00","dateModified":"2025-02-17T15:09:00+00:00","mainEntityOfPage":{"@id":"https:\/\/www.ellesaussi.org\/?p=2690"},"wordCount":272,"publisher":{"@id":"https:\/\/www.ellesaussi.org\/#organization"},"image":{"@id":"https:\/\/www.ellesaussi.org\/?p=2690#primaryimage"},"thumbnailUrl":"https:\/\/www.ellesaussi.org\/wp-content\/uploads\/2024\/10\/appel-du-18-juin-2024-Elles-aussi.jpg","articleSection":["Publications d\u2019Elles aussi"],"inLanguage":"fr-FR"},{"@type":"WebPage","@id":"https:\/\/www.ellesaussi.org\/?p=2690","url":"https:\/\/www.ellesaussi.org\/?p=2690","name":"\u00ab La Marianne de la Parit\u00e9 \u00bb 2011- 2012 - Elles Aussi","isPartOf":{"@id":"https:\/\/www.ellesaussi.org\/#website"},"primaryImageOfPage":{"@id":"https:\/\/www.ellesaussi.org\/?p=2690#primaryimage"},"image":{"@id":"https:\/\/www.ellesaussi.org\/?p=2690#primaryimage"},"thumbnailUrl":"https:\/\/www.ellesaussi.org\/wp-content\/uploads\/2024\/10\/appel-du-18-juin-2024-Elles-aussi.jpg","datePublished":"2012-11-13T10:25:00+00:00","dateModified":"2025-02-17T15:09:00+00:00","breadcrumb":{"@id":"https:\/\/www.ellesaussi.org\/?p=2690#breadcrumb"},"inLanguage":"fr-FR","potentialAction":[{"@type":"ReadAction","target":["https:\/\/www.ellesaussi.org\/?p=2690"]}]},{"@type":"ImageObject","inLanguage":"fr-FR","@id":"https:\/\/www.ellesaussi.org\/?p=2690#primaryimage","url":"https:\/\/www.ellesaussi.org\/wp-content\/uploads\/2024\/10\/appel-du-18-juin-2024-Elles-aussi.jpg","contentUrl":"https:\/\/www.ellesaussi.org\/wp-content\/uploads\/2024\/10\/appel-du-18-juin-2024-Elles-aussi.jpg","width":200,"height":144},{"@type":"BreadcrumbList","@id":"https:\/\/www.ellesaussi.org\/?p=2690#breadcrumb","itemListElement":[{"@type":"ListItem","position":1,"name":"Accueil","item":"https:\/\/www.ellesaussi.org\/"},{"@type":"ListItem","position":2,"name":"\u00ab La Marianne de la Parit\u00e9 \u00bb 2011- 2012"}]},{"@type":"WebSite","@id":"https:\/\/www.ellesaussi.org\/#website","url":"https:\/\/www.ellesaussi.org\/","name":"Elles Aussi","description":"","publisher":{"@id":"https:\/\/www.ellesaussi.org\/#organization"},"potentialAction":[{"@type":"SearchAction","target":{"@type":"EntryPoint","urlTemplate":"https:\/\/www.ellesaussi.org\/?s={search_term_string}"},"query-input":"required name=search_term_string"}],"inLanguage":"fr-FR"},{"@type":"Organization","@id":"https:\/\/www.ellesaussi.org\/#organization","name":"Elles Aussi","url":"https:\/\/www.ellesaussi.org\/","logo":{"@type":"ImageObject","inLanguage":"fr-FR","@id":"https:\/\/www.ellesaussi.org\/#\/schema\/logo\/image\/","url":"https:\/\/www.ellesaussi.org\/wp-content\/uploads\/2024\/05\/Elles-aussi_logotype_rouge.png","contentUrl":"https:\/\/www.ellesaussi.org\/wp-content\/uploads\/2024\/05\/Elles-aussi_logotype_rouge.png","width":3472,"height":2480,"caption":"Elles Aussi"},"image":{"@id":"https:\/\/www.ellesaussi.org\/#\/schema\/logo\/image\/"},"sameAs":["https:\/\/www.facebook.com\/ellesaussi\/"]},{"@type":"Person","@id":"https:\/\/www.ellesaussi.org\/#\/schema\/person\/eeca4be50db30b5dbb39f78fc3364160","name":"admin","image":{"@type":"ImageObject","inLanguage":"fr-FR","@id":"https:\/\/www.ellesaussi.org\/#\/schema\/person\/image\/","url":"https:\/\/secure.gravatar.com\/avatar\/62da4937aa6d6b509192861c0b966204a1b742b2814f6387fa08fe6c98a8729c?s=96&d=mm&r=g","contentUrl":"https:\/\/secure.gravatar.com\/avatar\/62da4937aa6d6b509192861c0b966204a1b742b2814f6387fa08fe6c98a8729c?s=96&d=mm&r=g","caption":"admin"},"sameAs":["https:\/\/elles129186.webdb78.lwspanel.com"],"url":"https:\/\/www.ellesaussi.org\/?author=1"}]}},"_links":{"self":[{"href":"https:\/\/www.ellesaussi.org\/index.php?rest_route=\/wp\/v2\/posts\/2690","targetHints":{"allow":["GET"]}}],"collection":[{"href":"https:\/\/www.ellesaussi.org\/index.php?rest_route=\/wp\/v2\/posts"}],"about":[{"href":"https:\/\/www.ellesaussi.org\/index.php?rest_route=\/wp\/v2\/types\/post"}],"author":[{"embeddable":true,"href":"https:\/\/www.ellesaussi.org\/index.php?rest_route=\/wp\/v2\/users\/1"}],"replies":[{"embeddable":true,"href":"https:\/\/www.ellesaussi.org\/index.php?rest_route=%2Fwp%2Fv2%2Fcomments&post=2690"}],"version-history":[{"count":13,"href":"https:\/\/www.ellesaussi.org\/index.php?rest_route=\/wp\/v2\/posts\/2690\/revisions"}],"predecessor-version":[{"id":3330,"href":"https:\/\/www.ellesaussi.org\/index.php?rest_route=\/wp\/v2\/posts\/2690\/revisions\/3330"}],"wp:featuredmedia":[{"embeddable":true,"href":"https:\/\/www.ellesaussi.org\/index.php?rest_route=\/wp\/v2\/media\/683"}],"wp:attachment":[{"href":"https:\/\/www.ellesaussi.org\/index.php?rest_route=%2Fwp%2Fv2%2Fmedia&parent=2690"}],"wp:term":[{"taxonomy":"category","embeddable":true,"href":"https:\/\/www.ellesaussi.org\/index.php?rest_route=%2Fwp%2Fv2%2Fcategories&post=2690"},{"taxonomy":"post_tag","embeddable":true,"href":"https:\/\/www.ellesaussi.org\/index.php?rest_route=%2Fwp%2Fv2%2Ftags&post=2690"}],"curies":[{"name":"wp","href":"https:\/\/api.w.org\/{rel}","templated":true}]}}