{"id":2668,"date":"2014-02-14T11:08:00","date_gmt":"2014-02-14T10:08:00","guid":{"rendered":"https:\/\/elles129186.webdb78.lwspanel.com\/?p=2668"},"modified":"2025-02-17T16:07:02","modified_gmt":"2025-02-17T15:07:02","slug":"le-bilan-des-acquis-de-lelu-e-local-e-bae","status":"publish","type":"post","link":"https:\/\/www.ellesaussi.org\/?p=2668","title":{"rendered":"Le Bilan des acquis de l\u2019\u00e9lu-e local-e (BAE)"},"content":{"rendered":"\t\t<div data-elementor-type=\"wp-post\" data-elementor-id=\"2668\" class=\"elementor elementor-2668\" data-elementor-post-type=\"post\">\n\t\t\t\t<div class=\"elementor-element elementor-element-5241e81 e-flex e-con-boxed e-con e-parent\" data-id=\"5241e81\" data-element_type=\"container\">\n\t\t\t\t\t<div class=\"e-con-inner\">\n\t\t\t\t<div class=\"elementor-element elementor-element-4f10b9f elementor-widget elementor-widget-text-editor\" data-id=\"4f10b9f\" data-element_type=\"widget\" data-widget_type=\"text-editor.default\">\n\t\t\t\t<div class=\"elementor-widget-container\">\n\t\t\t\t\t\t\t<p><strong>Pr\u00e9sentation<\/strong><\/p><p>Le Bilan des acquis de l\u2019\u00e9lu-e est une d\u00e9marche initi\u00e9e par l\u2019Association Elles aussi afin de permettre \u00e0 tout \u00e9lu\u2013e de valoriser les comp\u00e9tences acquises lors de son mandat \u00e9lectif.<\/p><p>Les objectifs de la d\u00e9marche BAE sont :<\/p><ul><li>Savoir rep\u00e9rer et s\u2019approprier toutes les comp\u00e9tences mises en \u0153uvre lors des mandats \u00e9lectifs<\/li><li>Mettre en relief et formaliser ses talents et ses comp\u00e9tences<\/li><li>Resituer la fonction \u00e9lective comme une \u00e9tape dans une carri\u00e8re<\/li><li>Pr\u00e9parer son changement de statut et\/ou d\u00e9part de la fonction \u00e9lective<\/li><li>Se repositionner et \u00e9laborer une strat\u00e9gie de parcours r\u00e9aliste et r\u00e9alisable<\/li><li>Apprendre \u00e0 communiquer sur son exp\u00e9rience o Prendre du recul et construire un projet professionnel<\/li><\/ul><p><strong>D\u00e9roulement<\/strong> <br \/>Etape 1 :<\/p><ul><li>Cartographier ses comp\u00e9tences professionnelles et extra-professionnelles<\/li><li>Identifier les indicateurs qualitatifs et quantitatifs de ses comp\u00e9tences<\/li><li>Situer la place de la p\u00e9riode \u00e9lective dans la carri\u00e8re et le parcours personnel<\/li><li>Faire \u00e9merger ses leviers de motivation pour la suite de sa carri\u00e8re<\/li><li>Rep\u00e9rer ses modes de fonctionnement personnel en termes de management, de communication, de prise de d\u00e9cision<\/li><\/ul><p>Etape 2 :<\/p><ul><li>Elaborer un projet de positionnement professionnel et\/ou extra-professionnel<\/li><li>Rechercher les \u00e9l\u00e9ments d\u2019information n\u00e9cessaires \u00e0 la v\u00e9rification des projets (lieux ressources, personnes ressources)<\/li><li>Identifier les ressources, les obstacles, les freins, les opportunit\u00e9s inh\u00e9rents aux projets<\/li><li>Explorer les pistes, les \u00e9l\u00e9ments de faisabilit\u00e9 et b\u00e2tir le plan d\u2019action (VAE, formation, recherche directe\u2026)<\/li><li>Elaborer une strat\u00e9gie de communication adapt\u00e9e <br \/><br \/><\/li><\/ul><p><strong>Modalit\u00e9s<\/strong><\/p><p>Format sur-mesure <br \/>Dur\u00e9e de 8 H \u00e0 16 heures. <br \/>Prise en charge financi\u00e8re par les collectivit\u00e9s (si le prestataire a l\u2019agr\u00e9ment du minist\u00e8re de l\u2019Int\u00e9rieur pour la formation des \u00e9lus) ou les organismes de formation des partis politiques.<\/p><ul><li>Entretien individuel o Possibilit\u00e9 d\u2019entretiens collectifs avec des pairs<\/li><li>Face \u00e0 face ou accompagnement \u00e0 distance<\/li><li>Mise \u00e0 disposition de supports au travail personnel inter-s\u00e9quences<\/li><li>R\u00e9daction d\u2019un support \u00ab Livret de comp\u00e9tences des acquis de l\u2019\u00e9lu-e \u00bb<\/li><\/ul><p><strong>L\u2019approche<\/strong><\/p><p>La d\u00e9marche BAE est conduite par un professionnel de l\u2019accompagnement des bilans de comp\u00e9tences et de conseil en gestion de carri\u00e8re<\/p><p><strong>L\u2019accompagnement<\/strong> <br \/>L\u2019accompagnement doit permettre \u00e0 l\u2019\u00e9lu-e d\u2019expliciter ses ressources et ses comp\u00e9tences transf\u00e9rables, de faire \u00e9merger et \u00e9voluer ses repr\u00e9sentations sur la suite de son parcours, de d\u00e9gager des pistes d\u2019actions, de d\u00e9ployer sa cr\u00e9ativit\u00e9, et d\u2019engager des \u00e9tapes r\u00e9alistes et concr\u00e8tes.<br \/><br \/><strong>La d\u00e9ontologie<\/strong> <br \/>L\u2019intervenant s\u2019engage \u00e0 respecter dans les accompagnements une posture, une \u00ab mani\u00e8re de faire \u00bb qui engage son \u00e9thique. <br \/>Il sera en permanence attentif :<\/p><ul><li>aux besoins des personnes concern\u00e9es<\/li><li>au maintien du cadre \u00e9thique<\/li><li>\u00e0 l\u2019utilisation de m\u00e9thodes adapt\u00e9es \u00e0 la demande<\/li><li>\u00e0 la transmission et au transfert des outils<\/li><\/ul>\t\t\t\t\t\t<\/div>\n\t\t\t\t<\/div>\n\t\t\t\t<div class=\"elementor-element elementor-element-dd90542 elementor-widget elementor-widget-button\" data-id=\"dd90542\" data-element_type=\"widget\" data-widget_type=\"button.default\">\n\t\t\t\t<div class=\"elementor-widget-container\">\n\t\t\t\t\t<div class=\"elementor-button-wrapper\">\n\t\t\t<a class=\"elementor-button elementor-button-link elementor-size-sm\" href=\"https:\/\/www.ellesaussi.org\/wp-content\/uploads\/2024\/11\/DepliantBAE.pdf\" target=\"_blank\">\n\t\t\t\t\t\t<span class=\"elementor-button-content-wrapper\">\n\t\t\t\t\t\t\t\t\t<span class=\"elementor-button-text\">T\u00e9l\u00e9charger le d\u00e9pliant<\/span>\n\t\t\t\t\t<\/span>\n\t\t\t\t\t<\/a>\n\t\t<\/div>\n\t\t\t\t<\/div>\n\t\t\t\t<\/div>\n\t\t\t\t\t<\/div>\n\t\t\t\t<\/div>\n\t\t\t\t<\/div>\n\t\t","protected":false},"excerpt":{"rendered":"<p>Pr\u00e9sentation Le Bilan des acquis de l\u2019\u00e9lu-e est une d\u00e9marche initi\u00e9e par l\u2019Association Elles aussi afin de permettre \u00e0 tout \u00e9lu\u2013e de valoriser les comp\u00e9tences acquises lors de son mandat \u00e9lectif. Les objectifs de la d\u00e9marche BAE sont : Savoir rep\u00e9rer et s\u2019approprier toutes les comp\u00e9tences mises en \u0153uvre lors des mandats \u00e9lectifs Mettre en [&hellip;]<\/p>\n","protected":false},"author":1,"featured_media":683,"comment_status":"closed","ping_status":"closed","sticky":false,"template":"","format":"standard","meta":{"footnotes":""},"categories":[50],"tags":[],"class_list":["post-2668","post","type-post","status-publish","format-standard","has-post-thumbnail","hentry","category-publications-delles-aussi"],"yoast_head":"<!-- This site is optimized with the Yoast SEO plugin v22.8 - https:\/\/yoast.com\/wordpress\/plugins\/seo\/ -->\n<title>Le Bilan des acquis de l\u2019\u00e9lu-e local-e (BAE) - Elles Aussi<\/title>\n<meta name=\"robots\" content=\"index, follow, max-snippet:-1, max-image-preview:large, max-video-preview:-1\" \/>\n<link rel=\"canonical\" href=\"https:\/\/www.ellesaussi.org\/?p=2668\" \/>\n<meta property=\"og:locale\" content=\"fr_FR\" \/>\n<meta property=\"og:type\" content=\"article\" \/>\n<meta property=\"og:title\" content=\"Le Bilan des acquis de l\u2019\u00e9lu-e local-e (BAE) - Elles Aussi\" \/>\n<meta property=\"og:description\" content=\"Pr\u00e9sentation Le Bilan des acquis de l\u2019\u00e9lu-e est une d\u00e9marche initi\u00e9e par l\u2019Association Elles aussi afin de permettre \u00e0 tout \u00e9lu\u2013e de valoriser les comp\u00e9tences acquises lors de son mandat \u00e9lectif. Les objectifs de la d\u00e9marche BAE sont : Savoir rep\u00e9rer et s\u2019approprier toutes les comp\u00e9tences mises en \u0153uvre lors des mandats \u00e9lectifs Mettre en [&hellip;]\" \/>\n<meta property=\"og:url\" content=\"https:\/\/www.ellesaussi.org\/?p=2668\" \/>\n<meta property=\"og:site_name\" content=\"Elles Aussi\" \/>\n<meta property=\"article:publisher\" content=\"https:\/\/www.facebook.com\/ellesaussi\/\" \/>\n<meta property=\"article:published_time\" content=\"2014-02-14T10:08:00+00:00\" \/>\n<meta property=\"article:modified_time\" content=\"2025-02-17T15:07:02+00:00\" \/>\n<meta property=\"og:image\" content=\"https:\/\/www.ellesaussi.org\/wp-content\/uploads\/2024\/10\/appel-du-18-juin-2024-Elles-aussi.jpg\" \/>\n\t<meta property=\"og:image:width\" content=\"200\" \/>\n\t<meta property=\"og:image:height\" content=\"144\" \/>\n\t<meta property=\"og:image:type\" content=\"image\/jpeg\" \/>\n<meta name=\"author\" content=\"admin\" \/>\n<meta name=\"twitter:card\" content=\"summary_large_image\" \/>\n<meta name=\"twitter:label1\" content=\"\u00c9crit par\" \/>\n\t<meta name=\"twitter:data1\" content=\"admin\" \/>\n\t<meta name=\"twitter:label2\" content=\"Dur\u00e9e de lecture estim\u00e9e\" \/>\n\t<meta name=\"twitter:data2\" content=\"3 minutes\" \/>\n<script type=\"application\/ld+json\" class=\"yoast-schema-graph\">{\"@context\":\"https:\/\/schema.org\",\"@graph\":[{\"@type\":\"Article\",\"@id\":\"https:\/\/www.ellesaussi.org\/?p=2668#article\",\"isPartOf\":{\"@id\":\"https:\/\/www.ellesaussi.org\/?p=2668\"},\"author\":{\"name\":\"admin\",\"@id\":\"https:\/\/www.ellesaussi.org\/#\/schema\/person\/eeca4be50db30b5dbb39f78fc3364160\"},\"headline\":\"Le Bilan des acquis de l\u2019\u00e9lu-e local-e (BAE)\",\"datePublished\":\"2014-02-14T10:08:00+00:00\",\"dateModified\":\"2025-02-17T15:07:02+00:00\",\"mainEntityOfPage\":{\"@id\":\"https:\/\/www.ellesaussi.org\/?p=2668\"},\"wordCount\":496,\"publisher\":{\"@id\":\"https:\/\/www.ellesaussi.org\/#organization\"},\"image\":{\"@id\":\"https:\/\/www.ellesaussi.org\/?p=2668#primaryimage\"},\"thumbnailUrl\":\"https:\/\/www.ellesaussi.org\/wp-content\/uploads\/2024\/10\/appel-du-18-juin-2024-Elles-aussi.jpg\",\"articleSection\":[\"Publications d\u2019Elles aussi\"],\"inLanguage\":\"fr-FR\"},{\"@type\":\"WebPage\",\"@id\":\"https:\/\/www.ellesaussi.org\/?p=2668\",\"url\":\"https:\/\/www.ellesaussi.org\/?p=2668\",\"name\":\"Le Bilan des acquis de l\u2019\u00e9lu-e local-e (BAE) - Elles Aussi\",\"isPartOf\":{\"@id\":\"https:\/\/www.ellesaussi.org\/#website\"},\"primaryImageOfPage\":{\"@id\":\"https:\/\/www.ellesaussi.org\/?p=2668#primaryimage\"},\"image\":{\"@id\":\"https:\/\/www.ellesaussi.org\/?p=2668#primaryimage\"},\"thumbnailUrl\":\"https:\/\/www.ellesaussi.org\/wp-content\/uploads\/2024\/10\/appel-du-18-juin-2024-Elles-aussi.jpg\",\"datePublished\":\"2014-02-14T10:08:00+00:00\",\"dateModified\":\"2025-02-17T15:07:02+00:00\",\"breadcrumb\":{\"@id\":\"https:\/\/www.ellesaussi.org\/?p=2668#breadcrumb\"},\"inLanguage\":\"fr-FR\",\"potentialAction\":[{\"@type\":\"ReadAction\",\"target\":[\"https:\/\/www.ellesaussi.org\/?p=2668\"]}]},{\"@type\":\"ImageObject\",\"inLanguage\":\"fr-FR\",\"@id\":\"https:\/\/www.ellesaussi.org\/?p=2668#primaryimage\",\"url\":\"https:\/\/www.ellesaussi.org\/wp-content\/uploads\/2024\/10\/appel-du-18-juin-2024-Elles-aussi.jpg\",\"contentUrl\":\"https:\/\/www.ellesaussi.org\/wp-content\/uploads\/2024\/10\/appel-du-18-juin-2024-Elles-aussi.jpg\",\"width\":200,\"height\":144},{\"@type\":\"BreadcrumbList\",\"@id\":\"https:\/\/www.ellesaussi.org\/?p=2668#breadcrumb\",\"itemListElement\":[{\"@type\":\"ListItem\",\"position\":1,\"name\":\"Accueil\",\"item\":\"https:\/\/www.ellesaussi.org\/\"},{\"@type\":\"ListItem\",\"position\":2,\"name\":\"Le Bilan des acquis de l\u2019\u00e9lu-e local-e (BAE)\"}]},{\"@type\":\"WebSite\",\"@id\":\"https:\/\/www.ellesaussi.org\/#website\",\"url\":\"https:\/\/www.ellesaussi.org\/\",\"name\":\"Elles Aussi\",\"description\":\"\",\"publisher\":{\"@id\":\"https:\/\/www.ellesaussi.org\/#organization\"},\"potentialAction\":[{\"@type\":\"SearchAction\",\"target\":{\"@type\":\"EntryPoint\",\"urlTemplate\":\"https:\/\/www.ellesaussi.org\/?s={search_term_string}\"},\"query-input\":\"required name=search_term_string\"}],\"inLanguage\":\"fr-FR\"},{\"@type\":\"Organization\",\"@id\":\"https:\/\/www.ellesaussi.org\/#organization\",\"name\":\"Elles Aussi\",\"url\":\"https:\/\/www.ellesaussi.org\/\",\"logo\":{\"@type\":\"ImageObject\",\"inLanguage\":\"fr-FR\",\"@id\":\"https:\/\/www.ellesaussi.org\/#\/schema\/logo\/image\/\",\"url\":\"https:\/\/www.ellesaussi.org\/wp-content\/uploads\/2024\/05\/Elles-aussi_logotype_rouge.png\",\"contentUrl\":\"https:\/\/www.ellesaussi.org\/wp-content\/uploads\/2024\/05\/Elles-aussi_logotype_rouge.png\",\"width\":3472,\"height\":2480,\"caption\":\"Elles Aussi\"},\"image\":{\"@id\":\"https:\/\/www.ellesaussi.org\/#\/schema\/logo\/image\/\"},\"sameAs\":[\"https:\/\/www.facebook.com\/ellesaussi\/\"]},{\"@type\":\"Person\",\"@id\":\"https:\/\/www.ellesaussi.org\/#\/schema\/person\/eeca4be50db30b5dbb39f78fc3364160\",\"name\":\"admin\",\"image\":{\"@type\":\"ImageObject\",\"inLanguage\":\"fr-FR\",\"@id\":\"https:\/\/www.ellesaussi.org\/#\/schema\/person\/image\/\",\"url\":\"https:\/\/secure.gravatar.com\/avatar\/62da4937aa6d6b509192861c0b966204a1b742b2814f6387fa08fe6c98a8729c?s=96&d=mm&r=g\",\"contentUrl\":\"https:\/\/secure.gravatar.com\/avatar\/62da4937aa6d6b509192861c0b966204a1b742b2814f6387fa08fe6c98a8729c?s=96&d=mm&r=g\",\"caption\":\"admin\"},\"sameAs\":[\"https:\/\/elles129186.webdb78.lwspanel.com\"],\"url\":\"https:\/\/www.ellesaussi.org\/?author=1\"}]}<\/script>\n<!-- \/ Yoast SEO plugin. -->","yoast_head_json":{"title":"Le Bilan des acquis de l\u2019\u00e9lu-e local-e (BAE) - Elles Aussi","robots":{"index":"index","follow":"follow","max-snippet":"max-snippet:-1","max-image-preview":"max-image-preview:large","max-video-preview":"max-video-preview:-1"},"canonical":"https:\/\/www.ellesaussi.org\/?p=2668","og_locale":"fr_FR","og_type":"article","og_title":"Le Bilan des acquis de l\u2019\u00e9lu-e local-e (BAE) - Elles Aussi","og_description":"Pr\u00e9sentation Le Bilan des acquis de l\u2019\u00e9lu-e est une d\u00e9marche initi\u00e9e par l\u2019Association Elles aussi afin de permettre \u00e0 tout \u00e9lu\u2013e de valoriser les comp\u00e9tences acquises lors de son mandat \u00e9lectif. Les objectifs de la d\u00e9marche BAE sont : Savoir rep\u00e9rer et s\u2019approprier toutes les comp\u00e9tences mises en \u0153uvre lors des mandats \u00e9lectifs Mettre en [&hellip;]","og_url":"https:\/\/www.ellesaussi.org\/?p=2668","og_site_name":"Elles Aussi","article_publisher":"https:\/\/www.facebook.com\/ellesaussi\/","article_published_time":"2014-02-14T10:08:00+00:00","article_modified_time":"2025-02-17T15:07:02+00:00","og_image":[{"width":200,"height":144,"url":"https:\/\/www.ellesaussi.org\/wp-content\/uploads\/2024\/10\/appel-du-18-juin-2024-Elles-aussi.jpg","type":"image\/jpeg"}],"author":"admin","twitter_card":"summary_large_image","twitter_misc":{"\u00c9crit par":"admin","Dur\u00e9e de lecture estim\u00e9e":"3 minutes"},"schema":{"@context":"https:\/\/schema.org","@graph":[{"@type":"Article","@id":"https:\/\/www.ellesaussi.org\/?p=2668#article","isPartOf":{"@id":"https:\/\/www.ellesaussi.org\/?p=2668"},"author":{"name":"admin","@id":"https:\/\/www.ellesaussi.org\/#\/schema\/person\/eeca4be50db30b5dbb39f78fc3364160"},"headline":"Le Bilan des acquis de l\u2019\u00e9lu-e local-e (BAE)","datePublished":"2014-02-14T10:08:00+00:00","dateModified":"2025-02-17T15:07:02+00:00","mainEntityOfPage":{"@id":"https:\/\/www.ellesaussi.org\/?p=2668"},"wordCount":496,"publisher":{"@id":"https:\/\/www.ellesaussi.org\/#organization"},"image":{"@id":"https:\/\/www.ellesaussi.org\/?p=2668#primaryimage"},"thumbnailUrl":"https:\/\/www.ellesaussi.org\/wp-content\/uploads\/2024\/10\/appel-du-18-juin-2024-Elles-aussi.jpg","articleSection":["Publications d\u2019Elles aussi"],"inLanguage":"fr-FR"},{"@type":"WebPage","@id":"https:\/\/www.ellesaussi.org\/?p=2668","url":"https:\/\/www.ellesaussi.org\/?p=2668","name":"Le Bilan des acquis de l\u2019\u00e9lu-e local-e (BAE) - Elles Aussi","isPartOf":{"@id":"https:\/\/www.ellesaussi.org\/#website"},"primaryImageOfPage":{"@id":"https:\/\/www.ellesaussi.org\/?p=2668#primaryimage"},"image":{"@id":"https:\/\/www.ellesaussi.org\/?p=2668#primaryimage"},"thumbnailUrl":"https:\/\/www.ellesaussi.org\/wp-content\/uploads\/2024\/10\/appel-du-18-juin-2024-Elles-aussi.jpg","datePublished":"2014-02-14T10:08:00+00:00","dateModified":"2025-02-17T15:07:02+00:00","breadcrumb":{"@id":"https:\/\/www.ellesaussi.org\/?p=2668#breadcrumb"},"inLanguage":"fr-FR","potentialAction":[{"@type":"ReadAction","target":["https:\/\/www.ellesaussi.org\/?p=2668"]}]},{"@type":"ImageObject","inLanguage":"fr-FR","@id":"https:\/\/www.ellesaussi.org\/?p=2668#primaryimage","url":"https:\/\/www.ellesaussi.org\/wp-content\/uploads\/2024\/10\/appel-du-18-juin-2024-Elles-aussi.jpg","contentUrl":"https:\/\/www.ellesaussi.org\/wp-content\/uploads\/2024\/10\/appel-du-18-juin-2024-Elles-aussi.jpg","width":200,"height":144},{"@type":"BreadcrumbList","@id":"https:\/\/www.ellesaussi.org\/?p=2668#breadcrumb","itemListElement":[{"@type":"ListItem","position":1,"name":"Accueil","item":"https:\/\/www.ellesaussi.org\/"},{"@type":"ListItem","position":2,"name":"Le Bilan des acquis de l\u2019\u00e9lu-e local-e (BAE)"}]},{"@type":"WebSite","@id":"https:\/\/www.ellesaussi.org\/#website","url":"https:\/\/www.ellesaussi.org\/","name":"Elles Aussi","description":"","publisher":{"@id":"https:\/\/www.ellesaussi.org\/#organization"},"potentialAction":[{"@type":"SearchAction","target":{"@type":"EntryPoint","urlTemplate":"https:\/\/www.ellesaussi.org\/?s={search_term_string}"},"query-input":"required name=search_term_string"}],"inLanguage":"fr-FR"},{"@type":"Organization","@id":"https:\/\/www.ellesaussi.org\/#organization","name":"Elles Aussi","url":"https:\/\/www.ellesaussi.org\/","logo":{"@type":"ImageObject","inLanguage":"fr-FR","@id":"https:\/\/www.ellesaussi.org\/#\/schema\/logo\/image\/","url":"https:\/\/www.ellesaussi.org\/wp-content\/uploads\/2024\/05\/Elles-aussi_logotype_rouge.png","contentUrl":"https:\/\/www.ellesaussi.org\/wp-content\/uploads\/2024\/05\/Elles-aussi_logotype_rouge.png","width":3472,"height":2480,"caption":"Elles Aussi"},"image":{"@id":"https:\/\/www.ellesaussi.org\/#\/schema\/logo\/image\/"},"sameAs":["https:\/\/www.facebook.com\/ellesaussi\/"]},{"@type":"Person","@id":"https:\/\/www.ellesaussi.org\/#\/schema\/person\/eeca4be50db30b5dbb39f78fc3364160","name":"admin","image":{"@type":"ImageObject","inLanguage":"fr-FR","@id":"https:\/\/www.ellesaussi.org\/#\/schema\/person\/image\/","url":"https:\/\/secure.gravatar.com\/avatar\/62da4937aa6d6b509192861c0b966204a1b742b2814f6387fa08fe6c98a8729c?s=96&d=mm&r=g","contentUrl":"https:\/\/secure.gravatar.com\/avatar\/62da4937aa6d6b509192861c0b966204a1b742b2814f6387fa08fe6c98a8729c?s=96&d=mm&r=g","caption":"admin"},"sameAs":["https:\/\/elles129186.webdb78.lwspanel.com"],"url":"https:\/\/www.ellesaussi.org\/?author=1"}]}},"_links":{"self":[{"href":"https:\/\/www.ellesaussi.org\/index.php?rest_route=\/wp\/v2\/posts\/2668","targetHints":{"allow":["GET"]}}],"collection":[{"href":"https:\/\/www.ellesaussi.org\/index.php?rest_route=\/wp\/v2\/posts"}],"about":[{"href":"https:\/\/www.ellesaussi.org\/index.php?rest_route=\/wp\/v2\/types\/post"}],"author":[{"embeddable":true,"href":"https:\/\/www.ellesaussi.org\/index.php?rest_route=\/wp\/v2\/users\/1"}],"replies":[{"embeddable":true,"href":"https:\/\/www.ellesaussi.org\/index.php?rest_route=%2Fwp%2Fv2%2Fcomments&post=2668"}],"version-history":[{"count":13,"href":"https:\/\/www.ellesaussi.org\/index.php?rest_route=\/wp\/v2\/posts\/2668\/revisions"}],"predecessor-version":[{"id":3321,"href":"https:\/\/www.ellesaussi.org\/index.php?rest_route=\/wp\/v2\/posts\/2668\/revisions\/3321"}],"wp:featuredmedia":[{"embeddable":true,"href":"https:\/\/www.ellesaussi.org\/index.php?rest_route=\/wp\/v2\/media\/683"}],"wp:attachment":[{"href":"https:\/\/www.ellesaussi.org\/index.php?rest_route=%2Fwp%2Fv2%2Fmedia&parent=2668"}],"wp:term":[{"taxonomy":"category","embeddable":true,"href":"https:\/\/www.ellesaussi.org\/index.php?rest_route=%2Fwp%2Fv2%2Fcategories&post=2668"},{"taxonomy":"post_tag","embeddable":true,"href":"https:\/\/www.ellesaussi.org\/index.php?rest_route=%2Fwp%2Fv2%2Ftags&post=2668"}],"curies":[{"name":"wp","href":"https:\/\/api.w.org\/{rel}","templated":true}]}}