{"id":2655,"date":"2014-05-15T09:59:00","date_gmt":"2014-05-15T07:59:00","guid":{"rendered":"https:\/\/elles129186.webdb78.lwspanel.com\/?p=2655"},"modified":"2025-02-17T16:07:51","modified_gmt":"2025-02-17T15:07:51","slug":"femmes-quelle-europe-voulons-nous","status":"publish","type":"post","link":"https:\/\/www.ellesaussi.org\/?p=2655","title":{"rendered":"Femmes quelle Europe voulons-nous ?"},"content":{"rendered":"\t\t<div data-elementor-type=\"wp-post\" data-elementor-id=\"2655\" class=\"elementor elementor-2655\" data-elementor-post-type=\"post\">\n\t\t\t\t<div class=\"elementor-element elementor-element-8dba386 e-flex e-con-boxed e-con e-parent\" data-id=\"8dba386\" data-element_type=\"container\">\n\t\t\t\t\t<div class=\"e-con-inner\">\n\t\t\t\t<div class=\"elementor-element elementor-element-62593b7 elementor-widget elementor-widget-text-editor\" data-id=\"62593b7\" data-element_type=\"widget\" data-widget_type=\"text-editor.default\">\n\t\t\t\t<div class=\"elementor-widget-container\">\n\t\t\t\t\t\t\t<h6><strong>\u00c9lections europ\u00e9ennes <\/strong><br \/><strong>25 mai 2014 <\/strong><br \/><br \/><strong>Responsables de notre avenir, <\/strong><br \/><strong>Femmes citoyennes d\u2019Europe, <\/strong><br \/><br \/><strong>Votons !<\/strong><\/h6><p><br \/><strong>L\u2019Europe, une chance pour les femmes<\/strong> <br \/><br \/>Au plus haut niveau, des femmes politiques fran\u00e7aises, venant de partis de droite ou de gauche, se sont investies dans la construction de l\u2019Europe, dans un esprit de coop\u00e9ration et de n\u00e9gociation. <br \/><br \/>A tous les niveaux, les femmes apportent \u00e0 l\u2019Europe, leur force de travail visible et invisible, le renouvellement des g\u00e9n\u00e9rations, l\u2019exigence d\u2019une d\u00e9mocratie aboutie via l\u2019injonction de parit\u00e9 pour une juste repr\u00e9sentation des peuples europ\u00e9ens au plus pr\u00e8s de la r\u00e9alit\u00e9 de la vie. <br \/><br \/>En retour, l\u2019Europe a beaucoup apport\u00e9 aux femmes sur le plan juridique. D\u00e8s l\u2019origine, en 1957 le Trait\u00e9 de Rome inscrivait le principe d\u2019\u00e9galit\u00e9 de r\u00e9mun\u00e9ration pour un m\u00eame travail, posant ainsi le socle d\u2019une construction progressive d\u2019un droit \u00e0 l\u2019\u00e9galit\u00e9 entre les femmes et les hommes. De nombreuses directives et programmes d\u2019action ont depuis donn\u00e9 consistance au principe d\u2019\u00e9galit\u00e9 au-del\u00e0 du strict champ professionnel, en \u00e9largissant la question \u00e0 tous les domaines de la vie des femmes. Valeur commune \u00e0 tous les Etats de l\u2019Union, il est maintenant inscrit dans la Charte des droits fondamentaux. <br \/><br \/>Ce socle principiel a constitu\u00e9 les fondations d\u2019une strat\u00e9gie pour r\u00e9aliser l\u2019\u00e9galit\u00e9 \u00e0 travers les politiques publiques et la Charte europ\u00e9enne pour l\u2019\u00e9galit\u00e9 entre les femmes et les hommes dans la vie locale, sign\u00e9e \u00e0 ce jour par plus de 160 <br \/>collectivit\u00e9s en France en est une d\u00e9clinaison concr\u00e8te. <br \/><br \/>Appuy\u00e9e au principe d\u2019\u00e9galit\u00e9, la parit\u00e9, notion europ\u00e9enne avant d\u2019\u00eatre fran\u00e7aise, veut r\u00e9aliser la participation \u00e9quilibr\u00e9e des femmes et des hommes au gouvernement du monde et r\u00e9parer l\u2019injustice qui en excluait de facto les femmes. <br \/>L\u2019Europe est ainsi devenue la r\u00e9gion du Monde o\u00f9 les droits des femmes sont les plus avanc\u00e9s ; mod\u00e8le envi\u00e9 quoique imparfait, l\u2019UE a su porter les valeurs d\u00e9mocratiques dans les grandes conf\u00e9rences internationales des derni\u00e8res d\u00e9cennies, mod\u00e8le fragile, toujours en butte aux attaques des lobbies r\u00e9actionnaires, fronts avanc\u00e9s de tous les patriarcats. <br \/><br \/><strong>Femmes, quelle Europe voulons-nous ?<\/strong> <br \/><br \/>Nous savons qu\u2019\u00e0 l\u2019\u00e9chelle du monde aucun \u00e9tat europ\u00e9en n\u2019a, seul, la puissance de se faire entendre. <br \/><br \/>Nous sommes pragmatiques, et nous connaissons le pouvoir du Parlement europ\u00e9en sur la gestion de la vie des citoyens (\u00e9quipements, formation, lutte contre les violences et contre la pauvret\u00e9\u2026) <br \/><br \/>Nous avons pu voir que la l\u00e9gislation europ\u00e9enne a un impact sur les l\u00e9gislations nationales (harc\u00e8lement sexuel, cong\u00e9 de maternit\u00e9, emploi, entrepreneuriat f\u00e9minin\u2026.) <br \/><br \/>Nous avons le souci des g\u00e9n\u00e9rations futures et nous voulons pour elles un d\u00e9veloppement durable, humain et \u00e9galitaire. L\u2019Europe d\u00e9mocratique doit refuser toutes les r\u00e9gressions misogynes, homophobes ou racistes qui se manifestent actuellement. <br \/><br \/>Ce que nous avons pu obtenir par l\u2019Europe, nous le tenons des femmes des pays les plus avanc\u00e9s en mati\u00e8re d\u2019\u00e9galit\u00e9 et de parit\u00e9, et nous voulons une harmonisation par le haut des droits des femmes dans tous les domaines au niveau de l\u2019Union Europ\u00e9enne. <br \/><br \/><strong>D\u2019excellentes raisons pour voter le 25 mai 2014<\/strong><br \/><strong>Le r\u00e9seau Elles aussi<\/strong><br \/><br \/>Des associations membres, soit nationales soit r\u00e9gionales : <br \/>Action catholique des femmes <br \/>Alliance des Femmes pour la D\u00e9mocratie <br \/>UFCS\/FR <br \/>Femmes d\u2019Alsace <br \/>Elles aussi Martinique <br \/>Femmes et \u00e9lues de la Manche <br \/>Femmes \u00e9lues de l\u2019Is\u00e8re <br \/>Femmes \u00e9lues de la Loire <br \/>Femmes aux responsabilit\u00e9s <br \/><br \/>Des antennes locales dans plusieurs r\u00e9gions ou d\u00e9partements, \u00e0 retrouver sur notre site<\/p><p>\u00a0<\/p><hr \/><p>\u00a0<\/p><h6><strong>L\u2019Europe, une chance pour les femmes<\/strong><br \/><strong>L\u2019Europe a beaucoup apport\u00e9 aux femmes sur le plan juridique.<\/strong><\/h6><p><br \/><strong>En posant l\u2019\u00e9galit\u00e9 entre les femmes et les hommes comme principe fondateur de l\u2019Union,<\/strong><\/p><ul><li>affirm\u00e9 d\u00e8s l\u2019origine (1957) dans le cadre salarial, \u00e9largi ensuite \u00e0 tous les domaines par de nombreuses directives et programmes d\u2019action,<\/li><li>inscrit depuis 2010 dans la Charte des droits fondamentaux, comme valeur commune \u00e0 tous les Etats de l\u2019Union,<\/li><li>mis en \u0153uvre concr\u00e8tement (depuis 2006) dans les politiques publiques via la Charte europ\u00e9enne pour l\u2019\u00e9galit\u00e9 entre les femmes et les hommes dans la vie locale, sign\u00e9e \u00e0 ce jour par plus de 166 collectivit\u00e9s en France.<\/li><\/ul><p>En avan\u00e7ant l\u2019id\u00e9e de parit\u00e9 (1992) pour r\u00e9aliser la participation \u00e9quilibr\u00e9e des femmes et des hommes au gouvernement du monde. <br \/><br \/><strong>Femmes, quelle Europe voulons-nous ? <\/strong><br \/><br \/>Nous sommes pragmatiques, et nous connaissons l\u2019impact du Parlement europ\u00e9en sur les l\u00e9gislations nationales et diff\u00e9rents aspects de la vie quotidienne. <br \/><br \/>Nous avons le souci des g\u00e9n\u00e9rations futures et nous voulons pour elles un d\u00e9veloppement durable, humain et \u00e9galitaire. Nous comptons sur l\u2019\u2019Europe d\u00e9mocratique pour barrer la route aux r\u00e9gressions misogynes, homophobes ou racistes qui se manifestent actuellement. <br \/><br \/>Nous voulons une harmonisation par le haut des droits des femmes dans tous les domaines au niveau de l\u2019Union Europ\u00e9enne. <br \/><br \/><strong>D\u2019excellentes raisons pour voter le 25 mai 2014<br \/><\/strong><\/p><hr \/><h6><strong><br \/>L\u2019Europe, une chance pour les femmes<\/strong><br \/><strong>L\u2019Union europ\u00e9enne dans ses principes :<\/strong><\/h6><p>C\u2019est, depuis l\u2019origine, un engagement pour l\u2019\u00e9galit\u00e9 entre les femmes et les hommes dans tous les domaines de la vie. <br \/>C\u2019est la parit\u00e9 pour une participation \u00e9quilibr\u00e9e des femmes et des hommes au gouvernement du monde. <br \/>C\u2019est l\u2019esp\u00e9rance, toujours \u00e0 cultiver, d\u2019une paix et d\u2019une collaboration possibles entre \u00e9tats voisins. <br \/>C\u2019est la mutualisation de moyens pour un mieux-\u00eatre collectif. <br \/><br \/><strong>L\u2019Union europ\u00e9enne dans ses programmes et directives :<\/strong> <br \/><br \/>Ce sont des financements aux collectivit\u00e9s locales pour un d\u00e9veloppement \u00e9conomique avec davantage de coh\u00e9sion sociale et territoriale, et avec le souci de r\u00e9duire la pauvret\u00e9. <br \/>Ce sont des r\u00e9seaux pour promouvoir le pouvoir-faire des femmes dans la recherche, la cr\u00e9ation d\u2019entreprise\u2026 <br \/>C\u2019est la lutte contre la traite, la maltraitance aux femmes et les violences \u00e0 leur encontre, c\u2019est la d\u00e9finition du harc\u00e8lement sexuel. <br \/>Ce sont les droits sexuels et g\u00e9n\u00e9siques affirm\u00e9s, le droit au cong\u00e9 de maternit\u00e9 et la protection des femmes enceintes au travail \u00e9tendus \u00e0 tous les \u00e9tats. <br \/>Ce sont des r\u00e8gles de s\u00e9curit\u00e9 relatives \u00e0 la consommation (ou sur les jouets). Etc. <br \/><br \/><strong>Femmes, quelle Europe voulons-nous ?<\/strong> <br \/><br \/>Nous avons le souci des g\u00e9n\u00e9rations futures et nous voulons pour elles un d\u00e9veloppement durable, humain et \u00e9galitaire. <br \/>Nous demandons \u00e0 l\u2019Europe d\u00e9mocratique de r\u00e9sister aux r\u00e9gressions misogynes, homophobes ou racistes qui se manifestent actuellement. <br \/>Nous voulons une harmonisation par le haut des droits des femmes dans tous les domaines au niveau de l\u2019Union Europ\u00e9enne. <br \/><br \/><strong>D\u2019excellentes raisons pour voter le 25 mai 2014<\/strong> <\/p>\t\t\t\t\t\t<\/div>\n\t\t\t\t<\/div>\n\t\t\t\t<div class=\"elementor-element elementor-element-0be18ad elementor-widget elementor-widget-button\" data-id=\"0be18ad\" data-element_type=\"widget\" data-widget_type=\"button.default\">\n\t\t\t\t<div class=\"elementor-widget-container\">\n\t\t\t\t\t<div class=\"elementor-button-wrapper\">\n\t\t\t<a class=\"elementor-button elementor-button-link elementor-size-sm\" href=\"https:\/\/www.ellesaussi.org\/wp-content\/uploads\/2024\/11\/EA_-depliant_Europe.pdf\" target=\"_blank\">\n\t\t\t\t\t\t<span class=\"elementor-button-content-wrapper\">\n\t\t\t\t\t\t\t\t\t<span class=\"elementor-button-text\">Voir le d\u00e9pliant 1 page en PDF<\/span>\n\t\t\t\t\t<\/span>\n\t\t\t\t\t<\/a>\n\t\t<\/div>\n\t\t\t\t<\/div>\n\t\t\t\t<\/div>\n\t\t\t\t<div class=\"elementor-element elementor-element-11a1f98 elementor-widget elementor-widget-button\" data-id=\"11a1f98\" data-element_type=\"widget\" data-widget_type=\"button.default\">\n\t\t\t\t<div class=\"elementor-widget-container\">\n\t\t\t\t\t<div class=\"elementor-button-wrapper\">\n\t\t\t<a class=\"elementor-button elementor-button-link elementor-size-sm\" href=\"https:\/\/www.ellesaussi.org\/wp-content\/uploads\/2024\/11\/EA_depliant_2p_Europe.pdf\" target=\"_blank\">\n\t\t\t\t\t\t<span class=\"elementor-button-content-wrapper\">\n\t\t\t\t\t\t\t\t\t<span class=\"elementor-button-text\">Voir le d\u00e9pliant 2 pages en PDF<\/span>\n\t\t\t\t\t<\/span>\n\t\t\t\t\t<\/a>\n\t\t<\/div>\n\t\t\t\t<\/div>\n\t\t\t\t<\/div>\n\t\t\t\t<div class=\"elementor-element elementor-element-4e580bc elementor-widget elementor-widget-button\" data-id=\"4e580bc\" data-element_type=\"widget\" data-widget_type=\"button.default\">\n\t\t\t\t<div class=\"elementor-widget-container\">\n\t\t\t\t\t<div class=\"elementor-button-wrapper\">\n\t\t\t<a class=\"elementor-button elementor-button-link elementor-size-sm\" href=\"https:\/\/www.ellesaussi.org\/wp-content\/uploads\/2024\/11\/EA_-livret_Europe.pdf\" target=\"_blank\">\n\t\t\t\t\t\t<span class=\"elementor-button-content-wrapper\">\n\t\t\t\t\t\t\t\t\t<span class=\"elementor-button-text\">Voir le livret en PDF<\/span>\n\t\t\t\t\t<\/span>\n\t\t\t\t\t<\/a>\n\t\t<\/div>\n\t\t\t\t<\/div>\n\t\t\t\t<\/div>\n\t\t\t\t\t<\/div>\n\t\t\t\t<\/div>\n\t\t\t\t<\/div>\n\t\t","protected":false},"excerpt":{"rendered":"<p>\u00c9lections europ\u00e9ennes 25 mai 2014 Responsables de notre avenir, Femmes citoyennes d\u2019Europe, Votons ! L\u2019Europe, une chance pour les femmes Au plus haut niveau, des femmes politiques fran\u00e7aises, venant de partis de droite ou de gauche, se sont investies dans la construction de l\u2019Europe, dans un esprit de coop\u00e9ration et de n\u00e9gociation. A tous les [&hellip;]<\/p>\n","protected":false},"author":1,"featured_media":683,"comment_status":"closed","ping_status":"closed","sticky":false,"template":"","format":"standard","meta":{"footnotes":""},"categories":[50],"tags":[],"class_list":["post-2655","post","type-post","status-publish","format-standard","has-post-thumbnail","hentry","category-publications-delles-aussi"],"yoast_head":"<!-- This site is optimized with the Yoast SEO plugin v22.8 - https:\/\/yoast.com\/wordpress\/plugins\/seo\/ -->\n<title>Femmes quelle Europe voulons-nous ? - Elles Aussi<\/title>\n<meta name=\"robots\" content=\"index, follow, max-snippet:-1, max-image-preview:large, max-video-preview:-1\" \/>\n<link rel=\"canonical\" href=\"https:\/\/www.ellesaussi.org\/?p=2655\" \/>\n<meta property=\"og:locale\" content=\"fr_FR\" \/>\n<meta property=\"og:type\" content=\"article\" \/>\n<meta property=\"og:title\" content=\"Femmes quelle Europe voulons-nous ? - Elles Aussi\" \/>\n<meta property=\"og:description\" content=\"\u00c9lections europ\u00e9ennes 25 mai 2014 Responsables de notre avenir, Femmes citoyennes d\u2019Europe, Votons ! L\u2019Europe, une chance pour les femmes Au plus haut niveau, des femmes politiques fran\u00e7aises, venant de partis de droite ou de gauche, se sont investies dans la construction de l\u2019Europe, dans un esprit de coop\u00e9ration et de n\u00e9gociation. A tous les [&hellip;]\" \/>\n<meta property=\"og:url\" content=\"https:\/\/www.ellesaussi.org\/?p=2655\" \/>\n<meta property=\"og:site_name\" content=\"Elles Aussi\" \/>\n<meta property=\"article:publisher\" content=\"https:\/\/www.facebook.com\/ellesaussi\/\" \/>\n<meta property=\"article:published_time\" content=\"2014-05-15T07:59:00+00:00\" \/>\n<meta property=\"article:modified_time\" content=\"2025-02-17T15:07:51+00:00\" \/>\n<meta property=\"og:image\" content=\"https:\/\/www.ellesaussi.org\/wp-content\/uploads\/2024\/10\/appel-du-18-juin-2024-Elles-aussi.jpg\" \/>\n\t<meta property=\"og:image:width\" content=\"200\" \/>\n\t<meta property=\"og:image:height\" content=\"144\" \/>\n\t<meta property=\"og:image:type\" content=\"image\/jpeg\" \/>\n<meta name=\"author\" content=\"admin\" \/>\n<meta name=\"twitter:card\" content=\"summary_large_image\" \/>\n<meta name=\"twitter:label1\" content=\"\u00c9crit par\" \/>\n\t<meta name=\"twitter:data1\" content=\"admin\" \/>\n\t<meta name=\"twitter:label2\" content=\"Dur\u00e9e de lecture estim\u00e9e\" \/>\n\t<meta name=\"twitter:data2\" content=\"6 minutes\" \/>\n<script type=\"application\/ld+json\" class=\"yoast-schema-graph\">{\"@context\":\"https:\/\/schema.org\",\"@graph\":[{\"@type\":\"Article\",\"@id\":\"https:\/\/www.ellesaussi.org\/?p=2655#article\",\"isPartOf\":{\"@id\":\"https:\/\/www.ellesaussi.org\/?p=2655\"},\"author\":{\"name\":\"admin\",\"@id\":\"https:\/\/www.ellesaussi.org\/#\/schema\/person\/eeca4be50db30b5dbb39f78fc3364160\"},\"headline\":\"Femmes quelle Europe voulons-nous ?\",\"datePublished\":\"2014-05-15T07:59:00+00:00\",\"dateModified\":\"2025-02-17T15:07:51+00:00\",\"mainEntityOfPage\":{\"@id\":\"https:\/\/www.ellesaussi.org\/?p=2655\"},\"wordCount\":1171,\"publisher\":{\"@id\":\"https:\/\/www.ellesaussi.org\/#organization\"},\"image\":{\"@id\":\"https:\/\/www.ellesaussi.org\/?p=2655#primaryimage\"},\"thumbnailUrl\":\"https:\/\/www.ellesaussi.org\/wp-content\/uploads\/2024\/10\/appel-du-18-juin-2024-Elles-aussi.jpg\",\"articleSection\":[\"Publications d\u2019Elles aussi\"],\"inLanguage\":\"fr-FR\"},{\"@type\":\"WebPage\",\"@id\":\"https:\/\/www.ellesaussi.org\/?p=2655\",\"url\":\"https:\/\/www.ellesaussi.org\/?p=2655\",\"name\":\"Femmes quelle Europe voulons-nous ? - Elles Aussi\",\"isPartOf\":{\"@id\":\"https:\/\/www.ellesaussi.org\/#website\"},\"primaryImageOfPage\":{\"@id\":\"https:\/\/www.ellesaussi.org\/?p=2655#primaryimage\"},\"image\":{\"@id\":\"https:\/\/www.ellesaussi.org\/?p=2655#primaryimage\"},\"thumbnailUrl\":\"https:\/\/www.ellesaussi.org\/wp-content\/uploads\/2024\/10\/appel-du-18-juin-2024-Elles-aussi.jpg\",\"datePublished\":\"2014-05-15T07:59:00+00:00\",\"dateModified\":\"2025-02-17T15:07:51+00:00\",\"breadcrumb\":{\"@id\":\"https:\/\/www.ellesaussi.org\/?p=2655#breadcrumb\"},\"inLanguage\":\"fr-FR\",\"potentialAction\":[{\"@type\":\"ReadAction\",\"target\":[\"https:\/\/www.ellesaussi.org\/?p=2655\"]}]},{\"@type\":\"ImageObject\",\"inLanguage\":\"fr-FR\",\"@id\":\"https:\/\/www.ellesaussi.org\/?p=2655#primaryimage\",\"url\":\"https:\/\/www.ellesaussi.org\/wp-content\/uploads\/2024\/10\/appel-du-18-juin-2024-Elles-aussi.jpg\",\"contentUrl\":\"https:\/\/www.ellesaussi.org\/wp-content\/uploads\/2024\/10\/appel-du-18-juin-2024-Elles-aussi.jpg\",\"width\":200,\"height\":144},{\"@type\":\"BreadcrumbList\",\"@id\":\"https:\/\/www.ellesaussi.org\/?p=2655#breadcrumb\",\"itemListElement\":[{\"@type\":\"ListItem\",\"position\":1,\"name\":\"Accueil\",\"item\":\"https:\/\/www.ellesaussi.org\/\"},{\"@type\":\"ListItem\",\"position\":2,\"name\":\"Femmes quelle Europe voulons-nous ?\"}]},{\"@type\":\"WebSite\",\"@id\":\"https:\/\/www.ellesaussi.org\/#website\",\"url\":\"https:\/\/www.ellesaussi.org\/\",\"name\":\"Elles Aussi\",\"description\":\"\",\"publisher\":{\"@id\":\"https:\/\/www.ellesaussi.org\/#organization\"},\"potentialAction\":[{\"@type\":\"SearchAction\",\"target\":{\"@type\":\"EntryPoint\",\"urlTemplate\":\"https:\/\/www.ellesaussi.org\/?s={search_term_string}\"},\"query-input\":\"required name=search_term_string\"}],\"inLanguage\":\"fr-FR\"},{\"@type\":\"Organization\",\"@id\":\"https:\/\/www.ellesaussi.org\/#organization\",\"name\":\"Elles Aussi\",\"url\":\"https:\/\/www.ellesaussi.org\/\",\"logo\":{\"@type\":\"ImageObject\",\"inLanguage\":\"fr-FR\",\"@id\":\"https:\/\/www.ellesaussi.org\/#\/schema\/logo\/image\/\",\"url\":\"https:\/\/www.ellesaussi.org\/wp-content\/uploads\/2024\/05\/Elles-aussi_logotype_rouge.png\",\"contentUrl\":\"https:\/\/www.ellesaussi.org\/wp-content\/uploads\/2024\/05\/Elles-aussi_logotype_rouge.png\",\"width\":3472,\"height\":2480,\"caption\":\"Elles Aussi\"},\"image\":{\"@id\":\"https:\/\/www.ellesaussi.org\/#\/schema\/logo\/image\/\"},\"sameAs\":[\"https:\/\/www.facebook.com\/ellesaussi\/\"]},{\"@type\":\"Person\",\"@id\":\"https:\/\/www.ellesaussi.org\/#\/schema\/person\/eeca4be50db30b5dbb39f78fc3364160\",\"name\":\"admin\",\"image\":{\"@type\":\"ImageObject\",\"inLanguage\":\"fr-FR\",\"@id\":\"https:\/\/www.ellesaussi.org\/#\/schema\/person\/image\/\",\"url\":\"https:\/\/secure.gravatar.com\/avatar\/62da4937aa6d6b509192861c0b966204a1b742b2814f6387fa08fe6c98a8729c?s=96&d=mm&r=g\",\"contentUrl\":\"https:\/\/secure.gravatar.com\/avatar\/62da4937aa6d6b509192861c0b966204a1b742b2814f6387fa08fe6c98a8729c?s=96&d=mm&r=g\",\"caption\":\"admin\"},\"sameAs\":[\"https:\/\/elles129186.webdb78.lwspanel.com\"],\"url\":\"https:\/\/www.ellesaussi.org\/?author=1\"}]}<\/script>\n<!-- \/ Yoast SEO plugin. -->","yoast_head_json":{"title":"Femmes quelle Europe voulons-nous ? - Elles Aussi","robots":{"index":"index","follow":"follow","max-snippet":"max-snippet:-1","max-image-preview":"max-image-preview:large","max-video-preview":"max-video-preview:-1"},"canonical":"https:\/\/www.ellesaussi.org\/?p=2655","og_locale":"fr_FR","og_type":"article","og_title":"Femmes quelle Europe voulons-nous ? - Elles Aussi","og_description":"\u00c9lections europ\u00e9ennes 25 mai 2014 Responsables de notre avenir, Femmes citoyennes d\u2019Europe, Votons ! L\u2019Europe, une chance pour les femmes Au plus haut niveau, des femmes politiques fran\u00e7aises, venant de partis de droite ou de gauche, se sont investies dans la construction de l\u2019Europe, dans un esprit de coop\u00e9ration et de n\u00e9gociation. A tous les [&hellip;]","og_url":"https:\/\/www.ellesaussi.org\/?p=2655","og_site_name":"Elles Aussi","article_publisher":"https:\/\/www.facebook.com\/ellesaussi\/","article_published_time":"2014-05-15T07:59:00+00:00","article_modified_time":"2025-02-17T15:07:51+00:00","og_image":[{"width":200,"height":144,"url":"https:\/\/www.ellesaussi.org\/wp-content\/uploads\/2024\/10\/appel-du-18-juin-2024-Elles-aussi.jpg","type":"image\/jpeg"}],"author":"admin","twitter_card":"summary_large_image","twitter_misc":{"\u00c9crit par":"admin","Dur\u00e9e de lecture estim\u00e9e":"6 minutes"},"schema":{"@context":"https:\/\/schema.org","@graph":[{"@type":"Article","@id":"https:\/\/www.ellesaussi.org\/?p=2655#article","isPartOf":{"@id":"https:\/\/www.ellesaussi.org\/?p=2655"},"author":{"name":"admin","@id":"https:\/\/www.ellesaussi.org\/#\/schema\/person\/eeca4be50db30b5dbb39f78fc3364160"},"headline":"Femmes quelle Europe voulons-nous ?","datePublished":"2014-05-15T07:59:00+00:00","dateModified":"2025-02-17T15:07:51+00:00","mainEntityOfPage":{"@id":"https:\/\/www.ellesaussi.org\/?p=2655"},"wordCount":1171,"publisher":{"@id":"https:\/\/www.ellesaussi.org\/#organization"},"image":{"@id":"https:\/\/www.ellesaussi.org\/?p=2655#primaryimage"},"thumbnailUrl":"https:\/\/www.ellesaussi.org\/wp-content\/uploads\/2024\/10\/appel-du-18-juin-2024-Elles-aussi.jpg","articleSection":["Publications d\u2019Elles aussi"],"inLanguage":"fr-FR"},{"@type":"WebPage","@id":"https:\/\/www.ellesaussi.org\/?p=2655","url":"https:\/\/www.ellesaussi.org\/?p=2655","name":"Femmes quelle Europe voulons-nous ? - Elles Aussi","isPartOf":{"@id":"https:\/\/www.ellesaussi.org\/#website"},"primaryImageOfPage":{"@id":"https:\/\/www.ellesaussi.org\/?p=2655#primaryimage"},"image":{"@id":"https:\/\/www.ellesaussi.org\/?p=2655#primaryimage"},"thumbnailUrl":"https:\/\/www.ellesaussi.org\/wp-content\/uploads\/2024\/10\/appel-du-18-juin-2024-Elles-aussi.jpg","datePublished":"2014-05-15T07:59:00+00:00","dateModified":"2025-02-17T15:07:51+00:00","breadcrumb":{"@id":"https:\/\/www.ellesaussi.org\/?p=2655#breadcrumb"},"inLanguage":"fr-FR","potentialAction":[{"@type":"ReadAction","target":["https:\/\/www.ellesaussi.org\/?p=2655"]}]},{"@type":"ImageObject","inLanguage":"fr-FR","@id":"https:\/\/www.ellesaussi.org\/?p=2655#primaryimage","url":"https:\/\/www.ellesaussi.org\/wp-content\/uploads\/2024\/10\/appel-du-18-juin-2024-Elles-aussi.jpg","contentUrl":"https:\/\/www.ellesaussi.org\/wp-content\/uploads\/2024\/10\/appel-du-18-juin-2024-Elles-aussi.jpg","width":200,"height":144},{"@type":"BreadcrumbList","@id":"https:\/\/www.ellesaussi.org\/?p=2655#breadcrumb","itemListElement":[{"@type":"ListItem","position":1,"name":"Accueil","item":"https:\/\/www.ellesaussi.org\/"},{"@type":"ListItem","position":2,"name":"Femmes quelle Europe voulons-nous ?"}]},{"@type":"WebSite","@id":"https:\/\/www.ellesaussi.org\/#website","url":"https:\/\/www.ellesaussi.org\/","name":"Elles Aussi","description":"","publisher":{"@id":"https:\/\/www.ellesaussi.org\/#organization"},"potentialAction":[{"@type":"SearchAction","target":{"@type":"EntryPoint","urlTemplate":"https:\/\/www.ellesaussi.org\/?s={search_term_string}"},"query-input":"required name=search_term_string"}],"inLanguage":"fr-FR"},{"@type":"Organization","@id":"https:\/\/www.ellesaussi.org\/#organization","name":"Elles Aussi","url":"https:\/\/www.ellesaussi.org\/","logo":{"@type":"ImageObject","inLanguage":"fr-FR","@id":"https:\/\/www.ellesaussi.org\/#\/schema\/logo\/image\/","url":"https:\/\/www.ellesaussi.org\/wp-content\/uploads\/2024\/05\/Elles-aussi_logotype_rouge.png","contentUrl":"https:\/\/www.ellesaussi.org\/wp-content\/uploads\/2024\/05\/Elles-aussi_logotype_rouge.png","width":3472,"height":2480,"caption":"Elles Aussi"},"image":{"@id":"https:\/\/www.ellesaussi.org\/#\/schema\/logo\/image\/"},"sameAs":["https:\/\/www.facebook.com\/ellesaussi\/"]},{"@type":"Person","@id":"https:\/\/www.ellesaussi.org\/#\/schema\/person\/eeca4be50db30b5dbb39f78fc3364160","name":"admin","image":{"@type":"ImageObject","inLanguage":"fr-FR","@id":"https:\/\/www.ellesaussi.org\/#\/schema\/person\/image\/","url":"https:\/\/secure.gravatar.com\/avatar\/62da4937aa6d6b509192861c0b966204a1b742b2814f6387fa08fe6c98a8729c?s=96&d=mm&r=g","contentUrl":"https:\/\/secure.gravatar.com\/avatar\/62da4937aa6d6b509192861c0b966204a1b742b2814f6387fa08fe6c98a8729c?s=96&d=mm&r=g","caption":"admin"},"sameAs":["https:\/\/elles129186.webdb78.lwspanel.com"],"url":"https:\/\/www.ellesaussi.org\/?author=1"}]}},"_links":{"self":[{"href":"https:\/\/www.ellesaussi.org\/index.php?rest_route=\/wp\/v2\/posts\/2655","targetHints":{"allow":["GET"]}}],"collection":[{"href":"https:\/\/www.ellesaussi.org\/index.php?rest_route=\/wp\/v2\/posts"}],"about":[{"href":"https:\/\/www.ellesaussi.org\/index.php?rest_route=\/wp\/v2\/types\/post"}],"author":[{"embeddable":true,"href":"https:\/\/www.ellesaussi.org\/index.php?rest_route=\/wp\/v2\/users\/1"}],"replies":[{"embeddable":true,"href":"https:\/\/www.ellesaussi.org\/index.php?rest_route=%2Fwp%2Fv2%2Fcomments&post=2655"}],"version-history":[{"count":13,"href":"https:\/\/www.ellesaussi.org\/index.php?rest_route=\/wp\/v2\/posts\/2655\/revisions"}],"predecessor-version":[{"id":3324,"href":"https:\/\/www.ellesaussi.org\/index.php?rest_route=\/wp\/v2\/posts\/2655\/revisions\/3324"}],"wp:featuredmedia":[{"embeddable":true,"href":"https:\/\/www.ellesaussi.org\/index.php?rest_route=\/wp\/v2\/media\/683"}],"wp:attachment":[{"href":"https:\/\/www.ellesaussi.org\/index.php?rest_route=%2Fwp%2Fv2%2Fmedia&parent=2655"}],"wp:term":[{"taxonomy":"category","embeddable":true,"href":"https:\/\/www.ellesaussi.org\/index.php?rest_route=%2Fwp%2Fv2%2Fcategories&post=2655"},{"taxonomy":"post_tag","embeddable":true,"href":"https:\/\/www.ellesaussi.org\/index.php?rest_route=%2Fwp%2Fv2%2Ftags&post=2655"}],"curies":[{"name":"wp","href":"https:\/\/api.w.org\/{rel}","templated":true}]}}