{"id":2174,"date":"2024-01-04T16:42:00","date_gmt":"2024-01-04T15:42:00","guid":{"rendered":"https:\/\/elles129186.webdb78.lwspanel.com\/?p=2174"},"modified":"2024-11-15T16:47:52","modified_gmt":"2024-11-15T15:47:52","slug":"des-politiques-publiques-degalite-la-charte-europeenne-pourlegalite-des-femmes-et-des-hommes-dans-la-vie-locale-est-un-outil","status":"publish","type":"post","link":"https:\/\/www.ellesaussi.org\/?p=2174","title":{"rendered":"Des politiques publiques d\u2019\u00e9galit\u00e9 : la \u00ab charte europ\u00e9enne pourl\u2019\u00e9galit\u00e9 des femmes et des hommes dans la vie locale \u00bbest un outil"},"content":{"rendered":"\t\t<div data-elementor-type=\"wp-post\" data-elementor-id=\"2174\" class=\"elementor elementor-2174\" data-elementor-post-type=\"post\">\n\t\t\t\t<div class=\"elementor-element elementor-element-54dac35 e-flex e-con-boxed e-con e-parent\" data-id=\"54dac35\" data-element_type=\"container\">\n\t\t\t\t\t<div class=\"e-con-inner\">\n\t\t\t\t<div class=\"elementor-element elementor-element-a80d53a elementor-widget elementor-widget-text-editor\" data-id=\"a80d53a\" data-element_type=\"widget\" data-widget_type=\"text-editor.default\">\n\t\t\t\t<div class=\"elementor-widget-container\">\n\t\t\t\t\t\t\t<p>Les collectivit\u00e9s territoriales (communes, EPCI, D\u00e9partements, R\u00e9gions), peuvent jouer un r\u00f4le majeur pour d\u00e9construire de vieux mod\u00e8les in\u00e9galitaires et des st\u00e9r\u00e9otypes sexistes et promouvoir l\u2019\u00e9galit\u00e9 entre femmes et hommes.<\/p><p>La Charte europ\u00e9enne pour l\u2019\u00e9galit\u00e9 des femmes et des hommes dans la vie locale, diffus\u00e9e par le Conseil des Communes et R\u00e9gions d\u2019Europe (CCRE) leur est propos\u00e9e comme outil depuis 2006. Elle est le fruit d\u2019un consensus europ\u00e9en et son \u00e9laboration a \u00e9t\u00e9 soutenue par la Commission europ\u00e9enne.<\/p><p>Cette charte pr\u00e9sente des principes et des suggestions pour mettre en \u0153uvre des actions pour l\u2019\u00e9galit\u00e9 dans tous les divers domaines de comp\u00e9tences des collectivit\u00e9s sur leur territoire, en termes de repr\u00e9sentation \u00e9quilibr\u00e9e dans les sph\u00e8res de d\u00e9cision, d\u2019\u00e9limination des archa\u00efques st\u00e9r\u00e9otypes sexu\u00e9s, de prise en compte horizontale de l\u2019\u00e9galit\u00e9 entre les sexes dans le territoire.\u00a0\u00a0<\/p><p>La collectivit\u00e9 peut s\u2019y r\u00e9f\u00e9rer en tant que :<\/p><ul><li>employeur avec entre autres \u00e9galit\u00e9 professionnelle, recrutement, formation, promotions, mixit\u00e9 des m\u00e9tiers, \u2026<\/li><li>prestataire de services dans ses comp\u00e9tences vari\u00e9es : sant\u00e9, \u00e9ducation, logement, transports, aides aux entreprises, culture, garde d\u2019enfants, s\u00e9curit\u00e9, \u2026..<\/li><li>donneur d\u2019ordres : valoriser la promotion de l\u2019\u00e9galit\u00e9 chez ses fournisseurs de services, dans les march\u00e9s publics et dans les subventions donn\u00e9es aux associations. Le HCE a d\u2019ailleurs publi\u00e9 dans ce sens des pr\u00e9conisations sur \u00e9ga-conditionnalit\u00e9<\/li><\/ul><p>L\u2019AFCCRE, Association Fran\u00e7aise des Conseils et Communes des r\u00e9gions d\u2019Europe est la section fran\u00e7aise de la CCRE.\u00a0<\/p><p>Le 4 janvier 2024, V\u00e9ronique Genelle co-pr\u00e9sidente et Dani\u00e8le Bouchoule vice-pr\u00e9sidente ont rencontr\u00e9 \u00e0 Orl\u00e9ans Val\u00e9rie Loirat, en charge au sein de l\u2019AFCCRE de la diffusion de la charte.\u00a0<\/p><p>Elles aussi a expos\u00e9 son projet pour 2024 :<\/p><ul><li>insister sur les enjeux des \u00e9lections europ\u00e9ennes de juin 2024 en termes de droits des femmes, notamment \u00e0 partir des pr\u00e9conisations de l\u2019ouvrage \u00ab le meilleur de l\u2019Europe pour les femmes \u00bb (chez Editions des femmes-Antoinette Fouque). C\u2019est la nouvelle \u00e9dition actualis\u00e9e en 2023 de \u00ab La clause de l\u2019Europ\u00e9enne la plus favoris\u00e9e \u00bb publi\u00e9e en 2008 par Choisir la cause des femmes et sous la direction de Gis\u00e8le Halimi &#8211; diffuser l\u2019information sur la charte, relativement encore peu connue, dans les d\u00e9partements o\u00f9 Elles aussi est pr\u00e9sente ou repr\u00e9sent\u00e9e. Les groupes locaux d\u2019Elles aussi proposent d\u2019organiser des rencontres et \u00e9changes avec des \u00e9lues et \u00e9lus locaux et la soci\u00e9t\u00e9 civile, avec des tables-rondes et d\u00e9bats.<\/li><\/ul><p>Fin f\u00e9vrier 2024, la charte avait d\u00e9j\u00e0 \u00e9t\u00e9 sign\u00e9e en France par 367 structures, dont 33 d\u00e9partements, 14 conseils r\u00e9gionaux avant fusions, 33 EPCI, 283 communes et 4 autres.\u00a0<\/p><p>Ces collectivit\u00e9s ont int\u00e9gr\u00e9 la dimension \u00e9galit\u00e9 femmes-hommes dans leur programme. C\u2019est un gage de volont\u00e9 politique pour des transformations soci\u00e9tales d\u2019importance vers une soci\u00e9t\u00e9 plus \u00e9galitaire et solidaire.\u00a0<\/p><p><img fetchpriority=\"high\" decoding=\"async\" class=\"alignleft size-full wp-image-2177\" src=\"https:\/\/elles129186.webdb78.lwspanel.com\/wp-content\/uploads\/2024\/11\/afccre.png\" alt=\"\" width=\"208\" height=\"277\" \/>Pour consulter la charte: <u><a href=\"https:\/\/afccre.org\/sites\/default\/files\/Charte%20version%20fran%C3%A7aise.pdf\" target=\"_blank\" rel=\"noopener\">https:\/\/afccre.org\/sites\/default\/files\/Charte%20version%20fran%C3%A7aise.pdf<\/a><br \/><\/u>Pour conna\u00eetre les signataires : <u><a href=\"https:\/\/drive.google.com\/file\/d\/1mDD92tAbjuiMO_gh6nzSy_lx6VNDyShK\/view\" target=\"_blank\" rel=\"noopener\">https:\/\/drive.google.com\/file\/d\/1mDD92tAbjuiMO_gh6nzSy_lx6VNDyShK\/view<\/a><br \/><\/u>Pour conna\u00eetre les pr\u00e9conisations du HCE :\u00a0 <a href=\"https:\/\/www.haut-conseil-egalite.gouv.fr\/parite\/actualites\/article\/pas-d-argent-publicsans-egalite-plaidoyer-pour-un-financement-public-au\" target=\"_blank\" rel=\"noopener\"><u>https:\/\/www.haut-conseil-egalite.gouv.fr\/parite\/actualites\/article\/pas-d-argent-publicsans-egalite-plaidoyer-pour-un-financement-public-au<\/u><\/a><\/p><p>Site : <a href=\"http:\/\/www.afccre.org\" target=\"_blank\" rel=\"noopener\"><u>www.afccre.org<\/u><\/a> et dossier th\u00e9matique sur \u00e9galit\u00e9 femmes\/hommes<\/p><p>V\u00e9ronique Genelle, co-pr\u00e9sidente et Dani\u00e8le Bouchoule, vice-pr\u00e9sidente<\/p>\t\t\t\t\t\t<\/div>\n\t\t\t\t<\/div>\n\t\t\t\t\t<\/div>\n\t\t\t\t<\/div>\n\t\t\t\t<\/div>\n\t\t","protected":false},"excerpt":{"rendered":"<p>Les collectivit\u00e9s territoriales (communes, EPCI, D\u00e9partements, R\u00e9gions), peuvent jouer un r\u00f4le majeur pour d\u00e9construire de vieux mod\u00e8les in\u00e9galitaires et des st\u00e9r\u00e9otypes sexistes et promouvoir l\u2019\u00e9galit\u00e9 entre femmes et hommes. La Charte europ\u00e9enne pour l\u2019\u00e9galit\u00e9 des femmes et des hommes dans la vie locale, diffus\u00e9e par le Conseil des Communes et R\u00e9gions d\u2019Europe (CCRE) leur est [&hellip;]<\/p>\n","protected":false},"author":1,"featured_media":2175,"comment_status":"closed","ping_status":"closed","sticky":false,"template":"","format":"standard","meta":{"footnotes":""},"categories":[52],"tags":[],"class_list":["post-2174","post","type-post","status-publish","format-standard","has-post-thumbnail","hentry","category-la-charte-europeenne-pour-legalite-des-femmes-et-des-hommes-dans-la-vie-locale"],"yoast_head":"<!-- This site is optimized with the Yoast SEO plugin v22.8 - https:\/\/yoast.com\/wordpress\/plugins\/seo\/ -->\n<title>Des politiques publiques d\u2019\u00e9galit\u00e9 : la \u00ab charte europ\u00e9enne pourl\u2019\u00e9galit\u00e9 des femmes et des hommes dans la vie locale \u00bbest un outil - Elles Aussi<\/title>\n<meta name=\"robots\" content=\"index, follow, max-snippet:-1, max-image-preview:large, max-video-preview:-1\" \/>\n<link rel=\"canonical\" href=\"https:\/\/www.ellesaussi.org\/?p=2174\" \/>\n<meta property=\"og:locale\" content=\"fr_FR\" \/>\n<meta property=\"og:type\" content=\"article\" \/>\n<meta property=\"og:title\" content=\"Des politiques publiques d\u2019\u00e9galit\u00e9 : la \u00ab charte europ\u00e9enne pourl\u2019\u00e9galit\u00e9 des femmes et des hommes dans la vie locale \u00bbest un outil - Elles Aussi\" \/>\n<meta property=\"og:description\" content=\"Les collectivit\u00e9s territoriales (communes, EPCI, D\u00e9partements, R\u00e9gions), peuvent jouer un r\u00f4le majeur pour d\u00e9construire de vieux mod\u00e8les in\u00e9galitaires et des st\u00e9r\u00e9otypes sexistes et promouvoir l\u2019\u00e9galit\u00e9 entre femmes et hommes. La Charte europ\u00e9enne pour l\u2019\u00e9galit\u00e9 des femmes et des hommes dans la vie locale, diffus\u00e9e par le Conseil des Communes et R\u00e9gions d\u2019Europe (CCRE) leur est [&hellip;]\" \/>\n<meta property=\"og:url\" content=\"https:\/\/www.ellesaussi.org\/?p=2174\" \/>\n<meta property=\"og:site_name\" content=\"Elles Aussi\" \/>\n<meta property=\"article:publisher\" content=\"https:\/\/www.facebook.com\/ellesaussi\/\" \/>\n<meta property=\"article:published_time\" content=\"2024-01-04T15:42:00+00:00\" \/>\n<meta property=\"article:modified_time\" content=\"2024-11-15T15:47:52+00:00\" \/>\n<meta property=\"og:image\" content=\"https:\/\/www.ellesaussi.org\/wp-content\/uploads\/2024\/11\/Charte-NL-mars2024.jpg\" \/>\n\t<meta property=\"og:image:width\" content=\"347\" \/>\n\t<meta property=\"og:image:height\" content=\"179\" \/>\n\t<meta property=\"og:image:type\" content=\"image\/jpeg\" \/>\n<meta name=\"author\" content=\"admin\" \/>\n<meta name=\"twitter:card\" content=\"summary_large_image\" \/>\n<meta name=\"twitter:label1\" content=\"\u00c9crit par\" \/>\n\t<meta name=\"twitter:data1\" content=\"admin\" \/>\n\t<meta name=\"twitter:label2\" content=\"Dur\u00e9e de lecture estim\u00e9e\" \/>\n\t<meta name=\"twitter:data2\" content=\"3 minutes\" \/>\n<script type=\"application\/ld+json\" class=\"yoast-schema-graph\">{\"@context\":\"https:\/\/schema.org\",\"@graph\":[{\"@type\":\"Article\",\"@id\":\"https:\/\/www.ellesaussi.org\/?p=2174#article\",\"isPartOf\":{\"@id\":\"https:\/\/www.ellesaussi.org\/?p=2174\"},\"author\":{\"name\":\"admin\",\"@id\":\"https:\/\/www.ellesaussi.org\/#\/schema\/person\/eeca4be50db30b5dbb39f78fc3364160\"},\"headline\":\"Des politiques publiques d\u2019\u00e9galit\u00e9 : la \u00ab charte europ\u00e9enne pourl\u2019\u00e9galit\u00e9 des femmes et des hommes dans la vie locale \u00bbest un outil\",\"datePublished\":\"2024-01-04T15:42:00+00:00\",\"dateModified\":\"2024-11-15T15:47:52+00:00\",\"mainEntityOfPage\":{\"@id\":\"https:\/\/www.ellesaussi.org\/?p=2174\"},\"wordCount\":602,\"publisher\":{\"@id\":\"https:\/\/www.ellesaussi.org\/#organization\"},\"image\":{\"@id\":\"https:\/\/www.ellesaussi.org\/?p=2174#primaryimage\"},\"thumbnailUrl\":\"https:\/\/www.ellesaussi.org\/wp-content\/uploads\/2024\/11\/Charte-NL-mars2024.jpg\",\"articleSection\":[\"La Charte europ\u00e9enne pour l\u2019\u00e9galit\u00e9 des femmes et des hommes dans la vie locale\"],\"inLanguage\":\"fr-FR\"},{\"@type\":\"WebPage\",\"@id\":\"https:\/\/www.ellesaussi.org\/?p=2174\",\"url\":\"https:\/\/www.ellesaussi.org\/?p=2174\",\"name\":\"Des politiques publiques d\u2019\u00e9galit\u00e9 : la \u00ab charte europ\u00e9enne pourl\u2019\u00e9galit\u00e9 des femmes et des hommes dans la vie locale \u00bbest un outil - Elles Aussi\",\"isPartOf\":{\"@id\":\"https:\/\/www.ellesaussi.org\/#website\"},\"primaryImageOfPage\":{\"@id\":\"https:\/\/www.ellesaussi.org\/?p=2174#primaryimage\"},\"image\":{\"@id\":\"https:\/\/www.ellesaussi.org\/?p=2174#primaryimage\"},\"thumbnailUrl\":\"https:\/\/www.ellesaussi.org\/wp-content\/uploads\/2024\/11\/Charte-NL-mars2024.jpg\",\"datePublished\":\"2024-01-04T15:42:00+00:00\",\"dateModified\":\"2024-11-15T15:47:52+00:00\",\"breadcrumb\":{\"@id\":\"https:\/\/www.ellesaussi.org\/?p=2174#breadcrumb\"},\"inLanguage\":\"fr-FR\",\"potentialAction\":[{\"@type\":\"ReadAction\",\"target\":[\"https:\/\/www.ellesaussi.org\/?p=2174\"]}]},{\"@type\":\"ImageObject\",\"inLanguage\":\"fr-FR\",\"@id\":\"https:\/\/www.ellesaussi.org\/?p=2174#primaryimage\",\"url\":\"https:\/\/www.ellesaussi.org\/wp-content\/uploads\/2024\/11\/Charte-NL-mars2024.jpg\",\"contentUrl\":\"https:\/\/www.ellesaussi.org\/wp-content\/uploads\/2024\/11\/Charte-NL-mars2024.jpg\",\"width\":347,\"height\":179},{\"@type\":\"BreadcrumbList\",\"@id\":\"https:\/\/www.ellesaussi.org\/?p=2174#breadcrumb\",\"itemListElement\":[{\"@type\":\"ListItem\",\"position\":1,\"name\":\"Accueil\",\"item\":\"https:\/\/www.ellesaussi.org\/\"},{\"@type\":\"ListItem\",\"position\":2,\"name\":\"Des politiques publiques d\u2019\u00e9galit\u00e9 : la \u00ab charte europ\u00e9enne pourl\u2019\u00e9galit\u00e9 des femmes et des hommes dans la vie locale \u00bbest un outil\"}]},{\"@type\":\"WebSite\",\"@id\":\"https:\/\/www.ellesaussi.org\/#website\",\"url\":\"https:\/\/www.ellesaussi.org\/\",\"name\":\"Elles Aussi\",\"description\":\"\",\"publisher\":{\"@id\":\"https:\/\/www.ellesaussi.org\/#organization\"},\"potentialAction\":[{\"@type\":\"SearchAction\",\"target\":{\"@type\":\"EntryPoint\",\"urlTemplate\":\"https:\/\/www.ellesaussi.org\/?s={search_term_string}\"},\"query-input\":\"required name=search_term_string\"}],\"inLanguage\":\"fr-FR\"},{\"@type\":\"Organization\",\"@id\":\"https:\/\/www.ellesaussi.org\/#organization\",\"name\":\"Elles Aussi\",\"url\":\"https:\/\/www.ellesaussi.org\/\",\"logo\":{\"@type\":\"ImageObject\",\"inLanguage\":\"fr-FR\",\"@id\":\"https:\/\/www.ellesaussi.org\/#\/schema\/logo\/image\/\",\"url\":\"https:\/\/www.ellesaussi.org\/wp-content\/uploads\/2024\/05\/Elles-aussi_logotype_rouge.png\",\"contentUrl\":\"https:\/\/www.ellesaussi.org\/wp-content\/uploads\/2024\/05\/Elles-aussi_logotype_rouge.png\",\"width\":3472,\"height\":2480,\"caption\":\"Elles Aussi\"},\"image\":{\"@id\":\"https:\/\/www.ellesaussi.org\/#\/schema\/logo\/image\/\"},\"sameAs\":[\"https:\/\/www.facebook.com\/ellesaussi\/\"]},{\"@type\":\"Person\",\"@id\":\"https:\/\/www.ellesaussi.org\/#\/schema\/person\/eeca4be50db30b5dbb39f78fc3364160\",\"name\":\"admin\",\"image\":{\"@type\":\"ImageObject\",\"inLanguage\":\"fr-FR\",\"@id\":\"https:\/\/www.ellesaussi.org\/#\/schema\/person\/image\/\",\"url\":\"https:\/\/secure.gravatar.com\/avatar\/62da4937aa6d6b509192861c0b966204a1b742b2814f6387fa08fe6c98a8729c?s=96&d=mm&r=g\",\"contentUrl\":\"https:\/\/secure.gravatar.com\/avatar\/62da4937aa6d6b509192861c0b966204a1b742b2814f6387fa08fe6c98a8729c?s=96&d=mm&r=g\",\"caption\":\"admin\"},\"sameAs\":[\"https:\/\/elles129186.webdb78.lwspanel.com\"],\"url\":\"https:\/\/www.ellesaussi.org\/?author=1\"}]}<\/script>\n<!-- \/ Yoast SEO plugin. -->","yoast_head_json":{"title":"Des politiques publiques d\u2019\u00e9galit\u00e9 : la \u00ab charte europ\u00e9enne pourl\u2019\u00e9galit\u00e9 des femmes et des hommes dans la vie locale \u00bbest un outil - Elles Aussi","robots":{"index":"index","follow":"follow","max-snippet":"max-snippet:-1","max-image-preview":"max-image-preview:large","max-video-preview":"max-video-preview:-1"},"canonical":"https:\/\/www.ellesaussi.org\/?p=2174","og_locale":"fr_FR","og_type":"article","og_title":"Des politiques publiques d\u2019\u00e9galit\u00e9 : la \u00ab charte europ\u00e9enne pourl\u2019\u00e9galit\u00e9 des femmes et des hommes dans la vie locale \u00bbest un outil - Elles Aussi","og_description":"Les collectivit\u00e9s territoriales (communes, EPCI, D\u00e9partements, R\u00e9gions), peuvent jouer un r\u00f4le majeur pour d\u00e9construire de vieux mod\u00e8les in\u00e9galitaires et des st\u00e9r\u00e9otypes sexistes et promouvoir l\u2019\u00e9galit\u00e9 entre femmes et hommes. La Charte europ\u00e9enne pour l\u2019\u00e9galit\u00e9 des femmes et des hommes dans la vie locale, diffus\u00e9e par le Conseil des Communes et R\u00e9gions d\u2019Europe (CCRE) leur est [&hellip;]","og_url":"https:\/\/www.ellesaussi.org\/?p=2174","og_site_name":"Elles Aussi","article_publisher":"https:\/\/www.facebook.com\/ellesaussi\/","article_published_time":"2024-01-04T15:42:00+00:00","article_modified_time":"2024-11-15T15:47:52+00:00","og_image":[{"width":347,"height":179,"url":"https:\/\/www.ellesaussi.org\/wp-content\/uploads\/2024\/11\/Charte-NL-mars2024.jpg","type":"image\/jpeg"}],"author":"admin","twitter_card":"summary_large_image","twitter_misc":{"\u00c9crit par":"admin","Dur\u00e9e de lecture estim\u00e9e":"3 minutes"},"schema":{"@context":"https:\/\/schema.org","@graph":[{"@type":"Article","@id":"https:\/\/www.ellesaussi.org\/?p=2174#article","isPartOf":{"@id":"https:\/\/www.ellesaussi.org\/?p=2174"},"author":{"name":"admin","@id":"https:\/\/www.ellesaussi.org\/#\/schema\/person\/eeca4be50db30b5dbb39f78fc3364160"},"headline":"Des politiques publiques d\u2019\u00e9galit\u00e9 : la \u00ab charte europ\u00e9enne pourl\u2019\u00e9galit\u00e9 des femmes et des hommes dans la vie locale \u00bbest un outil","datePublished":"2024-01-04T15:42:00+00:00","dateModified":"2024-11-15T15:47:52+00:00","mainEntityOfPage":{"@id":"https:\/\/www.ellesaussi.org\/?p=2174"},"wordCount":602,"publisher":{"@id":"https:\/\/www.ellesaussi.org\/#organization"},"image":{"@id":"https:\/\/www.ellesaussi.org\/?p=2174#primaryimage"},"thumbnailUrl":"https:\/\/www.ellesaussi.org\/wp-content\/uploads\/2024\/11\/Charte-NL-mars2024.jpg","articleSection":["La Charte europ\u00e9enne pour l\u2019\u00e9galit\u00e9 des femmes et des hommes dans la vie locale"],"inLanguage":"fr-FR"},{"@type":"WebPage","@id":"https:\/\/www.ellesaussi.org\/?p=2174","url":"https:\/\/www.ellesaussi.org\/?p=2174","name":"Des politiques publiques d\u2019\u00e9galit\u00e9 : la \u00ab charte europ\u00e9enne pourl\u2019\u00e9galit\u00e9 des femmes et des hommes dans la vie locale \u00bbest un outil - Elles Aussi","isPartOf":{"@id":"https:\/\/www.ellesaussi.org\/#website"},"primaryImageOfPage":{"@id":"https:\/\/www.ellesaussi.org\/?p=2174#primaryimage"},"image":{"@id":"https:\/\/www.ellesaussi.org\/?p=2174#primaryimage"},"thumbnailUrl":"https:\/\/www.ellesaussi.org\/wp-content\/uploads\/2024\/11\/Charte-NL-mars2024.jpg","datePublished":"2024-01-04T15:42:00+00:00","dateModified":"2024-11-15T15:47:52+00:00","breadcrumb":{"@id":"https:\/\/www.ellesaussi.org\/?p=2174#breadcrumb"},"inLanguage":"fr-FR","potentialAction":[{"@type":"ReadAction","target":["https:\/\/www.ellesaussi.org\/?p=2174"]}]},{"@type":"ImageObject","inLanguage":"fr-FR","@id":"https:\/\/www.ellesaussi.org\/?p=2174#primaryimage","url":"https:\/\/www.ellesaussi.org\/wp-content\/uploads\/2024\/11\/Charte-NL-mars2024.jpg","contentUrl":"https:\/\/www.ellesaussi.org\/wp-content\/uploads\/2024\/11\/Charte-NL-mars2024.jpg","width":347,"height":179},{"@type":"BreadcrumbList","@id":"https:\/\/www.ellesaussi.org\/?p=2174#breadcrumb","itemListElement":[{"@type":"ListItem","position":1,"name":"Accueil","item":"https:\/\/www.ellesaussi.org\/"},{"@type":"ListItem","position":2,"name":"Des politiques publiques d\u2019\u00e9galit\u00e9 : la \u00ab charte europ\u00e9enne pourl\u2019\u00e9galit\u00e9 des femmes et des hommes dans la vie locale \u00bbest un outil"}]},{"@type":"WebSite","@id":"https:\/\/www.ellesaussi.org\/#website","url":"https:\/\/www.ellesaussi.org\/","name":"Elles Aussi","description":"","publisher":{"@id":"https:\/\/www.ellesaussi.org\/#organization"},"potentialAction":[{"@type":"SearchAction","target":{"@type":"EntryPoint","urlTemplate":"https:\/\/www.ellesaussi.org\/?s={search_term_string}"},"query-input":"required name=search_term_string"}],"inLanguage":"fr-FR"},{"@type":"Organization","@id":"https:\/\/www.ellesaussi.org\/#organization","name":"Elles Aussi","url":"https:\/\/www.ellesaussi.org\/","logo":{"@type":"ImageObject","inLanguage":"fr-FR","@id":"https:\/\/www.ellesaussi.org\/#\/schema\/logo\/image\/","url":"https:\/\/www.ellesaussi.org\/wp-content\/uploads\/2024\/05\/Elles-aussi_logotype_rouge.png","contentUrl":"https:\/\/www.ellesaussi.org\/wp-content\/uploads\/2024\/05\/Elles-aussi_logotype_rouge.png","width":3472,"height":2480,"caption":"Elles Aussi"},"image":{"@id":"https:\/\/www.ellesaussi.org\/#\/schema\/logo\/image\/"},"sameAs":["https:\/\/www.facebook.com\/ellesaussi\/"]},{"@type":"Person","@id":"https:\/\/www.ellesaussi.org\/#\/schema\/person\/eeca4be50db30b5dbb39f78fc3364160","name":"admin","image":{"@type":"ImageObject","inLanguage":"fr-FR","@id":"https:\/\/www.ellesaussi.org\/#\/schema\/person\/image\/","url":"https:\/\/secure.gravatar.com\/avatar\/62da4937aa6d6b509192861c0b966204a1b742b2814f6387fa08fe6c98a8729c?s=96&d=mm&r=g","contentUrl":"https:\/\/secure.gravatar.com\/avatar\/62da4937aa6d6b509192861c0b966204a1b742b2814f6387fa08fe6c98a8729c?s=96&d=mm&r=g","caption":"admin"},"sameAs":["https:\/\/elles129186.webdb78.lwspanel.com"],"url":"https:\/\/www.ellesaussi.org\/?author=1"}]}},"_links":{"self":[{"href":"https:\/\/www.ellesaussi.org\/index.php?rest_route=\/wp\/v2\/posts\/2174","targetHints":{"allow":["GET"]}}],"collection":[{"href":"https:\/\/www.ellesaussi.org\/index.php?rest_route=\/wp\/v2\/posts"}],"about":[{"href":"https:\/\/www.ellesaussi.org\/index.php?rest_route=\/wp\/v2\/types\/post"}],"author":[{"embeddable":true,"href":"https:\/\/www.ellesaussi.org\/index.php?rest_route=\/wp\/v2\/users\/1"}],"replies":[{"embeddable":true,"href":"https:\/\/www.ellesaussi.org\/index.php?rest_route=%2Fwp%2Fv2%2Fcomments&post=2174"}],"version-history":[{"count":4,"href":"https:\/\/www.ellesaussi.org\/index.php?rest_route=\/wp\/v2\/posts\/2174\/revisions"}],"predecessor-version":[{"id":2180,"href":"https:\/\/www.ellesaussi.org\/index.php?rest_route=\/wp\/v2\/posts\/2174\/revisions\/2180"}],"wp:featuredmedia":[{"embeddable":true,"href":"https:\/\/www.ellesaussi.org\/index.php?rest_route=\/wp\/v2\/media\/2175"}],"wp:attachment":[{"href":"https:\/\/www.ellesaussi.org\/index.php?rest_route=%2Fwp%2Fv2%2Fmedia&parent=2174"}],"wp:term":[{"taxonomy":"category","embeddable":true,"href":"https:\/\/www.ellesaussi.org\/index.php?rest_route=%2Fwp%2Fv2%2Fcategories&post=2174"},{"taxonomy":"post_tag","embeddable":true,"href":"https:\/\/www.ellesaussi.org\/index.php?rest_route=%2Fwp%2Fv2%2Ftags&post=2174"}],"curies":[{"name":"wp","href":"https:\/\/api.w.org\/{rel}","templated":true}]}}