{"id":2068,"date":"2024-10-14T16:42:00","date_gmt":"2024-10-14T14:42:00","guid":{"rendered":"https:\/\/elles129186.webdb78.lwspanel.com\/?p=2068"},"modified":"2024-12-19T10:53:13","modified_gmt":"2024-12-19T09:53:13","slug":"marianne-de-la-parite-a-la-communaute-de-communes-les-coteaux-de-bellevue","status":"publish","type":"post","link":"https:\/\/www.ellesaussi.org\/?p=2068","title":{"rendered":"Marianne de la Parit\u00e9\u00a0 \u00e0 la Communaut\u00e9 de communes Les C\u00f4teaux de Bellevue\u00a0"},"content":{"rendered":"\t\t<div data-elementor-type=\"wp-post\" data-elementor-id=\"2068\" class=\"elementor elementor-2068\" data-elementor-post-type=\"post\">\n\t\t\t\t<div class=\"elementor-element elementor-element-0e4a23a e-flex e-con-boxed e-con e-parent\" data-id=\"0e4a23a\" data-element_type=\"container\">\n\t\t\t\t\t<div class=\"e-con-inner\">\n\t\t\t\t<div class=\"elementor-element elementor-element-8f4cd85 elementor-widget elementor-widget-text-editor\" data-id=\"8f4cd85\" data-element_type=\"widget\" data-widget_type=\"text-editor.default\">\n\t\t\t\t<div class=\"elementor-widget-container\">\n\t\t\t\t\t\t\t<p><span style=\"font-size: 13.0pt; font-family: 'Arial',sans-serif;\">En Haute Garonne, les membres de l&rsquo;antenne d&rsquo;Elles aussi en Occitanie et notre co-pr\u00e9sidente V\u00e9ronique Genelle ont remis le troph\u00e9e de La Marianne de la Parit\u00e9\u00a0 \u00e0 la Communaut\u00e9 de communes Les C\u00f4teaux de Bellevue\u00a0<\/span><\/p><p><span style=\"font-size: 13.0pt; font-family: 'Arial',sans-serif;\">Article de La D\u00e9p\u00eache :<br \/><em>(photo ci-dessus Repr\u00e9sentantes de l\u2019association et \u00e9lus dans la Salle du Conseil de la ville. Photo DR.)<\/em><\/span><\/p><p>La Communaut\u00e9 de communes des coteaux Bellevue (CCCB) a v\u00e9cu un moment fort en recevant le prix \u00ab\u00a0Marianne de la Parit\u00e9\u00a0\u00bb. Cette distinction, remise par l\u2019association \u00ab\u00a0Elles aussi\u00a0\u00bb, r\u00e9compense l\u2019engagement de la CCCB en faveur de l\u2019\u00e9galit\u00e9 femmes-hommes.<br \/><br \/>La pr\u00e9sidente de la collectivit\u00e9 (et maire de Pechbonnieu), Sabine Geil Gomez, a exprim\u00e9 sa fiert\u00e9 lors de la c\u00e9r\u00e9monie. \u00ab\u00a0La parit\u00e9 est une richesse pour nos d\u00e9bats, elle am\u00e9liore la qualit\u00e9 de nos d\u00e9cisions\u00a0\u00bb, a-t-elle affirm\u00e9 avec conviction, insistant sur le fait que la collaboration entre les genres est la cl\u00e9 pour construire une soci\u00e9t\u00e9 plus juste.<br \/><br \/>Bernadette Gu\u00e9ry, conseill\u00e8re \u00e0 Blagnac et membre de \u00ab\u00a0Elles aussi\u00a0\u00bb, a inaugur\u00e9 la c\u00e9r\u00e9monie en rappelant les difficult\u00e9s rencontr\u00e9es par les femmes pour acc\u00e9der \u00e0 des r\u00f4les de pouvoir. V\u00e9ronique Genelle, co-pr\u00e9sidente de l\u2019association, a retrac\u00e9 l\u2019histoire du mouvement fond\u00e9 en 1992 pour promouvoir la parit\u00e9 en politique. Elle a soulign\u00e9 que bien que des progr\u00e8s aient \u00e9t\u00e9 r\u00e9alis\u00e9s, les conseils communautaires demeurent en grande majorit\u00e9 masculins : en 2020, ils comptaient seulement 35,8 % de conseill\u00e8res, 25,6 % de vice-pr\u00e9sidentes et 11,2 % de pr\u00e9sidentes.<br \/><br \/>Sophie R\u00e9villier, repr\u00e9sentante de l\u2019association en Occitanie, a insist\u00e9 sur l\u2019importance de sensibiliser les jeunes g\u00e9n\u00e9rations, notamment les jeunes filles, \u00e0 l\u2019engagement politique. Sophie Trilles, vice-pr\u00e9sidente du CDG31, a f\u00e9licit\u00e9 la CCCB pour ses avanc\u00e9es notables en mati\u00e8re de parit\u00e9, parfois sup\u00e9rieures \u00e0 celles de grandes collectivit\u00e9s, et ce malgr\u00e9 l\u2019absence d\u2019obligations l\u00e9gales strictes.<br \/><br \/>En obtenant la \u00ab\u00a0Marianne de la Parit\u00e9\u00a0\u00bb, la CCCB se positionne comme un exemple dans la promotion de l\u2019\u00e9galit\u00e9 femmes-hommes, montrant qu\u2019un changement profond est possible \u00e0 tous les niveaux, y compris dans les territoires ruraux.<\/p>\t\t\t\t\t\t<\/div>\n\t\t\t\t<\/div>\n\t\t\t\t\t<\/div>\n\t\t\t\t<\/div>\n\t\t\t\t<\/div>\n\t\t","protected":false},"excerpt":{"rendered":"<p>En Haute Garonne, les membres de l&rsquo;antenne d&rsquo;Elles aussi en Occitanie et notre co-pr\u00e9sidente V\u00e9ronique Genelle ont remis le troph\u00e9e de La Marianne de la Parit\u00e9\u00a0 \u00e0 la Communaut\u00e9 de communes Les C\u00f4teaux de Bellevue\u00a0 Article de La D\u00e9p\u00eache :(photo ci-dessus Repr\u00e9sentantes de l\u2019association et \u00e9lus dans la Salle du Conseil de la ville. Photo [&hellip;]<\/p>\n","protected":false},"author":1,"featured_media":2070,"comment_status":"closed","ping_status":"closed","sticky":false,"template":"","format":"standard","meta":{"footnotes":""},"categories":[37],"tags":[],"class_list":["post-2068","post","type-post","status-publish","format-standard","has-post-thumbnail","hentry","category-marianne-de-la-parite-2020-2026"],"yoast_head":"<!-- This site is optimized with the Yoast SEO plugin v22.8 - https:\/\/yoast.com\/wordpress\/plugins\/seo\/ -->\n<title>Marianne de la Parit\u00e9\u00a0 \u00e0 la Communaut\u00e9 de communes Les C\u00f4teaux de Bellevue\u00a0 - Elles Aussi<\/title>\n<meta name=\"robots\" content=\"index, follow, max-snippet:-1, max-image-preview:large, max-video-preview:-1\" \/>\n<link rel=\"canonical\" href=\"https:\/\/www.ellesaussi.org\/?p=2068\" \/>\n<meta property=\"og:locale\" content=\"fr_FR\" \/>\n<meta property=\"og:type\" content=\"article\" \/>\n<meta property=\"og:title\" content=\"Marianne de la Parit\u00e9\u00a0 \u00e0 la Communaut\u00e9 de communes Les C\u00f4teaux de Bellevue\u00a0 - Elles Aussi\" \/>\n<meta property=\"og:description\" content=\"En Haute Garonne, les membres de l&rsquo;antenne d&rsquo;Elles aussi en Occitanie et notre co-pr\u00e9sidente V\u00e9ronique Genelle ont remis le troph\u00e9e de La Marianne de la Parit\u00e9\u00a0 \u00e0 la Communaut\u00e9 de communes Les C\u00f4teaux de Bellevue\u00a0 Article de La D\u00e9p\u00eache :(photo ci-dessus Repr\u00e9sentantes de l\u2019association et \u00e9lus dans la Salle du Conseil de la ville. Photo [&hellip;]\" \/>\n<meta property=\"og:url\" content=\"https:\/\/www.ellesaussi.org\/?p=2068\" \/>\n<meta property=\"og:site_name\" content=\"Elles Aussi\" \/>\n<meta property=\"article:publisher\" content=\"https:\/\/www.facebook.com\/ellesaussi\/\" \/>\n<meta property=\"article:published_time\" content=\"2024-10-14T14:42:00+00:00\" \/>\n<meta property=\"article:modified_time\" content=\"2024-12-19T09:53:13+00:00\" \/>\n<meta property=\"og:image\" content=\"https:\/\/www.ellesaussi.org\/wp-content\/uploads\/2024\/10\/article-depeche-2-nov-2024.jpg\" \/>\n\t<meta property=\"og:image:width\" content=\"885\" \/>\n\t<meta property=\"og:image:height\" content=\"500\" \/>\n\t<meta property=\"og:image:type\" content=\"image\/jpeg\" \/>\n<meta name=\"author\" content=\"admin\" \/>\n<meta name=\"twitter:card\" content=\"summary_large_image\" \/>\n<meta name=\"twitter:label1\" content=\"\u00c9crit par\" \/>\n\t<meta name=\"twitter:data1\" content=\"admin\" \/>\n\t<meta name=\"twitter:label2\" content=\"Dur\u00e9e de lecture estim\u00e9e\" \/>\n\t<meta name=\"twitter:data2\" content=\"2 minutes\" \/>\n<script type=\"application\/ld+json\" class=\"yoast-schema-graph\">{\"@context\":\"https:\/\/schema.org\",\"@graph\":[{\"@type\":\"Article\",\"@id\":\"https:\/\/www.ellesaussi.org\/?p=2068#article\",\"isPartOf\":{\"@id\":\"https:\/\/www.ellesaussi.org\/?p=2068\"},\"author\":{\"name\":\"admin\",\"@id\":\"https:\/\/www.ellesaussi.org\/#\/schema\/person\/eeca4be50db30b5dbb39f78fc3364160\"},\"headline\":\"Marianne de la Parit\u00e9\u00a0 \u00e0 la Communaut\u00e9 de communes Les C\u00f4teaux de Bellevue\u00a0\",\"datePublished\":\"2024-10-14T14:42:00+00:00\",\"dateModified\":\"2024-12-19T09:53:13+00:00\",\"mainEntityOfPage\":{\"@id\":\"https:\/\/www.ellesaussi.org\/?p=2068\"},\"wordCount\":384,\"publisher\":{\"@id\":\"https:\/\/www.ellesaussi.org\/#organization\"},\"image\":{\"@id\":\"https:\/\/www.ellesaussi.org\/?p=2068#primaryimage\"},\"thumbnailUrl\":\"https:\/\/www.ellesaussi.org\/wp-content\/uploads\/2024\/10\/article-depeche-2-nov-2024.jpg\",\"articleSection\":[\"Marianne de la Parit\u00e9 2020-2026\"],\"inLanguage\":\"fr-FR\"},{\"@type\":\"WebPage\",\"@id\":\"https:\/\/www.ellesaussi.org\/?p=2068\",\"url\":\"https:\/\/www.ellesaussi.org\/?p=2068\",\"name\":\"Marianne de la Parit\u00e9\u00a0 \u00e0 la Communaut\u00e9 de communes Les C\u00f4teaux de Bellevue\u00a0 - Elles Aussi\",\"isPartOf\":{\"@id\":\"https:\/\/www.ellesaussi.org\/#website\"},\"primaryImageOfPage\":{\"@id\":\"https:\/\/www.ellesaussi.org\/?p=2068#primaryimage\"},\"image\":{\"@id\":\"https:\/\/www.ellesaussi.org\/?p=2068#primaryimage\"},\"thumbnailUrl\":\"https:\/\/www.ellesaussi.org\/wp-content\/uploads\/2024\/10\/article-depeche-2-nov-2024.jpg\",\"datePublished\":\"2024-10-14T14:42:00+00:00\",\"dateModified\":\"2024-12-19T09:53:13+00:00\",\"breadcrumb\":{\"@id\":\"https:\/\/www.ellesaussi.org\/?p=2068#breadcrumb\"},\"inLanguage\":\"fr-FR\",\"potentialAction\":[{\"@type\":\"ReadAction\",\"target\":[\"https:\/\/www.ellesaussi.org\/?p=2068\"]}]},{\"@type\":\"ImageObject\",\"inLanguage\":\"fr-FR\",\"@id\":\"https:\/\/www.ellesaussi.org\/?p=2068#primaryimage\",\"url\":\"https:\/\/www.ellesaussi.org\/wp-content\/uploads\/2024\/10\/article-depeche-2-nov-2024.jpg\",\"contentUrl\":\"https:\/\/www.ellesaussi.org\/wp-content\/uploads\/2024\/10\/article-depeche-2-nov-2024.jpg\",\"width\":885,\"height\":500},{\"@type\":\"BreadcrumbList\",\"@id\":\"https:\/\/www.ellesaussi.org\/?p=2068#breadcrumb\",\"itemListElement\":[{\"@type\":\"ListItem\",\"position\":1,\"name\":\"Accueil\",\"item\":\"https:\/\/www.ellesaussi.org\/\"},{\"@type\":\"ListItem\",\"position\":2,\"name\":\"Marianne de la Parit\u00e9\u00a0 \u00e0 la Communaut\u00e9 de communes Les C\u00f4teaux de Bellevue\u00a0\"}]},{\"@type\":\"WebSite\",\"@id\":\"https:\/\/www.ellesaussi.org\/#website\",\"url\":\"https:\/\/www.ellesaussi.org\/\",\"name\":\"Elles Aussi\",\"description\":\"\",\"publisher\":{\"@id\":\"https:\/\/www.ellesaussi.org\/#organization\"},\"potentialAction\":[{\"@type\":\"SearchAction\",\"target\":{\"@type\":\"EntryPoint\",\"urlTemplate\":\"https:\/\/www.ellesaussi.org\/?s={search_term_string}\"},\"query-input\":\"required name=search_term_string\"}],\"inLanguage\":\"fr-FR\"},{\"@type\":\"Organization\",\"@id\":\"https:\/\/www.ellesaussi.org\/#organization\",\"name\":\"Elles Aussi\",\"url\":\"https:\/\/www.ellesaussi.org\/\",\"logo\":{\"@type\":\"ImageObject\",\"inLanguage\":\"fr-FR\",\"@id\":\"https:\/\/www.ellesaussi.org\/#\/schema\/logo\/image\/\",\"url\":\"https:\/\/www.ellesaussi.org\/wp-content\/uploads\/2024\/05\/Elles-aussi_logotype_rouge.png\",\"contentUrl\":\"https:\/\/www.ellesaussi.org\/wp-content\/uploads\/2024\/05\/Elles-aussi_logotype_rouge.png\",\"width\":3472,\"height\":2480,\"caption\":\"Elles Aussi\"},\"image\":{\"@id\":\"https:\/\/www.ellesaussi.org\/#\/schema\/logo\/image\/\"},\"sameAs\":[\"https:\/\/www.facebook.com\/ellesaussi\/\"]},{\"@type\":\"Person\",\"@id\":\"https:\/\/www.ellesaussi.org\/#\/schema\/person\/eeca4be50db30b5dbb39f78fc3364160\",\"name\":\"admin\",\"image\":{\"@type\":\"ImageObject\",\"inLanguage\":\"fr-FR\",\"@id\":\"https:\/\/www.ellesaussi.org\/#\/schema\/person\/image\/\",\"url\":\"https:\/\/secure.gravatar.com\/avatar\/62da4937aa6d6b509192861c0b966204a1b742b2814f6387fa08fe6c98a8729c?s=96&d=mm&r=g\",\"contentUrl\":\"https:\/\/secure.gravatar.com\/avatar\/62da4937aa6d6b509192861c0b966204a1b742b2814f6387fa08fe6c98a8729c?s=96&d=mm&r=g\",\"caption\":\"admin\"},\"sameAs\":[\"https:\/\/elles129186.webdb78.lwspanel.com\"],\"url\":\"https:\/\/www.ellesaussi.org\/?author=1\"}]}<\/script>\n<!-- \/ Yoast SEO plugin. -->","yoast_head_json":{"title":"Marianne de la Parit\u00e9\u00a0 \u00e0 la Communaut\u00e9 de communes Les C\u00f4teaux de Bellevue\u00a0 - Elles Aussi","robots":{"index":"index","follow":"follow","max-snippet":"max-snippet:-1","max-image-preview":"max-image-preview:large","max-video-preview":"max-video-preview:-1"},"canonical":"https:\/\/www.ellesaussi.org\/?p=2068","og_locale":"fr_FR","og_type":"article","og_title":"Marianne de la Parit\u00e9\u00a0 \u00e0 la Communaut\u00e9 de communes Les C\u00f4teaux de Bellevue\u00a0 - Elles Aussi","og_description":"En Haute Garonne, les membres de l&rsquo;antenne d&rsquo;Elles aussi en Occitanie et notre co-pr\u00e9sidente V\u00e9ronique Genelle ont remis le troph\u00e9e de La Marianne de la Parit\u00e9\u00a0 \u00e0 la Communaut\u00e9 de communes Les C\u00f4teaux de Bellevue\u00a0 Article de La D\u00e9p\u00eache :(photo ci-dessus Repr\u00e9sentantes de l\u2019association et \u00e9lus dans la Salle du Conseil de la ville. Photo [&hellip;]","og_url":"https:\/\/www.ellesaussi.org\/?p=2068","og_site_name":"Elles Aussi","article_publisher":"https:\/\/www.facebook.com\/ellesaussi\/","article_published_time":"2024-10-14T14:42:00+00:00","article_modified_time":"2024-12-19T09:53:13+00:00","og_image":[{"width":885,"height":500,"url":"https:\/\/www.ellesaussi.org\/wp-content\/uploads\/2024\/10\/article-depeche-2-nov-2024.jpg","type":"image\/jpeg"}],"author":"admin","twitter_card":"summary_large_image","twitter_misc":{"\u00c9crit par":"admin","Dur\u00e9e de lecture estim\u00e9e":"2 minutes"},"schema":{"@context":"https:\/\/schema.org","@graph":[{"@type":"Article","@id":"https:\/\/www.ellesaussi.org\/?p=2068#article","isPartOf":{"@id":"https:\/\/www.ellesaussi.org\/?p=2068"},"author":{"name":"admin","@id":"https:\/\/www.ellesaussi.org\/#\/schema\/person\/eeca4be50db30b5dbb39f78fc3364160"},"headline":"Marianne de la Parit\u00e9\u00a0 \u00e0 la Communaut\u00e9 de communes Les C\u00f4teaux de Bellevue\u00a0","datePublished":"2024-10-14T14:42:00+00:00","dateModified":"2024-12-19T09:53:13+00:00","mainEntityOfPage":{"@id":"https:\/\/www.ellesaussi.org\/?p=2068"},"wordCount":384,"publisher":{"@id":"https:\/\/www.ellesaussi.org\/#organization"},"image":{"@id":"https:\/\/www.ellesaussi.org\/?p=2068#primaryimage"},"thumbnailUrl":"https:\/\/www.ellesaussi.org\/wp-content\/uploads\/2024\/10\/article-depeche-2-nov-2024.jpg","articleSection":["Marianne de la Parit\u00e9 2020-2026"],"inLanguage":"fr-FR"},{"@type":"WebPage","@id":"https:\/\/www.ellesaussi.org\/?p=2068","url":"https:\/\/www.ellesaussi.org\/?p=2068","name":"Marianne de la Parit\u00e9\u00a0 \u00e0 la Communaut\u00e9 de communes Les C\u00f4teaux de Bellevue\u00a0 - Elles Aussi","isPartOf":{"@id":"https:\/\/www.ellesaussi.org\/#website"},"primaryImageOfPage":{"@id":"https:\/\/www.ellesaussi.org\/?p=2068#primaryimage"},"image":{"@id":"https:\/\/www.ellesaussi.org\/?p=2068#primaryimage"},"thumbnailUrl":"https:\/\/www.ellesaussi.org\/wp-content\/uploads\/2024\/10\/article-depeche-2-nov-2024.jpg","datePublished":"2024-10-14T14:42:00+00:00","dateModified":"2024-12-19T09:53:13+00:00","breadcrumb":{"@id":"https:\/\/www.ellesaussi.org\/?p=2068#breadcrumb"},"inLanguage":"fr-FR","potentialAction":[{"@type":"ReadAction","target":["https:\/\/www.ellesaussi.org\/?p=2068"]}]},{"@type":"ImageObject","inLanguage":"fr-FR","@id":"https:\/\/www.ellesaussi.org\/?p=2068#primaryimage","url":"https:\/\/www.ellesaussi.org\/wp-content\/uploads\/2024\/10\/article-depeche-2-nov-2024.jpg","contentUrl":"https:\/\/www.ellesaussi.org\/wp-content\/uploads\/2024\/10\/article-depeche-2-nov-2024.jpg","width":885,"height":500},{"@type":"BreadcrumbList","@id":"https:\/\/www.ellesaussi.org\/?p=2068#breadcrumb","itemListElement":[{"@type":"ListItem","position":1,"name":"Accueil","item":"https:\/\/www.ellesaussi.org\/"},{"@type":"ListItem","position":2,"name":"Marianne de la Parit\u00e9\u00a0 \u00e0 la Communaut\u00e9 de communes Les C\u00f4teaux de Bellevue\u00a0"}]},{"@type":"WebSite","@id":"https:\/\/www.ellesaussi.org\/#website","url":"https:\/\/www.ellesaussi.org\/","name":"Elles Aussi","description":"","publisher":{"@id":"https:\/\/www.ellesaussi.org\/#organization"},"potentialAction":[{"@type":"SearchAction","target":{"@type":"EntryPoint","urlTemplate":"https:\/\/www.ellesaussi.org\/?s={search_term_string}"},"query-input":"required name=search_term_string"}],"inLanguage":"fr-FR"},{"@type":"Organization","@id":"https:\/\/www.ellesaussi.org\/#organization","name":"Elles Aussi","url":"https:\/\/www.ellesaussi.org\/","logo":{"@type":"ImageObject","inLanguage":"fr-FR","@id":"https:\/\/www.ellesaussi.org\/#\/schema\/logo\/image\/","url":"https:\/\/www.ellesaussi.org\/wp-content\/uploads\/2024\/05\/Elles-aussi_logotype_rouge.png","contentUrl":"https:\/\/www.ellesaussi.org\/wp-content\/uploads\/2024\/05\/Elles-aussi_logotype_rouge.png","width":3472,"height":2480,"caption":"Elles Aussi"},"image":{"@id":"https:\/\/www.ellesaussi.org\/#\/schema\/logo\/image\/"},"sameAs":["https:\/\/www.facebook.com\/ellesaussi\/"]},{"@type":"Person","@id":"https:\/\/www.ellesaussi.org\/#\/schema\/person\/eeca4be50db30b5dbb39f78fc3364160","name":"admin","image":{"@type":"ImageObject","inLanguage":"fr-FR","@id":"https:\/\/www.ellesaussi.org\/#\/schema\/person\/image\/","url":"https:\/\/secure.gravatar.com\/avatar\/62da4937aa6d6b509192861c0b966204a1b742b2814f6387fa08fe6c98a8729c?s=96&d=mm&r=g","contentUrl":"https:\/\/secure.gravatar.com\/avatar\/62da4937aa6d6b509192861c0b966204a1b742b2814f6387fa08fe6c98a8729c?s=96&d=mm&r=g","caption":"admin"},"sameAs":["https:\/\/elles129186.webdb78.lwspanel.com"],"url":"https:\/\/www.ellesaussi.org\/?author=1"}]}},"_links":{"self":[{"href":"https:\/\/www.ellesaussi.org\/index.php?rest_route=\/wp\/v2\/posts\/2068","targetHints":{"allow":["GET"]}}],"collection":[{"href":"https:\/\/www.ellesaussi.org\/index.php?rest_route=\/wp\/v2\/posts"}],"about":[{"href":"https:\/\/www.ellesaussi.org\/index.php?rest_route=\/wp\/v2\/types\/post"}],"author":[{"embeddable":true,"href":"https:\/\/www.ellesaussi.org\/index.php?rest_route=\/wp\/v2\/users\/1"}],"replies":[{"embeddable":true,"href":"https:\/\/www.ellesaussi.org\/index.php?rest_route=%2Fwp%2Fv2%2Fcomments&post=2068"}],"version-history":[{"count":4,"href":"https:\/\/www.ellesaussi.org\/index.php?rest_route=\/wp\/v2\/posts\/2068\/revisions"}],"predecessor-version":[{"id":2073,"href":"https:\/\/www.ellesaussi.org\/index.php?rest_route=\/wp\/v2\/posts\/2068\/revisions\/2073"}],"wp:featuredmedia":[{"embeddable":true,"href":"https:\/\/www.ellesaussi.org\/index.php?rest_route=\/wp\/v2\/media\/2070"}],"wp:attachment":[{"href":"https:\/\/www.ellesaussi.org\/index.php?rest_route=%2Fwp%2Fv2%2Fmedia&parent=2068"}],"wp:term":[{"taxonomy":"category","embeddable":true,"href":"https:\/\/www.ellesaussi.org\/index.php?rest_route=%2Fwp%2Fv2%2Fcategories&post=2068"},{"taxonomy":"post_tag","embeddable":true,"href":"https:\/\/www.ellesaussi.org\/index.php?rest_route=%2Fwp%2Fv2%2Ftags&post=2068"}],"curies":[{"name":"wp","href":"https:\/\/api.w.org\/{rel}","templated":true}]}}