{"id":2049,"date":"2014-10-10T15:46:00","date_gmt":"2014-10-10T13:46:00","guid":{"rendered":"https:\/\/elles129186.webdb78.lwspanel.com\/?p=2049"},"modified":"2025-04-09T16:37:24","modified_gmt":"2025-04-09T14:37:24","slug":"des-moments-forts-du-colloque","status":"publish","type":"post","link":"https:\/\/www.ellesaussi.org\/?p=2049","title":{"rendered":"Des moments forts du colloque"},"content":{"rendered":"\t\t<div data-elementor-type=\"wp-post\" data-elementor-id=\"2049\" class=\"elementor elementor-2049\" data-elementor-post-type=\"post\">\n\t\t\t\t<div class=\"elementor-element elementor-element-34cb0c5 e-flex e-con-boxed e-con e-parent\" data-id=\"34cb0c5\" data-element_type=\"container\">\n\t\t\t\t\t<div class=\"e-con-inner\">\n\t\t\t\t<div class=\"elementor-element elementor-element-a91ea23 elementor-widget elementor-widget-text-editor\" data-id=\"a91ea23\" data-element_type=\"widget\" data-widget_type=\"text-editor.default\">\n\t\t\t\t<div class=\"elementor-widget-container\">\n\t\t\t\t\t\t\t<div><div><div><div><div><article><div><div><p style=\"text-align: center;\"><strong>Quelle d\u00e9mocratie locale voulons-nous ?<br \/>Le statut de l\u2019\u00e9lu-e local-e en questions<\/strong><\/p><p><strong>Premi\u00e8re table-tonde :\u00a0\u00abStatut de l\u2019\u00e9lu-e local-e: serpent de mer !\u00bb<\/strong><br \/><strong>Intervention d\u2019Eric Kerrouche<\/strong>, directeur de recherche au CNRS et enseignant \u00e0 Sciences-po Bordeaux,\u00a0 a co-\u00e9crit en 2006, l\u2019ouvrage \u00ab Les \u00e9lus locaux en Europe, un statut en mutation \u00bb, et est lui-m\u00eame \u00e9lu local ;\u00a0 son propos th\u00e9orique se double donc d\u2019une exp\u00e9rience pratique.<br \/>regarder la vid\u00e9o :<\/p><p><div style=\"width: 512px;\" class=\"wp-video\"><video class=\"wp-video-shortcode\" id=\"video-2049-1\" width=\"512\" height=\"384\" preload=\"metadata\" controls=\"controls\"><source type=\"video\/mp4\" src=\"https:\/\/www.ellesaussi.org\/wp-content\/uploads\/2024\/11\/Tableronde1Kerrouche.mp4?_=1\" \/><a href=\"https:\/\/www.ellesaussi.org\/wp-content\/uploads\/2024\/11\/Tableronde1Kerrouche.mp4\">https:\/\/www.ellesaussi.org\/wp-content\/uploads\/2024\/11\/Tableronde1Kerrouche.mp4<\/a><\/video><\/div><\/p><p><strong>Intervention de Pascale Crozon<\/strong>, d\u00e9put\u00e9e du Rh\u00f4ne ; elle a fait partie de la mission d&rsquo;information parlementaire sur le statut de l&rsquo;\u00e9lu mise en place suite \u00e0 la loi 2013 sur la limitation des cumuls des mandats.<br \/>Ce d\u00e9bat, aussi vieux que la d\u00e9centralisation de 1982, ressemble \u00e0 un serpent de mer&#8230;<br \/>A ce jour peu d&rsquo;avanc\u00e9e significatives qui puissent favoriser l&rsquo;\u00e9gal acc\u00e8s aux fonctions \u00e9lectives, le renouvellement de la repr\u00e9sentation politique, donner aux \u00e9lus les moyens d&rsquo;accomplir leurs mandats, de valoriser l&rsquo;exp\u00e9rience acquise&#8230;<br \/>En 20 ans la part des maires \u00e2g\u00e9s de plus de 60 ans a plus que doubl\u00e9, passant de 28% \u00e0 59%, dans le m\u00eame temps le nombre de maires de moins de 40 ans a \u00e9t\u00e9 divis\u00e9 par 3, de 12% \u00e0 4% &#8230;.cherchez l&rsquo;erreur.<br \/><a href=\"https:\/\/www.ellesaussi.org\/wp-content\/uploads\/2024\/11\/Intervention_Pascale_Crozon.pdf\" target=\"_blank\" rel=\"noopener\">lire le texte<\/a><\/p><p><strong>Exp\u00e9rimentation du Bilan des Acquis de l\u2019\u00e9lu-e local-e (BAE)<\/strong><br \/>L\u2019exp\u00e9rimentation a montr\u00e9 que cette d\u00e9marche initi\u00e9e par\u00a0<em>Elles aussi<\/em>\u00a0est possible et profitable.<br \/>Les premiers bilans ont \u00e9t\u00e9 faits et quelques municipalit\u00e9s ont \u00e9t\u00e9 pilote en acceptant de le prendre \u00e0 leur charge.<br \/>Dominique Lucas,\u00a0 consultante au\u00a0 cabinet dlConseil, sp\u00e9cialis\u00e9e en bilan de carri\u00e8re, parle des quatre bilans qu\u2019elle a \u00e9t\u00e9 amen\u00e9e \u00e0 faire, comme professionnelle, avec des \u00e9lues en fin de mandat, premi\u00e8re \u00e9tape pour b\u00e2tir un projet.<br \/>Genevi\u00e8ve Bonnefon, de Femmes \u00e9lues de l\u2019Is\u00e8re,\u00a0 d\u00e9taille l\u2019exp\u00e9rience associative v\u00e9cue dans son d\u00e9partement.<br \/><a href=\"https:\/\/www.ellesaussi.org\/wp-content\/uploads\/2024\/11\/D_Lucas_Colloque_Elles_aussi_-Lyon.pptx\" target=\"_blank\" rel=\"noopener\">voir les diapositives de Dominique Lucas<\/a><br \/><a href=\"https:\/\/www.ellesaussi.org\/wp-content\/uploads\/2024\/11\/G_Bonnefon_10-10-14-AFEI-VAE-Lyon.ppt\" target=\"_blank\" rel=\"noopener\">voir les diapositives de Genevi\u00e8ve Bonnefon<\/a><\/p><p><strong>Deuxi\u00e8me table-ronde :<\/strong>\u00a0<strong>\u00abParoles d\u2019\u00e9lu-e-s au c\u0153ur des territoires\u00bb<\/strong><br \/>Anim\u00e9e par Muguette Dini, ancienne s\u00e9natrice du Rh\u00f4ne, cette table-ronde nous apporte le t\u00e9moignages d\u2019 \u00e9lu-e-s :<\/p><ul><li><strong>Marie-Jeanne B\u00e9guet,<\/strong> maire de Civrieux-en-Dombes dans l\u2019Ain (1400h)<\/li><li><strong>Christian Lavis<\/strong>, maire de Viviers dans l\u2019Ard\u00e8che (4000h)<\/li><li><strong>Jean-Michel Pauze<\/strong>, maire de Saint-Priest-en Jarez dans la Loire (6200h)<\/li><li><strong>Brigitte P\u00e9rilli\u00e9<\/strong>, vice-pr\u00e9sidente au Conseil g\u00e9n\u00e9rale de l\u2019Is\u00e8re<\/li><\/ul><p>\u00a0regarder les extraits :<\/p><p><div style=\"width: 512px;\" class=\"wp-video\"><video class=\"wp-video-shortcode\" id=\"video-2049-2\" width=\"512\" height=\"384\" preload=\"metadata\" controls=\"controls\"><source type=\"video\/mp4\" src=\"https:\/\/www.ellesaussi.org\/wp-content\/uploads\/2024\/11\/Tableronde2BPerillie.mp4?_=2\" \/><a href=\"https:\/\/www.ellesaussi.org\/wp-content\/uploads\/2024\/11\/Tableronde2BPerillie.mp4\">https:\/\/www.ellesaussi.org\/wp-content\/uploads\/2024\/11\/Tableronde2BPerillie.mp4<\/a><\/video><\/div><\/p><p><div style=\"width: 512px;\" class=\"wp-video\"><video class=\"wp-video-shortcode\" id=\"video-2049-3\" width=\"512\" height=\"384\" preload=\"metadata\" controls=\"controls\"><source type=\"video\/mp4\" src=\"https:\/\/www.ellesaussi.org\/wp-content\/uploads\/2024\/11\/Tableronde_2_extraits.mp4?_=3\" \/><a href=\"https:\/\/www.ellesaussi.org\/wp-content\/uploads\/2024\/11\/Tableronde_2_extraits.mp4\">https:\/\/www.ellesaussi.org\/wp-content\/uploads\/2024\/11\/Tableronde_2_extraits.mp4<\/a><\/video><\/div><\/p><\/div><\/div><\/article><\/div><\/div><\/div><\/div><\/div>\t\t\t\t\t\t<\/div>\n\t\t\t\t<\/div>\n\t\t\t\t\t<\/div>\n\t\t\t\t<\/div>\n\t\t\t\t<\/div>\n\t\t","protected":false},"excerpt":{"rendered":"<p>Quelle d\u00e9mocratie locale voulons-nous ?Le statut de l\u2019\u00e9lu-e local-e en questions Premi\u00e8re table-tonde :\u00a0\u00abStatut de l\u2019\u00e9lu-e local-e: serpent de mer !\u00bbIntervention d\u2019Eric Kerrouche, directeur de recherche au CNRS et enseignant \u00e0 Sciences-po Bordeaux,\u00a0 a co-\u00e9crit en 2006, l\u2019ouvrage \u00ab Les \u00e9lus locaux en Europe, un statut en mutation \u00bb, et est lui-m\u00eame \u00e9lu local ;\u00a0 [&hellip;]<\/p>\n","protected":false},"author":1,"featured_media":2001,"comment_status":"closed","ping_status":"closed","sticky":false,"template":"","format":"standard","meta":{"footnotes":""},"categories":[45],"tags":[],"class_list":["post-2049","post","type-post","status-publish","format-standard","has-post-thumbnail","hentry","category-colloque-sur-le-statut-de-lelu-e-local-e"],"yoast_head":"<!-- This site is optimized with the Yoast SEO plugin v22.8 - https:\/\/yoast.com\/wordpress\/plugins\/seo\/ -->\n<title>Des moments forts du colloque - Elles Aussi<\/title>\n<meta name=\"robots\" content=\"index, follow, max-snippet:-1, max-image-preview:large, max-video-preview:-1\" \/>\n<link rel=\"canonical\" href=\"https:\/\/www.ellesaussi.org\/?p=2049\" \/>\n<meta property=\"og:locale\" content=\"fr_FR\" \/>\n<meta property=\"og:type\" content=\"article\" \/>\n<meta property=\"og:title\" content=\"Des moments forts du colloque - Elles Aussi\" \/>\n<meta property=\"og:description\" content=\"Quelle d\u00e9mocratie locale voulons-nous ?Le statut de l\u2019\u00e9lu-e local-e en questions Premi\u00e8re table-tonde :\u00a0\u00abStatut de l\u2019\u00e9lu-e local-e: serpent de mer !\u00bbIntervention d\u2019Eric Kerrouche, directeur de recherche au CNRS et enseignant \u00e0 Sciences-po Bordeaux,\u00a0 a co-\u00e9crit en 2006, l\u2019ouvrage \u00ab Les \u00e9lus locaux en Europe, un statut en mutation \u00bb, et est lui-m\u00eame \u00e9lu local ;\u00a0 [&hellip;]\" \/>\n<meta property=\"og:url\" content=\"https:\/\/www.ellesaussi.org\/?p=2049\" \/>\n<meta property=\"og:site_name\" content=\"Elles Aussi\" \/>\n<meta property=\"article:publisher\" content=\"https:\/\/www.facebook.com\/ellesaussi\/\" \/>\n<meta property=\"article:published_time\" content=\"2014-10-10T13:46:00+00:00\" \/>\n<meta property=\"article:modified_time\" content=\"2025-04-09T14:37:24+00:00\" \/>\n<meta property=\"og:image\" content=\"https:\/\/www.ellesaussi.org\/wp-content\/uploads\/2024\/11\/colloque.jpg\" \/>\n\t<meta property=\"og:image:width\" content=\"320\" \/>\n\t<meta property=\"og:image:height\" content=\"169\" \/>\n\t<meta property=\"og:image:type\" content=\"image\/jpeg\" \/>\n<meta name=\"author\" content=\"admin\" \/>\n<meta name=\"twitter:card\" content=\"summary_large_image\" \/>\n<meta name=\"twitter:label1\" content=\"\u00c9crit par\" \/>\n\t<meta name=\"twitter:data1\" content=\"admin\" \/>\n\t<meta name=\"twitter:label2\" content=\"Dur\u00e9e de lecture estim\u00e9e\" \/>\n\t<meta name=\"twitter:data2\" content=\"2 minutes\" \/>\n<script type=\"application\/ld+json\" class=\"yoast-schema-graph\">{\"@context\":\"https:\/\/schema.org\",\"@graph\":[{\"@type\":\"Article\",\"@id\":\"https:\/\/www.ellesaussi.org\/?p=2049#article\",\"isPartOf\":{\"@id\":\"https:\/\/www.ellesaussi.org\/?p=2049\"},\"author\":{\"name\":\"admin\",\"@id\":\"https:\/\/www.ellesaussi.org\/#\/schema\/person\/eeca4be50db30b5dbb39f78fc3364160\"},\"headline\":\"Des moments forts du colloque\",\"datePublished\":\"2014-10-10T13:46:00+00:00\",\"dateModified\":\"2025-04-09T14:37:24+00:00\",\"mainEntityOfPage\":{\"@id\":\"https:\/\/www.ellesaussi.org\/?p=2049\"},\"wordCount\":461,\"publisher\":{\"@id\":\"https:\/\/www.ellesaussi.org\/#organization\"},\"image\":{\"@id\":\"https:\/\/www.ellesaussi.org\/?p=2049#primaryimage\"},\"thumbnailUrl\":\"https:\/\/www.ellesaussi.org\/wp-content\/uploads\/2024\/11\/colloque.jpg\",\"articleSection\":[\"Colloque sur le statut de l\u2019\u00e9lu-e local-e\"],\"inLanguage\":\"fr-FR\"},{\"@type\":\"WebPage\",\"@id\":\"https:\/\/www.ellesaussi.org\/?p=2049\",\"url\":\"https:\/\/www.ellesaussi.org\/?p=2049\",\"name\":\"Des moments forts du colloque - Elles Aussi\",\"isPartOf\":{\"@id\":\"https:\/\/www.ellesaussi.org\/#website\"},\"primaryImageOfPage\":{\"@id\":\"https:\/\/www.ellesaussi.org\/?p=2049#primaryimage\"},\"image\":{\"@id\":\"https:\/\/www.ellesaussi.org\/?p=2049#primaryimage\"},\"thumbnailUrl\":\"https:\/\/www.ellesaussi.org\/wp-content\/uploads\/2024\/11\/colloque.jpg\",\"datePublished\":\"2014-10-10T13:46:00+00:00\",\"dateModified\":\"2025-04-09T14:37:24+00:00\",\"breadcrumb\":{\"@id\":\"https:\/\/www.ellesaussi.org\/?p=2049#breadcrumb\"},\"inLanguage\":\"fr-FR\",\"potentialAction\":[{\"@type\":\"ReadAction\",\"target\":[\"https:\/\/www.ellesaussi.org\/?p=2049\"]}]},{\"@type\":\"ImageObject\",\"inLanguage\":\"fr-FR\",\"@id\":\"https:\/\/www.ellesaussi.org\/?p=2049#primaryimage\",\"url\":\"https:\/\/www.ellesaussi.org\/wp-content\/uploads\/2024\/11\/colloque.jpg\",\"contentUrl\":\"https:\/\/www.ellesaussi.org\/wp-content\/uploads\/2024\/11\/colloque.jpg\",\"width\":320,\"height\":169},{\"@type\":\"BreadcrumbList\",\"@id\":\"https:\/\/www.ellesaussi.org\/?p=2049#breadcrumb\",\"itemListElement\":[{\"@type\":\"ListItem\",\"position\":1,\"name\":\"Accueil\",\"item\":\"https:\/\/www.ellesaussi.org\/\"},{\"@type\":\"ListItem\",\"position\":2,\"name\":\"Des moments forts du colloque\"}]},{\"@type\":\"WebSite\",\"@id\":\"https:\/\/www.ellesaussi.org\/#website\",\"url\":\"https:\/\/www.ellesaussi.org\/\",\"name\":\"Elles Aussi\",\"description\":\"\",\"publisher\":{\"@id\":\"https:\/\/www.ellesaussi.org\/#organization\"},\"potentialAction\":[{\"@type\":\"SearchAction\",\"target\":{\"@type\":\"EntryPoint\",\"urlTemplate\":\"https:\/\/www.ellesaussi.org\/?s={search_term_string}\"},\"query-input\":\"required name=search_term_string\"}],\"inLanguage\":\"fr-FR\"},{\"@type\":\"Organization\",\"@id\":\"https:\/\/www.ellesaussi.org\/#organization\",\"name\":\"Elles Aussi\",\"url\":\"https:\/\/www.ellesaussi.org\/\",\"logo\":{\"@type\":\"ImageObject\",\"inLanguage\":\"fr-FR\",\"@id\":\"https:\/\/www.ellesaussi.org\/#\/schema\/logo\/image\/\",\"url\":\"https:\/\/www.ellesaussi.org\/wp-content\/uploads\/2024\/05\/Elles-aussi_logotype_rouge.png\",\"contentUrl\":\"https:\/\/www.ellesaussi.org\/wp-content\/uploads\/2024\/05\/Elles-aussi_logotype_rouge.png\",\"width\":3472,\"height\":2480,\"caption\":\"Elles Aussi\"},\"image\":{\"@id\":\"https:\/\/www.ellesaussi.org\/#\/schema\/logo\/image\/\"},\"sameAs\":[\"https:\/\/www.facebook.com\/ellesaussi\/\"]},{\"@type\":\"Person\",\"@id\":\"https:\/\/www.ellesaussi.org\/#\/schema\/person\/eeca4be50db30b5dbb39f78fc3364160\",\"name\":\"admin\",\"image\":{\"@type\":\"ImageObject\",\"inLanguage\":\"fr-FR\",\"@id\":\"https:\/\/www.ellesaussi.org\/#\/schema\/person\/image\/\",\"url\":\"https:\/\/secure.gravatar.com\/avatar\/62da4937aa6d6b509192861c0b966204a1b742b2814f6387fa08fe6c98a8729c?s=96&d=mm&r=g\",\"contentUrl\":\"https:\/\/secure.gravatar.com\/avatar\/62da4937aa6d6b509192861c0b966204a1b742b2814f6387fa08fe6c98a8729c?s=96&d=mm&r=g\",\"caption\":\"admin\"},\"sameAs\":[\"https:\/\/elles129186.webdb78.lwspanel.com\"],\"url\":\"https:\/\/www.ellesaussi.org\/?author=1\"}]}<\/script>\n<!-- \/ Yoast SEO plugin. -->","yoast_head_json":{"title":"Des moments forts du colloque - Elles Aussi","robots":{"index":"index","follow":"follow","max-snippet":"max-snippet:-1","max-image-preview":"max-image-preview:large","max-video-preview":"max-video-preview:-1"},"canonical":"https:\/\/www.ellesaussi.org\/?p=2049","og_locale":"fr_FR","og_type":"article","og_title":"Des moments forts du colloque - Elles Aussi","og_description":"Quelle d\u00e9mocratie locale voulons-nous ?Le statut de l\u2019\u00e9lu-e local-e en questions Premi\u00e8re table-tonde :\u00a0\u00abStatut de l\u2019\u00e9lu-e local-e: serpent de mer !\u00bbIntervention d\u2019Eric Kerrouche, directeur de recherche au CNRS et enseignant \u00e0 Sciences-po Bordeaux,\u00a0 a co-\u00e9crit en 2006, l\u2019ouvrage \u00ab Les \u00e9lus locaux en Europe, un statut en mutation \u00bb, et est lui-m\u00eame \u00e9lu local ;\u00a0 [&hellip;]","og_url":"https:\/\/www.ellesaussi.org\/?p=2049","og_site_name":"Elles Aussi","article_publisher":"https:\/\/www.facebook.com\/ellesaussi\/","article_published_time":"2014-10-10T13:46:00+00:00","article_modified_time":"2025-04-09T14:37:24+00:00","og_image":[{"width":320,"height":169,"url":"https:\/\/www.ellesaussi.org\/wp-content\/uploads\/2024\/11\/colloque.jpg","type":"image\/jpeg"}],"author":"admin","twitter_card":"summary_large_image","twitter_misc":{"\u00c9crit par":"admin","Dur\u00e9e de lecture estim\u00e9e":"2 minutes"},"schema":{"@context":"https:\/\/schema.org","@graph":[{"@type":"Article","@id":"https:\/\/www.ellesaussi.org\/?p=2049#article","isPartOf":{"@id":"https:\/\/www.ellesaussi.org\/?p=2049"},"author":{"name":"admin","@id":"https:\/\/www.ellesaussi.org\/#\/schema\/person\/eeca4be50db30b5dbb39f78fc3364160"},"headline":"Des moments forts du colloque","datePublished":"2014-10-10T13:46:00+00:00","dateModified":"2025-04-09T14:37:24+00:00","mainEntityOfPage":{"@id":"https:\/\/www.ellesaussi.org\/?p=2049"},"wordCount":461,"publisher":{"@id":"https:\/\/www.ellesaussi.org\/#organization"},"image":{"@id":"https:\/\/www.ellesaussi.org\/?p=2049#primaryimage"},"thumbnailUrl":"https:\/\/www.ellesaussi.org\/wp-content\/uploads\/2024\/11\/colloque.jpg","articleSection":["Colloque sur le statut de l\u2019\u00e9lu-e local-e"],"inLanguage":"fr-FR"},{"@type":"WebPage","@id":"https:\/\/www.ellesaussi.org\/?p=2049","url":"https:\/\/www.ellesaussi.org\/?p=2049","name":"Des moments forts du colloque - Elles Aussi","isPartOf":{"@id":"https:\/\/www.ellesaussi.org\/#website"},"primaryImageOfPage":{"@id":"https:\/\/www.ellesaussi.org\/?p=2049#primaryimage"},"image":{"@id":"https:\/\/www.ellesaussi.org\/?p=2049#primaryimage"},"thumbnailUrl":"https:\/\/www.ellesaussi.org\/wp-content\/uploads\/2024\/11\/colloque.jpg","datePublished":"2014-10-10T13:46:00+00:00","dateModified":"2025-04-09T14:37:24+00:00","breadcrumb":{"@id":"https:\/\/www.ellesaussi.org\/?p=2049#breadcrumb"},"inLanguage":"fr-FR","potentialAction":[{"@type":"ReadAction","target":["https:\/\/www.ellesaussi.org\/?p=2049"]}]},{"@type":"ImageObject","inLanguage":"fr-FR","@id":"https:\/\/www.ellesaussi.org\/?p=2049#primaryimage","url":"https:\/\/www.ellesaussi.org\/wp-content\/uploads\/2024\/11\/colloque.jpg","contentUrl":"https:\/\/www.ellesaussi.org\/wp-content\/uploads\/2024\/11\/colloque.jpg","width":320,"height":169},{"@type":"BreadcrumbList","@id":"https:\/\/www.ellesaussi.org\/?p=2049#breadcrumb","itemListElement":[{"@type":"ListItem","position":1,"name":"Accueil","item":"https:\/\/www.ellesaussi.org\/"},{"@type":"ListItem","position":2,"name":"Des moments forts du colloque"}]},{"@type":"WebSite","@id":"https:\/\/www.ellesaussi.org\/#website","url":"https:\/\/www.ellesaussi.org\/","name":"Elles Aussi","description":"","publisher":{"@id":"https:\/\/www.ellesaussi.org\/#organization"},"potentialAction":[{"@type":"SearchAction","target":{"@type":"EntryPoint","urlTemplate":"https:\/\/www.ellesaussi.org\/?s={search_term_string}"},"query-input":"required name=search_term_string"}],"inLanguage":"fr-FR"},{"@type":"Organization","@id":"https:\/\/www.ellesaussi.org\/#organization","name":"Elles Aussi","url":"https:\/\/www.ellesaussi.org\/","logo":{"@type":"ImageObject","inLanguage":"fr-FR","@id":"https:\/\/www.ellesaussi.org\/#\/schema\/logo\/image\/","url":"https:\/\/www.ellesaussi.org\/wp-content\/uploads\/2024\/05\/Elles-aussi_logotype_rouge.png","contentUrl":"https:\/\/www.ellesaussi.org\/wp-content\/uploads\/2024\/05\/Elles-aussi_logotype_rouge.png","width":3472,"height":2480,"caption":"Elles Aussi"},"image":{"@id":"https:\/\/www.ellesaussi.org\/#\/schema\/logo\/image\/"},"sameAs":["https:\/\/www.facebook.com\/ellesaussi\/"]},{"@type":"Person","@id":"https:\/\/www.ellesaussi.org\/#\/schema\/person\/eeca4be50db30b5dbb39f78fc3364160","name":"admin","image":{"@type":"ImageObject","inLanguage":"fr-FR","@id":"https:\/\/www.ellesaussi.org\/#\/schema\/person\/image\/","url":"https:\/\/secure.gravatar.com\/avatar\/62da4937aa6d6b509192861c0b966204a1b742b2814f6387fa08fe6c98a8729c?s=96&d=mm&r=g","contentUrl":"https:\/\/secure.gravatar.com\/avatar\/62da4937aa6d6b509192861c0b966204a1b742b2814f6387fa08fe6c98a8729c?s=96&d=mm&r=g","caption":"admin"},"sameAs":["https:\/\/elles129186.webdb78.lwspanel.com"],"url":"https:\/\/www.ellesaussi.org\/?author=1"}]}},"_links":{"self":[{"href":"https:\/\/www.ellesaussi.org\/index.php?rest_route=\/wp\/v2\/posts\/2049","targetHints":{"allow":["GET"]}}],"collection":[{"href":"https:\/\/www.ellesaussi.org\/index.php?rest_route=\/wp\/v2\/posts"}],"about":[{"href":"https:\/\/www.ellesaussi.org\/index.php?rest_route=\/wp\/v2\/types\/post"}],"author":[{"embeddable":true,"href":"https:\/\/www.ellesaussi.org\/index.php?rest_route=\/wp\/v2\/users\/1"}],"replies":[{"embeddable":true,"href":"https:\/\/www.ellesaussi.org\/index.php?rest_route=%2Fwp%2Fv2%2Fcomments&post=2049"}],"version-history":[{"count":10,"href":"https:\/\/www.ellesaussi.org\/index.php?rest_route=\/wp\/v2\/posts\/2049\/revisions"}],"predecessor-version":[{"id":3536,"href":"https:\/\/www.ellesaussi.org\/index.php?rest_route=\/wp\/v2\/posts\/2049\/revisions\/3536"}],"wp:featuredmedia":[{"embeddable":true,"href":"https:\/\/www.ellesaussi.org\/index.php?rest_route=\/wp\/v2\/media\/2001"}],"wp:attachment":[{"href":"https:\/\/www.ellesaussi.org\/index.php?rest_route=%2Fwp%2Fv2%2Fmedia&parent=2049"}],"wp:term":[{"taxonomy":"category","embeddable":true,"href":"https:\/\/www.ellesaussi.org\/index.php?rest_route=%2Fwp%2Fv2%2Fcategories&post=2049"},{"taxonomy":"post_tag","embeddable":true,"href":"https:\/\/www.ellesaussi.org\/index.php?rest_route=%2Fwp%2Fv2%2Ftags&post=2049"}],"curies":[{"name":"wp","href":"https:\/\/api.w.org\/{rel}","templated":true}]}}