{"id":2044,"date":"2014-10-10T15:45:00","date_gmt":"2014-10-10T13:45:00","guid":{"rendered":"https:\/\/elles129186.webdb78.lwspanel.com\/?p=2044"},"modified":"2024-12-11T15:36:31","modified_gmt":"2024-12-11T14:36:31","slug":"courte-synthese-des-tables-rondes","status":"publish","type":"post","link":"https:\/\/www.ellesaussi.org\/?p=2044","title":{"rendered":"Courte synth\u00e8se des tables-rondes"},"content":{"rendered":"\t\t<div data-elementor-type=\"wp-post\" data-elementor-id=\"2044\" class=\"elementor elementor-2044\" data-elementor-post-type=\"post\">\n\t\t\t\t<div class=\"elementor-element elementor-element-cd4a15c e-flex e-con-boxed e-con e-parent\" data-id=\"cd4a15c\" data-element_type=\"container\">\n\t\t\t\t\t<div class=\"e-con-inner\">\n\t\t\t\t<div class=\"elementor-element elementor-element-128a17f elementor-widget elementor-widget-text-editor\" data-id=\"128a17f\" data-element_type=\"widget\" data-widget_type=\"text-editor.default\">\n\t\t\t\t<div class=\"elementor-widget-container\">\n\t\t\t\t\t\t\t<p style=\"text-align: center;\"><strong>Colloque du 10 octobre 2014 <\/strong><br \/><strong>Quelle d\u00e9mocratie locale voulons-nous ? Le statut de l\u2019\u00e9lu-e local-e en questions<\/strong><\/p><p><br \/>La synth\u00e8se des deux tables-rondes en quelques phrases, par Pauline Grangette, \u00e9tudiante \u00e0 Sciences-Po Lyon.<br \/><br \/><strong>1\/ Statut de l\u2019\u00e9lue locale : serpent de mer<\/strong><\/p><ul><li>Le statut de l\u2019\u00e9lu-e en Europe est changeant et n\u2019a \u00e9tonnamment jamais \u00e9t\u00e9 r\u00e9dig\u00e9<\/li><li>Une division sexu\u00e9e est incontestablement pr\u00e9sente au sein du monde du travail, de la soci\u00e9t\u00e9, Elle ne peut qu\u2019exister en politique tant sur le plan quantitatif que qualitatif.<\/li><li>Il est aujourd\u2019hui n\u00e9cessaire d\u2019accepter une forme de professionnalisation du mandat d\u2019\u00e9lu-e, elle est effective, elle est encore tr\u00e8s difficilement applicable et elle soul\u00e8ve de nombreuses questions.<\/li><li>Le d\u00e9vouement des \u00e9lu-e-s n\u2019est pas suffisamment reconnu et les instances politiques ne les aident pas r\u00e9guli\u00e8rement \u00e0 vivre leur mandat au quotidien et \u00e0 \u00e9voluer dans leur fonction.<\/li><li>Il est n\u00e9cessaire de souligner l\u2019engagement citoyen comme une \u00e9tape valorisante dans une carri\u00e8re et comme accessible \u00e0 toutes et tous.<\/li><li>A la fin d\u2019un mandat, le Bilan des acquis de l\u2019\u00e9lu-e local-e permet de valoriser les comp\u00e9tences acquises et de les mettre au service d\u2019un m\u00e9tier ou de toute autre activit\u00e9.<\/li><\/ul><p><strong>2\/ Paroles d\u2019\u00e9lue au c\u0153ur des territoires<\/strong><\/p><ul><li>La vie d\u2019un-e \u00e9lu-e est particuli\u00e8rement \u2018mouvement\u00e9e\u2019. La fonction \u00e9lective s\u2019ajoute \u00e0 la vie professionnelle et familiale. \u00ab Une bonne sant\u00e9, un peu de courage et beaucoup d\u2019\u00e9nergie \u00bb sont d\u2019apr\u00e8s Jean-Michel Pauze la recette du succ\u00e8s, alli\u00e9s \u00e0 une organisation minutieuse, un temps de travail important et un \u00e9quilibre familial indispensable<\/li><li>Pour une femme \u00e9lue, le non partage des t\u00e2ches au sein de la famille, des traditions encore trop marqu\u00e9es par cette r\u00e9partition rendent l\u2019exercice du mandat plus ardu mat\u00e9riellement<\/li><li>Un vrai statut de l\u2019\u00e9lu-e permettra aussi de trouver des solutions concr\u00e8tes pour les indemnit\u00e9s et les retraites.<\/li><li>L\u2019exp\u00e9rience acquise et les formations propos\u00e9es peuvent permettre une reconversion professionnelle. Cela ne gomme pas toutes les difficult\u00e9s d\u2019une fin de mandat.<\/li><li>Finalement, malgr\u00e9 les contraintes qu\u2019elle impose, la vie d\u2019\u00e9lu-e est un enrichissement qui rejaillit sur toutes les autres dimensions de la vie.<\/li><\/ul>\t\t\t\t\t\t<\/div>\n\t\t\t\t<\/div>\n\t\t\t\t\t<\/div>\n\t\t\t\t<\/div>\n\t\t\t\t<\/div>\n\t\t","protected":false},"excerpt":{"rendered":"<p>Colloque du 10 octobre 2014 Quelle d\u00e9mocratie locale voulons-nous ? Le statut de l\u2019\u00e9lu-e local-e en questions La synth\u00e8se des deux tables-rondes en quelques phrases, par Pauline Grangette, \u00e9tudiante \u00e0 Sciences-Po Lyon. 1\/ Statut de l\u2019\u00e9lue locale : serpent de mer Le statut de l\u2019\u00e9lu-e en Europe est changeant et n\u2019a \u00e9tonnamment jamais \u00e9t\u00e9 r\u00e9dig\u00e9 [&hellip;]<\/p>\n","protected":false},"author":1,"featured_media":683,"comment_status":"closed","ping_status":"closed","sticky":false,"template":"","format":"standard","meta":{"footnotes":""},"categories":[45],"tags":[],"class_list":["post-2044","post","type-post","status-publish","format-standard","has-post-thumbnail","hentry","category-colloque-sur-le-statut-de-lelu-e-local-e"],"yoast_head":"<!-- This site is optimized with the Yoast SEO plugin v22.8 - https:\/\/yoast.com\/wordpress\/plugins\/seo\/ -->\n<title>Courte synth\u00e8se des tables-rondes - Elles Aussi<\/title>\n<meta name=\"robots\" content=\"index, follow, max-snippet:-1, max-image-preview:large, max-video-preview:-1\" \/>\n<link rel=\"canonical\" href=\"https:\/\/www.ellesaussi.org\/?p=2044\" \/>\n<meta property=\"og:locale\" content=\"fr_FR\" \/>\n<meta property=\"og:type\" content=\"article\" \/>\n<meta property=\"og:title\" content=\"Courte synth\u00e8se des tables-rondes - Elles Aussi\" \/>\n<meta property=\"og:description\" content=\"Colloque du 10 octobre 2014 Quelle d\u00e9mocratie locale voulons-nous ? Le statut de l\u2019\u00e9lu-e local-e en questions La synth\u00e8se des deux tables-rondes en quelques phrases, par Pauline Grangette, \u00e9tudiante \u00e0 Sciences-Po Lyon. 1\/ Statut de l\u2019\u00e9lue locale : serpent de mer Le statut de l\u2019\u00e9lu-e en Europe est changeant et n\u2019a \u00e9tonnamment jamais \u00e9t\u00e9 r\u00e9dig\u00e9 [&hellip;]\" \/>\n<meta property=\"og:url\" content=\"https:\/\/www.ellesaussi.org\/?p=2044\" \/>\n<meta property=\"og:site_name\" content=\"Elles Aussi\" \/>\n<meta property=\"article:publisher\" content=\"https:\/\/www.facebook.com\/ellesaussi\/\" \/>\n<meta property=\"article:published_time\" content=\"2014-10-10T13:45:00+00:00\" \/>\n<meta property=\"article:modified_time\" content=\"2024-12-11T14:36:31+00:00\" \/>\n<meta property=\"og:image\" content=\"https:\/\/www.ellesaussi.org\/wp-content\/uploads\/2024\/10\/appel-du-18-juin-2024-Elles-aussi.jpg\" \/>\n\t<meta property=\"og:image:width\" content=\"200\" \/>\n\t<meta property=\"og:image:height\" content=\"144\" \/>\n\t<meta property=\"og:image:type\" content=\"image\/jpeg\" \/>\n<meta name=\"author\" content=\"admin\" \/>\n<meta name=\"twitter:card\" content=\"summary_large_image\" \/>\n<meta name=\"twitter:label1\" content=\"\u00c9crit par\" \/>\n\t<meta name=\"twitter:data1\" content=\"admin\" \/>\n\t<meta name=\"twitter:label2\" content=\"Dur\u00e9e de lecture estim\u00e9e\" \/>\n\t<meta name=\"twitter:data2\" content=\"2 minutes\" \/>\n<script type=\"application\/ld+json\" class=\"yoast-schema-graph\">{\"@context\":\"https:\/\/schema.org\",\"@graph\":[{\"@type\":\"Article\",\"@id\":\"https:\/\/www.ellesaussi.org\/?p=2044#article\",\"isPartOf\":{\"@id\":\"https:\/\/www.ellesaussi.org\/?p=2044\"},\"author\":{\"name\":\"admin\",\"@id\":\"https:\/\/www.ellesaussi.org\/#\/schema\/person\/eeca4be50db30b5dbb39f78fc3364160\"},\"headline\":\"Courte synth\u00e8se des tables-rondes\",\"datePublished\":\"2014-10-10T13:45:00+00:00\",\"dateModified\":\"2024-12-11T14:36:31+00:00\",\"mainEntityOfPage\":{\"@id\":\"https:\/\/www.ellesaussi.org\/?p=2044\"},\"wordCount\":387,\"publisher\":{\"@id\":\"https:\/\/www.ellesaussi.org\/#organization\"},\"image\":{\"@id\":\"https:\/\/www.ellesaussi.org\/?p=2044#primaryimage\"},\"thumbnailUrl\":\"https:\/\/www.ellesaussi.org\/wp-content\/uploads\/2024\/10\/appel-du-18-juin-2024-Elles-aussi.jpg\",\"articleSection\":[\"Colloque sur le statut de l\u2019\u00e9lu-e local-e\"],\"inLanguage\":\"fr-FR\"},{\"@type\":\"WebPage\",\"@id\":\"https:\/\/www.ellesaussi.org\/?p=2044\",\"url\":\"https:\/\/www.ellesaussi.org\/?p=2044\",\"name\":\"Courte synth\u00e8se des tables-rondes - Elles Aussi\",\"isPartOf\":{\"@id\":\"https:\/\/www.ellesaussi.org\/#website\"},\"primaryImageOfPage\":{\"@id\":\"https:\/\/www.ellesaussi.org\/?p=2044#primaryimage\"},\"image\":{\"@id\":\"https:\/\/www.ellesaussi.org\/?p=2044#primaryimage\"},\"thumbnailUrl\":\"https:\/\/www.ellesaussi.org\/wp-content\/uploads\/2024\/10\/appel-du-18-juin-2024-Elles-aussi.jpg\",\"datePublished\":\"2014-10-10T13:45:00+00:00\",\"dateModified\":\"2024-12-11T14:36:31+00:00\",\"breadcrumb\":{\"@id\":\"https:\/\/www.ellesaussi.org\/?p=2044#breadcrumb\"},\"inLanguage\":\"fr-FR\",\"potentialAction\":[{\"@type\":\"ReadAction\",\"target\":[\"https:\/\/www.ellesaussi.org\/?p=2044\"]}]},{\"@type\":\"ImageObject\",\"inLanguage\":\"fr-FR\",\"@id\":\"https:\/\/www.ellesaussi.org\/?p=2044#primaryimage\",\"url\":\"https:\/\/www.ellesaussi.org\/wp-content\/uploads\/2024\/10\/appel-du-18-juin-2024-Elles-aussi.jpg\",\"contentUrl\":\"https:\/\/www.ellesaussi.org\/wp-content\/uploads\/2024\/10\/appel-du-18-juin-2024-Elles-aussi.jpg\",\"width\":200,\"height\":144},{\"@type\":\"BreadcrumbList\",\"@id\":\"https:\/\/www.ellesaussi.org\/?p=2044#breadcrumb\",\"itemListElement\":[{\"@type\":\"ListItem\",\"position\":1,\"name\":\"Accueil\",\"item\":\"https:\/\/www.ellesaussi.org\/\"},{\"@type\":\"ListItem\",\"position\":2,\"name\":\"Courte synth\u00e8se des tables-rondes\"}]},{\"@type\":\"WebSite\",\"@id\":\"https:\/\/www.ellesaussi.org\/#website\",\"url\":\"https:\/\/www.ellesaussi.org\/\",\"name\":\"Elles Aussi\",\"description\":\"\",\"publisher\":{\"@id\":\"https:\/\/www.ellesaussi.org\/#organization\"},\"potentialAction\":[{\"@type\":\"SearchAction\",\"target\":{\"@type\":\"EntryPoint\",\"urlTemplate\":\"https:\/\/www.ellesaussi.org\/?s={search_term_string}\"},\"query-input\":\"required name=search_term_string\"}],\"inLanguage\":\"fr-FR\"},{\"@type\":\"Organization\",\"@id\":\"https:\/\/www.ellesaussi.org\/#organization\",\"name\":\"Elles Aussi\",\"url\":\"https:\/\/www.ellesaussi.org\/\",\"logo\":{\"@type\":\"ImageObject\",\"inLanguage\":\"fr-FR\",\"@id\":\"https:\/\/www.ellesaussi.org\/#\/schema\/logo\/image\/\",\"url\":\"https:\/\/www.ellesaussi.org\/wp-content\/uploads\/2024\/05\/Elles-aussi_logotype_rouge.png\",\"contentUrl\":\"https:\/\/www.ellesaussi.org\/wp-content\/uploads\/2024\/05\/Elles-aussi_logotype_rouge.png\",\"width\":3472,\"height\":2480,\"caption\":\"Elles Aussi\"},\"image\":{\"@id\":\"https:\/\/www.ellesaussi.org\/#\/schema\/logo\/image\/\"},\"sameAs\":[\"https:\/\/www.facebook.com\/ellesaussi\/\"]},{\"@type\":\"Person\",\"@id\":\"https:\/\/www.ellesaussi.org\/#\/schema\/person\/eeca4be50db30b5dbb39f78fc3364160\",\"name\":\"admin\",\"image\":{\"@type\":\"ImageObject\",\"inLanguage\":\"fr-FR\",\"@id\":\"https:\/\/www.ellesaussi.org\/#\/schema\/person\/image\/\",\"url\":\"https:\/\/secure.gravatar.com\/avatar\/62da4937aa6d6b509192861c0b966204a1b742b2814f6387fa08fe6c98a8729c?s=96&d=mm&r=g\",\"contentUrl\":\"https:\/\/secure.gravatar.com\/avatar\/62da4937aa6d6b509192861c0b966204a1b742b2814f6387fa08fe6c98a8729c?s=96&d=mm&r=g\",\"caption\":\"admin\"},\"sameAs\":[\"https:\/\/elles129186.webdb78.lwspanel.com\"],\"url\":\"https:\/\/www.ellesaussi.org\/?author=1\"}]}<\/script>\n<!-- \/ Yoast SEO plugin. -->","yoast_head_json":{"title":"Courte synth\u00e8se des tables-rondes - Elles Aussi","robots":{"index":"index","follow":"follow","max-snippet":"max-snippet:-1","max-image-preview":"max-image-preview:large","max-video-preview":"max-video-preview:-1"},"canonical":"https:\/\/www.ellesaussi.org\/?p=2044","og_locale":"fr_FR","og_type":"article","og_title":"Courte synth\u00e8se des tables-rondes - Elles Aussi","og_description":"Colloque du 10 octobre 2014 Quelle d\u00e9mocratie locale voulons-nous ? Le statut de l\u2019\u00e9lu-e local-e en questions La synth\u00e8se des deux tables-rondes en quelques phrases, par Pauline Grangette, \u00e9tudiante \u00e0 Sciences-Po Lyon. 1\/ Statut de l\u2019\u00e9lue locale : serpent de mer Le statut de l\u2019\u00e9lu-e en Europe est changeant et n\u2019a \u00e9tonnamment jamais \u00e9t\u00e9 r\u00e9dig\u00e9 [&hellip;]","og_url":"https:\/\/www.ellesaussi.org\/?p=2044","og_site_name":"Elles Aussi","article_publisher":"https:\/\/www.facebook.com\/ellesaussi\/","article_published_time":"2014-10-10T13:45:00+00:00","article_modified_time":"2024-12-11T14:36:31+00:00","og_image":[{"width":200,"height":144,"url":"https:\/\/www.ellesaussi.org\/wp-content\/uploads\/2024\/10\/appel-du-18-juin-2024-Elles-aussi.jpg","type":"image\/jpeg"}],"author":"admin","twitter_card":"summary_large_image","twitter_misc":{"\u00c9crit par":"admin","Dur\u00e9e de lecture estim\u00e9e":"2 minutes"},"schema":{"@context":"https:\/\/schema.org","@graph":[{"@type":"Article","@id":"https:\/\/www.ellesaussi.org\/?p=2044#article","isPartOf":{"@id":"https:\/\/www.ellesaussi.org\/?p=2044"},"author":{"name":"admin","@id":"https:\/\/www.ellesaussi.org\/#\/schema\/person\/eeca4be50db30b5dbb39f78fc3364160"},"headline":"Courte synth\u00e8se des tables-rondes","datePublished":"2014-10-10T13:45:00+00:00","dateModified":"2024-12-11T14:36:31+00:00","mainEntityOfPage":{"@id":"https:\/\/www.ellesaussi.org\/?p=2044"},"wordCount":387,"publisher":{"@id":"https:\/\/www.ellesaussi.org\/#organization"},"image":{"@id":"https:\/\/www.ellesaussi.org\/?p=2044#primaryimage"},"thumbnailUrl":"https:\/\/www.ellesaussi.org\/wp-content\/uploads\/2024\/10\/appel-du-18-juin-2024-Elles-aussi.jpg","articleSection":["Colloque sur le statut de l\u2019\u00e9lu-e local-e"],"inLanguage":"fr-FR"},{"@type":"WebPage","@id":"https:\/\/www.ellesaussi.org\/?p=2044","url":"https:\/\/www.ellesaussi.org\/?p=2044","name":"Courte synth\u00e8se des tables-rondes - Elles Aussi","isPartOf":{"@id":"https:\/\/www.ellesaussi.org\/#website"},"primaryImageOfPage":{"@id":"https:\/\/www.ellesaussi.org\/?p=2044#primaryimage"},"image":{"@id":"https:\/\/www.ellesaussi.org\/?p=2044#primaryimage"},"thumbnailUrl":"https:\/\/www.ellesaussi.org\/wp-content\/uploads\/2024\/10\/appel-du-18-juin-2024-Elles-aussi.jpg","datePublished":"2014-10-10T13:45:00+00:00","dateModified":"2024-12-11T14:36:31+00:00","breadcrumb":{"@id":"https:\/\/www.ellesaussi.org\/?p=2044#breadcrumb"},"inLanguage":"fr-FR","potentialAction":[{"@type":"ReadAction","target":["https:\/\/www.ellesaussi.org\/?p=2044"]}]},{"@type":"ImageObject","inLanguage":"fr-FR","@id":"https:\/\/www.ellesaussi.org\/?p=2044#primaryimage","url":"https:\/\/www.ellesaussi.org\/wp-content\/uploads\/2024\/10\/appel-du-18-juin-2024-Elles-aussi.jpg","contentUrl":"https:\/\/www.ellesaussi.org\/wp-content\/uploads\/2024\/10\/appel-du-18-juin-2024-Elles-aussi.jpg","width":200,"height":144},{"@type":"BreadcrumbList","@id":"https:\/\/www.ellesaussi.org\/?p=2044#breadcrumb","itemListElement":[{"@type":"ListItem","position":1,"name":"Accueil","item":"https:\/\/www.ellesaussi.org\/"},{"@type":"ListItem","position":2,"name":"Courte synth\u00e8se des tables-rondes"}]},{"@type":"WebSite","@id":"https:\/\/www.ellesaussi.org\/#website","url":"https:\/\/www.ellesaussi.org\/","name":"Elles Aussi","description":"","publisher":{"@id":"https:\/\/www.ellesaussi.org\/#organization"},"potentialAction":[{"@type":"SearchAction","target":{"@type":"EntryPoint","urlTemplate":"https:\/\/www.ellesaussi.org\/?s={search_term_string}"},"query-input":"required name=search_term_string"}],"inLanguage":"fr-FR"},{"@type":"Organization","@id":"https:\/\/www.ellesaussi.org\/#organization","name":"Elles Aussi","url":"https:\/\/www.ellesaussi.org\/","logo":{"@type":"ImageObject","inLanguage":"fr-FR","@id":"https:\/\/www.ellesaussi.org\/#\/schema\/logo\/image\/","url":"https:\/\/www.ellesaussi.org\/wp-content\/uploads\/2024\/05\/Elles-aussi_logotype_rouge.png","contentUrl":"https:\/\/www.ellesaussi.org\/wp-content\/uploads\/2024\/05\/Elles-aussi_logotype_rouge.png","width":3472,"height":2480,"caption":"Elles Aussi"},"image":{"@id":"https:\/\/www.ellesaussi.org\/#\/schema\/logo\/image\/"},"sameAs":["https:\/\/www.facebook.com\/ellesaussi\/"]},{"@type":"Person","@id":"https:\/\/www.ellesaussi.org\/#\/schema\/person\/eeca4be50db30b5dbb39f78fc3364160","name":"admin","image":{"@type":"ImageObject","inLanguage":"fr-FR","@id":"https:\/\/www.ellesaussi.org\/#\/schema\/person\/image\/","url":"https:\/\/secure.gravatar.com\/avatar\/62da4937aa6d6b509192861c0b966204a1b742b2814f6387fa08fe6c98a8729c?s=96&d=mm&r=g","contentUrl":"https:\/\/secure.gravatar.com\/avatar\/62da4937aa6d6b509192861c0b966204a1b742b2814f6387fa08fe6c98a8729c?s=96&d=mm&r=g","caption":"admin"},"sameAs":["https:\/\/elles129186.webdb78.lwspanel.com"],"url":"https:\/\/www.ellesaussi.org\/?author=1"}]}},"_links":{"self":[{"href":"https:\/\/www.ellesaussi.org\/index.php?rest_route=\/wp\/v2\/posts\/2044","targetHints":{"allow":["GET"]}}],"collection":[{"href":"https:\/\/www.ellesaussi.org\/index.php?rest_route=\/wp\/v2\/posts"}],"about":[{"href":"https:\/\/www.ellesaussi.org\/index.php?rest_route=\/wp\/v2\/types\/post"}],"author":[{"embeddable":true,"href":"https:\/\/www.ellesaussi.org\/index.php?rest_route=\/wp\/v2\/users\/1"}],"replies":[{"embeddable":true,"href":"https:\/\/www.ellesaussi.org\/index.php?rest_route=%2Fwp%2Fv2%2Fcomments&post=2044"}],"version-history":[{"count":4,"href":"https:\/\/www.ellesaussi.org\/index.php?rest_route=\/wp\/v2\/posts\/2044\/revisions"}],"predecessor-version":[{"id":2048,"href":"https:\/\/www.ellesaussi.org\/index.php?rest_route=\/wp\/v2\/posts\/2044\/revisions\/2048"}],"wp:featuredmedia":[{"embeddable":true,"href":"https:\/\/www.ellesaussi.org\/index.php?rest_route=\/wp\/v2\/media\/683"}],"wp:attachment":[{"href":"https:\/\/www.ellesaussi.org\/index.php?rest_route=%2Fwp%2Fv2%2Fmedia&parent=2044"}],"wp:term":[{"taxonomy":"category","embeddable":true,"href":"https:\/\/www.ellesaussi.org\/index.php?rest_route=%2Fwp%2Fv2%2Fcategories&post=2044"},{"taxonomy":"post_tag","embeddable":true,"href":"https:\/\/www.ellesaussi.org\/index.php?rest_route=%2Fwp%2Fv2%2Ftags&post=2044"}],"curies":[{"name":"wp","href":"https:\/\/api.w.org\/{rel}","templated":true}]}}