{"id":2006,"date":"2014-10-10T15:27:00","date_gmt":"2014-10-10T13:27:00","guid":{"rendered":"https:\/\/elles129186.webdb78.lwspanel.com\/?p=2006"},"modified":"2024-12-11T15:43:59","modified_gmt":"2024-12-11T14:43:59","slug":"quelle-democratie-locale-voulons-nous","status":"publish","type":"post","link":"https:\/\/www.ellesaussi.org\/?p=2006","title":{"rendered":"Quelle d\u00e9mocratie locale voulons-nous ?"},"content":{"rendered":"\t\t<div data-elementor-type=\"wp-post\" data-elementor-id=\"2006\" class=\"elementor elementor-2006\" data-elementor-post-type=\"post\">\n\t\t\t\t<div class=\"elementor-element elementor-element-69f94f2 e-flex e-con-boxed e-con e-parent\" data-id=\"69f94f2\" data-element_type=\"container\">\n\t\t\t\t\t<div class=\"e-con-inner\">\n\t\t\t\t<div class=\"elementor-element elementor-element-4d78cd9 elementor-widget elementor-widget-text-editor\" data-id=\"4d78cd9\" data-element_type=\"widget\" data-widget_type=\"text-editor.default\">\n\t\t\t\t<div class=\"elementor-widget-container\">\n\t\t\t\t\t\t\t<p><strong>Le statut de l\u2019\u00e9lu-e local-e en questions, <\/strong><br \/><strong>Vendredi 10 octobre 2014, 14h-17h30, au si\u00e8ge du Conseil r\u00e9gional de Rh\u00f4ne-Alpes, \u00e0 Lyon.<\/strong> <br \/><br \/>Ce colloque est organis\u00e9 \u00e0 l\u2019initiative du r\u00e9seau pluraliste Elles aussi , pr\u00e9sent dans la r\u00e9gion Rh\u00f4neAlpes par ses groupes locaux, et avec le soutien du Conseil r\u00e9gional et de personnalit\u00e9s politiques attach\u00e9es \u00e0 la parit\u00e9 et \u00e0 l\u2019\u00e9galit\u00e9, parmi lesquelles : Jean-Jack Queyranne, Pascale Crozon, Muguette Dini et C\u00e9cile Cukierman. <br \/>Un contexte <br \/>Les chiffres des derni\u00e8res \u00e9lections montrent que les collectivit\u00e9s locales -Communes et Conseils r\u00e9gionaux- sont \u00e0 l\u2019avant-garde de la d\u00e9mocratie paritaire et des initiatives pour introduire l\u2019\u00e9galit\u00e9 des femmes et des hommes dans les politiques publiques. <br \/>Cependant, la r\u00e9alit\u00e9 du terrain r\u00e9v\u00e8le les difficult\u00e9s au quotidien. Elles aussi engag\u00e9e depuis plus de 20 ans dans le mouvement paritaire et \u00e0 l\u2019\u00e9coute des femmes \u00e9lues, recueille ce qu\u2019elles disent des obstacles qu\u2019elles rencontrent, de leurs joies, de leurs besoins et de leurs attentes ; en fonction de tels \u00e9changes, l\u2019association a pu avancer des propositions. Cette r\u00e9flexion et ces propositions pour une am\u00e9lioration de la situation de l\u2019\u00e9lu-e local-e concernent \u00e9videmment les femmes et les hommes, que l\u2019objectif de parit\u00e9 unit dans une gouvernance partag\u00e9e , elles rejoignent l\u2019\u00e9tude relanc\u00e9e sur le statut de l\u2019\u00e9lu par le S\u00e9nat lors des Etats G\u00e9n\u00e9raux des collectivit\u00e9s territoriales et le projet de loi qui en est d\u00e9coul\u00e9 (octobre 2012, Janvier 2013) puis le rapport d\u2019information sur le statut de l\u2019\u00e9lu r\u00e9alis\u00e9 pour l\u2019Assembl\u00e9e nationale (juin 2013). <br \/>Le colloque s\u2019inscrit dans cette double g\u00e9n\u00e9alogie : associative-institutionnelle.<\/p><p><br \/><strong>Des objectifs<\/strong> <br \/>Il s\u2019agit de relancer la r\u00e9flexion sur le statut de l\u2019\u00e9lu-e local-e afin de :<\/p><ul><li>permettre un renouvellement des \u00e9lu-e-s, dont la n\u00e9cessit\u00e9 a \u00e9t\u00e9 reconnue par la loi r\u00e9cente sur le cumul des mandats,<\/li><li>reconna\u00eetre le travail et le temps consacr\u00e9 au mandat,<\/li><li>faciliter la sortie du mandat pour rebondir vers de nouveaux projets,<\/li><li>Inciter les femmes \u00e0 prendre des responsabilit\u00e9s locales.<br \/><br \/><\/li><\/ul><p><strong>Un contenu : r\u00e9fl\u00e9chir et t\u00e9moigner<\/strong> <br \/>Le sujet trait\u00e9 est organis\u00e9 autour de deux tables rondes :<\/p><ul><li>\u00ab Statut de l\u2019\u00e9lu-e locale, un serpent de mer ! \u00bb, un \u00e9tat des lieux de la question, vu sous un triple point de vue, venant de l\u2019expert scientifique, de responsables politiques, et du monde associatif.<\/li><li>\u00ab Paroles d\u2019\u00e9lu-e-s au c\u0153ur des territoires \u00bb, t\u00e9moignages montrant les besoins, les attentes et les aspirations d\u2019\u00e9lu-e-s pour effectuer correctement leur travail au regard des populations avec lesquelles ils ou elles sont en rapport.<\/li><\/ul><p><strong>Dans la Quinzaine de l\u2019\u00e9galit\u00e9<\/strong> <br \/>Inscrire le colloque dans la Quinzaine de l\u2019Egalit\u00e9 est une fa\u00e7on d\u2019aborder le statut de l\u2019\u00e9lu-e dans une d\u00e9marche attentive \u00e0 la dimension sexu\u00e9e. Certes, on progresse vers une repr\u00e9sentation \u00e9galitaire entre femmes et hommes, mais il faut noter qu\u2019environ trois-quarts des communes \u00e9chappent \u00e0 l\u2019exigence paritaire et que le pouvoir dans les assembl\u00e9es communautaires reste toujours tr\u00e8s masculin. <br \/>Par ailleurs les situations des femmes et des hommes dans les mandats locaux montrent de nombreuses dissym\u00e9tries, dans la hi\u00e9rarchie des fonctions autant que dans la nature des d\u00e9l\u00e9gations.<\/p><p><strong>Pour quel public ?<\/strong> <br \/>Ce colloque s\u2019adresse aux femmes et hommes \u00e9lu-e-s originaires des huit d\u00e9partements que compte la r\u00e9gion, aux associations pour la parit\u00e9 et l\u2019\u00e9galit\u00e9, aux universitaires et \u00e9tudiant-e-s dans les secteurs du Droit, des Sciences politiques, de la Sociologie et \u00e0 tout public int\u00e9ress\u00e9. <br \/>Il se veut colloque national en Rh\u00f4ne-Alpes qui l\u2019accueille.<br \/><br \/><strong>Le comit\u00e9 d\u2019organisation du colloque<\/strong> <br \/>Le bureau de Elles aussi pr\u00e9sid\u00e9 par Armelle Danet, ellesaussisecretariat@yahoo.fr et ses groupes locaux : <br \/>Antenne Elles aussi du Rh\u00f4ne, contact : Reine Mataix-Lepinay : reinelepinay@free.fr <br \/>Femmes \u00e9lues de l\u2019Is\u00e8re, contact : Brigitte Perilli\u00e9 : b.perillie@wanadoo.fr Femmes \u00e9lues de la Loire, contact : Andr\u00e9e Chaize : andree.chaize@wanadoo.fr Association des conseill\u00e8res municipales et femmes \u00e9lues de Savoie, contact : <br \/>acms@acmsavoie.com et l\u2019association : <br \/>Regards de femmes, contact Mich\u00e8le Vian\u00e8s : michelevianes@regardsdefemmes.com<\/p>\t\t\t\t\t\t<\/div>\n\t\t\t\t<\/div>\n\t\t\t\t\t<\/div>\n\t\t\t\t<\/div>\n\t\t\t\t<\/div>\n\t\t","protected":false},"excerpt":{"rendered":"<p>Le statut de l\u2019\u00e9lu-e local-e en questions, Vendredi 10 octobre 2014, 14h-17h30, au si\u00e8ge du Conseil r\u00e9gional de Rh\u00f4ne-Alpes, \u00e0 Lyon. Ce colloque est organis\u00e9 \u00e0 l\u2019initiative du r\u00e9seau pluraliste Elles aussi , pr\u00e9sent dans la r\u00e9gion Rh\u00f4neAlpes par ses groupes locaux, et avec le soutien du Conseil r\u00e9gional et de personnalit\u00e9s politiques attach\u00e9es \u00e0 [&hellip;]<\/p>\n","protected":false},"author":1,"featured_media":683,"comment_status":"closed","ping_status":"closed","sticky":false,"template":"","format":"standard","meta":{"footnotes":""},"categories":[45],"tags":[],"class_list":["post-2006","post","type-post","status-publish","format-standard","has-post-thumbnail","hentry","category-colloque-sur-le-statut-de-lelu-e-local-e"],"yoast_head":"<!-- This site is optimized with the Yoast SEO plugin v22.8 - https:\/\/yoast.com\/wordpress\/plugins\/seo\/ -->\n<title>Quelle d\u00e9mocratie locale voulons-nous ? - Elles Aussi<\/title>\n<meta name=\"robots\" content=\"index, follow, max-snippet:-1, max-image-preview:large, max-video-preview:-1\" \/>\n<link rel=\"canonical\" href=\"https:\/\/www.ellesaussi.org\/?p=2006\" \/>\n<meta property=\"og:locale\" content=\"fr_FR\" \/>\n<meta property=\"og:type\" content=\"article\" \/>\n<meta property=\"og:title\" content=\"Quelle d\u00e9mocratie locale voulons-nous ? - Elles Aussi\" \/>\n<meta property=\"og:description\" content=\"Le statut de l\u2019\u00e9lu-e local-e en questions, Vendredi 10 octobre 2014, 14h-17h30, au si\u00e8ge du Conseil r\u00e9gional de Rh\u00f4ne-Alpes, \u00e0 Lyon. Ce colloque est organis\u00e9 \u00e0 l\u2019initiative du r\u00e9seau pluraliste Elles aussi , pr\u00e9sent dans la r\u00e9gion Rh\u00f4neAlpes par ses groupes locaux, et avec le soutien du Conseil r\u00e9gional et de personnalit\u00e9s politiques attach\u00e9es \u00e0 [&hellip;]\" \/>\n<meta property=\"og:url\" content=\"https:\/\/www.ellesaussi.org\/?p=2006\" \/>\n<meta property=\"og:site_name\" content=\"Elles Aussi\" \/>\n<meta property=\"article:publisher\" content=\"https:\/\/www.facebook.com\/ellesaussi\/\" \/>\n<meta property=\"article:published_time\" content=\"2014-10-10T13:27:00+00:00\" \/>\n<meta property=\"article:modified_time\" content=\"2024-12-11T14:43:59+00:00\" \/>\n<meta property=\"og:image\" content=\"https:\/\/www.ellesaussi.org\/wp-content\/uploads\/2024\/10\/appel-du-18-juin-2024-Elles-aussi.jpg\" \/>\n\t<meta property=\"og:image:width\" content=\"200\" \/>\n\t<meta property=\"og:image:height\" content=\"144\" \/>\n\t<meta property=\"og:image:type\" content=\"image\/jpeg\" \/>\n<meta name=\"author\" content=\"admin\" \/>\n<meta name=\"twitter:card\" content=\"summary_large_image\" \/>\n<meta name=\"twitter:label1\" content=\"\u00c9crit par\" \/>\n\t<meta name=\"twitter:data1\" content=\"admin\" \/>\n\t<meta name=\"twitter:label2\" content=\"Dur\u00e9e de lecture estim\u00e9e\" \/>\n\t<meta name=\"twitter:data2\" content=\"4 minutes\" \/>\n<script type=\"application\/ld+json\" class=\"yoast-schema-graph\">{\"@context\":\"https:\/\/schema.org\",\"@graph\":[{\"@type\":\"Article\",\"@id\":\"https:\/\/www.ellesaussi.org\/?p=2006#article\",\"isPartOf\":{\"@id\":\"https:\/\/www.ellesaussi.org\/?p=2006\"},\"author\":{\"name\":\"admin\",\"@id\":\"https:\/\/www.ellesaussi.org\/#\/schema\/person\/eeca4be50db30b5dbb39f78fc3364160\"},\"headline\":\"Quelle d\u00e9mocratie locale voulons-nous ?\",\"datePublished\":\"2014-10-10T13:27:00+00:00\",\"dateModified\":\"2024-12-11T14:43:59+00:00\",\"mainEntityOfPage\":{\"@id\":\"https:\/\/www.ellesaussi.org\/?p=2006\"},\"wordCount\":711,\"publisher\":{\"@id\":\"https:\/\/www.ellesaussi.org\/#organization\"},\"image\":{\"@id\":\"https:\/\/www.ellesaussi.org\/?p=2006#primaryimage\"},\"thumbnailUrl\":\"https:\/\/www.ellesaussi.org\/wp-content\/uploads\/2024\/10\/appel-du-18-juin-2024-Elles-aussi.jpg\",\"articleSection\":[\"Colloque sur le statut de l\u2019\u00e9lu-e local-e\"],\"inLanguage\":\"fr-FR\"},{\"@type\":\"WebPage\",\"@id\":\"https:\/\/www.ellesaussi.org\/?p=2006\",\"url\":\"https:\/\/www.ellesaussi.org\/?p=2006\",\"name\":\"Quelle d\u00e9mocratie locale voulons-nous ? - Elles Aussi\",\"isPartOf\":{\"@id\":\"https:\/\/www.ellesaussi.org\/#website\"},\"primaryImageOfPage\":{\"@id\":\"https:\/\/www.ellesaussi.org\/?p=2006#primaryimage\"},\"image\":{\"@id\":\"https:\/\/www.ellesaussi.org\/?p=2006#primaryimage\"},\"thumbnailUrl\":\"https:\/\/www.ellesaussi.org\/wp-content\/uploads\/2024\/10\/appel-du-18-juin-2024-Elles-aussi.jpg\",\"datePublished\":\"2014-10-10T13:27:00+00:00\",\"dateModified\":\"2024-12-11T14:43:59+00:00\",\"breadcrumb\":{\"@id\":\"https:\/\/www.ellesaussi.org\/?p=2006#breadcrumb\"},\"inLanguage\":\"fr-FR\",\"potentialAction\":[{\"@type\":\"ReadAction\",\"target\":[\"https:\/\/www.ellesaussi.org\/?p=2006\"]}]},{\"@type\":\"ImageObject\",\"inLanguage\":\"fr-FR\",\"@id\":\"https:\/\/www.ellesaussi.org\/?p=2006#primaryimage\",\"url\":\"https:\/\/www.ellesaussi.org\/wp-content\/uploads\/2024\/10\/appel-du-18-juin-2024-Elles-aussi.jpg\",\"contentUrl\":\"https:\/\/www.ellesaussi.org\/wp-content\/uploads\/2024\/10\/appel-du-18-juin-2024-Elles-aussi.jpg\",\"width\":200,\"height\":144},{\"@type\":\"BreadcrumbList\",\"@id\":\"https:\/\/www.ellesaussi.org\/?p=2006#breadcrumb\",\"itemListElement\":[{\"@type\":\"ListItem\",\"position\":1,\"name\":\"Accueil\",\"item\":\"https:\/\/www.ellesaussi.org\/\"},{\"@type\":\"ListItem\",\"position\":2,\"name\":\"Quelle d\u00e9mocratie locale voulons-nous ?\"}]},{\"@type\":\"WebSite\",\"@id\":\"https:\/\/www.ellesaussi.org\/#website\",\"url\":\"https:\/\/www.ellesaussi.org\/\",\"name\":\"Elles Aussi\",\"description\":\"\",\"publisher\":{\"@id\":\"https:\/\/www.ellesaussi.org\/#organization\"},\"potentialAction\":[{\"@type\":\"SearchAction\",\"target\":{\"@type\":\"EntryPoint\",\"urlTemplate\":\"https:\/\/www.ellesaussi.org\/?s={search_term_string}\"},\"query-input\":\"required name=search_term_string\"}],\"inLanguage\":\"fr-FR\"},{\"@type\":\"Organization\",\"@id\":\"https:\/\/www.ellesaussi.org\/#organization\",\"name\":\"Elles Aussi\",\"url\":\"https:\/\/www.ellesaussi.org\/\",\"logo\":{\"@type\":\"ImageObject\",\"inLanguage\":\"fr-FR\",\"@id\":\"https:\/\/www.ellesaussi.org\/#\/schema\/logo\/image\/\",\"url\":\"https:\/\/www.ellesaussi.org\/wp-content\/uploads\/2024\/05\/Elles-aussi_logotype_rouge.png\",\"contentUrl\":\"https:\/\/www.ellesaussi.org\/wp-content\/uploads\/2024\/05\/Elles-aussi_logotype_rouge.png\",\"width\":3472,\"height\":2480,\"caption\":\"Elles Aussi\"},\"image\":{\"@id\":\"https:\/\/www.ellesaussi.org\/#\/schema\/logo\/image\/\"},\"sameAs\":[\"https:\/\/www.facebook.com\/ellesaussi\/\"]},{\"@type\":\"Person\",\"@id\":\"https:\/\/www.ellesaussi.org\/#\/schema\/person\/eeca4be50db30b5dbb39f78fc3364160\",\"name\":\"admin\",\"image\":{\"@type\":\"ImageObject\",\"inLanguage\":\"fr-FR\",\"@id\":\"https:\/\/www.ellesaussi.org\/#\/schema\/person\/image\/\",\"url\":\"https:\/\/secure.gravatar.com\/avatar\/62da4937aa6d6b509192861c0b966204a1b742b2814f6387fa08fe6c98a8729c?s=96&d=mm&r=g\",\"contentUrl\":\"https:\/\/secure.gravatar.com\/avatar\/62da4937aa6d6b509192861c0b966204a1b742b2814f6387fa08fe6c98a8729c?s=96&d=mm&r=g\",\"caption\":\"admin\"},\"sameAs\":[\"https:\/\/elles129186.webdb78.lwspanel.com\"],\"url\":\"https:\/\/www.ellesaussi.org\/?author=1\"}]}<\/script>\n<!-- \/ Yoast SEO plugin. -->","yoast_head_json":{"title":"Quelle d\u00e9mocratie locale voulons-nous ? - Elles Aussi","robots":{"index":"index","follow":"follow","max-snippet":"max-snippet:-1","max-image-preview":"max-image-preview:large","max-video-preview":"max-video-preview:-1"},"canonical":"https:\/\/www.ellesaussi.org\/?p=2006","og_locale":"fr_FR","og_type":"article","og_title":"Quelle d\u00e9mocratie locale voulons-nous ? - Elles Aussi","og_description":"Le statut de l\u2019\u00e9lu-e local-e en questions, Vendredi 10 octobre 2014, 14h-17h30, au si\u00e8ge du Conseil r\u00e9gional de Rh\u00f4ne-Alpes, \u00e0 Lyon. Ce colloque est organis\u00e9 \u00e0 l\u2019initiative du r\u00e9seau pluraliste Elles aussi , pr\u00e9sent dans la r\u00e9gion Rh\u00f4neAlpes par ses groupes locaux, et avec le soutien du Conseil r\u00e9gional et de personnalit\u00e9s politiques attach\u00e9es \u00e0 [&hellip;]","og_url":"https:\/\/www.ellesaussi.org\/?p=2006","og_site_name":"Elles Aussi","article_publisher":"https:\/\/www.facebook.com\/ellesaussi\/","article_published_time":"2014-10-10T13:27:00+00:00","article_modified_time":"2024-12-11T14:43:59+00:00","og_image":[{"width":200,"height":144,"url":"https:\/\/www.ellesaussi.org\/wp-content\/uploads\/2024\/10\/appel-du-18-juin-2024-Elles-aussi.jpg","type":"image\/jpeg"}],"author":"admin","twitter_card":"summary_large_image","twitter_misc":{"\u00c9crit par":"admin","Dur\u00e9e de lecture estim\u00e9e":"4 minutes"},"schema":{"@context":"https:\/\/schema.org","@graph":[{"@type":"Article","@id":"https:\/\/www.ellesaussi.org\/?p=2006#article","isPartOf":{"@id":"https:\/\/www.ellesaussi.org\/?p=2006"},"author":{"name":"admin","@id":"https:\/\/www.ellesaussi.org\/#\/schema\/person\/eeca4be50db30b5dbb39f78fc3364160"},"headline":"Quelle d\u00e9mocratie locale voulons-nous ?","datePublished":"2014-10-10T13:27:00+00:00","dateModified":"2024-12-11T14:43:59+00:00","mainEntityOfPage":{"@id":"https:\/\/www.ellesaussi.org\/?p=2006"},"wordCount":711,"publisher":{"@id":"https:\/\/www.ellesaussi.org\/#organization"},"image":{"@id":"https:\/\/www.ellesaussi.org\/?p=2006#primaryimage"},"thumbnailUrl":"https:\/\/www.ellesaussi.org\/wp-content\/uploads\/2024\/10\/appel-du-18-juin-2024-Elles-aussi.jpg","articleSection":["Colloque sur le statut de l\u2019\u00e9lu-e local-e"],"inLanguage":"fr-FR"},{"@type":"WebPage","@id":"https:\/\/www.ellesaussi.org\/?p=2006","url":"https:\/\/www.ellesaussi.org\/?p=2006","name":"Quelle d\u00e9mocratie locale voulons-nous ? - Elles Aussi","isPartOf":{"@id":"https:\/\/www.ellesaussi.org\/#website"},"primaryImageOfPage":{"@id":"https:\/\/www.ellesaussi.org\/?p=2006#primaryimage"},"image":{"@id":"https:\/\/www.ellesaussi.org\/?p=2006#primaryimage"},"thumbnailUrl":"https:\/\/www.ellesaussi.org\/wp-content\/uploads\/2024\/10\/appel-du-18-juin-2024-Elles-aussi.jpg","datePublished":"2014-10-10T13:27:00+00:00","dateModified":"2024-12-11T14:43:59+00:00","breadcrumb":{"@id":"https:\/\/www.ellesaussi.org\/?p=2006#breadcrumb"},"inLanguage":"fr-FR","potentialAction":[{"@type":"ReadAction","target":["https:\/\/www.ellesaussi.org\/?p=2006"]}]},{"@type":"ImageObject","inLanguage":"fr-FR","@id":"https:\/\/www.ellesaussi.org\/?p=2006#primaryimage","url":"https:\/\/www.ellesaussi.org\/wp-content\/uploads\/2024\/10\/appel-du-18-juin-2024-Elles-aussi.jpg","contentUrl":"https:\/\/www.ellesaussi.org\/wp-content\/uploads\/2024\/10\/appel-du-18-juin-2024-Elles-aussi.jpg","width":200,"height":144},{"@type":"BreadcrumbList","@id":"https:\/\/www.ellesaussi.org\/?p=2006#breadcrumb","itemListElement":[{"@type":"ListItem","position":1,"name":"Accueil","item":"https:\/\/www.ellesaussi.org\/"},{"@type":"ListItem","position":2,"name":"Quelle d\u00e9mocratie locale voulons-nous ?"}]},{"@type":"WebSite","@id":"https:\/\/www.ellesaussi.org\/#website","url":"https:\/\/www.ellesaussi.org\/","name":"Elles Aussi","description":"","publisher":{"@id":"https:\/\/www.ellesaussi.org\/#organization"},"potentialAction":[{"@type":"SearchAction","target":{"@type":"EntryPoint","urlTemplate":"https:\/\/www.ellesaussi.org\/?s={search_term_string}"},"query-input":"required name=search_term_string"}],"inLanguage":"fr-FR"},{"@type":"Organization","@id":"https:\/\/www.ellesaussi.org\/#organization","name":"Elles Aussi","url":"https:\/\/www.ellesaussi.org\/","logo":{"@type":"ImageObject","inLanguage":"fr-FR","@id":"https:\/\/www.ellesaussi.org\/#\/schema\/logo\/image\/","url":"https:\/\/www.ellesaussi.org\/wp-content\/uploads\/2024\/05\/Elles-aussi_logotype_rouge.png","contentUrl":"https:\/\/www.ellesaussi.org\/wp-content\/uploads\/2024\/05\/Elles-aussi_logotype_rouge.png","width":3472,"height":2480,"caption":"Elles Aussi"},"image":{"@id":"https:\/\/www.ellesaussi.org\/#\/schema\/logo\/image\/"},"sameAs":["https:\/\/www.facebook.com\/ellesaussi\/"]},{"@type":"Person","@id":"https:\/\/www.ellesaussi.org\/#\/schema\/person\/eeca4be50db30b5dbb39f78fc3364160","name":"admin","image":{"@type":"ImageObject","inLanguage":"fr-FR","@id":"https:\/\/www.ellesaussi.org\/#\/schema\/person\/image\/","url":"https:\/\/secure.gravatar.com\/avatar\/62da4937aa6d6b509192861c0b966204a1b742b2814f6387fa08fe6c98a8729c?s=96&d=mm&r=g","contentUrl":"https:\/\/secure.gravatar.com\/avatar\/62da4937aa6d6b509192861c0b966204a1b742b2814f6387fa08fe6c98a8729c?s=96&d=mm&r=g","caption":"admin"},"sameAs":["https:\/\/elles129186.webdb78.lwspanel.com"],"url":"https:\/\/www.ellesaussi.org\/?author=1"}]}},"_links":{"self":[{"href":"https:\/\/www.ellesaussi.org\/index.php?rest_route=\/wp\/v2\/posts\/2006","targetHints":{"allow":["GET"]}}],"collection":[{"href":"https:\/\/www.ellesaussi.org\/index.php?rest_route=\/wp\/v2\/posts"}],"about":[{"href":"https:\/\/www.ellesaussi.org\/index.php?rest_route=\/wp\/v2\/types\/post"}],"author":[{"embeddable":true,"href":"https:\/\/www.ellesaussi.org\/index.php?rest_route=\/wp\/v2\/users\/1"}],"replies":[{"embeddable":true,"href":"https:\/\/www.ellesaussi.org\/index.php?rest_route=%2Fwp%2Fv2%2Fcomments&post=2006"}],"version-history":[{"count":4,"href":"https:\/\/www.ellesaussi.org\/index.php?rest_route=\/wp\/v2\/posts\/2006\/revisions"}],"predecessor-version":[{"id":2010,"href":"https:\/\/www.ellesaussi.org\/index.php?rest_route=\/wp\/v2\/posts\/2006\/revisions\/2010"}],"wp:featuredmedia":[{"embeddable":true,"href":"https:\/\/www.ellesaussi.org\/index.php?rest_route=\/wp\/v2\/media\/683"}],"wp:attachment":[{"href":"https:\/\/www.ellesaussi.org\/index.php?rest_route=%2Fwp%2Fv2%2Fmedia&parent=2006"}],"wp:term":[{"taxonomy":"category","embeddable":true,"href":"https:\/\/www.ellesaussi.org\/index.php?rest_route=%2Fwp%2Fv2%2Fcategories&post=2006"},{"taxonomy":"post_tag","embeddable":true,"href":"https:\/\/www.ellesaussi.org\/index.php?rest_route=%2Fwp%2Fv2%2Ftags&post=2006"}],"curies":[{"name":"wp","href":"https:\/\/api.w.org\/{rel}","templated":true}]}}