{"id":1984,"date":"2016-11-08T12:06:00","date_gmt":"2016-11-08T11:06:00","guid":{"rendered":"https:\/\/elles129186.webdb78.lwspanel.com\/?p=1984"},"modified":"2024-11-08T12:11:36","modified_gmt":"2024-11-08T11:11:36","slug":"appel-delles-aussi-aux-maires-et-president-e-s-dintercommunalites-pour-plus-de-femmes-dans-les-nouvelles-assemblees-et-leurs-executifs","status":"publish","type":"post","link":"https:\/\/www.ellesaussi.org\/?p=1984","title":{"rendered":"Appel d\u2019Elles aussi aux maires et pr\u00e9sident.e.s d&rsquo;intercommunalit\u00e9s pour plus de femmes dans les nouvelles assembl\u00e9es et leurs ex\u00e9cutifs"},"content":{"rendered":"\t\t<div data-elementor-type=\"wp-post\" data-elementor-id=\"1984\" class=\"elementor elementor-1984\" data-elementor-post-type=\"post\">\n\t\t\t\t<div class=\"elementor-element elementor-element-5017263 e-flex e-con-boxed e-con e-parent\" data-id=\"5017263\" data-element_type=\"container\">\n\t\t\t\t\t<div class=\"e-con-inner\">\n\t\t\t\t<div class=\"elementor-element elementor-element-ca0e532 elementor-widget elementor-widget-text-editor\" data-id=\"ca0e532\" data-element_type=\"widget\" data-widget_type=\"text-editor.default\">\n\t\t\t\t<div class=\"elementor-widget-container\">\n\t\t\t\t\t\t\t<h5>Nouvelles intercommunalit\u00e9s en janvier 2017 <br \/>Appel \u00e0 plus de femmes dans les Conseils communautaires<\/h5><p>L\u2019enqu\u00eate r\u00e9alis\u00e9e en 2015 par Elles aussi, montrait que les femmes \u00e9taient seulement<\/p><ul><li>8 % pr\u00e9sidentes d\u2019un EPCI (Etablissement Public de Coop\u00e9ration Intercommunale)<\/li><li>18 % membres de l\u2019ex\u00e9cutif<\/li><li>32 % membres du Conseil<\/li><li>et que 23 % des ex\u00e9cutifs communautaires ne comptaient aucune femme !<\/li><\/ul><p>Cette sous repr\u00e9sentation des femmes est d\u2019autant plus d\u00e9cevante que le mode d\u2019\u00e9lection par fl\u00e9chage favorisait la parit\u00e9, et que la parit\u00e9 est aujourd\u2019hui effective dans les autres assembl\u00e9es territoriales (Conseils municipaux des communes de 1000 habitants et plus, Conseils d\u00e9partementaux et Conseils r\u00e9gionaux). <br \/><br \/><strong>Stop au risque de r\u00e9gression<\/strong> <br \/>Une partie des intercommunalit\u00e9s que compte aujourd\u2019hui le territoire national a d\u00e9j\u00e0 \u00e9t\u00e9 recompos\u00e9e en janvier 2016, la majorit\u00e9 va l\u2019\u00eatre en janvier 2017, par fusion ou extension de territoire <br \/>La r\u00e9gression du nombre de femmes dans ces instances territoriales a malheureusement \u00e9t\u00e9 d\u00e9j\u00e0 constat\u00e9e dans les EPCI mis en place en 2016. <br \/>Pour en circonscrire \u00e0 nouveau le risque, les \u00e9lections, lors de l\u2019installation des nouvelles intercommunalit\u00e9s, sont l\u2019occasion d\u2019un possible et souhaitable sursaut. <br \/><br \/><strong>Stop \u00e0 l\u2019entre soi masculin<\/strong> <br \/>Finissons-en avec l\u2019entre soi masculin et le non partage du pouvoir ! <br \/>Pour que les intercommunalit\u00e9s deviennent de vrais espaces d\u00e9mocratiques nous demandons une r\u00e9forme fondamentale sur les modes d\u2019\u00e9lection des conseiller.\u00e8re.s communautaires. <br \/><br \/><strong>Appel aux \u00e9lu.e.s et responsables locaux<\/strong> <br \/>Dans l\u2019attente de cette r\u00e9forme, Elles aussi appelle les \u00e9lu.e.s<\/p><ul><li>\u00e0 pr\u00e9senter, en d\u00e9cembre prochain, lors de la r\u00e9\u00e9lection des conseiller.\u00e8re.s communautaires par les conseils municipaux concern\u00e9s, des listes compos\u00e9es alternativement d\u2019un membre de chaque sexe.<\/li><li>\u00e0 promouvoir, en janvier 2017, lors de l\u2019\u00e9lection dans les conseils communautaires, l\u2019acc\u00e8s des femmes aux postes de pr\u00e9sidentes et vice pr\u00e9sidentes, en vue d\u2019installer un ex\u00e9cutif paritaire. <br \/>Novembre 2016<\/li><\/ul><p>\u00a0<\/p><p><strong>Part des femmes dans des nouveaux EPCI install\u00e9s en janvier 2016 Quelques exemples de r\u00e9gression<br \/><br \/><img fetchpriority=\"high\" decoding=\"async\" class=\"aligncenter size-full wp-image-1987\" src=\"https:\/\/elles129186.webdb78.lwspanel.com\/wp-content\/uploads\/2024\/11\/exemples_fusions_EPCI.jpg\" alt=\"\" width=\"800\" height=\"964\" srcset=\"https:\/\/www.ellesaussi.org\/wp-content\/uploads\/2024\/11\/exemples_fusions_EPCI.jpg 800w, https:\/\/www.ellesaussi.org\/wp-content\/uploads\/2024\/11\/exemples_fusions_EPCI-249x300.jpg 249w, https:\/\/www.ellesaussi.org\/wp-content\/uploads\/2024\/11\/exemples_fusions_EPCI-768x925.jpg 768w\" sizes=\"(max-width: 800px) 100vw, 800px\" \/><br \/><\/strong><\/p><p><img decoding=\"async\" class=\"aligncenter size-full wp-image-1988\" src=\"https:\/\/elles129186.webdb78.lwspanel.com\/wp-content\/uploads\/2024\/11\/L_entre_soi_masculin_de_la_republique.jpg\" alt=\"\" width=\"800\" height=\"600\" srcset=\"https:\/\/www.ellesaussi.org\/wp-content\/uploads\/2024\/11\/L_entre_soi_masculin_de_la_republique.jpg 800w, https:\/\/www.ellesaussi.org\/wp-content\/uploads\/2024\/11\/L_entre_soi_masculin_de_la_republique-300x225.jpg 300w, https:\/\/www.ellesaussi.org\/wp-content\/uploads\/2024\/11\/L_entre_soi_masculin_de_la_republique-768x576.jpg 768w\" sizes=\"(max-width: 800px) 100vw, 800px\" \/><\/p>\t\t\t\t\t\t<\/div>\n\t\t\t\t<\/div>\n\t\t\t\t\t<\/div>\n\t\t\t\t<\/div>\n\t\t\t\t<\/div>\n\t\t","protected":false},"excerpt":{"rendered":"<p>Nouvelles intercommunalit\u00e9s en janvier 2017 Appel \u00e0 plus de femmes dans les Conseils communautaires L\u2019enqu\u00eate r\u00e9alis\u00e9e en 2015 par Elles aussi, montrait que les femmes \u00e9taient seulement 8 % pr\u00e9sidentes d\u2019un EPCI (Etablissement Public de Coop\u00e9ration Intercommunale) 18 % membres de l\u2019ex\u00e9cutif 32 % membres du Conseil et que 23 % des ex\u00e9cutifs communautaires ne [&hellip;]<\/p>\n","protected":false},"author":1,"featured_media":683,"comment_status":"closed","ping_status":"closed","sticky":false,"template":"","format":"standard","meta":{"footnotes":""},"categories":[47],"tags":[],"class_list":["post-1984","post","type-post","status-publish","format-standard","has-post-thumbnail","hentry","category-calendrier-de-notre-mobilisation"],"yoast_head":"<!-- This site is optimized with the Yoast SEO plugin v22.8 - https:\/\/yoast.com\/wordpress\/plugins\/seo\/ -->\n<title>Appel d\u2019Elles aussi aux maires et pr\u00e9sident.e.s d&#039;intercommunalit\u00e9s pour plus de femmes dans les nouvelles assembl\u00e9es et leurs ex\u00e9cutifs - Elles Aussi<\/title>\n<meta name=\"robots\" content=\"index, follow, max-snippet:-1, max-image-preview:large, max-video-preview:-1\" \/>\n<link rel=\"canonical\" href=\"https:\/\/www.ellesaussi.org\/?p=1984\" \/>\n<meta property=\"og:locale\" content=\"fr_FR\" \/>\n<meta property=\"og:type\" content=\"article\" \/>\n<meta property=\"og:title\" content=\"Appel d\u2019Elles aussi aux maires et pr\u00e9sident.e.s d&#039;intercommunalit\u00e9s pour plus de femmes dans les nouvelles assembl\u00e9es et leurs ex\u00e9cutifs - Elles Aussi\" \/>\n<meta property=\"og:description\" content=\"Nouvelles intercommunalit\u00e9s en janvier 2017 Appel \u00e0 plus de femmes dans les Conseils communautaires L\u2019enqu\u00eate r\u00e9alis\u00e9e en 2015 par Elles aussi, montrait que les femmes \u00e9taient seulement 8 % pr\u00e9sidentes d\u2019un EPCI (Etablissement Public de Coop\u00e9ration Intercommunale) 18 % membres de l\u2019ex\u00e9cutif 32 % membres du Conseil et que 23 % des ex\u00e9cutifs communautaires ne [&hellip;]\" \/>\n<meta property=\"og:url\" content=\"https:\/\/www.ellesaussi.org\/?p=1984\" \/>\n<meta property=\"og:site_name\" content=\"Elles Aussi\" \/>\n<meta property=\"article:publisher\" content=\"https:\/\/www.facebook.com\/ellesaussi\/\" \/>\n<meta property=\"article:published_time\" content=\"2016-11-08T11:06:00+00:00\" \/>\n<meta property=\"article:modified_time\" content=\"2024-11-08T11:11:36+00:00\" \/>\n<meta property=\"og:image\" content=\"https:\/\/www.ellesaussi.org\/wp-content\/uploads\/2024\/10\/appel-du-18-juin-2024-Elles-aussi.jpg\" \/>\n\t<meta property=\"og:image:width\" content=\"200\" \/>\n\t<meta property=\"og:image:height\" content=\"144\" \/>\n\t<meta property=\"og:image:type\" content=\"image\/jpeg\" \/>\n<meta name=\"author\" content=\"admin\" \/>\n<meta name=\"twitter:card\" content=\"summary_large_image\" \/>\n<meta name=\"twitter:label1\" content=\"\u00c9crit par\" \/>\n\t<meta name=\"twitter:data1\" content=\"admin\" \/>\n\t<meta name=\"twitter:label2\" content=\"Dur\u00e9e de lecture estim\u00e9e\" \/>\n\t<meta name=\"twitter:data2\" content=\"2 minutes\" \/>\n<script type=\"application\/ld+json\" class=\"yoast-schema-graph\">{\"@context\":\"https:\/\/schema.org\",\"@graph\":[{\"@type\":\"Article\",\"@id\":\"https:\/\/www.ellesaussi.org\/?p=1984#article\",\"isPartOf\":{\"@id\":\"https:\/\/www.ellesaussi.org\/?p=1984\"},\"author\":{\"name\":\"admin\",\"@id\":\"https:\/\/www.ellesaussi.org\/#\/schema\/person\/eeca4be50db30b5dbb39f78fc3364160\"},\"headline\":\"Appel d\u2019Elles aussi aux maires et pr\u00e9sident.e.s d&rsquo;intercommunalit\u00e9s pour plus de femmes dans les nouvelles assembl\u00e9es et leurs ex\u00e9cutifs\",\"datePublished\":\"2016-11-08T11:06:00+00:00\",\"dateModified\":\"2024-11-08T11:11:36+00:00\",\"mainEntityOfPage\":{\"@id\":\"https:\/\/www.ellesaussi.org\/?p=1984\"},\"wordCount\":375,\"publisher\":{\"@id\":\"https:\/\/www.ellesaussi.org\/#organization\"},\"image\":{\"@id\":\"https:\/\/www.ellesaussi.org\/?p=1984#primaryimage\"},\"thumbnailUrl\":\"https:\/\/www.ellesaussi.org\/wp-content\/uploads\/2024\/10\/appel-du-18-juin-2024-Elles-aussi.jpg\",\"articleSection\":[\"Calendrier de notre mobilisation\"],\"inLanguage\":\"fr-FR\"},{\"@type\":\"WebPage\",\"@id\":\"https:\/\/www.ellesaussi.org\/?p=1984\",\"url\":\"https:\/\/www.ellesaussi.org\/?p=1984\",\"name\":\"Appel d\u2019Elles aussi aux maires et pr\u00e9sident.e.s d'intercommunalit\u00e9s pour plus de femmes dans les nouvelles assembl\u00e9es et leurs ex\u00e9cutifs - Elles Aussi\",\"isPartOf\":{\"@id\":\"https:\/\/www.ellesaussi.org\/#website\"},\"primaryImageOfPage\":{\"@id\":\"https:\/\/www.ellesaussi.org\/?p=1984#primaryimage\"},\"image\":{\"@id\":\"https:\/\/www.ellesaussi.org\/?p=1984#primaryimage\"},\"thumbnailUrl\":\"https:\/\/www.ellesaussi.org\/wp-content\/uploads\/2024\/10\/appel-du-18-juin-2024-Elles-aussi.jpg\",\"datePublished\":\"2016-11-08T11:06:00+00:00\",\"dateModified\":\"2024-11-08T11:11:36+00:00\",\"breadcrumb\":{\"@id\":\"https:\/\/www.ellesaussi.org\/?p=1984#breadcrumb\"},\"inLanguage\":\"fr-FR\",\"potentialAction\":[{\"@type\":\"ReadAction\",\"target\":[\"https:\/\/www.ellesaussi.org\/?p=1984\"]}]},{\"@type\":\"ImageObject\",\"inLanguage\":\"fr-FR\",\"@id\":\"https:\/\/www.ellesaussi.org\/?p=1984#primaryimage\",\"url\":\"https:\/\/www.ellesaussi.org\/wp-content\/uploads\/2024\/10\/appel-du-18-juin-2024-Elles-aussi.jpg\",\"contentUrl\":\"https:\/\/www.ellesaussi.org\/wp-content\/uploads\/2024\/10\/appel-du-18-juin-2024-Elles-aussi.jpg\",\"width\":200,\"height\":144},{\"@type\":\"BreadcrumbList\",\"@id\":\"https:\/\/www.ellesaussi.org\/?p=1984#breadcrumb\",\"itemListElement\":[{\"@type\":\"ListItem\",\"position\":1,\"name\":\"Accueil\",\"item\":\"https:\/\/www.ellesaussi.org\/\"},{\"@type\":\"ListItem\",\"position\":2,\"name\":\"Appel d\u2019Elles aussi aux maires et pr\u00e9sident.e.s d&rsquo;intercommunalit\u00e9s pour plus de femmes dans les nouvelles assembl\u00e9es et leurs ex\u00e9cutifs\"}]},{\"@type\":\"WebSite\",\"@id\":\"https:\/\/www.ellesaussi.org\/#website\",\"url\":\"https:\/\/www.ellesaussi.org\/\",\"name\":\"Elles Aussi\",\"description\":\"\",\"publisher\":{\"@id\":\"https:\/\/www.ellesaussi.org\/#organization\"},\"potentialAction\":[{\"@type\":\"SearchAction\",\"target\":{\"@type\":\"EntryPoint\",\"urlTemplate\":\"https:\/\/www.ellesaussi.org\/?s={search_term_string}\"},\"query-input\":\"required name=search_term_string\"}],\"inLanguage\":\"fr-FR\"},{\"@type\":\"Organization\",\"@id\":\"https:\/\/www.ellesaussi.org\/#organization\",\"name\":\"Elles Aussi\",\"url\":\"https:\/\/www.ellesaussi.org\/\",\"logo\":{\"@type\":\"ImageObject\",\"inLanguage\":\"fr-FR\",\"@id\":\"https:\/\/www.ellesaussi.org\/#\/schema\/logo\/image\/\",\"url\":\"https:\/\/www.ellesaussi.org\/wp-content\/uploads\/2024\/05\/Elles-aussi_logotype_rouge.png\",\"contentUrl\":\"https:\/\/www.ellesaussi.org\/wp-content\/uploads\/2024\/05\/Elles-aussi_logotype_rouge.png\",\"width\":3472,\"height\":2480,\"caption\":\"Elles Aussi\"},\"image\":{\"@id\":\"https:\/\/www.ellesaussi.org\/#\/schema\/logo\/image\/\"},\"sameAs\":[\"https:\/\/www.facebook.com\/ellesaussi\/\"]},{\"@type\":\"Person\",\"@id\":\"https:\/\/www.ellesaussi.org\/#\/schema\/person\/eeca4be50db30b5dbb39f78fc3364160\",\"name\":\"admin\",\"image\":{\"@type\":\"ImageObject\",\"inLanguage\":\"fr-FR\",\"@id\":\"https:\/\/www.ellesaussi.org\/#\/schema\/person\/image\/\",\"url\":\"https:\/\/secure.gravatar.com\/avatar\/62da4937aa6d6b509192861c0b966204a1b742b2814f6387fa08fe6c98a8729c?s=96&d=mm&r=g\",\"contentUrl\":\"https:\/\/secure.gravatar.com\/avatar\/62da4937aa6d6b509192861c0b966204a1b742b2814f6387fa08fe6c98a8729c?s=96&d=mm&r=g\",\"caption\":\"admin\"},\"sameAs\":[\"https:\/\/elles129186.webdb78.lwspanel.com\"],\"url\":\"https:\/\/www.ellesaussi.org\/?author=1\"}]}<\/script>\n<!-- \/ Yoast SEO plugin. -->","yoast_head_json":{"title":"Appel d\u2019Elles aussi aux maires et pr\u00e9sident.e.s d'intercommunalit\u00e9s pour plus de femmes dans les nouvelles assembl\u00e9es et leurs ex\u00e9cutifs - Elles Aussi","robots":{"index":"index","follow":"follow","max-snippet":"max-snippet:-1","max-image-preview":"max-image-preview:large","max-video-preview":"max-video-preview:-1"},"canonical":"https:\/\/www.ellesaussi.org\/?p=1984","og_locale":"fr_FR","og_type":"article","og_title":"Appel d\u2019Elles aussi aux maires et pr\u00e9sident.e.s d'intercommunalit\u00e9s pour plus de femmes dans les nouvelles assembl\u00e9es et leurs ex\u00e9cutifs - Elles Aussi","og_description":"Nouvelles intercommunalit\u00e9s en janvier 2017 Appel \u00e0 plus de femmes dans les Conseils communautaires L\u2019enqu\u00eate r\u00e9alis\u00e9e en 2015 par Elles aussi, montrait que les femmes \u00e9taient seulement 8 % pr\u00e9sidentes d\u2019un EPCI (Etablissement Public de Coop\u00e9ration Intercommunale) 18 % membres de l\u2019ex\u00e9cutif 32 % membres du Conseil et que 23 % des ex\u00e9cutifs communautaires ne [&hellip;]","og_url":"https:\/\/www.ellesaussi.org\/?p=1984","og_site_name":"Elles Aussi","article_publisher":"https:\/\/www.facebook.com\/ellesaussi\/","article_published_time":"2016-11-08T11:06:00+00:00","article_modified_time":"2024-11-08T11:11:36+00:00","og_image":[{"width":200,"height":144,"url":"https:\/\/www.ellesaussi.org\/wp-content\/uploads\/2024\/10\/appel-du-18-juin-2024-Elles-aussi.jpg","type":"image\/jpeg"}],"author":"admin","twitter_card":"summary_large_image","twitter_misc":{"\u00c9crit par":"admin","Dur\u00e9e de lecture estim\u00e9e":"2 minutes"},"schema":{"@context":"https:\/\/schema.org","@graph":[{"@type":"Article","@id":"https:\/\/www.ellesaussi.org\/?p=1984#article","isPartOf":{"@id":"https:\/\/www.ellesaussi.org\/?p=1984"},"author":{"name":"admin","@id":"https:\/\/www.ellesaussi.org\/#\/schema\/person\/eeca4be50db30b5dbb39f78fc3364160"},"headline":"Appel d\u2019Elles aussi aux maires et pr\u00e9sident.e.s d&rsquo;intercommunalit\u00e9s pour plus de femmes dans les nouvelles assembl\u00e9es et leurs ex\u00e9cutifs","datePublished":"2016-11-08T11:06:00+00:00","dateModified":"2024-11-08T11:11:36+00:00","mainEntityOfPage":{"@id":"https:\/\/www.ellesaussi.org\/?p=1984"},"wordCount":375,"publisher":{"@id":"https:\/\/www.ellesaussi.org\/#organization"},"image":{"@id":"https:\/\/www.ellesaussi.org\/?p=1984#primaryimage"},"thumbnailUrl":"https:\/\/www.ellesaussi.org\/wp-content\/uploads\/2024\/10\/appel-du-18-juin-2024-Elles-aussi.jpg","articleSection":["Calendrier de notre mobilisation"],"inLanguage":"fr-FR"},{"@type":"WebPage","@id":"https:\/\/www.ellesaussi.org\/?p=1984","url":"https:\/\/www.ellesaussi.org\/?p=1984","name":"Appel d\u2019Elles aussi aux maires et pr\u00e9sident.e.s d'intercommunalit\u00e9s pour plus de femmes dans les nouvelles assembl\u00e9es et leurs ex\u00e9cutifs - Elles Aussi","isPartOf":{"@id":"https:\/\/www.ellesaussi.org\/#website"},"primaryImageOfPage":{"@id":"https:\/\/www.ellesaussi.org\/?p=1984#primaryimage"},"image":{"@id":"https:\/\/www.ellesaussi.org\/?p=1984#primaryimage"},"thumbnailUrl":"https:\/\/www.ellesaussi.org\/wp-content\/uploads\/2024\/10\/appel-du-18-juin-2024-Elles-aussi.jpg","datePublished":"2016-11-08T11:06:00+00:00","dateModified":"2024-11-08T11:11:36+00:00","breadcrumb":{"@id":"https:\/\/www.ellesaussi.org\/?p=1984#breadcrumb"},"inLanguage":"fr-FR","potentialAction":[{"@type":"ReadAction","target":["https:\/\/www.ellesaussi.org\/?p=1984"]}]},{"@type":"ImageObject","inLanguage":"fr-FR","@id":"https:\/\/www.ellesaussi.org\/?p=1984#primaryimage","url":"https:\/\/www.ellesaussi.org\/wp-content\/uploads\/2024\/10\/appel-du-18-juin-2024-Elles-aussi.jpg","contentUrl":"https:\/\/www.ellesaussi.org\/wp-content\/uploads\/2024\/10\/appel-du-18-juin-2024-Elles-aussi.jpg","width":200,"height":144},{"@type":"BreadcrumbList","@id":"https:\/\/www.ellesaussi.org\/?p=1984#breadcrumb","itemListElement":[{"@type":"ListItem","position":1,"name":"Accueil","item":"https:\/\/www.ellesaussi.org\/"},{"@type":"ListItem","position":2,"name":"Appel d\u2019Elles aussi aux maires et pr\u00e9sident.e.s d&rsquo;intercommunalit\u00e9s pour plus de femmes dans les nouvelles assembl\u00e9es et leurs ex\u00e9cutifs"}]},{"@type":"WebSite","@id":"https:\/\/www.ellesaussi.org\/#website","url":"https:\/\/www.ellesaussi.org\/","name":"Elles Aussi","description":"","publisher":{"@id":"https:\/\/www.ellesaussi.org\/#organization"},"potentialAction":[{"@type":"SearchAction","target":{"@type":"EntryPoint","urlTemplate":"https:\/\/www.ellesaussi.org\/?s={search_term_string}"},"query-input":"required name=search_term_string"}],"inLanguage":"fr-FR"},{"@type":"Organization","@id":"https:\/\/www.ellesaussi.org\/#organization","name":"Elles Aussi","url":"https:\/\/www.ellesaussi.org\/","logo":{"@type":"ImageObject","inLanguage":"fr-FR","@id":"https:\/\/www.ellesaussi.org\/#\/schema\/logo\/image\/","url":"https:\/\/www.ellesaussi.org\/wp-content\/uploads\/2024\/05\/Elles-aussi_logotype_rouge.png","contentUrl":"https:\/\/www.ellesaussi.org\/wp-content\/uploads\/2024\/05\/Elles-aussi_logotype_rouge.png","width":3472,"height":2480,"caption":"Elles Aussi"},"image":{"@id":"https:\/\/www.ellesaussi.org\/#\/schema\/logo\/image\/"},"sameAs":["https:\/\/www.facebook.com\/ellesaussi\/"]},{"@type":"Person","@id":"https:\/\/www.ellesaussi.org\/#\/schema\/person\/eeca4be50db30b5dbb39f78fc3364160","name":"admin","image":{"@type":"ImageObject","inLanguage":"fr-FR","@id":"https:\/\/www.ellesaussi.org\/#\/schema\/person\/image\/","url":"https:\/\/secure.gravatar.com\/avatar\/62da4937aa6d6b509192861c0b966204a1b742b2814f6387fa08fe6c98a8729c?s=96&d=mm&r=g","contentUrl":"https:\/\/secure.gravatar.com\/avatar\/62da4937aa6d6b509192861c0b966204a1b742b2814f6387fa08fe6c98a8729c?s=96&d=mm&r=g","caption":"admin"},"sameAs":["https:\/\/elles129186.webdb78.lwspanel.com"],"url":"https:\/\/www.ellesaussi.org\/?author=1"}]}},"_links":{"self":[{"href":"https:\/\/www.ellesaussi.org\/index.php?rest_route=\/wp\/v2\/posts\/1984","targetHints":{"allow":["GET"]}}],"collection":[{"href":"https:\/\/www.ellesaussi.org\/index.php?rest_route=\/wp\/v2\/posts"}],"about":[{"href":"https:\/\/www.ellesaussi.org\/index.php?rest_route=\/wp\/v2\/types\/post"}],"author":[{"embeddable":true,"href":"https:\/\/www.ellesaussi.org\/index.php?rest_route=\/wp\/v2\/users\/1"}],"replies":[{"embeddable":true,"href":"https:\/\/www.ellesaussi.org\/index.php?rest_route=%2Fwp%2Fv2%2Fcomments&post=1984"}],"version-history":[{"count":4,"href":"https:\/\/www.ellesaussi.org\/index.php?rest_route=\/wp\/v2\/posts\/1984\/revisions"}],"predecessor-version":[{"id":1991,"href":"https:\/\/www.ellesaussi.org\/index.php?rest_route=\/wp\/v2\/posts\/1984\/revisions\/1991"}],"wp:featuredmedia":[{"embeddable":true,"href":"https:\/\/www.ellesaussi.org\/index.php?rest_route=\/wp\/v2\/media\/683"}],"wp:attachment":[{"href":"https:\/\/www.ellesaussi.org\/index.php?rest_route=%2Fwp%2Fv2%2Fmedia&parent=1984"}],"wp:term":[{"taxonomy":"category","embeddable":true,"href":"https:\/\/www.ellesaussi.org\/index.php?rest_route=%2Fwp%2Fv2%2Fcategories&post=1984"},{"taxonomy":"post_tag","embeddable":true,"href":"https:\/\/www.ellesaussi.org\/index.php?rest_route=%2Fwp%2Fv2%2Ftags&post=1984"}],"curies":[{"name":"wp","href":"https:\/\/api.w.org\/{rel}","templated":true}]}}