{"id":1965,"date":"2017-03-08T11:59:00","date_gmt":"2017-03-08T10:59:00","guid":{"rendered":"https:\/\/elles129186.webdb78.lwspanel.com\/?p=1965"},"modified":"2024-11-08T12:03:24","modified_gmt":"2024-11-08T11:03:24","slug":"intervention-au-congres-des-maires-de-la-loire-pour-parler-et-debattre-de-la-place-des-femmes-dans-les-intercommunalites","status":"publish","type":"post","link":"https:\/\/www.ellesaussi.org\/?p=1965","title":{"rendered":"Intervention au congr\u00e8s des maires de La Loire pour parler et d\u00e9battre de la place des femmes dans les Intercommunalit\u00e9s"},"content":{"rendered":"\t\t<div data-elementor-type=\"wp-post\" data-elementor-id=\"1965\" class=\"elementor elementor-1965\" data-elementor-post-type=\"post\">\n\t\t\t\t<div class=\"elementor-element elementor-element-104424f e-flex e-con-boxed e-con e-parent\" data-id=\"104424f\" data-element_type=\"container\">\n\t\t\t\t\t<div class=\"e-con-inner\">\n\t\t\t\t<div class=\"elementor-element elementor-element-a3f5656 elementor-widget elementor-widget-text-editor\" data-id=\"a3f5656\" data-element_type=\"widget\" data-widget_type=\"text-editor.default\">\n\t\t\t\t<div class=\"elementor-widget-container\">\n\t\t\t\t\t\t\t<p>Suite \u00e0 l\u2019invitation de Femmes \u00e9lues de la Loire, association membre d\u2019Elles aussi, Reine L\u00e9pinay, co-pr\u00e9sidente, et Anne-Marie Marmier, vice-pr\u00e9sidente, sont intervenues au congr\u00e8s des maires de La Loire pour parler et d\u00e9battre de la place des femmes dans les Intercommunalit\u00e9s,\u00a0 et plus particuli\u00e8rement en Rh\u00f4ne-Alpes.<\/p>\t\t\t\t\t\t<\/div>\n\t\t\t\t<\/div>\n\t\t\t\t<div class=\"elementor-element elementor-element-255989e elementor-widget elementor-widget-button\" data-id=\"255989e\" data-element_type=\"widget\" data-widget_type=\"button.default\">\n\t\t\t\t<div class=\"elementor-widget-container\">\n\t\t\t\t\t<div class=\"elementor-button-wrapper\">\n\t\t\t<a class=\"elementor-button elementor-button-link elementor-size-sm\" href=\"https:\/\/elles129186.webdb78.lwspanel.com\/wp-content\/uploads\/2024\/11\/article_andree_Chaize_mars_2017.pdf\" target=\"_blank\">\n\t\t\t\t\t\t<span class=\"elementor-button-content-wrapper\">\n\t\t\t\t\t\t\t\t\t<span class=\"elementor-button-text\">Lire l\u2019article d\u2019Andr\u00e9e Chaize, pr\u00e9sidente de l\u2019AFEL<\/span>\n\t\t\t\t\t<\/span>\n\t\t\t\t\t<\/a>\n\t\t<\/div>\n\t\t\t\t<\/div>\n\t\t\t\t<\/div>\n\t\t\t\t<div class=\"elementor-element elementor-element-57b203b elementor-widget elementor-widget-text-editor\" data-id=\"57b203b\" data-element_type=\"widget\" data-widget_type=\"text-editor.default\">\n\t\t\t\t<div class=\"elementor-widget-container\">\n\t\t\t\t\t\t\t<h5>T\u00e9moignage d\u2019une \u00e9lue de la Loire :<\/h5><p>Lors des \u00e9lections municipales de 2014, et pour la premi\u00e8re fois, les membres d\u00e9l\u00e9gu\u00e9s aux Communaut\u00e9s de Communes devaient \u00eatre d\u00e9sign\u00e9s sur le bulletin de vote, avec une obligation de parit\u00e9. <br \/><br \/>C\u2019est donc de cette fa\u00e7on que j\u2019ai \u00e9t\u00e9 \u00e9lue \u00e0 Saint_Etienne M\u00e9tropole comme deuxi\u00e8me conseill\u00e8re communautaire apr\u00e8s Monsieur le Maire. <br \/><br \/>Mais, d\u00e8s la constitution du bureau ex\u00e9cutif de cette assembl\u00e9e, il est tr\u00e8s vite apparu que la parit\u00e9 impos\u00e9e pour la d\u00e9signation n\u2019\u00e9tait, en aucun cas, impos\u00e9e pour ces nominations : Un pr\u00e9sident masculin et, sur 14 vice-pr\u00e9sidents, une seule femme !!! <br \/><br \/>A nos protestations, il nous \u00e9t\u00e9 r\u00e9pondu que, \u00e9tant donn\u00e9 que seules deux femmes \u00e9taient maires dans le p\u00e9rim\u00e8tre de St Etienne M\u00e9tropole, la moiti\u00e9 faisait partie du bureau. <br \/><br \/>Je vous laisse juge de la qualit\u00e9 de la r\u00e9ponse, et ce, d\u2019autant plus que nous n\u2019avons eu aucune explication sur les adjoints au maire d\u00e9sign\u00e9s comme vice-pr\u00e9sidents et tous masculins. <br \/><br \/>Depuis le 1er janvier 2017, Saint Etienne M\u00e9tropole a accueilli huit communes suppl\u00e9mentaires et a donc proc\u00e9d\u00e9 \u00e0 la d\u00e9signation d\u2019un nouveau bureau : toujours une seule femme sur 14 vice-pr\u00e9sidents et seulement 4 femmes sur 21 conseillers communautaires d\u00e9l\u00e9gu\u00e9s. <br \/><br \/>De plus, malgr\u00e9 l\u2019augmentation du p\u00e9rim\u00e8tre, et par le jeu de r\u00e8glements absurdes, le nombre de conseillers communautaires a diminu\u00e9. Dans 11 communes, dont St Priest en Jarez, le second d\u00e9l\u00e9gu\u00e9 a \u00e9t\u00e9 supprim\u00e9 et par le jeu de la pr\u00e9sence des maires en premier, ce sont encore une nouvelle fois les femmes qui sont concern\u00e9es. <br \/><br \/>J\u2019ai donc \u00e9t\u00e9 \u00e9vinc\u00e9e d\u2019une instance dans laquelle j\u2019avais pourtant \u00e9t\u00e9 \u00e9lue au suffrage universel !! <br \/><br \/>Il va \u00eatre tr\u00e8s long le chemin qui nous permettra d\u2019acc\u00e9der \u00e0 une v\u00e9ritable parit\u00e9 !!<br \/><br \/>Mich\u00e8le BISACCIA <br \/>1\u00e8re Adjointe <br \/>Mairie de St Priest en Jarez (Loire)<\/p>\t\t\t\t\t\t<\/div>\n\t\t\t\t<\/div>\n\t\t\t\t\t<\/div>\n\t\t\t\t<\/div>\n\t\t\t\t<\/div>\n\t\t","protected":false},"excerpt":{"rendered":"<p>Suite \u00e0 l\u2019invitation de Femmes \u00e9lues de la Loire, association membre d\u2019Elles aussi, Reine L\u00e9pinay, co-pr\u00e9sidente, et Anne-Marie Marmier, vice-pr\u00e9sidente, sont intervenues au congr\u00e8s des maires de La Loire pour parler et d\u00e9battre de la place des femmes dans les Intercommunalit\u00e9s,\u00a0 et plus particuli\u00e8rement en Rh\u00f4ne-Alpes. Lire l\u2019article d\u2019Andr\u00e9e Chaize, pr\u00e9sidente de l\u2019AFEL T\u00e9moignage d\u2019une [&hellip;]<\/p>\n","protected":false},"author":1,"featured_media":683,"comment_status":"closed","ping_status":"closed","sticky":false,"template":"","format":"standard","meta":{"footnotes":""},"categories":[47],"tags":[],"class_list":["post-1965","post","type-post","status-publish","format-standard","has-post-thumbnail","hentry","category-calendrier-de-notre-mobilisation"],"yoast_head":"<!-- This site is optimized with the Yoast SEO plugin v22.8 - https:\/\/yoast.com\/wordpress\/plugins\/seo\/ -->\n<title>Intervention au congr\u00e8s des maires de La Loire pour parler et d\u00e9battre de la place des femmes dans les Intercommunalit\u00e9s - Elles Aussi<\/title>\n<meta name=\"robots\" content=\"index, follow, max-snippet:-1, max-image-preview:large, max-video-preview:-1\" \/>\n<link rel=\"canonical\" href=\"https:\/\/www.ellesaussi.org\/?p=1965\" \/>\n<meta property=\"og:locale\" content=\"fr_FR\" \/>\n<meta property=\"og:type\" content=\"article\" \/>\n<meta property=\"og:title\" content=\"Intervention au congr\u00e8s des maires de La Loire pour parler et d\u00e9battre de la place des femmes dans les Intercommunalit\u00e9s - Elles Aussi\" \/>\n<meta property=\"og:description\" content=\"Suite \u00e0 l\u2019invitation de Femmes \u00e9lues de la Loire, association membre d\u2019Elles aussi, Reine L\u00e9pinay, co-pr\u00e9sidente, et Anne-Marie Marmier, vice-pr\u00e9sidente, sont intervenues au congr\u00e8s des maires de La Loire pour parler et d\u00e9battre de la place des femmes dans les Intercommunalit\u00e9s,\u00a0 et plus particuli\u00e8rement en Rh\u00f4ne-Alpes. Lire l\u2019article d\u2019Andr\u00e9e Chaize, pr\u00e9sidente de l\u2019AFEL T\u00e9moignage d\u2019une [&hellip;]\" \/>\n<meta property=\"og:url\" content=\"https:\/\/www.ellesaussi.org\/?p=1965\" \/>\n<meta property=\"og:site_name\" content=\"Elles Aussi\" \/>\n<meta property=\"article:publisher\" content=\"https:\/\/www.facebook.com\/ellesaussi\/\" \/>\n<meta property=\"article:published_time\" content=\"2017-03-08T10:59:00+00:00\" \/>\n<meta property=\"article:modified_time\" content=\"2024-11-08T11:03:24+00:00\" \/>\n<meta property=\"og:image\" content=\"https:\/\/www.ellesaussi.org\/wp-content\/uploads\/2024\/10\/appel-du-18-juin-2024-Elles-aussi.jpg\" \/>\n\t<meta property=\"og:image:width\" content=\"200\" \/>\n\t<meta property=\"og:image:height\" content=\"144\" \/>\n\t<meta property=\"og:image:type\" content=\"image\/jpeg\" \/>\n<meta name=\"author\" content=\"admin\" \/>\n<meta name=\"twitter:card\" content=\"summary_large_image\" \/>\n<meta name=\"twitter:label1\" content=\"\u00c9crit par\" \/>\n\t<meta name=\"twitter:data1\" content=\"admin\" \/>\n\t<meta name=\"twitter:label2\" content=\"Dur\u00e9e de lecture estim\u00e9e\" \/>\n\t<meta name=\"twitter:data2\" content=\"2 minutes\" \/>\n<script type=\"application\/ld+json\" class=\"yoast-schema-graph\">{\"@context\":\"https:\/\/schema.org\",\"@graph\":[{\"@type\":\"Article\",\"@id\":\"https:\/\/www.ellesaussi.org\/?p=1965#article\",\"isPartOf\":{\"@id\":\"https:\/\/www.ellesaussi.org\/?p=1965\"},\"author\":{\"name\":\"admin\",\"@id\":\"https:\/\/www.ellesaussi.org\/#\/schema\/person\/eeca4be50db30b5dbb39f78fc3364160\"},\"headline\":\"Intervention au congr\u00e8s des maires de La Loire pour parler et d\u00e9battre de la place des femmes dans les Intercommunalit\u00e9s\",\"datePublished\":\"2017-03-08T10:59:00+00:00\",\"dateModified\":\"2024-11-08T11:03:24+00:00\",\"mainEntityOfPage\":{\"@id\":\"https:\/\/www.ellesaussi.org\/?p=1965\"},\"wordCount\":436,\"publisher\":{\"@id\":\"https:\/\/www.ellesaussi.org\/#organization\"},\"image\":{\"@id\":\"https:\/\/www.ellesaussi.org\/?p=1965#primaryimage\"},\"thumbnailUrl\":\"https:\/\/www.ellesaussi.org\/wp-content\/uploads\/2024\/10\/appel-du-18-juin-2024-Elles-aussi.jpg\",\"articleSection\":[\"Calendrier de notre mobilisation\"],\"inLanguage\":\"fr-FR\"},{\"@type\":\"WebPage\",\"@id\":\"https:\/\/www.ellesaussi.org\/?p=1965\",\"url\":\"https:\/\/www.ellesaussi.org\/?p=1965\",\"name\":\"Intervention au congr\u00e8s des maires de La Loire pour parler et d\u00e9battre de la place des femmes dans les Intercommunalit\u00e9s - Elles Aussi\",\"isPartOf\":{\"@id\":\"https:\/\/www.ellesaussi.org\/#website\"},\"primaryImageOfPage\":{\"@id\":\"https:\/\/www.ellesaussi.org\/?p=1965#primaryimage\"},\"image\":{\"@id\":\"https:\/\/www.ellesaussi.org\/?p=1965#primaryimage\"},\"thumbnailUrl\":\"https:\/\/www.ellesaussi.org\/wp-content\/uploads\/2024\/10\/appel-du-18-juin-2024-Elles-aussi.jpg\",\"datePublished\":\"2017-03-08T10:59:00+00:00\",\"dateModified\":\"2024-11-08T11:03:24+00:00\",\"breadcrumb\":{\"@id\":\"https:\/\/www.ellesaussi.org\/?p=1965#breadcrumb\"},\"inLanguage\":\"fr-FR\",\"potentialAction\":[{\"@type\":\"ReadAction\",\"target\":[\"https:\/\/www.ellesaussi.org\/?p=1965\"]}]},{\"@type\":\"ImageObject\",\"inLanguage\":\"fr-FR\",\"@id\":\"https:\/\/www.ellesaussi.org\/?p=1965#primaryimage\",\"url\":\"https:\/\/www.ellesaussi.org\/wp-content\/uploads\/2024\/10\/appel-du-18-juin-2024-Elles-aussi.jpg\",\"contentUrl\":\"https:\/\/www.ellesaussi.org\/wp-content\/uploads\/2024\/10\/appel-du-18-juin-2024-Elles-aussi.jpg\",\"width\":200,\"height\":144},{\"@type\":\"BreadcrumbList\",\"@id\":\"https:\/\/www.ellesaussi.org\/?p=1965#breadcrumb\",\"itemListElement\":[{\"@type\":\"ListItem\",\"position\":1,\"name\":\"Accueil\",\"item\":\"https:\/\/www.ellesaussi.org\/\"},{\"@type\":\"ListItem\",\"position\":2,\"name\":\"Intervention au congr\u00e8s des maires de La Loire pour parler et d\u00e9battre de la place des femmes dans les Intercommunalit\u00e9s\"}]},{\"@type\":\"WebSite\",\"@id\":\"https:\/\/www.ellesaussi.org\/#website\",\"url\":\"https:\/\/www.ellesaussi.org\/\",\"name\":\"Elles Aussi\",\"description\":\"\",\"publisher\":{\"@id\":\"https:\/\/www.ellesaussi.org\/#organization\"},\"potentialAction\":[{\"@type\":\"SearchAction\",\"target\":{\"@type\":\"EntryPoint\",\"urlTemplate\":\"https:\/\/www.ellesaussi.org\/?s={search_term_string}\"},\"query-input\":\"required name=search_term_string\"}],\"inLanguage\":\"fr-FR\"},{\"@type\":\"Organization\",\"@id\":\"https:\/\/www.ellesaussi.org\/#organization\",\"name\":\"Elles Aussi\",\"url\":\"https:\/\/www.ellesaussi.org\/\",\"logo\":{\"@type\":\"ImageObject\",\"inLanguage\":\"fr-FR\",\"@id\":\"https:\/\/www.ellesaussi.org\/#\/schema\/logo\/image\/\",\"url\":\"https:\/\/www.ellesaussi.org\/wp-content\/uploads\/2024\/05\/Elles-aussi_logotype_rouge.png\",\"contentUrl\":\"https:\/\/www.ellesaussi.org\/wp-content\/uploads\/2024\/05\/Elles-aussi_logotype_rouge.png\",\"width\":3472,\"height\":2480,\"caption\":\"Elles Aussi\"},\"image\":{\"@id\":\"https:\/\/www.ellesaussi.org\/#\/schema\/logo\/image\/\"},\"sameAs\":[\"https:\/\/www.facebook.com\/ellesaussi\/\"]},{\"@type\":\"Person\",\"@id\":\"https:\/\/www.ellesaussi.org\/#\/schema\/person\/eeca4be50db30b5dbb39f78fc3364160\",\"name\":\"admin\",\"image\":{\"@type\":\"ImageObject\",\"inLanguage\":\"fr-FR\",\"@id\":\"https:\/\/www.ellesaussi.org\/#\/schema\/person\/image\/\",\"url\":\"https:\/\/secure.gravatar.com\/avatar\/62da4937aa6d6b509192861c0b966204a1b742b2814f6387fa08fe6c98a8729c?s=96&d=mm&r=g\",\"contentUrl\":\"https:\/\/secure.gravatar.com\/avatar\/62da4937aa6d6b509192861c0b966204a1b742b2814f6387fa08fe6c98a8729c?s=96&d=mm&r=g\",\"caption\":\"admin\"},\"sameAs\":[\"https:\/\/elles129186.webdb78.lwspanel.com\"],\"url\":\"https:\/\/www.ellesaussi.org\/?author=1\"}]}<\/script>\n<!-- \/ Yoast SEO plugin. -->","yoast_head_json":{"title":"Intervention au congr\u00e8s des maires de La Loire pour parler et d\u00e9battre de la place des femmes dans les Intercommunalit\u00e9s - Elles Aussi","robots":{"index":"index","follow":"follow","max-snippet":"max-snippet:-1","max-image-preview":"max-image-preview:large","max-video-preview":"max-video-preview:-1"},"canonical":"https:\/\/www.ellesaussi.org\/?p=1965","og_locale":"fr_FR","og_type":"article","og_title":"Intervention au congr\u00e8s des maires de La Loire pour parler et d\u00e9battre de la place des femmes dans les Intercommunalit\u00e9s - Elles Aussi","og_description":"Suite \u00e0 l\u2019invitation de Femmes \u00e9lues de la Loire, association membre d\u2019Elles aussi, Reine L\u00e9pinay, co-pr\u00e9sidente, et Anne-Marie Marmier, vice-pr\u00e9sidente, sont intervenues au congr\u00e8s des maires de La Loire pour parler et d\u00e9battre de la place des femmes dans les Intercommunalit\u00e9s,\u00a0 et plus particuli\u00e8rement en Rh\u00f4ne-Alpes. Lire l\u2019article d\u2019Andr\u00e9e Chaize, pr\u00e9sidente de l\u2019AFEL T\u00e9moignage d\u2019une [&hellip;]","og_url":"https:\/\/www.ellesaussi.org\/?p=1965","og_site_name":"Elles Aussi","article_publisher":"https:\/\/www.facebook.com\/ellesaussi\/","article_published_time":"2017-03-08T10:59:00+00:00","article_modified_time":"2024-11-08T11:03:24+00:00","og_image":[{"width":200,"height":144,"url":"https:\/\/www.ellesaussi.org\/wp-content\/uploads\/2024\/10\/appel-du-18-juin-2024-Elles-aussi.jpg","type":"image\/jpeg"}],"author":"admin","twitter_card":"summary_large_image","twitter_misc":{"\u00c9crit par":"admin","Dur\u00e9e de lecture estim\u00e9e":"2 minutes"},"schema":{"@context":"https:\/\/schema.org","@graph":[{"@type":"Article","@id":"https:\/\/www.ellesaussi.org\/?p=1965#article","isPartOf":{"@id":"https:\/\/www.ellesaussi.org\/?p=1965"},"author":{"name":"admin","@id":"https:\/\/www.ellesaussi.org\/#\/schema\/person\/eeca4be50db30b5dbb39f78fc3364160"},"headline":"Intervention au congr\u00e8s des maires de La Loire pour parler et d\u00e9battre de la place des femmes dans les Intercommunalit\u00e9s","datePublished":"2017-03-08T10:59:00+00:00","dateModified":"2024-11-08T11:03:24+00:00","mainEntityOfPage":{"@id":"https:\/\/www.ellesaussi.org\/?p=1965"},"wordCount":436,"publisher":{"@id":"https:\/\/www.ellesaussi.org\/#organization"},"image":{"@id":"https:\/\/www.ellesaussi.org\/?p=1965#primaryimage"},"thumbnailUrl":"https:\/\/www.ellesaussi.org\/wp-content\/uploads\/2024\/10\/appel-du-18-juin-2024-Elles-aussi.jpg","articleSection":["Calendrier de notre mobilisation"],"inLanguage":"fr-FR"},{"@type":"WebPage","@id":"https:\/\/www.ellesaussi.org\/?p=1965","url":"https:\/\/www.ellesaussi.org\/?p=1965","name":"Intervention au congr\u00e8s des maires de La Loire pour parler et d\u00e9battre de la place des femmes dans les Intercommunalit\u00e9s - Elles Aussi","isPartOf":{"@id":"https:\/\/www.ellesaussi.org\/#website"},"primaryImageOfPage":{"@id":"https:\/\/www.ellesaussi.org\/?p=1965#primaryimage"},"image":{"@id":"https:\/\/www.ellesaussi.org\/?p=1965#primaryimage"},"thumbnailUrl":"https:\/\/www.ellesaussi.org\/wp-content\/uploads\/2024\/10\/appel-du-18-juin-2024-Elles-aussi.jpg","datePublished":"2017-03-08T10:59:00+00:00","dateModified":"2024-11-08T11:03:24+00:00","breadcrumb":{"@id":"https:\/\/www.ellesaussi.org\/?p=1965#breadcrumb"},"inLanguage":"fr-FR","potentialAction":[{"@type":"ReadAction","target":["https:\/\/www.ellesaussi.org\/?p=1965"]}]},{"@type":"ImageObject","inLanguage":"fr-FR","@id":"https:\/\/www.ellesaussi.org\/?p=1965#primaryimage","url":"https:\/\/www.ellesaussi.org\/wp-content\/uploads\/2024\/10\/appel-du-18-juin-2024-Elles-aussi.jpg","contentUrl":"https:\/\/www.ellesaussi.org\/wp-content\/uploads\/2024\/10\/appel-du-18-juin-2024-Elles-aussi.jpg","width":200,"height":144},{"@type":"BreadcrumbList","@id":"https:\/\/www.ellesaussi.org\/?p=1965#breadcrumb","itemListElement":[{"@type":"ListItem","position":1,"name":"Accueil","item":"https:\/\/www.ellesaussi.org\/"},{"@type":"ListItem","position":2,"name":"Intervention au congr\u00e8s des maires de La Loire pour parler et d\u00e9battre de la place des femmes dans les Intercommunalit\u00e9s"}]},{"@type":"WebSite","@id":"https:\/\/www.ellesaussi.org\/#website","url":"https:\/\/www.ellesaussi.org\/","name":"Elles Aussi","description":"","publisher":{"@id":"https:\/\/www.ellesaussi.org\/#organization"},"potentialAction":[{"@type":"SearchAction","target":{"@type":"EntryPoint","urlTemplate":"https:\/\/www.ellesaussi.org\/?s={search_term_string}"},"query-input":"required name=search_term_string"}],"inLanguage":"fr-FR"},{"@type":"Organization","@id":"https:\/\/www.ellesaussi.org\/#organization","name":"Elles Aussi","url":"https:\/\/www.ellesaussi.org\/","logo":{"@type":"ImageObject","inLanguage":"fr-FR","@id":"https:\/\/www.ellesaussi.org\/#\/schema\/logo\/image\/","url":"https:\/\/www.ellesaussi.org\/wp-content\/uploads\/2024\/05\/Elles-aussi_logotype_rouge.png","contentUrl":"https:\/\/www.ellesaussi.org\/wp-content\/uploads\/2024\/05\/Elles-aussi_logotype_rouge.png","width":3472,"height":2480,"caption":"Elles Aussi"},"image":{"@id":"https:\/\/www.ellesaussi.org\/#\/schema\/logo\/image\/"},"sameAs":["https:\/\/www.facebook.com\/ellesaussi\/"]},{"@type":"Person","@id":"https:\/\/www.ellesaussi.org\/#\/schema\/person\/eeca4be50db30b5dbb39f78fc3364160","name":"admin","image":{"@type":"ImageObject","inLanguage":"fr-FR","@id":"https:\/\/www.ellesaussi.org\/#\/schema\/person\/image\/","url":"https:\/\/secure.gravatar.com\/avatar\/62da4937aa6d6b509192861c0b966204a1b742b2814f6387fa08fe6c98a8729c?s=96&d=mm&r=g","contentUrl":"https:\/\/secure.gravatar.com\/avatar\/62da4937aa6d6b509192861c0b966204a1b742b2814f6387fa08fe6c98a8729c?s=96&d=mm&r=g","caption":"admin"},"sameAs":["https:\/\/elles129186.webdb78.lwspanel.com"],"url":"https:\/\/www.ellesaussi.org\/?author=1"}]}},"_links":{"self":[{"href":"https:\/\/www.ellesaussi.org\/index.php?rest_route=\/wp\/v2\/posts\/1965","targetHints":{"allow":["GET"]}}],"collection":[{"href":"https:\/\/www.ellesaussi.org\/index.php?rest_route=\/wp\/v2\/posts"}],"about":[{"href":"https:\/\/www.ellesaussi.org\/index.php?rest_route=\/wp\/v2\/types\/post"}],"author":[{"embeddable":true,"href":"https:\/\/www.ellesaussi.org\/index.php?rest_route=\/wp\/v2\/users\/1"}],"replies":[{"embeddable":true,"href":"https:\/\/www.ellesaussi.org\/index.php?rest_route=%2Fwp%2Fv2%2Fcomments&post=1965"}],"version-history":[{"count":7,"href":"https:\/\/www.ellesaussi.org\/index.php?rest_route=\/wp\/v2\/posts\/1965\/revisions"}],"predecessor-version":[{"id":1973,"href":"https:\/\/www.ellesaussi.org\/index.php?rest_route=\/wp\/v2\/posts\/1965\/revisions\/1973"}],"wp:featuredmedia":[{"embeddable":true,"href":"https:\/\/www.ellesaussi.org\/index.php?rest_route=\/wp\/v2\/media\/683"}],"wp:attachment":[{"href":"https:\/\/www.ellesaussi.org\/index.php?rest_route=%2Fwp%2Fv2%2Fmedia&parent=1965"}],"wp:term":[{"taxonomy":"category","embeddable":true,"href":"https:\/\/www.ellesaussi.org\/index.php?rest_route=%2Fwp%2Fv2%2Fcategories&post=1965"},{"taxonomy":"post_tag","embeddable":true,"href":"https:\/\/www.ellesaussi.org\/index.php?rest_route=%2Fwp%2Fv2%2Ftags&post=1965"}],"curies":[{"name":"wp","href":"https:\/\/api.w.org\/{rel}","templated":true}]}}