{"id":1953,"date":"2017-11-07T11:54:00","date_gmt":"2017-11-07T10:54:00","guid":{"rendered":"https:\/\/elles129186.webdb78.lwspanel.com\/?p=1953"},"modified":"2024-11-08T11:57:10","modified_gmt":"2024-11-08T10:57:10","slug":"la-parite-dans-les-epci-quels-enjeux-pour-la-democratie-locale-a-annecy","status":"publish","type":"post","link":"https:\/\/www.ellesaussi.org\/?p=1953","title":{"rendered":"La parit\u00e9 dans les EPCI, quels enjeux pour la d\u00e9mocratie locale? \u00e0 Annecy"},"content":{"rendered":"\t\t<div data-elementor-type=\"wp-post\" data-elementor-id=\"1953\" class=\"elementor elementor-1953\" data-elementor-post-type=\"post\">\n\t\t\t\t<div class=\"elementor-element elementor-element-3566d2b e-flex e-con-boxed e-con e-parent\" data-id=\"3566d2b\" data-element_type=\"container\">\n\t\t\t\t\t<div class=\"e-con-inner\">\n\t\t\t\t<div class=\"elementor-element elementor-element-3906401 elementor-widget elementor-widget-text-editor\" data-id=\"3906401\" data-element_type=\"widget\" data-widget_type=\"text-editor.default\">\n\t\t\t\t<div class=\"elementor-widget-container\">\n\t\t\t\t\t\t\t<p>Le 10 novembre \u00e0 Annecy, Elles aussi organise une conf\u00e9rence intitul\u00e9e: \u00ab\u00a0La parit\u00e9 dans les EPCI, quels enjeux pour la d\u00e9mocratie locale?\u00a0\u00bb r\u00e9unissant\u00a0 dans une table-ronde plusieurs \u00e9lu.e.s de Haute Savoie.<\/p><p>\u00a0<\/p><p><strong>Programme conf\u00e9rence 10 novembre 2017 \u00e0 Annecy<\/strong> <\/p><hr \/><p><em><strong>Objectif 2020 : La parit\u00e9 dans les intercommunalit\u00e9s<br \/><\/strong><\/em> <br \/>Ouverture-19h <br \/>Reine Lepinay -Pr\u00e9sidente du r\u00e9seau Elles aussi, remerciements <br \/>Jean Luc Rigaut-Pr\u00e9sident du Grand Annecy Agglom\u00e9ration-Pr\u00e9sident de l\u2019Association des Communaut\u00e9s de France. La d\u00e9mocratie locale en construction. <br \/><br \/>Table ronde-19h15 <br \/>Anne-Marie Marmier- vice-pr\u00e9sidente du r\u00e9seau Elles aussi- Introduction et pilotage <br \/>Fr\u00e9d\u00e9rique Lardet-D\u00e9put\u00e9e de Haute Savoie. <br \/>Le mouvement En Marche a ouvert la route de la parit\u00e9 \u00e0 l\u2019Assembl\u00e9e nationale, entre la soci\u00e9t\u00e9 civile et le monde politique quelles similarit\u00e9s et diff\u00e9rences dans les comp\u00e9tences \u00e0 mobiliser quand on est d\u00e9put\u00e9e? <br \/><br \/>Cyril Pellevat -S\u00e9nateur de Haute Savoie, Membre de la d\u00e9l\u00e9gation aux Droits des femmes au S\u00e9nat. <br \/>Parit\u00e9 et territoires <br \/><br \/>Reine L\u00e9pinay- Co-pr\u00e9sidente du r\u00e9seau Elles aussi-Les faits : la parit\u00e9 dans les intercommunalit\u00e9s (Enqu\u00eate 2015 et r\u00e9sultats 2017 en Auvergne Rh\u00f4ne Alpes). Les questions qui s\u2019ensuivent : mode de scrutin, partage de la gouvernance, cumul des mandats et statut de l\u2019\u00e9lu.e, politiques publiques d\u2019\u00e9galit\u00e9. <br \/><br \/>Marie Luce Perdrix -Maire de Gruffy et Vice-pr\u00e9sidente du Grand Annecy Agglom\u00e9ration en charge des personnes \u00e2g\u00e9es et \u00e9tablissements <br \/>Christiane Laydevant-Maire d\u00e9l\u00e9gu\u00e9e de Meythet et Vice-pr\u00e9sidente du Grand Annecy <br \/>Agglom\u00e9ration en charge de l\u2019\u00e9conomie, parc d\u2019activit\u00e9s, entrepreneuriat <br \/>T\u00e9moignages : A partir des probl\u00e9matiques de terrain, comment concilier la participation de toutes et de tous \u00e0 tous les niveaux pour une plus grande efficacit\u00e9 collective ? Pourquoi si peu de femmes qui osent se pr\u00e9senter en t\u00eate de liste ? <br \/><br \/>Echanges- 20h30 <br \/>\u00ab Pour ce qui est de l\u2019avenir, il ne s\u2019agit pas de le pr\u00e9voir, mais de le rendre possible \u00bb<br \/>Antoine de Saint Exup\u00e9ry <\/p>\t\t\t\t\t\t<\/div>\n\t\t\t\t<\/div>\n\t\t\t\t<div class=\"elementor-element elementor-element-b6873f0 elementor-widget elementor-widget-image\" data-id=\"b6873f0\" data-element_type=\"widget\" data-widget_type=\"image.default\">\n\t\t\t\t<div class=\"elementor-widget-container\">\n\t\t\t\t\t\t\t\t\t\t\t\t\t<img fetchpriority=\"high\" decoding=\"async\" width=\"745\" height=\"1024\" src=\"https:\/\/www.ellesaussi.org\/wp-content\/uploads\/2017\/11\/INVITATION-10-novembre-2017-Annecy-745x1024.jpg\" class=\"attachment-large size-large wp-image-1955\" alt=\"\" srcset=\"https:\/\/www.ellesaussi.org\/wp-content\/uploads\/2017\/11\/INVITATION-10-novembre-2017-Annecy-745x1024.jpg 745w, https:\/\/www.ellesaussi.org\/wp-content\/uploads\/2017\/11\/INVITATION-10-novembre-2017-Annecy-218x300.jpg 218w, https:\/\/www.ellesaussi.org\/wp-content\/uploads\/2017\/11\/INVITATION-10-novembre-2017-Annecy-768x1055.jpg 768w, https:\/\/www.ellesaussi.org\/wp-content\/uploads\/2017\/11\/INVITATION-10-novembre-2017-Annecy.jpg 800w\" sizes=\"(max-width: 745px) 100vw, 745px\" \/>\t\t\t\t\t\t\t\t\t\t\t\t\t<\/div>\n\t\t\t\t<\/div>\n\t\t\t\t\t<\/div>\n\t\t\t\t<\/div>\n\t\t\t\t<\/div>\n\t\t","protected":false},"excerpt":{"rendered":"<p>Le 10 novembre \u00e0 Annecy, Elles aussi organise une conf\u00e9rence intitul\u00e9e: \u00ab\u00a0La parit\u00e9 dans les EPCI, quels enjeux pour la d\u00e9mocratie locale?\u00a0\u00bb r\u00e9unissant\u00a0 dans une table-ronde plusieurs \u00e9lu.e.s de Haute Savoie. \u00a0 Programme conf\u00e9rence 10 novembre 2017 \u00e0 Annecy Objectif 2020 : La parit\u00e9 dans les intercommunalit\u00e9s Ouverture-19h Reine Lepinay -Pr\u00e9sidente du r\u00e9seau Elles aussi, [&hellip;]<\/p>\n","protected":false},"author":1,"featured_media":683,"comment_status":"closed","ping_status":"closed","sticky":false,"template":"","format":"standard","meta":{"footnotes":""},"categories":[47],"tags":[],"class_list":["post-1953","post","type-post","status-publish","format-standard","has-post-thumbnail","hentry","category-calendrier-de-notre-mobilisation"],"yoast_head":"<!-- This site is optimized with the Yoast SEO plugin v22.8 - https:\/\/yoast.com\/wordpress\/plugins\/seo\/ -->\n<title>La parit\u00e9 dans les EPCI, quels enjeux pour la d\u00e9mocratie locale? \u00e0 Annecy - Elles Aussi<\/title>\n<meta name=\"robots\" content=\"index, follow, max-snippet:-1, max-image-preview:large, max-video-preview:-1\" \/>\n<link rel=\"canonical\" href=\"https:\/\/www.ellesaussi.org\/?p=1953\" \/>\n<meta property=\"og:locale\" content=\"fr_FR\" \/>\n<meta property=\"og:type\" content=\"article\" \/>\n<meta property=\"og:title\" content=\"La parit\u00e9 dans les EPCI, quels enjeux pour la d\u00e9mocratie locale? \u00e0 Annecy - Elles Aussi\" \/>\n<meta property=\"og:description\" content=\"Le 10 novembre \u00e0 Annecy, Elles aussi organise une conf\u00e9rence intitul\u00e9e: \u00ab\u00a0La parit\u00e9 dans les EPCI, quels enjeux pour la d\u00e9mocratie locale?\u00a0\u00bb r\u00e9unissant\u00a0 dans une table-ronde plusieurs \u00e9lu.e.s de Haute Savoie. \u00a0 Programme conf\u00e9rence 10 novembre 2017 \u00e0 Annecy Objectif 2020 : La parit\u00e9 dans les intercommunalit\u00e9s Ouverture-19h Reine Lepinay -Pr\u00e9sidente du r\u00e9seau Elles aussi, [&hellip;]\" \/>\n<meta property=\"og:url\" content=\"https:\/\/www.ellesaussi.org\/?p=1953\" \/>\n<meta property=\"og:site_name\" content=\"Elles Aussi\" \/>\n<meta property=\"article:publisher\" content=\"https:\/\/www.facebook.com\/ellesaussi\/\" \/>\n<meta property=\"article:published_time\" content=\"2017-11-07T10:54:00+00:00\" \/>\n<meta property=\"article:modified_time\" content=\"2024-11-08T10:57:10+00:00\" \/>\n<meta property=\"og:image\" content=\"https:\/\/www.ellesaussi.org\/wp-content\/uploads\/2024\/10\/appel-du-18-juin-2024-Elles-aussi.jpg\" \/>\n\t<meta property=\"og:image:width\" content=\"200\" \/>\n\t<meta property=\"og:image:height\" content=\"144\" \/>\n\t<meta property=\"og:image:type\" content=\"image\/jpeg\" \/>\n<meta name=\"author\" content=\"admin\" \/>\n<meta name=\"twitter:card\" content=\"summary_large_image\" \/>\n<meta name=\"twitter:label1\" content=\"\u00c9crit par\" \/>\n\t<meta name=\"twitter:data1\" content=\"admin\" \/>\n\t<meta name=\"twitter:label2\" content=\"Dur\u00e9e de lecture estim\u00e9e\" \/>\n\t<meta name=\"twitter:data2\" content=\"2 minutes\" \/>\n<script type=\"application\/ld+json\" class=\"yoast-schema-graph\">{\"@context\":\"https:\/\/schema.org\",\"@graph\":[{\"@type\":\"Article\",\"@id\":\"https:\/\/www.ellesaussi.org\/?p=1953#article\",\"isPartOf\":{\"@id\":\"https:\/\/www.ellesaussi.org\/?p=1953\"},\"author\":{\"name\":\"admin\",\"@id\":\"https:\/\/www.ellesaussi.org\/#\/schema\/person\/eeca4be50db30b5dbb39f78fc3364160\"},\"headline\":\"La parit\u00e9 dans les EPCI, quels enjeux pour la d\u00e9mocratie locale? \u00e0 Annecy\",\"datePublished\":\"2017-11-07T10:54:00+00:00\",\"dateModified\":\"2024-11-08T10:57:10+00:00\",\"mainEntityOfPage\":{\"@id\":\"https:\/\/www.ellesaussi.org\/?p=1953\"},\"wordCount\":354,\"publisher\":{\"@id\":\"https:\/\/www.ellesaussi.org\/#organization\"},\"image\":{\"@id\":\"https:\/\/www.ellesaussi.org\/?p=1953#primaryimage\"},\"thumbnailUrl\":\"https:\/\/www.ellesaussi.org\/wp-content\/uploads\/2024\/10\/appel-du-18-juin-2024-Elles-aussi.jpg\",\"articleSection\":[\"Calendrier de notre mobilisation\"],\"inLanguage\":\"fr-FR\"},{\"@type\":\"WebPage\",\"@id\":\"https:\/\/www.ellesaussi.org\/?p=1953\",\"url\":\"https:\/\/www.ellesaussi.org\/?p=1953\",\"name\":\"La parit\u00e9 dans les EPCI, quels enjeux pour la d\u00e9mocratie locale? \u00e0 Annecy - Elles Aussi\",\"isPartOf\":{\"@id\":\"https:\/\/www.ellesaussi.org\/#website\"},\"primaryImageOfPage\":{\"@id\":\"https:\/\/www.ellesaussi.org\/?p=1953#primaryimage\"},\"image\":{\"@id\":\"https:\/\/www.ellesaussi.org\/?p=1953#primaryimage\"},\"thumbnailUrl\":\"https:\/\/www.ellesaussi.org\/wp-content\/uploads\/2024\/10\/appel-du-18-juin-2024-Elles-aussi.jpg\",\"datePublished\":\"2017-11-07T10:54:00+00:00\",\"dateModified\":\"2024-11-08T10:57:10+00:00\",\"breadcrumb\":{\"@id\":\"https:\/\/www.ellesaussi.org\/?p=1953#breadcrumb\"},\"inLanguage\":\"fr-FR\",\"potentialAction\":[{\"@type\":\"ReadAction\",\"target\":[\"https:\/\/www.ellesaussi.org\/?p=1953\"]}]},{\"@type\":\"ImageObject\",\"inLanguage\":\"fr-FR\",\"@id\":\"https:\/\/www.ellesaussi.org\/?p=1953#primaryimage\",\"url\":\"https:\/\/www.ellesaussi.org\/wp-content\/uploads\/2024\/10\/appel-du-18-juin-2024-Elles-aussi.jpg\",\"contentUrl\":\"https:\/\/www.ellesaussi.org\/wp-content\/uploads\/2024\/10\/appel-du-18-juin-2024-Elles-aussi.jpg\",\"width\":200,\"height\":144},{\"@type\":\"BreadcrumbList\",\"@id\":\"https:\/\/www.ellesaussi.org\/?p=1953#breadcrumb\",\"itemListElement\":[{\"@type\":\"ListItem\",\"position\":1,\"name\":\"Accueil\",\"item\":\"https:\/\/www.ellesaussi.org\/\"},{\"@type\":\"ListItem\",\"position\":2,\"name\":\"La parit\u00e9 dans les EPCI, quels enjeux pour la d\u00e9mocratie locale? \u00e0 Annecy\"}]},{\"@type\":\"WebSite\",\"@id\":\"https:\/\/www.ellesaussi.org\/#website\",\"url\":\"https:\/\/www.ellesaussi.org\/\",\"name\":\"Elles Aussi\",\"description\":\"\",\"publisher\":{\"@id\":\"https:\/\/www.ellesaussi.org\/#organization\"},\"potentialAction\":[{\"@type\":\"SearchAction\",\"target\":{\"@type\":\"EntryPoint\",\"urlTemplate\":\"https:\/\/www.ellesaussi.org\/?s={search_term_string}\"},\"query-input\":\"required name=search_term_string\"}],\"inLanguage\":\"fr-FR\"},{\"@type\":\"Organization\",\"@id\":\"https:\/\/www.ellesaussi.org\/#organization\",\"name\":\"Elles Aussi\",\"url\":\"https:\/\/www.ellesaussi.org\/\",\"logo\":{\"@type\":\"ImageObject\",\"inLanguage\":\"fr-FR\",\"@id\":\"https:\/\/www.ellesaussi.org\/#\/schema\/logo\/image\/\",\"url\":\"https:\/\/www.ellesaussi.org\/wp-content\/uploads\/2024\/05\/Elles-aussi_logotype_rouge.png\",\"contentUrl\":\"https:\/\/www.ellesaussi.org\/wp-content\/uploads\/2024\/05\/Elles-aussi_logotype_rouge.png\",\"width\":3472,\"height\":2480,\"caption\":\"Elles Aussi\"},\"image\":{\"@id\":\"https:\/\/www.ellesaussi.org\/#\/schema\/logo\/image\/\"},\"sameAs\":[\"https:\/\/www.facebook.com\/ellesaussi\/\"]},{\"@type\":\"Person\",\"@id\":\"https:\/\/www.ellesaussi.org\/#\/schema\/person\/eeca4be50db30b5dbb39f78fc3364160\",\"name\":\"admin\",\"image\":{\"@type\":\"ImageObject\",\"inLanguage\":\"fr-FR\",\"@id\":\"https:\/\/www.ellesaussi.org\/#\/schema\/person\/image\/\",\"url\":\"https:\/\/secure.gravatar.com\/avatar\/62da4937aa6d6b509192861c0b966204a1b742b2814f6387fa08fe6c98a8729c?s=96&d=mm&r=g\",\"contentUrl\":\"https:\/\/secure.gravatar.com\/avatar\/62da4937aa6d6b509192861c0b966204a1b742b2814f6387fa08fe6c98a8729c?s=96&d=mm&r=g\",\"caption\":\"admin\"},\"sameAs\":[\"https:\/\/elles129186.webdb78.lwspanel.com\"],\"url\":\"https:\/\/www.ellesaussi.org\/?author=1\"}]}<\/script>\n<!-- \/ Yoast SEO plugin. -->","yoast_head_json":{"title":"La parit\u00e9 dans les EPCI, quels enjeux pour la d\u00e9mocratie locale? \u00e0 Annecy - Elles Aussi","robots":{"index":"index","follow":"follow","max-snippet":"max-snippet:-1","max-image-preview":"max-image-preview:large","max-video-preview":"max-video-preview:-1"},"canonical":"https:\/\/www.ellesaussi.org\/?p=1953","og_locale":"fr_FR","og_type":"article","og_title":"La parit\u00e9 dans les EPCI, quels enjeux pour la d\u00e9mocratie locale? \u00e0 Annecy - Elles Aussi","og_description":"Le 10 novembre \u00e0 Annecy, Elles aussi organise une conf\u00e9rence intitul\u00e9e: \u00ab\u00a0La parit\u00e9 dans les EPCI, quels enjeux pour la d\u00e9mocratie locale?\u00a0\u00bb r\u00e9unissant\u00a0 dans une table-ronde plusieurs \u00e9lu.e.s de Haute Savoie. \u00a0 Programme conf\u00e9rence 10 novembre 2017 \u00e0 Annecy Objectif 2020 : La parit\u00e9 dans les intercommunalit\u00e9s Ouverture-19h Reine Lepinay -Pr\u00e9sidente du r\u00e9seau Elles aussi, [&hellip;]","og_url":"https:\/\/www.ellesaussi.org\/?p=1953","og_site_name":"Elles Aussi","article_publisher":"https:\/\/www.facebook.com\/ellesaussi\/","article_published_time":"2017-11-07T10:54:00+00:00","article_modified_time":"2024-11-08T10:57:10+00:00","og_image":[{"width":200,"height":144,"url":"https:\/\/www.ellesaussi.org\/wp-content\/uploads\/2024\/10\/appel-du-18-juin-2024-Elles-aussi.jpg","type":"image\/jpeg"}],"author":"admin","twitter_card":"summary_large_image","twitter_misc":{"\u00c9crit par":"admin","Dur\u00e9e de lecture estim\u00e9e":"2 minutes"},"schema":{"@context":"https:\/\/schema.org","@graph":[{"@type":"Article","@id":"https:\/\/www.ellesaussi.org\/?p=1953#article","isPartOf":{"@id":"https:\/\/www.ellesaussi.org\/?p=1953"},"author":{"name":"admin","@id":"https:\/\/www.ellesaussi.org\/#\/schema\/person\/eeca4be50db30b5dbb39f78fc3364160"},"headline":"La parit\u00e9 dans les EPCI, quels enjeux pour la d\u00e9mocratie locale? \u00e0 Annecy","datePublished":"2017-11-07T10:54:00+00:00","dateModified":"2024-11-08T10:57:10+00:00","mainEntityOfPage":{"@id":"https:\/\/www.ellesaussi.org\/?p=1953"},"wordCount":354,"publisher":{"@id":"https:\/\/www.ellesaussi.org\/#organization"},"image":{"@id":"https:\/\/www.ellesaussi.org\/?p=1953#primaryimage"},"thumbnailUrl":"https:\/\/www.ellesaussi.org\/wp-content\/uploads\/2024\/10\/appel-du-18-juin-2024-Elles-aussi.jpg","articleSection":["Calendrier de notre mobilisation"],"inLanguage":"fr-FR"},{"@type":"WebPage","@id":"https:\/\/www.ellesaussi.org\/?p=1953","url":"https:\/\/www.ellesaussi.org\/?p=1953","name":"La parit\u00e9 dans les EPCI, quels enjeux pour la d\u00e9mocratie locale? \u00e0 Annecy - Elles Aussi","isPartOf":{"@id":"https:\/\/www.ellesaussi.org\/#website"},"primaryImageOfPage":{"@id":"https:\/\/www.ellesaussi.org\/?p=1953#primaryimage"},"image":{"@id":"https:\/\/www.ellesaussi.org\/?p=1953#primaryimage"},"thumbnailUrl":"https:\/\/www.ellesaussi.org\/wp-content\/uploads\/2024\/10\/appel-du-18-juin-2024-Elles-aussi.jpg","datePublished":"2017-11-07T10:54:00+00:00","dateModified":"2024-11-08T10:57:10+00:00","breadcrumb":{"@id":"https:\/\/www.ellesaussi.org\/?p=1953#breadcrumb"},"inLanguage":"fr-FR","potentialAction":[{"@type":"ReadAction","target":["https:\/\/www.ellesaussi.org\/?p=1953"]}]},{"@type":"ImageObject","inLanguage":"fr-FR","@id":"https:\/\/www.ellesaussi.org\/?p=1953#primaryimage","url":"https:\/\/www.ellesaussi.org\/wp-content\/uploads\/2024\/10\/appel-du-18-juin-2024-Elles-aussi.jpg","contentUrl":"https:\/\/www.ellesaussi.org\/wp-content\/uploads\/2024\/10\/appel-du-18-juin-2024-Elles-aussi.jpg","width":200,"height":144},{"@type":"BreadcrumbList","@id":"https:\/\/www.ellesaussi.org\/?p=1953#breadcrumb","itemListElement":[{"@type":"ListItem","position":1,"name":"Accueil","item":"https:\/\/www.ellesaussi.org\/"},{"@type":"ListItem","position":2,"name":"La parit\u00e9 dans les EPCI, quels enjeux pour la d\u00e9mocratie locale? \u00e0 Annecy"}]},{"@type":"WebSite","@id":"https:\/\/www.ellesaussi.org\/#website","url":"https:\/\/www.ellesaussi.org\/","name":"Elles Aussi","description":"","publisher":{"@id":"https:\/\/www.ellesaussi.org\/#organization"},"potentialAction":[{"@type":"SearchAction","target":{"@type":"EntryPoint","urlTemplate":"https:\/\/www.ellesaussi.org\/?s={search_term_string}"},"query-input":"required name=search_term_string"}],"inLanguage":"fr-FR"},{"@type":"Organization","@id":"https:\/\/www.ellesaussi.org\/#organization","name":"Elles Aussi","url":"https:\/\/www.ellesaussi.org\/","logo":{"@type":"ImageObject","inLanguage":"fr-FR","@id":"https:\/\/www.ellesaussi.org\/#\/schema\/logo\/image\/","url":"https:\/\/www.ellesaussi.org\/wp-content\/uploads\/2024\/05\/Elles-aussi_logotype_rouge.png","contentUrl":"https:\/\/www.ellesaussi.org\/wp-content\/uploads\/2024\/05\/Elles-aussi_logotype_rouge.png","width":3472,"height":2480,"caption":"Elles Aussi"},"image":{"@id":"https:\/\/www.ellesaussi.org\/#\/schema\/logo\/image\/"},"sameAs":["https:\/\/www.facebook.com\/ellesaussi\/"]},{"@type":"Person","@id":"https:\/\/www.ellesaussi.org\/#\/schema\/person\/eeca4be50db30b5dbb39f78fc3364160","name":"admin","image":{"@type":"ImageObject","inLanguage":"fr-FR","@id":"https:\/\/www.ellesaussi.org\/#\/schema\/person\/image\/","url":"https:\/\/secure.gravatar.com\/avatar\/62da4937aa6d6b509192861c0b966204a1b742b2814f6387fa08fe6c98a8729c?s=96&d=mm&r=g","contentUrl":"https:\/\/secure.gravatar.com\/avatar\/62da4937aa6d6b509192861c0b966204a1b742b2814f6387fa08fe6c98a8729c?s=96&d=mm&r=g","caption":"admin"},"sameAs":["https:\/\/elles129186.webdb78.lwspanel.com"],"url":"https:\/\/www.ellesaussi.org\/?author=1"}]}},"_links":{"self":[{"href":"https:\/\/www.ellesaussi.org\/index.php?rest_route=\/wp\/v2\/posts\/1953","targetHints":{"allow":["GET"]}}],"collection":[{"href":"https:\/\/www.ellesaussi.org\/index.php?rest_route=\/wp\/v2\/posts"}],"about":[{"href":"https:\/\/www.ellesaussi.org\/index.php?rest_route=\/wp\/v2\/types\/post"}],"author":[{"embeddable":true,"href":"https:\/\/www.ellesaussi.org\/index.php?rest_route=\/wp\/v2\/users\/1"}],"replies":[{"embeddable":true,"href":"https:\/\/www.ellesaussi.org\/index.php?rest_route=%2Fwp%2Fv2%2Fcomments&post=1953"}],"version-history":[{"count":4,"href":"https:\/\/www.ellesaussi.org\/index.php?rest_route=\/wp\/v2\/posts\/1953\/revisions"}],"predecessor-version":[{"id":1958,"href":"https:\/\/www.ellesaussi.org\/index.php?rest_route=\/wp\/v2\/posts\/1953\/revisions\/1958"}],"wp:featuredmedia":[{"embeddable":true,"href":"https:\/\/www.ellesaussi.org\/index.php?rest_route=\/wp\/v2\/media\/683"}],"wp:attachment":[{"href":"https:\/\/www.ellesaussi.org\/index.php?rest_route=%2Fwp%2Fv2%2Fmedia&parent=1953"}],"wp:term":[{"taxonomy":"category","embeddable":true,"href":"https:\/\/www.ellesaussi.org\/index.php?rest_route=%2Fwp%2Fv2%2Fcategories&post=1953"},{"taxonomy":"post_tag","embeddable":true,"href":"https:\/\/www.ellesaussi.org\/index.php?rest_route=%2Fwp%2Fv2%2Ftags&post=1953"}],"curies":[{"name":"wp","href":"https:\/\/api.w.org\/{rel}","templated":true}]}}