{"id":1948,"date":"2017-11-10T11:52:00","date_gmt":"2017-11-10T10:52:00","guid":{"rendered":"https:\/\/elles129186.webdb78.lwspanel.com\/?p=1948"},"modified":"2024-11-08T11:54:08","modified_gmt":"2024-11-08T10:54:08","slug":"parite-dans-les-intercommunalites-en-haute-savoie","status":"publish","type":"post","link":"https:\/\/www.ellesaussi.org\/?p=1948","title":{"rendered":"Parit\u00e9 dans les intercommunalit\u00e9s en Haute Savoie ?"},"content":{"rendered":"\t\t<div data-elementor-type=\"wp-post\" data-elementor-id=\"1948\" class=\"elementor elementor-1948\" data-elementor-post-type=\"post\">\n\t\t\t\t<div class=\"elementor-element elementor-element-ab1c9de e-flex e-con-boxed e-con e-parent\" data-id=\"ab1c9de\" data-element_type=\"container\">\n\t\t\t\t\t<div class=\"e-con-inner\">\n\t\t\t\t<div class=\"elementor-element elementor-element-2509876 elementor-widget elementor-widget-text-editor\" data-id=\"2509876\" data-element_type=\"widget\" data-widget_type=\"text-editor.default\">\n\t\t\t\t<div class=\"elementor-widget-container\">\n\t\t\t\t\t\t\t<p><strong>Parit\u00e9 dans les intercommunalit\u00e9s en Haute Savoie ?<br \/><\/strong> <br \/><strong>Encore un effort n\u00e9cessaire !<\/strong> <br \/>R\u00e9union d\u2019\u00e9lu.e.s pour en parler, vendredi 10 novembre \u00e0 Annecy, \u00e0 l\u2019initiative de l\u2019antenne r\u00e9gionale du r\u00e9seau Elles aussi, avec le soutien de la municipalit\u00e9 et en pr\u00e9sence de Jean-Luc Rigaut, pr\u00e9sident de l&rsquo;Assembl\u00e9e des communaut\u00e9s de France (AdCF).<br \/><br \/><strong>Parit\u00e9 \u00e0 la peine dans les intercos\u2026<\/strong> <br \/>L\u2019enqu\u00eate nationale r\u00e9alis\u00e9e en 2015 par Elles aussi l\u2019a montr\u00e9. Avec 32% de conseill\u00e8res communautaires, 18% de femmes dans les ex\u00e9cutifs resserr\u00e9s (pr\u00e9sidence et vice-pr\u00e9sidences) et 8% de pr\u00e9sidentes, les intercos sont \u00e0 la tra\u00eene de la d\u00e9mocratie locale. La haute Savoie se situait alors au dessus de cette moyenne nationale (avec des pourcentages respectifs de 37%, 18% et 10%). Les recompositions d\u2019EPCI effectu\u00e9es au 1er janvier 2017, ont eu pour effet une diminution de la proportion de femmes dans les conseils des EPCI concern\u00e9s et la perte d\u2019une pr\u00e9sidente sur les trois, mais elles n\u2019ont pas modifi\u00e9 la donne g\u00e9n\u00e9rale. <br \/>Certes l\u2019\u00e9lection des conseillers communautaires par fl\u00e9chage en 2014 a marqu\u00e9 un progr\u00e8s, mais le fl\u00e9chage en l\u2019\u00e9tat est insuffisant. Il n\u2019a \u00e9t\u00e9 que partiel, limit\u00e9 aux communes de 1000habitants et plus. Et la rigidit\u00e9 du syst\u00e8me a entra\u00een\u00e9 un cumul structurellement obligatoire entre les fonctions ex\u00e9cutives municipales et intercommunales. Or, les femmes ne sont ici qu\u2019\u00e0 peine 14% des maires et pour les deux-tiers d\u2019entre elles \u00e0 la t\u00eate d\u2019une commune de moins de 1000 habitants !<br \/><br \/><strong>Parit\u00e9 juste atteinte dans la repr\u00e9sentation nationale\u2026<\/strong> <br \/>La Haute Savoie est repr\u00e9sent\u00e9e au S\u00e9nat par 3 hommes et \u00e0 l\u2019Assembl\u00e9e nationale par 6 d\u00e9put\u00e9.e.s dont 4 femmes. Le s\u00e9nateur Cyril Pellevat et la d\u00e9put\u00e9e, de la 2\u00e8me circonscription Fr\u00e9d\u00e9rique Lardet \u00e9taient pr\u00e9sents. Il et elle se veulent positifs, car si dans la r\u00e9forme des institutions \u00e0 venir cet aspect n\u2019est sans doute pas envisag\u00e9, pourquoi ne pas saisir l\u2019opportunit\u00e9 de cette situation \u00e9volutive pour porter la question d\u2019une am\u00e9lioration et d\u2019un assouplissement du mode de scrutin par fl\u00e9chage lors des prochaines \u00e9lections municipales ? Le tour de France de l\u2019\u00e9galit\u00e9 de Marl\u00e8ne Schiappa offre aussi une occasion de rappeler que parit\u00e9 politique et politiques publiques d\u2019\u00e9galit\u00e9 ont partis li\u00e9s !<br \/><br \/><strong>La d\u00e9mocratie locale au regard des \u00e9lus, femmes et hommes\u2026<\/strong> <br \/>Les points abord\u00e9s par les deux vice-pr\u00e9sidentes du Grand Annecy Agglom\u00e9ration, Christiane Laydevant, maire d\u00e9l\u00e9gu\u00e9e de Meythet, et Marie-Luce Perdrix, maire de Gruffy, ont trouv\u00e9 un large \u00e9cho au sein des participant.e.s.<\/p><ul><li>Un mandat est un moment d\u2019une vie totalement donn\u00e9 \u00e0 la communaut\u00e9 et les femmes mesurent plus souvent que les hommes, avant de s\u2019engager, la somme des r\u00e9organisations et risques que cela leur fera courir \u2013 \u00e9quilibre affectif et familial, parcours professionnel\u2026- Mais une fois lanc\u00e9es, elles sont tenaces, conscientes de leurs comp\u00e9tences et ont compris qu\u2019on ne leur donnera rien si elles restent dans une posture d\u2019attente d\u2019\u00eatre choisies.<\/li><li>Toutes et tous s\u2019accordent sur la limitation n\u00e9cessaire du cumul des mandats dans l\u2019espace et dans le temps. Limiter ne prend sens qu\u2019avec une am\u00e9lioration du statut de l\u2019\u00e9lu.e, lui permettant de faire reconna\u00eetre les comp\u00e9tences acquises en cours de mandat et retrouver sa place sociale et son travail \u00e0 la fin du mandat, parfois brutale. <\/li><\/ul>\t\t\t\t\t\t<\/div>\n\t\t\t\t<\/div>\n\t\t\t\t\t<\/div>\n\t\t\t\t<\/div>\n\t\t\t\t<\/div>\n\t\t","protected":false},"excerpt":{"rendered":"<p>Parit\u00e9 dans les intercommunalit\u00e9s en Haute Savoie ? Encore un effort n\u00e9cessaire ! R\u00e9union d\u2019\u00e9lu.e.s pour en parler, vendredi 10 novembre \u00e0 Annecy, \u00e0 l\u2019initiative de l\u2019antenne r\u00e9gionale du r\u00e9seau Elles aussi, avec le soutien de la municipalit\u00e9 et en pr\u00e9sence de Jean-Luc Rigaut, pr\u00e9sident de l&rsquo;Assembl\u00e9e des communaut\u00e9s de France (AdCF). Parit\u00e9 \u00e0 la [&hellip;]<\/p>\n","protected":false},"author":1,"featured_media":683,"comment_status":"closed","ping_status":"closed","sticky":false,"template":"","format":"standard","meta":{"footnotes":""},"categories":[47],"tags":[],"class_list":["post-1948","post","type-post","status-publish","format-standard","has-post-thumbnail","hentry","category-calendrier-de-notre-mobilisation"],"yoast_head":"<!-- This site is optimized with the Yoast SEO plugin v22.8 - https:\/\/yoast.com\/wordpress\/plugins\/seo\/ -->\n<title>Parit\u00e9 dans les intercommunalit\u00e9s en Haute Savoie ? - Elles Aussi<\/title>\n<meta name=\"robots\" content=\"index, follow, max-snippet:-1, max-image-preview:large, max-video-preview:-1\" \/>\n<link rel=\"canonical\" href=\"https:\/\/www.ellesaussi.org\/?p=1948\" \/>\n<meta property=\"og:locale\" content=\"fr_FR\" \/>\n<meta property=\"og:type\" content=\"article\" \/>\n<meta property=\"og:title\" content=\"Parit\u00e9 dans les intercommunalit\u00e9s en Haute Savoie ? - Elles Aussi\" \/>\n<meta property=\"og:description\" content=\"Parit\u00e9 dans les intercommunalit\u00e9s en Haute Savoie ? Encore un effort n\u00e9cessaire ! R\u00e9union d\u2019\u00e9lu.e.s pour en parler, vendredi 10 novembre \u00e0 Annecy, \u00e0 l\u2019initiative de l\u2019antenne r\u00e9gionale du r\u00e9seau Elles aussi, avec le soutien de la municipalit\u00e9 et en pr\u00e9sence de Jean-Luc Rigaut, pr\u00e9sident de l&rsquo;Assembl\u00e9e des communaut\u00e9s de France (AdCF). Parit\u00e9 \u00e0 la [&hellip;]\" \/>\n<meta property=\"og:url\" content=\"https:\/\/www.ellesaussi.org\/?p=1948\" \/>\n<meta property=\"og:site_name\" content=\"Elles Aussi\" \/>\n<meta property=\"article:publisher\" content=\"https:\/\/www.facebook.com\/ellesaussi\/\" \/>\n<meta property=\"article:published_time\" content=\"2017-11-10T10:52:00+00:00\" \/>\n<meta property=\"article:modified_time\" content=\"2024-11-08T10:54:08+00:00\" \/>\n<meta property=\"og:image\" content=\"https:\/\/www.ellesaussi.org\/wp-content\/uploads\/2024\/10\/appel-du-18-juin-2024-Elles-aussi.jpg\" \/>\n\t<meta property=\"og:image:width\" content=\"200\" \/>\n\t<meta property=\"og:image:height\" content=\"144\" \/>\n\t<meta property=\"og:image:type\" content=\"image\/jpeg\" \/>\n<meta name=\"author\" content=\"admin\" \/>\n<meta name=\"twitter:card\" content=\"summary_large_image\" \/>\n<meta name=\"twitter:label1\" content=\"\u00c9crit par\" \/>\n\t<meta name=\"twitter:data1\" content=\"admin\" \/>\n\t<meta name=\"twitter:label2\" content=\"Dur\u00e9e de lecture estim\u00e9e\" \/>\n\t<meta name=\"twitter:data2\" content=\"3 minutes\" \/>\n<script type=\"application\/ld+json\" class=\"yoast-schema-graph\">{\"@context\":\"https:\/\/schema.org\",\"@graph\":[{\"@type\":\"Article\",\"@id\":\"https:\/\/www.ellesaussi.org\/?p=1948#article\",\"isPartOf\":{\"@id\":\"https:\/\/www.ellesaussi.org\/?p=1948\"},\"author\":{\"name\":\"admin\",\"@id\":\"https:\/\/www.ellesaussi.org\/#\/schema\/person\/eeca4be50db30b5dbb39f78fc3364160\"},\"headline\":\"Parit\u00e9 dans les intercommunalit\u00e9s en Haute Savoie ?\",\"datePublished\":\"2017-11-10T10:52:00+00:00\",\"dateModified\":\"2024-11-08T10:54:08+00:00\",\"mainEntityOfPage\":{\"@id\":\"https:\/\/www.ellesaussi.org\/?p=1948\"},\"wordCount\":605,\"publisher\":{\"@id\":\"https:\/\/www.ellesaussi.org\/#organization\"},\"image\":{\"@id\":\"https:\/\/www.ellesaussi.org\/?p=1948#primaryimage\"},\"thumbnailUrl\":\"https:\/\/www.ellesaussi.org\/wp-content\/uploads\/2024\/10\/appel-du-18-juin-2024-Elles-aussi.jpg\",\"articleSection\":[\"Calendrier de notre mobilisation\"],\"inLanguage\":\"fr-FR\"},{\"@type\":\"WebPage\",\"@id\":\"https:\/\/www.ellesaussi.org\/?p=1948\",\"url\":\"https:\/\/www.ellesaussi.org\/?p=1948\",\"name\":\"Parit\u00e9 dans les intercommunalit\u00e9s en Haute Savoie ? - Elles Aussi\",\"isPartOf\":{\"@id\":\"https:\/\/www.ellesaussi.org\/#website\"},\"primaryImageOfPage\":{\"@id\":\"https:\/\/www.ellesaussi.org\/?p=1948#primaryimage\"},\"image\":{\"@id\":\"https:\/\/www.ellesaussi.org\/?p=1948#primaryimage\"},\"thumbnailUrl\":\"https:\/\/www.ellesaussi.org\/wp-content\/uploads\/2024\/10\/appel-du-18-juin-2024-Elles-aussi.jpg\",\"datePublished\":\"2017-11-10T10:52:00+00:00\",\"dateModified\":\"2024-11-08T10:54:08+00:00\",\"breadcrumb\":{\"@id\":\"https:\/\/www.ellesaussi.org\/?p=1948#breadcrumb\"},\"inLanguage\":\"fr-FR\",\"potentialAction\":[{\"@type\":\"ReadAction\",\"target\":[\"https:\/\/www.ellesaussi.org\/?p=1948\"]}]},{\"@type\":\"ImageObject\",\"inLanguage\":\"fr-FR\",\"@id\":\"https:\/\/www.ellesaussi.org\/?p=1948#primaryimage\",\"url\":\"https:\/\/www.ellesaussi.org\/wp-content\/uploads\/2024\/10\/appel-du-18-juin-2024-Elles-aussi.jpg\",\"contentUrl\":\"https:\/\/www.ellesaussi.org\/wp-content\/uploads\/2024\/10\/appel-du-18-juin-2024-Elles-aussi.jpg\",\"width\":200,\"height\":144},{\"@type\":\"BreadcrumbList\",\"@id\":\"https:\/\/www.ellesaussi.org\/?p=1948#breadcrumb\",\"itemListElement\":[{\"@type\":\"ListItem\",\"position\":1,\"name\":\"Accueil\",\"item\":\"https:\/\/www.ellesaussi.org\/\"},{\"@type\":\"ListItem\",\"position\":2,\"name\":\"Parit\u00e9 dans les intercommunalit\u00e9s en Haute Savoie ?\"}]},{\"@type\":\"WebSite\",\"@id\":\"https:\/\/www.ellesaussi.org\/#website\",\"url\":\"https:\/\/www.ellesaussi.org\/\",\"name\":\"Elles Aussi\",\"description\":\"\",\"publisher\":{\"@id\":\"https:\/\/www.ellesaussi.org\/#organization\"},\"potentialAction\":[{\"@type\":\"SearchAction\",\"target\":{\"@type\":\"EntryPoint\",\"urlTemplate\":\"https:\/\/www.ellesaussi.org\/?s={search_term_string}\"},\"query-input\":\"required name=search_term_string\"}],\"inLanguage\":\"fr-FR\"},{\"@type\":\"Organization\",\"@id\":\"https:\/\/www.ellesaussi.org\/#organization\",\"name\":\"Elles Aussi\",\"url\":\"https:\/\/www.ellesaussi.org\/\",\"logo\":{\"@type\":\"ImageObject\",\"inLanguage\":\"fr-FR\",\"@id\":\"https:\/\/www.ellesaussi.org\/#\/schema\/logo\/image\/\",\"url\":\"https:\/\/www.ellesaussi.org\/wp-content\/uploads\/2024\/05\/Elles-aussi_logotype_rouge.png\",\"contentUrl\":\"https:\/\/www.ellesaussi.org\/wp-content\/uploads\/2024\/05\/Elles-aussi_logotype_rouge.png\",\"width\":3472,\"height\":2480,\"caption\":\"Elles Aussi\"},\"image\":{\"@id\":\"https:\/\/www.ellesaussi.org\/#\/schema\/logo\/image\/\"},\"sameAs\":[\"https:\/\/www.facebook.com\/ellesaussi\/\"]},{\"@type\":\"Person\",\"@id\":\"https:\/\/www.ellesaussi.org\/#\/schema\/person\/eeca4be50db30b5dbb39f78fc3364160\",\"name\":\"admin\",\"image\":{\"@type\":\"ImageObject\",\"inLanguage\":\"fr-FR\",\"@id\":\"https:\/\/www.ellesaussi.org\/#\/schema\/person\/image\/\",\"url\":\"https:\/\/secure.gravatar.com\/avatar\/62da4937aa6d6b509192861c0b966204a1b742b2814f6387fa08fe6c98a8729c?s=96&d=mm&r=g\",\"contentUrl\":\"https:\/\/secure.gravatar.com\/avatar\/62da4937aa6d6b509192861c0b966204a1b742b2814f6387fa08fe6c98a8729c?s=96&d=mm&r=g\",\"caption\":\"admin\"},\"sameAs\":[\"https:\/\/elles129186.webdb78.lwspanel.com\"],\"url\":\"https:\/\/www.ellesaussi.org\/?author=1\"}]}<\/script>\n<!-- \/ Yoast SEO plugin. -->","yoast_head_json":{"title":"Parit\u00e9 dans les intercommunalit\u00e9s en Haute Savoie ? - Elles Aussi","robots":{"index":"index","follow":"follow","max-snippet":"max-snippet:-1","max-image-preview":"max-image-preview:large","max-video-preview":"max-video-preview:-1"},"canonical":"https:\/\/www.ellesaussi.org\/?p=1948","og_locale":"fr_FR","og_type":"article","og_title":"Parit\u00e9 dans les intercommunalit\u00e9s en Haute Savoie ? - Elles Aussi","og_description":"Parit\u00e9 dans les intercommunalit\u00e9s en Haute Savoie ? Encore un effort n\u00e9cessaire ! R\u00e9union d\u2019\u00e9lu.e.s pour en parler, vendredi 10 novembre \u00e0 Annecy, \u00e0 l\u2019initiative de l\u2019antenne r\u00e9gionale du r\u00e9seau Elles aussi, avec le soutien de la municipalit\u00e9 et en pr\u00e9sence de Jean-Luc Rigaut, pr\u00e9sident de l&rsquo;Assembl\u00e9e des communaut\u00e9s de France (AdCF). Parit\u00e9 \u00e0 la [&hellip;]","og_url":"https:\/\/www.ellesaussi.org\/?p=1948","og_site_name":"Elles Aussi","article_publisher":"https:\/\/www.facebook.com\/ellesaussi\/","article_published_time":"2017-11-10T10:52:00+00:00","article_modified_time":"2024-11-08T10:54:08+00:00","og_image":[{"width":200,"height":144,"url":"https:\/\/www.ellesaussi.org\/wp-content\/uploads\/2024\/10\/appel-du-18-juin-2024-Elles-aussi.jpg","type":"image\/jpeg"}],"author":"admin","twitter_card":"summary_large_image","twitter_misc":{"\u00c9crit par":"admin","Dur\u00e9e de lecture estim\u00e9e":"3 minutes"},"schema":{"@context":"https:\/\/schema.org","@graph":[{"@type":"Article","@id":"https:\/\/www.ellesaussi.org\/?p=1948#article","isPartOf":{"@id":"https:\/\/www.ellesaussi.org\/?p=1948"},"author":{"name":"admin","@id":"https:\/\/www.ellesaussi.org\/#\/schema\/person\/eeca4be50db30b5dbb39f78fc3364160"},"headline":"Parit\u00e9 dans les intercommunalit\u00e9s en Haute Savoie ?","datePublished":"2017-11-10T10:52:00+00:00","dateModified":"2024-11-08T10:54:08+00:00","mainEntityOfPage":{"@id":"https:\/\/www.ellesaussi.org\/?p=1948"},"wordCount":605,"publisher":{"@id":"https:\/\/www.ellesaussi.org\/#organization"},"image":{"@id":"https:\/\/www.ellesaussi.org\/?p=1948#primaryimage"},"thumbnailUrl":"https:\/\/www.ellesaussi.org\/wp-content\/uploads\/2024\/10\/appel-du-18-juin-2024-Elles-aussi.jpg","articleSection":["Calendrier de notre mobilisation"],"inLanguage":"fr-FR"},{"@type":"WebPage","@id":"https:\/\/www.ellesaussi.org\/?p=1948","url":"https:\/\/www.ellesaussi.org\/?p=1948","name":"Parit\u00e9 dans les intercommunalit\u00e9s en Haute Savoie ? - Elles Aussi","isPartOf":{"@id":"https:\/\/www.ellesaussi.org\/#website"},"primaryImageOfPage":{"@id":"https:\/\/www.ellesaussi.org\/?p=1948#primaryimage"},"image":{"@id":"https:\/\/www.ellesaussi.org\/?p=1948#primaryimage"},"thumbnailUrl":"https:\/\/www.ellesaussi.org\/wp-content\/uploads\/2024\/10\/appel-du-18-juin-2024-Elles-aussi.jpg","datePublished":"2017-11-10T10:52:00+00:00","dateModified":"2024-11-08T10:54:08+00:00","breadcrumb":{"@id":"https:\/\/www.ellesaussi.org\/?p=1948#breadcrumb"},"inLanguage":"fr-FR","potentialAction":[{"@type":"ReadAction","target":["https:\/\/www.ellesaussi.org\/?p=1948"]}]},{"@type":"ImageObject","inLanguage":"fr-FR","@id":"https:\/\/www.ellesaussi.org\/?p=1948#primaryimage","url":"https:\/\/www.ellesaussi.org\/wp-content\/uploads\/2024\/10\/appel-du-18-juin-2024-Elles-aussi.jpg","contentUrl":"https:\/\/www.ellesaussi.org\/wp-content\/uploads\/2024\/10\/appel-du-18-juin-2024-Elles-aussi.jpg","width":200,"height":144},{"@type":"BreadcrumbList","@id":"https:\/\/www.ellesaussi.org\/?p=1948#breadcrumb","itemListElement":[{"@type":"ListItem","position":1,"name":"Accueil","item":"https:\/\/www.ellesaussi.org\/"},{"@type":"ListItem","position":2,"name":"Parit\u00e9 dans les intercommunalit\u00e9s en Haute Savoie ?"}]},{"@type":"WebSite","@id":"https:\/\/www.ellesaussi.org\/#website","url":"https:\/\/www.ellesaussi.org\/","name":"Elles Aussi","description":"","publisher":{"@id":"https:\/\/www.ellesaussi.org\/#organization"},"potentialAction":[{"@type":"SearchAction","target":{"@type":"EntryPoint","urlTemplate":"https:\/\/www.ellesaussi.org\/?s={search_term_string}"},"query-input":"required name=search_term_string"}],"inLanguage":"fr-FR"},{"@type":"Organization","@id":"https:\/\/www.ellesaussi.org\/#organization","name":"Elles Aussi","url":"https:\/\/www.ellesaussi.org\/","logo":{"@type":"ImageObject","inLanguage":"fr-FR","@id":"https:\/\/www.ellesaussi.org\/#\/schema\/logo\/image\/","url":"https:\/\/www.ellesaussi.org\/wp-content\/uploads\/2024\/05\/Elles-aussi_logotype_rouge.png","contentUrl":"https:\/\/www.ellesaussi.org\/wp-content\/uploads\/2024\/05\/Elles-aussi_logotype_rouge.png","width":3472,"height":2480,"caption":"Elles Aussi"},"image":{"@id":"https:\/\/www.ellesaussi.org\/#\/schema\/logo\/image\/"},"sameAs":["https:\/\/www.facebook.com\/ellesaussi\/"]},{"@type":"Person","@id":"https:\/\/www.ellesaussi.org\/#\/schema\/person\/eeca4be50db30b5dbb39f78fc3364160","name":"admin","image":{"@type":"ImageObject","inLanguage":"fr-FR","@id":"https:\/\/www.ellesaussi.org\/#\/schema\/person\/image\/","url":"https:\/\/secure.gravatar.com\/avatar\/62da4937aa6d6b509192861c0b966204a1b742b2814f6387fa08fe6c98a8729c?s=96&d=mm&r=g","contentUrl":"https:\/\/secure.gravatar.com\/avatar\/62da4937aa6d6b509192861c0b966204a1b742b2814f6387fa08fe6c98a8729c?s=96&d=mm&r=g","caption":"admin"},"sameAs":["https:\/\/elles129186.webdb78.lwspanel.com"],"url":"https:\/\/www.ellesaussi.org\/?author=1"}]}},"_links":{"self":[{"href":"https:\/\/www.ellesaussi.org\/index.php?rest_route=\/wp\/v2\/posts\/1948","targetHints":{"allow":["GET"]}}],"collection":[{"href":"https:\/\/www.ellesaussi.org\/index.php?rest_route=\/wp\/v2\/posts"}],"about":[{"href":"https:\/\/www.ellesaussi.org\/index.php?rest_route=\/wp\/v2\/types\/post"}],"author":[{"embeddable":true,"href":"https:\/\/www.ellesaussi.org\/index.php?rest_route=\/wp\/v2\/users\/1"}],"replies":[{"embeddable":true,"href":"https:\/\/www.ellesaussi.org\/index.php?rest_route=%2Fwp%2Fv2%2Fcomments&post=1948"}],"version-history":[{"count":4,"href":"https:\/\/www.ellesaussi.org\/index.php?rest_route=\/wp\/v2\/posts\/1948\/revisions"}],"predecessor-version":[{"id":1952,"href":"https:\/\/www.ellesaussi.org\/index.php?rest_route=\/wp\/v2\/posts\/1948\/revisions\/1952"}],"wp:featuredmedia":[{"embeddable":true,"href":"https:\/\/www.ellesaussi.org\/index.php?rest_route=\/wp\/v2\/media\/683"}],"wp:attachment":[{"href":"https:\/\/www.ellesaussi.org\/index.php?rest_route=%2Fwp%2Fv2%2Fmedia&parent=1948"}],"wp:term":[{"taxonomy":"category","embeddable":true,"href":"https:\/\/www.ellesaussi.org\/index.php?rest_route=%2Fwp%2Fv2%2Fcategories&post=1948"},{"taxonomy":"post_tag","embeddable":true,"href":"https:\/\/www.ellesaussi.org\/index.php?rest_route=%2Fwp%2Fv2%2Ftags&post=1948"}],"curies":[{"name":"wp","href":"https:\/\/api.w.org\/{rel}","templated":true}]}}