{"id":1938,"date":"2017-12-11T11:48:00","date_gmt":"2017-12-11T10:48:00","guid":{"rendered":"https:\/\/elles129186.webdb78.lwspanel.com\/?p=1938"},"modified":"2024-11-08T11:51:56","modified_gmt":"2024-11-08T10:51:56","slug":"tour-de-france-de-legalite-femmes-hommes-a-mulhouse-femmes-dalsace-vous-invite","status":"publish","type":"post","link":"https:\/\/www.ellesaussi.org\/?p=1938","title":{"rendered":"Tour de France de l\u2019\u00e9galit\u00e9 femmes\/hommes \u00e0 Mulhouse, Femmes d\u2019Alsace vous invite."},"content":{"rendered":"\t\t<div data-elementor-type=\"wp-post\" data-elementor-id=\"1938\" class=\"elementor elementor-1938\" data-elementor-post-type=\"post\">\n\t\t\t\t<div class=\"elementor-element elementor-element-f6a2fbf e-flex e-con-boxed e-con e-parent\" data-id=\"f6a2fbf\" data-element_type=\"container\">\n\t\t\t\t\t<div class=\"e-con-inner\">\n\t\t\t\t<div class=\"elementor-element elementor-element-d3ac3b1 elementor-widget elementor-widget-text-editor\" data-id=\"d3ac3b1\" data-element_type=\"widget\" data-widget_type=\"text-editor.default\">\n\t\t\t\t<div class=\"elementor-widget-container\">\n\t\t\t\t\t\t\t<h4><strong>\u00ab Pas assez d\u2019entraide entre les femmes \u00bb<\/strong><\/h4><p><strong>Dans le cadre du tour de France de l\u2019\u00e9galit\u00e9 femmes-hommes, organis\u00e9e par la secr\u00e9taire d\u2019\u00c9tat Marl\u00e8ne Schiappa, une rencontre avait lieu hier \u00e0 Mulhouse avec des membres de l\u2019association Femmes d\u2019Alsace et des \u00e9lues. Plusieurs pistes ont \u00e9t\u00e9 d\u00e9gag\u00e9es et seront transmises au niveau national.<\/strong><\/p><p><img fetchpriority=\"high\" decoding=\"async\" class=\"aligncenter size-full wp-image-1940\" src=\"https:\/\/elles129186.webdb78.lwspanel.com\/wp-content\/uploads\/2024\/11\/mulhouseperspec2020.jpg\" alt=\"\" width=\"860\" height=\"620\" srcset=\"https:\/\/www.ellesaussi.org\/wp-content\/uploads\/2024\/11\/mulhouseperspec2020.jpg 860w, https:\/\/www.ellesaussi.org\/wp-content\/uploads\/2024\/11\/mulhouseperspec2020-300x216.jpg 300w, https:\/\/www.ellesaussi.org\/wp-content\/uploads\/2024\/11\/mulhouseperspec2020-768x554.jpg 768w\" sizes=\"(max-width: 860px) 100vw, 860px\" \/><em>Filles et gar\u00e7ons sont-ils \u00e9gaux devant la politique ? Pas s\u00fbr, r\u00e9pondent les \u00e9lues r\u00e9unies, hier \u00e0 Mulhouse, par l\u2019association Femmes d\u2019Alsace. photo Archives L\u2019Alsace<\/em><\/p><p><br \/>\u00ab On nous demande tout le temps comment on arrive, en tant que femme, \u00e0 exercer un mandat politique. Mais la vie de famille, les enfants, c\u2019est notre probl\u00e8me ! \u00c7a ne regarde personne. Sans compter qu\u2019on nous pr\u00eate une charge \u00e9motionnelle en plus : quand un homme ne sourit pas, il est s\u00e9rieux ; quand une femme ne sourit pas, on lui demande si \u00e7a ne va pas\u2026 \u00bb<br \/><br \/><strong>\u00ab L\u2019incomp\u00e9tence n\u2019est pas r\u00e9serv\u00e9e aux femmes \u00bb<\/strong><br \/>Il y a autour de la table une s\u00e9natrice, une conseill\u00e8re d\u00e9partementale, une vice-pr\u00e9sidente de l\u2019agglom\u00e9ration mulhousienne, des adjointes et conseill\u00e8res municipales de tout le sud du d\u00e9partement et plusieurs membres des associations Femmes d\u2019Alsace et Femmes du Haut-Rhin. Toutes sont l\u00e0 pour parler de l\u2019\u00e9galit\u00e9 femmes-hommes. Pour les aider, Gis\u00e8le Bourcart leur a pr\u00e9alablement envoy\u00e9 des questions et anime le d\u00e9bat.<br \/>Force est de constater que les femmes sont encore tr\u00e8s rarement \u00e9lues maires et sont peu nombreuses dans les structures intercommunales. \u00ab Elles se disent souvent incomp\u00e9tentes\u2026 Mais l\u2019incomp\u00e9tence n\u2019est pourtant pas r\u00e9serv\u00e9e aux femmes ! Il faut simplement mettre en place des formations pour les nouveaux \u00e9lus. \u00bb<br \/>Pourquoi les femmes ont-elles du mal \u00e0 s\u2019engager en politique ? \u00ab C\u2019est un milieu qui n\u2019est pas \u00e9vident, mais c\u2019est vrai pour les femmes comme pour les hommes. Il y a beaucoup de coups, beaucoup de pr\u00e9jug\u00e9s\u2026 et pas assez d\u2019entraide entre les femmes ! Car les hommes ont du mal \u00e0 accepter qu\u2019une femme prenne le pouvoir. \u00bb<br \/>Le probl\u00e8me est \u00e9galement d\u2019arriver \u00e0 concilier vie politique et vie professionnelle : \u00ab On est moins bien trait\u00e9e que les syndicalistes. Pour assurer notre mandat \u00e9lectoral, nous devons prendre des jours de cong\u00e9 et nos engagements sont parfois mal vus. \u00bb<br \/>Plus g\u00e9n\u00e9ralement, les unes et les autres s\u2019accordent sur le fait qu\u2019il est difficile de faire \u00e9voluer les mentalit\u00e9s, \u00ab y compris quand il y a des lois \u00bb. L\u2019important est donc d\u2019agir sur plusieurs leviers, si possible \u00ab \u00e0 la base, en mettant en application des choses concr\u00e8tes \u00bb. Pour permettre \u00e0 celles qui le souhaitent de travailler sans \u00eatre frein\u00e9es par des horaires compliqu\u00e9s \u00e0 concilier avec la garde des enfants, la piste de l\u2019\u00e9conomie sociale et solidaire peut \u00eatre envisag\u00e9e.<br \/><br \/><strong>Agir sur les mentalit\u00e9s d\u00e8s le plus jeune \u00e2ge<\/strong><br \/>La mutualisation de services, notamment pour organiser les remplacements dans les petites entreprises, peut aussi \u00eatre une piste. Et dans tous les cas, il para\u00eet n\u00e9cessaire d\u2019agir dans le domaine de l\u2019\u00e9ducation, d\u00e8s le plus jeune \u00e2ge, et de mettre \u00e9ventuellement en place un syst\u00e8me de contr\u00f4le des entreprises et des diff\u00e9rentes structures. \u00ab Notre association peut servir d\u2019instance de veille. \u00bb<br \/>Un deuxi\u00e8me rendez-vous dans ce tour de France est propos\u00e9 par Femmes d\u2019Alsace ce vendredi 15 d\u00e9cembre de 12 h \u00e0 14 h, dans l\u2019amphith\u00e9\u00e2tre du conseil d\u00e9partemental \u00e0 Colmar.<br \/><br \/>Contact Gis\u00e8le Bourcart, \u2706 06 08 93 38 68 ; courriel : giselebourcart@hotmail.com<\/p>\t\t\t\t\t\t<\/div>\n\t\t\t\t<\/div>\n\t\t\t\t<div class=\"elementor-element elementor-element-e1997e0 elementor-widget elementor-widget-image\" data-id=\"e1997e0\" data-element_type=\"widget\" data-widget_type=\"image.default\">\n\t\t\t\t<div class=\"elementor-widget-container\">\n\t\t\t\t\t\t\t\t\t\t\t\t\t<img decoding=\"async\" width=\"736\" height=\"1024\" src=\"https:\/\/www.ellesaussi.org\/wp-content\/uploads\/2017\/12\/FA-Tour-Mulhouse-France-egal-11.12-736x1024.jpg\" class=\"attachment-large size-large wp-image-1944\" alt=\"\" srcset=\"https:\/\/www.ellesaussi.org\/wp-content\/uploads\/2017\/12\/FA-Tour-Mulhouse-France-egal-11.12-736x1024.jpg 736w, https:\/\/www.ellesaussi.org\/wp-content\/uploads\/2017\/12\/FA-Tour-Mulhouse-France-egal-11.12-216x300.jpg 216w, https:\/\/www.ellesaussi.org\/wp-content\/uploads\/2017\/12\/FA-Tour-Mulhouse-France-egal-11.12-768x1068.jpg 768w, https:\/\/www.ellesaussi.org\/wp-content\/uploads\/2017\/12\/FA-Tour-Mulhouse-France-egal-11.12.jpg 800w\" sizes=\"(max-width: 736px) 100vw, 736px\" \/>\t\t\t\t\t\t\t\t\t\t\t\t\t<\/div>\n\t\t\t\t<\/div>\n\t\t\t\t\t<\/div>\n\t\t\t\t<\/div>\n\t\t\t\t<\/div>\n\t\t","protected":false},"excerpt":{"rendered":"<p>\u00ab Pas assez d\u2019entraide entre les femmes \u00bb Dans le cadre du tour de France de l\u2019\u00e9galit\u00e9 femmes-hommes, organis\u00e9e par la secr\u00e9taire d\u2019\u00c9tat Marl\u00e8ne Schiappa, une rencontre avait lieu hier \u00e0 Mulhouse avec des membres de l\u2019association Femmes d\u2019Alsace et des \u00e9lues. Plusieurs pistes ont \u00e9t\u00e9 d\u00e9gag\u00e9es et seront transmises au niveau national. Filles et [&hellip;]<\/p>\n","protected":false},"author":1,"featured_media":1869,"comment_status":"closed","ping_status":"closed","sticky":false,"template":"","format":"standard","meta":{"footnotes":""},"categories":[47],"tags":[],"class_list":["post-1938","post","type-post","status-publish","format-standard","has-post-thumbnail","hentry","category-calendrier-de-notre-mobilisation"],"yoast_head":"<!-- This site is optimized with the Yoast SEO plugin v22.8 - https:\/\/yoast.com\/wordpress\/plugins\/seo\/ -->\n<title>Tour de France de l\u2019\u00e9galit\u00e9 femmes\/hommes \u00e0 Mulhouse, Femmes d\u2019Alsace vous invite. - Elles Aussi<\/title>\n<meta name=\"robots\" content=\"index, follow, max-snippet:-1, max-image-preview:large, max-video-preview:-1\" \/>\n<link rel=\"canonical\" href=\"https:\/\/www.ellesaussi.org\/?p=1938\" \/>\n<meta property=\"og:locale\" content=\"fr_FR\" \/>\n<meta property=\"og:type\" content=\"article\" \/>\n<meta property=\"og:title\" content=\"Tour de France de l\u2019\u00e9galit\u00e9 femmes\/hommes \u00e0 Mulhouse, Femmes d\u2019Alsace vous invite. - Elles Aussi\" \/>\n<meta property=\"og:description\" content=\"\u00ab Pas assez d\u2019entraide entre les femmes \u00bb Dans le cadre du tour de France de l\u2019\u00e9galit\u00e9 femmes-hommes, organis\u00e9e par la secr\u00e9taire d\u2019\u00c9tat Marl\u00e8ne Schiappa, une rencontre avait lieu hier \u00e0 Mulhouse avec des membres de l\u2019association Femmes d\u2019Alsace et des \u00e9lues. Plusieurs pistes ont \u00e9t\u00e9 d\u00e9gag\u00e9es et seront transmises au niveau national. Filles et [&hellip;]\" \/>\n<meta property=\"og:url\" content=\"https:\/\/www.ellesaussi.org\/?p=1938\" \/>\n<meta property=\"og:site_name\" content=\"Elles Aussi\" \/>\n<meta property=\"article:publisher\" content=\"https:\/\/www.facebook.com\/ellesaussi\/\" \/>\n<meta property=\"article:published_time\" content=\"2017-12-11T10:48:00+00:00\" \/>\n<meta property=\"article:modified_time\" content=\"2024-11-08T10:51:56+00:00\" \/>\n<meta property=\"og:image\" content=\"https:\/\/www.ellesaussi.org\/wp-content\/uploads\/2024\/11\/FA-Tour-Colmar-France-egal-152.jpg\" \/>\n\t<meta property=\"og:image:width\" content=\"293\" \/>\n\t<meta property=\"og:image:height\" content=\"105\" \/>\n\t<meta property=\"og:image:type\" content=\"image\/jpeg\" \/>\n<meta name=\"author\" content=\"admin\" \/>\n<meta name=\"twitter:card\" content=\"summary_large_image\" \/>\n<meta name=\"twitter:label1\" content=\"\u00c9crit par\" \/>\n\t<meta name=\"twitter:data1\" content=\"admin\" \/>\n\t<meta name=\"twitter:label2\" content=\"Dur\u00e9e de lecture estim\u00e9e\" \/>\n\t<meta name=\"twitter:data2\" content=\"4 minutes\" \/>\n<script type=\"application\/ld+json\" class=\"yoast-schema-graph\">{\"@context\":\"https:\/\/schema.org\",\"@graph\":[{\"@type\":\"Article\",\"@id\":\"https:\/\/www.ellesaussi.org\/?p=1938#article\",\"isPartOf\":{\"@id\":\"https:\/\/www.ellesaussi.org\/?p=1938\"},\"author\":{\"name\":\"admin\",\"@id\":\"https:\/\/www.ellesaussi.org\/#\/schema\/person\/eeca4be50db30b5dbb39f78fc3364160\"},\"headline\":\"Tour de France de l\u2019\u00e9galit\u00e9 femmes\/hommes \u00e0 Mulhouse, Femmes d\u2019Alsace vous invite.\",\"datePublished\":\"2017-12-11T10:48:00+00:00\",\"dateModified\":\"2024-11-08T10:51:56+00:00\",\"mainEntityOfPage\":{\"@id\":\"https:\/\/www.ellesaussi.org\/?p=1938\"},\"wordCount\":622,\"publisher\":{\"@id\":\"https:\/\/www.ellesaussi.org\/#organization\"},\"image\":{\"@id\":\"https:\/\/www.ellesaussi.org\/?p=1938#primaryimage\"},\"thumbnailUrl\":\"https:\/\/www.ellesaussi.org\/wp-content\/uploads\/2024\/11\/FA-Tour-Colmar-France-egal-152.jpg\",\"articleSection\":[\"Calendrier de notre mobilisation\"],\"inLanguage\":\"fr-FR\"},{\"@type\":\"WebPage\",\"@id\":\"https:\/\/www.ellesaussi.org\/?p=1938\",\"url\":\"https:\/\/www.ellesaussi.org\/?p=1938\",\"name\":\"Tour de France de l\u2019\u00e9galit\u00e9 femmes\/hommes \u00e0 Mulhouse, Femmes d\u2019Alsace vous invite. - Elles Aussi\",\"isPartOf\":{\"@id\":\"https:\/\/www.ellesaussi.org\/#website\"},\"primaryImageOfPage\":{\"@id\":\"https:\/\/www.ellesaussi.org\/?p=1938#primaryimage\"},\"image\":{\"@id\":\"https:\/\/www.ellesaussi.org\/?p=1938#primaryimage\"},\"thumbnailUrl\":\"https:\/\/www.ellesaussi.org\/wp-content\/uploads\/2024\/11\/FA-Tour-Colmar-France-egal-152.jpg\",\"datePublished\":\"2017-12-11T10:48:00+00:00\",\"dateModified\":\"2024-11-08T10:51:56+00:00\",\"breadcrumb\":{\"@id\":\"https:\/\/www.ellesaussi.org\/?p=1938#breadcrumb\"},\"inLanguage\":\"fr-FR\",\"potentialAction\":[{\"@type\":\"ReadAction\",\"target\":[\"https:\/\/www.ellesaussi.org\/?p=1938\"]}]},{\"@type\":\"ImageObject\",\"inLanguage\":\"fr-FR\",\"@id\":\"https:\/\/www.ellesaussi.org\/?p=1938#primaryimage\",\"url\":\"https:\/\/www.ellesaussi.org\/wp-content\/uploads\/2024\/11\/FA-Tour-Colmar-France-egal-152.jpg\",\"contentUrl\":\"https:\/\/www.ellesaussi.org\/wp-content\/uploads\/2024\/11\/FA-Tour-Colmar-France-egal-152.jpg\",\"width\":293,\"height\":105},{\"@type\":\"BreadcrumbList\",\"@id\":\"https:\/\/www.ellesaussi.org\/?p=1938#breadcrumb\",\"itemListElement\":[{\"@type\":\"ListItem\",\"position\":1,\"name\":\"Accueil\",\"item\":\"https:\/\/www.ellesaussi.org\/\"},{\"@type\":\"ListItem\",\"position\":2,\"name\":\"Tour de France de l\u2019\u00e9galit\u00e9 femmes\/hommes \u00e0 Mulhouse, Femmes d\u2019Alsace vous invite.\"}]},{\"@type\":\"WebSite\",\"@id\":\"https:\/\/www.ellesaussi.org\/#website\",\"url\":\"https:\/\/www.ellesaussi.org\/\",\"name\":\"Elles Aussi\",\"description\":\"\",\"publisher\":{\"@id\":\"https:\/\/www.ellesaussi.org\/#organization\"},\"potentialAction\":[{\"@type\":\"SearchAction\",\"target\":{\"@type\":\"EntryPoint\",\"urlTemplate\":\"https:\/\/www.ellesaussi.org\/?s={search_term_string}\"},\"query-input\":\"required name=search_term_string\"}],\"inLanguage\":\"fr-FR\"},{\"@type\":\"Organization\",\"@id\":\"https:\/\/www.ellesaussi.org\/#organization\",\"name\":\"Elles Aussi\",\"url\":\"https:\/\/www.ellesaussi.org\/\",\"logo\":{\"@type\":\"ImageObject\",\"inLanguage\":\"fr-FR\",\"@id\":\"https:\/\/www.ellesaussi.org\/#\/schema\/logo\/image\/\",\"url\":\"https:\/\/www.ellesaussi.org\/wp-content\/uploads\/2024\/05\/Elles-aussi_logotype_rouge.png\",\"contentUrl\":\"https:\/\/www.ellesaussi.org\/wp-content\/uploads\/2024\/05\/Elles-aussi_logotype_rouge.png\",\"width\":3472,\"height\":2480,\"caption\":\"Elles Aussi\"},\"image\":{\"@id\":\"https:\/\/www.ellesaussi.org\/#\/schema\/logo\/image\/\"},\"sameAs\":[\"https:\/\/www.facebook.com\/ellesaussi\/\"]},{\"@type\":\"Person\",\"@id\":\"https:\/\/www.ellesaussi.org\/#\/schema\/person\/eeca4be50db30b5dbb39f78fc3364160\",\"name\":\"admin\",\"image\":{\"@type\":\"ImageObject\",\"inLanguage\":\"fr-FR\",\"@id\":\"https:\/\/www.ellesaussi.org\/#\/schema\/person\/image\/\",\"url\":\"https:\/\/secure.gravatar.com\/avatar\/62da4937aa6d6b509192861c0b966204a1b742b2814f6387fa08fe6c98a8729c?s=96&d=mm&r=g\",\"contentUrl\":\"https:\/\/secure.gravatar.com\/avatar\/62da4937aa6d6b509192861c0b966204a1b742b2814f6387fa08fe6c98a8729c?s=96&d=mm&r=g\",\"caption\":\"admin\"},\"sameAs\":[\"https:\/\/elles129186.webdb78.lwspanel.com\"],\"url\":\"https:\/\/www.ellesaussi.org\/?author=1\"}]}<\/script>\n<!-- \/ Yoast SEO plugin. -->","yoast_head_json":{"title":"Tour de France de l\u2019\u00e9galit\u00e9 femmes\/hommes \u00e0 Mulhouse, Femmes d\u2019Alsace vous invite. - Elles Aussi","robots":{"index":"index","follow":"follow","max-snippet":"max-snippet:-1","max-image-preview":"max-image-preview:large","max-video-preview":"max-video-preview:-1"},"canonical":"https:\/\/www.ellesaussi.org\/?p=1938","og_locale":"fr_FR","og_type":"article","og_title":"Tour de France de l\u2019\u00e9galit\u00e9 femmes\/hommes \u00e0 Mulhouse, Femmes d\u2019Alsace vous invite. - Elles Aussi","og_description":"\u00ab Pas assez d\u2019entraide entre les femmes \u00bb Dans le cadre du tour de France de l\u2019\u00e9galit\u00e9 femmes-hommes, organis\u00e9e par la secr\u00e9taire d\u2019\u00c9tat Marl\u00e8ne Schiappa, une rencontre avait lieu hier \u00e0 Mulhouse avec des membres de l\u2019association Femmes d\u2019Alsace et des \u00e9lues. Plusieurs pistes ont \u00e9t\u00e9 d\u00e9gag\u00e9es et seront transmises au niveau national. Filles et [&hellip;]","og_url":"https:\/\/www.ellesaussi.org\/?p=1938","og_site_name":"Elles Aussi","article_publisher":"https:\/\/www.facebook.com\/ellesaussi\/","article_published_time":"2017-12-11T10:48:00+00:00","article_modified_time":"2024-11-08T10:51:56+00:00","og_image":[{"width":293,"height":105,"url":"https:\/\/www.ellesaussi.org\/wp-content\/uploads\/2024\/11\/FA-Tour-Colmar-France-egal-152.jpg","type":"image\/jpeg"}],"author":"admin","twitter_card":"summary_large_image","twitter_misc":{"\u00c9crit par":"admin","Dur\u00e9e de lecture estim\u00e9e":"4 minutes"},"schema":{"@context":"https:\/\/schema.org","@graph":[{"@type":"Article","@id":"https:\/\/www.ellesaussi.org\/?p=1938#article","isPartOf":{"@id":"https:\/\/www.ellesaussi.org\/?p=1938"},"author":{"name":"admin","@id":"https:\/\/www.ellesaussi.org\/#\/schema\/person\/eeca4be50db30b5dbb39f78fc3364160"},"headline":"Tour de France de l\u2019\u00e9galit\u00e9 femmes\/hommes \u00e0 Mulhouse, Femmes d\u2019Alsace vous invite.","datePublished":"2017-12-11T10:48:00+00:00","dateModified":"2024-11-08T10:51:56+00:00","mainEntityOfPage":{"@id":"https:\/\/www.ellesaussi.org\/?p=1938"},"wordCount":622,"publisher":{"@id":"https:\/\/www.ellesaussi.org\/#organization"},"image":{"@id":"https:\/\/www.ellesaussi.org\/?p=1938#primaryimage"},"thumbnailUrl":"https:\/\/www.ellesaussi.org\/wp-content\/uploads\/2024\/11\/FA-Tour-Colmar-France-egal-152.jpg","articleSection":["Calendrier de notre mobilisation"],"inLanguage":"fr-FR"},{"@type":"WebPage","@id":"https:\/\/www.ellesaussi.org\/?p=1938","url":"https:\/\/www.ellesaussi.org\/?p=1938","name":"Tour de France de l\u2019\u00e9galit\u00e9 femmes\/hommes \u00e0 Mulhouse, Femmes d\u2019Alsace vous invite. - Elles Aussi","isPartOf":{"@id":"https:\/\/www.ellesaussi.org\/#website"},"primaryImageOfPage":{"@id":"https:\/\/www.ellesaussi.org\/?p=1938#primaryimage"},"image":{"@id":"https:\/\/www.ellesaussi.org\/?p=1938#primaryimage"},"thumbnailUrl":"https:\/\/www.ellesaussi.org\/wp-content\/uploads\/2024\/11\/FA-Tour-Colmar-France-egal-152.jpg","datePublished":"2017-12-11T10:48:00+00:00","dateModified":"2024-11-08T10:51:56+00:00","breadcrumb":{"@id":"https:\/\/www.ellesaussi.org\/?p=1938#breadcrumb"},"inLanguage":"fr-FR","potentialAction":[{"@type":"ReadAction","target":["https:\/\/www.ellesaussi.org\/?p=1938"]}]},{"@type":"ImageObject","inLanguage":"fr-FR","@id":"https:\/\/www.ellesaussi.org\/?p=1938#primaryimage","url":"https:\/\/www.ellesaussi.org\/wp-content\/uploads\/2024\/11\/FA-Tour-Colmar-France-egal-152.jpg","contentUrl":"https:\/\/www.ellesaussi.org\/wp-content\/uploads\/2024\/11\/FA-Tour-Colmar-France-egal-152.jpg","width":293,"height":105},{"@type":"BreadcrumbList","@id":"https:\/\/www.ellesaussi.org\/?p=1938#breadcrumb","itemListElement":[{"@type":"ListItem","position":1,"name":"Accueil","item":"https:\/\/www.ellesaussi.org\/"},{"@type":"ListItem","position":2,"name":"Tour de France de l\u2019\u00e9galit\u00e9 femmes\/hommes \u00e0 Mulhouse, Femmes d\u2019Alsace vous invite."}]},{"@type":"WebSite","@id":"https:\/\/www.ellesaussi.org\/#website","url":"https:\/\/www.ellesaussi.org\/","name":"Elles Aussi","description":"","publisher":{"@id":"https:\/\/www.ellesaussi.org\/#organization"},"potentialAction":[{"@type":"SearchAction","target":{"@type":"EntryPoint","urlTemplate":"https:\/\/www.ellesaussi.org\/?s={search_term_string}"},"query-input":"required name=search_term_string"}],"inLanguage":"fr-FR"},{"@type":"Organization","@id":"https:\/\/www.ellesaussi.org\/#organization","name":"Elles Aussi","url":"https:\/\/www.ellesaussi.org\/","logo":{"@type":"ImageObject","inLanguage":"fr-FR","@id":"https:\/\/www.ellesaussi.org\/#\/schema\/logo\/image\/","url":"https:\/\/www.ellesaussi.org\/wp-content\/uploads\/2024\/05\/Elles-aussi_logotype_rouge.png","contentUrl":"https:\/\/www.ellesaussi.org\/wp-content\/uploads\/2024\/05\/Elles-aussi_logotype_rouge.png","width":3472,"height":2480,"caption":"Elles Aussi"},"image":{"@id":"https:\/\/www.ellesaussi.org\/#\/schema\/logo\/image\/"},"sameAs":["https:\/\/www.facebook.com\/ellesaussi\/"]},{"@type":"Person","@id":"https:\/\/www.ellesaussi.org\/#\/schema\/person\/eeca4be50db30b5dbb39f78fc3364160","name":"admin","image":{"@type":"ImageObject","inLanguage":"fr-FR","@id":"https:\/\/www.ellesaussi.org\/#\/schema\/person\/image\/","url":"https:\/\/secure.gravatar.com\/avatar\/62da4937aa6d6b509192861c0b966204a1b742b2814f6387fa08fe6c98a8729c?s=96&d=mm&r=g","contentUrl":"https:\/\/secure.gravatar.com\/avatar\/62da4937aa6d6b509192861c0b966204a1b742b2814f6387fa08fe6c98a8729c?s=96&d=mm&r=g","caption":"admin"},"sameAs":["https:\/\/elles129186.webdb78.lwspanel.com"],"url":"https:\/\/www.ellesaussi.org\/?author=1"}]}},"_links":{"self":[{"href":"https:\/\/www.ellesaussi.org\/index.php?rest_route=\/wp\/v2\/posts\/1938","targetHints":{"allow":["GET"]}}],"collection":[{"href":"https:\/\/www.ellesaussi.org\/index.php?rest_route=\/wp\/v2\/posts"}],"about":[{"href":"https:\/\/www.ellesaussi.org\/index.php?rest_route=\/wp\/v2\/types\/post"}],"author":[{"embeddable":true,"href":"https:\/\/www.ellesaussi.org\/index.php?rest_route=\/wp\/v2\/users\/1"}],"replies":[{"embeddable":true,"href":"https:\/\/www.ellesaussi.org\/index.php?rest_route=%2Fwp%2Fv2%2Fcomments&post=1938"}],"version-history":[{"count":7,"href":"https:\/\/www.ellesaussi.org\/index.php?rest_route=\/wp\/v2\/posts\/1938\/revisions"}],"predecessor-version":[{"id":1947,"href":"https:\/\/www.ellesaussi.org\/index.php?rest_route=\/wp\/v2\/posts\/1938\/revisions\/1947"}],"wp:featuredmedia":[{"embeddable":true,"href":"https:\/\/www.ellesaussi.org\/index.php?rest_route=\/wp\/v2\/media\/1869"}],"wp:attachment":[{"href":"https:\/\/www.ellesaussi.org\/index.php?rest_route=%2Fwp%2Fv2%2Fmedia&parent=1938"}],"wp:term":[{"taxonomy":"category","embeddable":true,"href":"https:\/\/www.ellesaussi.org\/index.php?rest_route=%2Fwp%2Fv2%2Fcategories&post=1938"},{"taxonomy":"post_tag","embeddable":true,"href":"https:\/\/www.ellesaussi.org\/index.php?rest_route=%2Fwp%2Fv2%2Ftags&post=1938"}],"curies":[{"name":"wp","href":"https:\/\/api.w.org\/{rel}","templated":true}]}}