{"id":1912,"date":"2016-03-30T11:36:00","date_gmt":"2016-03-30T09:36:00","guid":{"rendered":"https:\/\/elles129186.webdb78.lwspanel.com\/?p=1912"},"modified":"2024-11-08T11:38:12","modified_gmt":"2024-11-08T10:38:12","slug":"les-femmes-peinent-a-entrer-dans-les-conseils-communautaires","status":"publish","type":"post","link":"https:\/\/www.ellesaussi.org\/?p=1912","title":{"rendered":"Les femmes peinent \u00e0 entrer dans les conseils communautaires"},"content":{"rendered":"\t\t<div data-elementor-type=\"wp-post\" data-elementor-id=\"1912\" class=\"elementor elementor-1912\" data-elementor-post-type=\"post\">\n\t\t\t\t<div class=\"elementor-element elementor-element-008e47c e-flex e-con-boxed e-con e-parent\" data-id=\"008e47c\" data-element_type=\"container\">\n\t\t\t\t\t<div class=\"e-con-inner\">\n\t\t\t\t<div class=\"elementor-element elementor-element-3fe1b39 elementor-widget elementor-widget-text-editor\" data-id=\"3fe1b39\" data-element_type=\"widget\" data-widget_type=\"text-editor.default\">\n\t\t\t\t<div class=\"elementor-widget-container\">\n\t\t\t\t\t\t\t<p>Moins d&rsquo;un tiers des conseillers communautaires d\u00e9sign\u00e9s en 2014 sont des femmes et seules 8% d&rsquo;entre elles pr\u00e9sident des communaut\u00e9s, r\u00e9v\u00e8le une enqu\u00eate de l&rsquo;association Elles aussi. Alors que ce d\u00e9s\u00e9quilibre risque de s&rsquo;accentuer \u00e0 l&rsquo;avenir du fait de la refonte de la carte intercommunale, l&rsquo;association juge indispensable d&rsquo;imposer la parit\u00e9 par la loi. Mais le sujet fait d\u00e9bat.<br \/><br \/>Longtemps en queue de peloton en mati\u00e8re de parit\u00e9 en politique, les conseils d\u00e9partementaux ont effac\u00e9 leur retard en 2015 \u00e0 la faveur de l&rsquo;\u00e9lection des bin\u00f4mes homme-femme dans des cantons redessin\u00e9s. Depuis, l&rsquo;intercommunalit\u00e9 pourrait bien \u00eatre devenue la lanterne rouge de la parit\u00e9, avec seulement 32% de femmes sur les bancs des assembl\u00e9es communautaires. C&rsquo;est ce qui ressort d&rsquo;une enqu\u00eate quasi exhaustive que l&rsquo;association Elles aussi a men\u00e9e l&rsquo;an dernier sur le sujet. Pr\u00e9sent\u00e9e lors d&rsquo;un colloque ce 24 mars au S\u00e9nat, l&rsquo;\u00e9tude \u00e9voque pourtant \u00ab\u00a0une progression significative\u00a0\u00bb du nombre de femmes \u00e9lues en mars 2014 dans les intercommunalit\u00e9s. Un r\u00e9sultat \u00e0 mettre \u00e0 l&rsquo;actif de l&rsquo;abaissement du scrutin de liste \u00e0 toutes les communes de plus de 1.000 habitants (au lieu de 3.500 habitants auparavant) et de l&rsquo;obligation qu&rsquo;ont par cons\u00e9quent les listes candidates aux \u00e9lections municipales d&rsquo;\u00eatre compos\u00e9es alternativement d&rsquo;autant de femmes que d&rsquo;hommes. Ces modalit\u00e9s ont permis une v\u00e9ritable perc\u00e9e des femmes dans les assembl\u00e9es des communaut\u00e9s de plus de 50.000 habitants : 57% d&rsquo;entre elles comptent au moins 40% de femmes.<br \/><br \/>En revanche, les portes des communaut\u00e9s de taille plus r\u00e9duite restent encore relativement ferm\u00e9es aux femmes. L&rsquo;obligation de parit\u00e9 ne concerne en effet le plus souvent qu&rsquo;une poign\u00e9e des communes qui en sont membres. De plus, les plus petites communes qui les composent n&rsquo;ont qu&rsquo;un d\u00e9l\u00e9gu\u00e9 et cette fonction est le plus souvent occup\u00e9e par le maire. Or, huit fois sur dix, ce dernier est un homme. Ces donn\u00e9es jouent en d\u00e9faveur des femmes dans de nombreux d\u00e9partements ruraux, comme celui de la Loz\u00e8re. Sur les 23 communaut\u00e9s du d\u00e9partement, 22 ont moins de 10.000 habitants et seulement 22% des conseillers communautaires sont des femmes. Le Cantal et la Haute-Sa\u00f4ne, territoires eux aussi tr\u00e8s ruraux, pr\u00e9sentent des r\u00e9sultats voisins. <br \/>8% des pr\u00e9sidents sont des femmes<br \/><br \/>Autre probl\u00e8me : s&rsquo;agissant de la composition des ex\u00e9cutifs communautaires, aucune r\u00e8gle ne s&rsquo;applique en mati\u00e8re de parit\u00e9. D&rsquo;o\u00f9 la persistance \u00e0 ce niveau de la domination masculine. Les chiffres sont accablants : seulement 8% de femmes occupent la fonction de pr\u00e9sident d&rsquo;une intercommunalit\u00e9. Si l&rsquo;on compte cette fois les pr\u00e9sidents et les vice-pr\u00e9sidents, on parvient \u00e0 un taux de 18% de femmes. Une moyenne en dessous de laquelle bon nombre de communaut\u00e9s se situent, puisque 23% des ex\u00e9cutifs sont exclusivement masculins. Un seul point positif : les vice-pr\u00e9sidentes \u00ab\u00a0ne sont plus syst\u00e9matiquement cantonn\u00e9es \u00e0 l&rsquo;action sociale ou l&rsquo;enfance\u00a0\u00bb, constate avec satisfaction l&rsquo;association Elles aussi. Cependant, ajoute-telle, \u00ab\u00a0les finances, l&rsquo;am\u00e9nagement du territoire ou le d\u00e9veloppement \u00e9conomique restent majoritairement affaire d&rsquo;hommes\u00a0\u00bb. Actuellement faible, la pr\u00e9sence des femmes pourrait reculer encore \u00e0 l&rsquo;avenir, s&rsquo;inqui\u00e8tent les responsables d&rsquo;Elles aussi. En cause, la refonte en cours de la carte intercommunale, qui devrait entra\u00eener une r\u00e9duction du nombre des communaut\u00e9s de 2.062 aujourd&rsquo;hui \u00e0 1.200 ou 1.300 le 1er janvier prochain. Avec pour r\u00e9sultat de limiter la repr\u00e9sentation des petites communes \u00e0 un seul d\u00e9l\u00e9gu\u00e9, en l&rsquo;occurrence le maire. En outre, \u00ab\u00a0dans le mouvement de recomposition, tellement d&rsquo;enjeux politiques sont pr\u00e9sents que la question de la place des femmes risque de passer \u00e0 la trappe\u00a0\u00bb, redoute Reine L\u00e9pinay, co-pr\u00e9sidente de l&rsquo;association. Avec les autres membres, elle revendique la stricte parit\u00e9 dans les conseils communautaires et les ex\u00e9cutifs. L&rsquo;exigence leur para\u00eet d&rsquo;autant plus importante que l&rsquo;intercommunalit\u00e9 occupe une place croissante dans les politiques publiques locales.<br \/><br \/><strong>G\u00e9n\u00e9raliser le scrutin de liste ?<\/strong> <br \/>Pour l&rsquo;association, la loi devrait donc g\u00e9n\u00e9raliser \u00e0 l&rsquo;ensemble des communes le scrutin de liste et l&rsquo;obligation qui l&rsquo;accompagne de constituer des listes paritaires aux \u00e9lections. Mais le chemin sera difficile. D\u00e9put\u00e9e au moment de la discussion de la loi sur les scrutins locaux de 2013, l&rsquo;actuelle secr\u00e9taire d&rsquo;Etat aux collectivit\u00e9s territoriales avait d\u00e9fendu cette solution. Mais sa position \u00e9tait \u00ab\u00a0extr\u00eamement minoritaire\u00a0\u00bb et les avis \u00e9taient partag\u00e9s, y compris au sein de la majorit\u00e9 parlementaire, a rappel\u00e9 Estelle Grelier, venue clore le colloque. Ses d\u00e9tracteurs redoutent la politisation des conseils municipaux et mettent en avant la difficult\u00e9 de constituer un vivier de candidates dans les petites communes.<br \/><br \/>Les partisans du scrutin de liste pour toutes les communes sont parfois oppos\u00e9s \u00e0 la parit\u00e9 dans les ex\u00e9cutifs des conseils communautaires. A l&rsquo;instar de Fran\u00e7oise Gatel, rapporteure de la commission intercommunalit\u00e9 de l&rsquo;Association des maires de France et vice-pr\u00e9sidente de l&rsquo;Assembl\u00e9e des communaut\u00e9s de France. \u00ab\u00a0L&rsquo;efficacit\u00e9 de l&rsquo;action publique\u00a0\u00bb requiert que les maires (donc aujourd&rsquo;hui principalement des hommes) soient pr\u00e9sents dans l&rsquo;ex\u00e9cutif, a-t-elle soulign\u00e9, en suscitant le d\u00e9bat.<br \/><br \/>Du c\u00f4t\u00e9 du gouvernement, seule une modification \u00e0 la marge des scrutins municipaux est \u00e0 l&rsquo;ordre du jour. Sur le bureau de la secr\u00e9taire d&rsquo;Etat aux collectivit\u00e9s territoriales figure l&rsquo;\u00e9bauche d&rsquo;un projet de loi d\u00e9finissant les modalit\u00e9s d&rsquo;\u00e9lection au suffrage universel direct des conseillers des m\u00e9tropoles en 2020. La r\u00e9forme pr\u00e9vue par la loi \u00ab\u00a0Maptam\u00a0\u00bb du 27 janvier 2014 va favoriser la f\u00e9minisation des assembl\u00e9es m\u00e9tropolitaines, a promis Estelle Grelier.<\/p><p>Thomas Beurey \/ Projets publics <\/p>\t\t\t\t\t\t<\/div>\n\t\t\t\t<\/div>\n\t\t\t\t\t<\/div>\n\t\t\t\t<\/div>\n\t\t\t\t<\/div>\n\t\t","protected":false},"excerpt":{"rendered":"<p>Moins d&rsquo;un tiers des conseillers communautaires d\u00e9sign\u00e9s en 2014 sont des femmes et seules 8% d&rsquo;entre elles pr\u00e9sident des communaut\u00e9s, r\u00e9v\u00e8le une enqu\u00eate de l&rsquo;association Elles aussi. Alors que ce d\u00e9s\u00e9quilibre risque de s&rsquo;accentuer \u00e0 l&rsquo;avenir du fait de la refonte de la carte intercommunale, l&rsquo;association juge indispensable d&rsquo;imposer la parit\u00e9 par la loi. Mais [&hellip;]<\/p>\n","protected":false},"author":1,"featured_media":1913,"comment_status":"closed","ping_status":"closed","sticky":false,"template":"","format":"standard","meta":{"footnotes":""},"categories":[46],"tags":[],"class_list":["post-1912","post","type-post","status-publish","format-standard","has-post-thumbnail","hentry","category-presse"],"yoast_head":"<!-- This site is optimized with the Yoast SEO plugin v22.8 - https:\/\/yoast.com\/wordpress\/plugins\/seo\/ -->\n<title>Les femmes peinent \u00e0 entrer dans les conseils communautaires - Elles Aussi<\/title>\n<meta name=\"robots\" content=\"index, follow, max-snippet:-1, max-image-preview:large, max-video-preview:-1\" \/>\n<link rel=\"canonical\" href=\"https:\/\/www.ellesaussi.org\/?p=1912\" \/>\n<meta property=\"og:locale\" content=\"fr_FR\" \/>\n<meta property=\"og:type\" content=\"article\" \/>\n<meta property=\"og:title\" content=\"Les femmes peinent \u00e0 entrer dans les conseils communautaires - Elles Aussi\" \/>\n<meta property=\"og:description\" content=\"Moins d&rsquo;un tiers des conseillers communautaires d\u00e9sign\u00e9s en 2014 sont des femmes et seules 8% d&rsquo;entre elles pr\u00e9sident des communaut\u00e9s, r\u00e9v\u00e8le une enqu\u00eate de l&rsquo;association Elles aussi. Alors que ce d\u00e9s\u00e9quilibre risque de s&rsquo;accentuer \u00e0 l&rsquo;avenir du fait de la refonte de la carte intercommunale, l&rsquo;association juge indispensable d&rsquo;imposer la parit\u00e9 par la loi. Mais [&hellip;]\" \/>\n<meta property=\"og:url\" content=\"https:\/\/www.ellesaussi.org\/?p=1912\" \/>\n<meta property=\"og:site_name\" content=\"Elles Aussi\" \/>\n<meta property=\"article:publisher\" content=\"https:\/\/www.facebook.com\/ellesaussi\/\" \/>\n<meta property=\"article:published_time\" content=\"2016-03-30T09:36:00+00:00\" \/>\n<meta property=\"article:modified_time\" content=\"2024-11-08T10:38:12+00:00\" \/>\n<meta property=\"og:image\" content=\"https:\/\/www.ellesaussi.org\/wp-content\/uploads\/2024\/11\/locatis.jpg\" \/>\n\t<meta property=\"og:image:width\" content=\"291\" \/>\n\t<meta property=\"og:image:height\" content=\"41\" \/>\n\t<meta property=\"og:image:type\" content=\"image\/jpeg\" \/>\n<meta name=\"author\" content=\"admin\" \/>\n<meta name=\"twitter:card\" content=\"summary_large_image\" \/>\n<meta name=\"twitter:label1\" content=\"\u00c9crit par\" \/>\n\t<meta name=\"twitter:data1\" content=\"admin\" \/>\n\t<meta name=\"twitter:label2\" content=\"Dur\u00e9e de lecture estim\u00e9e\" \/>\n\t<meta name=\"twitter:data2\" content=\"5 minutes\" \/>\n<script type=\"application\/ld+json\" class=\"yoast-schema-graph\">{\"@context\":\"https:\/\/schema.org\",\"@graph\":[{\"@type\":\"Article\",\"@id\":\"https:\/\/www.ellesaussi.org\/?p=1912#article\",\"isPartOf\":{\"@id\":\"https:\/\/www.ellesaussi.org\/?p=1912\"},\"author\":{\"name\":\"admin\",\"@id\":\"https:\/\/www.ellesaussi.org\/#\/schema\/person\/eeca4be50db30b5dbb39f78fc3364160\"},\"headline\":\"Les femmes peinent \u00e0 entrer dans les conseils communautaires\",\"datePublished\":\"2016-03-30T09:36:00+00:00\",\"dateModified\":\"2024-11-08T10:38:12+00:00\",\"mainEntityOfPage\":{\"@id\":\"https:\/\/www.ellesaussi.org\/?p=1912\"},\"wordCount\":998,\"publisher\":{\"@id\":\"https:\/\/www.ellesaussi.org\/#organization\"},\"image\":{\"@id\":\"https:\/\/www.ellesaussi.org\/?p=1912#primaryimage\"},\"thumbnailUrl\":\"https:\/\/www.ellesaussi.org\/wp-content\/uploads\/2024\/11\/locatis.jpg\",\"articleSection\":[\"Presse\"],\"inLanguage\":\"fr-FR\"},{\"@type\":\"WebPage\",\"@id\":\"https:\/\/www.ellesaussi.org\/?p=1912\",\"url\":\"https:\/\/www.ellesaussi.org\/?p=1912\",\"name\":\"Les femmes peinent \u00e0 entrer dans les conseils communautaires - Elles Aussi\",\"isPartOf\":{\"@id\":\"https:\/\/www.ellesaussi.org\/#website\"},\"primaryImageOfPage\":{\"@id\":\"https:\/\/www.ellesaussi.org\/?p=1912#primaryimage\"},\"image\":{\"@id\":\"https:\/\/www.ellesaussi.org\/?p=1912#primaryimage\"},\"thumbnailUrl\":\"https:\/\/www.ellesaussi.org\/wp-content\/uploads\/2024\/11\/locatis.jpg\",\"datePublished\":\"2016-03-30T09:36:00+00:00\",\"dateModified\":\"2024-11-08T10:38:12+00:00\",\"breadcrumb\":{\"@id\":\"https:\/\/www.ellesaussi.org\/?p=1912#breadcrumb\"},\"inLanguage\":\"fr-FR\",\"potentialAction\":[{\"@type\":\"ReadAction\",\"target\":[\"https:\/\/www.ellesaussi.org\/?p=1912\"]}]},{\"@type\":\"ImageObject\",\"inLanguage\":\"fr-FR\",\"@id\":\"https:\/\/www.ellesaussi.org\/?p=1912#primaryimage\",\"url\":\"https:\/\/www.ellesaussi.org\/wp-content\/uploads\/2024\/11\/locatis.jpg\",\"contentUrl\":\"https:\/\/www.ellesaussi.org\/wp-content\/uploads\/2024\/11\/locatis.jpg\",\"width\":291,\"height\":41},{\"@type\":\"BreadcrumbList\",\"@id\":\"https:\/\/www.ellesaussi.org\/?p=1912#breadcrumb\",\"itemListElement\":[{\"@type\":\"ListItem\",\"position\":1,\"name\":\"Accueil\",\"item\":\"https:\/\/www.ellesaussi.org\/\"},{\"@type\":\"ListItem\",\"position\":2,\"name\":\"Les femmes peinent \u00e0 entrer dans les conseils communautaires\"}]},{\"@type\":\"WebSite\",\"@id\":\"https:\/\/www.ellesaussi.org\/#website\",\"url\":\"https:\/\/www.ellesaussi.org\/\",\"name\":\"Elles Aussi\",\"description\":\"\",\"publisher\":{\"@id\":\"https:\/\/www.ellesaussi.org\/#organization\"},\"potentialAction\":[{\"@type\":\"SearchAction\",\"target\":{\"@type\":\"EntryPoint\",\"urlTemplate\":\"https:\/\/www.ellesaussi.org\/?s={search_term_string}\"},\"query-input\":\"required name=search_term_string\"}],\"inLanguage\":\"fr-FR\"},{\"@type\":\"Organization\",\"@id\":\"https:\/\/www.ellesaussi.org\/#organization\",\"name\":\"Elles Aussi\",\"url\":\"https:\/\/www.ellesaussi.org\/\",\"logo\":{\"@type\":\"ImageObject\",\"inLanguage\":\"fr-FR\",\"@id\":\"https:\/\/www.ellesaussi.org\/#\/schema\/logo\/image\/\",\"url\":\"https:\/\/www.ellesaussi.org\/wp-content\/uploads\/2024\/05\/Elles-aussi_logotype_rouge.png\",\"contentUrl\":\"https:\/\/www.ellesaussi.org\/wp-content\/uploads\/2024\/05\/Elles-aussi_logotype_rouge.png\",\"width\":3472,\"height\":2480,\"caption\":\"Elles Aussi\"},\"image\":{\"@id\":\"https:\/\/www.ellesaussi.org\/#\/schema\/logo\/image\/\"},\"sameAs\":[\"https:\/\/www.facebook.com\/ellesaussi\/\"]},{\"@type\":\"Person\",\"@id\":\"https:\/\/www.ellesaussi.org\/#\/schema\/person\/eeca4be50db30b5dbb39f78fc3364160\",\"name\":\"admin\",\"image\":{\"@type\":\"ImageObject\",\"inLanguage\":\"fr-FR\",\"@id\":\"https:\/\/www.ellesaussi.org\/#\/schema\/person\/image\/\",\"url\":\"https:\/\/secure.gravatar.com\/avatar\/62da4937aa6d6b509192861c0b966204a1b742b2814f6387fa08fe6c98a8729c?s=96&d=mm&r=g\",\"contentUrl\":\"https:\/\/secure.gravatar.com\/avatar\/62da4937aa6d6b509192861c0b966204a1b742b2814f6387fa08fe6c98a8729c?s=96&d=mm&r=g\",\"caption\":\"admin\"},\"sameAs\":[\"https:\/\/elles129186.webdb78.lwspanel.com\"],\"url\":\"https:\/\/www.ellesaussi.org\/?author=1\"}]}<\/script>\n<!-- \/ Yoast SEO plugin. -->","yoast_head_json":{"title":"Les femmes peinent \u00e0 entrer dans les conseils communautaires - Elles Aussi","robots":{"index":"index","follow":"follow","max-snippet":"max-snippet:-1","max-image-preview":"max-image-preview:large","max-video-preview":"max-video-preview:-1"},"canonical":"https:\/\/www.ellesaussi.org\/?p=1912","og_locale":"fr_FR","og_type":"article","og_title":"Les femmes peinent \u00e0 entrer dans les conseils communautaires - Elles Aussi","og_description":"Moins d&rsquo;un tiers des conseillers communautaires d\u00e9sign\u00e9s en 2014 sont des femmes et seules 8% d&rsquo;entre elles pr\u00e9sident des communaut\u00e9s, r\u00e9v\u00e8le une enqu\u00eate de l&rsquo;association Elles aussi. Alors que ce d\u00e9s\u00e9quilibre risque de s&rsquo;accentuer \u00e0 l&rsquo;avenir du fait de la refonte de la carte intercommunale, l&rsquo;association juge indispensable d&rsquo;imposer la parit\u00e9 par la loi. Mais [&hellip;]","og_url":"https:\/\/www.ellesaussi.org\/?p=1912","og_site_name":"Elles Aussi","article_publisher":"https:\/\/www.facebook.com\/ellesaussi\/","article_published_time":"2016-03-30T09:36:00+00:00","article_modified_time":"2024-11-08T10:38:12+00:00","og_image":[{"width":291,"height":41,"url":"https:\/\/www.ellesaussi.org\/wp-content\/uploads\/2024\/11\/locatis.jpg","type":"image\/jpeg"}],"author":"admin","twitter_card":"summary_large_image","twitter_misc":{"\u00c9crit par":"admin","Dur\u00e9e de lecture estim\u00e9e":"5 minutes"},"schema":{"@context":"https:\/\/schema.org","@graph":[{"@type":"Article","@id":"https:\/\/www.ellesaussi.org\/?p=1912#article","isPartOf":{"@id":"https:\/\/www.ellesaussi.org\/?p=1912"},"author":{"name":"admin","@id":"https:\/\/www.ellesaussi.org\/#\/schema\/person\/eeca4be50db30b5dbb39f78fc3364160"},"headline":"Les femmes peinent \u00e0 entrer dans les conseils communautaires","datePublished":"2016-03-30T09:36:00+00:00","dateModified":"2024-11-08T10:38:12+00:00","mainEntityOfPage":{"@id":"https:\/\/www.ellesaussi.org\/?p=1912"},"wordCount":998,"publisher":{"@id":"https:\/\/www.ellesaussi.org\/#organization"},"image":{"@id":"https:\/\/www.ellesaussi.org\/?p=1912#primaryimage"},"thumbnailUrl":"https:\/\/www.ellesaussi.org\/wp-content\/uploads\/2024\/11\/locatis.jpg","articleSection":["Presse"],"inLanguage":"fr-FR"},{"@type":"WebPage","@id":"https:\/\/www.ellesaussi.org\/?p=1912","url":"https:\/\/www.ellesaussi.org\/?p=1912","name":"Les femmes peinent \u00e0 entrer dans les conseils communautaires - Elles Aussi","isPartOf":{"@id":"https:\/\/www.ellesaussi.org\/#website"},"primaryImageOfPage":{"@id":"https:\/\/www.ellesaussi.org\/?p=1912#primaryimage"},"image":{"@id":"https:\/\/www.ellesaussi.org\/?p=1912#primaryimage"},"thumbnailUrl":"https:\/\/www.ellesaussi.org\/wp-content\/uploads\/2024\/11\/locatis.jpg","datePublished":"2016-03-30T09:36:00+00:00","dateModified":"2024-11-08T10:38:12+00:00","breadcrumb":{"@id":"https:\/\/www.ellesaussi.org\/?p=1912#breadcrumb"},"inLanguage":"fr-FR","potentialAction":[{"@type":"ReadAction","target":["https:\/\/www.ellesaussi.org\/?p=1912"]}]},{"@type":"ImageObject","inLanguage":"fr-FR","@id":"https:\/\/www.ellesaussi.org\/?p=1912#primaryimage","url":"https:\/\/www.ellesaussi.org\/wp-content\/uploads\/2024\/11\/locatis.jpg","contentUrl":"https:\/\/www.ellesaussi.org\/wp-content\/uploads\/2024\/11\/locatis.jpg","width":291,"height":41},{"@type":"BreadcrumbList","@id":"https:\/\/www.ellesaussi.org\/?p=1912#breadcrumb","itemListElement":[{"@type":"ListItem","position":1,"name":"Accueil","item":"https:\/\/www.ellesaussi.org\/"},{"@type":"ListItem","position":2,"name":"Les femmes peinent \u00e0 entrer dans les conseils communautaires"}]},{"@type":"WebSite","@id":"https:\/\/www.ellesaussi.org\/#website","url":"https:\/\/www.ellesaussi.org\/","name":"Elles Aussi","description":"","publisher":{"@id":"https:\/\/www.ellesaussi.org\/#organization"},"potentialAction":[{"@type":"SearchAction","target":{"@type":"EntryPoint","urlTemplate":"https:\/\/www.ellesaussi.org\/?s={search_term_string}"},"query-input":"required name=search_term_string"}],"inLanguage":"fr-FR"},{"@type":"Organization","@id":"https:\/\/www.ellesaussi.org\/#organization","name":"Elles Aussi","url":"https:\/\/www.ellesaussi.org\/","logo":{"@type":"ImageObject","inLanguage":"fr-FR","@id":"https:\/\/www.ellesaussi.org\/#\/schema\/logo\/image\/","url":"https:\/\/www.ellesaussi.org\/wp-content\/uploads\/2024\/05\/Elles-aussi_logotype_rouge.png","contentUrl":"https:\/\/www.ellesaussi.org\/wp-content\/uploads\/2024\/05\/Elles-aussi_logotype_rouge.png","width":3472,"height":2480,"caption":"Elles Aussi"},"image":{"@id":"https:\/\/www.ellesaussi.org\/#\/schema\/logo\/image\/"},"sameAs":["https:\/\/www.facebook.com\/ellesaussi\/"]},{"@type":"Person","@id":"https:\/\/www.ellesaussi.org\/#\/schema\/person\/eeca4be50db30b5dbb39f78fc3364160","name":"admin","image":{"@type":"ImageObject","inLanguage":"fr-FR","@id":"https:\/\/www.ellesaussi.org\/#\/schema\/person\/image\/","url":"https:\/\/secure.gravatar.com\/avatar\/62da4937aa6d6b509192861c0b966204a1b742b2814f6387fa08fe6c98a8729c?s=96&d=mm&r=g","contentUrl":"https:\/\/secure.gravatar.com\/avatar\/62da4937aa6d6b509192861c0b966204a1b742b2814f6387fa08fe6c98a8729c?s=96&d=mm&r=g","caption":"admin"},"sameAs":["https:\/\/elles129186.webdb78.lwspanel.com"],"url":"https:\/\/www.ellesaussi.org\/?author=1"}]}},"_links":{"self":[{"href":"https:\/\/www.ellesaussi.org\/index.php?rest_route=\/wp\/v2\/posts\/1912","targetHints":{"allow":["GET"]}}],"collection":[{"href":"https:\/\/www.ellesaussi.org\/index.php?rest_route=\/wp\/v2\/posts"}],"about":[{"href":"https:\/\/www.ellesaussi.org\/index.php?rest_route=\/wp\/v2\/types\/post"}],"author":[{"embeddable":true,"href":"https:\/\/www.ellesaussi.org\/index.php?rest_route=\/wp\/v2\/users\/1"}],"replies":[{"embeddable":true,"href":"https:\/\/www.ellesaussi.org\/index.php?rest_route=%2Fwp%2Fv2%2Fcomments&post=1912"}],"version-history":[{"count":4,"href":"https:\/\/www.ellesaussi.org\/index.php?rest_route=\/wp\/v2\/posts\/1912\/revisions"}],"predecessor-version":[{"id":1917,"href":"https:\/\/www.ellesaussi.org\/index.php?rest_route=\/wp\/v2\/posts\/1912\/revisions\/1917"}],"wp:featuredmedia":[{"embeddable":true,"href":"https:\/\/www.ellesaussi.org\/index.php?rest_route=\/wp\/v2\/media\/1913"}],"wp:attachment":[{"href":"https:\/\/www.ellesaussi.org\/index.php?rest_route=%2Fwp%2Fv2%2Fmedia&parent=1912"}],"wp:term":[{"taxonomy":"category","embeddable":true,"href":"https:\/\/www.ellesaussi.org\/index.php?rest_route=%2Fwp%2Fv2%2Fcategories&post=1912"},{"taxonomy":"post_tag","embeddable":true,"href":"https:\/\/www.ellesaussi.org\/index.php?rest_route=%2Fwp%2Fv2%2Ftags&post=1912"}],"curies":[{"name":"wp","href":"https:\/\/api.w.org\/{rel}","templated":true}]}}