{"id":1899,"date":"2016-03-25T11:29:00","date_gmt":"2016-03-25T10:29:00","guid":{"rendered":"https:\/\/elles129186.webdb78.lwspanel.com\/?p=1899"},"modified":"2024-11-08T11:31:32","modified_gmt":"2024-11-08T10:31:32","slug":"etat-de-la-parite-dans-les-intercommunalites-a-laube-des-recompositions","status":"publish","type":"post","link":"https:\/\/www.ellesaussi.org\/?p=1899","title":{"rendered":"Etat de la parit\u00e9 dans les intercommunalit\u00e9s \u00e0 l\u2019aube des recompositions"},"content":{"rendered":"\t\t<div data-elementor-type=\"wp-post\" data-elementor-id=\"1899\" class=\"elementor elementor-1899\" data-elementor-post-type=\"post\">\n\t\t\t\t<div class=\"elementor-element elementor-element-405f06e e-flex e-con-boxed e-con e-parent\" data-id=\"405f06e\" data-element_type=\"container\">\n\t\t\t\t\t<div class=\"e-con-inner\">\n\t\t\t\t<div class=\"elementor-element elementor-element-45c0ae6 elementor-widget elementor-widget-text-editor\" data-id=\"45c0ae6\" data-element_type=\"widget\" data-widget_type=\"text-editor.default\">\n\t\t\t\t<div class=\"elementor-widget-container\">\n\t\t\t\t\t\t\t<p>A l\u2019occasion d\u2019un colloque organis\u00e9 par le r\u00e9seau Elles aussi, auquel l\u2019AdCF \u00e9tait associ\u00e9e, ont \u00e9t\u00e9 pr\u00e9sent\u00e9s les r\u00e9sultats d\u2019une enqu\u00eate men\u00e9e sur la parit\u00e9 en 2015 dans les intercommunalit\u00e9s. Destin\u00e9e notamment \u00e0 \u00e9valuer les effets de la loi du 13 mai 2013 rendant <br \/>obligatoire la parit\u00e9 dans les scrutins de liste, cette enqu\u00eate a ouvert le d\u00e9bat sur la gouvernance des futures communaut\u00e9s&#8230; <br \/>R\u00e9alis\u00e9e en 2015 sur une base de 2127 communaut\u00e9s, l\u2019enqu\u00eate nationale du r\u00e9seau Elles aussi a port\u00e9 principalement sur la place des femmes dans les conseils communautaires : nombre, position et responsabilit\u00e9s des \u00e9lues.<br \/><br \/>Outre le panorama qu\u2019il donne \u00e0 voir sur la composition des assembl\u00e9es intercommunales \u00e9lues pour la 1\u00e8re fois au suffrage universel fl\u00e9ch\u00e9 lors des \u00e9lections municipales et communautaires de 2014, il ouvre \u00e9galement la r\u00e9flexion sur les enjeux des recompositions de p\u00e9rim\u00e8tres et la gouvernance des futures communaut\u00e9s. En effet, les 2\/3 des communaut\u00e9s analys\u00e9es sont concern\u00e9es par un projet d\u2019\u00e9volution de p\u00e9rim\u00e8tres au regard des sch\u00e9mas d\u00e9partementaux de coop\u00e9ration intercommunale (adoption en CDCI d\u2019ici le 31 mars 2016). Pour Armelle Danet et Reine Lepinay, co-pr\u00e9sidentes du r\u00e9seau Elles aussi &#8211; ces r\u00e9sultats 2015 permettront d\u2019\u00e9tablir une comparaison avec les prochaines \u00e9volutions de gouvernance au sein des communaut\u00e9s recompos\u00e9es au 1er janvier 2017. <br \/><br \/>Une progression du nombre de conseill\u00e8res communautaires\u2026 <br \/>En 2015, 180 pr\u00e9sidentes d\u2019intercommunalit\u00e9s sont recens\u00e9es et 32% des conseillers communautaires sont des femmes. Ces chiffres sont \u00e9galement \u00e0 mettre en regard de la taille d\u00e9mographique des communaut\u00e9s car si 70% des 2127 intercommunalit\u00e9s \u00e9tudi\u00e9es comptent moins de 20 000 habitants, nombreuses sont compos\u00e9es de communes de moins de 1000 habitants (les \u00be des communes en France ont moins de 1000 hbts), pour lesquelles le scrutin de liste &#8211; et donc la parit\u00e9 &#8211; n\u2019ont pas \u00e9t\u00e9 rendus obligatoires. Ce qui peut expliquer en partie des ex\u00e9cutifs exclusivement masculins (23%) et que seuls 8% des ex\u00e9cutifs sont compos\u00e9s de plus de 40% de femmes. Les maires restant majoritairement des hommes (84% en 2014) et les communes de petite taille d\u00e9mographique d\u00e9l\u00e8guent le plus souvent un seul \u00e9lu \u00e0 la communaut\u00e9, le maire. <br \/>Cette enqu\u00eate r\u00e9v\u00e8le \u00e9galement une disparit\u00e9 g\u00e9ographique, tandis que les communaut\u00e9s ultramarines comptent 5 pr\u00e9sidentes, que la Bretagne est la seule r\u00e9gion de France m\u00e9tropolitaine o\u00f9 aucune assembl\u00e9e communautaire compte moins de 20% de conseill\u00e8res, la part d\u2019\u00e9lues dans les ex\u00e9cutifs passent sous la barre des 15% dans une quinzaine de d\u00e9partements. <br \/>Lors du colloque de pr\u00e9sentation de ces r\u00e9sultats par Elles aussi, \u00e9lues locales et parlementaires \u2013 St\u00e9phanie Riocreux, s\u00e9natrice, Fran\u00e7oise Descamp-Crosnier, d\u00e9put\u00e9e, Fran\u00e7oise Gatel, s\u00e9natrice d\u2019Ille-et-Vilaine, Fran\u00e7oise Ramond, pr\u00e9sidente de la communaut\u00e9 du Val Drouette, Nicolas Portier, d\u00e9l\u00e9gu\u00e9 de l\u2019AdCF ont \u00e9chang\u00e9 sur les progressions constat\u00e9es, sur les \u00e9ch\u00e9ances \u00e0 venir et les recompositions territoriales avec notamment avec l\u2019intervention de cl\u00f4ture d\u2019Estelle Grelier, secr\u00e9taire d\u2019Etat aux collectivit\u00e9s territoriales <br \/><br \/>Contact AdCF : s.guirado@adcf.asso.fr<br \/>parue sur AdCF Direct<\/p>\t\t\t\t\t\t<\/div>\n\t\t\t\t<\/div>\n\t\t\t\t\t<\/div>\n\t\t\t\t<\/div>\n\t\t\t\t<\/div>\n\t\t","protected":false},"excerpt":{"rendered":"<p>A l\u2019occasion d\u2019un colloque organis\u00e9 par le r\u00e9seau Elles aussi, auquel l\u2019AdCF \u00e9tait associ\u00e9e, ont \u00e9t\u00e9 pr\u00e9sent\u00e9s les r\u00e9sultats d\u2019une enqu\u00eate men\u00e9e sur la parit\u00e9 en 2015 dans les intercommunalit\u00e9s. Destin\u00e9e notamment \u00e0 \u00e9valuer les effets de la loi du 13 mai 2013 rendant obligatoire la parit\u00e9 dans les scrutins de liste, cette enqu\u00eate a [&hellip;]<\/p>\n","protected":false},"author":1,"featured_media":1900,"comment_status":"closed","ping_status":"closed","sticky":false,"template":"","format":"standard","meta":{"footnotes":""},"categories":[46],"tags":[],"class_list":["post-1899","post","type-post","status-publish","format-standard","has-post-thumbnail","hentry","category-presse"],"yoast_head":"<!-- This site is optimized with the Yoast SEO plugin v22.8 - https:\/\/yoast.com\/wordpress\/plugins\/seo\/ -->\n<title>Etat de la parit\u00e9 dans les intercommunalit\u00e9s \u00e0 l\u2019aube des recompositions - Elles Aussi<\/title>\n<meta name=\"robots\" content=\"index, follow, max-snippet:-1, max-image-preview:large, max-video-preview:-1\" \/>\n<link rel=\"canonical\" href=\"https:\/\/www.ellesaussi.org\/?p=1899\" \/>\n<meta property=\"og:locale\" content=\"fr_FR\" \/>\n<meta property=\"og:type\" content=\"article\" \/>\n<meta property=\"og:title\" content=\"Etat de la parit\u00e9 dans les intercommunalit\u00e9s \u00e0 l\u2019aube des recompositions - Elles Aussi\" \/>\n<meta property=\"og:description\" content=\"A l\u2019occasion d\u2019un colloque organis\u00e9 par le r\u00e9seau Elles aussi, auquel l\u2019AdCF \u00e9tait associ\u00e9e, ont \u00e9t\u00e9 pr\u00e9sent\u00e9s les r\u00e9sultats d\u2019une enqu\u00eate men\u00e9e sur la parit\u00e9 en 2015 dans les intercommunalit\u00e9s. Destin\u00e9e notamment \u00e0 \u00e9valuer les effets de la loi du 13 mai 2013 rendant obligatoire la parit\u00e9 dans les scrutins de liste, cette enqu\u00eate a [&hellip;]\" \/>\n<meta property=\"og:url\" content=\"https:\/\/www.ellesaussi.org\/?p=1899\" \/>\n<meta property=\"og:site_name\" content=\"Elles Aussi\" \/>\n<meta property=\"article:publisher\" content=\"https:\/\/www.facebook.com\/ellesaussi\/\" \/>\n<meta property=\"article:published_time\" content=\"2016-03-25T10:29:00+00:00\" \/>\n<meta property=\"article:modified_time\" content=\"2024-11-08T10:31:32+00:00\" \/>\n<meta property=\"og:image\" content=\"https:\/\/www.ellesaussi.org\/wp-content\/uploads\/2024\/11\/logo_adcf_0.jpg\" \/>\n\t<meta property=\"og:image:width\" content=\"350\" \/>\n\t<meta property=\"og:image:height\" content=\"236\" \/>\n\t<meta property=\"og:image:type\" content=\"image\/jpeg\" \/>\n<meta name=\"author\" content=\"admin\" \/>\n<meta name=\"twitter:card\" content=\"summary_large_image\" \/>\n<meta name=\"twitter:label1\" content=\"\u00c9crit par\" \/>\n\t<meta name=\"twitter:data1\" content=\"admin\" \/>\n\t<meta name=\"twitter:label2\" content=\"Dur\u00e9e de lecture estim\u00e9e\" \/>\n\t<meta name=\"twitter:data2\" content=\"3 minutes\" \/>\n<script type=\"application\/ld+json\" class=\"yoast-schema-graph\">{\"@context\":\"https:\/\/schema.org\",\"@graph\":[{\"@type\":\"Article\",\"@id\":\"https:\/\/www.ellesaussi.org\/?p=1899#article\",\"isPartOf\":{\"@id\":\"https:\/\/www.ellesaussi.org\/?p=1899\"},\"author\":{\"name\":\"admin\",\"@id\":\"https:\/\/www.ellesaussi.org\/#\/schema\/person\/eeca4be50db30b5dbb39f78fc3364160\"},\"headline\":\"Etat de la parit\u00e9 dans les intercommunalit\u00e9s \u00e0 l\u2019aube des recompositions\",\"datePublished\":\"2016-03-25T10:29:00+00:00\",\"dateModified\":\"2024-11-08T10:31:32+00:00\",\"mainEntityOfPage\":{\"@id\":\"https:\/\/www.ellesaussi.org\/?p=1899\"},\"wordCount\":556,\"publisher\":{\"@id\":\"https:\/\/www.ellesaussi.org\/#organization\"},\"image\":{\"@id\":\"https:\/\/www.ellesaussi.org\/?p=1899#primaryimage\"},\"thumbnailUrl\":\"https:\/\/www.ellesaussi.org\/wp-content\/uploads\/2024\/11\/logo_adcf_0.jpg\",\"articleSection\":[\"Presse\"],\"inLanguage\":\"fr-FR\"},{\"@type\":\"WebPage\",\"@id\":\"https:\/\/www.ellesaussi.org\/?p=1899\",\"url\":\"https:\/\/www.ellesaussi.org\/?p=1899\",\"name\":\"Etat de la parit\u00e9 dans les intercommunalit\u00e9s \u00e0 l\u2019aube des recompositions - Elles Aussi\",\"isPartOf\":{\"@id\":\"https:\/\/www.ellesaussi.org\/#website\"},\"primaryImageOfPage\":{\"@id\":\"https:\/\/www.ellesaussi.org\/?p=1899#primaryimage\"},\"image\":{\"@id\":\"https:\/\/www.ellesaussi.org\/?p=1899#primaryimage\"},\"thumbnailUrl\":\"https:\/\/www.ellesaussi.org\/wp-content\/uploads\/2024\/11\/logo_adcf_0.jpg\",\"datePublished\":\"2016-03-25T10:29:00+00:00\",\"dateModified\":\"2024-11-08T10:31:32+00:00\",\"breadcrumb\":{\"@id\":\"https:\/\/www.ellesaussi.org\/?p=1899#breadcrumb\"},\"inLanguage\":\"fr-FR\",\"potentialAction\":[{\"@type\":\"ReadAction\",\"target\":[\"https:\/\/www.ellesaussi.org\/?p=1899\"]}]},{\"@type\":\"ImageObject\",\"inLanguage\":\"fr-FR\",\"@id\":\"https:\/\/www.ellesaussi.org\/?p=1899#primaryimage\",\"url\":\"https:\/\/www.ellesaussi.org\/wp-content\/uploads\/2024\/11\/logo_adcf_0.jpg\",\"contentUrl\":\"https:\/\/www.ellesaussi.org\/wp-content\/uploads\/2024\/11\/logo_adcf_0.jpg\",\"width\":350,\"height\":236},{\"@type\":\"BreadcrumbList\",\"@id\":\"https:\/\/www.ellesaussi.org\/?p=1899#breadcrumb\",\"itemListElement\":[{\"@type\":\"ListItem\",\"position\":1,\"name\":\"Accueil\",\"item\":\"https:\/\/www.ellesaussi.org\/\"},{\"@type\":\"ListItem\",\"position\":2,\"name\":\"Etat de la parit\u00e9 dans les intercommunalit\u00e9s \u00e0 l\u2019aube des recompositions\"}]},{\"@type\":\"WebSite\",\"@id\":\"https:\/\/www.ellesaussi.org\/#website\",\"url\":\"https:\/\/www.ellesaussi.org\/\",\"name\":\"Elles Aussi\",\"description\":\"\",\"publisher\":{\"@id\":\"https:\/\/www.ellesaussi.org\/#organization\"},\"potentialAction\":[{\"@type\":\"SearchAction\",\"target\":{\"@type\":\"EntryPoint\",\"urlTemplate\":\"https:\/\/www.ellesaussi.org\/?s={search_term_string}\"},\"query-input\":\"required name=search_term_string\"}],\"inLanguage\":\"fr-FR\"},{\"@type\":\"Organization\",\"@id\":\"https:\/\/www.ellesaussi.org\/#organization\",\"name\":\"Elles Aussi\",\"url\":\"https:\/\/www.ellesaussi.org\/\",\"logo\":{\"@type\":\"ImageObject\",\"inLanguage\":\"fr-FR\",\"@id\":\"https:\/\/www.ellesaussi.org\/#\/schema\/logo\/image\/\",\"url\":\"https:\/\/www.ellesaussi.org\/wp-content\/uploads\/2024\/05\/Elles-aussi_logotype_rouge.png\",\"contentUrl\":\"https:\/\/www.ellesaussi.org\/wp-content\/uploads\/2024\/05\/Elles-aussi_logotype_rouge.png\",\"width\":3472,\"height\":2480,\"caption\":\"Elles Aussi\"},\"image\":{\"@id\":\"https:\/\/www.ellesaussi.org\/#\/schema\/logo\/image\/\"},\"sameAs\":[\"https:\/\/www.facebook.com\/ellesaussi\/\"]},{\"@type\":\"Person\",\"@id\":\"https:\/\/www.ellesaussi.org\/#\/schema\/person\/eeca4be50db30b5dbb39f78fc3364160\",\"name\":\"admin\",\"image\":{\"@type\":\"ImageObject\",\"inLanguage\":\"fr-FR\",\"@id\":\"https:\/\/www.ellesaussi.org\/#\/schema\/person\/image\/\",\"url\":\"https:\/\/secure.gravatar.com\/avatar\/62da4937aa6d6b509192861c0b966204a1b742b2814f6387fa08fe6c98a8729c?s=96&d=mm&r=g\",\"contentUrl\":\"https:\/\/secure.gravatar.com\/avatar\/62da4937aa6d6b509192861c0b966204a1b742b2814f6387fa08fe6c98a8729c?s=96&d=mm&r=g\",\"caption\":\"admin\"},\"sameAs\":[\"https:\/\/elles129186.webdb78.lwspanel.com\"],\"url\":\"https:\/\/www.ellesaussi.org\/?author=1\"}]}<\/script>\n<!-- \/ Yoast SEO plugin. -->","yoast_head_json":{"title":"Etat de la parit\u00e9 dans les intercommunalit\u00e9s \u00e0 l\u2019aube des recompositions - Elles Aussi","robots":{"index":"index","follow":"follow","max-snippet":"max-snippet:-1","max-image-preview":"max-image-preview:large","max-video-preview":"max-video-preview:-1"},"canonical":"https:\/\/www.ellesaussi.org\/?p=1899","og_locale":"fr_FR","og_type":"article","og_title":"Etat de la parit\u00e9 dans les intercommunalit\u00e9s \u00e0 l\u2019aube des recompositions - Elles Aussi","og_description":"A l\u2019occasion d\u2019un colloque organis\u00e9 par le r\u00e9seau Elles aussi, auquel l\u2019AdCF \u00e9tait associ\u00e9e, ont \u00e9t\u00e9 pr\u00e9sent\u00e9s les r\u00e9sultats d\u2019une enqu\u00eate men\u00e9e sur la parit\u00e9 en 2015 dans les intercommunalit\u00e9s. Destin\u00e9e notamment \u00e0 \u00e9valuer les effets de la loi du 13 mai 2013 rendant obligatoire la parit\u00e9 dans les scrutins de liste, cette enqu\u00eate a [&hellip;]","og_url":"https:\/\/www.ellesaussi.org\/?p=1899","og_site_name":"Elles Aussi","article_publisher":"https:\/\/www.facebook.com\/ellesaussi\/","article_published_time":"2016-03-25T10:29:00+00:00","article_modified_time":"2024-11-08T10:31:32+00:00","og_image":[{"width":350,"height":236,"url":"https:\/\/www.ellesaussi.org\/wp-content\/uploads\/2024\/11\/logo_adcf_0.jpg","type":"image\/jpeg"}],"author":"admin","twitter_card":"summary_large_image","twitter_misc":{"\u00c9crit par":"admin","Dur\u00e9e de lecture estim\u00e9e":"3 minutes"},"schema":{"@context":"https:\/\/schema.org","@graph":[{"@type":"Article","@id":"https:\/\/www.ellesaussi.org\/?p=1899#article","isPartOf":{"@id":"https:\/\/www.ellesaussi.org\/?p=1899"},"author":{"name":"admin","@id":"https:\/\/www.ellesaussi.org\/#\/schema\/person\/eeca4be50db30b5dbb39f78fc3364160"},"headline":"Etat de la parit\u00e9 dans les intercommunalit\u00e9s \u00e0 l\u2019aube des recompositions","datePublished":"2016-03-25T10:29:00+00:00","dateModified":"2024-11-08T10:31:32+00:00","mainEntityOfPage":{"@id":"https:\/\/www.ellesaussi.org\/?p=1899"},"wordCount":556,"publisher":{"@id":"https:\/\/www.ellesaussi.org\/#organization"},"image":{"@id":"https:\/\/www.ellesaussi.org\/?p=1899#primaryimage"},"thumbnailUrl":"https:\/\/www.ellesaussi.org\/wp-content\/uploads\/2024\/11\/logo_adcf_0.jpg","articleSection":["Presse"],"inLanguage":"fr-FR"},{"@type":"WebPage","@id":"https:\/\/www.ellesaussi.org\/?p=1899","url":"https:\/\/www.ellesaussi.org\/?p=1899","name":"Etat de la parit\u00e9 dans les intercommunalit\u00e9s \u00e0 l\u2019aube des recompositions - Elles Aussi","isPartOf":{"@id":"https:\/\/www.ellesaussi.org\/#website"},"primaryImageOfPage":{"@id":"https:\/\/www.ellesaussi.org\/?p=1899#primaryimage"},"image":{"@id":"https:\/\/www.ellesaussi.org\/?p=1899#primaryimage"},"thumbnailUrl":"https:\/\/www.ellesaussi.org\/wp-content\/uploads\/2024\/11\/logo_adcf_0.jpg","datePublished":"2016-03-25T10:29:00+00:00","dateModified":"2024-11-08T10:31:32+00:00","breadcrumb":{"@id":"https:\/\/www.ellesaussi.org\/?p=1899#breadcrumb"},"inLanguage":"fr-FR","potentialAction":[{"@type":"ReadAction","target":["https:\/\/www.ellesaussi.org\/?p=1899"]}]},{"@type":"ImageObject","inLanguage":"fr-FR","@id":"https:\/\/www.ellesaussi.org\/?p=1899#primaryimage","url":"https:\/\/www.ellesaussi.org\/wp-content\/uploads\/2024\/11\/logo_adcf_0.jpg","contentUrl":"https:\/\/www.ellesaussi.org\/wp-content\/uploads\/2024\/11\/logo_adcf_0.jpg","width":350,"height":236},{"@type":"BreadcrumbList","@id":"https:\/\/www.ellesaussi.org\/?p=1899#breadcrumb","itemListElement":[{"@type":"ListItem","position":1,"name":"Accueil","item":"https:\/\/www.ellesaussi.org\/"},{"@type":"ListItem","position":2,"name":"Etat de la parit\u00e9 dans les intercommunalit\u00e9s \u00e0 l\u2019aube des recompositions"}]},{"@type":"WebSite","@id":"https:\/\/www.ellesaussi.org\/#website","url":"https:\/\/www.ellesaussi.org\/","name":"Elles Aussi","description":"","publisher":{"@id":"https:\/\/www.ellesaussi.org\/#organization"},"potentialAction":[{"@type":"SearchAction","target":{"@type":"EntryPoint","urlTemplate":"https:\/\/www.ellesaussi.org\/?s={search_term_string}"},"query-input":"required name=search_term_string"}],"inLanguage":"fr-FR"},{"@type":"Organization","@id":"https:\/\/www.ellesaussi.org\/#organization","name":"Elles Aussi","url":"https:\/\/www.ellesaussi.org\/","logo":{"@type":"ImageObject","inLanguage":"fr-FR","@id":"https:\/\/www.ellesaussi.org\/#\/schema\/logo\/image\/","url":"https:\/\/www.ellesaussi.org\/wp-content\/uploads\/2024\/05\/Elles-aussi_logotype_rouge.png","contentUrl":"https:\/\/www.ellesaussi.org\/wp-content\/uploads\/2024\/05\/Elles-aussi_logotype_rouge.png","width":3472,"height":2480,"caption":"Elles Aussi"},"image":{"@id":"https:\/\/www.ellesaussi.org\/#\/schema\/logo\/image\/"},"sameAs":["https:\/\/www.facebook.com\/ellesaussi\/"]},{"@type":"Person","@id":"https:\/\/www.ellesaussi.org\/#\/schema\/person\/eeca4be50db30b5dbb39f78fc3364160","name":"admin","image":{"@type":"ImageObject","inLanguage":"fr-FR","@id":"https:\/\/www.ellesaussi.org\/#\/schema\/person\/image\/","url":"https:\/\/secure.gravatar.com\/avatar\/62da4937aa6d6b509192861c0b966204a1b742b2814f6387fa08fe6c98a8729c?s=96&d=mm&r=g","contentUrl":"https:\/\/secure.gravatar.com\/avatar\/62da4937aa6d6b509192861c0b966204a1b742b2814f6387fa08fe6c98a8729c?s=96&d=mm&r=g","caption":"admin"},"sameAs":["https:\/\/elles129186.webdb78.lwspanel.com"],"url":"https:\/\/www.ellesaussi.org\/?author=1"}]}},"_links":{"self":[{"href":"https:\/\/www.ellesaussi.org\/index.php?rest_route=\/wp\/v2\/posts\/1899","targetHints":{"allow":["GET"]}}],"collection":[{"href":"https:\/\/www.ellesaussi.org\/index.php?rest_route=\/wp\/v2\/posts"}],"about":[{"href":"https:\/\/www.ellesaussi.org\/index.php?rest_route=\/wp\/v2\/types\/post"}],"author":[{"embeddable":true,"href":"https:\/\/www.ellesaussi.org\/index.php?rest_route=\/wp\/v2\/users\/1"}],"replies":[{"embeddable":true,"href":"https:\/\/www.ellesaussi.org\/index.php?rest_route=%2Fwp%2Fv2%2Fcomments&post=1899"}],"version-history":[{"count":4,"href":"https:\/\/www.ellesaussi.org\/index.php?rest_route=\/wp\/v2\/posts\/1899\/revisions"}],"predecessor-version":[{"id":1904,"href":"https:\/\/www.ellesaussi.org\/index.php?rest_route=\/wp\/v2\/posts\/1899\/revisions\/1904"}],"wp:featuredmedia":[{"embeddable":true,"href":"https:\/\/www.ellesaussi.org\/index.php?rest_route=\/wp\/v2\/media\/1900"}],"wp:attachment":[{"href":"https:\/\/www.ellesaussi.org\/index.php?rest_route=%2Fwp%2Fv2%2Fmedia&parent=1899"}],"wp:term":[{"taxonomy":"category","embeddable":true,"href":"https:\/\/www.ellesaussi.org\/index.php?rest_route=%2Fwp%2Fv2%2Fcategories&post=1899"},{"taxonomy":"post_tag","embeddable":true,"href":"https:\/\/www.ellesaussi.org\/index.php?rest_route=%2Fwp%2Fv2%2Ftags&post=1899"}],"curies":[{"name":"wp","href":"https:\/\/api.w.org\/{rel}","templated":true}]}}