{"id":1888,"date":"2016-03-25T11:26:00","date_gmt":"2016-03-25T10:26:00","guid":{"rendered":"https:\/\/elles129186.webdb78.lwspanel.com\/?p=1888"},"modified":"2024-11-08T11:27:49","modified_gmt":"2024-11-08T10:27:49","slug":"parite-la-feminisation-des-executifs-intercommunaux-reste-faible","status":"publish","type":"post","link":"https:\/\/www.ellesaussi.org\/?p=1888","title":{"rendered":"Parit\u00e9 : la f\u00e9minisation des ex\u00e9cutifs intercommunaux reste faible"},"content":{"rendered":"\t\t<div data-elementor-type=\"wp-post\" data-elementor-id=\"1888\" class=\"elementor elementor-1888\" data-elementor-post-type=\"post\">\n\t\t\t\t<div class=\"elementor-element elementor-element-e1dbb8a e-flex e-con-boxed e-con e-parent\" data-id=\"e1dbb8a\" data-element_type=\"container\">\n\t\t\t\t\t<div class=\"e-con-inner\">\n\t\t\t\t<div class=\"elementor-element elementor-element-3d6de81 elementor-widget elementor-widget-text-editor\" data-id=\"3d6de81\" data-element_type=\"widget\" data-widget_type=\"text-editor.default\">\n\t\t\t\t<div class=\"elementor-widget-container\">\n\t\t\t\t\t\t\t<p>Peut mieux faire. C\u2019est l\u2019appr\u00e9ciation de \u00ab Elles aussi \u00bb sur la parit\u00e9 dans les intercommunalit\u00e9s au terme d\u2019une premi\u00e8re enqu\u00eate nationale men\u00e9e en 2015 aupr\u00e8s de 2 127 EPCI. L\u2019association, qui promeut la parit\u00e9 dans les instances \u00e9lues, a pr\u00e9sent\u00e9 les r\u00e9sultats de ses investigations, hier au S\u00e9nat, dans le cadre d\u2019un colloque intitul\u00e9 \u00ab Perspectives 2020, nouvelle organisation territoriale et parit\u00e9 dans les intercommunalit\u00e9s \u00bb. <br \/>Si la place des femmes dans les conseils communautaires n\u2019est pas n\u00e9gligeable bien qu\u2019insuffisante (32%), la f\u00e9minisation de la gouvernance est loin d\u2019\u00eatre acquise : seules 8% de femmes pr\u00e9sident un EPCI et 18% appartiennent \u00e0 l\u2019ex\u00e9cutif. L\u2019association souligne qu\u2019un quart des ex\u00e9cutifs intercommunaux sont exclusivement masculins tandis qu\u2019\u00e0 l\u2019autre extr\u00eame, seuls 8% des EPCI ont un ex\u00e9cutif compos\u00e9 de plus de 40 % de femmes. \u00ab Le l\u00e9gislateur n\u2019a impos\u00e9 aucune contrainte paritaire sur la composition des ex\u00e9cutifs, au motif que l\u2019assembl\u00e9e ne l\u2019\u00e9tant pas, son ex\u00e9cutif ne pouvait l\u2019\u00eatre. Et les femmes se trouvent comme naturellement mises \u00e0 l\u2019\u00e9cart des postes de d\u00e9cision, sans que l\u2019on puisse appr\u00e9cier, au niveau des EPCI, un effet d\u2019entrainement des conseils sur les ex\u00e9cutifs \u00bb, analyse \u00ab Elles aussi \u00bb. <br \/>L\u2019abaissement du seuil d\u2019application du scrutin de liste paritaire dans les communes de 1000 habitants et plus, avec l\u2019instauration du fl\u00e9chage, en 2014, a certes favoris\u00e9 l\u2019entr\u00e9e des femmes dans les conseils communautaires. <br \/>Mais il le ferme aussi \u00ab car les petites communes d\u00e9l\u00e9guant souvent une seule personne, le si\u00e8ge va au maire, en g\u00e9n\u00e9ral un homme (dans 84% des cas) \u00bb, note \u00ab Elles aussi \u00bb. La recomposition de la carte intercommunale en cours se traduira par un acc\u00e8s encore plus difficile des femmes aux instances de gouvernance des EPCI dont le nombre devrait \u00eatre r\u00e9duit d\u2019un tiers au 1er janvier 2017, estime aussi l\u2019association. Avec l\u2019\u00e9largissement du seuil d\u00e9mographique des EPCI, \u00ab l\u2019acc\u00e8s des femmes \u00e0 la gouvernance ne pourra donc se faire sans une loi imposant la parit\u00e9 dans les conseils communautaires et leurs ex\u00e9cutifs \u00bb, estime l\u2019association, en faisant r\u00e9f\u00e9rence \u00e0 la loi du 17 mai 2013 qui a impos\u00e9 la parit\u00e9 dans les ex\u00e9cutifs d\u00e9partementaux en 2015. \u00ab Seule la parit\u00e9 obligatoire aura des effets num\u00e9riques \u00bb, a confirm\u00e9 Fran\u00e7oise Descamps-Crosnier, d\u00e9put\u00e9e des Yvelines. Une position que ne partage pas Fran\u00e7oise Gatel, s\u00e9natrice d\u2019Ille-et-Vilaine et pr\u00e9sidente de la communaut\u00e9 de communes de Ch\u00e2teaugiron : \u00ab il faut privil\u00e9gier l\u2019efficacit\u00e9 de l\u2019action publique avant la parit\u00e9 : dans les territoires ruraux, on privil\u00e9gie l\u2019intelligence des territoires qui repose sur la participation des maires au sein de l\u2019ex\u00e9cutif communautaire, quel que soit leur sexe \u00bb.<\/p><p><br \/>Invit\u00e9e \u00e0 conclure les d\u00e9bats, Estelle Grelier, secr\u00e9taire d\u2019Etat charg\u00e9e des Collectivit\u00e9s territoriales (qui a pr\u00e9sid\u00e9 pendant 13 ans la communaut\u00e9 de communes de F\u00e9camp), n\u2019a pas pris position sur la proposition formul\u00e9e par Elles aussi. Elle a jug\u00e9 \u00ab inqui\u00e9tants \u00bb les r\u00e9sultats de l\u2019enqu\u00eate en estimant qu\u2019ils constituent \u00ab une base de travail pr\u00e9cieuse \u00bb pour \u00ab poursuivre les efforts afin d\u2019accro\u00eetre le vivier de femmes qui s\u2019engagent. Le renouvellement de la classe politique passe par son rajeunissement et sa f\u00e9minisation \u00bb, a-t-elle affirm\u00e9. \u00ab Elles aussi \u00bb a d\u2019ores et d\u00e9j\u00e0 annonc\u00e9 son intention d\u2019actualiser les r\u00e9sultats de son enqu\u00eate en 2018 pour tirer les enseignements des recompositions intercommunales sur la parit\u00e9 et faire des propositions avant les prochaines \u00e9lections municipales et intercommunales en 2020.<\/p><p>Xavier Brivet<br \/>paru dans Maire-info <\/p>\t\t\t\t\t\t<\/div>\n\t\t\t\t<\/div>\n\t\t\t\t\t<\/div>\n\t\t\t\t<\/div>\n\t\t\t\t<\/div>\n\t\t","protected":false},"excerpt":{"rendered":"<p>Peut mieux faire. C\u2019est l\u2019appr\u00e9ciation de \u00ab Elles aussi \u00bb sur la parit\u00e9 dans les intercommunalit\u00e9s au terme d\u2019une premi\u00e8re enqu\u00eate nationale men\u00e9e en 2015 aupr\u00e8s de 2 127 EPCI. L\u2019association, qui promeut la parit\u00e9 dans les instances \u00e9lues, a pr\u00e9sent\u00e9 les r\u00e9sultats de ses investigations, hier au S\u00e9nat, dans le cadre d\u2019un colloque intitul\u00e9 [&hellip;]<\/p>\n","protected":false},"author":1,"featured_media":683,"comment_status":"closed","ping_status":"closed","sticky":false,"template":"","format":"standard","meta":{"footnotes":""},"categories":[46],"tags":[],"class_list":["post-1888","post","type-post","status-publish","format-standard","has-post-thumbnail","hentry","category-presse"],"yoast_head":"<!-- This site is optimized with the Yoast SEO plugin v22.8 - https:\/\/yoast.com\/wordpress\/plugins\/seo\/ -->\n<title>Parit\u00e9 : la f\u00e9minisation des ex\u00e9cutifs intercommunaux reste faible - Elles Aussi<\/title>\n<meta name=\"robots\" content=\"index, follow, max-snippet:-1, max-image-preview:large, max-video-preview:-1\" \/>\n<link rel=\"canonical\" href=\"https:\/\/www.ellesaussi.org\/?p=1888\" \/>\n<meta property=\"og:locale\" content=\"fr_FR\" \/>\n<meta property=\"og:type\" content=\"article\" \/>\n<meta property=\"og:title\" content=\"Parit\u00e9 : la f\u00e9minisation des ex\u00e9cutifs intercommunaux reste faible - Elles Aussi\" \/>\n<meta property=\"og:description\" content=\"Peut mieux faire. C\u2019est l\u2019appr\u00e9ciation de \u00ab Elles aussi \u00bb sur la parit\u00e9 dans les intercommunalit\u00e9s au terme d\u2019une premi\u00e8re enqu\u00eate nationale men\u00e9e en 2015 aupr\u00e8s de 2 127 EPCI. L\u2019association, qui promeut la parit\u00e9 dans les instances \u00e9lues, a pr\u00e9sent\u00e9 les r\u00e9sultats de ses investigations, hier au S\u00e9nat, dans le cadre d\u2019un colloque intitul\u00e9 [&hellip;]\" \/>\n<meta property=\"og:url\" content=\"https:\/\/www.ellesaussi.org\/?p=1888\" \/>\n<meta property=\"og:site_name\" content=\"Elles Aussi\" \/>\n<meta property=\"article:publisher\" content=\"https:\/\/www.facebook.com\/ellesaussi\/\" \/>\n<meta property=\"article:published_time\" content=\"2016-03-25T10:26:00+00:00\" \/>\n<meta property=\"article:modified_time\" content=\"2024-11-08T10:27:49+00:00\" \/>\n<meta property=\"og:image\" content=\"https:\/\/www.ellesaussi.org\/wp-content\/uploads\/2024\/10\/appel-du-18-juin-2024-Elles-aussi.jpg\" \/>\n\t<meta property=\"og:image:width\" content=\"200\" \/>\n\t<meta property=\"og:image:height\" content=\"144\" \/>\n\t<meta property=\"og:image:type\" content=\"image\/jpeg\" \/>\n<meta name=\"author\" content=\"admin\" \/>\n<meta name=\"twitter:card\" content=\"summary_large_image\" \/>\n<meta name=\"twitter:label1\" content=\"\u00c9crit par\" \/>\n\t<meta name=\"twitter:data1\" content=\"admin\" \/>\n\t<meta name=\"twitter:label2\" content=\"Dur\u00e9e de lecture estim\u00e9e\" \/>\n\t<meta name=\"twitter:data2\" content=\"3 minutes\" \/>\n<script type=\"application\/ld+json\" class=\"yoast-schema-graph\">{\"@context\":\"https:\/\/schema.org\",\"@graph\":[{\"@type\":\"Article\",\"@id\":\"https:\/\/www.ellesaussi.org\/?p=1888#article\",\"isPartOf\":{\"@id\":\"https:\/\/www.ellesaussi.org\/?p=1888\"},\"author\":{\"name\":\"admin\",\"@id\":\"https:\/\/www.ellesaussi.org\/#\/schema\/person\/eeca4be50db30b5dbb39f78fc3364160\"},\"headline\":\"Parit\u00e9 : la f\u00e9minisation des ex\u00e9cutifs intercommunaux reste faible\",\"datePublished\":\"2016-03-25T10:26:00+00:00\",\"dateModified\":\"2024-11-08T10:27:49+00:00\",\"mainEntityOfPage\":{\"@id\":\"https:\/\/www.ellesaussi.org\/?p=1888\"},\"wordCount\":630,\"publisher\":{\"@id\":\"https:\/\/www.ellesaussi.org\/#organization\"},\"image\":{\"@id\":\"https:\/\/www.ellesaussi.org\/?p=1888#primaryimage\"},\"thumbnailUrl\":\"https:\/\/www.ellesaussi.org\/wp-content\/uploads\/2024\/10\/appel-du-18-juin-2024-Elles-aussi.jpg\",\"articleSection\":[\"Presse\"],\"inLanguage\":\"fr-FR\"},{\"@type\":\"WebPage\",\"@id\":\"https:\/\/www.ellesaussi.org\/?p=1888\",\"url\":\"https:\/\/www.ellesaussi.org\/?p=1888\",\"name\":\"Parit\u00e9 : la f\u00e9minisation des ex\u00e9cutifs intercommunaux reste faible - Elles Aussi\",\"isPartOf\":{\"@id\":\"https:\/\/www.ellesaussi.org\/#website\"},\"primaryImageOfPage\":{\"@id\":\"https:\/\/www.ellesaussi.org\/?p=1888#primaryimage\"},\"image\":{\"@id\":\"https:\/\/www.ellesaussi.org\/?p=1888#primaryimage\"},\"thumbnailUrl\":\"https:\/\/www.ellesaussi.org\/wp-content\/uploads\/2024\/10\/appel-du-18-juin-2024-Elles-aussi.jpg\",\"datePublished\":\"2016-03-25T10:26:00+00:00\",\"dateModified\":\"2024-11-08T10:27:49+00:00\",\"breadcrumb\":{\"@id\":\"https:\/\/www.ellesaussi.org\/?p=1888#breadcrumb\"},\"inLanguage\":\"fr-FR\",\"potentialAction\":[{\"@type\":\"ReadAction\",\"target\":[\"https:\/\/www.ellesaussi.org\/?p=1888\"]}]},{\"@type\":\"ImageObject\",\"inLanguage\":\"fr-FR\",\"@id\":\"https:\/\/www.ellesaussi.org\/?p=1888#primaryimage\",\"url\":\"https:\/\/www.ellesaussi.org\/wp-content\/uploads\/2024\/10\/appel-du-18-juin-2024-Elles-aussi.jpg\",\"contentUrl\":\"https:\/\/www.ellesaussi.org\/wp-content\/uploads\/2024\/10\/appel-du-18-juin-2024-Elles-aussi.jpg\",\"width\":200,\"height\":144},{\"@type\":\"BreadcrumbList\",\"@id\":\"https:\/\/www.ellesaussi.org\/?p=1888#breadcrumb\",\"itemListElement\":[{\"@type\":\"ListItem\",\"position\":1,\"name\":\"Accueil\",\"item\":\"https:\/\/www.ellesaussi.org\/\"},{\"@type\":\"ListItem\",\"position\":2,\"name\":\"Parit\u00e9 : la f\u00e9minisation des ex\u00e9cutifs intercommunaux reste faible\"}]},{\"@type\":\"WebSite\",\"@id\":\"https:\/\/www.ellesaussi.org\/#website\",\"url\":\"https:\/\/www.ellesaussi.org\/\",\"name\":\"Elles Aussi\",\"description\":\"\",\"publisher\":{\"@id\":\"https:\/\/www.ellesaussi.org\/#organization\"},\"potentialAction\":[{\"@type\":\"SearchAction\",\"target\":{\"@type\":\"EntryPoint\",\"urlTemplate\":\"https:\/\/www.ellesaussi.org\/?s={search_term_string}\"},\"query-input\":\"required name=search_term_string\"}],\"inLanguage\":\"fr-FR\"},{\"@type\":\"Organization\",\"@id\":\"https:\/\/www.ellesaussi.org\/#organization\",\"name\":\"Elles Aussi\",\"url\":\"https:\/\/www.ellesaussi.org\/\",\"logo\":{\"@type\":\"ImageObject\",\"inLanguage\":\"fr-FR\",\"@id\":\"https:\/\/www.ellesaussi.org\/#\/schema\/logo\/image\/\",\"url\":\"https:\/\/www.ellesaussi.org\/wp-content\/uploads\/2024\/05\/Elles-aussi_logotype_rouge.png\",\"contentUrl\":\"https:\/\/www.ellesaussi.org\/wp-content\/uploads\/2024\/05\/Elles-aussi_logotype_rouge.png\",\"width\":3472,\"height\":2480,\"caption\":\"Elles Aussi\"},\"image\":{\"@id\":\"https:\/\/www.ellesaussi.org\/#\/schema\/logo\/image\/\"},\"sameAs\":[\"https:\/\/www.facebook.com\/ellesaussi\/\"]},{\"@type\":\"Person\",\"@id\":\"https:\/\/www.ellesaussi.org\/#\/schema\/person\/eeca4be50db30b5dbb39f78fc3364160\",\"name\":\"admin\",\"image\":{\"@type\":\"ImageObject\",\"inLanguage\":\"fr-FR\",\"@id\":\"https:\/\/www.ellesaussi.org\/#\/schema\/person\/image\/\",\"url\":\"https:\/\/secure.gravatar.com\/avatar\/62da4937aa6d6b509192861c0b966204a1b742b2814f6387fa08fe6c98a8729c?s=96&d=mm&r=g\",\"contentUrl\":\"https:\/\/secure.gravatar.com\/avatar\/62da4937aa6d6b509192861c0b966204a1b742b2814f6387fa08fe6c98a8729c?s=96&d=mm&r=g\",\"caption\":\"admin\"},\"sameAs\":[\"https:\/\/elles129186.webdb78.lwspanel.com\"],\"url\":\"https:\/\/www.ellesaussi.org\/?author=1\"}]}<\/script>\n<!-- \/ Yoast SEO plugin. -->","yoast_head_json":{"title":"Parit\u00e9 : la f\u00e9minisation des ex\u00e9cutifs intercommunaux reste faible - Elles Aussi","robots":{"index":"index","follow":"follow","max-snippet":"max-snippet:-1","max-image-preview":"max-image-preview:large","max-video-preview":"max-video-preview:-1"},"canonical":"https:\/\/www.ellesaussi.org\/?p=1888","og_locale":"fr_FR","og_type":"article","og_title":"Parit\u00e9 : la f\u00e9minisation des ex\u00e9cutifs intercommunaux reste faible - Elles Aussi","og_description":"Peut mieux faire. C\u2019est l\u2019appr\u00e9ciation de \u00ab Elles aussi \u00bb sur la parit\u00e9 dans les intercommunalit\u00e9s au terme d\u2019une premi\u00e8re enqu\u00eate nationale men\u00e9e en 2015 aupr\u00e8s de 2 127 EPCI. L\u2019association, qui promeut la parit\u00e9 dans les instances \u00e9lues, a pr\u00e9sent\u00e9 les r\u00e9sultats de ses investigations, hier au S\u00e9nat, dans le cadre d\u2019un colloque intitul\u00e9 [&hellip;]","og_url":"https:\/\/www.ellesaussi.org\/?p=1888","og_site_name":"Elles Aussi","article_publisher":"https:\/\/www.facebook.com\/ellesaussi\/","article_published_time":"2016-03-25T10:26:00+00:00","article_modified_time":"2024-11-08T10:27:49+00:00","og_image":[{"width":200,"height":144,"url":"https:\/\/www.ellesaussi.org\/wp-content\/uploads\/2024\/10\/appel-du-18-juin-2024-Elles-aussi.jpg","type":"image\/jpeg"}],"author":"admin","twitter_card":"summary_large_image","twitter_misc":{"\u00c9crit par":"admin","Dur\u00e9e de lecture estim\u00e9e":"3 minutes"},"schema":{"@context":"https:\/\/schema.org","@graph":[{"@type":"Article","@id":"https:\/\/www.ellesaussi.org\/?p=1888#article","isPartOf":{"@id":"https:\/\/www.ellesaussi.org\/?p=1888"},"author":{"name":"admin","@id":"https:\/\/www.ellesaussi.org\/#\/schema\/person\/eeca4be50db30b5dbb39f78fc3364160"},"headline":"Parit\u00e9 : la f\u00e9minisation des ex\u00e9cutifs intercommunaux reste faible","datePublished":"2016-03-25T10:26:00+00:00","dateModified":"2024-11-08T10:27:49+00:00","mainEntityOfPage":{"@id":"https:\/\/www.ellesaussi.org\/?p=1888"},"wordCount":630,"publisher":{"@id":"https:\/\/www.ellesaussi.org\/#organization"},"image":{"@id":"https:\/\/www.ellesaussi.org\/?p=1888#primaryimage"},"thumbnailUrl":"https:\/\/www.ellesaussi.org\/wp-content\/uploads\/2024\/10\/appel-du-18-juin-2024-Elles-aussi.jpg","articleSection":["Presse"],"inLanguage":"fr-FR"},{"@type":"WebPage","@id":"https:\/\/www.ellesaussi.org\/?p=1888","url":"https:\/\/www.ellesaussi.org\/?p=1888","name":"Parit\u00e9 : la f\u00e9minisation des ex\u00e9cutifs intercommunaux reste faible - Elles Aussi","isPartOf":{"@id":"https:\/\/www.ellesaussi.org\/#website"},"primaryImageOfPage":{"@id":"https:\/\/www.ellesaussi.org\/?p=1888#primaryimage"},"image":{"@id":"https:\/\/www.ellesaussi.org\/?p=1888#primaryimage"},"thumbnailUrl":"https:\/\/www.ellesaussi.org\/wp-content\/uploads\/2024\/10\/appel-du-18-juin-2024-Elles-aussi.jpg","datePublished":"2016-03-25T10:26:00+00:00","dateModified":"2024-11-08T10:27:49+00:00","breadcrumb":{"@id":"https:\/\/www.ellesaussi.org\/?p=1888#breadcrumb"},"inLanguage":"fr-FR","potentialAction":[{"@type":"ReadAction","target":["https:\/\/www.ellesaussi.org\/?p=1888"]}]},{"@type":"ImageObject","inLanguage":"fr-FR","@id":"https:\/\/www.ellesaussi.org\/?p=1888#primaryimage","url":"https:\/\/www.ellesaussi.org\/wp-content\/uploads\/2024\/10\/appel-du-18-juin-2024-Elles-aussi.jpg","contentUrl":"https:\/\/www.ellesaussi.org\/wp-content\/uploads\/2024\/10\/appel-du-18-juin-2024-Elles-aussi.jpg","width":200,"height":144},{"@type":"BreadcrumbList","@id":"https:\/\/www.ellesaussi.org\/?p=1888#breadcrumb","itemListElement":[{"@type":"ListItem","position":1,"name":"Accueil","item":"https:\/\/www.ellesaussi.org\/"},{"@type":"ListItem","position":2,"name":"Parit\u00e9 : la f\u00e9minisation des ex\u00e9cutifs intercommunaux reste faible"}]},{"@type":"WebSite","@id":"https:\/\/www.ellesaussi.org\/#website","url":"https:\/\/www.ellesaussi.org\/","name":"Elles Aussi","description":"","publisher":{"@id":"https:\/\/www.ellesaussi.org\/#organization"},"potentialAction":[{"@type":"SearchAction","target":{"@type":"EntryPoint","urlTemplate":"https:\/\/www.ellesaussi.org\/?s={search_term_string}"},"query-input":"required name=search_term_string"}],"inLanguage":"fr-FR"},{"@type":"Organization","@id":"https:\/\/www.ellesaussi.org\/#organization","name":"Elles Aussi","url":"https:\/\/www.ellesaussi.org\/","logo":{"@type":"ImageObject","inLanguage":"fr-FR","@id":"https:\/\/www.ellesaussi.org\/#\/schema\/logo\/image\/","url":"https:\/\/www.ellesaussi.org\/wp-content\/uploads\/2024\/05\/Elles-aussi_logotype_rouge.png","contentUrl":"https:\/\/www.ellesaussi.org\/wp-content\/uploads\/2024\/05\/Elles-aussi_logotype_rouge.png","width":3472,"height":2480,"caption":"Elles Aussi"},"image":{"@id":"https:\/\/www.ellesaussi.org\/#\/schema\/logo\/image\/"},"sameAs":["https:\/\/www.facebook.com\/ellesaussi\/"]},{"@type":"Person","@id":"https:\/\/www.ellesaussi.org\/#\/schema\/person\/eeca4be50db30b5dbb39f78fc3364160","name":"admin","image":{"@type":"ImageObject","inLanguage":"fr-FR","@id":"https:\/\/www.ellesaussi.org\/#\/schema\/person\/image\/","url":"https:\/\/secure.gravatar.com\/avatar\/62da4937aa6d6b509192861c0b966204a1b742b2814f6387fa08fe6c98a8729c?s=96&d=mm&r=g","contentUrl":"https:\/\/secure.gravatar.com\/avatar\/62da4937aa6d6b509192861c0b966204a1b742b2814f6387fa08fe6c98a8729c?s=96&d=mm&r=g","caption":"admin"},"sameAs":["https:\/\/elles129186.webdb78.lwspanel.com"],"url":"https:\/\/www.ellesaussi.org\/?author=1"}]}},"_links":{"self":[{"href":"https:\/\/www.ellesaussi.org\/index.php?rest_route=\/wp\/v2\/posts\/1888","targetHints":{"allow":["GET"]}}],"collection":[{"href":"https:\/\/www.ellesaussi.org\/index.php?rest_route=\/wp\/v2\/posts"}],"about":[{"href":"https:\/\/www.ellesaussi.org\/index.php?rest_route=\/wp\/v2\/types\/post"}],"author":[{"embeddable":true,"href":"https:\/\/www.ellesaussi.org\/index.php?rest_route=\/wp\/v2\/users\/1"}],"replies":[{"embeddable":true,"href":"https:\/\/www.ellesaussi.org\/index.php?rest_route=%2Fwp%2Fv2%2Fcomments&post=1888"}],"version-history":[{"count":4,"href":"https:\/\/www.ellesaussi.org\/index.php?rest_route=\/wp\/v2\/posts\/1888\/revisions"}],"predecessor-version":[{"id":1892,"href":"https:\/\/www.ellesaussi.org\/index.php?rest_route=\/wp\/v2\/posts\/1888\/revisions\/1892"}],"wp:featuredmedia":[{"embeddable":true,"href":"https:\/\/www.ellesaussi.org\/index.php?rest_route=\/wp\/v2\/media\/683"}],"wp:attachment":[{"href":"https:\/\/www.ellesaussi.org\/index.php?rest_route=%2Fwp%2Fv2%2Fmedia&parent=1888"}],"wp:term":[{"taxonomy":"category","embeddable":true,"href":"https:\/\/www.ellesaussi.org\/index.php?rest_route=%2Fwp%2Fv2%2Fcategories&post=1888"},{"taxonomy":"post_tag","embeddable":true,"href":"https:\/\/www.ellesaussi.org\/index.php?rest_route=%2Fwp%2Fv2%2Ftags&post=1888"}],"curies":[{"name":"wp","href":"https:\/\/api.w.org\/{rel}","templated":true}]}}