{"id":1882,"date":"2016-03-25T11:17:00","date_gmt":"2016-03-25T10:17:00","guid":{"rendered":"https:\/\/elles129186.webdb78.lwspanel.com\/?p=1882"},"modified":"2024-11-08T11:29:08","modified_gmt":"2024-11-08T10:29:08","slug":"les-intercommunalites-ces-mauvais-elevesde-la-parite-politique-locale","status":"publish","type":"post","link":"https:\/\/www.ellesaussi.org\/?p=1882","title":{"rendered":"Les intercommunalit\u00e9s, ces mauvais \u00e9l\u00e8vesde la parit\u00e9 politique locale"},"content":{"rendered":"\t\t<div data-elementor-type=\"wp-post\" data-elementor-id=\"1882\" class=\"elementor elementor-1882\" data-elementor-post-type=\"post\">\n\t\t\t\t<div class=\"elementor-element elementor-element-7e7bf94 e-flex e-con-boxed e-con e-parent\" data-id=\"7e7bf94\" data-element_type=\"container\">\n\t\t\t\t\t<div class=\"e-con-inner\">\n\t\t\t\t<div class=\"elementor-element elementor-element-592b52c elementor-widget elementor-widget-text-editor\" data-id=\"592b52c\" data-element_type=\"widget\" data-widget_type=\"text-editor.default\">\n\t\t\t\t<div class=\"elementor-widget-container\">\n\t\t\t\t\t\t\t<p>Une \u00e9tude pr\u00e9sent\u00e9e par l&rsquo;association \u00ab Elles aussi \u00bb, qui se bat pour la parit\u00e9 dans les institutions politiques repr\u00e9sentatives, fait un bilan tr\u00e8s critique de la faible pr\u00e9sence des femmes dans les assembl\u00e9es communautaires et leurs ex\u00e9cutifs. Un tableau qui pourrait m\u00eame s&rsquo;aggraver avec les fusions d&rsquo;EPCI en cours.<\/p><p>32% des conseillers communautaires d\u2019EPCI \u00e9taient des femmes en 2015. C\u2019est le r\u00e9sultat de l\u2019enqu\u00eate men\u00e9e au cours de l\u2019ann\u00e9e 2015 par l\u2019association \u00ab Elles aussi \u00bb aupr\u00e8s de 2 127 EPCI.<\/p><p>\u00ab A l\u2019issue des \u00e9lections municipales de 2008, aucune enqu\u00eate de la sorte n\u2019a \u00e9t\u00e9 r\u00e9alis\u00e9e \u00e0 l\u2019\u00e9chelle nationale mais, explique Armelle Danet, co-pr\u00e9sidente de l\u2019association, si l\u2019on se fie aux quelques \u00e9tudes r\u00e9alis\u00e9es localement, on peut dire qu\u2019en moyenne, les femmes ne repr\u00e9sentaient pas plus de 25 % des assembl\u00e9es communautaires \u00bb. <br \/>De ce point de vue-l\u00e0, il y a donc une am\u00e9lioration. Est-ce le fruit d\u2019un changement, certes lent, mais certain des mentalit\u00e9s ? \u00ab Pas vraiment, se d\u00e9sole la militante. C\u2019est principalement le r\u00e9sultat du nouveau mode de scrutin. \u00bb<\/p><p>A savoir, le scrutin municipal de liste paritaire \u00e0 partir de 1 000 habitants et l\u2019\u00e9lection par fl\u00e9chages, sur les listes municipales, des \u00ab conseiller-e-s \u00bb communautaires.<\/p><p><strong>Stagnation d\u2019un mandat \u00e0 l\u2019autre<br \/><\/strong><br \/>Les autres r\u00e9sultats, ceux portant sur la place des femmes dans les ex\u00e9cutifs, montrent bien que la marge de progression est \u00e9norme. On compte seulement 18% de femmes dans les ex\u00e9cutifs. Seuls 8 % des EPCI ont un ex\u00e9cutif comptant au moins 40% de femmes. A l\u2019inverse, 23% des EPCI ont des ex\u00e9cutifs exclusivement masculins. <br \/>Enfin, chiffre phare : seulement 8,4% des pr\u00e9sidents d\u2019EPCI sont des femmes, selon l\u2019enqu\u00eate de \u00ab Elles aussi \u00bb. En 2009, selon l\u2019Observatoire de la parit\u00e9, elles repr\u00e9sentaient 7,2% des pr\u00e9sidents. La situation n\u2019a donc gu\u00e8re chang\u00e9 en un mandat.<\/p><p><strong>Les fusions d\u2019EPCI, facteur aggravant<br \/><\/strong> <br \/>Or, souligne Armelle Danet, \u00ab on ne voit pas comment avancer avant 2020, si la loi ne change pas. Et m\u00eame avec une \u00e9volution l\u00e9gislative, on peut craindre que la situation se d\u00e9grade \u00bb. <br \/>En cause : la fusion en cours des EPCI. Le fait est que le nombre de communes au sein des futurs EPCI va cro\u00eetre fortement et que, dans ces conditions, beaucoup d\u2019intercommunalit\u00e9s qui aujourd\u2019hui comptent plusieurs repr\u00e9sentants dans ces assembl\u00e9es communautaires n\u2019en pr\u00e9senteront \u00e0 l\u2019avenir plus qu\u2019un.<\/p><p>\u00ab La plupart du temps, c\u2019est le maire, constate Armelle Danet. Et les maires \u00e9tant encore en tr\u00e8s grande majorit\u00e9 des hommes (ndlr : en 2008, 84,2% selon l\u2019Observatoire de la parit\u00e9), cela se r\u00e9percutera sur la composition des conseils communautaires. \u00bb<\/p><p>D\u00e9j\u00e0, des exemples viennent illustrer ce ph\u00e9nom\u00e8ne. Dans son enqu\u00eate, l\u2019association en cite plusieurs. <br \/>\u00ab Dans les Yvelines, la nouvelle communaut\u00e9 urbaine Grand Paris Seine et Oise (73 communes) compte 30% de conseill\u00e8res, alors qu\u2019elles \u00e9taient en moyenne 42% dans les conseils des 6 EPCI qui la composent. <br \/>\u00ab Le conseil m\u00e9tropolitain du Grand Paris (131 communes), r\u00e9uni pour la premi\u00e8re fois en janvier 2016, compte 72% d\u2019hommes \u00bb, d\u00e9taille Elles aussi. \u00ab Pourtant Paris a respect\u00e9 la parit\u00e9 et notre enqu\u00eate 2015 donne pour l\u2019Ile-de-France une moyenne de 40% de femmes dans les conseils \u00bb.<\/p><p><strong>\u00ab Chasser le naturel, il revient au galop ! \u00bb<br \/><\/strong> <br \/>Autre exemple, en Haute-Vienne, la nouvelle communaut\u00e9 de communes Porte Oc\u00e9ane du Limousin (13 communes) dont la composante la plus importante, la communaut\u00e9 de communes Vienne Glane (8 communes sur les 13 de la nouvelle EPCI), pr\u00e9sentait pourtant une parit\u00e9 r\u00e9elle tant dans son assembl\u00e9e que son ex\u00e9cutif, voit la proportion de femmes chuter \u00e0 34% dans son assembl\u00e9e. <br \/>On retrouverait le m\u00eame ph\u00e9nom\u00e8ne \u00e0 l\u2019occasion des fusions de communes. C\u2019est ce que la secr\u00e9taire d\u2019Etat aux Collectivit\u00e9s territoriales, Estelle Grelier, a affirm\u00e9 lors d\u2019un colloque organis\u00e9 conjointement le 24 mars 2016 par \u00ab Elles aussi \u00bb et l\u2019AdCF. <br \/>Dans le cadre des nouvelles communes, les femmes maires perdent leur si\u00e8ge au profit d\u2019hommes. \u00ab Chasser le naturel, il revient au galop ! \u00bb, dit-on. Dans le paysage de la sph\u00e8re publique locale, l\u2019adage s\u2019applique aussi \u00e0 la comp\u00e9tition pour les mandats \u00e9lectoraux\u2026<\/p><p>paru dans Le courrier des maires et des \u00e9lus locaux<\/p>\t\t\t\t\t\t<\/div>\n\t\t\t\t<\/div>\n\t\t\t\t\t<\/div>\n\t\t\t\t<\/div>\n\t\t\t\t<\/div>\n\t\t","protected":false},"excerpt":{"rendered":"<p>Une \u00e9tude pr\u00e9sent\u00e9e par l&rsquo;association \u00ab Elles aussi \u00bb, qui se bat pour la parit\u00e9 dans les institutions politiques repr\u00e9sentatives, fait un bilan tr\u00e8s critique de la faible pr\u00e9sence des femmes dans les assembl\u00e9es communautaires et leurs ex\u00e9cutifs. Un tableau qui pourrait m\u00eame s&rsquo;aggraver avec les fusions d&rsquo;EPCI en cours. 32% des conseillers communautaires d\u2019EPCI [&hellip;]<\/p>\n","protected":false},"author":1,"featured_media":1883,"comment_status":"closed","ping_status":"closed","sticky":false,"template":"","format":"standard","meta":{"footnotes":""},"categories":[46],"tags":[],"class_list":["post-1882","post","type-post","status-publish","format-standard","has-post-thumbnail","hentry","category-presse"],"yoast_head":"<!-- This site is optimized with the Yoast SEO plugin v22.8 - https:\/\/yoast.com\/wordpress\/plugins\/seo\/ -->\n<title>Les intercommunalit\u00e9s, ces mauvais \u00e9l\u00e8vesde la parit\u00e9 politique locale - Elles Aussi<\/title>\n<meta name=\"robots\" content=\"index, follow, max-snippet:-1, max-image-preview:large, max-video-preview:-1\" \/>\n<link rel=\"canonical\" href=\"https:\/\/www.ellesaussi.org\/?p=1882\" \/>\n<meta property=\"og:locale\" content=\"fr_FR\" \/>\n<meta property=\"og:type\" content=\"article\" \/>\n<meta property=\"og:title\" content=\"Les intercommunalit\u00e9s, ces mauvais \u00e9l\u00e8vesde la parit\u00e9 politique locale - Elles Aussi\" \/>\n<meta property=\"og:description\" content=\"Une \u00e9tude pr\u00e9sent\u00e9e par l&rsquo;association \u00ab Elles aussi \u00bb, qui se bat pour la parit\u00e9 dans les institutions politiques repr\u00e9sentatives, fait un bilan tr\u00e8s critique de la faible pr\u00e9sence des femmes dans les assembl\u00e9es communautaires et leurs ex\u00e9cutifs. Un tableau qui pourrait m\u00eame s&rsquo;aggraver avec les fusions d&rsquo;EPCI en cours. 32% des conseillers communautaires d\u2019EPCI [&hellip;]\" \/>\n<meta property=\"og:url\" content=\"https:\/\/www.ellesaussi.org\/?p=1882\" \/>\n<meta property=\"og:site_name\" content=\"Elles Aussi\" \/>\n<meta property=\"article:publisher\" content=\"https:\/\/www.facebook.com\/ellesaussi\/\" \/>\n<meta property=\"article:published_time\" content=\"2016-03-25T10:17:00+00:00\" \/>\n<meta property=\"article:modified_time\" content=\"2024-11-08T10:29:08+00:00\" \/>\n<meta property=\"og:image\" content=\"https:\/\/www.ellesaussi.org\/wp-content\/uploads\/2024\/11\/25mars2016.jpg\" \/>\n\t<meta property=\"og:image:width\" content=\"206\" \/>\n\t<meta property=\"og:image:height\" content=\"130\" \/>\n\t<meta property=\"og:image:type\" content=\"image\/jpeg\" \/>\n<meta name=\"author\" content=\"admin\" \/>\n<meta name=\"twitter:card\" content=\"summary_large_image\" \/>\n<meta name=\"twitter:label1\" content=\"\u00c9crit par\" \/>\n\t<meta name=\"twitter:data1\" content=\"admin\" \/>\n\t<meta name=\"twitter:label2\" content=\"Dur\u00e9e de lecture estim\u00e9e\" \/>\n\t<meta name=\"twitter:data2\" content=\"4 minutes\" \/>\n<script type=\"application\/ld+json\" class=\"yoast-schema-graph\">{\"@context\":\"https:\/\/schema.org\",\"@graph\":[{\"@type\":\"Article\",\"@id\":\"https:\/\/www.ellesaussi.org\/?p=1882#article\",\"isPartOf\":{\"@id\":\"https:\/\/www.ellesaussi.org\/?p=1882\"},\"author\":{\"name\":\"admin\",\"@id\":\"https:\/\/www.ellesaussi.org\/#\/schema\/person\/eeca4be50db30b5dbb39f78fc3364160\"},\"headline\":\"Les intercommunalit\u00e9s, ces mauvais \u00e9l\u00e8vesde la parit\u00e9 politique locale\",\"datePublished\":\"2016-03-25T10:17:00+00:00\",\"dateModified\":\"2024-11-08T10:29:08+00:00\",\"mainEntityOfPage\":{\"@id\":\"https:\/\/www.ellesaussi.org\/?p=1882\"},\"wordCount\":738,\"publisher\":{\"@id\":\"https:\/\/www.ellesaussi.org\/#organization\"},\"image\":{\"@id\":\"https:\/\/www.ellesaussi.org\/?p=1882#primaryimage\"},\"thumbnailUrl\":\"https:\/\/www.ellesaussi.org\/wp-content\/uploads\/2024\/11\/25mars2016.jpg\",\"articleSection\":[\"Presse\"],\"inLanguage\":\"fr-FR\"},{\"@type\":\"WebPage\",\"@id\":\"https:\/\/www.ellesaussi.org\/?p=1882\",\"url\":\"https:\/\/www.ellesaussi.org\/?p=1882\",\"name\":\"Les intercommunalit\u00e9s, ces mauvais \u00e9l\u00e8vesde la parit\u00e9 politique locale - Elles Aussi\",\"isPartOf\":{\"@id\":\"https:\/\/www.ellesaussi.org\/#website\"},\"primaryImageOfPage\":{\"@id\":\"https:\/\/www.ellesaussi.org\/?p=1882#primaryimage\"},\"image\":{\"@id\":\"https:\/\/www.ellesaussi.org\/?p=1882#primaryimage\"},\"thumbnailUrl\":\"https:\/\/www.ellesaussi.org\/wp-content\/uploads\/2024\/11\/25mars2016.jpg\",\"datePublished\":\"2016-03-25T10:17:00+00:00\",\"dateModified\":\"2024-11-08T10:29:08+00:00\",\"breadcrumb\":{\"@id\":\"https:\/\/www.ellesaussi.org\/?p=1882#breadcrumb\"},\"inLanguage\":\"fr-FR\",\"potentialAction\":[{\"@type\":\"ReadAction\",\"target\":[\"https:\/\/www.ellesaussi.org\/?p=1882\"]}]},{\"@type\":\"ImageObject\",\"inLanguage\":\"fr-FR\",\"@id\":\"https:\/\/www.ellesaussi.org\/?p=1882#primaryimage\",\"url\":\"https:\/\/www.ellesaussi.org\/wp-content\/uploads\/2024\/11\/25mars2016.jpg\",\"contentUrl\":\"https:\/\/www.ellesaussi.org\/wp-content\/uploads\/2024\/11\/25mars2016.jpg\",\"width\":206,\"height\":130},{\"@type\":\"BreadcrumbList\",\"@id\":\"https:\/\/www.ellesaussi.org\/?p=1882#breadcrumb\",\"itemListElement\":[{\"@type\":\"ListItem\",\"position\":1,\"name\":\"Accueil\",\"item\":\"https:\/\/www.ellesaussi.org\/\"},{\"@type\":\"ListItem\",\"position\":2,\"name\":\"Les intercommunalit\u00e9s, ces mauvais \u00e9l\u00e8vesde la parit\u00e9 politique locale\"}]},{\"@type\":\"WebSite\",\"@id\":\"https:\/\/www.ellesaussi.org\/#website\",\"url\":\"https:\/\/www.ellesaussi.org\/\",\"name\":\"Elles Aussi\",\"description\":\"\",\"publisher\":{\"@id\":\"https:\/\/www.ellesaussi.org\/#organization\"},\"potentialAction\":[{\"@type\":\"SearchAction\",\"target\":{\"@type\":\"EntryPoint\",\"urlTemplate\":\"https:\/\/www.ellesaussi.org\/?s={search_term_string}\"},\"query-input\":\"required name=search_term_string\"}],\"inLanguage\":\"fr-FR\"},{\"@type\":\"Organization\",\"@id\":\"https:\/\/www.ellesaussi.org\/#organization\",\"name\":\"Elles Aussi\",\"url\":\"https:\/\/www.ellesaussi.org\/\",\"logo\":{\"@type\":\"ImageObject\",\"inLanguage\":\"fr-FR\",\"@id\":\"https:\/\/www.ellesaussi.org\/#\/schema\/logo\/image\/\",\"url\":\"https:\/\/www.ellesaussi.org\/wp-content\/uploads\/2024\/05\/Elles-aussi_logotype_rouge.png\",\"contentUrl\":\"https:\/\/www.ellesaussi.org\/wp-content\/uploads\/2024\/05\/Elles-aussi_logotype_rouge.png\",\"width\":3472,\"height\":2480,\"caption\":\"Elles Aussi\"},\"image\":{\"@id\":\"https:\/\/www.ellesaussi.org\/#\/schema\/logo\/image\/\"},\"sameAs\":[\"https:\/\/www.facebook.com\/ellesaussi\/\"]},{\"@type\":\"Person\",\"@id\":\"https:\/\/www.ellesaussi.org\/#\/schema\/person\/eeca4be50db30b5dbb39f78fc3364160\",\"name\":\"admin\",\"image\":{\"@type\":\"ImageObject\",\"inLanguage\":\"fr-FR\",\"@id\":\"https:\/\/www.ellesaussi.org\/#\/schema\/person\/image\/\",\"url\":\"https:\/\/secure.gravatar.com\/avatar\/62da4937aa6d6b509192861c0b966204a1b742b2814f6387fa08fe6c98a8729c?s=96&d=mm&r=g\",\"contentUrl\":\"https:\/\/secure.gravatar.com\/avatar\/62da4937aa6d6b509192861c0b966204a1b742b2814f6387fa08fe6c98a8729c?s=96&d=mm&r=g\",\"caption\":\"admin\"},\"sameAs\":[\"https:\/\/elles129186.webdb78.lwspanel.com\"],\"url\":\"https:\/\/www.ellesaussi.org\/?author=1\"}]}<\/script>\n<!-- \/ Yoast SEO plugin. -->","yoast_head_json":{"title":"Les intercommunalit\u00e9s, ces mauvais \u00e9l\u00e8vesde la parit\u00e9 politique locale - Elles Aussi","robots":{"index":"index","follow":"follow","max-snippet":"max-snippet:-1","max-image-preview":"max-image-preview:large","max-video-preview":"max-video-preview:-1"},"canonical":"https:\/\/www.ellesaussi.org\/?p=1882","og_locale":"fr_FR","og_type":"article","og_title":"Les intercommunalit\u00e9s, ces mauvais \u00e9l\u00e8vesde la parit\u00e9 politique locale - Elles Aussi","og_description":"Une \u00e9tude pr\u00e9sent\u00e9e par l&rsquo;association \u00ab Elles aussi \u00bb, qui se bat pour la parit\u00e9 dans les institutions politiques repr\u00e9sentatives, fait un bilan tr\u00e8s critique de la faible pr\u00e9sence des femmes dans les assembl\u00e9es communautaires et leurs ex\u00e9cutifs. Un tableau qui pourrait m\u00eame s&rsquo;aggraver avec les fusions d&rsquo;EPCI en cours. 32% des conseillers communautaires d\u2019EPCI [&hellip;]","og_url":"https:\/\/www.ellesaussi.org\/?p=1882","og_site_name":"Elles Aussi","article_publisher":"https:\/\/www.facebook.com\/ellesaussi\/","article_published_time":"2016-03-25T10:17:00+00:00","article_modified_time":"2024-11-08T10:29:08+00:00","og_image":[{"width":206,"height":130,"url":"https:\/\/www.ellesaussi.org\/wp-content\/uploads\/2024\/11\/25mars2016.jpg","type":"image\/jpeg"}],"author":"admin","twitter_card":"summary_large_image","twitter_misc":{"\u00c9crit par":"admin","Dur\u00e9e de lecture estim\u00e9e":"4 minutes"},"schema":{"@context":"https:\/\/schema.org","@graph":[{"@type":"Article","@id":"https:\/\/www.ellesaussi.org\/?p=1882#article","isPartOf":{"@id":"https:\/\/www.ellesaussi.org\/?p=1882"},"author":{"name":"admin","@id":"https:\/\/www.ellesaussi.org\/#\/schema\/person\/eeca4be50db30b5dbb39f78fc3364160"},"headline":"Les intercommunalit\u00e9s, ces mauvais \u00e9l\u00e8vesde la parit\u00e9 politique locale","datePublished":"2016-03-25T10:17:00+00:00","dateModified":"2024-11-08T10:29:08+00:00","mainEntityOfPage":{"@id":"https:\/\/www.ellesaussi.org\/?p=1882"},"wordCount":738,"publisher":{"@id":"https:\/\/www.ellesaussi.org\/#organization"},"image":{"@id":"https:\/\/www.ellesaussi.org\/?p=1882#primaryimage"},"thumbnailUrl":"https:\/\/www.ellesaussi.org\/wp-content\/uploads\/2024\/11\/25mars2016.jpg","articleSection":["Presse"],"inLanguage":"fr-FR"},{"@type":"WebPage","@id":"https:\/\/www.ellesaussi.org\/?p=1882","url":"https:\/\/www.ellesaussi.org\/?p=1882","name":"Les intercommunalit\u00e9s, ces mauvais \u00e9l\u00e8vesde la parit\u00e9 politique locale - Elles Aussi","isPartOf":{"@id":"https:\/\/www.ellesaussi.org\/#website"},"primaryImageOfPage":{"@id":"https:\/\/www.ellesaussi.org\/?p=1882#primaryimage"},"image":{"@id":"https:\/\/www.ellesaussi.org\/?p=1882#primaryimage"},"thumbnailUrl":"https:\/\/www.ellesaussi.org\/wp-content\/uploads\/2024\/11\/25mars2016.jpg","datePublished":"2016-03-25T10:17:00+00:00","dateModified":"2024-11-08T10:29:08+00:00","breadcrumb":{"@id":"https:\/\/www.ellesaussi.org\/?p=1882#breadcrumb"},"inLanguage":"fr-FR","potentialAction":[{"@type":"ReadAction","target":["https:\/\/www.ellesaussi.org\/?p=1882"]}]},{"@type":"ImageObject","inLanguage":"fr-FR","@id":"https:\/\/www.ellesaussi.org\/?p=1882#primaryimage","url":"https:\/\/www.ellesaussi.org\/wp-content\/uploads\/2024\/11\/25mars2016.jpg","contentUrl":"https:\/\/www.ellesaussi.org\/wp-content\/uploads\/2024\/11\/25mars2016.jpg","width":206,"height":130},{"@type":"BreadcrumbList","@id":"https:\/\/www.ellesaussi.org\/?p=1882#breadcrumb","itemListElement":[{"@type":"ListItem","position":1,"name":"Accueil","item":"https:\/\/www.ellesaussi.org\/"},{"@type":"ListItem","position":2,"name":"Les intercommunalit\u00e9s, ces mauvais \u00e9l\u00e8vesde la parit\u00e9 politique locale"}]},{"@type":"WebSite","@id":"https:\/\/www.ellesaussi.org\/#website","url":"https:\/\/www.ellesaussi.org\/","name":"Elles Aussi","description":"","publisher":{"@id":"https:\/\/www.ellesaussi.org\/#organization"},"potentialAction":[{"@type":"SearchAction","target":{"@type":"EntryPoint","urlTemplate":"https:\/\/www.ellesaussi.org\/?s={search_term_string}"},"query-input":"required name=search_term_string"}],"inLanguage":"fr-FR"},{"@type":"Organization","@id":"https:\/\/www.ellesaussi.org\/#organization","name":"Elles Aussi","url":"https:\/\/www.ellesaussi.org\/","logo":{"@type":"ImageObject","inLanguage":"fr-FR","@id":"https:\/\/www.ellesaussi.org\/#\/schema\/logo\/image\/","url":"https:\/\/www.ellesaussi.org\/wp-content\/uploads\/2024\/05\/Elles-aussi_logotype_rouge.png","contentUrl":"https:\/\/www.ellesaussi.org\/wp-content\/uploads\/2024\/05\/Elles-aussi_logotype_rouge.png","width":3472,"height":2480,"caption":"Elles Aussi"},"image":{"@id":"https:\/\/www.ellesaussi.org\/#\/schema\/logo\/image\/"},"sameAs":["https:\/\/www.facebook.com\/ellesaussi\/"]},{"@type":"Person","@id":"https:\/\/www.ellesaussi.org\/#\/schema\/person\/eeca4be50db30b5dbb39f78fc3364160","name":"admin","image":{"@type":"ImageObject","inLanguage":"fr-FR","@id":"https:\/\/www.ellesaussi.org\/#\/schema\/person\/image\/","url":"https:\/\/secure.gravatar.com\/avatar\/62da4937aa6d6b509192861c0b966204a1b742b2814f6387fa08fe6c98a8729c?s=96&d=mm&r=g","contentUrl":"https:\/\/secure.gravatar.com\/avatar\/62da4937aa6d6b509192861c0b966204a1b742b2814f6387fa08fe6c98a8729c?s=96&d=mm&r=g","caption":"admin"},"sameAs":["https:\/\/elles129186.webdb78.lwspanel.com"],"url":"https:\/\/www.ellesaussi.org\/?author=1"}]}},"_links":{"self":[{"href":"https:\/\/www.ellesaussi.org\/index.php?rest_route=\/wp\/v2\/posts\/1882","targetHints":{"allow":["GET"]}}],"collection":[{"href":"https:\/\/www.ellesaussi.org\/index.php?rest_route=\/wp\/v2\/posts"}],"about":[{"href":"https:\/\/www.ellesaussi.org\/index.php?rest_route=\/wp\/v2\/types\/post"}],"author":[{"embeddable":true,"href":"https:\/\/www.ellesaussi.org\/index.php?rest_route=\/wp\/v2\/users\/1"}],"replies":[{"embeddable":true,"href":"https:\/\/www.ellesaussi.org\/index.php?rest_route=%2Fwp%2Fv2%2Fcomments&post=1882"}],"version-history":[{"count":7,"href":"https:\/\/www.ellesaussi.org\/index.php?rest_route=\/wp\/v2\/posts\/1882\/revisions"}],"predecessor-version":[{"id":1898,"href":"https:\/\/www.ellesaussi.org\/index.php?rest_route=\/wp\/v2\/posts\/1882\/revisions\/1898"}],"wp:featuredmedia":[{"embeddable":true,"href":"https:\/\/www.ellesaussi.org\/index.php?rest_route=\/wp\/v2\/media\/1883"}],"wp:attachment":[{"href":"https:\/\/www.ellesaussi.org\/index.php?rest_route=%2Fwp%2Fv2%2Fmedia&parent=1882"}],"wp:term":[{"taxonomy":"category","embeddable":true,"href":"https:\/\/www.ellesaussi.org\/index.php?rest_route=%2Fwp%2Fv2%2Fcategories&post=1882"},{"taxonomy":"post_tag","embeddable":true,"href":"https:\/\/www.ellesaussi.org\/index.php?rest_route=%2Fwp%2Fv2%2Ftags&post=1882"}],"curies":[{"name":"wp","href":"https:\/\/api.w.org\/{rel}","templated":true}]}}