{"id":1846,"date":"2016-03-24T10:59:00","date_gmt":"2016-03-24T09:59:00","guid":{"rendered":"https:\/\/elles129186.webdb78.lwspanel.com\/?p=1846"},"modified":"2024-11-08T11:28:36","modified_gmt":"2024-11-08T10:28:36","slug":"intercos-le-maillon-faible-de-la-parite","status":"publish","type":"post","link":"https:\/\/www.ellesaussi.org\/?p=1846","title":{"rendered":"Intercos : le maillon faible de la parit\u00e9"},"content":{"rendered":"\t\t<div data-elementor-type=\"wp-post\" data-elementor-id=\"1846\" class=\"elementor elementor-1846\" data-elementor-post-type=\"post\">\n\t\t\t\t<div class=\"elementor-element elementor-element-85745d5 e-flex e-con-boxed e-con e-parent\" data-id=\"85745d5\" data-element_type=\"container\">\n\t\t\t\t\t<div class=\"e-con-inner\">\n\t\t\t\t<div class=\"elementor-element elementor-element-60b8c62 elementor-widget elementor-widget-text-editor\" data-id=\"60b8c62\" data-element_type=\"widget\" data-widget_type=\"text-editor.default\">\n\t\t\t\t<div class=\"elementor-widget-container\">\n\t\t\t\t\t\t\t<p>8% de femmes pr\u00e9sidentes, 18% de femmes dans les ex\u00e9cutifs : une \u00e9tude de l\u2019association \u00ab Elles aussi \u00bb, en partenariat avec l\u2019ADCF, d\u00e9montre que la gouvernance des EPCI est fortement masculine. A la suite de la loi Notre, les fusions en cours vont probablement aggraver la situation. Estelle Grelier, la secr\u00e9taire d\u2019Etat aux Collectivit\u00e9s territoriales commente les r\u00e9sultats de l&rsquo;enqu\u00eate.<\/p><p>Tirer la sonnette d\u2019alarme, voil\u00e0 l\u2019objectif de l\u2019enqu\u00eate nationale sur la place des femmes dans les conseils communautaires men\u00e9e tout au long de l\u2019ann\u00e9e 2015 par l\u2019association \u00ab Elles aussi, pour la parit\u00e9 dans les instances \u00e9lues \u00bb, en partenariat avec l\u2019Assembl\u00e9e des communaut\u00e9s de France, qui a fait l\u2019objet d\u2019un colloque au S\u00e9nat, mercredi 24 mars. <br \/>Men\u00e9e sur 2127 EPCI, gr\u00e2ce \u00e0 un travail collectif et minutieux, l\u2019\u00e9tude r\u00e9alis\u00e9e avec des moyens du bureau de l\u2019association r\u00e9v\u00e8le des r\u00e9sultats \u00e9difiants dans les \u00e9tablissements de coop\u00e9ration intercommunale, toutes strates et territoires confondues. <br \/>Certes, le syst\u00e8me de listes paritaires dans les communes plus peupl\u00e9es a permis de voir progresser le nombre de conseill\u00e8res communautaires, qui atteint 32% (24% des conseils comptent plus de 40% de femmes, 10% de conseils n\u2019en comptent que moins de 10%). <br \/>Mais il n\u2019y a que 8% de femmes pr\u00e9sidentes d\u2019EPCI, 18% de femmes dans les ex\u00e9cutifs et surtout 23% d\u2019ex\u00e9cutifs exclusivement masculins et seuls 8% d\u2019ex\u00e9cutifs avec plus de 40% de femmes. <br \/>Cons\u00e9quence du mode d\u2019\u00e9lection<\/p><p>Les conseils avec plus de 40% de femmes sont assez bien repartis entre les quatre strates d\u00e9finies par l\u2019enqu\u00eate : 12% dans les moins de 10.000 hab., 22% dans les 10 \u00e0 10.000 hab., 33% dans les 20 \u00e0 50.000 hab. et 57% dans les grandes intercos de plus de 50.000 hab. <br \/>Quant aux ex\u00e9cutifs avec plus de 40% de femmes, ils se distribuent \u00e0 hauteur de 10% dans la premi\u00e8re cat\u00e9gorie, 8% dans la deuxi\u00e8me, 4% dans la troisi\u00e8me et 6% dans la derni\u00e8re. <br \/>En revanche, les conseils avec moins de 20% de femmes sont plus nombreux dans les EPCI de moins de 10.000 hab (19%) et 10 \u00e0 20.000 hab. (7%) que dans les plus grandes : 3% dans les 20 \u00e0 50.000 et 0% dans les plus de 50.000 hab. <br \/>Une tendance renforc\u00e9e dans les ex\u00e9cutifs sans femmes qui sont 33% dans la premi\u00e8re cat\u00e9gorie, 20% dans la deuxi\u00e8me, 16% dans la troisi\u00e8me, tandis que seuls 6% des ex\u00e9cutifs des EPCI de plus de 50.000 hab. n\u2019ont aucune femme. <br \/>\u00ab C\u2019est le mode d\u2019\u00e9lection qui entraine cet effet-l\u00e0, les t\u00eates de liste sont surtout des hommes, et certaines communes sont oblig\u00e9es de n\u2019envoyer qu\u2019un conseiller au conseil communautaire \u00bb, explique Armelle Danet, co-pr\u00e9sidente d\u2019Elles aussi. <br \/>\u00ab Avec les fusions en cours, les chiffres vont chuter. Moins il y aura de conseillers communautaires, plus il y aura d\u2019hommes dans les conseils et dans les ex\u00e9cutifs des EPCI \u00bb s\u2019inqui\u00e8te-t-elle.<\/p><p>paru dans La gazette.fr<\/p>\t\t\t\t\t\t<\/div>\n\t\t\t\t<\/div>\n\t\t\t\t\t<\/div>\n\t\t\t\t<\/div>\n\t\t\t\t<\/div>\n\t\t","protected":false},"excerpt":{"rendered":"<p>8% de femmes pr\u00e9sidentes, 18% de femmes dans les ex\u00e9cutifs : une \u00e9tude de l\u2019association \u00ab Elles aussi \u00bb, en partenariat avec l\u2019ADCF, d\u00e9montre que la gouvernance des EPCI est fortement masculine. A la suite de la loi Notre, les fusions en cours vont probablement aggraver la situation. Estelle Grelier, la secr\u00e9taire d\u2019Etat aux Collectivit\u00e9s [&hellip;]<\/p>\n","protected":false},"author":1,"featured_media":1847,"comment_status":"closed","ping_status":"closed","sticky":false,"template":"","format":"standard","meta":{"footnotes":""},"categories":[46],"tags":[],"class_list":["post-1846","post","type-post","status-publish","format-standard","has-post-thumbnail","hentry","category-presse"],"yoast_head":"<!-- This site is optimized with the Yoast SEO plugin v22.8 - https:\/\/yoast.com\/wordpress\/plugins\/seo\/ -->\n<title>Intercos : le maillon faible de la parit\u00e9 - Elles Aussi<\/title>\n<meta name=\"robots\" content=\"index, follow, max-snippet:-1, max-image-preview:large, max-video-preview:-1\" \/>\n<link rel=\"canonical\" href=\"https:\/\/www.ellesaussi.org\/?p=1846\" \/>\n<meta property=\"og:locale\" content=\"fr_FR\" \/>\n<meta property=\"og:type\" content=\"article\" \/>\n<meta property=\"og:title\" content=\"Intercos : le maillon faible de la parit\u00e9 - Elles Aussi\" \/>\n<meta property=\"og:description\" content=\"8% de femmes pr\u00e9sidentes, 18% de femmes dans les ex\u00e9cutifs : une \u00e9tude de l\u2019association \u00ab Elles aussi \u00bb, en partenariat avec l\u2019ADCF, d\u00e9montre que la gouvernance des EPCI est fortement masculine. A la suite de la loi Notre, les fusions en cours vont probablement aggraver la situation. Estelle Grelier, la secr\u00e9taire d\u2019Etat aux Collectivit\u00e9s [&hellip;]\" \/>\n<meta property=\"og:url\" content=\"https:\/\/www.ellesaussi.org\/?p=1846\" \/>\n<meta property=\"og:site_name\" content=\"Elles Aussi\" \/>\n<meta property=\"article:publisher\" content=\"https:\/\/www.facebook.com\/ellesaussi\/\" \/>\n<meta property=\"article:published_time\" content=\"2016-03-24T09:59:00+00:00\" \/>\n<meta property=\"article:modified_time\" content=\"2024-11-08T10:28:36+00:00\" \/>\n<meta property=\"og:image\" content=\"https:\/\/www.ellesaussi.org\/wp-content\/uploads\/2024\/11\/Logo_La-Gazette_300x200.png\" \/>\n\t<meta property=\"og:image:width\" content=\"300\" \/>\n\t<meta property=\"og:image:height\" content=\"200\" \/>\n\t<meta property=\"og:image:type\" content=\"image\/png\" \/>\n<meta name=\"author\" content=\"admin\" \/>\n<meta name=\"twitter:card\" content=\"summary_large_image\" \/>\n<meta name=\"twitter:label1\" content=\"\u00c9crit par\" \/>\n\t<meta name=\"twitter:data1\" content=\"admin\" \/>\n\t<meta name=\"twitter:label2\" content=\"Dur\u00e9e de lecture estim\u00e9e\" \/>\n\t<meta name=\"twitter:data2\" content=\"3 minutes\" \/>\n<script type=\"application\/ld+json\" class=\"yoast-schema-graph\">{\"@context\":\"https:\/\/schema.org\",\"@graph\":[{\"@type\":\"Article\",\"@id\":\"https:\/\/www.ellesaussi.org\/?p=1846#article\",\"isPartOf\":{\"@id\":\"https:\/\/www.ellesaussi.org\/?p=1846\"},\"author\":{\"name\":\"admin\",\"@id\":\"https:\/\/www.ellesaussi.org\/#\/schema\/person\/eeca4be50db30b5dbb39f78fc3364160\"},\"headline\":\"Intercos : le maillon faible de la parit\u00e9\",\"datePublished\":\"2016-03-24T09:59:00+00:00\",\"dateModified\":\"2024-11-08T10:28:36+00:00\",\"mainEntityOfPage\":{\"@id\":\"https:\/\/www.ellesaussi.org\/?p=1846\"},\"wordCount\":498,\"publisher\":{\"@id\":\"https:\/\/www.ellesaussi.org\/#organization\"},\"image\":{\"@id\":\"https:\/\/www.ellesaussi.org\/?p=1846#primaryimage\"},\"thumbnailUrl\":\"https:\/\/www.ellesaussi.org\/wp-content\/uploads\/2024\/11\/Logo_La-Gazette_300x200.png\",\"articleSection\":[\"Presse\"],\"inLanguage\":\"fr-FR\"},{\"@type\":\"WebPage\",\"@id\":\"https:\/\/www.ellesaussi.org\/?p=1846\",\"url\":\"https:\/\/www.ellesaussi.org\/?p=1846\",\"name\":\"Intercos : le maillon faible de la parit\u00e9 - Elles Aussi\",\"isPartOf\":{\"@id\":\"https:\/\/www.ellesaussi.org\/#website\"},\"primaryImageOfPage\":{\"@id\":\"https:\/\/www.ellesaussi.org\/?p=1846#primaryimage\"},\"image\":{\"@id\":\"https:\/\/www.ellesaussi.org\/?p=1846#primaryimage\"},\"thumbnailUrl\":\"https:\/\/www.ellesaussi.org\/wp-content\/uploads\/2024\/11\/Logo_La-Gazette_300x200.png\",\"datePublished\":\"2016-03-24T09:59:00+00:00\",\"dateModified\":\"2024-11-08T10:28:36+00:00\",\"breadcrumb\":{\"@id\":\"https:\/\/www.ellesaussi.org\/?p=1846#breadcrumb\"},\"inLanguage\":\"fr-FR\",\"potentialAction\":[{\"@type\":\"ReadAction\",\"target\":[\"https:\/\/www.ellesaussi.org\/?p=1846\"]}]},{\"@type\":\"ImageObject\",\"inLanguage\":\"fr-FR\",\"@id\":\"https:\/\/www.ellesaussi.org\/?p=1846#primaryimage\",\"url\":\"https:\/\/www.ellesaussi.org\/wp-content\/uploads\/2024\/11\/Logo_La-Gazette_300x200.png\",\"contentUrl\":\"https:\/\/www.ellesaussi.org\/wp-content\/uploads\/2024\/11\/Logo_La-Gazette_300x200.png\",\"width\":300,\"height\":200},{\"@type\":\"BreadcrumbList\",\"@id\":\"https:\/\/www.ellesaussi.org\/?p=1846#breadcrumb\",\"itemListElement\":[{\"@type\":\"ListItem\",\"position\":1,\"name\":\"Accueil\",\"item\":\"https:\/\/www.ellesaussi.org\/\"},{\"@type\":\"ListItem\",\"position\":2,\"name\":\"Intercos : le maillon faible de la parit\u00e9\"}]},{\"@type\":\"WebSite\",\"@id\":\"https:\/\/www.ellesaussi.org\/#website\",\"url\":\"https:\/\/www.ellesaussi.org\/\",\"name\":\"Elles Aussi\",\"description\":\"\",\"publisher\":{\"@id\":\"https:\/\/www.ellesaussi.org\/#organization\"},\"potentialAction\":[{\"@type\":\"SearchAction\",\"target\":{\"@type\":\"EntryPoint\",\"urlTemplate\":\"https:\/\/www.ellesaussi.org\/?s={search_term_string}\"},\"query-input\":\"required name=search_term_string\"}],\"inLanguage\":\"fr-FR\"},{\"@type\":\"Organization\",\"@id\":\"https:\/\/www.ellesaussi.org\/#organization\",\"name\":\"Elles Aussi\",\"url\":\"https:\/\/www.ellesaussi.org\/\",\"logo\":{\"@type\":\"ImageObject\",\"inLanguage\":\"fr-FR\",\"@id\":\"https:\/\/www.ellesaussi.org\/#\/schema\/logo\/image\/\",\"url\":\"https:\/\/www.ellesaussi.org\/wp-content\/uploads\/2024\/05\/Elles-aussi_logotype_rouge.png\",\"contentUrl\":\"https:\/\/www.ellesaussi.org\/wp-content\/uploads\/2024\/05\/Elles-aussi_logotype_rouge.png\",\"width\":3472,\"height\":2480,\"caption\":\"Elles Aussi\"},\"image\":{\"@id\":\"https:\/\/www.ellesaussi.org\/#\/schema\/logo\/image\/\"},\"sameAs\":[\"https:\/\/www.facebook.com\/ellesaussi\/\"]},{\"@type\":\"Person\",\"@id\":\"https:\/\/www.ellesaussi.org\/#\/schema\/person\/eeca4be50db30b5dbb39f78fc3364160\",\"name\":\"admin\",\"image\":{\"@type\":\"ImageObject\",\"inLanguage\":\"fr-FR\",\"@id\":\"https:\/\/www.ellesaussi.org\/#\/schema\/person\/image\/\",\"url\":\"https:\/\/secure.gravatar.com\/avatar\/62da4937aa6d6b509192861c0b966204a1b742b2814f6387fa08fe6c98a8729c?s=96&d=mm&r=g\",\"contentUrl\":\"https:\/\/secure.gravatar.com\/avatar\/62da4937aa6d6b509192861c0b966204a1b742b2814f6387fa08fe6c98a8729c?s=96&d=mm&r=g\",\"caption\":\"admin\"},\"sameAs\":[\"https:\/\/elles129186.webdb78.lwspanel.com\"],\"url\":\"https:\/\/www.ellesaussi.org\/?author=1\"}]}<\/script>\n<!-- \/ Yoast SEO plugin. -->","yoast_head_json":{"title":"Intercos : le maillon faible de la parit\u00e9 - Elles Aussi","robots":{"index":"index","follow":"follow","max-snippet":"max-snippet:-1","max-image-preview":"max-image-preview:large","max-video-preview":"max-video-preview:-1"},"canonical":"https:\/\/www.ellesaussi.org\/?p=1846","og_locale":"fr_FR","og_type":"article","og_title":"Intercos : le maillon faible de la parit\u00e9 - Elles Aussi","og_description":"8% de femmes pr\u00e9sidentes, 18% de femmes dans les ex\u00e9cutifs : une \u00e9tude de l\u2019association \u00ab Elles aussi \u00bb, en partenariat avec l\u2019ADCF, d\u00e9montre que la gouvernance des EPCI est fortement masculine. A la suite de la loi Notre, les fusions en cours vont probablement aggraver la situation. Estelle Grelier, la secr\u00e9taire d\u2019Etat aux Collectivit\u00e9s [&hellip;]","og_url":"https:\/\/www.ellesaussi.org\/?p=1846","og_site_name":"Elles Aussi","article_publisher":"https:\/\/www.facebook.com\/ellesaussi\/","article_published_time":"2016-03-24T09:59:00+00:00","article_modified_time":"2024-11-08T10:28:36+00:00","og_image":[{"width":300,"height":200,"url":"https:\/\/www.ellesaussi.org\/wp-content\/uploads\/2024\/11\/Logo_La-Gazette_300x200.png","type":"image\/png"}],"author":"admin","twitter_card":"summary_large_image","twitter_misc":{"\u00c9crit par":"admin","Dur\u00e9e de lecture estim\u00e9e":"3 minutes"},"schema":{"@context":"https:\/\/schema.org","@graph":[{"@type":"Article","@id":"https:\/\/www.ellesaussi.org\/?p=1846#article","isPartOf":{"@id":"https:\/\/www.ellesaussi.org\/?p=1846"},"author":{"name":"admin","@id":"https:\/\/www.ellesaussi.org\/#\/schema\/person\/eeca4be50db30b5dbb39f78fc3364160"},"headline":"Intercos : le maillon faible de la parit\u00e9","datePublished":"2016-03-24T09:59:00+00:00","dateModified":"2024-11-08T10:28:36+00:00","mainEntityOfPage":{"@id":"https:\/\/www.ellesaussi.org\/?p=1846"},"wordCount":498,"publisher":{"@id":"https:\/\/www.ellesaussi.org\/#organization"},"image":{"@id":"https:\/\/www.ellesaussi.org\/?p=1846#primaryimage"},"thumbnailUrl":"https:\/\/www.ellesaussi.org\/wp-content\/uploads\/2024\/11\/Logo_La-Gazette_300x200.png","articleSection":["Presse"],"inLanguage":"fr-FR"},{"@type":"WebPage","@id":"https:\/\/www.ellesaussi.org\/?p=1846","url":"https:\/\/www.ellesaussi.org\/?p=1846","name":"Intercos : le maillon faible de la parit\u00e9 - Elles Aussi","isPartOf":{"@id":"https:\/\/www.ellesaussi.org\/#website"},"primaryImageOfPage":{"@id":"https:\/\/www.ellesaussi.org\/?p=1846#primaryimage"},"image":{"@id":"https:\/\/www.ellesaussi.org\/?p=1846#primaryimage"},"thumbnailUrl":"https:\/\/www.ellesaussi.org\/wp-content\/uploads\/2024\/11\/Logo_La-Gazette_300x200.png","datePublished":"2016-03-24T09:59:00+00:00","dateModified":"2024-11-08T10:28:36+00:00","breadcrumb":{"@id":"https:\/\/www.ellesaussi.org\/?p=1846#breadcrumb"},"inLanguage":"fr-FR","potentialAction":[{"@type":"ReadAction","target":["https:\/\/www.ellesaussi.org\/?p=1846"]}]},{"@type":"ImageObject","inLanguage":"fr-FR","@id":"https:\/\/www.ellesaussi.org\/?p=1846#primaryimage","url":"https:\/\/www.ellesaussi.org\/wp-content\/uploads\/2024\/11\/Logo_La-Gazette_300x200.png","contentUrl":"https:\/\/www.ellesaussi.org\/wp-content\/uploads\/2024\/11\/Logo_La-Gazette_300x200.png","width":300,"height":200},{"@type":"BreadcrumbList","@id":"https:\/\/www.ellesaussi.org\/?p=1846#breadcrumb","itemListElement":[{"@type":"ListItem","position":1,"name":"Accueil","item":"https:\/\/www.ellesaussi.org\/"},{"@type":"ListItem","position":2,"name":"Intercos : le maillon faible de la parit\u00e9"}]},{"@type":"WebSite","@id":"https:\/\/www.ellesaussi.org\/#website","url":"https:\/\/www.ellesaussi.org\/","name":"Elles Aussi","description":"","publisher":{"@id":"https:\/\/www.ellesaussi.org\/#organization"},"potentialAction":[{"@type":"SearchAction","target":{"@type":"EntryPoint","urlTemplate":"https:\/\/www.ellesaussi.org\/?s={search_term_string}"},"query-input":"required name=search_term_string"}],"inLanguage":"fr-FR"},{"@type":"Organization","@id":"https:\/\/www.ellesaussi.org\/#organization","name":"Elles Aussi","url":"https:\/\/www.ellesaussi.org\/","logo":{"@type":"ImageObject","inLanguage":"fr-FR","@id":"https:\/\/www.ellesaussi.org\/#\/schema\/logo\/image\/","url":"https:\/\/www.ellesaussi.org\/wp-content\/uploads\/2024\/05\/Elles-aussi_logotype_rouge.png","contentUrl":"https:\/\/www.ellesaussi.org\/wp-content\/uploads\/2024\/05\/Elles-aussi_logotype_rouge.png","width":3472,"height":2480,"caption":"Elles Aussi"},"image":{"@id":"https:\/\/www.ellesaussi.org\/#\/schema\/logo\/image\/"},"sameAs":["https:\/\/www.facebook.com\/ellesaussi\/"]},{"@type":"Person","@id":"https:\/\/www.ellesaussi.org\/#\/schema\/person\/eeca4be50db30b5dbb39f78fc3364160","name":"admin","image":{"@type":"ImageObject","inLanguage":"fr-FR","@id":"https:\/\/www.ellesaussi.org\/#\/schema\/person\/image\/","url":"https:\/\/secure.gravatar.com\/avatar\/62da4937aa6d6b509192861c0b966204a1b742b2814f6387fa08fe6c98a8729c?s=96&d=mm&r=g","contentUrl":"https:\/\/secure.gravatar.com\/avatar\/62da4937aa6d6b509192861c0b966204a1b742b2814f6387fa08fe6c98a8729c?s=96&d=mm&r=g","caption":"admin"},"sameAs":["https:\/\/elles129186.webdb78.lwspanel.com"],"url":"https:\/\/www.ellesaussi.org\/?author=1"}]}},"_links":{"self":[{"href":"https:\/\/www.ellesaussi.org\/index.php?rest_route=\/wp\/v2\/posts\/1846","targetHints":{"allow":["GET"]}}],"collection":[{"href":"https:\/\/www.ellesaussi.org\/index.php?rest_route=\/wp\/v2\/posts"}],"about":[{"href":"https:\/\/www.ellesaussi.org\/index.php?rest_route=\/wp\/v2\/types\/post"}],"author":[{"embeddable":true,"href":"https:\/\/www.ellesaussi.org\/index.php?rest_route=\/wp\/v2\/users\/1"}],"replies":[{"embeddable":true,"href":"https:\/\/www.ellesaussi.org\/index.php?rest_route=%2Fwp%2Fv2%2Fcomments&post=1846"}],"version-history":[{"count":7,"href":"https:\/\/www.ellesaussi.org\/index.php?rest_route=\/wp\/v2\/posts\/1846\/revisions"}],"predecessor-version":[{"id":1895,"href":"https:\/\/www.ellesaussi.org\/index.php?rest_route=\/wp\/v2\/posts\/1846\/revisions\/1895"}],"wp:featuredmedia":[{"embeddable":true,"href":"https:\/\/www.ellesaussi.org\/index.php?rest_route=\/wp\/v2\/media\/1847"}],"wp:attachment":[{"href":"https:\/\/www.ellesaussi.org\/index.php?rest_route=%2Fwp%2Fv2%2Fmedia&parent=1846"}],"wp:term":[{"taxonomy":"category","embeddable":true,"href":"https:\/\/www.ellesaussi.org\/index.php?rest_route=%2Fwp%2Fv2%2Fcategories&post=1846"},{"taxonomy":"post_tag","embeddable":true,"href":"https:\/\/www.ellesaussi.org\/index.php?rest_route=%2Fwp%2Fv2%2Ftags&post=1846"}],"curies":[{"name":"wp","href":"https:\/\/api.w.org\/{rel}","templated":true}]}}