{"id":1629,"date":"2022-07-07T16:57:00","date_gmt":"2022-07-07T14:57:00","guid":{"rendered":"https:\/\/elles129186.webdb78.lwspanel.com\/?p=1629"},"modified":"2024-10-29T17:01:23","modified_gmt":"2024-10-29T16:01:23","slug":"lancement-de-la-marianne-de-la-parite-2022-dans-les-epci-le-6-juillet","status":"publish","type":"post","link":"https:\/\/www.ellesaussi.org\/?p=1629","title":{"rendered":"Lancement de la \u00ab Marianne de la Parit\u00e9 2022 dans les EPCI \u00bb le 6 juillet"},"content":{"rendered":"\t\t<div data-elementor-type=\"wp-post\" data-elementor-id=\"1629\" class=\"elementor elementor-1629\" data-elementor-post-type=\"post\">\n\t\t\t\t<div class=\"elementor-element elementor-element-a6ba209 e-flex e-con-boxed e-con e-parent\" data-id=\"a6ba209\" data-element_type=\"container\">\n\t\t\t\t\t<div class=\"e-con-inner\">\n\t\t\t\t<div class=\"elementor-element elementor-element-8084432 elementor-widget elementor-widget-text-editor\" data-id=\"8084432\" data-element_type=\"widget\" data-widget_type=\"text-editor.default\">\n\t\t\t\t<div class=\"elementor-widget-container\">\n\t\t\t\t\t\t\t<p>Les EPCI sont \u00ab des zones blanches \u00bb de la parit\u00e9. La \u00ab Marianne de la Parit\u00e9 \u00bb dans les d\u00e9partements veut alerter sur cette situation et mettre \u00e0 l\u2019honneur les EPCI en pointe sur les efforts pour la d\u00e9mocratie paritaire ainsi que les femmes qui se sont engag\u00e9es dans ces instances.<\/p><p>Le lancement de cette action de sensibilisation symbolique eut lieu \u00e0 Toulouse, aupr\u00e8s de la derni\u00e8ren\u00e9e de nos antennes, l\u2019antenne Elles aussi Occitanie, cr\u00e9\u00e9e en 2021.\u00a0<\/p><p>Nous vous pr\u00e9sentions dans la newsletter d\u2019avril les objectifs et les contours de cette action symbolique. La sous-repr\u00e9sentation des femmes dans les EPCI est due, entre autres, aux modes actuels de d\u00e9signation des conseils et de leurs ex\u00e9cutifs (avec aucune contrainte paritaire pour ces derniers). Rappelons que l\u2019\u00e9tude des EPCI est men\u00e9e dans les d\u00e9partements o\u00f9 Elles aussi est pr\u00e9sente ou repr\u00e9sent\u00e9e ; elle donnera lieu \u00e0 des remises de troph\u00e9es pour les EPCI se rapprochant le plus de la parit\u00e9 quantitativement, et avec dans les ex\u00e9cutifs des d\u00e9l\u00e9gations donn\u00e9es aux femmes au-del\u00e0 des st\u00e9r\u00e9otypes anciens et caricaturaux. Les EPCI prim\u00e9s dans les divers d\u00e9partements permettront d\u2019illustrer un constat : se rapprocher de la parit\u00e9, reconna\u00eetre et utiliser les comp\u00e9tences des femmes (pourquoi se priver plus longtemps de leurs comp\u00e9tences ?), exprimer symboliquement l\u2019\u00e9galit\u00e9 femmes-hommes par le nombre de femmes et leurs d\u00e9l\u00e9gations dans les vice-pr\u00e9sidences, bousculer les vieilles habitudes in\u00e9galitaires et patriarcales de notre histoire qui excluaient les femmes de la citoyennet\u00e9, c\u2019est tout \u00e0 fait envisageable et possible!\u00a0<\/p><p>L\u2019organisation de cette rencontre tr\u00e8s r\u00e9ussie entre 18h30 et 21h \u00e9tait l\u2019\u0153uvre de l\u2019antenne Occitanie.<\/p><p>Le Conseil r\u00e9gional Occitanie que nous remercions, nous accueillait dans l\u2019h\u00f4tel de R\u00e9gion de Toulouse, avec la pr\u00e9sence de Nadia Bakiri, conseill\u00e8re r\u00e9gionale d\u00e9l\u00e9gu\u00e9e \u00e0 l\u2019\u00e9galit\u00e9 femmes\/hommes et \u00e0 la lutte contre les violences faites aux femmes. Mme Nicole Escassut, DRDFE Occitanie est venue nous apporter son soutien et a prononc\u00e9 un bref discours pour appuyer notre d\u00e9marche.<\/p><p>Anne-Marie Marmier, vice-pr\u00e9sidente d\u2019Elles aussi et Caroline Antonio, d\u00e9l\u00e9gu\u00e9e r\u00e9gionale Occitanie ont pr\u00e9sent\u00e9 ensuite les objectifs de l\u2019association Elles aussi. Leur intervention a \u00e9t\u00e9 suivie d\u2019une vid\u00e9o retra\u00e7ant les diff\u00e9rentes \u00e9tapes d\u2019avanc\u00e9e de la parit\u00e9 en France.<\/p><p>Enfin, le concept de la Marianne de la parit\u00e9, ses crit\u00e8res et la pr\u00e9sentation des membres du jury d\u2019Occitanie ont \u00e9t\u00e9 d\u00e9voil\u00e9s.<\/p><p>Une table ronde a suivi, autour du th\u00e8me : \u00ab Intercommunalit\u00e9s, le prochain combat de la parit\u00e9 \u00bb.\u00a0 Puis apr\u00e8s des \u00e9changes et d\u00e9bats avec le public, un cocktail offert par la R\u00e9gion Occitanie a cl\u00f4tur\u00e9 cet \u00e9v\u00e9nement.\u00a0<\/p><p>Dani\u00e8le Bouchoule, co-pr\u00e9sidente\u00a0<\/p>\t\t\t\t\t\t<\/div>\n\t\t\t\t<\/div>\n\t\t\t\t\t<\/div>\n\t\t\t\t<\/div>\n\t\t\t\t<\/div>\n\t\t","protected":false},"excerpt":{"rendered":"<p>Les EPCI sont \u00ab des zones blanches \u00bb de la parit\u00e9. La \u00ab Marianne de la Parit\u00e9 \u00bb dans les d\u00e9partements veut alerter sur cette situation et mettre \u00e0 l\u2019honneur les EPCI en pointe sur les efforts pour la d\u00e9mocratie paritaire ainsi que les femmes qui se sont engag\u00e9es dans ces instances. Le lancement de [&hellip;]<\/p>\n","protected":false},"author":1,"featured_media":683,"comment_status":"closed","ping_status":"closed","sticky":false,"template":"","format":"standard","meta":{"footnotes":""},"categories":[37],"tags":[],"class_list":["post-1629","post","type-post","status-publish","format-standard","has-post-thumbnail","hentry","category-marianne-de-la-parite-2020-2026"],"yoast_head":"<!-- This site is optimized with the Yoast SEO plugin v22.8 - https:\/\/yoast.com\/wordpress\/plugins\/seo\/ -->\n<title>Lancement de la \u00ab Marianne de la Parit\u00e9 2022 dans les EPCI \u00bb le 6 juillet - Elles Aussi<\/title>\n<meta name=\"robots\" content=\"index, follow, max-snippet:-1, max-image-preview:large, max-video-preview:-1\" \/>\n<link rel=\"canonical\" href=\"https:\/\/www.ellesaussi.org\/?p=1629\" \/>\n<meta property=\"og:locale\" content=\"fr_FR\" \/>\n<meta property=\"og:type\" content=\"article\" \/>\n<meta property=\"og:title\" content=\"Lancement de la \u00ab Marianne de la Parit\u00e9 2022 dans les EPCI \u00bb le 6 juillet - Elles Aussi\" \/>\n<meta property=\"og:description\" content=\"Les EPCI sont \u00ab des zones blanches \u00bb de la parit\u00e9. La \u00ab Marianne de la Parit\u00e9 \u00bb dans les d\u00e9partements veut alerter sur cette situation et mettre \u00e0 l\u2019honneur les EPCI en pointe sur les efforts pour la d\u00e9mocratie paritaire ainsi que les femmes qui se sont engag\u00e9es dans ces instances. Le lancement de [&hellip;]\" \/>\n<meta property=\"og:url\" content=\"https:\/\/www.ellesaussi.org\/?p=1629\" \/>\n<meta property=\"og:site_name\" content=\"Elles Aussi\" \/>\n<meta property=\"article:publisher\" content=\"https:\/\/www.facebook.com\/ellesaussi\/\" \/>\n<meta property=\"article:published_time\" content=\"2022-07-07T14:57:00+00:00\" \/>\n<meta property=\"article:modified_time\" content=\"2024-10-29T16:01:23+00:00\" \/>\n<meta property=\"og:image\" content=\"https:\/\/www.ellesaussi.org\/wp-content\/uploads\/2024\/10\/appel-du-18-juin-2024-Elles-aussi.jpg\" \/>\n\t<meta property=\"og:image:width\" content=\"200\" \/>\n\t<meta property=\"og:image:height\" content=\"144\" \/>\n\t<meta property=\"og:image:type\" content=\"image\/jpeg\" \/>\n<meta name=\"author\" content=\"admin\" \/>\n<meta name=\"twitter:card\" content=\"summary_large_image\" \/>\n<meta name=\"twitter:label1\" content=\"\u00c9crit par\" \/>\n\t<meta name=\"twitter:data1\" content=\"admin\" \/>\n\t<meta name=\"twitter:label2\" content=\"Dur\u00e9e de lecture estim\u00e9e\" \/>\n\t<meta name=\"twitter:data2\" content=\"3 minutes\" \/>\n<script type=\"application\/ld+json\" class=\"yoast-schema-graph\">{\"@context\":\"https:\/\/schema.org\",\"@graph\":[{\"@type\":\"Article\",\"@id\":\"https:\/\/www.ellesaussi.org\/?p=1629#article\",\"isPartOf\":{\"@id\":\"https:\/\/www.ellesaussi.org\/?p=1629\"},\"author\":{\"name\":\"admin\",\"@id\":\"https:\/\/www.ellesaussi.org\/#\/schema\/person\/eeca4be50db30b5dbb39f78fc3364160\"},\"headline\":\"Lancement de la \u00ab Marianne de la Parit\u00e9 2022 dans les EPCI \u00bb le 6 juillet\",\"datePublished\":\"2022-07-07T14:57:00+00:00\",\"dateModified\":\"2024-10-29T16:01:23+00:00\",\"mainEntityOfPage\":{\"@id\":\"https:\/\/www.ellesaussi.org\/?p=1629\"},\"wordCount\":501,\"publisher\":{\"@id\":\"https:\/\/www.ellesaussi.org\/#organization\"},\"image\":{\"@id\":\"https:\/\/www.ellesaussi.org\/?p=1629#primaryimage\"},\"thumbnailUrl\":\"https:\/\/www.ellesaussi.org\/wp-content\/uploads\/2024\/10\/appel-du-18-juin-2024-Elles-aussi.jpg\",\"articleSection\":[\"Marianne de la Parit\u00e9 2020-2026\"],\"inLanguage\":\"fr-FR\"},{\"@type\":\"WebPage\",\"@id\":\"https:\/\/www.ellesaussi.org\/?p=1629\",\"url\":\"https:\/\/www.ellesaussi.org\/?p=1629\",\"name\":\"Lancement de la \u00ab Marianne de la Parit\u00e9 2022 dans les EPCI \u00bb le 6 juillet - Elles Aussi\",\"isPartOf\":{\"@id\":\"https:\/\/www.ellesaussi.org\/#website\"},\"primaryImageOfPage\":{\"@id\":\"https:\/\/www.ellesaussi.org\/?p=1629#primaryimage\"},\"image\":{\"@id\":\"https:\/\/www.ellesaussi.org\/?p=1629#primaryimage\"},\"thumbnailUrl\":\"https:\/\/www.ellesaussi.org\/wp-content\/uploads\/2024\/10\/appel-du-18-juin-2024-Elles-aussi.jpg\",\"datePublished\":\"2022-07-07T14:57:00+00:00\",\"dateModified\":\"2024-10-29T16:01:23+00:00\",\"breadcrumb\":{\"@id\":\"https:\/\/www.ellesaussi.org\/?p=1629#breadcrumb\"},\"inLanguage\":\"fr-FR\",\"potentialAction\":[{\"@type\":\"ReadAction\",\"target\":[\"https:\/\/www.ellesaussi.org\/?p=1629\"]}]},{\"@type\":\"ImageObject\",\"inLanguage\":\"fr-FR\",\"@id\":\"https:\/\/www.ellesaussi.org\/?p=1629#primaryimage\",\"url\":\"https:\/\/www.ellesaussi.org\/wp-content\/uploads\/2024\/10\/appel-du-18-juin-2024-Elles-aussi.jpg\",\"contentUrl\":\"https:\/\/www.ellesaussi.org\/wp-content\/uploads\/2024\/10\/appel-du-18-juin-2024-Elles-aussi.jpg\",\"width\":200,\"height\":144},{\"@type\":\"BreadcrumbList\",\"@id\":\"https:\/\/www.ellesaussi.org\/?p=1629#breadcrumb\",\"itemListElement\":[{\"@type\":\"ListItem\",\"position\":1,\"name\":\"Accueil\",\"item\":\"https:\/\/www.ellesaussi.org\/\"},{\"@type\":\"ListItem\",\"position\":2,\"name\":\"Lancement de la \u00ab Marianne de la Parit\u00e9 2022 dans les EPCI \u00bb le 6 juillet\"}]},{\"@type\":\"WebSite\",\"@id\":\"https:\/\/www.ellesaussi.org\/#website\",\"url\":\"https:\/\/www.ellesaussi.org\/\",\"name\":\"Elles Aussi\",\"description\":\"\",\"publisher\":{\"@id\":\"https:\/\/www.ellesaussi.org\/#organization\"},\"potentialAction\":[{\"@type\":\"SearchAction\",\"target\":{\"@type\":\"EntryPoint\",\"urlTemplate\":\"https:\/\/www.ellesaussi.org\/?s={search_term_string}\"},\"query-input\":\"required name=search_term_string\"}],\"inLanguage\":\"fr-FR\"},{\"@type\":\"Organization\",\"@id\":\"https:\/\/www.ellesaussi.org\/#organization\",\"name\":\"Elles Aussi\",\"url\":\"https:\/\/www.ellesaussi.org\/\",\"logo\":{\"@type\":\"ImageObject\",\"inLanguage\":\"fr-FR\",\"@id\":\"https:\/\/www.ellesaussi.org\/#\/schema\/logo\/image\/\",\"url\":\"https:\/\/www.ellesaussi.org\/wp-content\/uploads\/2024\/05\/Elles-aussi_logotype_rouge.png\",\"contentUrl\":\"https:\/\/www.ellesaussi.org\/wp-content\/uploads\/2024\/05\/Elles-aussi_logotype_rouge.png\",\"width\":3472,\"height\":2480,\"caption\":\"Elles Aussi\"},\"image\":{\"@id\":\"https:\/\/www.ellesaussi.org\/#\/schema\/logo\/image\/\"},\"sameAs\":[\"https:\/\/www.facebook.com\/ellesaussi\/\"]},{\"@type\":\"Person\",\"@id\":\"https:\/\/www.ellesaussi.org\/#\/schema\/person\/eeca4be50db30b5dbb39f78fc3364160\",\"name\":\"admin\",\"image\":{\"@type\":\"ImageObject\",\"inLanguage\":\"fr-FR\",\"@id\":\"https:\/\/www.ellesaussi.org\/#\/schema\/person\/image\/\",\"url\":\"https:\/\/secure.gravatar.com\/avatar\/62da4937aa6d6b509192861c0b966204a1b742b2814f6387fa08fe6c98a8729c?s=96&d=mm&r=g\",\"contentUrl\":\"https:\/\/secure.gravatar.com\/avatar\/62da4937aa6d6b509192861c0b966204a1b742b2814f6387fa08fe6c98a8729c?s=96&d=mm&r=g\",\"caption\":\"admin\"},\"sameAs\":[\"https:\/\/elles129186.webdb78.lwspanel.com\"],\"url\":\"https:\/\/www.ellesaussi.org\/?author=1\"}]}<\/script>\n<!-- \/ Yoast SEO plugin. -->","yoast_head_json":{"title":"Lancement de la \u00ab Marianne de la Parit\u00e9 2022 dans les EPCI \u00bb le 6 juillet - Elles Aussi","robots":{"index":"index","follow":"follow","max-snippet":"max-snippet:-1","max-image-preview":"max-image-preview:large","max-video-preview":"max-video-preview:-1"},"canonical":"https:\/\/www.ellesaussi.org\/?p=1629","og_locale":"fr_FR","og_type":"article","og_title":"Lancement de la \u00ab Marianne de la Parit\u00e9 2022 dans les EPCI \u00bb le 6 juillet - Elles Aussi","og_description":"Les EPCI sont \u00ab des zones blanches \u00bb de la parit\u00e9. La \u00ab Marianne de la Parit\u00e9 \u00bb dans les d\u00e9partements veut alerter sur cette situation et mettre \u00e0 l\u2019honneur les EPCI en pointe sur les efforts pour la d\u00e9mocratie paritaire ainsi que les femmes qui se sont engag\u00e9es dans ces instances. Le lancement de [&hellip;]","og_url":"https:\/\/www.ellesaussi.org\/?p=1629","og_site_name":"Elles Aussi","article_publisher":"https:\/\/www.facebook.com\/ellesaussi\/","article_published_time":"2022-07-07T14:57:00+00:00","article_modified_time":"2024-10-29T16:01:23+00:00","og_image":[{"width":200,"height":144,"url":"https:\/\/www.ellesaussi.org\/wp-content\/uploads\/2024\/10\/appel-du-18-juin-2024-Elles-aussi.jpg","type":"image\/jpeg"}],"author":"admin","twitter_card":"summary_large_image","twitter_misc":{"\u00c9crit par":"admin","Dur\u00e9e de lecture estim\u00e9e":"3 minutes"},"schema":{"@context":"https:\/\/schema.org","@graph":[{"@type":"Article","@id":"https:\/\/www.ellesaussi.org\/?p=1629#article","isPartOf":{"@id":"https:\/\/www.ellesaussi.org\/?p=1629"},"author":{"name":"admin","@id":"https:\/\/www.ellesaussi.org\/#\/schema\/person\/eeca4be50db30b5dbb39f78fc3364160"},"headline":"Lancement de la \u00ab Marianne de la Parit\u00e9 2022 dans les EPCI \u00bb le 6 juillet","datePublished":"2022-07-07T14:57:00+00:00","dateModified":"2024-10-29T16:01:23+00:00","mainEntityOfPage":{"@id":"https:\/\/www.ellesaussi.org\/?p=1629"},"wordCount":501,"publisher":{"@id":"https:\/\/www.ellesaussi.org\/#organization"},"image":{"@id":"https:\/\/www.ellesaussi.org\/?p=1629#primaryimage"},"thumbnailUrl":"https:\/\/www.ellesaussi.org\/wp-content\/uploads\/2024\/10\/appel-du-18-juin-2024-Elles-aussi.jpg","articleSection":["Marianne de la Parit\u00e9 2020-2026"],"inLanguage":"fr-FR"},{"@type":"WebPage","@id":"https:\/\/www.ellesaussi.org\/?p=1629","url":"https:\/\/www.ellesaussi.org\/?p=1629","name":"Lancement de la \u00ab Marianne de la Parit\u00e9 2022 dans les EPCI \u00bb le 6 juillet - Elles Aussi","isPartOf":{"@id":"https:\/\/www.ellesaussi.org\/#website"},"primaryImageOfPage":{"@id":"https:\/\/www.ellesaussi.org\/?p=1629#primaryimage"},"image":{"@id":"https:\/\/www.ellesaussi.org\/?p=1629#primaryimage"},"thumbnailUrl":"https:\/\/www.ellesaussi.org\/wp-content\/uploads\/2024\/10\/appel-du-18-juin-2024-Elles-aussi.jpg","datePublished":"2022-07-07T14:57:00+00:00","dateModified":"2024-10-29T16:01:23+00:00","breadcrumb":{"@id":"https:\/\/www.ellesaussi.org\/?p=1629#breadcrumb"},"inLanguage":"fr-FR","potentialAction":[{"@type":"ReadAction","target":["https:\/\/www.ellesaussi.org\/?p=1629"]}]},{"@type":"ImageObject","inLanguage":"fr-FR","@id":"https:\/\/www.ellesaussi.org\/?p=1629#primaryimage","url":"https:\/\/www.ellesaussi.org\/wp-content\/uploads\/2024\/10\/appel-du-18-juin-2024-Elles-aussi.jpg","contentUrl":"https:\/\/www.ellesaussi.org\/wp-content\/uploads\/2024\/10\/appel-du-18-juin-2024-Elles-aussi.jpg","width":200,"height":144},{"@type":"BreadcrumbList","@id":"https:\/\/www.ellesaussi.org\/?p=1629#breadcrumb","itemListElement":[{"@type":"ListItem","position":1,"name":"Accueil","item":"https:\/\/www.ellesaussi.org\/"},{"@type":"ListItem","position":2,"name":"Lancement de la \u00ab Marianne de la Parit\u00e9 2022 dans les EPCI \u00bb le 6 juillet"}]},{"@type":"WebSite","@id":"https:\/\/www.ellesaussi.org\/#website","url":"https:\/\/www.ellesaussi.org\/","name":"Elles Aussi","description":"","publisher":{"@id":"https:\/\/www.ellesaussi.org\/#organization"},"potentialAction":[{"@type":"SearchAction","target":{"@type":"EntryPoint","urlTemplate":"https:\/\/www.ellesaussi.org\/?s={search_term_string}"},"query-input":"required name=search_term_string"}],"inLanguage":"fr-FR"},{"@type":"Organization","@id":"https:\/\/www.ellesaussi.org\/#organization","name":"Elles Aussi","url":"https:\/\/www.ellesaussi.org\/","logo":{"@type":"ImageObject","inLanguage":"fr-FR","@id":"https:\/\/www.ellesaussi.org\/#\/schema\/logo\/image\/","url":"https:\/\/www.ellesaussi.org\/wp-content\/uploads\/2024\/05\/Elles-aussi_logotype_rouge.png","contentUrl":"https:\/\/www.ellesaussi.org\/wp-content\/uploads\/2024\/05\/Elles-aussi_logotype_rouge.png","width":3472,"height":2480,"caption":"Elles Aussi"},"image":{"@id":"https:\/\/www.ellesaussi.org\/#\/schema\/logo\/image\/"},"sameAs":["https:\/\/www.facebook.com\/ellesaussi\/"]},{"@type":"Person","@id":"https:\/\/www.ellesaussi.org\/#\/schema\/person\/eeca4be50db30b5dbb39f78fc3364160","name":"admin","image":{"@type":"ImageObject","inLanguage":"fr-FR","@id":"https:\/\/www.ellesaussi.org\/#\/schema\/person\/image\/","url":"https:\/\/secure.gravatar.com\/avatar\/62da4937aa6d6b509192861c0b966204a1b742b2814f6387fa08fe6c98a8729c?s=96&d=mm&r=g","contentUrl":"https:\/\/secure.gravatar.com\/avatar\/62da4937aa6d6b509192861c0b966204a1b742b2814f6387fa08fe6c98a8729c?s=96&d=mm&r=g","caption":"admin"},"sameAs":["https:\/\/elles129186.webdb78.lwspanel.com"],"url":"https:\/\/www.ellesaussi.org\/?author=1"}]}},"_links":{"self":[{"href":"https:\/\/www.ellesaussi.org\/index.php?rest_route=\/wp\/v2\/posts\/1629","targetHints":{"allow":["GET"]}}],"collection":[{"href":"https:\/\/www.ellesaussi.org\/index.php?rest_route=\/wp\/v2\/posts"}],"about":[{"href":"https:\/\/www.ellesaussi.org\/index.php?rest_route=\/wp\/v2\/types\/post"}],"author":[{"embeddable":true,"href":"https:\/\/www.ellesaussi.org\/index.php?rest_route=\/wp\/v2\/users\/1"}],"replies":[{"embeddable":true,"href":"https:\/\/www.ellesaussi.org\/index.php?rest_route=%2Fwp%2Fv2%2Fcomments&post=1629"}],"version-history":[{"count":4,"href":"https:\/\/www.ellesaussi.org\/index.php?rest_route=\/wp\/v2\/posts\/1629\/revisions"}],"predecessor-version":[{"id":1633,"href":"https:\/\/www.ellesaussi.org\/index.php?rest_route=\/wp\/v2\/posts\/1629\/revisions\/1633"}],"wp:featuredmedia":[{"embeddable":true,"href":"https:\/\/www.ellesaussi.org\/index.php?rest_route=\/wp\/v2\/media\/683"}],"wp:attachment":[{"href":"https:\/\/www.ellesaussi.org\/index.php?rest_route=%2Fwp%2Fv2%2Fmedia&parent=1629"}],"wp:term":[{"taxonomy":"category","embeddable":true,"href":"https:\/\/www.ellesaussi.org\/index.php?rest_route=%2Fwp%2Fv2%2Fcategories&post=1629"},{"taxonomy":"post_tag","embeddable":true,"href":"https:\/\/www.ellesaussi.org\/index.php?rest_route=%2Fwp%2Fv2%2Ftags&post=1629"}],"curies":[{"name":"wp","href":"https:\/\/api.w.org\/{rel}","templated":true}]}}