{"id":1623,"date":"2022-11-07T16:52:00","date_gmt":"2022-11-07T15:52:00","guid":{"rendered":"https:\/\/elles129186.webdb78.lwspanel.com\/?p=1623"},"modified":"2024-10-29T16:55:38","modified_gmt":"2024-10-29T15:55:38","slug":"la-marianne-de-la-parite-dans-la-somme","status":"publish","type":"post","link":"https:\/\/www.ellesaussi.org\/?p=1623","title":{"rendered":"\u00ab\u00a0La Marianne de la Parit\u00e9\u00a0\u00bb dans la Somme"},"content":{"rendered":"\t\t<div data-elementor-type=\"wp-post\" data-elementor-id=\"1623\" class=\"elementor elementor-1623\" data-elementor-post-type=\"post\">\n\t\t\t\t<div class=\"elementor-element elementor-element-752442f e-flex e-con-boxed e-con e-parent\" data-id=\"752442f\" data-element_type=\"container\">\n\t\t\t\t\t<div class=\"e-con-inner\">\n\t\t\t\t<div class=\"elementor-element elementor-element-d469144 elementor-widget elementor-widget-text-editor\" data-id=\"d469144\" data-element_type=\"widget\" data-widget_type=\"text-editor.default\">\n\t\t\t\t<div class=\"elementor-widget-container\">\n\t\t\t\t\t\t\t<p>7 novembre 2022\u00a0:\u00a0La c\u00e9r\u00e9monie de remise des distinctions \u00ab\u00a0La Marianne de la Parit\u00e9\u00a0\u00bb dans la Somme s&rsquo;est tenue \u00e0 Amiens en pr\u00e9sence de Brigitte Fourr\u00e9, maire d\u2019Amiens, de Jean-Claude Ester, d\u00e9l\u00e9gu\u00e9 d\u00e9partemental aux droits des femmes et de V\u00e9ronique Genelle-Nonque, responsable de l&rsquo;antenne d&rsquo;Elles aussi des Hauts de France.<br \/>Le Palmar\u00e8s\u00a0:<\/p><ul><li>1er prix : la Communaut\u00e9 de communes du Grand Roye<\/li><li>2e prix : la Communaut\u00e9 de communes du Pays du Coquelicot<\/li><li>3e prix : Communaut\u00e9 de communes Territoire Nord Picardie<\/li><li>3e prix : Communaut\u00e9 de communes de l&rsquo;Est de la Somme<\/li><\/ul>\t\t\t\t\t\t<\/div>\n\t\t\t\t<\/div>\n\t\t\t\t\t<\/div>\n\t\t\t\t<\/div>\n\t\t\t\t<\/div>\n\t\t","protected":false},"excerpt":{"rendered":"<p>7 novembre 2022\u00a0:\u00a0La c\u00e9r\u00e9monie de remise des distinctions \u00ab\u00a0La Marianne de la Parit\u00e9\u00a0\u00bb dans la Somme s&rsquo;est tenue \u00e0 Amiens en pr\u00e9sence de Brigitte Fourr\u00e9, maire d\u2019Amiens, de Jean-Claude Ester, d\u00e9l\u00e9gu\u00e9 d\u00e9partemental aux droits des femmes et de V\u00e9ronique Genelle-Nonque, responsable de l&rsquo;antenne d&rsquo;Elles aussi des Hauts de France.Le Palmar\u00e8s\u00a0: 1er prix : la Communaut\u00e9 [&hellip;]<\/p>\n","protected":false},"author":1,"featured_media":1624,"comment_status":"closed","ping_status":"closed","sticky":false,"template":"","format":"standard","meta":{"footnotes":""},"categories":[37],"tags":[],"class_list":["post-1623","post","type-post","status-publish","format-standard","has-post-thumbnail","hentry","category-marianne-de-la-parite-2020-2026"],"yoast_head":"<!-- This site is optimized with the Yoast SEO plugin v22.8 - https:\/\/yoast.com\/wordpress\/plugins\/seo\/ -->\n<title>&quot;La Marianne de la Parit\u00e9&quot; dans la Somme - Elles Aussi<\/title>\n<meta name=\"robots\" content=\"index, follow, max-snippet:-1, max-image-preview:large, max-video-preview:-1\" \/>\n<link rel=\"canonical\" href=\"https:\/\/www.ellesaussi.org\/?p=1623\" \/>\n<meta property=\"og:locale\" content=\"fr_FR\" \/>\n<meta property=\"og:type\" content=\"article\" \/>\n<meta property=\"og:title\" content=\"&quot;La Marianne de la Parit\u00e9&quot; dans la Somme - Elles Aussi\" \/>\n<meta property=\"og:description\" content=\"7 novembre 2022\u00a0:\u00a0La c\u00e9r\u00e9monie de remise des distinctions \u00ab\u00a0La Marianne de la Parit\u00e9\u00a0\u00bb dans la Somme s&rsquo;est tenue \u00e0 Amiens en pr\u00e9sence de Brigitte Fourr\u00e9, maire d\u2019Amiens, de Jean-Claude Ester, d\u00e9l\u00e9gu\u00e9 d\u00e9partemental aux droits des femmes et de V\u00e9ronique Genelle-Nonque, responsable de l&rsquo;antenne d&rsquo;Elles aussi des Hauts de France.Le Palmar\u00e8s\u00a0: 1er prix : la Communaut\u00e9 [&hellip;]\" \/>\n<meta property=\"og:url\" content=\"https:\/\/www.ellesaussi.org\/?p=1623\" \/>\n<meta property=\"og:site_name\" content=\"Elles Aussi\" \/>\n<meta property=\"article:publisher\" content=\"https:\/\/www.facebook.com\/ellesaussi\/\" \/>\n<meta property=\"article:published_time\" content=\"2022-11-07T15:52:00+00:00\" \/>\n<meta property=\"article:modified_time\" content=\"2024-10-29T15:55:38+00:00\" \/>\n<meta property=\"og:image\" content=\"https:\/\/www.ellesaussi.org\/wp-content\/uploads\/2024\/10\/trophees-Marianne-Parite-Somme.jpg\" \/>\n\t<meta property=\"og:image:width\" content=\"300\" \/>\n\t<meta property=\"og:image:height\" content=\"439\" \/>\n\t<meta property=\"og:image:type\" content=\"image\/jpeg\" \/>\n<meta name=\"author\" content=\"admin\" \/>\n<meta name=\"twitter:card\" content=\"summary_large_image\" \/>\n<meta name=\"twitter:label1\" content=\"\u00c9crit par\" \/>\n\t<meta name=\"twitter:data1\" content=\"admin\" \/>\n\t<meta name=\"twitter:label2\" content=\"Dur\u00e9e de lecture estim\u00e9e\" \/>\n\t<meta name=\"twitter:data2\" content=\"1 minute\" \/>\n<script type=\"application\/ld+json\" class=\"yoast-schema-graph\">{\"@context\":\"https:\/\/schema.org\",\"@graph\":[{\"@type\":\"Article\",\"@id\":\"https:\/\/www.ellesaussi.org\/?p=1623#article\",\"isPartOf\":{\"@id\":\"https:\/\/www.ellesaussi.org\/?p=1623\"},\"author\":{\"name\":\"admin\",\"@id\":\"https:\/\/www.ellesaussi.org\/#\/schema\/person\/eeca4be50db30b5dbb39f78fc3364160\"},\"headline\":\"\u00ab\u00a0La Marianne de la Parit\u00e9\u00a0\u00bb dans la Somme\",\"datePublished\":\"2022-11-07T15:52:00+00:00\",\"dateModified\":\"2024-10-29T15:55:38+00:00\",\"mainEntityOfPage\":{\"@id\":\"https:\/\/www.ellesaussi.org\/?p=1623\"},\"wordCount\":107,\"publisher\":{\"@id\":\"https:\/\/www.ellesaussi.org\/#organization\"},\"image\":{\"@id\":\"https:\/\/www.ellesaussi.org\/?p=1623#primaryimage\"},\"thumbnailUrl\":\"https:\/\/www.ellesaussi.org\/wp-content\/uploads\/2024\/10\/trophees-Marianne-Parite-Somme.jpg\",\"articleSection\":[\"Marianne de la Parit\u00e9 2020-2026\"],\"inLanguage\":\"fr-FR\"},{\"@type\":\"WebPage\",\"@id\":\"https:\/\/www.ellesaussi.org\/?p=1623\",\"url\":\"https:\/\/www.ellesaussi.org\/?p=1623\",\"name\":\"\\\"La Marianne de la Parit\u00e9\\\" dans la Somme - Elles Aussi\",\"isPartOf\":{\"@id\":\"https:\/\/www.ellesaussi.org\/#website\"},\"primaryImageOfPage\":{\"@id\":\"https:\/\/www.ellesaussi.org\/?p=1623#primaryimage\"},\"image\":{\"@id\":\"https:\/\/www.ellesaussi.org\/?p=1623#primaryimage\"},\"thumbnailUrl\":\"https:\/\/www.ellesaussi.org\/wp-content\/uploads\/2024\/10\/trophees-Marianne-Parite-Somme.jpg\",\"datePublished\":\"2022-11-07T15:52:00+00:00\",\"dateModified\":\"2024-10-29T15:55:38+00:00\",\"breadcrumb\":{\"@id\":\"https:\/\/www.ellesaussi.org\/?p=1623#breadcrumb\"},\"inLanguage\":\"fr-FR\",\"potentialAction\":[{\"@type\":\"ReadAction\",\"target\":[\"https:\/\/www.ellesaussi.org\/?p=1623\"]}]},{\"@type\":\"ImageObject\",\"inLanguage\":\"fr-FR\",\"@id\":\"https:\/\/www.ellesaussi.org\/?p=1623#primaryimage\",\"url\":\"https:\/\/www.ellesaussi.org\/wp-content\/uploads\/2024\/10\/trophees-Marianne-Parite-Somme.jpg\",\"contentUrl\":\"https:\/\/www.ellesaussi.org\/wp-content\/uploads\/2024\/10\/trophees-Marianne-Parite-Somme.jpg\",\"width\":300,\"height\":439},{\"@type\":\"BreadcrumbList\",\"@id\":\"https:\/\/www.ellesaussi.org\/?p=1623#breadcrumb\",\"itemListElement\":[{\"@type\":\"ListItem\",\"position\":1,\"name\":\"Accueil\",\"item\":\"https:\/\/www.ellesaussi.org\/\"},{\"@type\":\"ListItem\",\"position\":2,\"name\":\"\u00ab\u00a0La Marianne de la Parit\u00e9\u00a0\u00bb dans la Somme\"}]},{\"@type\":\"WebSite\",\"@id\":\"https:\/\/www.ellesaussi.org\/#website\",\"url\":\"https:\/\/www.ellesaussi.org\/\",\"name\":\"Elles Aussi\",\"description\":\"\",\"publisher\":{\"@id\":\"https:\/\/www.ellesaussi.org\/#organization\"},\"potentialAction\":[{\"@type\":\"SearchAction\",\"target\":{\"@type\":\"EntryPoint\",\"urlTemplate\":\"https:\/\/www.ellesaussi.org\/?s={search_term_string}\"},\"query-input\":\"required name=search_term_string\"}],\"inLanguage\":\"fr-FR\"},{\"@type\":\"Organization\",\"@id\":\"https:\/\/www.ellesaussi.org\/#organization\",\"name\":\"Elles Aussi\",\"url\":\"https:\/\/www.ellesaussi.org\/\",\"logo\":{\"@type\":\"ImageObject\",\"inLanguage\":\"fr-FR\",\"@id\":\"https:\/\/www.ellesaussi.org\/#\/schema\/logo\/image\/\",\"url\":\"https:\/\/www.ellesaussi.org\/wp-content\/uploads\/2024\/05\/Elles-aussi_logotype_rouge.png\",\"contentUrl\":\"https:\/\/www.ellesaussi.org\/wp-content\/uploads\/2024\/05\/Elles-aussi_logotype_rouge.png\",\"width\":3472,\"height\":2480,\"caption\":\"Elles Aussi\"},\"image\":{\"@id\":\"https:\/\/www.ellesaussi.org\/#\/schema\/logo\/image\/\"},\"sameAs\":[\"https:\/\/www.facebook.com\/ellesaussi\/\"]},{\"@type\":\"Person\",\"@id\":\"https:\/\/www.ellesaussi.org\/#\/schema\/person\/eeca4be50db30b5dbb39f78fc3364160\",\"name\":\"admin\",\"image\":{\"@type\":\"ImageObject\",\"inLanguage\":\"fr-FR\",\"@id\":\"https:\/\/www.ellesaussi.org\/#\/schema\/person\/image\/\",\"url\":\"https:\/\/secure.gravatar.com\/avatar\/62da4937aa6d6b509192861c0b966204a1b742b2814f6387fa08fe6c98a8729c?s=96&d=mm&r=g\",\"contentUrl\":\"https:\/\/secure.gravatar.com\/avatar\/62da4937aa6d6b509192861c0b966204a1b742b2814f6387fa08fe6c98a8729c?s=96&d=mm&r=g\",\"caption\":\"admin\"},\"sameAs\":[\"https:\/\/elles129186.webdb78.lwspanel.com\"],\"url\":\"https:\/\/www.ellesaussi.org\/?author=1\"}]}<\/script>\n<!-- \/ Yoast SEO plugin. -->","yoast_head_json":{"title":"\"La Marianne de la Parit\u00e9\" dans la Somme - Elles Aussi","robots":{"index":"index","follow":"follow","max-snippet":"max-snippet:-1","max-image-preview":"max-image-preview:large","max-video-preview":"max-video-preview:-1"},"canonical":"https:\/\/www.ellesaussi.org\/?p=1623","og_locale":"fr_FR","og_type":"article","og_title":"\"La Marianne de la Parit\u00e9\" dans la Somme - Elles Aussi","og_description":"7 novembre 2022\u00a0:\u00a0La c\u00e9r\u00e9monie de remise des distinctions \u00ab\u00a0La Marianne de la Parit\u00e9\u00a0\u00bb dans la Somme s&rsquo;est tenue \u00e0 Amiens en pr\u00e9sence de Brigitte Fourr\u00e9, maire d\u2019Amiens, de Jean-Claude Ester, d\u00e9l\u00e9gu\u00e9 d\u00e9partemental aux droits des femmes et de V\u00e9ronique Genelle-Nonque, responsable de l&rsquo;antenne d&rsquo;Elles aussi des Hauts de France.Le Palmar\u00e8s\u00a0: 1er prix : la Communaut\u00e9 [&hellip;]","og_url":"https:\/\/www.ellesaussi.org\/?p=1623","og_site_name":"Elles Aussi","article_publisher":"https:\/\/www.facebook.com\/ellesaussi\/","article_published_time":"2022-11-07T15:52:00+00:00","article_modified_time":"2024-10-29T15:55:38+00:00","og_image":[{"width":300,"height":439,"url":"https:\/\/www.ellesaussi.org\/wp-content\/uploads\/2024\/10\/trophees-Marianne-Parite-Somme.jpg","type":"image\/jpeg"}],"author":"admin","twitter_card":"summary_large_image","twitter_misc":{"\u00c9crit par":"admin","Dur\u00e9e de lecture estim\u00e9e":"1 minute"},"schema":{"@context":"https:\/\/schema.org","@graph":[{"@type":"Article","@id":"https:\/\/www.ellesaussi.org\/?p=1623#article","isPartOf":{"@id":"https:\/\/www.ellesaussi.org\/?p=1623"},"author":{"name":"admin","@id":"https:\/\/www.ellesaussi.org\/#\/schema\/person\/eeca4be50db30b5dbb39f78fc3364160"},"headline":"\u00ab\u00a0La Marianne de la Parit\u00e9\u00a0\u00bb dans la Somme","datePublished":"2022-11-07T15:52:00+00:00","dateModified":"2024-10-29T15:55:38+00:00","mainEntityOfPage":{"@id":"https:\/\/www.ellesaussi.org\/?p=1623"},"wordCount":107,"publisher":{"@id":"https:\/\/www.ellesaussi.org\/#organization"},"image":{"@id":"https:\/\/www.ellesaussi.org\/?p=1623#primaryimage"},"thumbnailUrl":"https:\/\/www.ellesaussi.org\/wp-content\/uploads\/2024\/10\/trophees-Marianne-Parite-Somme.jpg","articleSection":["Marianne de la Parit\u00e9 2020-2026"],"inLanguage":"fr-FR"},{"@type":"WebPage","@id":"https:\/\/www.ellesaussi.org\/?p=1623","url":"https:\/\/www.ellesaussi.org\/?p=1623","name":"\"La Marianne de la Parit\u00e9\" dans la Somme - Elles Aussi","isPartOf":{"@id":"https:\/\/www.ellesaussi.org\/#website"},"primaryImageOfPage":{"@id":"https:\/\/www.ellesaussi.org\/?p=1623#primaryimage"},"image":{"@id":"https:\/\/www.ellesaussi.org\/?p=1623#primaryimage"},"thumbnailUrl":"https:\/\/www.ellesaussi.org\/wp-content\/uploads\/2024\/10\/trophees-Marianne-Parite-Somme.jpg","datePublished":"2022-11-07T15:52:00+00:00","dateModified":"2024-10-29T15:55:38+00:00","breadcrumb":{"@id":"https:\/\/www.ellesaussi.org\/?p=1623#breadcrumb"},"inLanguage":"fr-FR","potentialAction":[{"@type":"ReadAction","target":["https:\/\/www.ellesaussi.org\/?p=1623"]}]},{"@type":"ImageObject","inLanguage":"fr-FR","@id":"https:\/\/www.ellesaussi.org\/?p=1623#primaryimage","url":"https:\/\/www.ellesaussi.org\/wp-content\/uploads\/2024\/10\/trophees-Marianne-Parite-Somme.jpg","contentUrl":"https:\/\/www.ellesaussi.org\/wp-content\/uploads\/2024\/10\/trophees-Marianne-Parite-Somme.jpg","width":300,"height":439},{"@type":"BreadcrumbList","@id":"https:\/\/www.ellesaussi.org\/?p=1623#breadcrumb","itemListElement":[{"@type":"ListItem","position":1,"name":"Accueil","item":"https:\/\/www.ellesaussi.org\/"},{"@type":"ListItem","position":2,"name":"\u00ab\u00a0La Marianne de la Parit\u00e9\u00a0\u00bb dans la Somme"}]},{"@type":"WebSite","@id":"https:\/\/www.ellesaussi.org\/#website","url":"https:\/\/www.ellesaussi.org\/","name":"Elles Aussi","description":"","publisher":{"@id":"https:\/\/www.ellesaussi.org\/#organization"},"potentialAction":[{"@type":"SearchAction","target":{"@type":"EntryPoint","urlTemplate":"https:\/\/www.ellesaussi.org\/?s={search_term_string}"},"query-input":"required name=search_term_string"}],"inLanguage":"fr-FR"},{"@type":"Organization","@id":"https:\/\/www.ellesaussi.org\/#organization","name":"Elles Aussi","url":"https:\/\/www.ellesaussi.org\/","logo":{"@type":"ImageObject","inLanguage":"fr-FR","@id":"https:\/\/www.ellesaussi.org\/#\/schema\/logo\/image\/","url":"https:\/\/www.ellesaussi.org\/wp-content\/uploads\/2024\/05\/Elles-aussi_logotype_rouge.png","contentUrl":"https:\/\/www.ellesaussi.org\/wp-content\/uploads\/2024\/05\/Elles-aussi_logotype_rouge.png","width":3472,"height":2480,"caption":"Elles Aussi"},"image":{"@id":"https:\/\/www.ellesaussi.org\/#\/schema\/logo\/image\/"},"sameAs":["https:\/\/www.facebook.com\/ellesaussi\/"]},{"@type":"Person","@id":"https:\/\/www.ellesaussi.org\/#\/schema\/person\/eeca4be50db30b5dbb39f78fc3364160","name":"admin","image":{"@type":"ImageObject","inLanguage":"fr-FR","@id":"https:\/\/www.ellesaussi.org\/#\/schema\/person\/image\/","url":"https:\/\/secure.gravatar.com\/avatar\/62da4937aa6d6b509192861c0b966204a1b742b2814f6387fa08fe6c98a8729c?s=96&d=mm&r=g","contentUrl":"https:\/\/secure.gravatar.com\/avatar\/62da4937aa6d6b509192861c0b966204a1b742b2814f6387fa08fe6c98a8729c?s=96&d=mm&r=g","caption":"admin"},"sameAs":["https:\/\/elles129186.webdb78.lwspanel.com"],"url":"https:\/\/www.ellesaussi.org\/?author=1"}]}},"_links":{"self":[{"href":"https:\/\/www.ellesaussi.org\/index.php?rest_route=\/wp\/v2\/posts\/1623","targetHints":{"allow":["GET"]}}],"collection":[{"href":"https:\/\/www.ellesaussi.org\/index.php?rest_route=\/wp\/v2\/posts"}],"about":[{"href":"https:\/\/www.ellesaussi.org\/index.php?rest_route=\/wp\/v2\/types\/post"}],"author":[{"embeddable":true,"href":"https:\/\/www.ellesaussi.org\/index.php?rest_route=\/wp\/v2\/users\/1"}],"replies":[{"embeddable":true,"href":"https:\/\/www.ellesaussi.org\/index.php?rest_route=%2Fwp%2Fv2%2Fcomments&post=1623"}],"version-history":[{"count":4,"href":"https:\/\/www.ellesaussi.org\/index.php?rest_route=\/wp\/v2\/posts\/1623\/revisions"}],"predecessor-version":[{"id":1628,"href":"https:\/\/www.ellesaussi.org\/index.php?rest_route=\/wp\/v2\/posts\/1623\/revisions\/1628"}],"wp:featuredmedia":[{"embeddable":true,"href":"https:\/\/www.ellesaussi.org\/index.php?rest_route=\/wp\/v2\/media\/1624"}],"wp:attachment":[{"href":"https:\/\/www.ellesaussi.org\/index.php?rest_route=%2Fwp%2Fv2%2Fmedia&parent=1623"}],"wp:term":[{"taxonomy":"category","embeddable":true,"href":"https:\/\/www.ellesaussi.org\/index.php?rest_route=%2Fwp%2Fv2%2Fcategories&post=1623"},{"taxonomy":"post_tag","embeddable":true,"href":"https:\/\/www.ellesaussi.org\/index.php?rest_route=%2Fwp%2Fv2%2Ftags&post=1623"}],"curies":[{"name":"wp","href":"https:\/\/api.w.org\/{rel}","templated":true}]}}