{"id":1601,"date":"2022-12-01T16:31:00","date_gmt":"2022-12-01T15:31:00","guid":{"rendered":"https:\/\/elles129186.webdb78.lwspanel.com\/?p=1601"},"modified":"2024-10-29T16:34:03","modified_gmt":"2024-10-29T15:34:03","slug":"marianne-de-la-parite-2022-en-alsace","status":"publish","type":"post","link":"https:\/\/www.ellesaussi.org\/?p=1601","title":{"rendered":"Marianne de la Parit\u00e9 2022 en Alsace"},"content":{"rendered":"\t\t<div data-elementor-type=\"wp-post\" data-elementor-id=\"1601\" class=\"elementor elementor-1601\" data-elementor-post-type=\"post\">\n\t\t\t\t<div class=\"elementor-element elementor-element-dd82f09 e-flex e-con-boxed e-con e-parent\" data-id=\"dd82f09\" data-element_type=\"container\">\n\t\t\t\t\t<div class=\"e-con-inner\">\n\t\t\t\t<div class=\"elementor-element elementor-element-6656f54 elementor-widget elementor-widget-text-editor\" data-id=\"6656f54\" data-element_type=\"widget\" data-widget_type=\"text-editor.default\">\n\t\t\t\t<div class=\"elementor-widget-container\">\n\t\t\t\t\t\t\t<p>1<sup>er<\/sup>\u00a0d\u00e9cembre 2022\u00a0:\u00a0La c\u00e9r\u00e9monie de remise des distinctions \u00ab\u00a0La Marianne de la Parit\u00e9\u00a0\u00bb en Alsace s&rsquo;est tenue \u00e0 la Biblioth\u00e8que Humaniste \u00e0 S\u00e9lestat, en pr\u00e9sence de Lara Million, vice-pr\u00e9sidente de la Collectivit\u00e9 Europ\u00e9enne d\u2019Alsace et pr\u00e9sidente du jury, d\u2019Anela Mauchamp, d\u00e9l\u00e9gu\u00e9e d\u00e9partementale aux droits des femmes et \u00e0 l\u2019\u00e9galit\u00e9 et de Gis\u00e8le Bourcart, pr\u00e9sidente de Femmes d\u2019Alsace.<\/p><p>Le Palmar\u00e8s\u00a0:<\/p><ul><li>Haut-Rhin<ul><li>1<sup>\u00e8re<\/sup>\u00a0CC de la Vall\u00e9e de Kaysersberg<\/li><li>2<sup>\u00e8me<\/sup>\u00a0CC du Val d\u2019Argent<\/li><li>3<sup>\u00e8me<\/sup>\u00a0CC de la Vall\u00e9e de Saint-Amarin<\/li><\/ul><\/li><li>Bas-Rhin<ul><li>1<sup>\u00e8re<\/sup>\u00a0CC du Ried de Marckolsheim<\/li><li>2<sup>\u00e8me<\/sup>\u00a0CC du pays de Niederbronn-les-Bains<\/li><li>3<sup>\u00e8me<\/sup>\u00a0CC de S\u00e9lestat<\/li><\/ul><\/li><li>Prix de la Collectivit\u00e9 d\u2019Alsace, associ\u00e9e \u00e0 \u00ab\u00a0Femmes d\u2019alsace\u00a0\u00bb et \u00ab\u00a0Elles aussi\u00a0\u00bb\u00a0: CC du Pays de Barr<\/li><\/ul>\t\t\t\t\t\t<\/div>\n\t\t\t\t<\/div>\n\t\t\t\t\t<\/div>\n\t\t\t\t<\/div>\n\t\t\t\t<\/div>\n\t\t","protected":false},"excerpt":{"rendered":"<p>1er\u00a0d\u00e9cembre 2022\u00a0:\u00a0La c\u00e9r\u00e9monie de remise des distinctions \u00ab\u00a0La Marianne de la Parit\u00e9\u00a0\u00bb en Alsace s&rsquo;est tenue \u00e0 la Biblioth\u00e8que Humaniste \u00e0 S\u00e9lestat, en pr\u00e9sence de Lara Million, vice-pr\u00e9sidente de la Collectivit\u00e9 Europ\u00e9enne d\u2019Alsace et pr\u00e9sidente du jury, d\u2019Anela Mauchamp, d\u00e9l\u00e9gu\u00e9e d\u00e9partementale aux droits des femmes et \u00e0 l\u2019\u00e9galit\u00e9 et de Gis\u00e8le Bourcart, pr\u00e9sidente de Femmes [&hellip;]<\/p>\n","protected":false},"author":1,"featured_media":683,"comment_status":"closed","ping_status":"closed","sticky":false,"template":"","format":"standard","meta":{"footnotes":""},"categories":[37],"tags":[],"class_list":["post-1601","post","type-post","status-publish","format-standard","has-post-thumbnail","hentry","category-marianne-de-la-parite-2020-2026"],"yoast_head":"<!-- This site is optimized with the Yoast SEO plugin v22.8 - https:\/\/yoast.com\/wordpress\/plugins\/seo\/ -->\n<title>Marianne de la Parit\u00e9 2022 en Alsace - Elles Aussi<\/title>\n<meta name=\"robots\" content=\"index, follow, max-snippet:-1, max-image-preview:large, max-video-preview:-1\" \/>\n<link rel=\"canonical\" href=\"https:\/\/www.ellesaussi.org\/?p=1601\" \/>\n<meta property=\"og:locale\" content=\"fr_FR\" \/>\n<meta property=\"og:type\" content=\"article\" \/>\n<meta property=\"og:title\" content=\"Marianne de la Parit\u00e9 2022 en Alsace - Elles Aussi\" \/>\n<meta property=\"og:description\" content=\"1er\u00a0d\u00e9cembre 2022\u00a0:\u00a0La c\u00e9r\u00e9monie de remise des distinctions \u00ab\u00a0La Marianne de la Parit\u00e9\u00a0\u00bb en Alsace s&rsquo;est tenue \u00e0 la Biblioth\u00e8que Humaniste \u00e0 S\u00e9lestat, en pr\u00e9sence de Lara Million, vice-pr\u00e9sidente de la Collectivit\u00e9 Europ\u00e9enne d\u2019Alsace et pr\u00e9sidente du jury, d\u2019Anela Mauchamp, d\u00e9l\u00e9gu\u00e9e d\u00e9partementale aux droits des femmes et \u00e0 l\u2019\u00e9galit\u00e9 et de Gis\u00e8le Bourcart, pr\u00e9sidente de Femmes [&hellip;]\" \/>\n<meta property=\"og:url\" content=\"https:\/\/www.ellesaussi.org\/?p=1601\" \/>\n<meta property=\"og:site_name\" content=\"Elles Aussi\" \/>\n<meta property=\"article:publisher\" content=\"https:\/\/www.facebook.com\/ellesaussi\/\" \/>\n<meta property=\"article:published_time\" content=\"2022-12-01T15:31:00+00:00\" \/>\n<meta property=\"article:modified_time\" content=\"2024-10-29T15:34:03+00:00\" \/>\n<meta property=\"og:image\" content=\"https:\/\/www.ellesaussi.org\/wp-content\/uploads\/2024\/10\/appel-du-18-juin-2024-Elles-aussi.jpg\" \/>\n\t<meta property=\"og:image:width\" content=\"200\" \/>\n\t<meta property=\"og:image:height\" content=\"144\" \/>\n\t<meta property=\"og:image:type\" content=\"image\/jpeg\" \/>\n<meta name=\"author\" content=\"admin\" \/>\n<meta name=\"twitter:card\" content=\"summary_large_image\" \/>\n<meta name=\"twitter:label1\" content=\"\u00c9crit par\" \/>\n\t<meta name=\"twitter:data1\" content=\"admin\" \/>\n\t<meta name=\"twitter:label2\" content=\"Dur\u00e9e de lecture estim\u00e9e\" \/>\n\t<meta name=\"twitter:data2\" content=\"1 minute\" \/>\n<script type=\"application\/ld+json\" class=\"yoast-schema-graph\">{\"@context\":\"https:\/\/schema.org\",\"@graph\":[{\"@type\":\"Article\",\"@id\":\"https:\/\/www.ellesaussi.org\/?p=1601#article\",\"isPartOf\":{\"@id\":\"https:\/\/www.ellesaussi.org\/?p=1601\"},\"author\":{\"name\":\"admin\",\"@id\":\"https:\/\/www.ellesaussi.org\/#\/schema\/person\/eeca4be50db30b5dbb39f78fc3364160\"},\"headline\":\"Marianne de la Parit\u00e9 2022 en Alsace\",\"datePublished\":\"2022-12-01T15:31:00+00:00\",\"dateModified\":\"2024-10-29T15:34:03+00:00\",\"mainEntityOfPage\":{\"@id\":\"https:\/\/www.ellesaussi.org\/?p=1601\"},\"wordCount\":143,\"publisher\":{\"@id\":\"https:\/\/www.ellesaussi.org\/#organization\"},\"image\":{\"@id\":\"https:\/\/www.ellesaussi.org\/?p=1601#primaryimage\"},\"thumbnailUrl\":\"https:\/\/www.ellesaussi.org\/wp-content\/uploads\/2024\/10\/appel-du-18-juin-2024-Elles-aussi.jpg\",\"articleSection\":[\"Marianne de la Parit\u00e9 2020-2026\"],\"inLanguage\":\"fr-FR\"},{\"@type\":\"WebPage\",\"@id\":\"https:\/\/www.ellesaussi.org\/?p=1601\",\"url\":\"https:\/\/www.ellesaussi.org\/?p=1601\",\"name\":\"Marianne de la Parit\u00e9 2022 en Alsace - Elles Aussi\",\"isPartOf\":{\"@id\":\"https:\/\/www.ellesaussi.org\/#website\"},\"primaryImageOfPage\":{\"@id\":\"https:\/\/www.ellesaussi.org\/?p=1601#primaryimage\"},\"image\":{\"@id\":\"https:\/\/www.ellesaussi.org\/?p=1601#primaryimage\"},\"thumbnailUrl\":\"https:\/\/www.ellesaussi.org\/wp-content\/uploads\/2024\/10\/appel-du-18-juin-2024-Elles-aussi.jpg\",\"datePublished\":\"2022-12-01T15:31:00+00:00\",\"dateModified\":\"2024-10-29T15:34:03+00:00\",\"breadcrumb\":{\"@id\":\"https:\/\/www.ellesaussi.org\/?p=1601#breadcrumb\"},\"inLanguage\":\"fr-FR\",\"potentialAction\":[{\"@type\":\"ReadAction\",\"target\":[\"https:\/\/www.ellesaussi.org\/?p=1601\"]}]},{\"@type\":\"ImageObject\",\"inLanguage\":\"fr-FR\",\"@id\":\"https:\/\/www.ellesaussi.org\/?p=1601#primaryimage\",\"url\":\"https:\/\/www.ellesaussi.org\/wp-content\/uploads\/2024\/10\/appel-du-18-juin-2024-Elles-aussi.jpg\",\"contentUrl\":\"https:\/\/www.ellesaussi.org\/wp-content\/uploads\/2024\/10\/appel-du-18-juin-2024-Elles-aussi.jpg\",\"width\":200,\"height\":144},{\"@type\":\"BreadcrumbList\",\"@id\":\"https:\/\/www.ellesaussi.org\/?p=1601#breadcrumb\",\"itemListElement\":[{\"@type\":\"ListItem\",\"position\":1,\"name\":\"Accueil\",\"item\":\"https:\/\/www.ellesaussi.org\/\"},{\"@type\":\"ListItem\",\"position\":2,\"name\":\"Marianne de la Parit\u00e9 2022 en Alsace\"}]},{\"@type\":\"WebSite\",\"@id\":\"https:\/\/www.ellesaussi.org\/#website\",\"url\":\"https:\/\/www.ellesaussi.org\/\",\"name\":\"Elles Aussi\",\"description\":\"\",\"publisher\":{\"@id\":\"https:\/\/www.ellesaussi.org\/#organization\"},\"potentialAction\":[{\"@type\":\"SearchAction\",\"target\":{\"@type\":\"EntryPoint\",\"urlTemplate\":\"https:\/\/www.ellesaussi.org\/?s={search_term_string}\"},\"query-input\":\"required name=search_term_string\"}],\"inLanguage\":\"fr-FR\"},{\"@type\":\"Organization\",\"@id\":\"https:\/\/www.ellesaussi.org\/#organization\",\"name\":\"Elles Aussi\",\"url\":\"https:\/\/www.ellesaussi.org\/\",\"logo\":{\"@type\":\"ImageObject\",\"inLanguage\":\"fr-FR\",\"@id\":\"https:\/\/www.ellesaussi.org\/#\/schema\/logo\/image\/\",\"url\":\"https:\/\/www.ellesaussi.org\/wp-content\/uploads\/2024\/05\/Elles-aussi_logotype_rouge.png\",\"contentUrl\":\"https:\/\/www.ellesaussi.org\/wp-content\/uploads\/2024\/05\/Elles-aussi_logotype_rouge.png\",\"width\":3472,\"height\":2480,\"caption\":\"Elles Aussi\"},\"image\":{\"@id\":\"https:\/\/www.ellesaussi.org\/#\/schema\/logo\/image\/\"},\"sameAs\":[\"https:\/\/www.facebook.com\/ellesaussi\/\"]},{\"@type\":\"Person\",\"@id\":\"https:\/\/www.ellesaussi.org\/#\/schema\/person\/eeca4be50db30b5dbb39f78fc3364160\",\"name\":\"admin\",\"image\":{\"@type\":\"ImageObject\",\"inLanguage\":\"fr-FR\",\"@id\":\"https:\/\/www.ellesaussi.org\/#\/schema\/person\/image\/\",\"url\":\"https:\/\/secure.gravatar.com\/avatar\/62da4937aa6d6b509192861c0b966204a1b742b2814f6387fa08fe6c98a8729c?s=96&d=mm&r=g\",\"contentUrl\":\"https:\/\/secure.gravatar.com\/avatar\/62da4937aa6d6b509192861c0b966204a1b742b2814f6387fa08fe6c98a8729c?s=96&d=mm&r=g\",\"caption\":\"admin\"},\"sameAs\":[\"https:\/\/elles129186.webdb78.lwspanel.com\"],\"url\":\"https:\/\/www.ellesaussi.org\/?author=1\"}]}<\/script>\n<!-- \/ Yoast SEO plugin. -->","yoast_head_json":{"title":"Marianne de la Parit\u00e9 2022 en Alsace - Elles Aussi","robots":{"index":"index","follow":"follow","max-snippet":"max-snippet:-1","max-image-preview":"max-image-preview:large","max-video-preview":"max-video-preview:-1"},"canonical":"https:\/\/www.ellesaussi.org\/?p=1601","og_locale":"fr_FR","og_type":"article","og_title":"Marianne de la Parit\u00e9 2022 en Alsace - Elles Aussi","og_description":"1er\u00a0d\u00e9cembre 2022\u00a0:\u00a0La c\u00e9r\u00e9monie de remise des distinctions \u00ab\u00a0La Marianne de la Parit\u00e9\u00a0\u00bb en Alsace s&rsquo;est tenue \u00e0 la Biblioth\u00e8que Humaniste \u00e0 S\u00e9lestat, en pr\u00e9sence de Lara Million, vice-pr\u00e9sidente de la Collectivit\u00e9 Europ\u00e9enne d\u2019Alsace et pr\u00e9sidente du jury, d\u2019Anela Mauchamp, d\u00e9l\u00e9gu\u00e9e d\u00e9partementale aux droits des femmes et \u00e0 l\u2019\u00e9galit\u00e9 et de Gis\u00e8le Bourcart, pr\u00e9sidente de Femmes [&hellip;]","og_url":"https:\/\/www.ellesaussi.org\/?p=1601","og_site_name":"Elles Aussi","article_publisher":"https:\/\/www.facebook.com\/ellesaussi\/","article_published_time":"2022-12-01T15:31:00+00:00","article_modified_time":"2024-10-29T15:34:03+00:00","og_image":[{"width":200,"height":144,"url":"https:\/\/www.ellesaussi.org\/wp-content\/uploads\/2024\/10\/appel-du-18-juin-2024-Elles-aussi.jpg","type":"image\/jpeg"}],"author":"admin","twitter_card":"summary_large_image","twitter_misc":{"\u00c9crit par":"admin","Dur\u00e9e de lecture estim\u00e9e":"1 minute"},"schema":{"@context":"https:\/\/schema.org","@graph":[{"@type":"Article","@id":"https:\/\/www.ellesaussi.org\/?p=1601#article","isPartOf":{"@id":"https:\/\/www.ellesaussi.org\/?p=1601"},"author":{"name":"admin","@id":"https:\/\/www.ellesaussi.org\/#\/schema\/person\/eeca4be50db30b5dbb39f78fc3364160"},"headline":"Marianne de la Parit\u00e9 2022 en Alsace","datePublished":"2022-12-01T15:31:00+00:00","dateModified":"2024-10-29T15:34:03+00:00","mainEntityOfPage":{"@id":"https:\/\/www.ellesaussi.org\/?p=1601"},"wordCount":143,"publisher":{"@id":"https:\/\/www.ellesaussi.org\/#organization"},"image":{"@id":"https:\/\/www.ellesaussi.org\/?p=1601#primaryimage"},"thumbnailUrl":"https:\/\/www.ellesaussi.org\/wp-content\/uploads\/2024\/10\/appel-du-18-juin-2024-Elles-aussi.jpg","articleSection":["Marianne de la Parit\u00e9 2020-2026"],"inLanguage":"fr-FR"},{"@type":"WebPage","@id":"https:\/\/www.ellesaussi.org\/?p=1601","url":"https:\/\/www.ellesaussi.org\/?p=1601","name":"Marianne de la Parit\u00e9 2022 en Alsace - Elles Aussi","isPartOf":{"@id":"https:\/\/www.ellesaussi.org\/#website"},"primaryImageOfPage":{"@id":"https:\/\/www.ellesaussi.org\/?p=1601#primaryimage"},"image":{"@id":"https:\/\/www.ellesaussi.org\/?p=1601#primaryimage"},"thumbnailUrl":"https:\/\/www.ellesaussi.org\/wp-content\/uploads\/2024\/10\/appel-du-18-juin-2024-Elles-aussi.jpg","datePublished":"2022-12-01T15:31:00+00:00","dateModified":"2024-10-29T15:34:03+00:00","breadcrumb":{"@id":"https:\/\/www.ellesaussi.org\/?p=1601#breadcrumb"},"inLanguage":"fr-FR","potentialAction":[{"@type":"ReadAction","target":["https:\/\/www.ellesaussi.org\/?p=1601"]}]},{"@type":"ImageObject","inLanguage":"fr-FR","@id":"https:\/\/www.ellesaussi.org\/?p=1601#primaryimage","url":"https:\/\/www.ellesaussi.org\/wp-content\/uploads\/2024\/10\/appel-du-18-juin-2024-Elles-aussi.jpg","contentUrl":"https:\/\/www.ellesaussi.org\/wp-content\/uploads\/2024\/10\/appel-du-18-juin-2024-Elles-aussi.jpg","width":200,"height":144},{"@type":"BreadcrumbList","@id":"https:\/\/www.ellesaussi.org\/?p=1601#breadcrumb","itemListElement":[{"@type":"ListItem","position":1,"name":"Accueil","item":"https:\/\/www.ellesaussi.org\/"},{"@type":"ListItem","position":2,"name":"Marianne de la Parit\u00e9 2022 en Alsace"}]},{"@type":"WebSite","@id":"https:\/\/www.ellesaussi.org\/#website","url":"https:\/\/www.ellesaussi.org\/","name":"Elles Aussi","description":"","publisher":{"@id":"https:\/\/www.ellesaussi.org\/#organization"},"potentialAction":[{"@type":"SearchAction","target":{"@type":"EntryPoint","urlTemplate":"https:\/\/www.ellesaussi.org\/?s={search_term_string}"},"query-input":"required name=search_term_string"}],"inLanguage":"fr-FR"},{"@type":"Organization","@id":"https:\/\/www.ellesaussi.org\/#organization","name":"Elles Aussi","url":"https:\/\/www.ellesaussi.org\/","logo":{"@type":"ImageObject","inLanguage":"fr-FR","@id":"https:\/\/www.ellesaussi.org\/#\/schema\/logo\/image\/","url":"https:\/\/www.ellesaussi.org\/wp-content\/uploads\/2024\/05\/Elles-aussi_logotype_rouge.png","contentUrl":"https:\/\/www.ellesaussi.org\/wp-content\/uploads\/2024\/05\/Elles-aussi_logotype_rouge.png","width":3472,"height":2480,"caption":"Elles Aussi"},"image":{"@id":"https:\/\/www.ellesaussi.org\/#\/schema\/logo\/image\/"},"sameAs":["https:\/\/www.facebook.com\/ellesaussi\/"]},{"@type":"Person","@id":"https:\/\/www.ellesaussi.org\/#\/schema\/person\/eeca4be50db30b5dbb39f78fc3364160","name":"admin","image":{"@type":"ImageObject","inLanguage":"fr-FR","@id":"https:\/\/www.ellesaussi.org\/#\/schema\/person\/image\/","url":"https:\/\/secure.gravatar.com\/avatar\/62da4937aa6d6b509192861c0b966204a1b742b2814f6387fa08fe6c98a8729c?s=96&d=mm&r=g","contentUrl":"https:\/\/secure.gravatar.com\/avatar\/62da4937aa6d6b509192861c0b966204a1b742b2814f6387fa08fe6c98a8729c?s=96&d=mm&r=g","caption":"admin"},"sameAs":["https:\/\/elles129186.webdb78.lwspanel.com"],"url":"https:\/\/www.ellesaussi.org\/?author=1"}]}},"_links":{"self":[{"href":"https:\/\/www.ellesaussi.org\/index.php?rest_route=\/wp\/v2\/posts\/1601","targetHints":{"allow":["GET"]}}],"collection":[{"href":"https:\/\/www.ellesaussi.org\/index.php?rest_route=\/wp\/v2\/posts"}],"about":[{"href":"https:\/\/www.ellesaussi.org\/index.php?rest_route=\/wp\/v2\/types\/post"}],"author":[{"embeddable":true,"href":"https:\/\/www.ellesaussi.org\/index.php?rest_route=\/wp\/v2\/users\/1"}],"replies":[{"embeddable":true,"href":"https:\/\/www.ellesaussi.org\/index.php?rest_route=%2Fwp%2Fv2%2Fcomments&post=1601"}],"version-history":[{"count":4,"href":"https:\/\/www.ellesaussi.org\/index.php?rest_route=\/wp\/v2\/posts\/1601\/revisions"}],"predecessor-version":[{"id":1605,"href":"https:\/\/www.ellesaussi.org\/index.php?rest_route=\/wp\/v2\/posts\/1601\/revisions\/1605"}],"wp:featuredmedia":[{"embeddable":true,"href":"https:\/\/www.ellesaussi.org\/index.php?rest_route=\/wp\/v2\/media\/683"}],"wp:attachment":[{"href":"https:\/\/www.ellesaussi.org\/index.php?rest_route=%2Fwp%2Fv2%2Fmedia&parent=1601"}],"wp:term":[{"taxonomy":"category","embeddable":true,"href":"https:\/\/www.ellesaussi.org\/index.php?rest_route=%2Fwp%2Fv2%2Fcategories&post=1601"},{"taxonomy":"post_tag","embeddable":true,"href":"https:\/\/www.ellesaussi.org\/index.php?rest_route=%2Fwp%2Fv2%2Ftags&post=1601"}],"curies":[{"name":"wp","href":"https:\/\/api.w.org\/{rel}","templated":true}]}}