{"id":1573,"date":"2023-02-12T12:08:00","date_gmt":"2023-02-12T11:08:00","guid":{"rendered":"https:\/\/elles129186.webdb78.lwspanel.com\/?p=1573"},"modified":"2024-10-29T12:12:39","modified_gmt":"2024-10-29T11:12:39","slug":"marianne-de-la-parite-en-hauts-de-france","status":"publish","type":"post","link":"https:\/\/www.ellesaussi.org\/?p=1573","title":{"rendered":"Marianne de la Parit\u00e9 en Hauts de France"},"content":{"rendered":"\t\t<div data-elementor-type=\"wp-post\" data-elementor-id=\"1573\" class=\"elementor elementor-1573\" data-elementor-post-type=\"post\">\n\t\t\t\t<div class=\"elementor-element elementor-element-70942ed e-flex e-con-boxed e-con e-parent\" data-id=\"70942ed\" data-element_type=\"container\">\n\t\t\t\t\t<div class=\"e-con-inner\">\n\t\t\t\t<div class=\"elementor-element elementor-element-b95baf6 elementor-widget elementor-widget-text-editor\" data-id=\"b95baf6\" data-element_type=\"widget\" data-widget_type=\"text-editor.default\">\n\t\t\t\t<div class=\"elementor-widget-container\">\n\t\t\t\t\t\t\t<p><span style=\"color: #f15b43;\"><strong>Une tourn\u00e9e m\u00e9morable !<\/strong><\/span><\/p><p><img fetchpriority=\"high\" decoding=\"async\" class=\"size-full wp-image-1576 aligncenter\" src=\"https:\/\/elles129186.webdb78.lwspanel.com\/wp-content\/uploads\/2024\/10\/Marianne-de-la-Parite-en-Hauts-de-France-01.jpg\" alt=\"\" width=\"426\" height=\"197\" srcset=\"https:\/\/www.ellesaussi.org\/wp-content\/uploads\/2024\/10\/Marianne-de-la-Parite-en-Hauts-de-France-01.jpg 426w, https:\/\/www.ellesaussi.org\/wp-content\/uploads\/2024\/10\/Marianne-de-la-Parite-en-Hauts-de-France-01-300x139.jpg 300w\" sizes=\"(max-width: 426px) 100vw, 426px\" \/><\/p><p style=\"text-align: center;\"><em>Photo Elles aussi-le groupe de l\u2019Oise<\/em><\/p><p>La Marianne de la Parit\u00e9 dans les intercommunalit\u00e9s remise dans chaque d\u00e9partement des Hauts de France, c\u2019est une vitrine pour faire conna\u00eetre Elles aussi, ses valeurs, son histoire.<\/p><p>Les c\u00e9r\u00e9monies se sont d\u00e9roul\u00e9es dans des lieux prestigieux : Mairie de grande ville ou h\u00f4tel de d\u00e9partement. Les \u00e9lu-es ont appr\u00e9ci\u00e9 qu\u2019Elles aussi vienne \u00e0 leur rencontre, un effort de proximit\u00e9 remarqu\u00e9.<\/p><p>D\u2019une c\u00e9r\u00e9monie un peu intimiste dans la Somme, en passant par le Pas-De-Calais o\u00f9 le d\u00e9partement tenait \u00e0 bien nous recevoir, le Nord en p\u00e9riode de f\u00eates, l\u2019Aisne o\u00f9 le patrimoine local ajouta du panache \u00e0 la c\u00e9r\u00e9monie de la Marianne, c\u2019est dans la splendeur du Conseil d\u00e9partemental de l\u2019Oise, devant un parterre de journalistes que la tourn\u00e9e s\u2019est achev\u00e9e.<\/p><p>Partout, les \u00e9lu-es ont \u00e9t\u00e9 touch\u00e9-es d\u2019avoir \u00e9t\u00e9 reconnues dans leur politique en faveur de la parit\u00e9.\u00a0 C\u2019\u00e9tait \u00ab un moment pour elles \u00bb, l\u2019occasion pour les hommes f\u00e9ministes d\u2019honorer les qualit\u00e9s des femmes. La parit\u00e9 est un vrai plus pour la vie politique.<\/p><p>\u00a0\u00a0\u00a0\u00a0\u00a0 \u00a0\u00a0\u00a0\u00a0\u00a0\u00a0\u00a0\u00a0\u00a0\u00a0\u00a0\u00a0\u00a0\u00a0\u00a0\u00a0\u00a0\u00a0\u00a0\u00a0\u00a0\u00a0\u00a0\u00a0\u00a0\u00a0\u00a0\u00a0\u00a0\u00a0\u00a0\u00a0\u00a0\u00a0\u00a0\u00a0\u00a0\u00a0\u00a0\u00a0\u00a0\u00a0\u00a0\u00a0\u00a0\u00a0\u00a0\u00a0\u00a0\u00a0\u00a0\u00a0\u00a0\u00a0\u00a0\u00a0\u00a0\u00a0\u00a0\u00a0\u00a0\u00a0\u00a0\u00a0\u00a0\u00a0\u00a0\u00a0\u00a0\u00a0\u00a0\u00a0\u00a0\u00a0\u00a0\u00a0\u00a0\u00a0\u00a0 <img decoding=\"async\" class=\"size-full wp-image-1577 aligncenter\" src=\"https:\/\/elles129186.webdb78.lwspanel.com\/wp-content\/uploads\/2024\/10\/Marianne-de-la-Parite-en-Hauts-de-France-02.jpg\" alt=\"\" width=\"110\" height=\"148\" \/>\u00a0 \u00a0 \u00a0 \u00a0 \u00a0 \u00a0 \u00a0 \u00a0 \u00a0 \u00a0 \u00a0 \u00a0 \u00a0 \u00a0 \u00a0 \u00a0 CC <em>paysd\u2019Audruicq-Pas de Calais-photoVDN\/Szorn<\/em><\/p><p>Pas toujours facile n\u00e9anmoins de faire venir les pr\u00e9sidents d\u2019intercommunalit\u00e9s pour recevoir un dipl\u00f4me ou un troph\u00e9e, voire m\u00eame d\u2019envoyer un ou une vice-pr\u00e9sident-e ! Il a fallu \u00eatre pers\u00e9v\u00e9rante, faire preuve de p\u00e9dagogie et aussi avoir un peu de chance.<\/p><p>De notre c\u00f4t\u00e9, avec Charl\u00e8ne Marquot, notre stagiaire, nous avons expliqu\u00e9, inform\u00e9, insist\u00e9 pour que chaque intercommunalit\u00e9 soit repr\u00e9sent\u00e9e. Nous y sommes parvenues. Toutes les r\u00e9compenses ont \u00e9t\u00e9 remises le jour pr\u00e9vu par les membres d\u2019Elles aussi de l\u2019antenne et aussi par les co-pr\u00e9sidentes Nationales : Dani\u00e8le Bouchoule et Reine L\u00e9pinay qui ont eu plaisir \u00e0 rehausser trois c\u00e9r\u00e9monies sur cinq !<\/p><p style=\"text-align: center;\"><img decoding=\"async\" class=\"size-full wp-image-1578 aligncenter\" src=\"https:\/\/elles129186.webdb78.lwspanel.com\/wp-content\/uploads\/2024\/10\/Marianne-de-la-Parite-en-Hauts-de-France-03.jpg\" alt=\"\" width=\"221\" height=\"108\" \/><em>photo Elles aussi-lille -CC Pays de flandres<\/em><\/p><p>Chaque d\u00e9partement a eu sa particularit\u00e9. Pour chaque c\u00e9r\u00e9monie, nous avons donn\u00e9 la parole aux \u00e9lu-es sur le th\u00e8me de la parit\u00e9 en donnant la parole aux hommes comme aux femmes. Mais souvent, les hommes d\u00e9l\u00e9guaient une femme pour les repr\u00e9senter !<\/p><p>La remise de la Marianne a permis un \u00e9tat des lieux pr\u00e9cis et vrai de la parit\u00e9 dans les intercommunalit\u00e9s, de valoriser les pratiques politiques paritaires, d\u2019observer l\u2019\u00e9volution vers la parit\u00e9, de rappeler les difficult\u00e9s r\u00e9currentes, et de sensibiliser les m\u00e9dias.<\/p><p>V\u00e9ronique Genelle responsable Elles aussi antenne Hauts de France<\/p>\t\t\t\t\t\t<\/div>\n\t\t\t\t<\/div>\n\t\t\t\t\t<\/div>\n\t\t\t\t<\/div>\n\t\t\t\t<\/div>\n\t\t","protected":false},"excerpt":{"rendered":"<p>Une tourn\u00e9e m\u00e9morable ! Photo Elles aussi-le groupe de l\u2019Oise La Marianne de la Parit\u00e9 dans les intercommunalit\u00e9s remise dans chaque d\u00e9partement des Hauts de France, c\u2019est une vitrine pour faire conna\u00eetre Elles aussi, ses valeurs, son histoire. Les c\u00e9r\u00e9monies se sont d\u00e9roul\u00e9es dans des lieux prestigieux : Mairie de grande ville ou h\u00f4tel de [&hellip;]<\/p>\n","protected":false},"author":1,"featured_media":1574,"comment_status":"closed","ping_status":"closed","sticky":false,"template":"","format":"standard","meta":{"footnotes":""},"categories":[37],"tags":[],"class_list":["post-1573","post","type-post","status-publish","format-standard","has-post-thumbnail","hentry","category-marianne-de-la-parite-2020-2026"],"yoast_head":"<!-- This site is optimized with the Yoast SEO plugin v22.8 - https:\/\/yoast.com\/wordpress\/plugins\/seo\/ -->\n<title>Marianne de la Parit\u00e9 en Hauts de France - Elles Aussi<\/title>\n<meta name=\"robots\" content=\"index, follow, max-snippet:-1, max-image-preview:large, max-video-preview:-1\" \/>\n<link rel=\"canonical\" href=\"https:\/\/www.ellesaussi.org\/?p=1573\" \/>\n<meta property=\"og:locale\" content=\"fr_FR\" \/>\n<meta property=\"og:type\" content=\"article\" \/>\n<meta property=\"og:title\" content=\"Marianne de la Parit\u00e9 en Hauts de France - Elles Aussi\" \/>\n<meta property=\"og:description\" content=\"Une tourn\u00e9e m\u00e9morable ! Photo Elles aussi-le groupe de l\u2019Oise La Marianne de la Parit\u00e9 dans les intercommunalit\u00e9s remise dans chaque d\u00e9partement des Hauts de France, c\u2019est une vitrine pour faire conna\u00eetre Elles aussi, ses valeurs, son histoire. Les c\u00e9r\u00e9monies se sont d\u00e9roul\u00e9es dans des lieux prestigieux : Mairie de grande ville ou h\u00f4tel de [&hellip;]\" \/>\n<meta property=\"og:url\" content=\"https:\/\/www.ellesaussi.org\/?p=1573\" \/>\n<meta property=\"og:site_name\" content=\"Elles Aussi\" \/>\n<meta property=\"article:publisher\" content=\"https:\/\/www.facebook.com\/ellesaussi\/\" \/>\n<meta property=\"article:published_time\" content=\"2023-02-12T11:08:00+00:00\" \/>\n<meta property=\"article:modified_time\" content=\"2024-10-29T11:12:39+00:00\" \/>\n<meta property=\"og:image\" content=\"https:\/\/www.ellesaussi.org\/wp-content\/uploads\/2024\/10\/hdf-Marianne-NL.jpg\" \/>\n\t<meta property=\"og:image:width\" content=\"400\" \/>\n\t<meta property=\"og:image:height\" content=\"220\" \/>\n\t<meta property=\"og:image:type\" content=\"image\/jpeg\" \/>\n<meta name=\"author\" content=\"admin\" \/>\n<meta name=\"twitter:card\" content=\"summary_large_image\" \/>\n<meta name=\"twitter:label1\" content=\"\u00c9crit par\" \/>\n\t<meta name=\"twitter:data1\" content=\"admin\" \/>\n\t<meta name=\"twitter:label2\" content=\"Dur\u00e9e de lecture estim\u00e9e\" \/>\n\t<meta name=\"twitter:data2\" content=\"3 minutes\" \/>\n<script type=\"application\/ld+json\" class=\"yoast-schema-graph\">{\"@context\":\"https:\/\/schema.org\",\"@graph\":[{\"@type\":\"Article\",\"@id\":\"https:\/\/www.ellesaussi.org\/?p=1573#article\",\"isPartOf\":{\"@id\":\"https:\/\/www.ellesaussi.org\/?p=1573\"},\"author\":{\"name\":\"admin\",\"@id\":\"https:\/\/www.ellesaussi.org\/#\/schema\/person\/eeca4be50db30b5dbb39f78fc3364160\"},\"headline\":\"Marianne de la Parit\u00e9 en Hauts de France\",\"datePublished\":\"2023-02-12T11:08:00+00:00\",\"dateModified\":\"2024-10-29T11:12:39+00:00\",\"mainEntityOfPage\":{\"@id\":\"https:\/\/www.ellesaussi.org\/?p=1573\"},\"wordCount\":456,\"publisher\":{\"@id\":\"https:\/\/www.ellesaussi.org\/#organization\"},\"image\":{\"@id\":\"https:\/\/www.ellesaussi.org\/?p=1573#primaryimage\"},\"thumbnailUrl\":\"https:\/\/www.ellesaussi.org\/wp-content\/uploads\/2024\/10\/hdf-Marianne-NL.jpg\",\"articleSection\":[\"Marianne de la Parit\u00e9 2020-2026\"],\"inLanguage\":\"fr-FR\"},{\"@type\":\"WebPage\",\"@id\":\"https:\/\/www.ellesaussi.org\/?p=1573\",\"url\":\"https:\/\/www.ellesaussi.org\/?p=1573\",\"name\":\"Marianne de la Parit\u00e9 en Hauts de France - Elles Aussi\",\"isPartOf\":{\"@id\":\"https:\/\/www.ellesaussi.org\/#website\"},\"primaryImageOfPage\":{\"@id\":\"https:\/\/www.ellesaussi.org\/?p=1573#primaryimage\"},\"image\":{\"@id\":\"https:\/\/www.ellesaussi.org\/?p=1573#primaryimage\"},\"thumbnailUrl\":\"https:\/\/www.ellesaussi.org\/wp-content\/uploads\/2024\/10\/hdf-Marianne-NL.jpg\",\"datePublished\":\"2023-02-12T11:08:00+00:00\",\"dateModified\":\"2024-10-29T11:12:39+00:00\",\"breadcrumb\":{\"@id\":\"https:\/\/www.ellesaussi.org\/?p=1573#breadcrumb\"},\"inLanguage\":\"fr-FR\",\"potentialAction\":[{\"@type\":\"ReadAction\",\"target\":[\"https:\/\/www.ellesaussi.org\/?p=1573\"]}]},{\"@type\":\"ImageObject\",\"inLanguage\":\"fr-FR\",\"@id\":\"https:\/\/www.ellesaussi.org\/?p=1573#primaryimage\",\"url\":\"https:\/\/www.ellesaussi.org\/wp-content\/uploads\/2024\/10\/hdf-Marianne-NL.jpg\",\"contentUrl\":\"https:\/\/www.ellesaussi.org\/wp-content\/uploads\/2024\/10\/hdf-Marianne-NL.jpg\",\"width\":400,\"height\":220},{\"@type\":\"BreadcrumbList\",\"@id\":\"https:\/\/www.ellesaussi.org\/?p=1573#breadcrumb\",\"itemListElement\":[{\"@type\":\"ListItem\",\"position\":1,\"name\":\"Accueil\",\"item\":\"https:\/\/www.ellesaussi.org\/\"},{\"@type\":\"ListItem\",\"position\":2,\"name\":\"Marianne de la Parit\u00e9 en Hauts de France\"}]},{\"@type\":\"WebSite\",\"@id\":\"https:\/\/www.ellesaussi.org\/#website\",\"url\":\"https:\/\/www.ellesaussi.org\/\",\"name\":\"Elles Aussi\",\"description\":\"\",\"publisher\":{\"@id\":\"https:\/\/www.ellesaussi.org\/#organization\"},\"potentialAction\":[{\"@type\":\"SearchAction\",\"target\":{\"@type\":\"EntryPoint\",\"urlTemplate\":\"https:\/\/www.ellesaussi.org\/?s={search_term_string}\"},\"query-input\":\"required name=search_term_string\"}],\"inLanguage\":\"fr-FR\"},{\"@type\":\"Organization\",\"@id\":\"https:\/\/www.ellesaussi.org\/#organization\",\"name\":\"Elles Aussi\",\"url\":\"https:\/\/www.ellesaussi.org\/\",\"logo\":{\"@type\":\"ImageObject\",\"inLanguage\":\"fr-FR\",\"@id\":\"https:\/\/www.ellesaussi.org\/#\/schema\/logo\/image\/\",\"url\":\"https:\/\/www.ellesaussi.org\/wp-content\/uploads\/2024\/05\/Elles-aussi_logotype_rouge.png\",\"contentUrl\":\"https:\/\/www.ellesaussi.org\/wp-content\/uploads\/2024\/05\/Elles-aussi_logotype_rouge.png\",\"width\":3472,\"height\":2480,\"caption\":\"Elles Aussi\"},\"image\":{\"@id\":\"https:\/\/www.ellesaussi.org\/#\/schema\/logo\/image\/\"},\"sameAs\":[\"https:\/\/www.facebook.com\/ellesaussi\/\"]},{\"@type\":\"Person\",\"@id\":\"https:\/\/www.ellesaussi.org\/#\/schema\/person\/eeca4be50db30b5dbb39f78fc3364160\",\"name\":\"admin\",\"image\":{\"@type\":\"ImageObject\",\"inLanguage\":\"fr-FR\",\"@id\":\"https:\/\/www.ellesaussi.org\/#\/schema\/person\/image\/\",\"url\":\"https:\/\/secure.gravatar.com\/avatar\/62da4937aa6d6b509192861c0b966204a1b742b2814f6387fa08fe6c98a8729c?s=96&d=mm&r=g\",\"contentUrl\":\"https:\/\/secure.gravatar.com\/avatar\/62da4937aa6d6b509192861c0b966204a1b742b2814f6387fa08fe6c98a8729c?s=96&d=mm&r=g\",\"caption\":\"admin\"},\"sameAs\":[\"https:\/\/elles129186.webdb78.lwspanel.com\"],\"url\":\"https:\/\/www.ellesaussi.org\/?author=1\"}]}<\/script>\n<!-- \/ Yoast SEO plugin. -->","yoast_head_json":{"title":"Marianne de la Parit\u00e9 en Hauts de France - Elles Aussi","robots":{"index":"index","follow":"follow","max-snippet":"max-snippet:-1","max-image-preview":"max-image-preview:large","max-video-preview":"max-video-preview:-1"},"canonical":"https:\/\/www.ellesaussi.org\/?p=1573","og_locale":"fr_FR","og_type":"article","og_title":"Marianne de la Parit\u00e9 en Hauts de France - Elles Aussi","og_description":"Une tourn\u00e9e m\u00e9morable ! Photo Elles aussi-le groupe de l\u2019Oise La Marianne de la Parit\u00e9 dans les intercommunalit\u00e9s remise dans chaque d\u00e9partement des Hauts de France, c\u2019est une vitrine pour faire conna\u00eetre Elles aussi, ses valeurs, son histoire. Les c\u00e9r\u00e9monies se sont d\u00e9roul\u00e9es dans des lieux prestigieux : Mairie de grande ville ou h\u00f4tel de [&hellip;]","og_url":"https:\/\/www.ellesaussi.org\/?p=1573","og_site_name":"Elles Aussi","article_publisher":"https:\/\/www.facebook.com\/ellesaussi\/","article_published_time":"2023-02-12T11:08:00+00:00","article_modified_time":"2024-10-29T11:12:39+00:00","og_image":[{"width":400,"height":220,"url":"https:\/\/www.ellesaussi.org\/wp-content\/uploads\/2024\/10\/hdf-Marianne-NL.jpg","type":"image\/jpeg"}],"author":"admin","twitter_card":"summary_large_image","twitter_misc":{"\u00c9crit par":"admin","Dur\u00e9e de lecture estim\u00e9e":"3 minutes"},"schema":{"@context":"https:\/\/schema.org","@graph":[{"@type":"Article","@id":"https:\/\/www.ellesaussi.org\/?p=1573#article","isPartOf":{"@id":"https:\/\/www.ellesaussi.org\/?p=1573"},"author":{"name":"admin","@id":"https:\/\/www.ellesaussi.org\/#\/schema\/person\/eeca4be50db30b5dbb39f78fc3364160"},"headline":"Marianne de la Parit\u00e9 en Hauts de France","datePublished":"2023-02-12T11:08:00+00:00","dateModified":"2024-10-29T11:12:39+00:00","mainEntityOfPage":{"@id":"https:\/\/www.ellesaussi.org\/?p=1573"},"wordCount":456,"publisher":{"@id":"https:\/\/www.ellesaussi.org\/#organization"},"image":{"@id":"https:\/\/www.ellesaussi.org\/?p=1573#primaryimage"},"thumbnailUrl":"https:\/\/www.ellesaussi.org\/wp-content\/uploads\/2024\/10\/hdf-Marianne-NL.jpg","articleSection":["Marianne de la Parit\u00e9 2020-2026"],"inLanguage":"fr-FR"},{"@type":"WebPage","@id":"https:\/\/www.ellesaussi.org\/?p=1573","url":"https:\/\/www.ellesaussi.org\/?p=1573","name":"Marianne de la Parit\u00e9 en Hauts de France - Elles Aussi","isPartOf":{"@id":"https:\/\/www.ellesaussi.org\/#website"},"primaryImageOfPage":{"@id":"https:\/\/www.ellesaussi.org\/?p=1573#primaryimage"},"image":{"@id":"https:\/\/www.ellesaussi.org\/?p=1573#primaryimage"},"thumbnailUrl":"https:\/\/www.ellesaussi.org\/wp-content\/uploads\/2024\/10\/hdf-Marianne-NL.jpg","datePublished":"2023-02-12T11:08:00+00:00","dateModified":"2024-10-29T11:12:39+00:00","breadcrumb":{"@id":"https:\/\/www.ellesaussi.org\/?p=1573#breadcrumb"},"inLanguage":"fr-FR","potentialAction":[{"@type":"ReadAction","target":["https:\/\/www.ellesaussi.org\/?p=1573"]}]},{"@type":"ImageObject","inLanguage":"fr-FR","@id":"https:\/\/www.ellesaussi.org\/?p=1573#primaryimage","url":"https:\/\/www.ellesaussi.org\/wp-content\/uploads\/2024\/10\/hdf-Marianne-NL.jpg","contentUrl":"https:\/\/www.ellesaussi.org\/wp-content\/uploads\/2024\/10\/hdf-Marianne-NL.jpg","width":400,"height":220},{"@type":"BreadcrumbList","@id":"https:\/\/www.ellesaussi.org\/?p=1573#breadcrumb","itemListElement":[{"@type":"ListItem","position":1,"name":"Accueil","item":"https:\/\/www.ellesaussi.org\/"},{"@type":"ListItem","position":2,"name":"Marianne de la Parit\u00e9 en Hauts de France"}]},{"@type":"WebSite","@id":"https:\/\/www.ellesaussi.org\/#website","url":"https:\/\/www.ellesaussi.org\/","name":"Elles Aussi","description":"","publisher":{"@id":"https:\/\/www.ellesaussi.org\/#organization"},"potentialAction":[{"@type":"SearchAction","target":{"@type":"EntryPoint","urlTemplate":"https:\/\/www.ellesaussi.org\/?s={search_term_string}"},"query-input":"required name=search_term_string"}],"inLanguage":"fr-FR"},{"@type":"Organization","@id":"https:\/\/www.ellesaussi.org\/#organization","name":"Elles Aussi","url":"https:\/\/www.ellesaussi.org\/","logo":{"@type":"ImageObject","inLanguage":"fr-FR","@id":"https:\/\/www.ellesaussi.org\/#\/schema\/logo\/image\/","url":"https:\/\/www.ellesaussi.org\/wp-content\/uploads\/2024\/05\/Elles-aussi_logotype_rouge.png","contentUrl":"https:\/\/www.ellesaussi.org\/wp-content\/uploads\/2024\/05\/Elles-aussi_logotype_rouge.png","width":3472,"height":2480,"caption":"Elles Aussi"},"image":{"@id":"https:\/\/www.ellesaussi.org\/#\/schema\/logo\/image\/"},"sameAs":["https:\/\/www.facebook.com\/ellesaussi\/"]},{"@type":"Person","@id":"https:\/\/www.ellesaussi.org\/#\/schema\/person\/eeca4be50db30b5dbb39f78fc3364160","name":"admin","image":{"@type":"ImageObject","inLanguage":"fr-FR","@id":"https:\/\/www.ellesaussi.org\/#\/schema\/person\/image\/","url":"https:\/\/secure.gravatar.com\/avatar\/62da4937aa6d6b509192861c0b966204a1b742b2814f6387fa08fe6c98a8729c?s=96&d=mm&r=g","contentUrl":"https:\/\/secure.gravatar.com\/avatar\/62da4937aa6d6b509192861c0b966204a1b742b2814f6387fa08fe6c98a8729c?s=96&d=mm&r=g","caption":"admin"},"sameAs":["https:\/\/elles129186.webdb78.lwspanel.com"],"url":"https:\/\/www.ellesaussi.org\/?author=1"}]}},"_links":{"self":[{"href":"https:\/\/www.ellesaussi.org\/index.php?rest_route=\/wp\/v2\/posts\/1573","targetHints":{"allow":["GET"]}}],"collection":[{"href":"https:\/\/www.ellesaussi.org\/index.php?rest_route=\/wp\/v2\/posts"}],"about":[{"href":"https:\/\/www.ellesaussi.org\/index.php?rest_route=\/wp\/v2\/types\/post"}],"author":[{"embeddable":true,"href":"https:\/\/www.ellesaussi.org\/index.php?rest_route=\/wp\/v2\/users\/1"}],"replies":[{"embeddable":true,"href":"https:\/\/www.ellesaussi.org\/index.php?rest_route=%2Fwp%2Fv2%2Fcomments&post=1573"}],"version-history":[{"count":4,"href":"https:\/\/www.ellesaussi.org\/index.php?rest_route=\/wp\/v2\/posts\/1573\/revisions"}],"predecessor-version":[{"id":1581,"href":"https:\/\/www.ellesaussi.org\/index.php?rest_route=\/wp\/v2\/posts\/1573\/revisions\/1581"}],"wp:featuredmedia":[{"embeddable":true,"href":"https:\/\/www.ellesaussi.org\/index.php?rest_route=\/wp\/v2\/media\/1574"}],"wp:attachment":[{"href":"https:\/\/www.ellesaussi.org\/index.php?rest_route=%2Fwp%2Fv2%2Fmedia&parent=1573"}],"wp:term":[{"taxonomy":"category","embeddable":true,"href":"https:\/\/www.ellesaussi.org\/index.php?rest_route=%2Fwp%2Fv2%2Fcategories&post=1573"},{"taxonomy":"post_tag","embeddable":true,"href":"https:\/\/www.ellesaussi.org\/index.php?rest_route=%2Fwp%2Fv2%2Ftags&post=1573"}],"curies":[{"name":"wp","href":"https:\/\/api.w.org\/{rel}","templated":true}]}}