{"id":1565,"date":"2023-03-08T12:00:00","date_gmt":"2023-03-08T11:00:00","guid":{"rendered":"https:\/\/elles129186.webdb78.lwspanel.com\/?p=1565"},"modified":"2024-10-29T12:05:59","modified_gmt":"2024-10-29T11:05:59","slug":"la-marianne-de-la-parite-dans-le-epci-en-bretagne","status":"publish","type":"post","link":"https:\/\/www.ellesaussi.org\/?p=1565","title":{"rendered":"La Marianne de la Parit\u00e9 dans le EPCI en Bretagne"},"content":{"rendered":"\t\t<div data-elementor-type=\"wp-post\" data-elementor-id=\"1565\" class=\"elementor elementor-1565\" data-elementor-post-type=\"post\">\n\t\t\t\t<div class=\"elementor-element elementor-element-0f12c06 e-flex e-con-boxed e-con e-parent\" data-id=\"0f12c06\" data-element_type=\"container\">\n\t\t\t\t\t<div class=\"e-con-inner\">\n\t\t\t\t<div class=\"elementor-element elementor-element-dcfde83 elementor-widget elementor-widget-text-editor\" data-id=\"dcfde83\" data-element_type=\"widget\" data-widget_type=\"text-editor.default\">\n\t\t\t\t<div class=\"elementor-widget-container\">\n\t\t\t\t\t\t\t<p><img decoding=\"async\" class=\"size-full wp-image-1568 aligncenter\" src=\"https:\/\/elles129186.webdb78.lwspanel.com\/wp-content\/uploads\/2024\/10\/palmaresbretagnemarianne.jpg\" alt=\"\" width=\"121\" height=\"121\" srcset=\"https:\/\/www.ellesaussi.org\/wp-content\/uploads\/2024\/10\/palmaresbretagnemarianne.jpg 121w, https:\/\/www.ellesaussi.org\/wp-content\/uploads\/2024\/10\/palmaresbretagnemarianne-100x100.jpg 100w\" sizes=\"(max-width: 121px) 100vw, 121px\" \/><\/p><p><strong><span style=\"color: #f15b43;\">Le Palmar\u00e8s\u00a0<\/span> <\/strong><\/p><p><strong>Les premiers prix : <\/strong><\/p><p>22 : <strong>Leff Armor Communaut\u00e9<\/strong> : Pr\u00e9sident Jean-Michel Geffroy\u00a0 29 : Douarnenez Communaut\u00e9 : Pr\u00e9sident Philippe Audurier,\u00a0 35 : CA Vitr\u00e9 Communaut\u00e9 : Pr\u00e9sidente Isabelle Le Callenec,<\/p><p>56 : <strong>CC de Blavet Bellevue Oc\u00e9an<\/strong> : Pr\u00e9sidente <strong>Sophie le Chat<\/strong> :\u00a0<\/p><p><strong>\u00a0<\/strong><\/p><p><strong>Les deuxi\u00e8mes prix :\u00a0 <\/strong><\/p><p>29 : <strong>CC du Pays d\u2019Iroise<\/strong> : Pr\u00e9sident <strong>Andr\u00e9 Talarmin<\/strong>\u00a0<\/p><p>35 : <strong>Rennes M\u00e9tropole<\/strong> Pr\u00e9sidente : <strong>Nathalie App\u00e9r\u00e9 <\/strong>(ex-aequo) <strong>35 : Bretagne Porte de Loire Communaut\u00e9 : <\/strong>Pr\u00e9sident<strong> Vincent Minier <\/strong>(ex-aequo) 56 : <strong>Belle-Ile en Mer<\/strong> : Pr\u00e9sidente <strong>Anna\u00cfck Huchet <\/strong>\u00a0<\/p><p><strong>\u00a0<\/strong><\/p><p><strong>Les troisi\u00e8mes prix : <\/strong><\/p><p>29 : <strong>Quimperl\u00e9 Communaut\u00e9<\/strong> :\u00a0 Pr\u00e9sident S\u00e9bastien Miossec\u00a0 35 : \u00a0CC de Broc\u00e9liande : Pr\u00e9sident Bernard Ethore<\/p><p><strong>\u00a0<\/strong><\/p><p><strong>Des encouragements : <\/strong><\/p><p>22 : <strong>CC Kreiz-Breizh<\/strong> : Pr\u00e9sidente Sandra Le Nouvel\u00a0<\/p><p>29 : <strong>CC Pleyben -Ch\u00e2teaulin-Porzay<\/strong> : Pr\u00e9sidente Ga\u00eblle Nicolas 56 : Baud Communaut\u00e9 : Pr\u00e9sidente Pascale Gillet<\/p>\t\t\t\t\t\t<\/div>\n\t\t\t\t<\/div>\n\t\t\t\t<div class=\"elementor-element elementor-element-b7ca1df elementor-widget elementor-widget-button\" data-id=\"b7ca1df\" data-element_type=\"widget\" data-widget_type=\"button.default\">\n\t\t\t\t<div class=\"elementor-widget-container\">\n\t\t\t\t\t<div class=\"elementor-button-wrapper\">\n\t\t\t<a class=\"elementor-button elementor-button-link elementor-size-sm\" href=\"https:\/\/elles129186.webdb78.lwspanel.com\/wp-content\/uploads\/2024\/10\/DP-Bretagne-2023.pdf\" target=\"_blank\">\n\t\t\t\t\t\t<span class=\"elementor-button-content-wrapper\">\n\t\t\t\t\t\t\t\t\t<span class=\"elementor-button-text\">Lire le dossier pour la presse<\/span>\n\t\t\t\t\t<\/span>\n\t\t\t\t\t<\/a>\n\t\t<\/div>\n\t\t\t\t<\/div>\n\t\t\t\t<\/div>\n\t\t\t\t\t<\/div>\n\t\t\t\t<\/div>\n\t\t\t\t<\/div>\n\t\t","protected":false},"excerpt":{"rendered":"<p>Le Palmar\u00e8s\u00a0 Les premiers prix : 22 : Leff Armor Communaut\u00e9 : Pr\u00e9sident Jean-Michel Geffroy\u00a0 29 : Douarnenez Communaut\u00e9 : Pr\u00e9sident Philippe Audurier,\u00a0 35 : CA Vitr\u00e9 Communaut\u00e9 : Pr\u00e9sidente Isabelle Le Callenec, 56 : CC de Blavet Bellevue Oc\u00e9an : Pr\u00e9sidente Sophie le Chat :\u00a0 \u00a0 Les deuxi\u00e8mes prix :\u00a0 29 : CC du [&hellip;]<\/p>\n","protected":false},"author":1,"featured_media":1566,"comment_status":"closed","ping_status":"closed","sticky":false,"template":"","format":"standard","meta":{"footnotes":""},"categories":[37],"tags":[],"class_list":["post-1565","post","type-post","status-publish","format-standard","has-post-thumbnail","hentry","category-marianne-de-la-parite-2020-2026"],"yoast_head":"<!-- This site is optimized with the Yoast SEO plugin v22.8 - https:\/\/yoast.com\/wordpress\/plugins\/seo\/ -->\n<title>La Marianne de la Parit\u00e9 dans le EPCI en Bretagne - Elles Aussi<\/title>\n<meta name=\"robots\" content=\"index, follow, max-snippet:-1, max-image-preview:large, max-video-preview:-1\" \/>\n<link rel=\"canonical\" href=\"https:\/\/www.ellesaussi.org\/?p=1565\" \/>\n<meta property=\"og:locale\" content=\"fr_FR\" \/>\n<meta property=\"og:type\" content=\"article\" \/>\n<meta property=\"og:title\" content=\"La Marianne de la Parit\u00e9 dans le EPCI en Bretagne - Elles Aussi\" \/>\n<meta property=\"og:description\" content=\"Le Palmar\u00e8s\u00a0 Les premiers prix : 22 : Leff Armor Communaut\u00e9 : Pr\u00e9sident Jean-Michel Geffroy\u00a0 29 : Douarnenez Communaut\u00e9 : Pr\u00e9sident Philippe Audurier,\u00a0 35 : CA Vitr\u00e9 Communaut\u00e9 : Pr\u00e9sidente Isabelle Le Callenec, 56 : CC de Blavet Bellevue Oc\u00e9an : Pr\u00e9sidente Sophie le Chat :\u00a0 \u00a0 Les deuxi\u00e8mes prix :\u00a0 29 : CC du [&hellip;]\" \/>\n<meta property=\"og:url\" content=\"https:\/\/www.ellesaussi.org\/?p=1565\" \/>\n<meta property=\"og:site_name\" content=\"Elles Aussi\" \/>\n<meta property=\"article:publisher\" content=\"https:\/\/www.facebook.com\/ellesaussi\/\" \/>\n<meta property=\"article:published_time\" content=\"2023-03-08T11:00:00+00:00\" \/>\n<meta property=\"article:modified_time\" content=\"2024-10-29T11:05:59+00:00\" \/>\n<meta property=\"og:image\" content=\"https:\/\/www.ellesaussi.org\/wp-content\/uploads\/2024\/10\/photo-primes-et-jury-Bretagne.jpg\" \/>\n\t<meta property=\"og:image:width\" content=\"800\" \/>\n\t<meta property=\"og:image:height\" content=\"414\" \/>\n\t<meta property=\"og:image:type\" content=\"image\/jpeg\" \/>\n<meta name=\"author\" content=\"admin\" \/>\n<meta name=\"twitter:card\" content=\"summary_large_image\" \/>\n<meta name=\"twitter:label1\" content=\"\u00c9crit par\" \/>\n\t<meta name=\"twitter:data1\" content=\"admin\" \/>\n\t<meta name=\"twitter:label2\" content=\"Dur\u00e9e de lecture estim\u00e9e\" \/>\n\t<meta name=\"twitter:data2\" content=\"1 minute\" \/>\n<script type=\"application\/ld+json\" class=\"yoast-schema-graph\">{\"@context\":\"https:\/\/schema.org\",\"@graph\":[{\"@type\":\"Article\",\"@id\":\"https:\/\/www.ellesaussi.org\/?p=1565#article\",\"isPartOf\":{\"@id\":\"https:\/\/www.ellesaussi.org\/?p=1565\"},\"author\":{\"name\":\"admin\",\"@id\":\"https:\/\/www.ellesaussi.org\/#\/schema\/person\/eeca4be50db30b5dbb39f78fc3364160\"},\"headline\":\"La Marianne de la Parit\u00e9 dans le EPCI en Bretagne\",\"datePublished\":\"2023-03-08T11:00:00+00:00\",\"dateModified\":\"2024-10-29T11:05:59+00:00\",\"mainEntityOfPage\":{\"@id\":\"https:\/\/www.ellesaussi.org\/?p=1565\"},\"wordCount\":137,\"publisher\":{\"@id\":\"https:\/\/www.ellesaussi.org\/#organization\"},\"image\":{\"@id\":\"https:\/\/www.ellesaussi.org\/?p=1565#primaryimage\"},\"thumbnailUrl\":\"https:\/\/www.ellesaussi.org\/wp-content\/uploads\/2024\/10\/photo-primes-et-jury-Bretagne.jpg\",\"articleSection\":[\"Marianne de la Parit\u00e9 2020-2026\"],\"inLanguage\":\"fr-FR\"},{\"@type\":\"WebPage\",\"@id\":\"https:\/\/www.ellesaussi.org\/?p=1565\",\"url\":\"https:\/\/www.ellesaussi.org\/?p=1565\",\"name\":\"La Marianne de la Parit\u00e9 dans le EPCI en Bretagne - Elles Aussi\",\"isPartOf\":{\"@id\":\"https:\/\/www.ellesaussi.org\/#website\"},\"primaryImageOfPage\":{\"@id\":\"https:\/\/www.ellesaussi.org\/?p=1565#primaryimage\"},\"image\":{\"@id\":\"https:\/\/www.ellesaussi.org\/?p=1565#primaryimage\"},\"thumbnailUrl\":\"https:\/\/www.ellesaussi.org\/wp-content\/uploads\/2024\/10\/photo-primes-et-jury-Bretagne.jpg\",\"datePublished\":\"2023-03-08T11:00:00+00:00\",\"dateModified\":\"2024-10-29T11:05:59+00:00\",\"breadcrumb\":{\"@id\":\"https:\/\/www.ellesaussi.org\/?p=1565#breadcrumb\"},\"inLanguage\":\"fr-FR\",\"potentialAction\":[{\"@type\":\"ReadAction\",\"target\":[\"https:\/\/www.ellesaussi.org\/?p=1565\"]}]},{\"@type\":\"ImageObject\",\"inLanguage\":\"fr-FR\",\"@id\":\"https:\/\/www.ellesaussi.org\/?p=1565#primaryimage\",\"url\":\"https:\/\/www.ellesaussi.org\/wp-content\/uploads\/2024\/10\/photo-primes-et-jury-Bretagne.jpg\",\"contentUrl\":\"https:\/\/www.ellesaussi.org\/wp-content\/uploads\/2024\/10\/photo-primes-et-jury-Bretagne.jpg\",\"width\":800,\"height\":414},{\"@type\":\"BreadcrumbList\",\"@id\":\"https:\/\/www.ellesaussi.org\/?p=1565#breadcrumb\",\"itemListElement\":[{\"@type\":\"ListItem\",\"position\":1,\"name\":\"Accueil\",\"item\":\"https:\/\/www.ellesaussi.org\/\"},{\"@type\":\"ListItem\",\"position\":2,\"name\":\"La Marianne de la Parit\u00e9 dans le EPCI en Bretagne\"}]},{\"@type\":\"WebSite\",\"@id\":\"https:\/\/www.ellesaussi.org\/#website\",\"url\":\"https:\/\/www.ellesaussi.org\/\",\"name\":\"Elles Aussi\",\"description\":\"\",\"publisher\":{\"@id\":\"https:\/\/www.ellesaussi.org\/#organization\"},\"potentialAction\":[{\"@type\":\"SearchAction\",\"target\":{\"@type\":\"EntryPoint\",\"urlTemplate\":\"https:\/\/www.ellesaussi.org\/?s={search_term_string}\"},\"query-input\":\"required name=search_term_string\"}],\"inLanguage\":\"fr-FR\"},{\"@type\":\"Organization\",\"@id\":\"https:\/\/www.ellesaussi.org\/#organization\",\"name\":\"Elles Aussi\",\"url\":\"https:\/\/www.ellesaussi.org\/\",\"logo\":{\"@type\":\"ImageObject\",\"inLanguage\":\"fr-FR\",\"@id\":\"https:\/\/www.ellesaussi.org\/#\/schema\/logo\/image\/\",\"url\":\"https:\/\/www.ellesaussi.org\/wp-content\/uploads\/2024\/05\/Elles-aussi_logotype_rouge.png\",\"contentUrl\":\"https:\/\/www.ellesaussi.org\/wp-content\/uploads\/2024\/05\/Elles-aussi_logotype_rouge.png\",\"width\":3472,\"height\":2480,\"caption\":\"Elles Aussi\"},\"image\":{\"@id\":\"https:\/\/www.ellesaussi.org\/#\/schema\/logo\/image\/\"},\"sameAs\":[\"https:\/\/www.facebook.com\/ellesaussi\/\"]},{\"@type\":\"Person\",\"@id\":\"https:\/\/www.ellesaussi.org\/#\/schema\/person\/eeca4be50db30b5dbb39f78fc3364160\",\"name\":\"admin\",\"image\":{\"@type\":\"ImageObject\",\"inLanguage\":\"fr-FR\",\"@id\":\"https:\/\/www.ellesaussi.org\/#\/schema\/person\/image\/\",\"url\":\"https:\/\/secure.gravatar.com\/avatar\/62da4937aa6d6b509192861c0b966204a1b742b2814f6387fa08fe6c98a8729c?s=96&d=mm&r=g\",\"contentUrl\":\"https:\/\/secure.gravatar.com\/avatar\/62da4937aa6d6b509192861c0b966204a1b742b2814f6387fa08fe6c98a8729c?s=96&d=mm&r=g\",\"caption\":\"admin\"},\"sameAs\":[\"https:\/\/elles129186.webdb78.lwspanel.com\"],\"url\":\"https:\/\/www.ellesaussi.org\/?author=1\"}]}<\/script>\n<!-- \/ Yoast SEO plugin. -->","yoast_head_json":{"title":"La Marianne de la Parit\u00e9 dans le EPCI en Bretagne - Elles Aussi","robots":{"index":"index","follow":"follow","max-snippet":"max-snippet:-1","max-image-preview":"max-image-preview:large","max-video-preview":"max-video-preview:-1"},"canonical":"https:\/\/www.ellesaussi.org\/?p=1565","og_locale":"fr_FR","og_type":"article","og_title":"La Marianne de la Parit\u00e9 dans le EPCI en Bretagne - Elles Aussi","og_description":"Le Palmar\u00e8s\u00a0 Les premiers prix : 22 : Leff Armor Communaut\u00e9 : Pr\u00e9sident Jean-Michel Geffroy\u00a0 29 : Douarnenez Communaut\u00e9 : Pr\u00e9sident Philippe Audurier,\u00a0 35 : CA Vitr\u00e9 Communaut\u00e9 : Pr\u00e9sidente Isabelle Le Callenec, 56 : CC de Blavet Bellevue Oc\u00e9an : Pr\u00e9sidente Sophie le Chat :\u00a0 \u00a0 Les deuxi\u00e8mes prix :\u00a0 29 : CC du [&hellip;]","og_url":"https:\/\/www.ellesaussi.org\/?p=1565","og_site_name":"Elles Aussi","article_publisher":"https:\/\/www.facebook.com\/ellesaussi\/","article_published_time":"2023-03-08T11:00:00+00:00","article_modified_time":"2024-10-29T11:05:59+00:00","og_image":[{"width":800,"height":414,"url":"https:\/\/www.ellesaussi.org\/wp-content\/uploads\/2024\/10\/photo-primes-et-jury-Bretagne.jpg","type":"image\/jpeg"}],"author":"admin","twitter_card":"summary_large_image","twitter_misc":{"\u00c9crit par":"admin","Dur\u00e9e de lecture estim\u00e9e":"1 minute"},"schema":{"@context":"https:\/\/schema.org","@graph":[{"@type":"Article","@id":"https:\/\/www.ellesaussi.org\/?p=1565#article","isPartOf":{"@id":"https:\/\/www.ellesaussi.org\/?p=1565"},"author":{"name":"admin","@id":"https:\/\/www.ellesaussi.org\/#\/schema\/person\/eeca4be50db30b5dbb39f78fc3364160"},"headline":"La Marianne de la Parit\u00e9 dans le EPCI en Bretagne","datePublished":"2023-03-08T11:00:00+00:00","dateModified":"2024-10-29T11:05:59+00:00","mainEntityOfPage":{"@id":"https:\/\/www.ellesaussi.org\/?p=1565"},"wordCount":137,"publisher":{"@id":"https:\/\/www.ellesaussi.org\/#organization"},"image":{"@id":"https:\/\/www.ellesaussi.org\/?p=1565#primaryimage"},"thumbnailUrl":"https:\/\/www.ellesaussi.org\/wp-content\/uploads\/2024\/10\/photo-primes-et-jury-Bretagne.jpg","articleSection":["Marianne de la Parit\u00e9 2020-2026"],"inLanguage":"fr-FR"},{"@type":"WebPage","@id":"https:\/\/www.ellesaussi.org\/?p=1565","url":"https:\/\/www.ellesaussi.org\/?p=1565","name":"La Marianne de la Parit\u00e9 dans le EPCI en Bretagne - Elles Aussi","isPartOf":{"@id":"https:\/\/www.ellesaussi.org\/#website"},"primaryImageOfPage":{"@id":"https:\/\/www.ellesaussi.org\/?p=1565#primaryimage"},"image":{"@id":"https:\/\/www.ellesaussi.org\/?p=1565#primaryimage"},"thumbnailUrl":"https:\/\/www.ellesaussi.org\/wp-content\/uploads\/2024\/10\/photo-primes-et-jury-Bretagne.jpg","datePublished":"2023-03-08T11:00:00+00:00","dateModified":"2024-10-29T11:05:59+00:00","breadcrumb":{"@id":"https:\/\/www.ellesaussi.org\/?p=1565#breadcrumb"},"inLanguage":"fr-FR","potentialAction":[{"@type":"ReadAction","target":["https:\/\/www.ellesaussi.org\/?p=1565"]}]},{"@type":"ImageObject","inLanguage":"fr-FR","@id":"https:\/\/www.ellesaussi.org\/?p=1565#primaryimage","url":"https:\/\/www.ellesaussi.org\/wp-content\/uploads\/2024\/10\/photo-primes-et-jury-Bretagne.jpg","contentUrl":"https:\/\/www.ellesaussi.org\/wp-content\/uploads\/2024\/10\/photo-primes-et-jury-Bretagne.jpg","width":800,"height":414},{"@type":"BreadcrumbList","@id":"https:\/\/www.ellesaussi.org\/?p=1565#breadcrumb","itemListElement":[{"@type":"ListItem","position":1,"name":"Accueil","item":"https:\/\/www.ellesaussi.org\/"},{"@type":"ListItem","position":2,"name":"La Marianne de la Parit\u00e9 dans le EPCI en Bretagne"}]},{"@type":"WebSite","@id":"https:\/\/www.ellesaussi.org\/#website","url":"https:\/\/www.ellesaussi.org\/","name":"Elles Aussi","description":"","publisher":{"@id":"https:\/\/www.ellesaussi.org\/#organization"},"potentialAction":[{"@type":"SearchAction","target":{"@type":"EntryPoint","urlTemplate":"https:\/\/www.ellesaussi.org\/?s={search_term_string}"},"query-input":"required name=search_term_string"}],"inLanguage":"fr-FR"},{"@type":"Organization","@id":"https:\/\/www.ellesaussi.org\/#organization","name":"Elles Aussi","url":"https:\/\/www.ellesaussi.org\/","logo":{"@type":"ImageObject","inLanguage":"fr-FR","@id":"https:\/\/www.ellesaussi.org\/#\/schema\/logo\/image\/","url":"https:\/\/www.ellesaussi.org\/wp-content\/uploads\/2024\/05\/Elles-aussi_logotype_rouge.png","contentUrl":"https:\/\/www.ellesaussi.org\/wp-content\/uploads\/2024\/05\/Elles-aussi_logotype_rouge.png","width":3472,"height":2480,"caption":"Elles Aussi"},"image":{"@id":"https:\/\/www.ellesaussi.org\/#\/schema\/logo\/image\/"},"sameAs":["https:\/\/www.facebook.com\/ellesaussi\/"]},{"@type":"Person","@id":"https:\/\/www.ellesaussi.org\/#\/schema\/person\/eeca4be50db30b5dbb39f78fc3364160","name":"admin","image":{"@type":"ImageObject","inLanguage":"fr-FR","@id":"https:\/\/www.ellesaussi.org\/#\/schema\/person\/image\/","url":"https:\/\/secure.gravatar.com\/avatar\/62da4937aa6d6b509192861c0b966204a1b742b2814f6387fa08fe6c98a8729c?s=96&d=mm&r=g","contentUrl":"https:\/\/secure.gravatar.com\/avatar\/62da4937aa6d6b509192861c0b966204a1b742b2814f6387fa08fe6c98a8729c?s=96&d=mm&r=g","caption":"admin"},"sameAs":["https:\/\/elles129186.webdb78.lwspanel.com"],"url":"https:\/\/www.ellesaussi.org\/?author=1"}]}},"_links":{"self":[{"href":"https:\/\/www.ellesaussi.org\/index.php?rest_route=\/wp\/v2\/posts\/1565","targetHints":{"allow":["GET"]}}],"collection":[{"href":"https:\/\/www.ellesaussi.org\/index.php?rest_route=\/wp\/v2\/posts"}],"about":[{"href":"https:\/\/www.ellesaussi.org\/index.php?rest_route=\/wp\/v2\/types\/post"}],"author":[{"embeddable":true,"href":"https:\/\/www.ellesaussi.org\/index.php?rest_route=\/wp\/v2\/users\/1"}],"replies":[{"embeddable":true,"href":"https:\/\/www.ellesaussi.org\/index.php?rest_route=%2Fwp%2Fv2%2Fcomments&post=1565"}],"version-history":[{"count":4,"href":"https:\/\/www.ellesaussi.org\/index.php?rest_route=\/wp\/v2\/posts\/1565\/revisions"}],"predecessor-version":[{"id":1572,"href":"https:\/\/www.ellesaussi.org\/index.php?rest_route=\/wp\/v2\/posts\/1565\/revisions\/1572"}],"wp:featuredmedia":[{"embeddable":true,"href":"https:\/\/www.ellesaussi.org\/index.php?rest_route=\/wp\/v2\/media\/1566"}],"wp:attachment":[{"href":"https:\/\/www.ellesaussi.org\/index.php?rest_route=%2Fwp%2Fv2%2Fmedia&parent=1565"}],"wp:term":[{"taxonomy":"category","embeddable":true,"href":"https:\/\/www.ellesaussi.org\/index.php?rest_route=%2Fwp%2Fv2%2Fcategories&post=1565"},{"taxonomy":"post_tag","embeddable":true,"href":"https:\/\/www.ellesaussi.org\/index.php?rest_route=%2Fwp%2Fv2%2Ftags&post=1565"}],"curies":[{"name":"wp","href":"https:\/\/api.w.org\/{rel}","templated":true}]}}