{"id":1551,"date":"2023-03-10T11:45:00","date_gmt":"2023-03-10T10:45:00","guid":{"rendered":"https:\/\/elles129186.webdb78.lwspanel.com\/?p=1551"},"modified":"2024-10-29T11:52:08","modified_gmt":"2024-10-29T10:52:08","slug":"remise-de-prix-marianne-de-la-parite-2022-dans-les-intercommunalites-dindre-et-loire","status":"publish","type":"post","link":"https:\/\/www.ellesaussi.org\/?p=1551","title":{"rendered":"Remise de prix \u00ab Marianne de la parit\u00e9 2022 \u00bb dans les intercommunalit\u00e9s d\u2019Indre-et-Loire"},"content":{"rendered":"\t\t<div data-elementor-type=\"wp-post\" data-elementor-id=\"1551\" class=\"elementor elementor-1551\" data-elementor-post-type=\"post\">\n\t\t\t\t<div class=\"elementor-element elementor-element-f86a4ee e-flex e-con-boxed e-con e-parent\" data-id=\"f86a4ee\" data-element_type=\"container\">\n\t\t\t\t\t<div class=\"e-con-inner\">\n\t\t\t\t<div class=\"elementor-element elementor-element-34f7671 elementor-widget elementor-widget-text-editor\" data-id=\"34f7671\" data-element_type=\"widget\" data-widget_type=\"text-editor.default\">\n\t\t\t\t<div class=\"elementor-widget-container\">\n\t\t\t\t\t\t\t<p><img decoding=\"async\" class=\"size-full wp-image-1554 alignleft\" src=\"https:\/\/elles129186.webdb78.lwspanel.com\/wp-content\/uploads\/2024\/10\/Remise-de-prix-Marianne-de-la-parite-2022-dans-les-intercommunalites-dIndre-et-Loire-01.jpg\" alt=\"\" width=\"251\" height=\"72\" \/><\/p><p>Vendredi 10 mars \u00e0 14h<br \/>Centre des Halles &#8211; salle 121<br \/>Place Gaston Pailhou, Tours<\/p><p>\u00a0<\/p><p>\u00a0Quelle est l\u2019intercommunalit\u00e9 la plus engag\u00e9e dans la d\u00e9mocratie paritaire en Indreet-Loire ? R\u00e9ponse le 10 mars lors de la remise des prix organis\u00e9e par l\u2019association Elles aussi 45, en partenariat avec le r\u00e9seau Elues locales 37 et avec le soutien de la R\u00e9gion et de la Direction r\u00e9gionale aux droits des femmes et \u00e0 l\u2019\u00e9galit\u00e9 du Centre-Val de Loire.\u00a0<\/p><p>\u00a0Cette c\u00e9r\u00e9monie sera aussi l\u2019occasion de r\u00e9unir des \u00e9lues locales et deux parlementaires, Fabienne Colboc et Charles Fournier, dans une table ronde sur le th\u00e8me \u00ab Quels leviers pour une repr\u00e9sentation d\u00e9mocratique et paritaire dans le EPCI ? \u00bb.<\/p><p>Cette remise de prix sera suivie d\u2019un \u00ab verre de la parit\u00e9 \u00bb offert par la ville de Tours.<\/p><p><span style=\"color: #f15b43;\"><strong>Contexte<\/strong><\/span><\/p><p>Les conseils communautaires et m\u00e9tropolitains ont \u00e9t\u00e9 \u00e9lus en juillet 2020, avec un mode de scrutin d\u00e9fini par la loi du 17 avril 2013. Ce mode de scrutin est loin d\u2019assurer une parit\u00e9. Pour preuve, \u00e0 l\u2019\u00e9chelle nationale, les conseils communautaires comprennent seulement 36 % de conseill\u00e8res, 26 % de vice-pr\u00e9sidentes et 11% de pr\u00e9sidentes. Or ces intercommunalit\u00e9s (aussi appel\u00e9es EPCI pour Etablissements publics de coop\u00e9ration intercommunale) sont des organes locaux importants dans la gestion des affaires publiques, avec des comp\u00e9tences et des moyens d\u2019importance. Par exemple : le d\u00e9veloppement \u00e9conomique, l\u2019am\u00e9nagement du territoire communautaire, les d\u00e9chets, l\u2019eau,<\/p><h2>\u00a0<\/h2><p>l\u2019assainissement, les \u00e9quipements sportifs et culturels, les accueils de loisirs \u2026<\/p><p>\u00a0<\/p><p><strong><span style=\"color: #f15b43;\">La Marianne de la parit\u00e9<\/span><\/strong><\/p><p>Organis\u00e9e par l\u2019association Elles aussi dans de nombreux d\u00e9partements fran\u00e7ais, <u>la<\/u> <u>Marianne de la parit\u00e9 2022 dans les EPCI<\/u><a href=\"#_ftn1\" name=\"_ftnref1\"><sup>[1]<\/sup><\/a> a pour objectifs de :<\/p><ul><li>faire un \u00e9tat des lieux de la parit\u00e9, en 2022, dans les intercommunalit\u00e9s au niveau d\u00e9partemental \u00e0 l\u2019aide de crit\u00e8res <u>quantitatifs<\/u> (comme les pourcentages de femmes dans les conseils et les ex\u00e9cutifs) et <u>qualitatifs<\/u> (vice-pr\u00e9sidentes avec des d\u00e9l\u00e9gations non st\u00e9r\u00e9otyp\u00e9es ou avec une d\u00e9l\u00e9gation \u00e9galit\u00e9, signature de la charte europ\u00e9enne de l\u2019\u00e9galit\u00e9 femmes\/hommes, tandem de t\u00eate paritaire\u2026)<\/li><li>mettre \u00e0 l\u2019honneur les EPCI particuli\u00e8rement engag\u00e9s dans une d\u00e9mocratie paritaire<\/li><li>rendre visibles les femmes \u00e9lues qui se sont engag\u00e9es \u00e0 prendre des responsabilit\u00e9s et encourager les femmes \u00e0 s\u2019engager dans la d\u00e9mocratie locale aux \u00e9lections de 2026.<\/li><\/ul><p>\u00a0<\/p><p><strong><span style=\"color: #f15b43;\"><img decoding=\"async\" class=\"alignleft size-full wp-image-1555\" src=\"https:\/\/elles129186.webdb78.lwspanel.com\/wp-content\/uploads\/2024\/10\/Remise-de-prix-Marianne-de-la-parite-2022-dans-les-intercommunalites-dIndre-et-Loire-02.jpg\" alt=\"\" width=\"100\" height=\"132\" \/>Pour tout renseignement et demande d\u2019entretien<\/span><\/strong><\/p><p>Dani\u00e8le Bouchoule : 06 81 74 62 59 \/ <u>ellesaussi45@wanadoo.fr<\/u><\/p><p>Co-pr\u00e9sidente nationale d&rsquo;Elles aussi et responsable de l\u2019antenne<\/p><p>Elles aussi 45<\/p><p>\u00a0<\/p><hr \/><p>\u00c0 propos d\u2019Elles aussi 45 : Elles aussi est un r\u00e9seau, cr\u00e9\u00e9 il y a trente ans, constitu\u00e9 d\u2019antennes locales (d\u00e9partementales ou r\u00e9gionales) et d\u2019associations de femmes d\u2019origines diverses et r\u00e9unies autour d\u2019un objectif : promouvoir la parit\u00e9 dans les instances \u00e9lues et de d\u00e9cision. Elles aussi 45 est l\u2019une des antennes, cr\u00e9\u00e9e dans le Loiret. Elles aussi affirme son pluralisme, son ind\u00e9pendance notamment vis-\u00e0-vis des partis politiques et des institutions religieuses, son attachement aux valeurs d\u00e9mocratiques et r\u00e9publicaines, son attachement \u00e0 la mise en \u0153uvre des droits des femmes.<\/p><p>\u00c0 propos d\u2019\u00c9lues Locales: \u00c9lues Locales est un organisme transpartisan agr\u00e9\u00e9 par le minist\u00e8re de l\u2019Int\u00e9rieur sp\u00e9cialis\u00e9 dans la formation des femmes \u00e9lues. Cr\u00e9\u00e9e en 2012, la soci\u00e9t\u00e9 (avec les valeurs de l\u2019\u00e9conomie sociale et solidaire) organise chaque ann\u00e9e les journ\u00e9es des femmes \u00e9lues en r\u00e9gion et au niveau national. En 10 ans d\u2019existence, la soci\u00e9t\u00e9 a construit le 1<sup>er<\/sup> r\u00e9seau national des femmes \u00e9lues. <u>www.elueslocales.fr<\/u> \u00a0<\/p><p>\u00a0<\/p><p><a href=\"#_ftnref1\" name=\"_ftn1\">[1]<\/a> https:\/\/www.ellesaussi.org\/nos-actions\/les-actions-en-cours\/la-marianne-de-la-parite-2022-dans-les-epci<\/p>\t\t\t\t\t\t<\/div>\n\t\t\t\t<\/div>\n\t\t\t\t\t<\/div>\n\t\t\t\t<\/div>\n\t\t\t\t<\/div>\n\t\t","protected":false},"excerpt":{"rendered":"<p>Vendredi 10 mars \u00e0 14hCentre des Halles &#8211; salle 121Place Gaston Pailhou, Tours \u00a0 \u00a0Quelle est l\u2019intercommunalit\u00e9 la plus engag\u00e9e dans la d\u00e9mocratie paritaire en Indreet-Loire ? R\u00e9ponse le 10 mars lors de la remise des prix organis\u00e9e par l\u2019association Elles aussi 45, en partenariat avec le r\u00e9seau Elues locales 37 et avec le soutien [&hellip;]<\/p>\n","protected":false},"author":1,"featured_media":1552,"comment_status":"closed","ping_status":"closed","sticky":false,"template":"","format":"standard","meta":{"footnotes":""},"categories":[37],"tags":[],"class_list":["post-1551","post","type-post","status-publish","format-standard","has-post-thumbnail","hentry","category-marianne-de-la-parite-2020-2026"],"yoast_head":"<!-- This site is optimized with the Yoast SEO plugin v22.8 - https:\/\/yoast.com\/wordpress\/plugins\/seo\/ -->\n<title>Remise de prix \u00ab Marianne de la parit\u00e9 2022 \u00bb dans les intercommunalit\u00e9s d\u2019Indre-et-Loire - Elles Aussi<\/title>\n<meta name=\"robots\" content=\"index, follow, max-snippet:-1, max-image-preview:large, max-video-preview:-1\" \/>\n<link rel=\"canonical\" href=\"https:\/\/www.ellesaussi.org\/?p=1551\" \/>\n<meta property=\"og:locale\" content=\"fr_FR\" \/>\n<meta property=\"og:type\" content=\"article\" \/>\n<meta property=\"og:title\" content=\"Remise de prix \u00ab Marianne de la parit\u00e9 2022 \u00bb dans les intercommunalit\u00e9s d\u2019Indre-et-Loire - Elles Aussi\" \/>\n<meta property=\"og:description\" content=\"Vendredi 10 mars \u00e0 14hCentre des Halles &#8211; salle 121Place Gaston Pailhou, Tours \u00a0 \u00a0Quelle est l\u2019intercommunalit\u00e9 la plus engag\u00e9e dans la d\u00e9mocratie paritaire en Indreet-Loire ? R\u00e9ponse le 10 mars lors de la remise des prix organis\u00e9e par l\u2019association Elles aussi 45, en partenariat avec le r\u00e9seau Elues locales 37 et avec le soutien [&hellip;]\" \/>\n<meta property=\"og:url\" content=\"https:\/\/www.ellesaussi.org\/?p=1551\" \/>\n<meta property=\"og:site_name\" content=\"Elles Aussi\" \/>\n<meta property=\"article:publisher\" content=\"https:\/\/www.facebook.com\/ellesaussi\/\" \/>\n<meta property=\"article:published_time\" content=\"2023-03-10T10:45:00+00:00\" \/>\n<meta property=\"article:modified_time\" content=\"2024-10-29T10:52:08+00:00\" \/>\n<meta property=\"og:image\" content=\"https:\/\/www.ellesaussi.org\/wp-content\/uploads\/2024\/10\/primes-Marianne-Tours.jpg\" \/>\n\t<meta property=\"og:image:width\" content=\"600\" \/>\n\t<meta property=\"og:image:height\" content=\"325\" \/>\n\t<meta property=\"og:image:type\" content=\"image\/jpeg\" \/>\n<meta name=\"author\" content=\"admin\" \/>\n<meta name=\"twitter:card\" content=\"summary_large_image\" \/>\n<meta name=\"twitter:label1\" content=\"\u00c9crit par\" \/>\n\t<meta name=\"twitter:data1\" content=\"admin\" \/>\n\t<meta name=\"twitter:label2\" content=\"Dur\u00e9e de lecture estim\u00e9e\" \/>\n\t<meta name=\"twitter:data2\" content=\"4 minutes\" \/>\n<script type=\"application\/ld+json\" class=\"yoast-schema-graph\">{\"@context\":\"https:\/\/schema.org\",\"@graph\":[{\"@type\":\"Article\",\"@id\":\"https:\/\/www.ellesaussi.org\/?p=1551#article\",\"isPartOf\":{\"@id\":\"https:\/\/www.ellesaussi.org\/?p=1551\"},\"author\":{\"name\":\"admin\",\"@id\":\"https:\/\/www.ellesaussi.org\/#\/schema\/person\/eeca4be50db30b5dbb39f78fc3364160\"},\"headline\":\"Remise de prix \u00ab Marianne de la parit\u00e9 2022 \u00bb dans les intercommunalit\u00e9s d\u2019Indre-et-Loire\",\"datePublished\":\"2023-03-10T10:45:00+00:00\",\"dateModified\":\"2024-10-29T10:52:08+00:00\",\"mainEntityOfPage\":{\"@id\":\"https:\/\/www.ellesaussi.org\/?p=1551\"},\"wordCount\":625,\"publisher\":{\"@id\":\"https:\/\/www.ellesaussi.org\/#organization\"},\"image\":{\"@id\":\"https:\/\/www.ellesaussi.org\/?p=1551#primaryimage\"},\"thumbnailUrl\":\"https:\/\/www.ellesaussi.org\/wp-content\/uploads\/2024\/10\/primes-Marianne-Tours.jpg\",\"articleSection\":[\"Marianne de la Parit\u00e9 2020-2026\"],\"inLanguage\":\"fr-FR\"},{\"@type\":\"WebPage\",\"@id\":\"https:\/\/www.ellesaussi.org\/?p=1551\",\"url\":\"https:\/\/www.ellesaussi.org\/?p=1551\",\"name\":\"Remise de prix \u00ab Marianne de la parit\u00e9 2022 \u00bb dans les intercommunalit\u00e9s d\u2019Indre-et-Loire - Elles Aussi\",\"isPartOf\":{\"@id\":\"https:\/\/www.ellesaussi.org\/#website\"},\"primaryImageOfPage\":{\"@id\":\"https:\/\/www.ellesaussi.org\/?p=1551#primaryimage\"},\"image\":{\"@id\":\"https:\/\/www.ellesaussi.org\/?p=1551#primaryimage\"},\"thumbnailUrl\":\"https:\/\/www.ellesaussi.org\/wp-content\/uploads\/2024\/10\/primes-Marianne-Tours.jpg\",\"datePublished\":\"2023-03-10T10:45:00+00:00\",\"dateModified\":\"2024-10-29T10:52:08+00:00\",\"breadcrumb\":{\"@id\":\"https:\/\/www.ellesaussi.org\/?p=1551#breadcrumb\"},\"inLanguage\":\"fr-FR\",\"potentialAction\":[{\"@type\":\"ReadAction\",\"target\":[\"https:\/\/www.ellesaussi.org\/?p=1551\"]}]},{\"@type\":\"ImageObject\",\"inLanguage\":\"fr-FR\",\"@id\":\"https:\/\/www.ellesaussi.org\/?p=1551#primaryimage\",\"url\":\"https:\/\/www.ellesaussi.org\/wp-content\/uploads\/2024\/10\/primes-Marianne-Tours.jpg\",\"contentUrl\":\"https:\/\/www.ellesaussi.org\/wp-content\/uploads\/2024\/10\/primes-Marianne-Tours.jpg\",\"width\":600,\"height\":325},{\"@type\":\"BreadcrumbList\",\"@id\":\"https:\/\/www.ellesaussi.org\/?p=1551#breadcrumb\",\"itemListElement\":[{\"@type\":\"ListItem\",\"position\":1,\"name\":\"Accueil\",\"item\":\"https:\/\/www.ellesaussi.org\/\"},{\"@type\":\"ListItem\",\"position\":2,\"name\":\"Remise de prix \u00ab Marianne de la parit\u00e9 2022 \u00bb dans les intercommunalit\u00e9s d\u2019Indre-et-Loire\"}]},{\"@type\":\"WebSite\",\"@id\":\"https:\/\/www.ellesaussi.org\/#website\",\"url\":\"https:\/\/www.ellesaussi.org\/\",\"name\":\"Elles Aussi\",\"description\":\"\",\"publisher\":{\"@id\":\"https:\/\/www.ellesaussi.org\/#organization\"},\"potentialAction\":[{\"@type\":\"SearchAction\",\"target\":{\"@type\":\"EntryPoint\",\"urlTemplate\":\"https:\/\/www.ellesaussi.org\/?s={search_term_string}\"},\"query-input\":\"required name=search_term_string\"}],\"inLanguage\":\"fr-FR\"},{\"@type\":\"Organization\",\"@id\":\"https:\/\/www.ellesaussi.org\/#organization\",\"name\":\"Elles Aussi\",\"url\":\"https:\/\/www.ellesaussi.org\/\",\"logo\":{\"@type\":\"ImageObject\",\"inLanguage\":\"fr-FR\",\"@id\":\"https:\/\/www.ellesaussi.org\/#\/schema\/logo\/image\/\",\"url\":\"https:\/\/www.ellesaussi.org\/wp-content\/uploads\/2024\/05\/Elles-aussi_logotype_rouge.png\",\"contentUrl\":\"https:\/\/www.ellesaussi.org\/wp-content\/uploads\/2024\/05\/Elles-aussi_logotype_rouge.png\",\"width\":3472,\"height\":2480,\"caption\":\"Elles Aussi\"},\"image\":{\"@id\":\"https:\/\/www.ellesaussi.org\/#\/schema\/logo\/image\/\"},\"sameAs\":[\"https:\/\/www.facebook.com\/ellesaussi\/\"]},{\"@type\":\"Person\",\"@id\":\"https:\/\/www.ellesaussi.org\/#\/schema\/person\/eeca4be50db30b5dbb39f78fc3364160\",\"name\":\"admin\",\"image\":{\"@type\":\"ImageObject\",\"inLanguage\":\"fr-FR\",\"@id\":\"https:\/\/www.ellesaussi.org\/#\/schema\/person\/image\/\",\"url\":\"https:\/\/secure.gravatar.com\/avatar\/62da4937aa6d6b509192861c0b966204a1b742b2814f6387fa08fe6c98a8729c?s=96&d=mm&r=g\",\"contentUrl\":\"https:\/\/secure.gravatar.com\/avatar\/62da4937aa6d6b509192861c0b966204a1b742b2814f6387fa08fe6c98a8729c?s=96&d=mm&r=g\",\"caption\":\"admin\"},\"sameAs\":[\"https:\/\/elles129186.webdb78.lwspanel.com\"],\"url\":\"https:\/\/www.ellesaussi.org\/?author=1\"}]}<\/script>\n<!-- \/ Yoast SEO plugin. -->","yoast_head_json":{"title":"Remise de prix \u00ab Marianne de la parit\u00e9 2022 \u00bb dans les intercommunalit\u00e9s d\u2019Indre-et-Loire - Elles Aussi","robots":{"index":"index","follow":"follow","max-snippet":"max-snippet:-1","max-image-preview":"max-image-preview:large","max-video-preview":"max-video-preview:-1"},"canonical":"https:\/\/www.ellesaussi.org\/?p=1551","og_locale":"fr_FR","og_type":"article","og_title":"Remise de prix \u00ab Marianne de la parit\u00e9 2022 \u00bb dans les intercommunalit\u00e9s d\u2019Indre-et-Loire - Elles Aussi","og_description":"Vendredi 10 mars \u00e0 14hCentre des Halles &#8211; salle 121Place Gaston Pailhou, Tours \u00a0 \u00a0Quelle est l\u2019intercommunalit\u00e9 la plus engag\u00e9e dans la d\u00e9mocratie paritaire en Indreet-Loire ? R\u00e9ponse le 10 mars lors de la remise des prix organis\u00e9e par l\u2019association Elles aussi 45, en partenariat avec le r\u00e9seau Elues locales 37 et avec le soutien [&hellip;]","og_url":"https:\/\/www.ellesaussi.org\/?p=1551","og_site_name":"Elles Aussi","article_publisher":"https:\/\/www.facebook.com\/ellesaussi\/","article_published_time":"2023-03-10T10:45:00+00:00","article_modified_time":"2024-10-29T10:52:08+00:00","og_image":[{"width":600,"height":325,"url":"https:\/\/www.ellesaussi.org\/wp-content\/uploads\/2024\/10\/primes-Marianne-Tours.jpg","type":"image\/jpeg"}],"author":"admin","twitter_card":"summary_large_image","twitter_misc":{"\u00c9crit par":"admin","Dur\u00e9e de lecture estim\u00e9e":"4 minutes"},"schema":{"@context":"https:\/\/schema.org","@graph":[{"@type":"Article","@id":"https:\/\/www.ellesaussi.org\/?p=1551#article","isPartOf":{"@id":"https:\/\/www.ellesaussi.org\/?p=1551"},"author":{"name":"admin","@id":"https:\/\/www.ellesaussi.org\/#\/schema\/person\/eeca4be50db30b5dbb39f78fc3364160"},"headline":"Remise de prix \u00ab Marianne de la parit\u00e9 2022 \u00bb dans les intercommunalit\u00e9s d\u2019Indre-et-Loire","datePublished":"2023-03-10T10:45:00+00:00","dateModified":"2024-10-29T10:52:08+00:00","mainEntityOfPage":{"@id":"https:\/\/www.ellesaussi.org\/?p=1551"},"wordCount":625,"publisher":{"@id":"https:\/\/www.ellesaussi.org\/#organization"},"image":{"@id":"https:\/\/www.ellesaussi.org\/?p=1551#primaryimage"},"thumbnailUrl":"https:\/\/www.ellesaussi.org\/wp-content\/uploads\/2024\/10\/primes-Marianne-Tours.jpg","articleSection":["Marianne de la Parit\u00e9 2020-2026"],"inLanguage":"fr-FR"},{"@type":"WebPage","@id":"https:\/\/www.ellesaussi.org\/?p=1551","url":"https:\/\/www.ellesaussi.org\/?p=1551","name":"Remise de prix \u00ab Marianne de la parit\u00e9 2022 \u00bb dans les intercommunalit\u00e9s d\u2019Indre-et-Loire - Elles Aussi","isPartOf":{"@id":"https:\/\/www.ellesaussi.org\/#website"},"primaryImageOfPage":{"@id":"https:\/\/www.ellesaussi.org\/?p=1551#primaryimage"},"image":{"@id":"https:\/\/www.ellesaussi.org\/?p=1551#primaryimage"},"thumbnailUrl":"https:\/\/www.ellesaussi.org\/wp-content\/uploads\/2024\/10\/primes-Marianne-Tours.jpg","datePublished":"2023-03-10T10:45:00+00:00","dateModified":"2024-10-29T10:52:08+00:00","breadcrumb":{"@id":"https:\/\/www.ellesaussi.org\/?p=1551#breadcrumb"},"inLanguage":"fr-FR","potentialAction":[{"@type":"ReadAction","target":["https:\/\/www.ellesaussi.org\/?p=1551"]}]},{"@type":"ImageObject","inLanguage":"fr-FR","@id":"https:\/\/www.ellesaussi.org\/?p=1551#primaryimage","url":"https:\/\/www.ellesaussi.org\/wp-content\/uploads\/2024\/10\/primes-Marianne-Tours.jpg","contentUrl":"https:\/\/www.ellesaussi.org\/wp-content\/uploads\/2024\/10\/primes-Marianne-Tours.jpg","width":600,"height":325},{"@type":"BreadcrumbList","@id":"https:\/\/www.ellesaussi.org\/?p=1551#breadcrumb","itemListElement":[{"@type":"ListItem","position":1,"name":"Accueil","item":"https:\/\/www.ellesaussi.org\/"},{"@type":"ListItem","position":2,"name":"Remise de prix \u00ab Marianne de la parit\u00e9 2022 \u00bb dans les intercommunalit\u00e9s d\u2019Indre-et-Loire"}]},{"@type":"WebSite","@id":"https:\/\/www.ellesaussi.org\/#website","url":"https:\/\/www.ellesaussi.org\/","name":"Elles Aussi","description":"","publisher":{"@id":"https:\/\/www.ellesaussi.org\/#organization"},"potentialAction":[{"@type":"SearchAction","target":{"@type":"EntryPoint","urlTemplate":"https:\/\/www.ellesaussi.org\/?s={search_term_string}"},"query-input":"required name=search_term_string"}],"inLanguage":"fr-FR"},{"@type":"Organization","@id":"https:\/\/www.ellesaussi.org\/#organization","name":"Elles Aussi","url":"https:\/\/www.ellesaussi.org\/","logo":{"@type":"ImageObject","inLanguage":"fr-FR","@id":"https:\/\/www.ellesaussi.org\/#\/schema\/logo\/image\/","url":"https:\/\/www.ellesaussi.org\/wp-content\/uploads\/2024\/05\/Elles-aussi_logotype_rouge.png","contentUrl":"https:\/\/www.ellesaussi.org\/wp-content\/uploads\/2024\/05\/Elles-aussi_logotype_rouge.png","width":3472,"height":2480,"caption":"Elles Aussi"},"image":{"@id":"https:\/\/www.ellesaussi.org\/#\/schema\/logo\/image\/"},"sameAs":["https:\/\/www.facebook.com\/ellesaussi\/"]},{"@type":"Person","@id":"https:\/\/www.ellesaussi.org\/#\/schema\/person\/eeca4be50db30b5dbb39f78fc3364160","name":"admin","image":{"@type":"ImageObject","inLanguage":"fr-FR","@id":"https:\/\/www.ellesaussi.org\/#\/schema\/person\/image\/","url":"https:\/\/secure.gravatar.com\/avatar\/62da4937aa6d6b509192861c0b966204a1b742b2814f6387fa08fe6c98a8729c?s=96&d=mm&r=g","contentUrl":"https:\/\/secure.gravatar.com\/avatar\/62da4937aa6d6b509192861c0b966204a1b742b2814f6387fa08fe6c98a8729c?s=96&d=mm&r=g","caption":"admin"},"sameAs":["https:\/\/elles129186.webdb78.lwspanel.com"],"url":"https:\/\/www.ellesaussi.org\/?author=1"}]}},"_links":{"self":[{"href":"https:\/\/www.ellesaussi.org\/index.php?rest_route=\/wp\/v2\/posts\/1551","targetHints":{"allow":["GET"]}}],"collection":[{"href":"https:\/\/www.ellesaussi.org\/index.php?rest_route=\/wp\/v2\/posts"}],"about":[{"href":"https:\/\/www.ellesaussi.org\/index.php?rest_route=\/wp\/v2\/types\/post"}],"author":[{"embeddable":true,"href":"https:\/\/www.ellesaussi.org\/index.php?rest_route=\/wp\/v2\/users\/1"}],"replies":[{"embeddable":true,"href":"https:\/\/www.ellesaussi.org\/index.php?rest_route=%2Fwp%2Fv2%2Fcomments&post=1551"}],"version-history":[{"count":4,"href":"https:\/\/www.ellesaussi.org\/index.php?rest_route=\/wp\/v2\/posts\/1551\/revisions"}],"predecessor-version":[{"id":1558,"href":"https:\/\/www.ellesaussi.org\/index.php?rest_route=\/wp\/v2\/posts\/1551\/revisions\/1558"}],"wp:featuredmedia":[{"embeddable":true,"href":"https:\/\/www.ellesaussi.org\/index.php?rest_route=\/wp\/v2\/media\/1552"}],"wp:attachment":[{"href":"https:\/\/www.ellesaussi.org\/index.php?rest_route=%2Fwp%2Fv2%2Fmedia&parent=1551"}],"wp:term":[{"taxonomy":"category","embeddable":true,"href":"https:\/\/www.ellesaussi.org\/index.php?rest_route=%2Fwp%2Fv2%2Fcategories&post=1551"},{"taxonomy":"post_tag","embeddable":true,"href":"https:\/\/www.ellesaussi.org\/index.php?rest_route=%2Fwp%2Fv2%2Ftags&post=1551"}],"curies":[{"name":"wp","href":"https:\/\/api.w.org\/{rel}","templated":true}]}}