{"id":1505,"date":"2023-06-05T11:19:00","date_gmt":"2023-06-05T09:19:00","guid":{"rendered":"https:\/\/elles129186.webdb78.lwspanel.com\/?p=1505"},"modified":"2024-10-29T11:26:09","modified_gmt":"2024-10-29T10:26:09","slug":"eure-et-loir-la-marianne-de-la-parite-des-efforts-a-faire-pour-les-intercommunalites","status":"publish","type":"post","link":"https:\/\/www.ellesaussi.org\/?p=1505","title":{"rendered":"EURE-ET-LOIR &#8211; \u00ab\u00a0La Marianne de la Parit\u00e9\u00a0\u00bb\u00a0: des efforts \u00e0 faire pour les intercommunalit\u00e9s"},"content":{"rendered":"\t\t<div data-elementor-type=\"wp-post\" data-elementor-id=\"1505\" class=\"elementor elementor-1505\" data-elementor-post-type=\"post\">\n\t\t\t\t<div class=\"elementor-element elementor-element-f488c90 e-flex e-con-boxed e-con e-parent\" data-id=\"f488c90\" data-element_type=\"container\">\n\t\t\t\t\t<div class=\"e-con-inner\">\n\t\t\t\t<div class=\"elementor-element elementor-element-5269492 elementor-widget elementor-widget-text-editor\" data-id=\"5269492\" data-element_type=\"widget\" data-widget_type=\"text-editor.default\">\n\t\t\t\t<div class=\"elementor-widget-container\">\n\t\t\t\t\t\t\t<p>Le\u00a05 juin 2023\u00a0a eu lieu \u00e0 Maintenon la remise des troph\u00e9es La Marianne de la Parit\u00e9 pour les EPCI d&rsquo;Eure et Loir<\/p><p><img fetchpriority=\"high\" decoding=\"async\" class=\"aligncenter size-full wp-image-1515\" src=\"https:\/\/elles129186.webdb78.lwspanel.com\/wp-content\/uploads\/2024\/10\/echo-republicain-28.jpg\" alt=\"\" width=\"1000\" height=\"313\" srcset=\"https:\/\/www.ellesaussi.org\/wp-content\/uploads\/2024\/10\/echo-republicain-28.jpg 1000w, https:\/\/www.ellesaussi.org\/wp-content\/uploads\/2024\/10\/echo-republicain-28-300x94.jpg 300w, https:\/\/www.ellesaussi.org\/wp-content\/uploads\/2024\/10\/echo-republicain-28-768x240.jpg 768w, https:\/\/www.ellesaussi.org\/wp-content\/uploads\/2024\/10\/echo-republicain-28-600x188.jpg 600w\" sizes=\"(max-width: 1000px) 100vw, 1000px\" \/><\/p><p><strong>\u00e9couter l&rsquo;interview de Dani\u00e8le Bouchoule, notre co-pr\u00e9sidente :<\/strong><\/p><p><audio class=\"wp-audio-shortcode\" id=\"audio-1505-1\" preload=\"none\" style=\"width: 100%;\" controls=\"controls\"><source type=\"audio\/mpeg\" src=\"https:\/\/elles129186.webdb78.lwspanel.com\/wp-content\/uploads\/2024\/10\/Maintenon_marianne_de_la_parite.mp3?_=1\" \/><a href=\"https:\/\/elles129186.webdb78.lwspanel.com\/wp-content\/uploads\/2024\/10\/Maintenon_marianne_de_la_parite.mp3\">https:\/\/elles129186.webdb78.lwspanel.com\/wp-content\/uploads\/2024\/10\/Maintenon_marianne_de_la_parite.mp3<\/a><\/audio><\/p>\t\t\t\t\t\t<\/div>\n\t\t\t\t<\/div>\n\t\t\t\t<div class=\"elementor-element elementor-element-053926d elementor-widget elementor-widget-button\" data-id=\"053926d\" data-element_type=\"widget\" data-widget_type=\"button.default\">\n\t\t\t\t<div class=\"elementor-widget-container\">\n\t\t\t\t\t<div class=\"elementor-button-wrapper\">\n\t\t\t<a class=\"elementor-button elementor-button-link elementor-size-sm\" href=\"https:\/\/intensite.net\/2009\/actualite-2023\/eure-et-loir-la-marianne-de-la-parite-des-efforts-a-faire-pour-les-intercommunalites\" target=\"_blank\">\n\t\t\t\t\t\t<span class=\"elementor-button-content-wrapper\">\n\t\t\t\t\t\t\t\t\t<span class=\"elementor-button-text\">lire l'article de la r\u00e9daction de la radio Eure-et-Loir du 6 juin 2023<\/span>\n\t\t\t\t\t<\/span>\n\t\t\t\t\t<\/a>\n\t\t<\/div>\n\t\t\t\t<\/div>\n\t\t\t\t<\/div>\n\t\t\t\t\t<\/div>\n\t\t\t\t<\/div>\n\t\t\t\t<\/div>\n\t\t","protected":false},"excerpt":{"rendered":"<p>Le\u00a05 juin 2023\u00a0a eu lieu \u00e0 Maintenon la remise des troph\u00e9es La Marianne de la Parit\u00e9 pour les EPCI d&rsquo;Eure et Loir \u00e9couter l&rsquo;interview de Dani\u00e8le Bouchoule, notre co-pr\u00e9sidente : lire l&rsquo;article de la r\u00e9daction de la radio Eure-et-Loir du 6 juin 2023<\/p>\n","protected":false},"author":1,"featured_media":1506,"comment_status":"closed","ping_status":"closed","sticky":false,"template":"","format":"standard","meta":{"footnotes":""},"categories":[37],"tags":[],"class_list":["post-1505","post","type-post","status-publish","format-standard","has-post-thumbnail","hentry","category-marianne-de-la-parite-2020-2026"],"yoast_head":"<!-- This site is optimized with the Yoast SEO plugin v22.8 - https:\/\/yoast.com\/wordpress\/plugins\/seo\/ -->\n<title>EURE-ET-LOIR - \u00ab\u00a0La Marianne de la Parit\u00e9\u00a0\u00bb\u00a0: des efforts \u00e0 faire pour les intercommunalit\u00e9s - Elles Aussi<\/title>\n<meta name=\"robots\" content=\"index, follow, max-snippet:-1, max-image-preview:large, max-video-preview:-1\" \/>\n<link rel=\"canonical\" href=\"https:\/\/www.ellesaussi.org\/?p=1505\" \/>\n<meta property=\"og:locale\" content=\"fr_FR\" \/>\n<meta property=\"og:type\" content=\"article\" \/>\n<meta property=\"og:title\" content=\"EURE-ET-LOIR - \u00ab\u00a0La Marianne de la Parit\u00e9\u00a0\u00bb\u00a0: des efforts \u00e0 faire pour les intercommunalit\u00e9s - Elles Aussi\" \/>\n<meta property=\"og:description\" content=\"Le\u00a05 juin 2023\u00a0a eu lieu \u00e0 Maintenon la remise des troph\u00e9es La Marianne de la Parit\u00e9 pour les EPCI d&rsquo;Eure et Loir \u00e9couter l&rsquo;interview de Dani\u00e8le Bouchoule, notre co-pr\u00e9sidente : lire l&rsquo;article de la r\u00e9daction de la radio Eure-et-Loir du 6 juin 2023\" \/>\n<meta property=\"og:url\" content=\"https:\/\/www.ellesaussi.org\/?p=1505\" \/>\n<meta property=\"og:site_name\" content=\"Elles Aussi\" \/>\n<meta property=\"article:publisher\" content=\"https:\/\/www.facebook.com\/ellesaussi\/\" \/>\n<meta property=\"article:published_time\" content=\"2023-06-05T09:19:00+00:00\" \/>\n<meta property=\"article:modified_time\" content=\"2024-10-29T10:26:09+00:00\" \/>\n<meta property=\"og:image\" content=\"https:\/\/www.ellesaussi.org\/wp-content\/uploads\/2024\/10\/230606_marianne_de_la_parite_3.jpg\" \/>\n\t<meta property=\"og:image:width\" content=\"640\" \/>\n\t<meta property=\"og:image:height\" content=\"738\" \/>\n\t<meta property=\"og:image:type\" content=\"image\/jpeg\" \/>\n<meta name=\"author\" content=\"admin\" \/>\n<meta name=\"twitter:card\" content=\"summary_large_image\" \/>\n<meta name=\"twitter:label1\" content=\"\u00c9crit par\" \/>\n\t<meta name=\"twitter:data1\" content=\"admin\" \/>\n\t<meta name=\"twitter:label2\" content=\"Dur\u00e9e de lecture estim\u00e9e\" \/>\n\t<meta name=\"twitter:data2\" content=\"1 minute\" \/>\n<script type=\"application\/ld+json\" class=\"yoast-schema-graph\">{\"@context\":\"https:\/\/schema.org\",\"@graph\":[{\"@type\":\"Article\",\"@id\":\"https:\/\/www.ellesaussi.org\/?p=1505#article\",\"isPartOf\":{\"@id\":\"https:\/\/www.ellesaussi.org\/?p=1505\"},\"author\":{\"name\":\"admin\",\"@id\":\"https:\/\/www.ellesaussi.org\/#\/schema\/person\/eeca4be50db30b5dbb39f78fc3364160\"},\"headline\":\"EURE-ET-LOIR &#8211; \u00ab\u00a0La Marianne de la Parit\u00e9\u00a0\u00bb\u00a0: des efforts \u00e0 faire pour les intercommunalit\u00e9s\",\"datePublished\":\"2023-06-05T09:19:00+00:00\",\"dateModified\":\"2024-10-29T10:26:09+00:00\",\"mainEntityOfPage\":{\"@id\":\"https:\/\/www.ellesaussi.org\/?p=1505\"},\"wordCount\":75,\"publisher\":{\"@id\":\"https:\/\/www.ellesaussi.org\/#organization\"},\"image\":{\"@id\":\"https:\/\/www.ellesaussi.org\/?p=1505#primaryimage\"},\"thumbnailUrl\":\"https:\/\/www.ellesaussi.org\/wp-content\/uploads\/2024\/10\/230606_marianne_de_la_parite_3.jpg\",\"articleSection\":[\"Marianne de la Parit\u00e9 2020-2026\"],\"inLanguage\":\"fr-FR\"},{\"@type\":\"WebPage\",\"@id\":\"https:\/\/www.ellesaussi.org\/?p=1505\",\"url\":\"https:\/\/www.ellesaussi.org\/?p=1505\",\"name\":\"EURE-ET-LOIR - \u00ab\u00a0La Marianne de la Parit\u00e9\u00a0\u00bb\u00a0: des efforts \u00e0 faire pour les intercommunalit\u00e9s - Elles Aussi\",\"isPartOf\":{\"@id\":\"https:\/\/www.ellesaussi.org\/#website\"},\"primaryImageOfPage\":{\"@id\":\"https:\/\/www.ellesaussi.org\/?p=1505#primaryimage\"},\"image\":{\"@id\":\"https:\/\/www.ellesaussi.org\/?p=1505#primaryimage\"},\"thumbnailUrl\":\"https:\/\/www.ellesaussi.org\/wp-content\/uploads\/2024\/10\/230606_marianne_de_la_parite_3.jpg\",\"datePublished\":\"2023-06-05T09:19:00+00:00\",\"dateModified\":\"2024-10-29T10:26:09+00:00\",\"breadcrumb\":{\"@id\":\"https:\/\/www.ellesaussi.org\/?p=1505#breadcrumb\"},\"inLanguage\":\"fr-FR\",\"potentialAction\":[{\"@type\":\"ReadAction\",\"target\":[\"https:\/\/www.ellesaussi.org\/?p=1505\"]}]},{\"@type\":\"ImageObject\",\"inLanguage\":\"fr-FR\",\"@id\":\"https:\/\/www.ellesaussi.org\/?p=1505#primaryimage\",\"url\":\"https:\/\/www.ellesaussi.org\/wp-content\/uploads\/2024\/10\/230606_marianne_de_la_parite_3.jpg\",\"contentUrl\":\"https:\/\/www.ellesaussi.org\/wp-content\/uploads\/2024\/10\/230606_marianne_de_la_parite_3.jpg\",\"width\":640,\"height\":738},{\"@type\":\"BreadcrumbList\",\"@id\":\"https:\/\/www.ellesaussi.org\/?p=1505#breadcrumb\",\"itemListElement\":[{\"@type\":\"ListItem\",\"position\":1,\"name\":\"Accueil\",\"item\":\"https:\/\/www.ellesaussi.org\/\"},{\"@type\":\"ListItem\",\"position\":2,\"name\":\"EURE-ET-LOIR &#8211; \u00ab\u00a0La Marianne de la Parit\u00e9\u00a0\u00bb\u00a0: des efforts \u00e0 faire pour les intercommunalit\u00e9s\"}]},{\"@type\":\"WebSite\",\"@id\":\"https:\/\/www.ellesaussi.org\/#website\",\"url\":\"https:\/\/www.ellesaussi.org\/\",\"name\":\"Elles Aussi\",\"description\":\"\",\"publisher\":{\"@id\":\"https:\/\/www.ellesaussi.org\/#organization\"},\"potentialAction\":[{\"@type\":\"SearchAction\",\"target\":{\"@type\":\"EntryPoint\",\"urlTemplate\":\"https:\/\/www.ellesaussi.org\/?s={search_term_string}\"},\"query-input\":\"required name=search_term_string\"}],\"inLanguage\":\"fr-FR\"},{\"@type\":\"Organization\",\"@id\":\"https:\/\/www.ellesaussi.org\/#organization\",\"name\":\"Elles Aussi\",\"url\":\"https:\/\/www.ellesaussi.org\/\",\"logo\":{\"@type\":\"ImageObject\",\"inLanguage\":\"fr-FR\",\"@id\":\"https:\/\/www.ellesaussi.org\/#\/schema\/logo\/image\/\",\"url\":\"https:\/\/www.ellesaussi.org\/wp-content\/uploads\/2024\/05\/Elles-aussi_logotype_rouge.png\",\"contentUrl\":\"https:\/\/www.ellesaussi.org\/wp-content\/uploads\/2024\/05\/Elles-aussi_logotype_rouge.png\",\"width\":3472,\"height\":2480,\"caption\":\"Elles Aussi\"},\"image\":{\"@id\":\"https:\/\/www.ellesaussi.org\/#\/schema\/logo\/image\/\"},\"sameAs\":[\"https:\/\/www.facebook.com\/ellesaussi\/\"]},{\"@type\":\"Person\",\"@id\":\"https:\/\/www.ellesaussi.org\/#\/schema\/person\/eeca4be50db30b5dbb39f78fc3364160\",\"name\":\"admin\",\"image\":{\"@type\":\"ImageObject\",\"inLanguage\":\"fr-FR\",\"@id\":\"https:\/\/www.ellesaussi.org\/#\/schema\/person\/image\/\",\"url\":\"https:\/\/secure.gravatar.com\/avatar\/62da4937aa6d6b509192861c0b966204a1b742b2814f6387fa08fe6c98a8729c?s=96&d=mm&r=g\",\"contentUrl\":\"https:\/\/secure.gravatar.com\/avatar\/62da4937aa6d6b509192861c0b966204a1b742b2814f6387fa08fe6c98a8729c?s=96&d=mm&r=g\",\"caption\":\"admin\"},\"sameAs\":[\"https:\/\/elles129186.webdb78.lwspanel.com\"],\"url\":\"https:\/\/www.ellesaussi.org\/?author=1\"}]}<\/script>\n<!-- \/ Yoast SEO plugin. -->","yoast_head_json":{"title":"EURE-ET-LOIR - \u00ab\u00a0La Marianne de la Parit\u00e9\u00a0\u00bb\u00a0: des efforts \u00e0 faire pour les intercommunalit\u00e9s - Elles Aussi","robots":{"index":"index","follow":"follow","max-snippet":"max-snippet:-1","max-image-preview":"max-image-preview:large","max-video-preview":"max-video-preview:-1"},"canonical":"https:\/\/www.ellesaussi.org\/?p=1505","og_locale":"fr_FR","og_type":"article","og_title":"EURE-ET-LOIR - \u00ab\u00a0La Marianne de la Parit\u00e9\u00a0\u00bb\u00a0: des efforts \u00e0 faire pour les intercommunalit\u00e9s - Elles Aussi","og_description":"Le\u00a05 juin 2023\u00a0a eu lieu \u00e0 Maintenon la remise des troph\u00e9es La Marianne de la Parit\u00e9 pour les EPCI d&rsquo;Eure et Loir \u00e9couter l&rsquo;interview de Dani\u00e8le Bouchoule, notre co-pr\u00e9sidente : lire l&rsquo;article de la r\u00e9daction de la radio Eure-et-Loir du 6 juin 2023","og_url":"https:\/\/www.ellesaussi.org\/?p=1505","og_site_name":"Elles Aussi","article_publisher":"https:\/\/www.facebook.com\/ellesaussi\/","article_published_time":"2023-06-05T09:19:00+00:00","article_modified_time":"2024-10-29T10:26:09+00:00","og_image":[{"width":640,"height":738,"url":"https:\/\/www.ellesaussi.org\/wp-content\/uploads\/2024\/10\/230606_marianne_de_la_parite_3.jpg","type":"image\/jpeg"}],"author":"admin","twitter_card":"summary_large_image","twitter_misc":{"\u00c9crit par":"admin","Dur\u00e9e de lecture estim\u00e9e":"1 minute"},"schema":{"@context":"https:\/\/schema.org","@graph":[{"@type":"Article","@id":"https:\/\/www.ellesaussi.org\/?p=1505#article","isPartOf":{"@id":"https:\/\/www.ellesaussi.org\/?p=1505"},"author":{"name":"admin","@id":"https:\/\/www.ellesaussi.org\/#\/schema\/person\/eeca4be50db30b5dbb39f78fc3364160"},"headline":"EURE-ET-LOIR &#8211; \u00ab\u00a0La Marianne de la Parit\u00e9\u00a0\u00bb\u00a0: des efforts \u00e0 faire pour les intercommunalit\u00e9s","datePublished":"2023-06-05T09:19:00+00:00","dateModified":"2024-10-29T10:26:09+00:00","mainEntityOfPage":{"@id":"https:\/\/www.ellesaussi.org\/?p=1505"},"wordCount":75,"publisher":{"@id":"https:\/\/www.ellesaussi.org\/#organization"},"image":{"@id":"https:\/\/www.ellesaussi.org\/?p=1505#primaryimage"},"thumbnailUrl":"https:\/\/www.ellesaussi.org\/wp-content\/uploads\/2024\/10\/230606_marianne_de_la_parite_3.jpg","articleSection":["Marianne de la Parit\u00e9 2020-2026"],"inLanguage":"fr-FR"},{"@type":"WebPage","@id":"https:\/\/www.ellesaussi.org\/?p=1505","url":"https:\/\/www.ellesaussi.org\/?p=1505","name":"EURE-ET-LOIR - \u00ab\u00a0La Marianne de la Parit\u00e9\u00a0\u00bb\u00a0: des efforts \u00e0 faire pour les intercommunalit\u00e9s - Elles Aussi","isPartOf":{"@id":"https:\/\/www.ellesaussi.org\/#website"},"primaryImageOfPage":{"@id":"https:\/\/www.ellesaussi.org\/?p=1505#primaryimage"},"image":{"@id":"https:\/\/www.ellesaussi.org\/?p=1505#primaryimage"},"thumbnailUrl":"https:\/\/www.ellesaussi.org\/wp-content\/uploads\/2024\/10\/230606_marianne_de_la_parite_3.jpg","datePublished":"2023-06-05T09:19:00+00:00","dateModified":"2024-10-29T10:26:09+00:00","breadcrumb":{"@id":"https:\/\/www.ellesaussi.org\/?p=1505#breadcrumb"},"inLanguage":"fr-FR","potentialAction":[{"@type":"ReadAction","target":["https:\/\/www.ellesaussi.org\/?p=1505"]}]},{"@type":"ImageObject","inLanguage":"fr-FR","@id":"https:\/\/www.ellesaussi.org\/?p=1505#primaryimage","url":"https:\/\/www.ellesaussi.org\/wp-content\/uploads\/2024\/10\/230606_marianne_de_la_parite_3.jpg","contentUrl":"https:\/\/www.ellesaussi.org\/wp-content\/uploads\/2024\/10\/230606_marianne_de_la_parite_3.jpg","width":640,"height":738},{"@type":"BreadcrumbList","@id":"https:\/\/www.ellesaussi.org\/?p=1505#breadcrumb","itemListElement":[{"@type":"ListItem","position":1,"name":"Accueil","item":"https:\/\/www.ellesaussi.org\/"},{"@type":"ListItem","position":2,"name":"EURE-ET-LOIR &#8211; \u00ab\u00a0La Marianne de la Parit\u00e9\u00a0\u00bb\u00a0: des efforts \u00e0 faire pour les intercommunalit\u00e9s"}]},{"@type":"WebSite","@id":"https:\/\/www.ellesaussi.org\/#website","url":"https:\/\/www.ellesaussi.org\/","name":"Elles Aussi","description":"","publisher":{"@id":"https:\/\/www.ellesaussi.org\/#organization"},"potentialAction":[{"@type":"SearchAction","target":{"@type":"EntryPoint","urlTemplate":"https:\/\/www.ellesaussi.org\/?s={search_term_string}"},"query-input":"required name=search_term_string"}],"inLanguage":"fr-FR"},{"@type":"Organization","@id":"https:\/\/www.ellesaussi.org\/#organization","name":"Elles Aussi","url":"https:\/\/www.ellesaussi.org\/","logo":{"@type":"ImageObject","inLanguage":"fr-FR","@id":"https:\/\/www.ellesaussi.org\/#\/schema\/logo\/image\/","url":"https:\/\/www.ellesaussi.org\/wp-content\/uploads\/2024\/05\/Elles-aussi_logotype_rouge.png","contentUrl":"https:\/\/www.ellesaussi.org\/wp-content\/uploads\/2024\/05\/Elles-aussi_logotype_rouge.png","width":3472,"height":2480,"caption":"Elles Aussi"},"image":{"@id":"https:\/\/www.ellesaussi.org\/#\/schema\/logo\/image\/"},"sameAs":["https:\/\/www.facebook.com\/ellesaussi\/"]},{"@type":"Person","@id":"https:\/\/www.ellesaussi.org\/#\/schema\/person\/eeca4be50db30b5dbb39f78fc3364160","name":"admin","image":{"@type":"ImageObject","inLanguage":"fr-FR","@id":"https:\/\/www.ellesaussi.org\/#\/schema\/person\/image\/","url":"https:\/\/secure.gravatar.com\/avatar\/62da4937aa6d6b509192861c0b966204a1b742b2814f6387fa08fe6c98a8729c?s=96&d=mm&r=g","contentUrl":"https:\/\/secure.gravatar.com\/avatar\/62da4937aa6d6b509192861c0b966204a1b742b2814f6387fa08fe6c98a8729c?s=96&d=mm&r=g","caption":"admin"},"sameAs":["https:\/\/elles129186.webdb78.lwspanel.com"],"url":"https:\/\/www.ellesaussi.org\/?author=1"}]}},"_links":{"self":[{"href":"https:\/\/www.ellesaussi.org\/index.php?rest_route=\/wp\/v2\/posts\/1505","targetHints":{"allow":["GET"]}}],"collection":[{"href":"https:\/\/www.ellesaussi.org\/index.php?rest_route=\/wp\/v2\/posts"}],"about":[{"href":"https:\/\/www.ellesaussi.org\/index.php?rest_route=\/wp\/v2\/types\/post"}],"author":[{"embeddable":true,"href":"https:\/\/www.ellesaussi.org\/index.php?rest_route=\/wp\/v2\/users\/1"}],"replies":[{"embeddable":true,"href":"https:\/\/www.ellesaussi.org\/index.php?rest_route=%2Fwp%2Fv2%2Fcomments&post=1505"}],"version-history":[{"count":10,"href":"https:\/\/www.ellesaussi.org\/index.php?rest_route=\/wp\/v2\/posts\/1505\/revisions"}],"predecessor-version":[{"id":1518,"href":"https:\/\/www.ellesaussi.org\/index.php?rest_route=\/wp\/v2\/posts\/1505\/revisions\/1518"}],"wp:featuredmedia":[{"embeddable":true,"href":"https:\/\/www.ellesaussi.org\/index.php?rest_route=\/wp\/v2\/media\/1506"}],"wp:attachment":[{"href":"https:\/\/www.ellesaussi.org\/index.php?rest_route=%2Fwp%2Fv2%2Fmedia&parent=1505"}],"wp:term":[{"taxonomy":"category","embeddable":true,"href":"https:\/\/www.ellesaussi.org\/index.php?rest_route=%2Fwp%2Fv2%2Fcategories&post=1505"},{"taxonomy":"post_tag","embeddable":true,"href":"https:\/\/www.ellesaussi.org\/index.php?rest_route=%2Fwp%2Fv2%2Ftags&post=1505"}],"curies":[{"name":"wp","href":"https:\/\/api.w.org\/{rel}","templated":true}]}}