{"id":1500,"date":"2023-06-07T11:12:00","date_gmt":"2023-06-07T09:12:00","guid":{"rendered":"https:\/\/elles129186.webdb78.lwspanel.com\/?p=1500"},"modified":"2024-10-29T11:17:46","modified_gmt":"2024-10-29T10:17:46","slug":"la-marianne-de-la-parite-en-bretagne-le-28-fevrier-a-la-prefecture-de-region","status":"publish","type":"post","link":"https:\/\/www.ellesaussi.org\/?p=1500","title":{"rendered":"La Marianne de la Parit\u00e9 en Bretagne le 28 f\u00e9vrier \u00e0 la Pr\u00e9fecture de r\u00e9gion."},"content":{"rendered":"\t\t<div data-elementor-type=\"wp-post\" data-elementor-id=\"1500\" class=\"elementor elementor-1500\" data-elementor-post-type=\"post\">\n\t\t\t\t<div class=\"elementor-element elementor-element-7e66352 e-flex e-con-boxed e-con e-parent\" data-id=\"7e66352\" data-element_type=\"container\">\n\t\t\t\t\t<div class=\"e-con-inner\">\n\t\t\t\t<div class=\"elementor-element elementor-element-ffaf9a0 elementor-widget elementor-widget-text-editor\" data-id=\"ffaf9a0\" data-element_type=\"widget\" data-widget_type=\"text-editor.default\">\n\t\t\t\t<div class=\"elementor-widget-container\">\n\t\t\t\t\t\t\t<p>Cette remise de troph\u00e9es a permis \u00e0 Elles aussi de faire un double constat : d\u2019une part la Bretagne reste parmi les r\u00e9gions avec des taux de f\u00e9minisa on dans les instances intercommunales au-dessus de la moyenne nationale, d\u2019autre part les EPCI peinent encore \u00e0 implanter des politiques publiques d\u2019\u00e9galit\u00e9 femmes hommes sur leur territoire malgr\u00e9 des incita ons et du volontarisme.\u00a0\u00a0<\/p><p><span style=\"color: #f15b43;\"><strong>Quelques rep\u00e8res quantitatifs et qualitatifs<\/strong><\/span><\/p><p>En Bretagne, La f\u00e9minisa on des instances communautaires est nettement en hausse : Sur les 60 EPCI, on trouve 11 pr\u00e9sidentes (3 en 2017), 29 tandems paritaires \u00e0 la t\u00eate de l\u2019ex\u00e9cutif, 29,2% de femmes dans les ex\u00e9cutifs (20% en 2017), 36,6% des vice-pr\u00e9sidentes avec des d\u00e9l\u00e9gations non-st\u00e9r\u00e9otyp\u00e9es, 40,6% de femmes dans les conseils (36% en 2017).\u00a0\u00a0 Mais seules 15 intercommunalit\u00e9s ont d\u00e9clar\u00e9 avoir une d\u00e9l\u00e9gation \u00e0 l\u2019\u00e9galit\u00e9 femmes-hommes et quelques ex\u00e9cutifs restent r\u00e9fractaires \u00e0 la pr\u00e9sence des femmes : 1 ex\u00e9cutif sans femmes et 7 avec une seule femme.<\/p><p>Parmi les 13 EPCI ayant \u00e9t\u00e9 prim\u00e9s, 7 ont des ex\u00e9cutifs paritaires, r\u00e9sultat d\u2019une volont\u00e9 poli que affich\u00e9e, ou d\u2019une exigence d\u00e9mocratique bien comprise ; et ceci contre l\u2019a ente de certains vice-pr\u00e9sidents de la pr\u00e9c\u00e9dente mandature qui pensaient \u00eatre l\u00e9gitimement reconduits, comme a t\u00e9moign\u00e9 la pr\u00e9sidente d\u2019un EPCI prim\u00e9.<\/p><p>Le Palmar\u00e8s, le programme de l\u2019\u00e9v\u00e8nement et le dossier pour la presse sont sur notre site.\u00a0<\/p><p><strong><span style=\"color: #f15b43;\">Les politiques publiques d\u2019\u00e9galit\u00e9 femmes-hommes<\/span><\/strong><\/p><p>Malgr\u00e9 la charte europ\u00e9enne pour l\u2019\u00e9galit\u00e9 des femmes et des hommes dans la vie locale lanc\u00e9e en 2006 par le Conseil des communes et r\u00e9gions d\u2019Europe, puis la loi 2014 sur l\u2019\u00e9galit\u00e9 r\u00e9elle en France les intercommunalit\u00e9s peinent encore \u00e0 me re en place des politiques publiques d\u2019\u00e9galit\u00e9 sur leur territoire (18 ont d\u00e9clar\u00e9 le faire). Pour inclure l\u2019\u00e9galit\u00e9 femmes-hommes dans les politiques publiques et ainsi diffuser une culture de l\u2019\u00e9galit\u00e9, la R\u00e9gion Bretagne a lanc\u00e9 un programme \u00e0 des na on des EPCI.\u00a0 8 EPCI se sont port\u00e9s volontaires pour d\u00e9marrer le processus avec l\u2019aide d\u2019un cabinet sp\u00e9cialis\u00e9.\u00a0<\/p><p>Ce fut le th\u00e8me principal de la table-ronde qui a pr\u00e9c\u00e9d\u00e9 la remise des troph\u00e9es o\u00f9 des d\u00e9l\u00e9gu\u00e9.es \u00e0 l\u2019\u00e9galit\u00e9 femmes-hommes (Pascale Doineau de Quimperl\u00e9 Communaut\u00e9, Patrick Brigand de Leff Armor Communaut\u00e9) et Pierre Pouliquen, le vice-pr\u00e9sident de la r\u00e9gion, responsable du programme, ont pu t\u00e9moigner sur la d\u00e9marche. Cela commence par une prise de conscience collective, avec des sensibilisa ons pour les \u00e9lu\u00b7es et les agent\u00b7es, puis l\u2019\u00e9tablissement d\u2019un diagnostic avec la difficult\u00e9 de collecter l\u2019informa on, avant de se lancer dans des ac ons concr\u00e8tes. Parmi celles-ci : les violences intrafamiliales avec des r\u00e9f\u00e9rent\u00b7es form\u00e9\u00b7es dans chaque commune et des relais V.I.F, l\u2019\u00e9galit\u00e9 professionnelle \u00ab nos m\u00e9 ers n\u2019ont pas de sexe, ce sont nos comp\u00e9tences qui comptent \u00bb, des colloques sur l\u2019entreprenariat au f\u00e9minin, des expositions dont une de portraits de femmes inspirantes\u2026.Des \u00e9changent entre EPCI sont organis\u00e9s.<\/p><p><strong><span style=\"color: #f15b43;\">Remerciements<\/span><\/strong><\/p><p>Un grand merci \u00e0 toutes celles et ceux qui se sont associ\u00e9s \u00e0 Elles aussi pour organiser cet \u00e9v\u00e8nement : la Direc on des droits des femmes et de l\u2019\u00e9galit\u00e9 de la R\u00e9gion Bretagne, le Conseil r\u00e9gional, le jury qui a d\u00e9sign\u00e9 les EPCI les plus m\u00e9ritants et Reine Lepinay, notre co-pr\u00e9sidente, qui a pr\u00e9sent\u00e9 les recommanda ons du Haut Conseil \u00e0 l\u2019\u00e9galit\u00e9 pour la parit\u00e9 dans les intercommunalit\u00e9s.<\/p><p>Et nos sinc\u00e8res f\u00e9licita ons aux treize EPCI prim\u00e9s.\u00a0<\/p><p>Amelle Danet, VP Elles aussi,\u00a0<\/p><p>responsable de La Marianne de la Parit\u00e9 en Bretagne<\/p>\t\t\t\t\t\t<\/div>\n\t\t\t\t<\/div>\n\t\t\t\t\t<\/div>\n\t\t\t\t<\/div>\n\t\t\t\t<\/div>\n\t\t","protected":false},"excerpt":{"rendered":"<p>Cette remise de troph\u00e9es a permis \u00e0 Elles aussi de faire un double constat : d\u2019une part la Bretagne reste parmi les r\u00e9gions avec des taux de f\u00e9minisa on dans les instances intercommunales au-dessus de la moyenne nationale, d\u2019autre part les EPCI peinent encore \u00e0 implanter des politiques publiques d\u2019\u00e9galit\u00e9 femmes hommes sur leur territoire [&hellip;]<\/p>\n","protected":false},"author":1,"featured_media":683,"comment_status":"closed","ping_status":"closed","sticky":false,"template":"","format":"standard","meta":{"footnotes":""},"categories":[37],"tags":[],"class_list":["post-1500","post","type-post","status-publish","format-standard","has-post-thumbnail","hentry","category-marianne-de-la-parite-2020-2026"],"yoast_head":"<!-- This site is optimized with the Yoast SEO plugin v22.8 - https:\/\/yoast.com\/wordpress\/plugins\/seo\/ -->\n<title>La Marianne de la Parit\u00e9 en Bretagne le 28 f\u00e9vrier \u00e0 la Pr\u00e9fecture de r\u00e9gion. - Elles Aussi<\/title>\n<meta name=\"robots\" content=\"index, follow, max-snippet:-1, max-image-preview:large, max-video-preview:-1\" \/>\n<link rel=\"canonical\" href=\"https:\/\/www.ellesaussi.org\/?p=1500\" \/>\n<meta property=\"og:locale\" content=\"fr_FR\" \/>\n<meta property=\"og:type\" content=\"article\" \/>\n<meta property=\"og:title\" content=\"La Marianne de la Parit\u00e9 en Bretagne le 28 f\u00e9vrier \u00e0 la Pr\u00e9fecture de r\u00e9gion. - Elles Aussi\" \/>\n<meta property=\"og:description\" content=\"Cette remise de troph\u00e9es a permis \u00e0 Elles aussi de faire un double constat : d\u2019une part la Bretagne reste parmi les r\u00e9gions avec des taux de f\u00e9minisa on dans les instances intercommunales au-dessus de la moyenne nationale, d\u2019autre part les EPCI peinent encore \u00e0 implanter des politiques publiques d\u2019\u00e9galit\u00e9 femmes hommes sur leur territoire [&hellip;]\" \/>\n<meta property=\"og:url\" content=\"https:\/\/www.ellesaussi.org\/?p=1500\" \/>\n<meta property=\"og:site_name\" content=\"Elles Aussi\" \/>\n<meta property=\"article:publisher\" content=\"https:\/\/www.facebook.com\/ellesaussi\/\" \/>\n<meta property=\"article:published_time\" content=\"2023-06-07T09:12:00+00:00\" \/>\n<meta property=\"article:modified_time\" content=\"2024-10-29T10:17:46+00:00\" \/>\n<meta property=\"og:image\" content=\"https:\/\/www.ellesaussi.org\/wp-content\/uploads\/2024\/10\/appel-du-18-juin-2024-Elles-aussi.jpg\" \/>\n\t<meta property=\"og:image:width\" content=\"200\" \/>\n\t<meta property=\"og:image:height\" content=\"144\" \/>\n\t<meta property=\"og:image:type\" content=\"image\/jpeg\" \/>\n<meta name=\"author\" content=\"admin\" \/>\n<meta name=\"twitter:card\" content=\"summary_large_image\" \/>\n<meta name=\"twitter:label1\" content=\"\u00c9crit par\" \/>\n\t<meta name=\"twitter:data1\" content=\"admin\" \/>\n\t<meta name=\"twitter:label2\" content=\"Dur\u00e9e de lecture estim\u00e9e\" \/>\n\t<meta name=\"twitter:data2\" content=\"3 minutes\" \/>\n<script type=\"application\/ld+json\" class=\"yoast-schema-graph\">{\"@context\":\"https:\/\/schema.org\",\"@graph\":[{\"@type\":\"Article\",\"@id\":\"https:\/\/www.ellesaussi.org\/?p=1500#article\",\"isPartOf\":{\"@id\":\"https:\/\/www.ellesaussi.org\/?p=1500\"},\"author\":{\"name\":\"admin\",\"@id\":\"https:\/\/www.ellesaussi.org\/#\/schema\/person\/eeca4be50db30b5dbb39f78fc3364160\"},\"headline\":\"La Marianne de la Parit\u00e9 en Bretagne le 28 f\u00e9vrier \u00e0 la Pr\u00e9fecture de r\u00e9gion.\",\"datePublished\":\"2023-06-07T09:12:00+00:00\",\"dateModified\":\"2024-10-29T10:17:46+00:00\",\"mainEntityOfPage\":{\"@id\":\"https:\/\/www.ellesaussi.org\/?p=1500\"},\"wordCount\":647,\"publisher\":{\"@id\":\"https:\/\/www.ellesaussi.org\/#organization\"},\"image\":{\"@id\":\"https:\/\/www.ellesaussi.org\/?p=1500#primaryimage\"},\"thumbnailUrl\":\"https:\/\/www.ellesaussi.org\/wp-content\/uploads\/2024\/10\/appel-du-18-juin-2024-Elles-aussi.jpg\",\"articleSection\":[\"Marianne de la Parit\u00e9 2020-2026\"],\"inLanguage\":\"fr-FR\"},{\"@type\":\"WebPage\",\"@id\":\"https:\/\/www.ellesaussi.org\/?p=1500\",\"url\":\"https:\/\/www.ellesaussi.org\/?p=1500\",\"name\":\"La Marianne de la Parit\u00e9 en Bretagne le 28 f\u00e9vrier \u00e0 la Pr\u00e9fecture de r\u00e9gion. - Elles Aussi\",\"isPartOf\":{\"@id\":\"https:\/\/www.ellesaussi.org\/#website\"},\"primaryImageOfPage\":{\"@id\":\"https:\/\/www.ellesaussi.org\/?p=1500#primaryimage\"},\"image\":{\"@id\":\"https:\/\/www.ellesaussi.org\/?p=1500#primaryimage\"},\"thumbnailUrl\":\"https:\/\/www.ellesaussi.org\/wp-content\/uploads\/2024\/10\/appel-du-18-juin-2024-Elles-aussi.jpg\",\"datePublished\":\"2023-06-07T09:12:00+00:00\",\"dateModified\":\"2024-10-29T10:17:46+00:00\",\"breadcrumb\":{\"@id\":\"https:\/\/www.ellesaussi.org\/?p=1500#breadcrumb\"},\"inLanguage\":\"fr-FR\",\"potentialAction\":[{\"@type\":\"ReadAction\",\"target\":[\"https:\/\/www.ellesaussi.org\/?p=1500\"]}]},{\"@type\":\"ImageObject\",\"inLanguage\":\"fr-FR\",\"@id\":\"https:\/\/www.ellesaussi.org\/?p=1500#primaryimage\",\"url\":\"https:\/\/www.ellesaussi.org\/wp-content\/uploads\/2024\/10\/appel-du-18-juin-2024-Elles-aussi.jpg\",\"contentUrl\":\"https:\/\/www.ellesaussi.org\/wp-content\/uploads\/2024\/10\/appel-du-18-juin-2024-Elles-aussi.jpg\",\"width\":200,\"height\":144},{\"@type\":\"BreadcrumbList\",\"@id\":\"https:\/\/www.ellesaussi.org\/?p=1500#breadcrumb\",\"itemListElement\":[{\"@type\":\"ListItem\",\"position\":1,\"name\":\"Accueil\",\"item\":\"https:\/\/www.ellesaussi.org\/\"},{\"@type\":\"ListItem\",\"position\":2,\"name\":\"La Marianne de la Parit\u00e9 en Bretagne le 28 f\u00e9vrier \u00e0 la Pr\u00e9fecture de r\u00e9gion.\"}]},{\"@type\":\"WebSite\",\"@id\":\"https:\/\/www.ellesaussi.org\/#website\",\"url\":\"https:\/\/www.ellesaussi.org\/\",\"name\":\"Elles Aussi\",\"description\":\"\",\"publisher\":{\"@id\":\"https:\/\/www.ellesaussi.org\/#organization\"},\"potentialAction\":[{\"@type\":\"SearchAction\",\"target\":{\"@type\":\"EntryPoint\",\"urlTemplate\":\"https:\/\/www.ellesaussi.org\/?s={search_term_string}\"},\"query-input\":\"required name=search_term_string\"}],\"inLanguage\":\"fr-FR\"},{\"@type\":\"Organization\",\"@id\":\"https:\/\/www.ellesaussi.org\/#organization\",\"name\":\"Elles Aussi\",\"url\":\"https:\/\/www.ellesaussi.org\/\",\"logo\":{\"@type\":\"ImageObject\",\"inLanguage\":\"fr-FR\",\"@id\":\"https:\/\/www.ellesaussi.org\/#\/schema\/logo\/image\/\",\"url\":\"https:\/\/www.ellesaussi.org\/wp-content\/uploads\/2024\/05\/Elles-aussi_logotype_rouge.png\",\"contentUrl\":\"https:\/\/www.ellesaussi.org\/wp-content\/uploads\/2024\/05\/Elles-aussi_logotype_rouge.png\",\"width\":3472,\"height\":2480,\"caption\":\"Elles Aussi\"},\"image\":{\"@id\":\"https:\/\/www.ellesaussi.org\/#\/schema\/logo\/image\/\"},\"sameAs\":[\"https:\/\/www.facebook.com\/ellesaussi\/\"]},{\"@type\":\"Person\",\"@id\":\"https:\/\/www.ellesaussi.org\/#\/schema\/person\/eeca4be50db30b5dbb39f78fc3364160\",\"name\":\"admin\",\"image\":{\"@type\":\"ImageObject\",\"inLanguage\":\"fr-FR\",\"@id\":\"https:\/\/www.ellesaussi.org\/#\/schema\/person\/image\/\",\"url\":\"https:\/\/secure.gravatar.com\/avatar\/62da4937aa6d6b509192861c0b966204a1b742b2814f6387fa08fe6c98a8729c?s=96&d=mm&r=g\",\"contentUrl\":\"https:\/\/secure.gravatar.com\/avatar\/62da4937aa6d6b509192861c0b966204a1b742b2814f6387fa08fe6c98a8729c?s=96&d=mm&r=g\",\"caption\":\"admin\"},\"sameAs\":[\"https:\/\/elles129186.webdb78.lwspanel.com\"],\"url\":\"https:\/\/www.ellesaussi.org\/?author=1\"}]}<\/script>\n<!-- \/ Yoast SEO plugin. -->","yoast_head_json":{"title":"La Marianne de la Parit\u00e9 en Bretagne le 28 f\u00e9vrier \u00e0 la Pr\u00e9fecture de r\u00e9gion. - Elles Aussi","robots":{"index":"index","follow":"follow","max-snippet":"max-snippet:-1","max-image-preview":"max-image-preview:large","max-video-preview":"max-video-preview:-1"},"canonical":"https:\/\/www.ellesaussi.org\/?p=1500","og_locale":"fr_FR","og_type":"article","og_title":"La Marianne de la Parit\u00e9 en Bretagne le 28 f\u00e9vrier \u00e0 la Pr\u00e9fecture de r\u00e9gion. - Elles Aussi","og_description":"Cette remise de troph\u00e9es a permis \u00e0 Elles aussi de faire un double constat : d\u2019une part la Bretagne reste parmi les r\u00e9gions avec des taux de f\u00e9minisa on dans les instances intercommunales au-dessus de la moyenne nationale, d\u2019autre part les EPCI peinent encore \u00e0 implanter des politiques publiques d\u2019\u00e9galit\u00e9 femmes hommes sur leur territoire [&hellip;]","og_url":"https:\/\/www.ellesaussi.org\/?p=1500","og_site_name":"Elles Aussi","article_publisher":"https:\/\/www.facebook.com\/ellesaussi\/","article_published_time":"2023-06-07T09:12:00+00:00","article_modified_time":"2024-10-29T10:17:46+00:00","og_image":[{"width":200,"height":144,"url":"https:\/\/www.ellesaussi.org\/wp-content\/uploads\/2024\/10\/appel-du-18-juin-2024-Elles-aussi.jpg","type":"image\/jpeg"}],"author":"admin","twitter_card":"summary_large_image","twitter_misc":{"\u00c9crit par":"admin","Dur\u00e9e de lecture estim\u00e9e":"3 minutes"},"schema":{"@context":"https:\/\/schema.org","@graph":[{"@type":"Article","@id":"https:\/\/www.ellesaussi.org\/?p=1500#article","isPartOf":{"@id":"https:\/\/www.ellesaussi.org\/?p=1500"},"author":{"name":"admin","@id":"https:\/\/www.ellesaussi.org\/#\/schema\/person\/eeca4be50db30b5dbb39f78fc3364160"},"headline":"La Marianne de la Parit\u00e9 en Bretagne le 28 f\u00e9vrier \u00e0 la Pr\u00e9fecture de r\u00e9gion.","datePublished":"2023-06-07T09:12:00+00:00","dateModified":"2024-10-29T10:17:46+00:00","mainEntityOfPage":{"@id":"https:\/\/www.ellesaussi.org\/?p=1500"},"wordCount":647,"publisher":{"@id":"https:\/\/www.ellesaussi.org\/#organization"},"image":{"@id":"https:\/\/www.ellesaussi.org\/?p=1500#primaryimage"},"thumbnailUrl":"https:\/\/www.ellesaussi.org\/wp-content\/uploads\/2024\/10\/appel-du-18-juin-2024-Elles-aussi.jpg","articleSection":["Marianne de la Parit\u00e9 2020-2026"],"inLanguage":"fr-FR"},{"@type":"WebPage","@id":"https:\/\/www.ellesaussi.org\/?p=1500","url":"https:\/\/www.ellesaussi.org\/?p=1500","name":"La Marianne de la Parit\u00e9 en Bretagne le 28 f\u00e9vrier \u00e0 la Pr\u00e9fecture de r\u00e9gion. - Elles Aussi","isPartOf":{"@id":"https:\/\/www.ellesaussi.org\/#website"},"primaryImageOfPage":{"@id":"https:\/\/www.ellesaussi.org\/?p=1500#primaryimage"},"image":{"@id":"https:\/\/www.ellesaussi.org\/?p=1500#primaryimage"},"thumbnailUrl":"https:\/\/www.ellesaussi.org\/wp-content\/uploads\/2024\/10\/appel-du-18-juin-2024-Elles-aussi.jpg","datePublished":"2023-06-07T09:12:00+00:00","dateModified":"2024-10-29T10:17:46+00:00","breadcrumb":{"@id":"https:\/\/www.ellesaussi.org\/?p=1500#breadcrumb"},"inLanguage":"fr-FR","potentialAction":[{"@type":"ReadAction","target":["https:\/\/www.ellesaussi.org\/?p=1500"]}]},{"@type":"ImageObject","inLanguage":"fr-FR","@id":"https:\/\/www.ellesaussi.org\/?p=1500#primaryimage","url":"https:\/\/www.ellesaussi.org\/wp-content\/uploads\/2024\/10\/appel-du-18-juin-2024-Elles-aussi.jpg","contentUrl":"https:\/\/www.ellesaussi.org\/wp-content\/uploads\/2024\/10\/appel-du-18-juin-2024-Elles-aussi.jpg","width":200,"height":144},{"@type":"BreadcrumbList","@id":"https:\/\/www.ellesaussi.org\/?p=1500#breadcrumb","itemListElement":[{"@type":"ListItem","position":1,"name":"Accueil","item":"https:\/\/www.ellesaussi.org\/"},{"@type":"ListItem","position":2,"name":"La Marianne de la Parit\u00e9 en Bretagne le 28 f\u00e9vrier \u00e0 la Pr\u00e9fecture de r\u00e9gion."}]},{"@type":"WebSite","@id":"https:\/\/www.ellesaussi.org\/#website","url":"https:\/\/www.ellesaussi.org\/","name":"Elles Aussi","description":"","publisher":{"@id":"https:\/\/www.ellesaussi.org\/#organization"},"potentialAction":[{"@type":"SearchAction","target":{"@type":"EntryPoint","urlTemplate":"https:\/\/www.ellesaussi.org\/?s={search_term_string}"},"query-input":"required name=search_term_string"}],"inLanguage":"fr-FR"},{"@type":"Organization","@id":"https:\/\/www.ellesaussi.org\/#organization","name":"Elles Aussi","url":"https:\/\/www.ellesaussi.org\/","logo":{"@type":"ImageObject","inLanguage":"fr-FR","@id":"https:\/\/www.ellesaussi.org\/#\/schema\/logo\/image\/","url":"https:\/\/www.ellesaussi.org\/wp-content\/uploads\/2024\/05\/Elles-aussi_logotype_rouge.png","contentUrl":"https:\/\/www.ellesaussi.org\/wp-content\/uploads\/2024\/05\/Elles-aussi_logotype_rouge.png","width":3472,"height":2480,"caption":"Elles Aussi"},"image":{"@id":"https:\/\/www.ellesaussi.org\/#\/schema\/logo\/image\/"},"sameAs":["https:\/\/www.facebook.com\/ellesaussi\/"]},{"@type":"Person","@id":"https:\/\/www.ellesaussi.org\/#\/schema\/person\/eeca4be50db30b5dbb39f78fc3364160","name":"admin","image":{"@type":"ImageObject","inLanguage":"fr-FR","@id":"https:\/\/www.ellesaussi.org\/#\/schema\/person\/image\/","url":"https:\/\/secure.gravatar.com\/avatar\/62da4937aa6d6b509192861c0b966204a1b742b2814f6387fa08fe6c98a8729c?s=96&d=mm&r=g","contentUrl":"https:\/\/secure.gravatar.com\/avatar\/62da4937aa6d6b509192861c0b966204a1b742b2814f6387fa08fe6c98a8729c?s=96&d=mm&r=g","caption":"admin"},"sameAs":["https:\/\/elles129186.webdb78.lwspanel.com"],"url":"https:\/\/www.ellesaussi.org\/?author=1"}]}},"_links":{"self":[{"href":"https:\/\/www.ellesaussi.org\/index.php?rest_route=\/wp\/v2\/posts\/1500","targetHints":{"allow":["GET"]}}],"collection":[{"href":"https:\/\/www.ellesaussi.org\/index.php?rest_route=\/wp\/v2\/posts"}],"about":[{"href":"https:\/\/www.ellesaussi.org\/index.php?rest_route=\/wp\/v2\/types\/post"}],"author":[{"embeddable":true,"href":"https:\/\/www.ellesaussi.org\/index.php?rest_route=\/wp\/v2\/users\/1"}],"replies":[{"embeddable":true,"href":"https:\/\/www.ellesaussi.org\/index.php?rest_route=%2Fwp%2Fv2%2Fcomments&post=1500"}],"version-history":[{"count":4,"href":"https:\/\/www.ellesaussi.org\/index.php?rest_route=\/wp\/v2\/posts\/1500\/revisions"}],"predecessor-version":[{"id":1504,"href":"https:\/\/www.ellesaussi.org\/index.php?rest_route=\/wp\/v2\/posts\/1500\/revisions\/1504"}],"wp:featuredmedia":[{"embeddable":true,"href":"https:\/\/www.ellesaussi.org\/index.php?rest_route=\/wp\/v2\/media\/683"}],"wp:attachment":[{"href":"https:\/\/www.ellesaussi.org\/index.php?rest_route=%2Fwp%2Fv2%2Fmedia&parent=1500"}],"wp:term":[{"taxonomy":"category","embeddable":true,"href":"https:\/\/www.ellesaussi.org\/index.php?rest_route=%2Fwp%2Fv2%2Fcategories&post=1500"},{"taxonomy":"post_tag","embeddable":true,"href":"https:\/\/www.ellesaussi.org\/index.php?rest_route=%2Fwp%2Fv2%2Ftags&post=1500"}],"curies":[{"name":"wp","href":"https:\/\/api.w.org\/{rel}","templated":true}]}}