{"id":1491,"date":"2023-06-15T11:02:00","date_gmt":"2023-06-15T09:02:00","guid":{"rendered":"https:\/\/elles129186.webdb78.lwspanel.com\/?p=1491"},"modified":"2024-10-29T11:12:06","modified_gmt":"2024-10-29T10:12:06","slug":"la-marianne-de-la-parite-en-centre-val-de-loire","status":"publish","type":"post","link":"https:\/\/www.ellesaussi.org\/?p=1491","title":{"rendered":"La Marianne de la Parit\u00e9 en Centre-Val de Loire"},"content":{"rendered":"\t\t<div data-elementor-type=\"wp-post\" data-elementor-id=\"1491\" class=\"elementor elementor-1491\" data-elementor-post-type=\"post\">\n\t\t\t\t<div class=\"elementor-element elementor-element-d33925c e-flex e-con-boxed e-con e-parent\" data-id=\"d33925c\" data-element_type=\"container\">\n\t\t\t\t\t<div class=\"e-con-inner\">\n\t\t\t\t<div class=\"elementor-element elementor-element-e0f1bff elementor-widget elementor-widget-text-editor\" data-id=\"e0f1bff\" data-element_type=\"widget\" data-widget_type=\"text-editor.default\">\n\t\t\t\t<div class=\"elementor-widget-container\">\n\t\t\t\t\t\t\t<p>L\u2019action \u00ab La Marianne de la Parit\u00e9 dans les EPCI \u00bb a \u00e9t\u00e9 men\u00e9e par Elles aussi 45, l\u2019antenne du Loiret, dans les six d\u00e9partements et les 79 EPCI de la r\u00e9gion.<\/p><p><img decoding=\"async\" class=\"alignleft size-full wp-image-1494\" src=\"https:\/\/elles129186.webdb78.lwspanel.com\/wp-content\/uploads\/2024\/10\/La-Marianne-de-la-Parite-en-Centre-Val-de-Loire-01.jpg\" alt=\"\" width=\"133\" height=\"74\" \/><\/p><p>*Un sou en a \u00e9t\u00e9 apport\u00e9 par le Conseil r\u00e9gional et par la D\u00e9l\u00e9ga on r\u00e9gionale aux droits des femmes et \u00e0 l\u2019\u00e9galit\u00e9.\u00a0\u00a0\u00a0<\/p><ul><li>Un jury r\u00e9gional, pr\u00e9sid\u00e9 par Ga\u00eblle Lahoreau, Vice-pr\u00e9sidente du Conseil r\u00e9gional d\u00e9l\u00e9gu\u00e9e \u00e0 la citoyennet\u00e9 (il s\u2019agit de la citoyennet\u00e9 des femmes) et r\u00e9uni \u00e0 Orl\u00e9ans, a \u00e9tudi\u00e9 chaque d\u00e9partement.<br \/><br \/><\/li><li><img decoding=\"async\" class=\"alignleft size-full wp-image-1492\" src=\"https:\/\/elles129186.webdb78.lwspanel.com\/wp-content\/uploads\/2024\/10\/La-Marianne-de-la-Parite-en-Centre-Val-de-Loire-02.jpg\" alt=\"\" width=\"213\" height=\"160\" \/><strong>Des remises de prix dans les d\u00e9partements<\/strong><\/li><\/ul><p>\u00a0<\/p><p>Elles aussi 45 remercie les diverses institu ons locales qui ont accueilli g\u00e9n\u00e9reusement la remise des prix dans chacun des d\u00e9partements.<\/p><p>L\u2019\u00e9v\u00e8nement fut accueilli par la mairie de Tours dans l\u2019Indre-et-Loire, par le th\u00e9\u00e2tre de Ch\u00e2teauroux dans l\u2019Indre, dans le centre culturel de Territoires vend\u00f4mois dans le Loir-et-Cher, dans l\u2019H\u00f4tel du d\u00e9partement du Loiret, par Bourges Plus dans le Cher, dans le Ch\u00e2teau de Maintenon par le conseil d\u00e9partemental d\u2019Eure-et-Loir.\u00a0<\/p><p>Dans le Cher les prix reviennent \u00e0 Pays Fort Sancerrois, puis Bourges Plus, puis Vierzon Sologne Berry\u00a0<\/p><p>En Eure-et-Loir, Chartres M\u00e9tropole re\u00e7oit le prix et For\u00eats du Perche un encouragement<\/p><p>Dans l\u2019Indre, les prix reviennent \u00e0 Pays d\u2019Issoudun puis Val de Bouzanne<\/p><p>En Indre-et-Loire, Val d\u2019Amboise re\u00e7oit le prix, Castelrenaudais et Touraine Vall\u00e9e de l\u2019Indre un encouragement<\/p><p>Dans le Loir-et-Cher, les prix sont d\u00e9cern\u00e9s \u00e0 Collines du Perche puis Territoires vend\u00f4mois<\/p><p>Dans le Loiret, les prix sont d\u00e9cern\u00e9s \u00e0 Pithiverais-G\u00e2 nais, puis Quatre Vall\u00e9es, puis Beauce Loir\u00e9taine\u00a0<\/p><p>\u00a0<\/p><p><strong>*Des tables rondes \u00a0<\/strong><\/p><p><img decoding=\"async\" class=\"alignleft size-full wp-image-1495\" src=\"https:\/\/elles129186.webdb78.lwspanel.com\/wp-content\/uploads\/2024\/10\/La-Marianne-de-la-Parite-en-Centre-Val-de-Loire-03.jpg\" alt=\"\" width=\"251\" height=\"123\" \/>Lors des remises de prix, des tables rondes ont r\u00e9uni des parlementaires, des \u00e9lues et \u00e9lus locaux autour du th\u00e8me : quels leviers pour une d\u00e9mocratie locale paritaire et des politiques d\u2019\u00e9galit\u00e9 ?\u00a0<\/p><p>Les avis des parlementaires furent entendus avec<\/p><p>Fabienne Colboc et Charles Fournier, Fran\u00e7ois Jolivet et Fr\u00e9d\u00e9rique \u00a0\u00a0\u00a0\u00a0\u00a0\u00a0\u00a0 Gerbaud, \u00a0\u00a0\u00a0\u00a0\u00a0\u00a0\u00a0\u00a0\u00a0 Mathilde \u00a0\u00a0\u00a0\u00a0\u00a0\u00a0\u00a0\u00a0\u00a0 Desjonqu\u00e8res \u00a0\u00a0\u00a0 et Christophe Marion, Jean-Pierre Sueur et Caroline Janvier, Fran\u00e7ois Cormier-Bouligeon et Marie-Pierre Richer, Olivier Marleix\u00a0<\/p><p>Les \u00e9lues et \u00e9lus locaux ont t\u00e9moign\u00e9 \u00e0 par r de leur exp\u00e9rience personnelle ou avec leur fonction de pr\u00e9sidence dans les associa ons d\u00e9partementales de maires.\u00a0\u00a0<\/p><p>\u00a0<\/p><p><strong>Les interventions ont port\u00e9 sur :<\/strong><\/p><p>-les modes de scrutin pour les conseils envisageables pour des progr\u00e8s vers une repr\u00e9senta on \u00e9quilibr\u00e9e dans les conseils : assouplir le fl\u00e9chage ? scrutin direct pour les conseils ? On a entendu que des mesures ambitieuses et novatrices peuvent \u00eatre lanc\u00e9es et c\u2019est une question de volont\u00e9 poli que.\u00a0<\/p><ul><li>l\u2019\u00e9lection des ex\u00e9cutifs : imposer la parit\u00e9 ? un tandem de t\u00eate paritaire ? l\u2019effet miroir c\u2019est-\u00e0-dire le m\u00eame pourcentage de femmes dans le conseil et son ex\u00e9cutif (comme cela fut propos\u00e9 plusieurs fois depuis 2019) ? Les difficult\u00e9s sont exprim\u00e9es. La pr\u00e9sence des maires (un homme dans 80 % des cas) est demand\u00e9e par beaucoup de maires. L\u2019importance de garder un \u00e9quilibre territorial et poli que est aussi mise en avant.\u00a0\u00a0<\/li><\/ul><p>-la fusion des petites communes, ouverture vers une repr\u00e9senta on plus importante dans l\u2019EPCI et vers la parit\u00e9 dans le conseil communautaire : on a entendu difficult\u00e9s et r\u00e9ticences.\u00a0<\/p><p>-des politiques publiques d\u2019\u00e9galit\u00e9 qui sont possibles et n\u00e9cessaires pour compenser les in\u00e9galit\u00e9s existantes et d\u00e9velopper une culture de l\u2019\u00e9galit\u00e9<\/p><p>-le constat d\u2019habitudes anciennes porteuses de sexisme latent, \u00e0 combattre.\u00a0<\/p><p>-la n\u00e9cessit\u00e9 d\u2019un statut de l\u2019\u00e9lu et \u00e9lue locale efficace exprim\u00e9e par des femmes<\/p><ul><li>l\u2019encouragement des femmes pour une candidature et le refus des pr\u00e9somptions d\u2019incomp\u00e9tence : les \u00e9lues insistent toutes avec dynamisme sur leurs r\u00e9ussites et leurs satisfactions dans leur mandat.<\/li><\/ul><p><img loading=\"lazy\" decoding=\"async\" class=\"aligncenter size-full wp-image-1496\" src=\"https:\/\/elles129186.webdb78.lwspanel.com\/wp-content\/uploads\/2024\/10\/La-Marianne-de-la-Parite-en-Centre-Val-de-Loire-04.jpg\" alt=\"\" width=\"517\" height=\"93\" srcset=\"https:\/\/www.ellesaussi.org\/wp-content\/uploads\/2024\/10\/La-Marianne-de-la-Parite-en-Centre-Val-de-Loire-04.jpg 517w, https:\/\/www.ellesaussi.org\/wp-content\/uploads\/2024\/10\/La-Marianne-de-la-Parite-en-Centre-Val-de-Loire-04-300x54.jpg 300w\" sizes=\"(max-width: 517px) 100vw, 517px\" \/><\/p><p><strong>*Quelques rep\u00e8res quantitatifs\u00a0<\/strong><\/p><p>Dans les 79 EPCI, on ne compte que 37% de femmes dans les conseils, 23% de femmes dans les ex\u00e9cutifs, et seulement 9 pr\u00e9sidentes soit 11% des cas, alors que les moyennes nationales sont respectivement 36%, 26 % et 11%&#8230; Les EPCI du Centre, \u00ab mauvais \u00e9l\u00e8ves et zone blanche pour la parit\u00e9 \u00bb (rapport HCE de f\u00e9vrier et d\u00e9cembre 2022)<\/p><p>Les ex\u00e9cutifs sont des lieux de sous-repr\u00e9senta on des femmes. On trouve peu de tandems paritaires de t\u00eate (un cas sur trois), tr\u00e8s peu d\u2019ex\u00e9cutifs quasi-paritaires (seulement 3 soit 4% des cas), des ex\u00e9cutifs pr\u00e9sentant l\u2019effet miroir avec le conseil dans seulement 15% des cas (soit 12 EPCI), des ex\u00e9cutifs avec moins de 30% de femmes dans 73 % des cas (soit 58 EPCI), des ex\u00e9cutifs avec une seule femme dans\u00a0\u00a0 35% des cas ( il y en 28) ) et m\u00eame des ex\u00e9cutifs enti\u00e8rement masculins anachroniques ( on en compte 6 soit 8% des cas)\u00a0<\/p><p>Des d\u00e9l\u00e9gations dans la modernit\u00e9, hors des st\u00e9r\u00e9otypes habituellement associ\u00e9s aux femmes ne repr\u00e9sentent que\u00a0\u00a0 55 cas sur 665, moins de 10% ; un d\u00e9partement n\u2019en pr\u00e9sente aucune et un autre une seule !\u00a0<\/p><p>On ne trouve que 2 vice-pr\u00e9sidences avec d\u00e9l\u00e9gation \u00e9galit\u00e9 femmes-hommes et la signature de la charte europ\u00e9enne pour l\u2019\u00e9galit\u00e9 femmes-hommes est rencontr\u00e9e dans un seul EPCI.<\/p><p>Le chemin est encore long pour la modernit\u00e9 d\u2019une d\u00e9mocratie locale paritaire et aboutie dans les EPCI.<\/p><p><strong>*Vers des progr\u00e8s<\/strong><\/p><p>Les EPCI prim\u00e9s nous disent par leur exemple et leur dynamisme que \u00ab oui, des progr\u00e8s sont possibles avec de la volont\u00e9 poli que !\u00bb<\/p><p>Dani\u00e8le Bouchoule<\/p><p>Co-pr\u00e9sidente d\u2019Elles aussi et responsable d\u2019Elles aussi 45<\/p>\t\t\t\t\t\t<\/div>\n\t\t\t\t<\/div>\n\t\t\t\t\t<\/div>\n\t\t\t\t<\/div>\n\t\t\t\t<\/div>\n\t\t","protected":false},"excerpt":{"rendered":"<p>L\u2019action \u00ab La Marianne de la Parit\u00e9 dans les EPCI \u00bb a \u00e9t\u00e9 men\u00e9e par Elles aussi 45, l\u2019antenne du Loiret, dans les six d\u00e9partements et les 79 EPCI de la r\u00e9gion. *Un sou en a \u00e9t\u00e9 apport\u00e9 par le Conseil r\u00e9gional et par la D\u00e9l\u00e9ga on r\u00e9gionale aux droits des femmes et \u00e0 l\u2019\u00e9galit\u00e9.\u00a0\u00a0\u00a0 [&hellip;]<\/p>\n","protected":false},"author":1,"featured_media":1492,"comment_status":"closed","ping_status":"closed","sticky":false,"template":"","format":"standard","meta":{"footnotes":""},"categories":[37],"tags":[],"class_list":["post-1491","post","type-post","status-publish","format-standard","has-post-thumbnail","hentry","category-marianne-de-la-parite-2020-2026"],"yoast_head":"<!-- This site is optimized with the Yoast SEO plugin v22.8 - https:\/\/yoast.com\/wordpress\/plugins\/seo\/ -->\n<title>La Marianne de la Parit\u00e9 en Centre-Val de Loire - Elles Aussi<\/title>\n<meta name=\"robots\" content=\"index, follow, max-snippet:-1, max-image-preview:large, max-video-preview:-1\" \/>\n<link rel=\"canonical\" href=\"https:\/\/www.ellesaussi.org\/?p=1491\" \/>\n<meta property=\"og:locale\" content=\"fr_FR\" \/>\n<meta property=\"og:type\" content=\"article\" \/>\n<meta property=\"og:title\" content=\"La Marianne de la Parit\u00e9 en Centre-Val de Loire - Elles Aussi\" \/>\n<meta property=\"og:description\" content=\"L\u2019action \u00ab La Marianne de la Parit\u00e9 dans les EPCI \u00bb a \u00e9t\u00e9 men\u00e9e par Elles aussi 45, l\u2019antenne du Loiret, dans les six d\u00e9partements et les 79 EPCI de la r\u00e9gion. *Un sou en a \u00e9t\u00e9 apport\u00e9 par le Conseil r\u00e9gional et par la D\u00e9l\u00e9ga on r\u00e9gionale aux droits des femmes et \u00e0 l\u2019\u00e9galit\u00e9.\u00a0\u00a0\u00a0 [&hellip;]\" \/>\n<meta property=\"og:url\" content=\"https:\/\/www.ellesaussi.org\/?p=1491\" \/>\n<meta property=\"og:site_name\" content=\"Elles Aussi\" \/>\n<meta property=\"article:publisher\" content=\"https:\/\/www.facebook.com\/ellesaussi\/\" \/>\n<meta property=\"article:published_time\" content=\"2023-06-15T09:02:00+00:00\" \/>\n<meta property=\"article:modified_time\" content=\"2024-10-29T10:12:06+00:00\" \/>\n<meta property=\"og:image\" content=\"https:\/\/www.ellesaussi.org\/wp-content\/uploads\/2024\/10\/La-Marianne-de-la-Parite-en-Centre-Val-de-Loire-02.jpg\" \/>\n\t<meta property=\"og:image:width\" content=\"213\" \/>\n\t<meta property=\"og:image:height\" content=\"160\" \/>\n\t<meta property=\"og:image:type\" content=\"image\/jpeg\" \/>\n<meta name=\"author\" content=\"admin\" \/>\n<meta name=\"twitter:card\" content=\"summary_large_image\" \/>\n<meta name=\"twitter:label1\" content=\"\u00c9crit par\" \/>\n\t<meta name=\"twitter:data1\" content=\"admin\" \/>\n\t<meta name=\"twitter:label2\" content=\"Dur\u00e9e de lecture estim\u00e9e\" \/>\n\t<meta name=\"twitter:data2\" content=\"6 minutes\" \/>\n<script type=\"application\/ld+json\" class=\"yoast-schema-graph\">{\"@context\":\"https:\/\/schema.org\",\"@graph\":[{\"@type\":\"Article\",\"@id\":\"https:\/\/www.ellesaussi.org\/?p=1491#article\",\"isPartOf\":{\"@id\":\"https:\/\/www.ellesaussi.org\/?p=1491\"},\"author\":{\"name\":\"admin\",\"@id\":\"https:\/\/www.ellesaussi.org\/#\/schema\/person\/eeca4be50db30b5dbb39f78fc3364160\"},\"headline\":\"La Marianne de la Parit\u00e9 en Centre-Val de Loire\",\"datePublished\":\"2023-06-15T09:02:00+00:00\",\"dateModified\":\"2024-10-29T10:12:06+00:00\",\"mainEntityOfPage\":{\"@id\":\"https:\/\/www.ellesaussi.org\/?p=1491\"},\"wordCount\":945,\"publisher\":{\"@id\":\"https:\/\/www.ellesaussi.org\/#organization\"},\"image\":{\"@id\":\"https:\/\/www.ellesaussi.org\/?p=1491#primaryimage\"},\"thumbnailUrl\":\"https:\/\/www.ellesaussi.org\/wp-content\/uploads\/2024\/10\/La-Marianne-de-la-Parite-en-Centre-Val-de-Loire-02.jpg\",\"articleSection\":[\"Marianne de la Parit\u00e9 2020-2026\"],\"inLanguage\":\"fr-FR\"},{\"@type\":\"WebPage\",\"@id\":\"https:\/\/www.ellesaussi.org\/?p=1491\",\"url\":\"https:\/\/www.ellesaussi.org\/?p=1491\",\"name\":\"La Marianne de la Parit\u00e9 en Centre-Val de Loire - Elles Aussi\",\"isPartOf\":{\"@id\":\"https:\/\/www.ellesaussi.org\/#website\"},\"primaryImageOfPage\":{\"@id\":\"https:\/\/www.ellesaussi.org\/?p=1491#primaryimage\"},\"image\":{\"@id\":\"https:\/\/www.ellesaussi.org\/?p=1491#primaryimage\"},\"thumbnailUrl\":\"https:\/\/www.ellesaussi.org\/wp-content\/uploads\/2024\/10\/La-Marianne-de-la-Parite-en-Centre-Val-de-Loire-02.jpg\",\"datePublished\":\"2023-06-15T09:02:00+00:00\",\"dateModified\":\"2024-10-29T10:12:06+00:00\",\"breadcrumb\":{\"@id\":\"https:\/\/www.ellesaussi.org\/?p=1491#breadcrumb\"},\"inLanguage\":\"fr-FR\",\"potentialAction\":[{\"@type\":\"ReadAction\",\"target\":[\"https:\/\/www.ellesaussi.org\/?p=1491\"]}]},{\"@type\":\"ImageObject\",\"inLanguage\":\"fr-FR\",\"@id\":\"https:\/\/www.ellesaussi.org\/?p=1491#primaryimage\",\"url\":\"https:\/\/www.ellesaussi.org\/wp-content\/uploads\/2024\/10\/La-Marianne-de-la-Parite-en-Centre-Val-de-Loire-02.jpg\",\"contentUrl\":\"https:\/\/www.ellesaussi.org\/wp-content\/uploads\/2024\/10\/La-Marianne-de-la-Parite-en-Centre-Val-de-Loire-02.jpg\",\"width\":213,\"height\":160},{\"@type\":\"BreadcrumbList\",\"@id\":\"https:\/\/www.ellesaussi.org\/?p=1491#breadcrumb\",\"itemListElement\":[{\"@type\":\"ListItem\",\"position\":1,\"name\":\"Accueil\",\"item\":\"https:\/\/www.ellesaussi.org\/\"},{\"@type\":\"ListItem\",\"position\":2,\"name\":\"La Marianne de la Parit\u00e9 en Centre-Val de Loire\"}]},{\"@type\":\"WebSite\",\"@id\":\"https:\/\/www.ellesaussi.org\/#website\",\"url\":\"https:\/\/www.ellesaussi.org\/\",\"name\":\"Elles Aussi\",\"description\":\"\",\"publisher\":{\"@id\":\"https:\/\/www.ellesaussi.org\/#organization\"},\"potentialAction\":[{\"@type\":\"SearchAction\",\"target\":{\"@type\":\"EntryPoint\",\"urlTemplate\":\"https:\/\/www.ellesaussi.org\/?s={search_term_string}\"},\"query-input\":\"required name=search_term_string\"}],\"inLanguage\":\"fr-FR\"},{\"@type\":\"Organization\",\"@id\":\"https:\/\/www.ellesaussi.org\/#organization\",\"name\":\"Elles Aussi\",\"url\":\"https:\/\/www.ellesaussi.org\/\",\"logo\":{\"@type\":\"ImageObject\",\"inLanguage\":\"fr-FR\",\"@id\":\"https:\/\/www.ellesaussi.org\/#\/schema\/logo\/image\/\",\"url\":\"https:\/\/www.ellesaussi.org\/wp-content\/uploads\/2024\/05\/Elles-aussi_logotype_rouge.png\",\"contentUrl\":\"https:\/\/www.ellesaussi.org\/wp-content\/uploads\/2024\/05\/Elles-aussi_logotype_rouge.png\",\"width\":3472,\"height\":2480,\"caption\":\"Elles Aussi\"},\"image\":{\"@id\":\"https:\/\/www.ellesaussi.org\/#\/schema\/logo\/image\/\"},\"sameAs\":[\"https:\/\/www.facebook.com\/ellesaussi\/\"]},{\"@type\":\"Person\",\"@id\":\"https:\/\/www.ellesaussi.org\/#\/schema\/person\/eeca4be50db30b5dbb39f78fc3364160\",\"name\":\"admin\",\"image\":{\"@type\":\"ImageObject\",\"inLanguage\":\"fr-FR\",\"@id\":\"https:\/\/www.ellesaussi.org\/#\/schema\/person\/image\/\",\"url\":\"https:\/\/secure.gravatar.com\/avatar\/62da4937aa6d6b509192861c0b966204a1b742b2814f6387fa08fe6c98a8729c?s=96&d=mm&r=g\",\"contentUrl\":\"https:\/\/secure.gravatar.com\/avatar\/62da4937aa6d6b509192861c0b966204a1b742b2814f6387fa08fe6c98a8729c?s=96&d=mm&r=g\",\"caption\":\"admin\"},\"sameAs\":[\"https:\/\/elles129186.webdb78.lwspanel.com\"],\"url\":\"https:\/\/www.ellesaussi.org\/?author=1\"}]}<\/script>\n<!-- \/ Yoast SEO plugin. -->","yoast_head_json":{"title":"La Marianne de la Parit\u00e9 en Centre-Val de Loire - Elles Aussi","robots":{"index":"index","follow":"follow","max-snippet":"max-snippet:-1","max-image-preview":"max-image-preview:large","max-video-preview":"max-video-preview:-1"},"canonical":"https:\/\/www.ellesaussi.org\/?p=1491","og_locale":"fr_FR","og_type":"article","og_title":"La Marianne de la Parit\u00e9 en Centre-Val de Loire - Elles Aussi","og_description":"L\u2019action \u00ab La Marianne de la Parit\u00e9 dans les EPCI \u00bb a \u00e9t\u00e9 men\u00e9e par Elles aussi 45, l\u2019antenne du Loiret, dans les six d\u00e9partements et les 79 EPCI de la r\u00e9gion. *Un sou en a \u00e9t\u00e9 apport\u00e9 par le Conseil r\u00e9gional et par la D\u00e9l\u00e9ga on r\u00e9gionale aux droits des femmes et \u00e0 l\u2019\u00e9galit\u00e9.\u00a0\u00a0\u00a0 [&hellip;]","og_url":"https:\/\/www.ellesaussi.org\/?p=1491","og_site_name":"Elles Aussi","article_publisher":"https:\/\/www.facebook.com\/ellesaussi\/","article_published_time":"2023-06-15T09:02:00+00:00","article_modified_time":"2024-10-29T10:12:06+00:00","og_image":[{"width":213,"height":160,"url":"https:\/\/www.ellesaussi.org\/wp-content\/uploads\/2024\/10\/La-Marianne-de-la-Parite-en-Centre-Val-de-Loire-02.jpg","type":"image\/jpeg"}],"author":"admin","twitter_card":"summary_large_image","twitter_misc":{"\u00c9crit par":"admin","Dur\u00e9e de lecture estim\u00e9e":"6 minutes"},"schema":{"@context":"https:\/\/schema.org","@graph":[{"@type":"Article","@id":"https:\/\/www.ellesaussi.org\/?p=1491#article","isPartOf":{"@id":"https:\/\/www.ellesaussi.org\/?p=1491"},"author":{"name":"admin","@id":"https:\/\/www.ellesaussi.org\/#\/schema\/person\/eeca4be50db30b5dbb39f78fc3364160"},"headline":"La Marianne de la Parit\u00e9 en Centre-Val de Loire","datePublished":"2023-06-15T09:02:00+00:00","dateModified":"2024-10-29T10:12:06+00:00","mainEntityOfPage":{"@id":"https:\/\/www.ellesaussi.org\/?p=1491"},"wordCount":945,"publisher":{"@id":"https:\/\/www.ellesaussi.org\/#organization"},"image":{"@id":"https:\/\/www.ellesaussi.org\/?p=1491#primaryimage"},"thumbnailUrl":"https:\/\/www.ellesaussi.org\/wp-content\/uploads\/2024\/10\/La-Marianne-de-la-Parite-en-Centre-Val-de-Loire-02.jpg","articleSection":["Marianne de la Parit\u00e9 2020-2026"],"inLanguage":"fr-FR"},{"@type":"WebPage","@id":"https:\/\/www.ellesaussi.org\/?p=1491","url":"https:\/\/www.ellesaussi.org\/?p=1491","name":"La Marianne de la Parit\u00e9 en Centre-Val de Loire - Elles Aussi","isPartOf":{"@id":"https:\/\/www.ellesaussi.org\/#website"},"primaryImageOfPage":{"@id":"https:\/\/www.ellesaussi.org\/?p=1491#primaryimage"},"image":{"@id":"https:\/\/www.ellesaussi.org\/?p=1491#primaryimage"},"thumbnailUrl":"https:\/\/www.ellesaussi.org\/wp-content\/uploads\/2024\/10\/La-Marianne-de-la-Parite-en-Centre-Val-de-Loire-02.jpg","datePublished":"2023-06-15T09:02:00+00:00","dateModified":"2024-10-29T10:12:06+00:00","breadcrumb":{"@id":"https:\/\/www.ellesaussi.org\/?p=1491#breadcrumb"},"inLanguage":"fr-FR","potentialAction":[{"@type":"ReadAction","target":["https:\/\/www.ellesaussi.org\/?p=1491"]}]},{"@type":"ImageObject","inLanguage":"fr-FR","@id":"https:\/\/www.ellesaussi.org\/?p=1491#primaryimage","url":"https:\/\/www.ellesaussi.org\/wp-content\/uploads\/2024\/10\/La-Marianne-de-la-Parite-en-Centre-Val-de-Loire-02.jpg","contentUrl":"https:\/\/www.ellesaussi.org\/wp-content\/uploads\/2024\/10\/La-Marianne-de-la-Parite-en-Centre-Val-de-Loire-02.jpg","width":213,"height":160},{"@type":"BreadcrumbList","@id":"https:\/\/www.ellesaussi.org\/?p=1491#breadcrumb","itemListElement":[{"@type":"ListItem","position":1,"name":"Accueil","item":"https:\/\/www.ellesaussi.org\/"},{"@type":"ListItem","position":2,"name":"La Marianne de la Parit\u00e9 en Centre-Val de Loire"}]},{"@type":"WebSite","@id":"https:\/\/www.ellesaussi.org\/#website","url":"https:\/\/www.ellesaussi.org\/","name":"Elles Aussi","description":"","publisher":{"@id":"https:\/\/www.ellesaussi.org\/#organization"},"potentialAction":[{"@type":"SearchAction","target":{"@type":"EntryPoint","urlTemplate":"https:\/\/www.ellesaussi.org\/?s={search_term_string}"},"query-input":"required name=search_term_string"}],"inLanguage":"fr-FR"},{"@type":"Organization","@id":"https:\/\/www.ellesaussi.org\/#organization","name":"Elles Aussi","url":"https:\/\/www.ellesaussi.org\/","logo":{"@type":"ImageObject","inLanguage":"fr-FR","@id":"https:\/\/www.ellesaussi.org\/#\/schema\/logo\/image\/","url":"https:\/\/www.ellesaussi.org\/wp-content\/uploads\/2024\/05\/Elles-aussi_logotype_rouge.png","contentUrl":"https:\/\/www.ellesaussi.org\/wp-content\/uploads\/2024\/05\/Elles-aussi_logotype_rouge.png","width":3472,"height":2480,"caption":"Elles Aussi"},"image":{"@id":"https:\/\/www.ellesaussi.org\/#\/schema\/logo\/image\/"},"sameAs":["https:\/\/www.facebook.com\/ellesaussi\/"]},{"@type":"Person","@id":"https:\/\/www.ellesaussi.org\/#\/schema\/person\/eeca4be50db30b5dbb39f78fc3364160","name":"admin","image":{"@type":"ImageObject","inLanguage":"fr-FR","@id":"https:\/\/www.ellesaussi.org\/#\/schema\/person\/image\/","url":"https:\/\/secure.gravatar.com\/avatar\/62da4937aa6d6b509192861c0b966204a1b742b2814f6387fa08fe6c98a8729c?s=96&d=mm&r=g","contentUrl":"https:\/\/secure.gravatar.com\/avatar\/62da4937aa6d6b509192861c0b966204a1b742b2814f6387fa08fe6c98a8729c?s=96&d=mm&r=g","caption":"admin"},"sameAs":["https:\/\/elles129186.webdb78.lwspanel.com"],"url":"https:\/\/www.ellesaussi.org\/?author=1"}]}},"_links":{"self":[{"href":"https:\/\/www.ellesaussi.org\/index.php?rest_route=\/wp\/v2\/posts\/1491","targetHints":{"allow":["GET"]}}],"collection":[{"href":"https:\/\/www.ellesaussi.org\/index.php?rest_route=\/wp\/v2\/posts"}],"about":[{"href":"https:\/\/www.ellesaussi.org\/index.php?rest_route=\/wp\/v2\/types\/post"}],"author":[{"embeddable":true,"href":"https:\/\/www.ellesaussi.org\/index.php?rest_route=\/wp\/v2\/users\/1"}],"replies":[{"embeddable":true,"href":"https:\/\/www.ellesaussi.org\/index.php?rest_route=%2Fwp%2Fv2%2Fcomments&post=1491"}],"version-history":[{"count":4,"href":"https:\/\/www.ellesaussi.org\/index.php?rest_route=\/wp\/v2\/posts\/1491\/revisions"}],"predecessor-version":[{"id":1499,"href":"https:\/\/www.ellesaussi.org\/index.php?rest_route=\/wp\/v2\/posts\/1491\/revisions\/1499"}],"wp:featuredmedia":[{"embeddable":true,"href":"https:\/\/www.ellesaussi.org\/index.php?rest_route=\/wp\/v2\/media\/1492"}],"wp:attachment":[{"href":"https:\/\/www.ellesaussi.org\/index.php?rest_route=%2Fwp%2Fv2%2Fmedia&parent=1491"}],"wp:term":[{"taxonomy":"category","embeddable":true,"href":"https:\/\/www.ellesaussi.org\/index.php?rest_route=%2Fwp%2Fv2%2Fcategories&post=1491"},{"taxonomy":"post_tag","embeddable":true,"href":"https:\/\/www.ellesaussi.org\/index.php?rest_route=%2Fwp%2Fv2%2Ftags&post=1491"}],"curies":[{"name":"wp","href":"https:\/\/api.w.org\/{rel}","templated":true}]}}