{"id":1459,"date":"2023-12-04T10:20:00","date_gmt":"2023-12-04T09:20:00","guid":{"rendered":"https:\/\/elles129186.webdb78.lwspanel.com\/?p=1459"},"modified":"2024-10-29T10:25:29","modified_gmt":"2024-10-29T09:25:29","slug":"les-marianne-de-la-parite-des-epci-de-savoie","status":"publish","type":"post","link":"https:\/\/www.ellesaussi.org\/?p=1459","title":{"rendered":"Les Marianne de la parit\u00e9 des EPCI de Savoie"},"content":{"rendered":"\t\t<div data-elementor-type=\"wp-post\" data-elementor-id=\"1459\" class=\"elementor elementor-1459\" data-elementor-post-type=\"post\">\n\t\t\t\t<div class=\"elementor-element elementor-element-73466f2 e-flex e-con-boxed e-con e-parent\" data-id=\"73466f2\" data-element_type=\"container\">\n\t\t\t\t\t<div class=\"e-con-inner\">\n\t\t\t\t<div class=\"elementor-element elementor-element-12d8776 elementor-widget elementor-widget-text-editor\" data-id=\"12d8776\" data-element_type=\"widget\" data-widget_type=\"text-editor.default\">\n\t\t\t\t<div class=\"elementor-widget-container\">\n\t\t\t\t\t\t\t<p><img fetchpriority=\"high\" decoding=\"async\" class=\"aligncenter size-large wp-image-1462\" src=\"https:\/\/elles129186.webdb78.lwspanel.com\/wp-content\/uploads\/2024\/10\/Marianne-2-EPCI-SAVOIE-2023-1-1024x454.jpg\" alt=\"\" width=\"800\" height=\"355\" srcset=\"https:\/\/www.ellesaussi.org\/wp-content\/uploads\/2024\/10\/Marianne-2-EPCI-SAVOIE-2023-1-1024x454.jpg 1024w, https:\/\/www.ellesaussi.org\/wp-content\/uploads\/2024\/10\/Marianne-2-EPCI-SAVOIE-2023-1-300x133.jpg 300w, https:\/\/www.ellesaussi.org\/wp-content\/uploads\/2024\/10\/Marianne-2-EPCI-SAVOIE-2023-1-768x341.jpg 768w, https:\/\/www.ellesaussi.org\/wp-content\/uploads\/2024\/10\/Marianne-2-EPCI-SAVOIE-2023-1-1536x681.jpg 1536w, https:\/\/www.ellesaussi.org\/wp-content\/uploads\/2024\/10\/Marianne-2-EPCI-SAVOIE-2023-1-600x266.jpg 600w, https:\/\/www.ellesaussi.org\/wp-content\/uploads\/2024\/10\/Marianne-2-EPCI-SAVOIE-2023-1.jpg 2047w\" sizes=\"(max-width: 800px) 100vw, 800px\" \/><\/p><p>Le 4 d\u00e9cembre 2023 s\u2019est d\u00e9roul\u00e9e en Pr\u00e9fecture de Savoie, la c\u00e9r\u00e9monie de la Marianne de la Parit\u00e9 des EPCI du d\u00e9partement, en pr\u00e9sence de Fran\u00e7ois Ravier Pr\u00e9fet, Nathalie Fontaine repr\u00e9sentant le pr\u00e9sident du Conseil d\u00e9partemental Herv\u00e9 Gaymard , les co-pr\u00e9sident.es du jury, C\u00e9dric Vial s\u00e9nateur et Martine Berthet S\u00e9natrice, Evelyne Simon repr\u00e9sentant l\u2019association Femmes Elues de Savoie, et Sophie Bourgade adjointe \u00e0 Chamb\u00e9ry, conseill\u00e8re communautaire et r\u00e9f\u00e9rente de l\u2019association \u00ab Elues Locales \u00bb.\u00a0<\/p><p>Ont particip\u00e9 \u00e0 la table ronde : \u00ab Parit\u00e9 dans les institutions politiques locales, utopie ou r\u00e9alit\u00e9 ? La Parit\u00e9, un levier de transformation des pratiques d\u00e9mocratiques pour une r\u00e9elle \u00e9galit\u00e9 entre les femmes et les hommes \u00bb, les quatre laur\u00e9ats Anne Lenfant, Pr\u00e9sidente de la CC c\u0153ur de Chartreuse, Jean Paul Margueron, Pr\u00e9sident de la CC C\u0153ur de Maurienne Arvan, B\u00e9atrice Santais, Pr\u00e9sidente de la CC C\u0153ur de Savoie, Guy Dumollard, Pr\u00e9sident de la CC de Yenne, afin d\u2019exprimer la voix des territoires sur la participation des femmes dans leurs conseils et ex\u00e9cutifs.\u00a0<\/p><p>Nous retiendrons de ces \u00e9changes l\u2019\u00e9ternelle difficult\u00e9 de la repr\u00e9sentation des femmes, d\u00e8s que les intercommunalit\u00e9s sont compos\u00e9es de communes ayant un seul si\u00e8ge revenant au maire tr\u00e8s souvent un homme. Il n\u2019a \u00e9t\u00e9 mentionn\u00e9 aucune difficult\u00e9 sur les d\u00e9l\u00e9gations non st\u00e9r\u00e9otyp\u00e9es, m\u00eame si le pourcentage de ces d\u00e9l\u00e9gations est encore tr\u00e8s faible en Savoie (6%).\u00a0 En ce qui concerne la pr\u00e9sence de tandem de t\u00eate paritaire (29%) il a \u00e9t\u00e9 \u00e9voqu\u00e9 le besoin de repr\u00e9sentation territoriale et de rapports de confiance pour choisir les premiers ou les premi\u00e8res vice-pr\u00e9sidentes. Les \u00e9lues vice-pr\u00e9sidentes pr\u00e9sentes, ont dit leur app\u00e9tence pour certaines d\u00e9l\u00e9gations comme les travaux, l\u2019assainissement et tout ce qui rel\u00e8ve du traitement des d\u00e9chets, ce qui nous laisse esp\u00e9rer \u00e0 partir de ces r\u00f4les mod\u00e8les, une participation plus importante des femmes sur ces d\u00e9l\u00e9gations \u00e0 l\u2019avenir. Il a \u00e9t\u00e9 reconnu le s\u00e9rieux du travail des femmes et leur pugnacit\u00e9 dans la prise en charge des dossiers. Souvent le principal frein \u00e0 l\u2019engagement politique des femmes est l\u2019organisation d\u2019une triple journ\u00e9e professionnelle, familiale, politique, ceci \u00e9tant en lien avec un partage in\u00e9gal des t\u00e2ches domestiques.<\/p><p>Un deuxi\u00e8me temps d\u2019\u00e9changes s\u2019est d\u00e9roul\u00e9 avec les parlementaires Martine Berthet et C\u00e9dric Vial.\u00a0 Le s\u00e9nateur Vial a mis l\u2019accent sur le besoin de lever les freins \u00e0 l\u2019engagement politique des femmes, tout en mettant en avant le risque d\u2019avoir \u00e0 terme une sous-repr\u00e9sentation des hommes. La s\u00e9natrice Berthet a rebondi sur la proposition du scrutin de liste d\u00e8s le premier habitant vot\u00e9e en f\u00e9vrier 2022 par l\u2019Assembl\u00e9e nationale, en \u00e9mettant le souhait d\u2019un scrutin de liste altern\u00e9e d\u00e8s 500 habitants, et la n\u00e9cessit\u00e9 d\u2019imposer une \u00e9gale proportion de femmes dans le conseil et l\u2019ex\u00e9cutif communautaire (effet miroir). \u00c1 l\u2019observation des r\u00e9sultats des intercommunalit\u00e9s de la Savoie, on voit qu\u2019une telle mesure l\u00e9gislative serait tr\u00e8s positive pour renforcer la pr\u00e9sence des femmes dans les ex\u00e9cutifs. On note que 53% des EPCI ont moins de 20% de femmes dans leurs ex\u00e9cutifs alors que 100% des EPCI ont plus de 30% de femmes dans leurs conseils. Le tandem de t\u00eate paritaire ne pose pas de difficult\u00e9 : 47% des EPCI ont un tandem de t\u00eate paritaire. \u00c1 noter que trois intercommunalit\u00e9s ont z\u00e9ro femme dans leur ex\u00e9cutif, alors que trois autres en ont plus de 50%. \u00a0<\/p><p>Nous avons relev\u00e9 l\u2019importance des r\u00e9seaux f\u00e9minins pour mutualiser les exp\u00e9riences et le besoin de d\u00e9velopper la formation, pour femmes comme pour les hommes pour une gestion plus efficiente et une pr\u00e9paration au retour \u00e0 une activit\u00e9 professionnelle, avant, pendant, et en fin de mandat.\u00a0 C\u2019est ainsi que le d\u00e9bat est revenu sur le statut de l\u2019\u00e9lu.e.\u00a0<\/p><p>Reine L\u00e9pinay, co-pr\u00e9sidente d\u2019Elles aussi, responsable antenne Auvergne Rh\u00f4ne -Alpes<\/p>\t\t\t\t\t\t<\/div>\n\t\t\t\t<\/div>\n\t\t\t\t<div class=\"elementor-element elementor-element-cdd7dce elementor-widget elementor-widget-button\" data-id=\"cdd7dce\" data-element_type=\"widget\" data-widget_type=\"button.default\">\n\t\t\t\t<div class=\"elementor-widget-container\">\n\t\t\t\t\t<div class=\"elementor-button-wrapper\">\n\t\t\t<a class=\"elementor-button elementor-button-link elementor-size-sm\" href=\"http:\/\/lire%20l&#039;invitation\" target=\"_blank\">\n\t\t\t\t\t\t<span class=\"elementor-button-content-wrapper\">\n\t\t\t\t\t\t\t\t\t<span class=\"elementor-button-text\">lire l'invitation<\/span>\n\t\t\t\t\t<\/span>\n\t\t\t\t\t<\/a>\n\t\t<\/div>\n\t\t\t\t<\/div>\n\t\t\t\t<\/div>\n\t\t\t\t<div class=\"elementor-element elementor-element-0aeeef8 elementor-widget elementor-widget-button\" data-id=\"0aeeef8\" data-element_type=\"widget\" data-widget_type=\"button.default\">\n\t\t\t\t<div class=\"elementor-widget-container\">\n\t\t\t\t\t<div class=\"elementor-button-wrapper\">\n\t\t\t<a class=\"elementor-button elementor-button-link elementor-size-sm\" href=\"https:\/\/elles129186.webdb78.lwspanel.com\/wp-content\/uploads\/2024\/10\/Dossier-presse-Savoie.pdf\" target=\"_blank\">\n\t\t\t\t\t\t<span class=\"elementor-button-content-wrapper\">\n\t\t\t\t\t\t\t\t\t<span class=\"elementor-button-text\">lire le dossier de presse<\/span>\n\t\t\t\t\t<\/span>\n\t\t\t\t\t<\/a>\n\t\t<\/div>\n\t\t\t\t<\/div>\n\t\t\t\t<\/div>\n\t\t\t\t\t<\/div>\n\t\t\t\t<\/div>\n\t\t\t\t<\/div>\n\t\t","protected":false},"excerpt":{"rendered":"<p>Le 4 d\u00e9cembre 2023 s\u2019est d\u00e9roul\u00e9e en Pr\u00e9fecture de Savoie, la c\u00e9r\u00e9monie de la Marianne de la Parit\u00e9 des EPCI du d\u00e9partement, en pr\u00e9sence de Fran\u00e7ois Ravier Pr\u00e9fet, Nathalie Fontaine repr\u00e9sentant le pr\u00e9sident du Conseil d\u00e9partemental Herv\u00e9 Gaymard , les co-pr\u00e9sident.es du jury, C\u00e9dric Vial s\u00e9nateur et Martine Berthet S\u00e9natrice, Evelyne Simon repr\u00e9sentant l\u2019association Femmes [&hellip;]<\/p>\n","protected":false},"author":1,"featured_media":1460,"comment_status":"closed","ping_status":"closed","sticky":false,"template":"","format":"standard","meta":{"footnotes":""},"categories":[37],"tags":[],"class_list":["post-1459","post","type-post","status-publish","format-standard","has-post-thumbnail","hentry","category-marianne-de-la-parite-2020-2026"],"yoast_head":"<!-- This site is optimized with the Yoast SEO plugin v22.8 - https:\/\/yoast.com\/wordpress\/plugins\/seo\/ -->\n<title>Les Marianne de la parit\u00e9 des EPCI de Savoie - Elles Aussi<\/title>\n<meta name=\"robots\" content=\"index, follow, max-snippet:-1, max-image-preview:large, max-video-preview:-1\" \/>\n<link rel=\"canonical\" href=\"https:\/\/www.ellesaussi.org\/?p=1459\" \/>\n<meta property=\"og:locale\" content=\"fr_FR\" \/>\n<meta property=\"og:type\" content=\"article\" \/>\n<meta property=\"og:title\" content=\"Les Marianne de la parit\u00e9 des EPCI de Savoie - Elles Aussi\" \/>\n<meta property=\"og:description\" content=\"Le 4 d\u00e9cembre 2023 s\u2019est d\u00e9roul\u00e9e en Pr\u00e9fecture de Savoie, la c\u00e9r\u00e9monie de la Marianne de la Parit\u00e9 des EPCI du d\u00e9partement, en pr\u00e9sence de Fran\u00e7ois Ravier Pr\u00e9fet, Nathalie Fontaine repr\u00e9sentant le pr\u00e9sident du Conseil d\u00e9partemental Herv\u00e9 Gaymard , les co-pr\u00e9sident.es du jury, C\u00e9dric Vial s\u00e9nateur et Martine Berthet S\u00e9natrice, Evelyne Simon repr\u00e9sentant l\u2019association Femmes [&hellip;]\" \/>\n<meta property=\"og:url\" content=\"https:\/\/www.ellesaussi.org\/?p=1459\" \/>\n<meta property=\"og:site_name\" content=\"Elles Aussi\" \/>\n<meta property=\"article:publisher\" content=\"https:\/\/www.facebook.com\/ellesaussi\/\" \/>\n<meta property=\"article:published_time\" content=\"2023-12-04T09:20:00+00:00\" \/>\n<meta property=\"article:modified_time\" content=\"2024-10-29T09:25:29+00:00\" \/>\n<meta property=\"og:image\" content=\"https:\/\/www.ellesaussi.org\/wp-content\/uploads\/2024\/10\/Marianne-2-EPCI-SAVOIE-2023.jpg\" \/>\n\t<meta property=\"og:image:width\" content=\"2047\" \/>\n\t<meta property=\"og:image:height\" content=\"908\" \/>\n\t<meta property=\"og:image:type\" content=\"image\/jpeg\" \/>\n<meta name=\"author\" content=\"admin\" \/>\n<meta name=\"twitter:card\" content=\"summary_large_image\" \/>\n<meta name=\"twitter:label1\" content=\"\u00c9crit par\" \/>\n\t<meta name=\"twitter:data1\" content=\"admin\" \/>\n\t<meta name=\"twitter:label2\" content=\"Dur\u00e9e de lecture estim\u00e9e\" \/>\n\t<meta name=\"twitter:data2\" content=\"4 minutes\" \/>\n<script type=\"application\/ld+json\" class=\"yoast-schema-graph\">{\"@context\":\"https:\/\/schema.org\",\"@graph\":[{\"@type\":\"Article\",\"@id\":\"https:\/\/www.ellesaussi.org\/?p=1459#article\",\"isPartOf\":{\"@id\":\"https:\/\/www.ellesaussi.org\/?p=1459\"},\"author\":{\"name\":\"admin\",\"@id\":\"https:\/\/www.ellesaussi.org\/#\/schema\/person\/eeca4be50db30b5dbb39f78fc3364160\"},\"headline\":\"Les Marianne de la parit\u00e9 des EPCI de Savoie\",\"datePublished\":\"2023-12-04T09:20:00+00:00\",\"dateModified\":\"2024-10-29T09:25:29+00:00\",\"mainEntityOfPage\":{\"@id\":\"https:\/\/www.ellesaussi.org\/?p=1459\"},\"wordCount\":734,\"publisher\":{\"@id\":\"https:\/\/www.ellesaussi.org\/#organization\"},\"image\":{\"@id\":\"https:\/\/www.ellesaussi.org\/?p=1459#primaryimage\"},\"thumbnailUrl\":\"https:\/\/www.ellesaussi.org\/wp-content\/uploads\/2024\/10\/Marianne-2-EPCI-SAVOIE-2023.jpg\",\"articleSection\":[\"Marianne de la Parit\u00e9 2020-2026\"],\"inLanguage\":\"fr-FR\"},{\"@type\":\"WebPage\",\"@id\":\"https:\/\/www.ellesaussi.org\/?p=1459\",\"url\":\"https:\/\/www.ellesaussi.org\/?p=1459\",\"name\":\"Les Marianne de la parit\u00e9 des EPCI de Savoie - Elles Aussi\",\"isPartOf\":{\"@id\":\"https:\/\/www.ellesaussi.org\/#website\"},\"primaryImageOfPage\":{\"@id\":\"https:\/\/www.ellesaussi.org\/?p=1459#primaryimage\"},\"image\":{\"@id\":\"https:\/\/www.ellesaussi.org\/?p=1459#primaryimage\"},\"thumbnailUrl\":\"https:\/\/www.ellesaussi.org\/wp-content\/uploads\/2024\/10\/Marianne-2-EPCI-SAVOIE-2023.jpg\",\"datePublished\":\"2023-12-04T09:20:00+00:00\",\"dateModified\":\"2024-10-29T09:25:29+00:00\",\"breadcrumb\":{\"@id\":\"https:\/\/www.ellesaussi.org\/?p=1459#breadcrumb\"},\"inLanguage\":\"fr-FR\",\"potentialAction\":[{\"@type\":\"ReadAction\",\"target\":[\"https:\/\/www.ellesaussi.org\/?p=1459\"]}]},{\"@type\":\"ImageObject\",\"inLanguage\":\"fr-FR\",\"@id\":\"https:\/\/www.ellesaussi.org\/?p=1459#primaryimage\",\"url\":\"https:\/\/www.ellesaussi.org\/wp-content\/uploads\/2024\/10\/Marianne-2-EPCI-SAVOIE-2023.jpg\",\"contentUrl\":\"https:\/\/www.ellesaussi.org\/wp-content\/uploads\/2024\/10\/Marianne-2-EPCI-SAVOIE-2023.jpg\",\"width\":2047,\"height\":908},{\"@type\":\"BreadcrumbList\",\"@id\":\"https:\/\/www.ellesaussi.org\/?p=1459#breadcrumb\",\"itemListElement\":[{\"@type\":\"ListItem\",\"position\":1,\"name\":\"Accueil\",\"item\":\"https:\/\/www.ellesaussi.org\/\"},{\"@type\":\"ListItem\",\"position\":2,\"name\":\"Les Marianne de la parit\u00e9 des EPCI de Savoie\"}]},{\"@type\":\"WebSite\",\"@id\":\"https:\/\/www.ellesaussi.org\/#website\",\"url\":\"https:\/\/www.ellesaussi.org\/\",\"name\":\"Elles Aussi\",\"description\":\"\",\"publisher\":{\"@id\":\"https:\/\/www.ellesaussi.org\/#organization\"},\"potentialAction\":[{\"@type\":\"SearchAction\",\"target\":{\"@type\":\"EntryPoint\",\"urlTemplate\":\"https:\/\/www.ellesaussi.org\/?s={search_term_string}\"},\"query-input\":\"required name=search_term_string\"}],\"inLanguage\":\"fr-FR\"},{\"@type\":\"Organization\",\"@id\":\"https:\/\/www.ellesaussi.org\/#organization\",\"name\":\"Elles Aussi\",\"url\":\"https:\/\/www.ellesaussi.org\/\",\"logo\":{\"@type\":\"ImageObject\",\"inLanguage\":\"fr-FR\",\"@id\":\"https:\/\/www.ellesaussi.org\/#\/schema\/logo\/image\/\",\"url\":\"https:\/\/www.ellesaussi.org\/wp-content\/uploads\/2024\/05\/Elles-aussi_logotype_rouge.png\",\"contentUrl\":\"https:\/\/www.ellesaussi.org\/wp-content\/uploads\/2024\/05\/Elles-aussi_logotype_rouge.png\",\"width\":3472,\"height\":2480,\"caption\":\"Elles Aussi\"},\"image\":{\"@id\":\"https:\/\/www.ellesaussi.org\/#\/schema\/logo\/image\/\"},\"sameAs\":[\"https:\/\/www.facebook.com\/ellesaussi\/\"]},{\"@type\":\"Person\",\"@id\":\"https:\/\/www.ellesaussi.org\/#\/schema\/person\/eeca4be50db30b5dbb39f78fc3364160\",\"name\":\"admin\",\"image\":{\"@type\":\"ImageObject\",\"inLanguage\":\"fr-FR\",\"@id\":\"https:\/\/www.ellesaussi.org\/#\/schema\/person\/image\/\",\"url\":\"https:\/\/secure.gravatar.com\/avatar\/62da4937aa6d6b509192861c0b966204a1b742b2814f6387fa08fe6c98a8729c?s=96&d=mm&r=g\",\"contentUrl\":\"https:\/\/secure.gravatar.com\/avatar\/62da4937aa6d6b509192861c0b966204a1b742b2814f6387fa08fe6c98a8729c?s=96&d=mm&r=g\",\"caption\":\"admin\"},\"sameAs\":[\"https:\/\/elles129186.webdb78.lwspanel.com\"],\"url\":\"https:\/\/www.ellesaussi.org\/?author=1\"}]}<\/script>\n<!-- \/ Yoast SEO plugin. -->","yoast_head_json":{"title":"Les Marianne de la parit\u00e9 des EPCI de Savoie - Elles Aussi","robots":{"index":"index","follow":"follow","max-snippet":"max-snippet:-1","max-image-preview":"max-image-preview:large","max-video-preview":"max-video-preview:-1"},"canonical":"https:\/\/www.ellesaussi.org\/?p=1459","og_locale":"fr_FR","og_type":"article","og_title":"Les Marianne de la parit\u00e9 des EPCI de Savoie - Elles Aussi","og_description":"Le 4 d\u00e9cembre 2023 s\u2019est d\u00e9roul\u00e9e en Pr\u00e9fecture de Savoie, la c\u00e9r\u00e9monie de la Marianne de la Parit\u00e9 des EPCI du d\u00e9partement, en pr\u00e9sence de Fran\u00e7ois Ravier Pr\u00e9fet, Nathalie Fontaine repr\u00e9sentant le pr\u00e9sident du Conseil d\u00e9partemental Herv\u00e9 Gaymard , les co-pr\u00e9sident.es du jury, C\u00e9dric Vial s\u00e9nateur et Martine Berthet S\u00e9natrice, Evelyne Simon repr\u00e9sentant l\u2019association Femmes [&hellip;]","og_url":"https:\/\/www.ellesaussi.org\/?p=1459","og_site_name":"Elles Aussi","article_publisher":"https:\/\/www.facebook.com\/ellesaussi\/","article_published_time":"2023-12-04T09:20:00+00:00","article_modified_time":"2024-10-29T09:25:29+00:00","og_image":[{"width":2047,"height":908,"url":"https:\/\/www.ellesaussi.org\/wp-content\/uploads\/2024\/10\/Marianne-2-EPCI-SAVOIE-2023.jpg","type":"image\/jpeg"}],"author":"admin","twitter_card":"summary_large_image","twitter_misc":{"\u00c9crit par":"admin","Dur\u00e9e de lecture estim\u00e9e":"4 minutes"},"schema":{"@context":"https:\/\/schema.org","@graph":[{"@type":"Article","@id":"https:\/\/www.ellesaussi.org\/?p=1459#article","isPartOf":{"@id":"https:\/\/www.ellesaussi.org\/?p=1459"},"author":{"name":"admin","@id":"https:\/\/www.ellesaussi.org\/#\/schema\/person\/eeca4be50db30b5dbb39f78fc3364160"},"headline":"Les Marianne de la parit\u00e9 des EPCI de Savoie","datePublished":"2023-12-04T09:20:00+00:00","dateModified":"2024-10-29T09:25:29+00:00","mainEntityOfPage":{"@id":"https:\/\/www.ellesaussi.org\/?p=1459"},"wordCount":734,"publisher":{"@id":"https:\/\/www.ellesaussi.org\/#organization"},"image":{"@id":"https:\/\/www.ellesaussi.org\/?p=1459#primaryimage"},"thumbnailUrl":"https:\/\/www.ellesaussi.org\/wp-content\/uploads\/2024\/10\/Marianne-2-EPCI-SAVOIE-2023.jpg","articleSection":["Marianne de la Parit\u00e9 2020-2026"],"inLanguage":"fr-FR"},{"@type":"WebPage","@id":"https:\/\/www.ellesaussi.org\/?p=1459","url":"https:\/\/www.ellesaussi.org\/?p=1459","name":"Les Marianne de la parit\u00e9 des EPCI de Savoie - Elles Aussi","isPartOf":{"@id":"https:\/\/www.ellesaussi.org\/#website"},"primaryImageOfPage":{"@id":"https:\/\/www.ellesaussi.org\/?p=1459#primaryimage"},"image":{"@id":"https:\/\/www.ellesaussi.org\/?p=1459#primaryimage"},"thumbnailUrl":"https:\/\/www.ellesaussi.org\/wp-content\/uploads\/2024\/10\/Marianne-2-EPCI-SAVOIE-2023.jpg","datePublished":"2023-12-04T09:20:00+00:00","dateModified":"2024-10-29T09:25:29+00:00","breadcrumb":{"@id":"https:\/\/www.ellesaussi.org\/?p=1459#breadcrumb"},"inLanguage":"fr-FR","potentialAction":[{"@type":"ReadAction","target":["https:\/\/www.ellesaussi.org\/?p=1459"]}]},{"@type":"ImageObject","inLanguage":"fr-FR","@id":"https:\/\/www.ellesaussi.org\/?p=1459#primaryimage","url":"https:\/\/www.ellesaussi.org\/wp-content\/uploads\/2024\/10\/Marianne-2-EPCI-SAVOIE-2023.jpg","contentUrl":"https:\/\/www.ellesaussi.org\/wp-content\/uploads\/2024\/10\/Marianne-2-EPCI-SAVOIE-2023.jpg","width":2047,"height":908},{"@type":"BreadcrumbList","@id":"https:\/\/www.ellesaussi.org\/?p=1459#breadcrumb","itemListElement":[{"@type":"ListItem","position":1,"name":"Accueil","item":"https:\/\/www.ellesaussi.org\/"},{"@type":"ListItem","position":2,"name":"Les Marianne de la parit\u00e9 des EPCI de Savoie"}]},{"@type":"WebSite","@id":"https:\/\/www.ellesaussi.org\/#website","url":"https:\/\/www.ellesaussi.org\/","name":"Elles Aussi","description":"","publisher":{"@id":"https:\/\/www.ellesaussi.org\/#organization"},"potentialAction":[{"@type":"SearchAction","target":{"@type":"EntryPoint","urlTemplate":"https:\/\/www.ellesaussi.org\/?s={search_term_string}"},"query-input":"required name=search_term_string"}],"inLanguage":"fr-FR"},{"@type":"Organization","@id":"https:\/\/www.ellesaussi.org\/#organization","name":"Elles Aussi","url":"https:\/\/www.ellesaussi.org\/","logo":{"@type":"ImageObject","inLanguage":"fr-FR","@id":"https:\/\/www.ellesaussi.org\/#\/schema\/logo\/image\/","url":"https:\/\/www.ellesaussi.org\/wp-content\/uploads\/2024\/05\/Elles-aussi_logotype_rouge.png","contentUrl":"https:\/\/www.ellesaussi.org\/wp-content\/uploads\/2024\/05\/Elles-aussi_logotype_rouge.png","width":3472,"height":2480,"caption":"Elles Aussi"},"image":{"@id":"https:\/\/www.ellesaussi.org\/#\/schema\/logo\/image\/"},"sameAs":["https:\/\/www.facebook.com\/ellesaussi\/"]},{"@type":"Person","@id":"https:\/\/www.ellesaussi.org\/#\/schema\/person\/eeca4be50db30b5dbb39f78fc3364160","name":"admin","image":{"@type":"ImageObject","inLanguage":"fr-FR","@id":"https:\/\/www.ellesaussi.org\/#\/schema\/person\/image\/","url":"https:\/\/secure.gravatar.com\/avatar\/62da4937aa6d6b509192861c0b966204a1b742b2814f6387fa08fe6c98a8729c?s=96&d=mm&r=g","contentUrl":"https:\/\/secure.gravatar.com\/avatar\/62da4937aa6d6b509192861c0b966204a1b742b2814f6387fa08fe6c98a8729c?s=96&d=mm&r=g","caption":"admin"},"sameAs":["https:\/\/elles129186.webdb78.lwspanel.com"],"url":"https:\/\/www.ellesaussi.org\/?author=1"}]}},"_links":{"self":[{"href":"https:\/\/www.ellesaussi.org\/index.php?rest_route=\/wp\/v2\/posts\/1459","targetHints":{"allow":["GET"]}}],"collection":[{"href":"https:\/\/www.ellesaussi.org\/index.php?rest_route=\/wp\/v2\/posts"}],"about":[{"href":"https:\/\/www.ellesaussi.org\/index.php?rest_route=\/wp\/v2\/types\/post"}],"author":[{"embeddable":true,"href":"https:\/\/www.ellesaussi.org\/index.php?rest_route=\/wp\/v2\/users\/1"}],"replies":[{"embeddable":true,"href":"https:\/\/www.ellesaussi.org\/index.php?rest_route=%2Fwp%2Fv2%2Fcomments&post=1459"}],"version-history":[{"count":10,"href":"https:\/\/www.ellesaussi.org\/index.php?rest_route=\/wp\/v2\/posts\/1459\/revisions"}],"predecessor-version":[{"id":1473,"href":"https:\/\/www.ellesaussi.org\/index.php?rest_route=\/wp\/v2\/posts\/1459\/revisions\/1473"}],"wp:featuredmedia":[{"embeddable":true,"href":"https:\/\/www.ellesaussi.org\/index.php?rest_route=\/wp\/v2\/media\/1460"}],"wp:attachment":[{"href":"https:\/\/www.ellesaussi.org\/index.php?rest_route=%2Fwp%2Fv2%2Fmedia&parent=1459"}],"wp:term":[{"taxonomy":"category","embeddable":true,"href":"https:\/\/www.ellesaussi.org\/index.php?rest_route=%2Fwp%2Fv2%2Fcategories&post=1459"},{"taxonomy":"post_tag","embeddable":true,"href":"https:\/\/www.ellesaussi.org\/index.php?rest_route=%2Fwp%2Fv2%2Ftags&post=1459"}],"curies":[{"name":"wp","href":"https:\/\/api.w.org\/{rel}","templated":true}]}}