{"id":1402,"date":"2021-07-03T21:11:00","date_gmt":"2021-07-03T19:11:00","guid":{"rendered":"https:\/\/elles129186.webdb78.lwspanel.com\/?p=1402"},"modified":"2025-02-17T15:40:12","modified_gmt":"2025-02-17T14:40:12","slug":"parite-dans-les-chambres-etles-ordres-professionnels-des-avancees-a-bas-bruit","status":"publish","type":"post","link":"https:\/\/www.ellesaussi.org\/?p=1402","title":{"rendered":"Parit\u00e9 dans les chambres etles ordres professionnels : des avanc\u00e9es \u00e0 bas bruit"},"content":{"rendered":"\t\t<div data-elementor-type=\"wp-post\" data-elementor-id=\"1402\" class=\"elementor elementor-1402\" data-elementor-post-type=\"post\">\n\t\t\t\t<div class=\"elementor-element elementor-element-e0ca7f5 e-flex e-con-boxed e-con e-parent\" data-id=\"e0ca7f5\" data-element_type=\"container\">\n\t\t\t\t\t<div class=\"e-con-inner\">\n\t\t\t\t<div class=\"elementor-element elementor-element-2670eab elementor-widget elementor-widget-text-editor\" data-id=\"2670eab\" data-element_type=\"widget\" data-widget_type=\"text-editor.default\">\n\t\t\t\t<div class=\"elementor-widget-container\">\n\t\t\t\t\t\t\t<p>2 juillet 2021 :\u00a0Avec la participation d\u2019Elles aussi \u00e0 la commission Parit\u00e9, le\u00a0Haut Conseil \u00e0 l\u2019Egalit\u00e9 entre les femmes et les hommes (HCE), publie un rapport intitul\u00e9 \u00ab\u00a0<em>Parit\u00e9 dans les chambres et les ordres professionnels\u00a0: des avanc\u00e9es \u00e0 bas bruits<\/em>\u00a0\u00bb, troisi\u00e8me et dernier volet de la trilogie consacr\u00e9e \u00e0 la \u00ab\u00a0Parit\u00e9 dans le monde du travail\u00a0\u00bb qui fait suite au bilan de la parit\u00e9 dans les entreprises du secteur priv\u00e9, publi\u00e9 en d\u00e9cembre 2019, et \u00e0 l\u2019opus pr\u00e9c\u00e9dent portant sur le secteur public, publi\u00e9 en avril dernier.\u00a0<\/p>\t\t\t\t\t\t<\/div>\n\t\t\t\t<\/div>\n\t\t\t\t<div class=\"elementor-element elementor-element-b03339d elementor-widget elementor-widget-button\" data-id=\"b03339d\" data-element_type=\"widget\" data-widget_type=\"button.default\">\n\t\t\t\t<div class=\"elementor-widget-container\">\n\t\t\t\t\t<div class=\"elementor-button-wrapper\">\n\t\t\t<a class=\"elementor-button elementor-button-link elementor-size-sm\" href=\"https:\/\/www.ellesaussi.org\/wp-content\/uploads\/2024\/10\/rapport_-_parite_dans_les_chambres_et_les_ordres_professionnels_des_avancees_a_bas_bruits-2.pdf\" target=\"_blank\">\n\t\t\t\t\t\t<span class=\"elementor-button-content-wrapper\">\n\t\t\t\t\t\t\t\t\t<span class=\"elementor-button-text\">Lire le rapport<\/span>\n\t\t\t\t\t<\/span>\n\t\t\t\t\t<\/a>\n\t\t<\/div>\n\t\t\t\t<\/div>\n\t\t\t\t<\/div>\n\t\t\t\t\t<\/div>\n\t\t\t\t<\/div>\n\t\t\t\t<\/div>\n\t\t","protected":false},"excerpt":{"rendered":"<p>2 juillet 2021 :\u00a0Avec la participation d\u2019Elles aussi \u00e0 la commission Parit\u00e9, le\u00a0Haut Conseil \u00e0 l\u2019Egalit\u00e9 entre les femmes et les hommes (HCE), publie un rapport intitul\u00e9 \u00ab\u00a0Parit\u00e9 dans les chambres et les ordres professionnels\u00a0: des avanc\u00e9es \u00e0 bas bruits\u00a0\u00bb, troisi\u00e8me et dernier volet de la trilogie consacr\u00e9e \u00e0 la \u00ab\u00a0Parit\u00e9 dans le monde du [&hellip;]<\/p>\n","protected":false},"author":1,"featured_media":1403,"comment_status":"closed","ping_status":"closed","sticky":false,"template":"","format":"standard","meta":{"footnotes":""},"categories":[38],"tags":[],"class_list":["post-1402","post","type-post","status-publish","format-standard","has-post-thumbnail","hentry","category-chronique-de-la-parite"],"yoast_head":"<!-- This site is optimized with the Yoast SEO plugin v22.8 - https:\/\/yoast.com\/wordpress\/plugins\/seo\/ -->\n<title>Parit\u00e9 dans les chambres etles ordres professionnels : des avanc\u00e9es \u00e0 bas bruit - Elles Aussi<\/title>\n<meta name=\"robots\" content=\"index, follow, max-snippet:-1, max-image-preview:large, max-video-preview:-1\" \/>\n<link rel=\"canonical\" href=\"https:\/\/www.ellesaussi.org\/?p=1402\" \/>\n<meta property=\"og:locale\" content=\"fr_FR\" \/>\n<meta property=\"og:type\" content=\"article\" \/>\n<meta property=\"og:title\" content=\"Parit\u00e9 dans les chambres etles ordres professionnels : des avanc\u00e9es \u00e0 bas bruit - Elles Aussi\" \/>\n<meta property=\"og:description\" content=\"2 juillet 2021 :\u00a0Avec la participation d\u2019Elles aussi \u00e0 la commission Parit\u00e9, le\u00a0Haut Conseil \u00e0 l\u2019Egalit\u00e9 entre les femmes et les hommes (HCE), publie un rapport intitul\u00e9 \u00ab\u00a0Parit\u00e9 dans les chambres et les ordres professionnels\u00a0: des avanc\u00e9es \u00e0 bas bruits\u00a0\u00bb, troisi\u00e8me et dernier volet de la trilogie consacr\u00e9e \u00e0 la \u00ab\u00a0Parit\u00e9 dans le monde du [&hellip;]\" \/>\n<meta property=\"og:url\" content=\"https:\/\/www.ellesaussi.org\/?p=1402\" \/>\n<meta property=\"og:site_name\" content=\"Elles Aussi\" \/>\n<meta property=\"article:publisher\" content=\"https:\/\/www.facebook.com\/ellesaussi\/\" \/>\n<meta property=\"article:published_time\" content=\"2021-07-03T19:11:00+00:00\" \/>\n<meta property=\"article:modified_time\" content=\"2025-02-17T14:40:12+00:00\" \/>\n<meta property=\"og:image\" content=\"https:\/\/www.ellesaussi.org\/wp-content\/uploads\/2024\/10\/Capture-decran-2024-10-20-a-21.13.04.png\" \/>\n\t<meta property=\"og:image:width\" content=\"164\" \/>\n\t<meta property=\"og:image:height\" content=\"90\" \/>\n\t<meta property=\"og:image:type\" content=\"image\/png\" \/>\n<meta name=\"author\" content=\"admin\" \/>\n<meta name=\"twitter:card\" content=\"summary_large_image\" \/>\n<meta name=\"twitter:label1\" content=\"\u00c9crit par\" \/>\n\t<meta name=\"twitter:data1\" content=\"admin\" \/>\n\t<meta name=\"twitter:label2\" content=\"Dur\u00e9e de lecture estim\u00e9e\" \/>\n\t<meta name=\"twitter:data2\" content=\"1 minute\" \/>\n<script type=\"application\/ld+json\" class=\"yoast-schema-graph\">{\"@context\":\"https:\/\/schema.org\",\"@graph\":[{\"@type\":\"Article\",\"@id\":\"https:\/\/www.ellesaussi.org\/?p=1402#article\",\"isPartOf\":{\"@id\":\"https:\/\/www.ellesaussi.org\/?p=1402\"},\"author\":{\"name\":\"admin\",\"@id\":\"https:\/\/www.ellesaussi.org\/#\/schema\/person\/eeca4be50db30b5dbb39f78fc3364160\"},\"headline\":\"Parit\u00e9 dans les chambres etles ordres professionnels : des avanc\u00e9es \u00e0 bas bruit\",\"datePublished\":\"2021-07-03T19:11:00+00:00\",\"dateModified\":\"2025-02-17T14:40:12+00:00\",\"mainEntityOfPage\":{\"@id\":\"https:\/\/www.ellesaussi.org\/?p=1402\"},\"wordCount\":104,\"publisher\":{\"@id\":\"https:\/\/www.ellesaussi.org\/#organization\"},\"image\":{\"@id\":\"https:\/\/www.ellesaussi.org\/?p=1402#primaryimage\"},\"thumbnailUrl\":\"https:\/\/www.ellesaussi.org\/wp-content\/uploads\/2024\/10\/Capture-decran-2024-10-20-a-21.13.04.png\",\"articleSection\":[\"Chronique de la parit\u00e9\"],\"inLanguage\":\"fr-FR\"},{\"@type\":\"WebPage\",\"@id\":\"https:\/\/www.ellesaussi.org\/?p=1402\",\"url\":\"https:\/\/www.ellesaussi.org\/?p=1402\",\"name\":\"Parit\u00e9 dans les chambres etles ordres professionnels : des avanc\u00e9es \u00e0 bas bruit - Elles Aussi\",\"isPartOf\":{\"@id\":\"https:\/\/www.ellesaussi.org\/#website\"},\"primaryImageOfPage\":{\"@id\":\"https:\/\/www.ellesaussi.org\/?p=1402#primaryimage\"},\"image\":{\"@id\":\"https:\/\/www.ellesaussi.org\/?p=1402#primaryimage\"},\"thumbnailUrl\":\"https:\/\/www.ellesaussi.org\/wp-content\/uploads\/2024\/10\/Capture-decran-2024-10-20-a-21.13.04.png\",\"datePublished\":\"2021-07-03T19:11:00+00:00\",\"dateModified\":\"2025-02-17T14:40:12+00:00\",\"breadcrumb\":{\"@id\":\"https:\/\/www.ellesaussi.org\/?p=1402#breadcrumb\"},\"inLanguage\":\"fr-FR\",\"potentialAction\":[{\"@type\":\"ReadAction\",\"target\":[\"https:\/\/www.ellesaussi.org\/?p=1402\"]}]},{\"@type\":\"ImageObject\",\"inLanguage\":\"fr-FR\",\"@id\":\"https:\/\/www.ellesaussi.org\/?p=1402#primaryimage\",\"url\":\"https:\/\/www.ellesaussi.org\/wp-content\/uploads\/2024\/10\/Capture-decran-2024-10-20-a-21.13.04.png\",\"contentUrl\":\"https:\/\/www.ellesaussi.org\/wp-content\/uploads\/2024\/10\/Capture-decran-2024-10-20-a-21.13.04.png\",\"width\":164,\"height\":90},{\"@type\":\"BreadcrumbList\",\"@id\":\"https:\/\/www.ellesaussi.org\/?p=1402#breadcrumb\",\"itemListElement\":[{\"@type\":\"ListItem\",\"position\":1,\"name\":\"Accueil\",\"item\":\"https:\/\/www.ellesaussi.org\/\"},{\"@type\":\"ListItem\",\"position\":2,\"name\":\"Parit\u00e9 dans les chambres etles ordres professionnels : des avanc\u00e9es \u00e0 bas bruit\"}]},{\"@type\":\"WebSite\",\"@id\":\"https:\/\/www.ellesaussi.org\/#website\",\"url\":\"https:\/\/www.ellesaussi.org\/\",\"name\":\"Elles Aussi\",\"description\":\"\",\"publisher\":{\"@id\":\"https:\/\/www.ellesaussi.org\/#organization\"},\"potentialAction\":[{\"@type\":\"SearchAction\",\"target\":{\"@type\":\"EntryPoint\",\"urlTemplate\":\"https:\/\/www.ellesaussi.org\/?s={search_term_string}\"},\"query-input\":\"required name=search_term_string\"}],\"inLanguage\":\"fr-FR\"},{\"@type\":\"Organization\",\"@id\":\"https:\/\/www.ellesaussi.org\/#organization\",\"name\":\"Elles Aussi\",\"url\":\"https:\/\/www.ellesaussi.org\/\",\"logo\":{\"@type\":\"ImageObject\",\"inLanguage\":\"fr-FR\",\"@id\":\"https:\/\/www.ellesaussi.org\/#\/schema\/logo\/image\/\",\"url\":\"https:\/\/www.ellesaussi.org\/wp-content\/uploads\/2024\/05\/Elles-aussi_logotype_rouge.png\",\"contentUrl\":\"https:\/\/www.ellesaussi.org\/wp-content\/uploads\/2024\/05\/Elles-aussi_logotype_rouge.png\",\"width\":3472,\"height\":2480,\"caption\":\"Elles Aussi\"},\"image\":{\"@id\":\"https:\/\/www.ellesaussi.org\/#\/schema\/logo\/image\/\"},\"sameAs\":[\"https:\/\/www.facebook.com\/ellesaussi\/\"]},{\"@type\":\"Person\",\"@id\":\"https:\/\/www.ellesaussi.org\/#\/schema\/person\/eeca4be50db30b5dbb39f78fc3364160\",\"name\":\"admin\",\"image\":{\"@type\":\"ImageObject\",\"inLanguage\":\"fr-FR\",\"@id\":\"https:\/\/www.ellesaussi.org\/#\/schema\/person\/image\/\",\"url\":\"https:\/\/secure.gravatar.com\/avatar\/62da4937aa6d6b509192861c0b966204a1b742b2814f6387fa08fe6c98a8729c?s=96&d=mm&r=g\",\"contentUrl\":\"https:\/\/secure.gravatar.com\/avatar\/62da4937aa6d6b509192861c0b966204a1b742b2814f6387fa08fe6c98a8729c?s=96&d=mm&r=g\",\"caption\":\"admin\"},\"sameAs\":[\"https:\/\/elles129186.webdb78.lwspanel.com\"],\"url\":\"https:\/\/www.ellesaussi.org\/?author=1\"}]}<\/script>\n<!-- \/ Yoast SEO plugin. -->","yoast_head_json":{"title":"Parit\u00e9 dans les chambres etles ordres professionnels : des avanc\u00e9es \u00e0 bas bruit - Elles Aussi","robots":{"index":"index","follow":"follow","max-snippet":"max-snippet:-1","max-image-preview":"max-image-preview:large","max-video-preview":"max-video-preview:-1"},"canonical":"https:\/\/www.ellesaussi.org\/?p=1402","og_locale":"fr_FR","og_type":"article","og_title":"Parit\u00e9 dans les chambres etles ordres professionnels : des avanc\u00e9es \u00e0 bas bruit - Elles Aussi","og_description":"2 juillet 2021 :\u00a0Avec la participation d\u2019Elles aussi \u00e0 la commission Parit\u00e9, le\u00a0Haut Conseil \u00e0 l\u2019Egalit\u00e9 entre les femmes et les hommes (HCE), publie un rapport intitul\u00e9 \u00ab\u00a0Parit\u00e9 dans les chambres et les ordres professionnels\u00a0: des avanc\u00e9es \u00e0 bas bruits\u00a0\u00bb, troisi\u00e8me et dernier volet de la trilogie consacr\u00e9e \u00e0 la \u00ab\u00a0Parit\u00e9 dans le monde du [&hellip;]","og_url":"https:\/\/www.ellesaussi.org\/?p=1402","og_site_name":"Elles Aussi","article_publisher":"https:\/\/www.facebook.com\/ellesaussi\/","article_published_time":"2021-07-03T19:11:00+00:00","article_modified_time":"2025-02-17T14:40:12+00:00","og_image":[{"width":164,"height":90,"url":"https:\/\/www.ellesaussi.org\/wp-content\/uploads\/2024\/10\/Capture-decran-2024-10-20-a-21.13.04.png","type":"image\/png"}],"author":"admin","twitter_card":"summary_large_image","twitter_misc":{"\u00c9crit par":"admin","Dur\u00e9e de lecture estim\u00e9e":"1 minute"},"schema":{"@context":"https:\/\/schema.org","@graph":[{"@type":"Article","@id":"https:\/\/www.ellesaussi.org\/?p=1402#article","isPartOf":{"@id":"https:\/\/www.ellesaussi.org\/?p=1402"},"author":{"name":"admin","@id":"https:\/\/www.ellesaussi.org\/#\/schema\/person\/eeca4be50db30b5dbb39f78fc3364160"},"headline":"Parit\u00e9 dans les chambres etles ordres professionnels : des avanc\u00e9es \u00e0 bas bruit","datePublished":"2021-07-03T19:11:00+00:00","dateModified":"2025-02-17T14:40:12+00:00","mainEntityOfPage":{"@id":"https:\/\/www.ellesaussi.org\/?p=1402"},"wordCount":104,"publisher":{"@id":"https:\/\/www.ellesaussi.org\/#organization"},"image":{"@id":"https:\/\/www.ellesaussi.org\/?p=1402#primaryimage"},"thumbnailUrl":"https:\/\/www.ellesaussi.org\/wp-content\/uploads\/2024\/10\/Capture-decran-2024-10-20-a-21.13.04.png","articleSection":["Chronique de la parit\u00e9"],"inLanguage":"fr-FR"},{"@type":"WebPage","@id":"https:\/\/www.ellesaussi.org\/?p=1402","url":"https:\/\/www.ellesaussi.org\/?p=1402","name":"Parit\u00e9 dans les chambres etles ordres professionnels : des avanc\u00e9es \u00e0 bas bruit - Elles Aussi","isPartOf":{"@id":"https:\/\/www.ellesaussi.org\/#website"},"primaryImageOfPage":{"@id":"https:\/\/www.ellesaussi.org\/?p=1402#primaryimage"},"image":{"@id":"https:\/\/www.ellesaussi.org\/?p=1402#primaryimage"},"thumbnailUrl":"https:\/\/www.ellesaussi.org\/wp-content\/uploads\/2024\/10\/Capture-decran-2024-10-20-a-21.13.04.png","datePublished":"2021-07-03T19:11:00+00:00","dateModified":"2025-02-17T14:40:12+00:00","breadcrumb":{"@id":"https:\/\/www.ellesaussi.org\/?p=1402#breadcrumb"},"inLanguage":"fr-FR","potentialAction":[{"@type":"ReadAction","target":["https:\/\/www.ellesaussi.org\/?p=1402"]}]},{"@type":"ImageObject","inLanguage":"fr-FR","@id":"https:\/\/www.ellesaussi.org\/?p=1402#primaryimage","url":"https:\/\/www.ellesaussi.org\/wp-content\/uploads\/2024\/10\/Capture-decran-2024-10-20-a-21.13.04.png","contentUrl":"https:\/\/www.ellesaussi.org\/wp-content\/uploads\/2024\/10\/Capture-decran-2024-10-20-a-21.13.04.png","width":164,"height":90},{"@type":"BreadcrumbList","@id":"https:\/\/www.ellesaussi.org\/?p=1402#breadcrumb","itemListElement":[{"@type":"ListItem","position":1,"name":"Accueil","item":"https:\/\/www.ellesaussi.org\/"},{"@type":"ListItem","position":2,"name":"Parit\u00e9 dans les chambres etles ordres professionnels : des avanc\u00e9es \u00e0 bas bruit"}]},{"@type":"WebSite","@id":"https:\/\/www.ellesaussi.org\/#website","url":"https:\/\/www.ellesaussi.org\/","name":"Elles Aussi","description":"","publisher":{"@id":"https:\/\/www.ellesaussi.org\/#organization"},"potentialAction":[{"@type":"SearchAction","target":{"@type":"EntryPoint","urlTemplate":"https:\/\/www.ellesaussi.org\/?s={search_term_string}"},"query-input":"required name=search_term_string"}],"inLanguage":"fr-FR"},{"@type":"Organization","@id":"https:\/\/www.ellesaussi.org\/#organization","name":"Elles Aussi","url":"https:\/\/www.ellesaussi.org\/","logo":{"@type":"ImageObject","inLanguage":"fr-FR","@id":"https:\/\/www.ellesaussi.org\/#\/schema\/logo\/image\/","url":"https:\/\/www.ellesaussi.org\/wp-content\/uploads\/2024\/05\/Elles-aussi_logotype_rouge.png","contentUrl":"https:\/\/www.ellesaussi.org\/wp-content\/uploads\/2024\/05\/Elles-aussi_logotype_rouge.png","width":3472,"height":2480,"caption":"Elles Aussi"},"image":{"@id":"https:\/\/www.ellesaussi.org\/#\/schema\/logo\/image\/"},"sameAs":["https:\/\/www.facebook.com\/ellesaussi\/"]},{"@type":"Person","@id":"https:\/\/www.ellesaussi.org\/#\/schema\/person\/eeca4be50db30b5dbb39f78fc3364160","name":"admin","image":{"@type":"ImageObject","inLanguage":"fr-FR","@id":"https:\/\/www.ellesaussi.org\/#\/schema\/person\/image\/","url":"https:\/\/secure.gravatar.com\/avatar\/62da4937aa6d6b509192861c0b966204a1b742b2814f6387fa08fe6c98a8729c?s=96&d=mm&r=g","contentUrl":"https:\/\/secure.gravatar.com\/avatar\/62da4937aa6d6b509192861c0b966204a1b742b2814f6387fa08fe6c98a8729c?s=96&d=mm&r=g","caption":"admin"},"sameAs":["https:\/\/elles129186.webdb78.lwspanel.com"],"url":"https:\/\/www.ellesaussi.org\/?author=1"}]}},"_links":{"self":[{"href":"https:\/\/www.ellesaussi.org\/index.php?rest_route=\/wp\/v2\/posts\/1402","targetHints":{"allow":["GET"]}}],"collection":[{"href":"https:\/\/www.ellesaussi.org\/index.php?rest_route=\/wp\/v2\/posts"}],"about":[{"href":"https:\/\/www.ellesaussi.org\/index.php?rest_route=\/wp\/v2\/types\/post"}],"author":[{"embeddable":true,"href":"https:\/\/www.ellesaussi.org\/index.php?rest_route=\/wp\/v2\/users\/1"}],"replies":[{"embeddable":true,"href":"https:\/\/www.ellesaussi.org\/index.php?rest_route=%2Fwp%2Fv2%2Fcomments&post=1402"}],"version-history":[{"count":8,"href":"https:\/\/www.ellesaussi.org\/index.php?rest_route=\/wp\/v2\/posts\/1402\/revisions"}],"predecessor-version":[{"id":3257,"href":"https:\/\/www.ellesaussi.org\/index.php?rest_route=\/wp\/v2\/posts\/1402\/revisions\/3257"}],"wp:featuredmedia":[{"embeddable":true,"href":"https:\/\/www.ellesaussi.org\/index.php?rest_route=\/wp\/v2\/media\/1403"}],"wp:attachment":[{"href":"https:\/\/www.ellesaussi.org\/index.php?rest_route=%2Fwp%2Fv2%2Fmedia&parent=1402"}],"wp:term":[{"taxonomy":"category","embeddable":true,"href":"https:\/\/www.ellesaussi.org\/index.php?rest_route=%2Fwp%2Fv2%2Fcategories&post=1402"},{"taxonomy":"post_tag","embeddable":true,"href":"https:\/\/www.ellesaussi.org\/index.php?rest_route=%2Fwp%2Fv2%2Ftags&post=1402"}],"curies":[{"name":"wp","href":"https:\/\/api.w.org\/{rel}","templated":true}]}}