{"id":1369,"date":"2022-02-15T17:53:00","date_gmt":"2022-02-15T16:53:00","guid":{"rendered":"https:\/\/elles129186.webdb78.lwspanel.com\/?p=1369"},"modified":"2024-10-17T17:57:13","modified_gmt":"2024-10-17T15:57:13","slug":"la-chronique-de-la-parite","status":"publish","type":"post","link":"https:\/\/www.ellesaussi.org\/?p=1369","title":{"rendered":"La Chronique de la Parit\u00e9"},"content":{"rendered":"\t\t<div data-elementor-type=\"wp-post\" data-elementor-id=\"1369\" class=\"elementor elementor-1369\" data-elementor-post-type=\"post\">\n\t\t\t\t<div class=\"elementor-element elementor-element-0abe5f0 e-flex e-con-boxed e-con e-parent\" data-id=\"0abe5f0\" data-element_type=\"container\">\n\t\t\t\t\t<div class=\"e-con-inner\">\n\t\t\t\t<div class=\"elementor-element elementor-element-e2486e1 elementor-widget elementor-widget-text-editor\" data-id=\"e2486e1\" data-element_type=\"widget\" data-widget_type=\"text-editor.default\">\n\t\t\t\t<div class=\"elementor-widget-container\">\n\t\t\t\t\t\t\t<p><span style=\"color: #f15b43;\"><strong>Un scrutin de liste paritaire pour toutes les communes de moins de 1000 habitants :\u00a0 un tardif petit pas franchi en premi\u00e8re lecture par l\u2019Assembl\u00e9e nationale,\u00a0 mais rien pour favoriser la pr\u00e9sence des femmes dans les intercommunalit\u00e9s\u00a0\u00a0<\/strong><\/span><\/p><p>Tout d\u2019abord, nous tenons \u00e0 f\u00e9liciter la d\u00e9put\u00e9e et rapporteure Elodie Jacquier-Laforge pour sa forte implication et sa pers\u00e9v\u00e9rance \u00e0 d\u00e9fendre sa proposition de loi \u00ab visant \u00e0 renforcer la parit\u00e9 dans les fonctions \u00e9lectives et ex\u00e9cutives du bloc communal \u00bb.<\/p><p>Malheureusement ce qui a \u00e9t\u00e9 vot\u00e9 en premi\u00e8re lecture est d\u00e9cevant et loin de r\u00e9pondre \u00e0 nos attentes\u00a0<\/p><p><strong><span style=\"color: #f15b43;\">La parit\u00e9 dans toutes les communes, une revendication d\u2019Elles aussi tant attendue<\/span><\/strong><\/p><ul><li>dans les d\u00e9bats sur le scrutin de liste paritaire pour les communes de moins de 1000h. (71% des communes), nous assistons au retour des m\u00eames arguments \u00e9cul\u00e9s d\u00e8s qu\u2019il s\u2019agit d\u2019abaisser le seuil du scrutin de liste pour \u00e9lections municipales :<\/li><li>\u00ab on ne trouvera pas de femmes \u00bb, r\u00e9ponse judicieuse d\u2019un d\u00e9put\u00e9 : nous avons jusqu\u2019en 2026, date de l\u2019application de la loi, pour les trouver ! Est-ce pertinent de citer les communes de 50 habitants pour dire que la loi sera inapplicable ?<\/li><li>Questionnement sur les comp\u00e9tences des femmes alors que l\u2019on met rarement en doute celles des candidats ;<\/li><li>quid du pluralisme s\u2019il n\u2019y a qu\u2019une liste ; n\u2019est-il pas pr\u00e9f\u00e9rable d\u2019\u00e9lire une \u00e9quipe qui s\u2019est rassembl\u00e9e autour d\u2019un projet communal que de rayer les noms de personnes qui se sont impliqu\u00e9es dans la vie municipale ?<\/li><\/ul><p>Pour faciliter la constitution de listes, la loi pr\u00e9voit qu\u2019elles peuvent \u00eatre incompl\u00e8tes avec un seuil par strate de population, ce qui r\u00e9pond \u00e0 l\u2019argument du risque de manque de candidatures. Dans le m\u00eame esprit, les conseils municipaux des communes entre 500 et 1000h passent \u00e0 13 membres au lieu de 15 et les conseils pourront \u00eatre r\u00e9put\u00e9s complets s\u2019il manque au maximum deux membres.<\/p><ul><li>pas d\u2019\u00e9lection au scrutin de liste paritaire pour les adjoints\u00b7e\u00b7s, au motif qu\u2019il faut rester souple : certains ex\u00e9cutifs resteront donc r\u00e9solument masculins (ex : en Bretagne en 2020, 10% des ex\u00e9cutifs, comprenant maire et adjoints, \u00e9taient masculins dans les communes de moins de 1000h.)<\/li><li>pas de maire et 1<sup>e<\/sup> adjoint\u00b7e de sexe diff\u00e9rent au motif qu\u2019il faut privil\u00e9gier le lien interpersonnel entre maire et 1<sup>er.e<\/sup> adjoint\u00b7e<\/li><\/ul><p>Le S\u00e9nat aura-t-il le temps de d\u00e9batte de cette loi avant la fin de la session parlementaire fin f\u00e9vrier alors qu\u2019une telle loi aurait d\u00fb \u00eatre vot\u00e9e avant fin 2021 ?<\/p><p>La f\u00e9minisation des conseils communautaires : h\u00e9las aucune avanc\u00e9e<\/p><p>Les femmes restent largement minoritaires dans une instance qui a de plus en plus de comp\u00e9tences et dont les d\u00e9cisions impactent fortement la vie des communes concern\u00e9es : aux \u00e9lections de 2020, les femmes \u00e9taient 35,8% \u00e0 \u00eatre conseill\u00e8res et 25,6% \u00e0 \u00eatre vice-pr\u00e9sidentes. \u00a0<\/p><ul><li>pas de changement dans les communes de moins de 1000 habitants pour l\u2019\u00e9lection des conseillers communautaires : on reste sur l\u2019ordre du tableau au lieu d\u2019un scrutin de liste fl\u00e9ch\u00e9 comme pour les autres communes<\/li><li>la proposition d\u2019une r\u00e9partition, par sexe, des vice-pr\u00e9sidences devant s\u2019effectuer en proportion de celle, par sexe, des membres de l\u2019organe d\u00e9lib\u00e9rant (effet miroir) n\u2019a pas \u00e9t\u00e9 retenue ; or le S\u00e9nat l\u2019avait vot\u00e9 en 2019. Le principal argument pour le rejet est que cette r\u00e9partition favoriserait les communes urbaines au d\u00e9triment aux communes rurales. Il est un fait que, pour l\u2019ex\u00e9cutif, trouver un \u00e9quilibre entre parit\u00e9, r\u00e9partition g\u00e9ographique et repr\u00e9sentation urbaine\/rural est complexe. Du coup certains parlementaires se sont mis \u00e0 \u00e9voquer un scrutin de liste direct (donc paritaire) pour les conseils communautaires.<\/li><\/ul><p>Il existe pourtant des ex\u00e9cutifs paritaires, gr\u00e2ce au volontarisme de leurs pr\u00e9sident\u00b7e\u00b7s.<\/p><p>Elles aussi \u00e9tait favorable \u00e0 cette proposition d\u2019effet \u00ab miroir \u00bb comme une premi\u00e8re \u00e9tape.\u00a0<\/p><p>Faut-il attendre qu\u2019il y ait 50% de femmes \u00e9lues maires pour s\u2019approcher d\u2019une parit\u00e9 effective ? Un d\u00e9but de solution pourrait \u00eatre l\u2019acc\u00e9l\u00e9ration de la fusion des petites communes, avec pour cons\u00e9quence directe plus de femmes dans les conseils communautaires, sujet \u00e9trangement pas \u00e9voqu\u00e9. De plus, une r\u00e9flexion sur un scrutin de liste direct permettant un partage \u00e9quitable du pouvoir entre les femmes et les hommes dans les intercommunalit\u00e9s est \u00e0 s\u00e9rieusement envisager.\u00a0\u00a0<\/p><p><strong><span style=\"color: #f15b43;\">Si nous saluons cette avanc\u00e9e pour les petites communes, nous manifestons notre vive incompr\u00e9hension sur l\u2019absence totale de progr\u00e8s pour les intercommunalit\u00e9s. <\/span><\/strong><\/p><p>Armelle Danet, VP Elles aussi<\/p>\t\t\t\t\t\t<\/div>\n\t\t\t\t<\/div>\n\t\t\t\t\t<\/div>\n\t\t\t\t<\/div>\n\t\t\t\t<\/div>\n\t\t","protected":false},"excerpt":{"rendered":"<p>Un scrutin de liste paritaire pour toutes les communes de moins de 1000 habitants :\u00a0 un tardif petit pas franchi en premi\u00e8re lecture par l\u2019Assembl\u00e9e nationale,\u00a0 mais rien pour favoriser la pr\u00e9sence des femmes dans les intercommunalit\u00e9s\u00a0\u00a0 Tout d\u2019abord, nous tenons \u00e0 f\u00e9liciter la d\u00e9put\u00e9e et rapporteure Elodie Jacquier-Laforge pour sa forte implication et sa [&hellip;]<\/p>\n","protected":false},"author":1,"featured_media":1370,"comment_status":"closed","ping_status":"closed","sticky":false,"template":"","format":"standard","meta":{"footnotes":""},"categories":[38],"tags":[],"class_list":["post-1369","post","type-post","status-publish","format-standard","has-post-thumbnail","hentry","category-chronique-de-la-parite"],"yoast_head":"<!-- This site is optimized with the Yoast SEO plugin v22.8 - https:\/\/yoast.com\/wordpress\/plugins\/seo\/ -->\n<title>La Chronique de la Parit\u00e9 - Elles Aussi<\/title>\n<meta name=\"robots\" content=\"index, follow, max-snippet:-1, max-image-preview:large, max-video-preview:-1\" \/>\n<link rel=\"canonical\" href=\"https:\/\/www.ellesaussi.org\/?p=1369\" \/>\n<meta property=\"og:locale\" content=\"fr_FR\" \/>\n<meta property=\"og:type\" content=\"article\" \/>\n<meta property=\"og:title\" content=\"La Chronique de la Parit\u00e9 - Elles Aussi\" \/>\n<meta property=\"og:description\" content=\"Un scrutin de liste paritaire pour toutes les communes de moins de 1000 habitants :\u00a0 un tardif petit pas franchi en premi\u00e8re lecture par l\u2019Assembl\u00e9e nationale,\u00a0 mais rien pour favoriser la pr\u00e9sence des femmes dans les intercommunalit\u00e9s\u00a0\u00a0 Tout d\u2019abord, nous tenons \u00e0 f\u00e9liciter la d\u00e9put\u00e9e et rapporteure Elodie Jacquier-Laforge pour sa forte implication et sa [&hellip;]\" \/>\n<meta property=\"og:url\" content=\"https:\/\/www.ellesaussi.org\/?p=1369\" \/>\n<meta property=\"og:site_name\" content=\"Elles Aussi\" \/>\n<meta property=\"article:publisher\" content=\"https:\/\/www.facebook.com\/ellesaussi\/\" \/>\n<meta property=\"article:published_time\" content=\"2022-02-15T16:53:00+00:00\" \/>\n<meta property=\"article:modified_time\" content=\"2024-10-17T15:57:13+00:00\" \/>\n<meta property=\"og:image\" content=\"https:\/\/www.ellesaussi.org\/wp-content\/uploads\/2024\/10\/La-Chronique-de-la-Parite-fevrier-2022-1.jpg\" \/>\n\t<meta property=\"og:image:width\" content=\"968\" \/>\n\t<meta property=\"og:image:height\" content=\"547\" \/>\n\t<meta property=\"og:image:type\" content=\"image\/jpeg\" \/>\n<meta name=\"author\" content=\"admin\" \/>\n<meta name=\"twitter:card\" content=\"summary_large_image\" \/>\n<meta name=\"twitter:label1\" content=\"\u00c9crit par\" \/>\n\t<meta name=\"twitter:data1\" content=\"admin\" \/>\n\t<meta name=\"twitter:label2\" content=\"Dur\u00e9e de lecture estim\u00e9e\" \/>\n\t<meta name=\"twitter:data2\" content=\"4 minutes\" \/>\n<script type=\"application\/ld+json\" class=\"yoast-schema-graph\">{\"@context\":\"https:\/\/schema.org\",\"@graph\":[{\"@type\":\"Article\",\"@id\":\"https:\/\/www.ellesaussi.org\/?p=1369#article\",\"isPartOf\":{\"@id\":\"https:\/\/www.ellesaussi.org\/?p=1369\"},\"author\":{\"name\":\"admin\",\"@id\":\"https:\/\/www.ellesaussi.org\/#\/schema\/person\/eeca4be50db30b5dbb39f78fc3364160\"},\"headline\":\"La Chronique de la Parit\u00e9\",\"datePublished\":\"2022-02-15T16:53:00+00:00\",\"dateModified\":\"2024-10-17T15:57:13+00:00\",\"mainEntityOfPage\":{\"@id\":\"https:\/\/www.ellesaussi.org\/?p=1369\"},\"wordCount\":797,\"publisher\":{\"@id\":\"https:\/\/www.ellesaussi.org\/#organization\"},\"image\":{\"@id\":\"https:\/\/www.ellesaussi.org\/?p=1369#primaryimage\"},\"thumbnailUrl\":\"https:\/\/www.ellesaussi.org\/wp-content\/uploads\/2024\/10\/La-Chronique-de-la-Parite-fevrier-2022-1.jpg\",\"articleSection\":[\"Chronique de la parit\u00e9\"],\"inLanguage\":\"fr-FR\"},{\"@type\":\"WebPage\",\"@id\":\"https:\/\/www.ellesaussi.org\/?p=1369\",\"url\":\"https:\/\/www.ellesaussi.org\/?p=1369\",\"name\":\"La Chronique de la Parit\u00e9 - Elles Aussi\",\"isPartOf\":{\"@id\":\"https:\/\/www.ellesaussi.org\/#website\"},\"primaryImageOfPage\":{\"@id\":\"https:\/\/www.ellesaussi.org\/?p=1369#primaryimage\"},\"image\":{\"@id\":\"https:\/\/www.ellesaussi.org\/?p=1369#primaryimage\"},\"thumbnailUrl\":\"https:\/\/www.ellesaussi.org\/wp-content\/uploads\/2024\/10\/La-Chronique-de-la-Parite-fevrier-2022-1.jpg\",\"datePublished\":\"2022-02-15T16:53:00+00:00\",\"dateModified\":\"2024-10-17T15:57:13+00:00\",\"breadcrumb\":{\"@id\":\"https:\/\/www.ellesaussi.org\/?p=1369#breadcrumb\"},\"inLanguage\":\"fr-FR\",\"potentialAction\":[{\"@type\":\"ReadAction\",\"target\":[\"https:\/\/www.ellesaussi.org\/?p=1369\"]}]},{\"@type\":\"ImageObject\",\"inLanguage\":\"fr-FR\",\"@id\":\"https:\/\/www.ellesaussi.org\/?p=1369#primaryimage\",\"url\":\"https:\/\/www.ellesaussi.org\/wp-content\/uploads\/2024\/10\/La-Chronique-de-la-Parite-fevrier-2022-1.jpg\",\"contentUrl\":\"https:\/\/www.ellesaussi.org\/wp-content\/uploads\/2024\/10\/La-Chronique-de-la-Parite-fevrier-2022-1.jpg\",\"width\":968,\"height\":547},{\"@type\":\"BreadcrumbList\",\"@id\":\"https:\/\/www.ellesaussi.org\/?p=1369#breadcrumb\",\"itemListElement\":[{\"@type\":\"ListItem\",\"position\":1,\"name\":\"Accueil\",\"item\":\"https:\/\/www.ellesaussi.org\/\"},{\"@type\":\"ListItem\",\"position\":2,\"name\":\"La Chronique de la Parit\u00e9\"}]},{\"@type\":\"WebSite\",\"@id\":\"https:\/\/www.ellesaussi.org\/#website\",\"url\":\"https:\/\/www.ellesaussi.org\/\",\"name\":\"Elles Aussi\",\"description\":\"\",\"publisher\":{\"@id\":\"https:\/\/www.ellesaussi.org\/#organization\"},\"potentialAction\":[{\"@type\":\"SearchAction\",\"target\":{\"@type\":\"EntryPoint\",\"urlTemplate\":\"https:\/\/www.ellesaussi.org\/?s={search_term_string}\"},\"query-input\":\"required name=search_term_string\"}],\"inLanguage\":\"fr-FR\"},{\"@type\":\"Organization\",\"@id\":\"https:\/\/www.ellesaussi.org\/#organization\",\"name\":\"Elles Aussi\",\"url\":\"https:\/\/www.ellesaussi.org\/\",\"logo\":{\"@type\":\"ImageObject\",\"inLanguage\":\"fr-FR\",\"@id\":\"https:\/\/www.ellesaussi.org\/#\/schema\/logo\/image\/\",\"url\":\"https:\/\/www.ellesaussi.org\/wp-content\/uploads\/2024\/05\/Elles-aussi_logotype_rouge.png\",\"contentUrl\":\"https:\/\/www.ellesaussi.org\/wp-content\/uploads\/2024\/05\/Elles-aussi_logotype_rouge.png\",\"width\":3472,\"height\":2480,\"caption\":\"Elles Aussi\"},\"image\":{\"@id\":\"https:\/\/www.ellesaussi.org\/#\/schema\/logo\/image\/\"},\"sameAs\":[\"https:\/\/www.facebook.com\/ellesaussi\/\"]},{\"@type\":\"Person\",\"@id\":\"https:\/\/www.ellesaussi.org\/#\/schema\/person\/eeca4be50db30b5dbb39f78fc3364160\",\"name\":\"admin\",\"image\":{\"@type\":\"ImageObject\",\"inLanguage\":\"fr-FR\",\"@id\":\"https:\/\/www.ellesaussi.org\/#\/schema\/person\/image\/\",\"url\":\"https:\/\/secure.gravatar.com\/avatar\/62da4937aa6d6b509192861c0b966204a1b742b2814f6387fa08fe6c98a8729c?s=96&d=mm&r=g\",\"contentUrl\":\"https:\/\/secure.gravatar.com\/avatar\/62da4937aa6d6b509192861c0b966204a1b742b2814f6387fa08fe6c98a8729c?s=96&d=mm&r=g\",\"caption\":\"admin\"},\"sameAs\":[\"https:\/\/elles129186.webdb78.lwspanel.com\"],\"url\":\"https:\/\/www.ellesaussi.org\/?author=1\"}]}<\/script>\n<!-- \/ Yoast SEO plugin. -->","yoast_head_json":{"title":"La Chronique de la Parit\u00e9 - Elles Aussi","robots":{"index":"index","follow":"follow","max-snippet":"max-snippet:-1","max-image-preview":"max-image-preview:large","max-video-preview":"max-video-preview:-1"},"canonical":"https:\/\/www.ellesaussi.org\/?p=1369","og_locale":"fr_FR","og_type":"article","og_title":"La Chronique de la Parit\u00e9 - Elles Aussi","og_description":"Un scrutin de liste paritaire pour toutes les communes de moins de 1000 habitants :\u00a0 un tardif petit pas franchi en premi\u00e8re lecture par l\u2019Assembl\u00e9e nationale,\u00a0 mais rien pour favoriser la pr\u00e9sence des femmes dans les intercommunalit\u00e9s\u00a0\u00a0 Tout d\u2019abord, nous tenons \u00e0 f\u00e9liciter la d\u00e9put\u00e9e et rapporteure Elodie Jacquier-Laforge pour sa forte implication et sa [&hellip;]","og_url":"https:\/\/www.ellesaussi.org\/?p=1369","og_site_name":"Elles Aussi","article_publisher":"https:\/\/www.facebook.com\/ellesaussi\/","article_published_time":"2022-02-15T16:53:00+00:00","article_modified_time":"2024-10-17T15:57:13+00:00","og_image":[{"width":968,"height":547,"url":"https:\/\/www.ellesaussi.org\/wp-content\/uploads\/2024\/10\/La-Chronique-de-la-Parite-fevrier-2022-1.jpg","type":"image\/jpeg"}],"author":"admin","twitter_card":"summary_large_image","twitter_misc":{"\u00c9crit par":"admin","Dur\u00e9e de lecture estim\u00e9e":"4 minutes"},"schema":{"@context":"https:\/\/schema.org","@graph":[{"@type":"Article","@id":"https:\/\/www.ellesaussi.org\/?p=1369#article","isPartOf":{"@id":"https:\/\/www.ellesaussi.org\/?p=1369"},"author":{"name":"admin","@id":"https:\/\/www.ellesaussi.org\/#\/schema\/person\/eeca4be50db30b5dbb39f78fc3364160"},"headline":"La Chronique de la Parit\u00e9","datePublished":"2022-02-15T16:53:00+00:00","dateModified":"2024-10-17T15:57:13+00:00","mainEntityOfPage":{"@id":"https:\/\/www.ellesaussi.org\/?p=1369"},"wordCount":797,"publisher":{"@id":"https:\/\/www.ellesaussi.org\/#organization"},"image":{"@id":"https:\/\/www.ellesaussi.org\/?p=1369#primaryimage"},"thumbnailUrl":"https:\/\/www.ellesaussi.org\/wp-content\/uploads\/2024\/10\/La-Chronique-de-la-Parite-fevrier-2022-1.jpg","articleSection":["Chronique de la parit\u00e9"],"inLanguage":"fr-FR"},{"@type":"WebPage","@id":"https:\/\/www.ellesaussi.org\/?p=1369","url":"https:\/\/www.ellesaussi.org\/?p=1369","name":"La Chronique de la Parit\u00e9 - Elles Aussi","isPartOf":{"@id":"https:\/\/www.ellesaussi.org\/#website"},"primaryImageOfPage":{"@id":"https:\/\/www.ellesaussi.org\/?p=1369#primaryimage"},"image":{"@id":"https:\/\/www.ellesaussi.org\/?p=1369#primaryimage"},"thumbnailUrl":"https:\/\/www.ellesaussi.org\/wp-content\/uploads\/2024\/10\/La-Chronique-de-la-Parite-fevrier-2022-1.jpg","datePublished":"2022-02-15T16:53:00+00:00","dateModified":"2024-10-17T15:57:13+00:00","breadcrumb":{"@id":"https:\/\/www.ellesaussi.org\/?p=1369#breadcrumb"},"inLanguage":"fr-FR","potentialAction":[{"@type":"ReadAction","target":["https:\/\/www.ellesaussi.org\/?p=1369"]}]},{"@type":"ImageObject","inLanguage":"fr-FR","@id":"https:\/\/www.ellesaussi.org\/?p=1369#primaryimage","url":"https:\/\/www.ellesaussi.org\/wp-content\/uploads\/2024\/10\/La-Chronique-de-la-Parite-fevrier-2022-1.jpg","contentUrl":"https:\/\/www.ellesaussi.org\/wp-content\/uploads\/2024\/10\/La-Chronique-de-la-Parite-fevrier-2022-1.jpg","width":968,"height":547},{"@type":"BreadcrumbList","@id":"https:\/\/www.ellesaussi.org\/?p=1369#breadcrumb","itemListElement":[{"@type":"ListItem","position":1,"name":"Accueil","item":"https:\/\/www.ellesaussi.org\/"},{"@type":"ListItem","position":2,"name":"La Chronique de la Parit\u00e9"}]},{"@type":"WebSite","@id":"https:\/\/www.ellesaussi.org\/#website","url":"https:\/\/www.ellesaussi.org\/","name":"Elles Aussi","description":"","publisher":{"@id":"https:\/\/www.ellesaussi.org\/#organization"},"potentialAction":[{"@type":"SearchAction","target":{"@type":"EntryPoint","urlTemplate":"https:\/\/www.ellesaussi.org\/?s={search_term_string}"},"query-input":"required name=search_term_string"}],"inLanguage":"fr-FR"},{"@type":"Organization","@id":"https:\/\/www.ellesaussi.org\/#organization","name":"Elles Aussi","url":"https:\/\/www.ellesaussi.org\/","logo":{"@type":"ImageObject","inLanguage":"fr-FR","@id":"https:\/\/www.ellesaussi.org\/#\/schema\/logo\/image\/","url":"https:\/\/www.ellesaussi.org\/wp-content\/uploads\/2024\/05\/Elles-aussi_logotype_rouge.png","contentUrl":"https:\/\/www.ellesaussi.org\/wp-content\/uploads\/2024\/05\/Elles-aussi_logotype_rouge.png","width":3472,"height":2480,"caption":"Elles Aussi"},"image":{"@id":"https:\/\/www.ellesaussi.org\/#\/schema\/logo\/image\/"},"sameAs":["https:\/\/www.facebook.com\/ellesaussi\/"]},{"@type":"Person","@id":"https:\/\/www.ellesaussi.org\/#\/schema\/person\/eeca4be50db30b5dbb39f78fc3364160","name":"admin","image":{"@type":"ImageObject","inLanguage":"fr-FR","@id":"https:\/\/www.ellesaussi.org\/#\/schema\/person\/image\/","url":"https:\/\/secure.gravatar.com\/avatar\/62da4937aa6d6b509192861c0b966204a1b742b2814f6387fa08fe6c98a8729c?s=96&d=mm&r=g","contentUrl":"https:\/\/secure.gravatar.com\/avatar\/62da4937aa6d6b509192861c0b966204a1b742b2814f6387fa08fe6c98a8729c?s=96&d=mm&r=g","caption":"admin"},"sameAs":["https:\/\/elles129186.webdb78.lwspanel.com"],"url":"https:\/\/www.ellesaussi.org\/?author=1"}]}},"_links":{"self":[{"href":"https:\/\/www.ellesaussi.org\/index.php?rest_route=\/wp\/v2\/posts\/1369","targetHints":{"allow":["GET"]}}],"collection":[{"href":"https:\/\/www.ellesaussi.org\/index.php?rest_route=\/wp\/v2\/posts"}],"about":[{"href":"https:\/\/www.ellesaussi.org\/index.php?rest_route=\/wp\/v2\/types\/post"}],"author":[{"embeddable":true,"href":"https:\/\/www.ellesaussi.org\/index.php?rest_route=\/wp\/v2\/users\/1"}],"replies":[{"embeddable":true,"href":"https:\/\/www.ellesaussi.org\/index.php?rest_route=%2Fwp%2Fv2%2Fcomments&post=1369"}],"version-history":[{"count":4,"href":"https:\/\/www.ellesaussi.org\/index.php?rest_route=\/wp\/v2\/posts\/1369\/revisions"}],"predecessor-version":[{"id":1374,"href":"https:\/\/www.ellesaussi.org\/index.php?rest_route=\/wp\/v2\/posts\/1369\/revisions\/1374"}],"wp:featuredmedia":[{"embeddable":true,"href":"https:\/\/www.ellesaussi.org\/index.php?rest_route=\/wp\/v2\/media\/1370"}],"wp:attachment":[{"href":"https:\/\/www.ellesaussi.org\/index.php?rest_route=%2Fwp%2Fv2%2Fmedia&parent=1369"}],"wp:term":[{"taxonomy":"category","embeddable":true,"href":"https:\/\/www.ellesaussi.org\/index.php?rest_route=%2Fwp%2Fv2%2Fcategories&post=1369"},{"taxonomy":"post_tag","embeddable":true,"href":"https:\/\/www.ellesaussi.org\/index.php?rest_route=%2Fwp%2Fv2%2Ftags&post=1369"}],"curies":[{"name":"wp","href":"https:\/\/api.w.org\/{rel}","templated":true}]}}