{"id":1362,"date":"2022-04-15T17:51:00","date_gmt":"2022-04-15T15:51:00","guid":{"rendered":"https:\/\/elles129186.webdb78.lwspanel.com\/?p=1362"},"modified":"2025-02-17T15:39:41","modified_gmt":"2025-02-17T14:39:41","slug":"les-etapes-dans-la-citoyennete-des-femmes-en-france-depuis-1944","status":"publish","type":"post","link":"https:\/\/www.ellesaussi.org\/?p=1362","title":{"rendered":"Les \u00e9tapes dans la citoyennet\u00e9 des femmes en France depuis 1944"},"content":{"rendered":"\t\t<div data-elementor-type=\"wp-post\" data-elementor-id=\"1362\" class=\"elementor elementor-1362\" data-elementor-post-type=\"post\">\n\t\t\t\t<div class=\"elementor-element elementor-element-c7b9dd1 e-flex e-con-boxed e-con e-parent\" data-id=\"c7b9dd1\" data-element_type=\"container\">\n\t\t\t\t\t<div class=\"e-con-inner\">\n\t\t\t\t<div class=\"elementor-element elementor-element-b84137e elementor-widget elementor-widget-text-editor\" data-id=\"b84137e\" data-element_type=\"widget\" data-widget_type=\"text-editor.default\">\n\t\t\t\t<div class=\"elementor-widget-container\">\n\t\t\t\t\t\t\t<p>15 avril 2022\u00a0:\u00a0Pour son stage avec\u00a0<em>Elles aussi,\u00a0<\/em>Judith Bloch, \u00e9l\u00e8ve de seconde \u00e0 l\u2019\u00e9cole alsacienne, a choisi d\u2019\u00e9tudier les \u00e9tapes dans la citoyennet\u00e9 des femmes en France depuis 1944. L\u2019\u00e9quipe enseignante vient de lui d\u00e9cerner la mention \u00ab\u00a0excellent rapport de stage\u00a0\u00bb. Toutes nos f\u00e9licitations et encouragements pour Judith.<\/p><p>Elles aussi fut sollicit\u00e9e par une \u00e9l\u00e8ve de l\u2019Ecole Alsacienne de Paris pour un stage de fin de seconde.<\/p><p>Judith Bloch, durant son stage encadr\u00e9 par Dani\u00e8le Bouchoule, co-pr\u00e9sidente, entre le 14 juin et le 2 juillet 2021 a choisi d\u2019\u00e9tudier les \u00e9tapes dans la citoyennet\u00e9 des femmes en France depuis 1944.<\/p><p>Dans son rapport de stage, elle relate sa d\u00e9couverte des r\u00e9ticences, blocages et st\u00e9r\u00e9otypes de la soci\u00e9t\u00e9 fran\u00e7aise dans la deuxi\u00e8me moiti\u00e9 du 20eme si\u00e8cle vis-\u00e0-vis de l\u2019entr\u00e9e des femmes dans le monde politique, du dynamisme et de l\u2019originalit\u00e9 du mouvement paritaire des ann\u00e9es 90, de la modification de la Constitution et des diverses lois successives, des progr\u00e8s ind\u00e9niables enregistr\u00e9s ces deux derni\u00e8res d\u00e9cennies et aussi du chemin qui reste \u00e0 parcourir pour une d\u00e9mocratie paritaire et f\u00e9ministe et une culture de l\u2019\u00e9galit\u00e9.<\/p><p>Son rapport de stage est consid\u00e9r\u00e9 comme un travail personnel dans son ann\u00e9e de premi\u00e8re \u00e0 l\u2019Ecole Alsacienne. A ce titre il a \u00e9t\u00e9 examin\u00e9 et \u00e9valu\u00e9 par l\u2019\u00e9quipe enseignante. Il vient de recevoir la mention \u00ab excellent rapport de stage \u00bb (la plus positive des appr\u00e9ciations envisag\u00e9es).\u00a0<\/p><p>Nos f\u00e9licitations, nos encouragements et nos v\u0153ux de r\u00e9ussite pour Judith Bloch, future citoyenne.\u00a0\u00a0 Dani\u00e8le Bouchoule, co-pr\u00e9sidente d\u2019Elles aussi<\/p>\t\t\t\t\t\t<\/div>\n\t\t\t\t<\/div>\n\t\t\t\t<div class=\"elementor-element elementor-element-bad5917 elementor-widget elementor-widget-button\" data-id=\"bad5917\" data-element_type=\"widget\" data-widget_type=\"button.default\">\n\t\t\t\t<div class=\"elementor-widget-container\">\n\t\t\t\t\t<div class=\"elementor-button-wrapper\">\n\t\t\t<a class=\"elementor-button elementor-button-link elementor-size-sm\" href=\"https:\/\/www.ellesaussi.org\/wp-content\/uploads\/2024\/10\/rapport-stage-Judith.pdf\" target=\"_blank\">\n\t\t\t\t\t\t<span class=\"elementor-button-content-wrapper\">\n\t\t\t\t\t\t<span class=\"elementor-button-icon\">\n\t\t\t\t<svg aria-hidden=\"true\" class=\"e-font-icon-svg e-far-file-pdf\" viewBox=\"0 0 384 512\" xmlns=\"http:\/\/www.w3.org\/2000\/svg\"><path d=\"M369.9 97.9L286 14C277 5 264.8-.1 252.1-.1H48C21.5 0 0 21.5 0 48v416c0 26.5 21.5 48 48 48h288c26.5 0 48-21.5 48-48V131.9c0-12.7-5.1-25-14.1-34zM332.1 128H256V51.9l76.1 76.1zM48 464V48h160v104c0 13.3 10.7 24 24 24h104v288H48zm250.2-143.7c-12.2-12-47-8.7-64.4-6.5-17.2-10.5-28.7-25-36.8-46.3 3.9-16.1 10.1-40.6 5.4-56-4.2-26.2-37.8-23.6-42.6-5.9-4.4 16.1-.4 38.5 7 67.1-10 23.9-24.9 56-35.4 74.4-20 10.3-47 26.2-51 46.2-3.3 15.8 26 55.2 76.1-31.2 22.4-7.4 46.8-16.5 68.4-20.1 18.9 10.2 41 17 55.8 17 25.5 0 28-28.2 17.5-38.7zm-198.1 77.8c5.1-13.7 24.5-29.5 30.4-35-19 30.3-30.4 35.7-30.4 35zm81.6-190.6c7.4 0 6.7 32.1 1.8 40.8-4.4-13.9-4.3-40.8-1.8-40.8zm-24.4 136.6c9.7-16.9 18-37 24.7-54.7 8.3 15.1 18.9 27.2 30.1 35.5-20.8 4.3-38.9 13.1-54.8 19.2zm131.6-5s-5 6-37.3-7.8c35.1-2.6 40.9 5.4 37.3 7.8z\"><\/path><\/svg>\t\t\t<\/span>\n\t\t\t\t\t\t\t\t\t<span class=\"elementor-button-text\">Lire le rapport de stage<\/span>\n\t\t\t\t\t<\/span>\n\t\t\t\t\t<\/a>\n\t\t<\/div>\n\t\t\t\t<\/div>\n\t\t\t\t<\/div>\n\t\t\t\t\t<\/div>\n\t\t\t\t<\/div>\n\t\t\t\t<\/div>\n\t\t","protected":false},"excerpt":{"rendered":"<p>15 avril 2022\u00a0:\u00a0Pour son stage avec\u00a0Elles aussi,\u00a0Judith Bloch, \u00e9l\u00e8ve de seconde \u00e0 l\u2019\u00e9cole alsacienne, a choisi d\u2019\u00e9tudier les \u00e9tapes dans la citoyennet\u00e9 des femmes en France depuis 1944. L\u2019\u00e9quipe enseignante vient de lui d\u00e9cerner la mention \u00ab\u00a0excellent rapport de stage\u00a0\u00bb. Toutes nos f\u00e9licitations et encouragements pour Judith. Elles aussi fut sollicit\u00e9e par une \u00e9l\u00e8ve de [&hellip;]<\/p>\n","protected":false},"author":1,"featured_media":1363,"comment_status":"closed","ping_status":"closed","sticky":false,"template":"","format":"standard","meta":{"footnotes":""},"categories":[38],"tags":[],"class_list":["post-1362","post","type-post","status-publish","format-standard","has-post-thumbnail","hentry","category-chronique-de-la-parite"],"yoast_head":"<!-- This site is optimized with the Yoast SEO plugin v22.8 - https:\/\/yoast.com\/wordpress\/plugins\/seo\/ -->\n<title>Les \u00e9tapes dans la citoyennet\u00e9 des femmes en France depuis 1944 - Elles Aussi<\/title>\n<meta name=\"robots\" content=\"index, follow, max-snippet:-1, max-image-preview:large, max-video-preview:-1\" \/>\n<link rel=\"canonical\" href=\"https:\/\/www.ellesaussi.org\/?p=1362\" \/>\n<meta property=\"og:locale\" content=\"fr_FR\" \/>\n<meta property=\"og:type\" content=\"article\" \/>\n<meta property=\"og:title\" content=\"Les \u00e9tapes dans la citoyennet\u00e9 des femmes en France depuis 1944 - Elles Aussi\" \/>\n<meta property=\"og:description\" content=\"15 avril 2022\u00a0:\u00a0Pour son stage avec\u00a0Elles aussi,\u00a0Judith Bloch, \u00e9l\u00e8ve de seconde \u00e0 l\u2019\u00e9cole alsacienne, a choisi d\u2019\u00e9tudier les \u00e9tapes dans la citoyennet\u00e9 des femmes en France depuis 1944. L\u2019\u00e9quipe enseignante vient de lui d\u00e9cerner la mention \u00ab\u00a0excellent rapport de stage\u00a0\u00bb. Toutes nos f\u00e9licitations et encouragements pour Judith. Elles aussi fut sollicit\u00e9e par une \u00e9l\u00e8ve de [&hellip;]\" \/>\n<meta property=\"og:url\" content=\"https:\/\/www.ellesaussi.org\/?p=1362\" \/>\n<meta property=\"og:site_name\" content=\"Elles Aussi\" \/>\n<meta property=\"article:publisher\" content=\"https:\/\/www.facebook.com\/ellesaussi\/\" \/>\n<meta property=\"article:published_time\" content=\"2022-04-15T15:51:00+00:00\" \/>\n<meta property=\"article:modified_time\" content=\"2025-02-17T14:39:41+00:00\" \/>\n<meta property=\"og:image\" content=\"https:\/\/www.ellesaussi.org\/wp-content\/uploads\/2024\/10\/judith2022.png\" \/>\n\t<meta property=\"og:image:width\" content=\"209\" \/>\n\t<meta property=\"og:image:height\" content=\"251\" \/>\n\t<meta property=\"og:image:type\" content=\"image\/png\" \/>\n<meta name=\"author\" content=\"admin\" \/>\n<meta name=\"twitter:card\" content=\"summary_large_image\" \/>\n<meta name=\"twitter:label1\" content=\"\u00c9crit par\" \/>\n\t<meta name=\"twitter:data1\" content=\"admin\" \/>\n\t<meta name=\"twitter:label2\" content=\"Dur\u00e9e de lecture estim\u00e9e\" \/>\n\t<meta name=\"twitter:data2\" content=\"2 minutes\" \/>\n<script type=\"application\/ld+json\" class=\"yoast-schema-graph\">{\"@context\":\"https:\/\/schema.org\",\"@graph\":[{\"@type\":\"Article\",\"@id\":\"https:\/\/www.ellesaussi.org\/?p=1362#article\",\"isPartOf\":{\"@id\":\"https:\/\/www.ellesaussi.org\/?p=1362\"},\"author\":{\"name\":\"admin\",\"@id\":\"https:\/\/www.ellesaussi.org\/#\/schema\/person\/eeca4be50db30b5dbb39f78fc3364160\"},\"headline\":\"Les \u00e9tapes dans la citoyennet\u00e9 des femmes en France depuis 1944\",\"datePublished\":\"2022-04-15T15:51:00+00:00\",\"dateModified\":\"2025-02-17T14:39:41+00:00\",\"mainEntityOfPage\":{\"@id\":\"https:\/\/www.ellesaussi.org\/?p=1362\"},\"wordCount\":300,\"publisher\":{\"@id\":\"https:\/\/www.ellesaussi.org\/#organization\"},\"image\":{\"@id\":\"https:\/\/www.ellesaussi.org\/?p=1362#primaryimage\"},\"thumbnailUrl\":\"https:\/\/www.ellesaussi.org\/wp-content\/uploads\/2024\/10\/judith2022.png\",\"articleSection\":[\"Chronique de la parit\u00e9\"],\"inLanguage\":\"fr-FR\"},{\"@type\":\"WebPage\",\"@id\":\"https:\/\/www.ellesaussi.org\/?p=1362\",\"url\":\"https:\/\/www.ellesaussi.org\/?p=1362\",\"name\":\"Les \u00e9tapes dans la citoyennet\u00e9 des femmes en France depuis 1944 - Elles Aussi\",\"isPartOf\":{\"@id\":\"https:\/\/www.ellesaussi.org\/#website\"},\"primaryImageOfPage\":{\"@id\":\"https:\/\/www.ellesaussi.org\/?p=1362#primaryimage\"},\"image\":{\"@id\":\"https:\/\/www.ellesaussi.org\/?p=1362#primaryimage\"},\"thumbnailUrl\":\"https:\/\/www.ellesaussi.org\/wp-content\/uploads\/2024\/10\/judith2022.png\",\"datePublished\":\"2022-04-15T15:51:00+00:00\",\"dateModified\":\"2025-02-17T14:39:41+00:00\",\"breadcrumb\":{\"@id\":\"https:\/\/www.ellesaussi.org\/?p=1362#breadcrumb\"},\"inLanguage\":\"fr-FR\",\"potentialAction\":[{\"@type\":\"ReadAction\",\"target\":[\"https:\/\/www.ellesaussi.org\/?p=1362\"]}]},{\"@type\":\"ImageObject\",\"inLanguage\":\"fr-FR\",\"@id\":\"https:\/\/www.ellesaussi.org\/?p=1362#primaryimage\",\"url\":\"https:\/\/www.ellesaussi.org\/wp-content\/uploads\/2024\/10\/judith2022.png\",\"contentUrl\":\"https:\/\/www.ellesaussi.org\/wp-content\/uploads\/2024\/10\/judith2022.png\",\"width\":209,\"height\":251},{\"@type\":\"BreadcrumbList\",\"@id\":\"https:\/\/www.ellesaussi.org\/?p=1362#breadcrumb\",\"itemListElement\":[{\"@type\":\"ListItem\",\"position\":1,\"name\":\"Accueil\",\"item\":\"https:\/\/www.ellesaussi.org\/\"},{\"@type\":\"ListItem\",\"position\":2,\"name\":\"Les \u00e9tapes dans la citoyennet\u00e9 des femmes en France depuis 1944\"}]},{\"@type\":\"WebSite\",\"@id\":\"https:\/\/www.ellesaussi.org\/#website\",\"url\":\"https:\/\/www.ellesaussi.org\/\",\"name\":\"Elles Aussi\",\"description\":\"\",\"publisher\":{\"@id\":\"https:\/\/www.ellesaussi.org\/#organization\"},\"potentialAction\":[{\"@type\":\"SearchAction\",\"target\":{\"@type\":\"EntryPoint\",\"urlTemplate\":\"https:\/\/www.ellesaussi.org\/?s={search_term_string}\"},\"query-input\":\"required name=search_term_string\"}],\"inLanguage\":\"fr-FR\"},{\"@type\":\"Organization\",\"@id\":\"https:\/\/www.ellesaussi.org\/#organization\",\"name\":\"Elles Aussi\",\"url\":\"https:\/\/www.ellesaussi.org\/\",\"logo\":{\"@type\":\"ImageObject\",\"inLanguage\":\"fr-FR\",\"@id\":\"https:\/\/www.ellesaussi.org\/#\/schema\/logo\/image\/\",\"url\":\"https:\/\/www.ellesaussi.org\/wp-content\/uploads\/2024\/05\/Elles-aussi_logotype_rouge.png\",\"contentUrl\":\"https:\/\/www.ellesaussi.org\/wp-content\/uploads\/2024\/05\/Elles-aussi_logotype_rouge.png\",\"width\":3472,\"height\":2480,\"caption\":\"Elles Aussi\"},\"image\":{\"@id\":\"https:\/\/www.ellesaussi.org\/#\/schema\/logo\/image\/\"},\"sameAs\":[\"https:\/\/www.facebook.com\/ellesaussi\/\"]},{\"@type\":\"Person\",\"@id\":\"https:\/\/www.ellesaussi.org\/#\/schema\/person\/eeca4be50db30b5dbb39f78fc3364160\",\"name\":\"admin\",\"image\":{\"@type\":\"ImageObject\",\"inLanguage\":\"fr-FR\",\"@id\":\"https:\/\/www.ellesaussi.org\/#\/schema\/person\/image\/\",\"url\":\"https:\/\/secure.gravatar.com\/avatar\/62da4937aa6d6b509192861c0b966204a1b742b2814f6387fa08fe6c98a8729c?s=96&d=mm&r=g\",\"contentUrl\":\"https:\/\/secure.gravatar.com\/avatar\/62da4937aa6d6b509192861c0b966204a1b742b2814f6387fa08fe6c98a8729c?s=96&d=mm&r=g\",\"caption\":\"admin\"},\"sameAs\":[\"https:\/\/elles129186.webdb78.lwspanel.com\"],\"url\":\"https:\/\/www.ellesaussi.org\/?author=1\"}]}<\/script>\n<!-- \/ Yoast SEO plugin. -->","yoast_head_json":{"title":"Les \u00e9tapes dans la citoyennet\u00e9 des femmes en France depuis 1944 - Elles Aussi","robots":{"index":"index","follow":"follow","max-snippet":"max-snippet:-1","max-image-preview":"max-image-preview:large","max-video-preview":"max-video-preview:-1"},"canonical":"https:\/\/www.ellesaussi.org\/?p=1362","og_locale":"fr_FR","og_type":"article","og_title":"Les \u00e9tapes dans la citoyennet\u00e9 des femmes en France depuis 1944 - Elles Aussi","og_description":"15 avril 2022\u00a0:\u00a0Pour son stage avec\u00a0Elles aussi,\u00a0Judith Bloch, \u00e9l\u00e8ve de seconde \u00e0 l\u2019\u00e9cole alsacienne, a choisi d\u2019\u00e9tudier les \u00e9tapes dans la citoyennet\u00e9 des femmes en France depuis 1944. L\u2019\u00e9quipe enseignante vient de lui d\u00e9cerner la mention \u00ab\u00a0excellent rapport de stage\u00a0\u00bb. Toutes nos f\u00e9licitations et encouragements pour Judith. Elles aussi fut sollicit\u00e9e par une \u00e9l\u00e8ve de [&hellip;]","og_url":"https:\/\/www.ellesaussi.org\/?p=1362","og_site_name":"Elles Aussi","article_publisher":"https:\/\/www.facebook.com\/ellesaussi\/","article_published_time":"2022-04-15T15:51:00+00:00","article_modified_time":"2025-02-17T14:39:41+00:00","og_image":[{"width":209,"height":251,"url":"https:\/\/www.ellesaussi.org\/wp-content\/uploads\/2024\/10\/judith2022.png","type":"image\/png"}],"author":"admin","twitter_card":"summary_large_image","twitter_misc":{"\u00c9crit par":"admin","Dur\u00e9e de lecture estim\u00e9e":"2 minutes"},"schema":{"@context":"https:\/\/schema.org","@graph":[{"@type":"Article","@id":"https:\/\/www.ellesaussi.org\/?p=1362#article","isPartOf":{"@id":"https:\/\/www.ellesaussi.org\/?p=1362"},"author":{"name":"admin","@id":"https:\/\/www.ellesaussi.org\/#\/schema\/person\/eeca4be50db30b5dbb39f78fc3364160"},"headline":"Les \u00e9tapes dans la citoyennet\u00e9 des femmes en France depuis 1944","datePublished":"2022-04-15T15:51:00+00:00","dateModified":"2025-02-17T14:39:41+00:00","mainEntityOfPage":{"@id":"https:\/\/www.ellesaussi.org\/?p=1362"},"wordCount":300,"publisher":{"@id":"https:\/\/www.ellesaussi.org\/#organization"},"image":{"@id":"https:\/\/www.ellesaussi.org\/?p=1362#primaryimage"},"thumbnailUrl":"https:\/\/www.ellesaussi.org\/wp-content\/uploads\/2024\/10\/judith2022.png","articleSection":["Chronique de la parit\u00e9"],"inLanguage":"fr-FR"},{"@type":"WebPage","@id":"https:\/\/www.ellesaussi.org\/?p=1362","url":"https:\/\/www.ellesaussi.org\/?p=1362","name":"Les \u00e9tapes dans la citoyennet\u00e9 des femmes en France depuis 1944 - Elles Aussi","isPartOf":{"@id":"https:\/\/www.ellesaussi.org\/#website"},"primaryImageOfPage":{"@id":"https:\/\/www.ellesaussi.org\/?p=1362#primaryimage"},"image":{"@id":"https:\/\/www.ellesaussi.org\/?p=1362#primaryimage"},"thumbnailUrl":"https:\/\/www.ellesaussi.org\/wp-content\/uploads\/2024\/10\/judith2022.png","datePublished":"2022-04-15T15:51:00+00:00","dateModified":"2025-02-17T14:39:41+00:00","breadcrumb":{"@id":"https:\/\/www.ellesaussi.org\/?p=1362#breadcrumb"},"inLanguage":"fr-FR","potentialAction":[{"@type":"ReadAction","target":["https:\/\/www.ellesaussi.org\/?p=1362"]}]},{"@type":"ImageObject","inLanguage":"fr-FR","@id":"https:\/\/www.ellesaussi.org\/?p=1362#primaryimage","url":"https:\/\/www.ellesaussi.org\/wp-content\/uploads\/2024\/10\/judith2022.png","contentUrl":"https:\/\/www.ellesaussi.org\/wp-content\/uploads\/2024\/10\/judith2022.png","width":209,"height":251},{"@type":"BreadcrumbList","@id":"https:\/\/www.ellesaussi.org\/?p=1362#breadcrumb","itemListElement":[{"@type":"ListItem","position":1,"name":"Accueil","item":"https:\/\/www.ellesaussi.org\/"},{"@type":"ListItem","position":2,"name":"Les \u00e9tapes dans la citoyennet\u00e9 des femmes en France depuis 1944"}]},{"@type":"WebSite","@id":"https:\/\/www.ellesaussi.org\/#website","url":"https:\/\/www.ellesaussi.org\/","name":"Elles Aussi","description":"","publisher":{"@id":"https:\/\/www.ellesaussi.org\/#organization"},"potentialAction":[{"@type":"SearchAction","target":{"@type":"EntryPoint","urlTemplate":"https:\/\/www.ellesaussi.org\/?s={search_term_string}"},"query-input":"required name=search_term_string"}],"inLanguage":"fr-FR"},{"@type":"Organization","@id":"https:\/\/www.ellesaussi.org\/#organization","name":"Elles Aussi","url":"https:\/\/www.ellesaussi.org\/","logo":{"@type":"ImageObject","inLanguage":"fr-FR","@id":"https:\/\/www.ellesaussi.org\/#\/schema\/logo\/image\/","url":"https:\/\/www.ellesaussi.org\/wp-content\/uploads\/2024\/05\/Elles-aussi_logotype_rouge.png","contentUrl":"https:\/\/www.ellesaussi.org\/wp-content\/uploads\/2024\/05\/Elles-aussi_logotype_rouge.png","width":3472,"height":2480,"caption":"Elles Aussi"},"image":{"@id":"https:\/\/www.ellesaussi.org\/#\/schema\/logo\/image\/"},"sameAs":["https:\/\/www.facebook.com\/ellesaussi\/"]},{"@type":"Person","@id":"https:\/\/www.ellesaussi.org\/#\/schema\/person\/eeca4be50db30b5dbb39f78fc3364160","name":"admin","image":{"@type":"ImageObject","inLanguage":"fr-FR","@id":"https:\/\/www.ellesaussi.org\/#\/schema\/person\/image\/","url":"https:\/\/secure.gravatar.com\/avatar\/62da4937aa6d6b509192861c0b966204a1b742b2814f6387fa08fe6c98a8729c?s=96&d=mm&r=g","contentUrl":"https:\/\/secure.gravatar.com\/avatar\/62da4937aa6d6b509192861c0b966204a1b742b2814f6387fa08fe6c98a8729c?s=96&d=mm&r=g","caption":"admin"},"sameAs":["https:\/\/elles129186.webdb78.lwspanel.com"],"url":"https:\/\/www.ellesaussi.org\/?author=1"}]}},"_links":{"self":[{"href":"https:\/\/www.ellesaussi.org\/index.php?rest_route=\/wp\/v2\/posts\/1362","targetHints":{"allow":["GET"]}}],"collection":[{"href":"https:\/\/www.ellesaussi.org\/index.php?rest_route=\/wp\/v2\/posts"}],"about":[{"href":"https:\/\/www.ellesaussi.org\/index.php?rest_route=\/wp\/v2\/types\/post"}],"author":[{"embeddable":true,"href":"https:\/\/www.ellesaussi.org\/index.php?rest_route=\/wp\/v2\/users\/1"}],"replies":[{"embeddable":true,"href":"https:\/\/www.ellesaussi.org\/index.php?rest_route=%2Fwp%2Fv2%2Fcomments&post=1362"}],"version-history":[{"count":7,"href":"https:\/\/www.ellesaussi.org\/index.php?rest_route=\/wp\/v2\/posts\/1362\/revisions"}],"predecessor-version":[{"id":3254,"href":"https:\/\/www.ellesaussi.org\/index.php?rest_route=\/wp\/v2\/posts\/1362\/revisions\/3254"}],"wp:featuredmedia":[{"embeddable":true,"href":"https:\/\/www.ellesaussi.org\/index.php?rest_route=\/wp\/v2\/media\/1363"}],"wp:attachment":[{"href":"https:\/\/www.ellesaussi.org\/index.php?rest_route=%2Fwp%2Fv2%2Fmedia&parent=1362"}],"wp:term":[{"taxonomy":"category","embeddable":true,"href":"https:\/\/www.ellesaussi.org\/index.php?rest_route=%2Fwp%2Fv2%2Fcategories&post=1362"},{"taxonomy":"post_tag","embeddable":true,"href":"https:\/\/www.ellesaussi.org\/index.php?rest_route=%2Fwp%2Fv2%2Ftags&post=1362"}],"curies":[{"name":"wp","href":"https:\/\/api.w.org\/{rel}","templated":true}]}}